{"id":80641,"date":"2025-07-25T14:40:32","date_gmt":"2025-07-25T12:40:32","guid":{"rendered":"https:\/\/vosgesinfo.fr\/saintdieinfo\/?p=80641"},"modified":"2025-07-25T14:10:17","modified_gmt":"2025-07-25T12:10:17","slug":"lhistoire-de-la-societe-philomatique-vosgienne-retracee-dans-une-conference","status":"publish","type":"post","link":"https:\/\/vosgesinfo.fr\/saintdieinfo\/2025\/07\/lhistoire-de-la-societe-philomatique-vosgienne-retracee-dans-une-conference\/","title":{"rendered":"L&rsquo;histoire de la Soci\u00e9t\u00e9 Philomatique Vosgienne retrac\u00e9e dans une conf\u00e9rence"},"content":{"rendered":"<div id=\"attachment_80642\" style=\"width: 1034px\" class=\"wp-caption alignnone\"><a href=\"https:\/\/vosgesinfo.fr\/app\/uploads\/sites\/4\/2025\/07\/societe-philomatique-vosgienne.jpg\"><img decoding=\"async\" aria-describedby=\"caption-attachment-80642\" class=\"size-large wp-image-80642\" src=\"https:\/\/vosgesinfo.fr\/app\/uploads\/sites\/4\/2025\/07\/societe-philomatique-vosgienne-1024x806.jpg\" alt=\"\" width=\"1024\" height=\"806\" srcset=\"https:\/\/vosgesinfo.fr\/app\/uploads\/sites\/4\/2025\/07\/societe-philomatique-vosgienne-1024x806.jpg 1024w, https:\/\/vosgesinfo.fr\/app\/uploads\/sites\/4\/2025\/07\/societe-philomatique-vosgienne-300x236.jpg 300w, https:\/\/vosgesinfo.fr\/app\/uploads\/sites\/4\/2025\/07\/societe-philomatique-vosgienne-768x605.jpg 768w, https:\/\/vosgesinfo.fr\/app\/uploads\/sites\/4\/2025\/07\/societe-philomatique-vosgienne.jpg 1419w\" sizes=\"(max-width: 1024px) 100vw, 1024px\" \/><\/a><p id=\"caption-attachment-80642\" class=\"wp-caption-text\">(Image Soci\u00e9t\u00e9 Philomatique Vosgienne)<\/p><\/div>\n<h2 data-start=\"125\" data-end=\"352\">\u00c0 l\u2019occasion des <strong data-start=\"142\" data-end=\"190\">150 ans de la Soci\u00e9t\u00e9 Philomatique Vosgienne<\/strong>, une conf\u00e9rence publique sera donn\u00e9e le <strong data-start=\"231\" data-end=\"249\">samedi 30 ao\u00fbt prochain<\/strong>, de <strong data-start=\"254\" data-end=\"271\">14h10 \u00e0 14h30<\/strong> \u00e0 la <strong data-start=\"281\" data-end=\"350\">salle Fran\u00e7ois-Chol\u00e9 du Mus\u00e9e Pierre No\u00ebl de Saint-Di\u00e9-des-Vosges<\/strong>.<\/h2>\n<p data-start=\"125\" data-end=\"352\"><!--more--><\/p>\n<p data-start=\"354\" data-end=\"700\"><strong data-start=\"354\" data-end=\"374\">Thierry Choserot<\/strong> proposera un <strong data-start=\"388\" data-end=\"428\">\u00ab\u202fSurvol de l\u2019histoire de la Philo\u202f\u00bb<\/strong>, \u00e9voquant les origines de l\u2019association, ses actions, ses <strong data-start=\"487\" data-end=\"548\">liens \u00e9troits avec les biblioth\u00e8ques et mus\u00e9es d\u00e9odatiens<\/strong>, ainsi que ses <strong data-start=\"564\" data-end=\"580\">publications<\/strong>. Cette intervention constitue la premi\u00e8re restitution compl\u00e8te de l\u2019histoire de cette soci\u00e9t\u00e9 savante fond\u00e9e en 1874. <strong data-start=\"702\" data-end=\"719\" data-is-last-node=\"\">Entr\u00e9e libre.<\/strong><\/p>\n","protected":false},"excerpt":{"rendered":"<p>\u00c0 l\u2019occasion des 150 ans de la Soci\u00e9t\u00e9 Philomatique Vosgienne, une conf\u00e9rence publique sera donn\u00e9e le samedi 30 ao\u00fbt prochain, [&hellip;]<\/p>\n","protected":false},"author":46,"featured_media":80642,"comment_status":"open","ping_status":"open","sticky":false,"template":"","format":"standard","meta":{"footnotes":""},"categories":[3900,7847,167,17],"tags":[15985,3333,3215,6593],"class_list":["post-80641","post","type-post","status-publish","format-standard","has-post-thumbnail","hentry","category-breves","category-art-culture","category-saint-die-des-vosges","category-vie-associative","tag-150-ans-de-la-societe-philomatique-vosgienne","tag-musee-pierre-noel","tag-societe-philomatique-vosgienne","tag-thierry-choserot"],"acf":[],"yoast_head":"<!-- This site is optimized with the Yoast SEO plugin v22.5 - https:\/\/yoast.com\/wordpress\/plugins\/seo\/ -->\n<title>L&#039;histoire de la Soci\u00e9t\u00e9 Philomatique Vosgienne retrac\u00e9e dans une conf\u00e9rence - Saint Die Info<\/title>\n<meta name=\"robots\" content=\"index, follow, max-snippet:-1, max-image-preview:large, max-video-preview:-1\" \/>\n<link rel=\"canonical\" href=\"https:\/\/vosgesinfo.fr\/saintdieinfo\/2025\/07\/lhistoire-de-la-societe-philomatique-vosgienne-retracee-dans-une-conference\/\" \/>\n<meta name=\"twitter:card\" content=\"summary_large_image\" \/>\n<meta name=\"twitter:title\" content=\"L&#039;histoire de la Soci\u00e9t\u00e9 Philomatique Vosgienne retrac\u00e9e dans une conf\u00e9rence - Saint Die Info\" \/>\n<meta name=\"twitter:description\" content=\"\u00c0 l\u2019occasion des 150 ans de la Soci\u00e9t\u00e9 Philomatique Vosgienne, une conf\u00e9rence publique sera donn\u00e9e le samedi 30 ao\u00fbt prochain, [&hellip;]\" \/>\n<meta name=\"twitter:image\" content=\"https:\/\/vosgesinfo.fr\/app\/uploads\/sites\/4\/2025\/07\/societe-philomatique-vosgienne.jpg\" \/>\n<meta name=\"twitter:creator\" content=\"@VosgesInfo88\" \/>\n<meta name=\"twitter:site\" content=\"@VosgesInfo88\" \/>\n<meta name=\"twitter:label1\" content=\"\u00c9crit par\" \/>\n\t<meta name=\"twitter:data1\" content=\"J.J.\" \/>\n\t<meta name=\"twitter:label2\" content=\"Dur\u00e9e de lecture estim\u00e9e\" \/>\n\t<meta name=\"twitter:data2\" content=\"1 minute\" \/>\n<script type=\"application\/ld+json\" class=\"yoast-schema-graph\">{\"@context\":\"https:\/\/schema.org\",\"@graph\":[{\"@type\":\"Article\",\"@id\":\"https:\/\/vosgesinfo.fr\/saintdieinfo\/2025\/07\/lhistoire-de-la-societe-philomatique-vosgienne-retracee-dans-une-conference\/#article\",\"isPartOf\":{\"@id\":\"https:\/\/vosgesinfo.fr\/saintdieinfo\/2025\/07\/lhistoire-de-la-societe-philomatique-vosgienne-retracee-dans-une-conference\/\"},\"author\":{\"name\":\"J.J.\",\"@id\":\"https:\/\/vosgesinfo.fr\/saintdieinfo\/#\/schema\/person\/fa73e9f726d67bb88f46d5b7943cb572\"},\"headline\":\"L&rsquo;histoire de la Soci\u00e9t\u00e9 Philomatique Vosgienne retrac\u00e9e dans une conf\u00e9rence\",\"datePublished\":\"2025-07-25T12:40:32+00:00\",\"dateModified\":\"2025-07-25T12:10:17+00:00\",\"mainEntityOfPage\":{\"@id\":\"https:\/\/vosgesinfo.fr\/saintdieinfo\/2025\/07\/lhistoire-de-la-societe-philomatique-vosgienne-retracee-dans-une-conference\/\"},\"wordCount\":122,\"commentCount\":0,\"publisher\":{\"@id\":\"https:\/\/vosgesinfo.fr\/saintdieinfo\/#organization\"},\"image\":{\"@id\":\"https:\/\/vosgesinfo.fr\/saintdieinfo\/2025\/07\/lhistoire-de-la-societe-philomatique-vosgienne-retracee-dans-une-conference\/#primaryimage\"},\"thumbnailUrl\":\"https:\/\/vosgesinfo.fr\/app\/uploads\/sites\/4\/2025\/07\/societe-philomatique-vosgienne.jpg\",\"keywords\":[\"150 ans de la Soci\u00e9t\u00e9 Philomatique Vosgienne\",\"Mus\u00e9e Pierre-No\u00ebl\",\"Soci\u00e9t\u00e9 Philomatique Vosgienne\",\"Thierry Choserot\"],\"articleSection\":[\"Br\u00e8ves\",\"Culture\",\"Saint-Di\u00e9-des-Vosges\",\"Vie Associative\"],\"inLanguage\":\"fr-FR\",\"potentialAction\":[{\"@type\":\"CommentAction\",\"name\":\"Comment\",\"target\":[\"https:\/\/vosgesinfo.fr\/saintdieinfo\/2025\/07\/lhistoire-de-la-societe-philomatique-vosgienne-retracee-dans-une-conference\/#respond\"]}]},{\"@type\":\"WebPage\",\"@id\":\"https:\/\/vosgesinfo.fr\/saintdieinfo\/2025\/07\/lhistoire-de-la-societe-philomatique-vosgienne-retracee-dans-une-conference\/\",\"url\":\"https:\/\/vosgesinfo.fr\/saintdieinfo\/2025\/07\/lhistoire-de-la-societe-philomatique-vosgienne-retracee-dans-une-conference\/\",\"name\":\"L'histoire de la Soci\u00e9t\u00e9 Philomatique Vosgienne retrac\u00e9e dans une conf\u00e9rence - Saint Die Info\",\"isPartOf\":{\"@id\":\"https:\/\/vosgesinfo.fr\/saintdieinfo\/#website\"},\"primaryImageOfPage\":{\"@id\":\"https:\/\/vosgesinfo.fr\/saintdieinfo\/2025\/07\/lhistoire-de-la-societe-philomatique-vosgienne-retracee-dans-une-conference\/#primaryimage\"},\"image\":{\"@id\":\"https:\/\/vosgesinfo.fr\/saintdieinfo\/2025\/07\/lhistoire-de-la-societe-philomatique-vosgienne-retracee-dans-une-conference\/#primaryimage\"},\"thumbnailUrl\":\"https:\/\/vosgesinfo.fr\/app\/uploads\/sites\/4\/2025\/07\/societe-philomatique-vosgienne.jpg\",\"datePublished\":\"2025-07-25T12:40:32+00:00\",\"dateModified\":\"2025-07-25T12:10:17+00:00\",\"breadcrumb\":{\"@id\":\"https:\/\/vosgesinfo.fr\/saintdieinfo\/2025\/07\/lhistoire-de-la-societe-philomatique-vosgienne-retracee-dans-une-conference\/#breadcrumb\"},\"inLanguage\":\"fr-FR\",\"potentialAction\":[{\"@type\":\"ReadAction\",\"target\":[\"https:\/\/vosgesinfo.fr\/saintdieinfo\/2025\/07\/lhistoire-de-la-societe-philomatique-vosgienne-retracee-dans-une-conference\/\"]}]},{\"@type\":\"ImageObject\",\"inLanguage\":\"fr-FR\",\"@id\":\"https:\/\/vosgesinfo.fr\/saintdieinfo\/2025\/07\/lhistoire-de-la-societe-philomatique-vosgienne-retracee-dans-une-conference\/#primaryimage\",\"url\":\"https:\/\/vosgesinfo.fr\/app\/uploads\/sites\/4\/2025\/07\/societe-philomatique-vosgienne.jpg\",\"contentUrl\":\"https:\/\/vosgesinfo.fr\/app\/uploads\/sites\/4\/2025\/07\/societe-philomatique-vosgienne.jpg\",\"width\":1419,\"height\":1117,\"caption\":\"(Image Soci\u00e9t\u00e9 Philomatique Vosgienne)\"},{\"@type\":\"BreadcrumbList\",\"@id\":\"https:\/\/vosgesinfo.fr\/saintdieinfo\/2025\/07\/lhistoire-de-la-societe-philomatique-vosgienne-retracee-dans-une-conference\/#breadcrumb\",\"itemListElement\":[{\"@type\":\"ListItem\",\"position\":1,\"name\":\"Home\",\"item\":\"https:\/\/vosgesinfo.fr\/saintdieinfo\/\"},{\"@type\":\"ListItem\",\"position\":2,\"name\":\"L&rsquo;histoire de la Soci\u00e9t\u00e9 Philomatique Vosgienne retrac\u00e9e dans une conf\u00e9rence\"}]},{\"@type\":\"WebSite\",\"@id\":\"https:\/\/vosgesinfo.fr\/saintdieinfo\/#website\",\"url\":\"https:\/\/vosgesinfo.fr\/saintdieinfo\/\",\"name\":\"Saint Die Info\",\"description\":\"Toute l&#039;actualit\u00e9 de Saint-Di\u00e9-Des-Vosges\",\"publisher\":{\"@id\":\"https:\/\/vosgesinfo.fr\/saintdieinfo\/#organization\"},\"alternateName\":\"Toute l'actualit\u00e9 de Saint-Di\u00e9-Des-Vosges\",\"potentialAction\":[{\"@type\":\"SearchAction\",\"target\":{\"@type\":\"EntryPoint\",\"urlTemplate\":\"https:\/\/vosgesinfo.fr\/saintdieinfo\/?s={search_term_string}\"},\"query-input\":\"required name=search_term_string\"}],\"inLanguage\":\"fr-FR\"},{\"@type\":\"Organization\",\"@id\":\"https:\/\/vosgesinfo.fr\/saintdieinfo\/#organization\",\"name\":\"Saint Die Info\",\"url\":\"https:\/\/vosgesinfo.fr\/saintdieinfo\/\",\"logo\":{\"@type\":\"ImageObject\",\"inLanguage\":\"fr-FR\",\"@id\":\"https:\/\/vosgesinfo.fr\/saintdieinfo\/#\/schema\/logo\/image\/\",\"url\":\"https:\/\/vosgesinfo.fr\/app\/uploads\/sites\/4\/2024\/02\/logo-sdi.jpg\",\"contentUrl\":\"https:\/\/vosgesinfo.fr\/app\/uploads\/sites\/4\/2024\/02\/logo-sdi.jpg\",\"width\":600,\"height\":600,\"caption\":\"Saint Die Info\"},\"image\":{\"@id\":\"https:\/\/vosgesinfo.fr\/saintdieinfo\/#\/schema\/logo\/image\/\"},\"sameAs\":[\"https:\/\/www.facebook.com\/Saintdieinfofr\",\"https:\/\/x.com\/VosgesInfo88\",\"https:\/\/www.youtube.com\/@vosgesinfo\"]},{\"@type\":\"Person\",\"@id\":\"https:\/\/vosgesinfo.fr\/saintdieinfo\/#\/schema\/person\/fa73e9f726d67bb88f46d5b7943cb572\",\"name\":\"J.J.\",\"image\":{\"@type\":\"ImageObject\",\"inLanguage\":\"fr-FR\",\"@id\":\"https:\/\/vosgesinfo.fr\/saintdieinfo\/#\/schema\/person\/image\/\",\"url\":\"https:\/\/secure.gravatar.com\/avatar\/219e749e47ffbcca018a360ae4add7d4cdf1cdaaf8bc7676b27efade3fe65615?s=96&d=mm&r=g\",\"contentUrl\":\"https:\/\/secure.gravatar.com\/avatar\/219e749e47ffbcca018a360ae4add7d4cdf1cdaaf8bc7676b27efade3fe65615?s=96&d=mm&r=g\",\"caption\":\"J.J.\"},\"url\":\"https:\/\/vosgesinfo.fr\/saintdieinfo\/author\/j-j\/\"}]}<\/script>\n<!-- \/ Yoast SEO plugin. -->","yoast_head_json":{"title":"L'histoire de la Soci\u00e9t\u00e9 Philomatique Vosgienne retrac\u00e9e dans une conf\u00e9rence - Saint Die Info","robots":{"index":"index","follow":"follow","max-snippet":"max-snippet:-1","max-image-preview":"max-image-preview:large","max-video-preview":"max-video-preview:-1"},"canonical":"https:\/\/vosgesinfo.fr\/saintdieinfo\/2025\/07\/lhistoire-de-la-societe-philomatique-vosgienne-retracee-dans-une-conference\/","twitter_card":"summary_large_image","twitter_title":"L'histoire de la Soci\u00e9t\u00e9 Philomatique Vosgienne retrac\u00e9e dans une conf\u00e9rence - Saint Die Info","twitter_description":"\u00c0 l\u2019occasion des 150 ans de la Soci\u00e9t\u00e9 Philomatique Vosgienne, une conf\u00e9rence publique sera donn\u00e9e le samedi 30 ao\u00fbt prochain, [&hellip;]","twitter_image":"https:\/\/vosgesinfo.fr\/app\/uploads\/sites\/4\/2025\/07\/societe-philomatique-vosgienne.jpg","twitter_creator":"@VosgesInfo88","twitter_site":"@VosgesInfo88","twitter_misc":{"\u00c9crit par":"J.J.","Dur\u00e9e de lecture estim\u00e9e":"1 minute"},"schema":{"@context":"https:\/\/schema.org","@graph":[{"@type":"Article","@id":"https:\/\/vosgesinfo.fr\/saintdieinfo\/2025\/07\/lhistoire-de-la-societe-philomatique-vosgienne-retracee-dans-une-conference\/#article","isPartOf":{"@id":"https:\/\/vosgesinfo.fr\/saintdieinfo\/2025\/07\/lhistoire-de-la-societe-philomatique-vosgienne-retracee-dans-une-conference\/"},"author":{"name":"J.J.","@id":"https:\/\/vosgesinfo.fr\/saintdieinfo\/#\/schema\/person\/fa73e9f726d67bb88f46d5b7943cb572"},"headline":"L&rsquo;histoire de la Soci\u00e9t\u00e9 Philomatique Vosgienne retrac\u00e9e dans une conf\u00e9rence","datePublished":"2025-07-25T12:40:32+00:00","dateModified":"2025-07-25T12:10:17+00:00","mainEntityOfPage":{"@id":"https:\/\/vosgesinfo.fr\/saintdieinfo\/2025\/07\/lhistoire-de-la-societe-philomatique-vosgienne-retracee-dans-une-conference\/"},"wordCount":122,"commentCount":0,"publisher":{"@id":"https:\/\/vosgesinfo.fr\/saintdieinfo\/#organization"},"image":{"@id":"https:\/\/vosgesinfo.fr\/saintdieinfo\/2025\/07\/lhistoire-de-la-societe-philomatique-vosgienne-retracee-dans-une-conference\/#primaryimage"},"thumbnailUrl":"https:\/\/vosgesinfo.fr\/app\/uploads\/sites\/4\/2025\/07\/societe-philomatique-vosgienne.jpg","keywords":["150 ans de la Soci\u00e9t\u00e9 Philomatique Vosgienne","Mus\u00e9e Pierre-No\u00ebl","Soci\u00e9t\u00e9 Philomatique Vosgienne","Thierry Choserot"],"articleSection":["Br\u00e8ves","Culture","Saint-Di\u00e9-des-Vosges","Vie Associative"],"inLanguage":"fr-FR","potentialAction":[{"@type":"CommentAction","name":"Comment","target":["https:\/\/vosgesinfo.fr\/saintdieinfo\/2025\/07\/lhistoire-de-la-societe-philomatique-vosgienne-retracee-dans-une-conference\/#respond"]}]},{"@type":"WebPage","@id":"https:\/\/vosgesinfo.fr\/saintdieinfo\/2025\/07\/lhistoire-de-la-societe-philomatique-vosgienne-retracee-dans-une-conference\/","url":"https:\/\/vosgesinfo.fr\/saintdieinfo\/2025\/07\/lhistoire-de-la-societe-philomatique-vosgienne-retracee-dans-une-conference\/","name":"L'histoire de la Soci\u00e9t\u00e9 Philomatique Vosgienne retrac\u00e9e dans une conf\u00e9rence - Saint Die Info","isPartOf":{"@id":"https:\/\/vosgesinfo.fr\/saintdieinfo\/#website"},"primaryImageOfPage":{"@id":"https:\/\/vosgesinfo.fr\/saintdieinfo\/2025\/07\/lhistoire-de-la-societe-philomatique-vosgienne-retracee-dans-une-conference\/#primaryimage"},"image":{"@id":"https:\/\/vosgesinfo.fr\/saintdieinfo\/2025\/07\/lhistoire-de-la-societe-philomatique-vosgienne-retracee-dans-une-conference\/#primaryimage"},"thumbnailUrl":"https:\/\/vosgesinfo.fr\/app\/uploads\/sites\/4\/2025\/07\/societe-philomatique-vosgienne.jpg","datePublished":"2025-07-25T12:40:32+00:00","dateModified":"2025-07-25T12:10:17+00:00","breadcrumb":{"@id":"https:\/\/vosgesinfo.fr\/saintdieinfo\/2025\/07\/lhistoire-de-la-societe-philomatique-vosgienne-retracee-dans-une-conference\/#breadcrumb"},"inLanguage":"fr-FR","potentialAction":[{"@type":"ReadAction","target":["https:\/\/vosgesinfo.fr\/saintdieinfo\/2025\/07\/lhistoire-de-la-societe-philomatique-vosgienne-retracee-dans-une-conference\/"]}]},{"@type":"ImageObject","inLanguage":"fr-FR","@id":"https:\/\/vosgesinfo.fr\/saintdieinfo\/2025\/07\/lhistoire-de-la-societe-philomatique-vosgienne-retracee-dans-une-conference\/#primaryimage","url":"https:\/\/vosgesinfo.fr\/app\/uploads\/sites\/4\/2025\/07\/societe-philomatique-vosgienne.jpg","contentUrl":"https:\/\/vosgesinfo.fr\/app\/uploads\/sites\/4\/2025\/07\/societe-philomatique-vosgienne.jpg","width":1419,"height":1117,"caption":"(Image Soci\u00e9t\u00e9 Philomatique Vosgienne)"},{"@type":"BreadcrumbList","@id":"https:\/\/vosgesinfo.fr\/saintdieinfo\/2025\/07\/lhistoire-de-la-societe-philomatique-vosgienne-retracee-dans-une-conference\/#breadcrumb","itemListElement":[{"@type":"ListItem","position":1,"name":"Home","item":"https:\/\/vosgesinfo.fr\/saintdieinfo\/"},{"@type":"ListItem","position":2,"name":"L&rsquo;histoire de la Soci\u00e9t\u00e9 Philomatique Vosgienne retrac\u00e9e dans une conf\u00e9rence"}]},{"@type":"WebSite","@id":"https:\/\/vosgesinfo.fr\/saintdieinfo\/#website","url":"https:\/\/vosgesinfo.fr\/saintdieinfo\/","name":"Saint Die Info","description":"Toute l&#039;actualit\u00e9 de Saint-Di\u00e9-Des-Vosges","publisher":{"@id":"https:\/\/vosgesinfo.fr\/saintdieinfo\/#organization"},"alternateName":"Toute l'actualit\u00e9 de Saint-Di\u00e9-Des-Vosges","potentialAction":[{"@type":"SearchAction","target":{"@type":"EntryPoint","urlTemplate":"https:\/\/vosgesinfo.fr\/saintdieinfo\/?s={search_term_string}"},"query-input":"required name=search_term_string"}],"inLanguage":"fr-FR"},{"@type":"Organization","@id":"https:\/\/vosgesinfo.fr\/saintdieinfo\/#organization","name":"Saint Die Info","url":"https:\/\/vosgesinfo.fr\/saintdieinfo\/","logo":{"@type":"ImageObject","inLanguage":"fr-FR","@id":"https:\/\/vosgesinfo.fr\/saintdieinfo\/#\/schema\/logo\/image\/","url":"https:\/\/vosgesinfo.fr\/app\/uploads\/sites\/4\/2024\/02\/logo-sdi.jpg","contentUrl":"https:\/\/vosgesinfo.fr\/app\/uploads\/sites\/4\/2024\/02\/logo-sdi.jpg","width":600,"height":600,"caption":"Saint Die Info"},"image":{"@id":"https:\/\/vosgesinfo.fr\/saintdieinfo\/#\/schema\/logo\/image\/"},"sameAs":["https:\/\/www.facebook.com\/Saintdieinfofr","https:\/\/x.com\/VosgesInfo88","https:\/\/www.youtube.com\/@vosgesinfo"]},{"@type":"Person","@id":"https:\/\/vosgesinfo.fr\/saintdieinfo\/#\/schema\/person\/fa73e9f726d67bb88f46d5b7943cb572","name":"J.J.","image":{"@type":"ImageObject","inLanguage":"fr-FR","@id":"https:\/\/vosgesinfo.fr\/saintdieinfo\/#\/schema\/person\/image\/","url":"https:\/\/secure.gravatar.com\/avatar\/219e749e47ffbcca018a360ae4add7d4cdf1cdaaf8bc7676b27efade3fe65615?s=96&d=mm&r=g","contentUrl":"https:\/\/secure.gravatar.com\/avatar\/219e749e47ffbcca018a360ae4add7d4cdf1cdaaf8bc7676b27efade3fe65615?s=96&d=mm&r=g","caption":"J.J."},"url":"https:\/\/vosgesinfo.fr\/saintdieinfo\/author\/j-j\/"}]}},"_links":{"self":[{"href":"https:\/\/vosgesinfo.fr\/saintdieinfo\/wp-json\/wp\/v2\/posts\/80641","targetHints":{"allow":["GET"]}}],"collection":[{"href":"https:\/\/vosgesinfo.fr\/saintdieinfo\/wp-json\/wp\/v2\/posts"}],"about":[{"href":"https:\/\/vosgesinfo.fr\/saintdieinfo\/wp-json\/wp\/v2\/types\/post"}],"author":[{"embeddable":true,"href":"https:\/\/vosgesinfo.fr\/saintdieinfo\/wp-json\/wp\/v2\/users\/46"}],"replies":[{"embeddable":true,"href":"https:\/\/vosgesinfo.fr\/saintdieinfo\/wp-json\/wp\/v2\/comments?post=80641"}],"version-history":[{"count":2,"href":"https:\/\/vosgesinfo.fr\/saintdieinfo\/wp-json\/wp\/v2\/posts\/80641\/revisions"}],"predecessor-version":[{"id":80644,"href":"https:\/\/vosgesinfo.fr\/saintdieinfo\/wp-json\/wp\/v2\/posts\/80641\/revisions\/80644"}],"wp:featuredmedia":[{"embeddable":true,"href":"https:\/\/vosgesinfo.fr\/saintdieinfo\/wp-json\/wp\/v2\/media\/80642"}],"wp:attachment":[{"href":"https:\/\/vosgesinfo.fr\/saintdieinfo\/wp-json\/wp\/v2\/media?parent=80641"}],"wp:term":[{"taxonomy":"category","embeddable":true,"href":"https:\/\/vosgesinfo.fr\/saintdieinfo\/wp-json\/wp\/v2\/categories?post=80641"},{"taxonomy":"post_tag","embeddable":true,"href":"https:\/\/vosgesinfo.fr\/saintdieinfo\/wp-json\/wp\/v2\/tags?post=80641"}],"curies":[{"name":"wp","href":"https:\/\/api.w.org\/{rel}","templated":true}]}}