{"id":80648,"date":"2025-07-25T15:27:08","date_gmt":"2025-07-25T13:27:08","guid":{"rendered":"https:\/\/vosgesinfo.fr\/saintdieinfo\/?p=80648"},"modified":"2025-07-25T15:27:08","modified_gmt":"2025-07-25T13:27:08","slug":"garnier-thiebaut-reception-emouvante-pour-le-depart-de-paul-de-montclos-apres-30-ans-de-presidence","status":"publish","type":"post","link":"https:\/\/vosgesinfo.fr\/saintdieinfo\/2025\/07\/garnier-thiebaut-reception-emouvante-pour-le-depart-de-paul-de-montclos-apres-30-ans-de-presidence\/","title":{"rendered":"Garnier Thi\u00e9baut : r\u00e9ception \u00e9mouvante pour le d\u00e9part de Paul de Montclos apr\u00e8s 30 ans de pr\u00e9sidence"},"content":{"rendered":"<p>&nbsp;<\/p>\n<p>&nbsp;<\/p>\n<p style=\"text-align: center;\" data-start=\"95\" data-end=\"226\">Extrait du discours de Paul de Montclos<\/p>\n<p data-start=\"95\" data-end=\"226\"><iframe loading=\"lazy\" src=\"\/\/www.youtube.com\/embed\/hdj2cCJtMXo?embeds_referring_euri=https\" width=\"560\" height=\"314\" allowfullscreen=\"allowfullscreen\"><\/iframe><\/p>\n<p data-start=\"228\" data-end=\"645\"><strong>\u00a0L\u2019histoire de Garnier Thi\u00e9baut continue de s\u2019\u00e9crire au fil du temps, et c\u2019est une page marqu\u00e9e par la passion et l\u2019engagement qui s\u2019est tourn\u00e9e ce vendredi 25 juillet. Au Grand H\u00f4tel de G\u00e9rardmer, 150 invit\u00e9s, collaborateurs des sites de Kichompr\u00e9 et de la Corbeline ainsi que des nombreuses boutiques,\u00a0se sont r\u00e9unis pour rendre hommage \u00e0 Paul de Montclos, pr\u00e9sident-directeur g\u00e9n\u00e9ral de l\u2019embl\u00e9matique maison textile vosgienne depuis trois d\u00e9cennies.<\/strong><\/p>\n<p data-start=\"647\" data-end=\"925\">Arriv\u00e9 \u00e0 la t\u00eate de Garnier Thi\u00e9baut exactement trente ans plus t\u00f4t, jour pour jour, le 25 juillet 1995, Paul de Montclos a marqu\u00e9 l\u2019entreprise de son empreinte. Loin de la simple fonction de dirigeant, il a \u00e9t\u00e9 l\u2019artisan d\u2019une aventure humaine et industrielle exceptionnelle. A partir du 1er ao\u00fbt, Nikita Mulard lui succ\u00e8dera.<\/p>\n<p data-start=\"927\" data-end=\"1008\"><strong data-start=\"927\" data-end=\"1008\">Une r\u00e9ception \u00e0 son image : chaleureuse et tiss\u00e9e de liens forts<\/strong><\/p>\n<p data-start=\"1010\" data-end=\"1409\">L\u2019atmosph\u00e8re \u00e9tait \u00e0 la fois festive et empreinte d\u2019\u00e9motion. Dans la grande salle de r\u00e9ception du Grand H\u00f4tel, un parcours culinaire aux couleurs internationales, clin d\u2019\u0153il \u00e0 l\u2019envergure de la maison, attendait les invit\u00e9s. Au menu : des sp\u00e9cialit\u00e9s de diff\u00e9rents pays et r\u00e9gions fran\u00e7aises, dont le Dauphin\u00e9, faisaient \u00e9cho \u00e0 l\u2019histoire de l\u2019entreprise, rachet\u00e9e en 1985 par un groupe dauphinois en 1985.<\/p>\n<p data-start=\"1411\" data-end=\"1673\">Cerise sur le g\u00e2teau d&rsquo;anniversaire, chacun des 11 services de Garnier Thi\u00e9baut avait \u00e9galement pr\u00e9par\u00e9 un cadeau unique pour Paul de Montclos : un torchon tiss\u00e9 ou imprim\u00e9 sp\u00e9cialement pour l\u2019occasion, t\u00e9moignage tangible de la reconnaissance et de l\u2019attachement collectif \u00e0 celui qui a su f\u00e9d\u00e9rer et faire rayonner la marque bien au-del\u00e0 des Vosges.<\/p>\n<p data-start=\"1675\" data-end=\"1715\"><strong data-start=\"1675\" data-end=\"1715\">Un homme de passion et de conviction<\/strong><\/p>\n<p data-start=\"1717\" data-end=\"2091\">Visiblement \u00e9mu, Paul de Montclos est revenu sur les moments forts de son parcours, soulignant l\u2019importance des valeurs humaines dans sa gestion. Il a notamment \u00e9voqu\u00e9 avec fiert\u00e9 la cr\u00e9ation de la marque \u00ab Vosges Terre Textile \u00bb, aux c\u00f4t\u00e9s de Cyrielle Fran\u00e7ois, initiative visant \u00e0 d\u00e9fendre et valoriser la fili\u00e8re textile locale \u00e0 laquelle il demeure profond\u00e9ment attach\u00e9. \u00ab Ce n\u2019est pas un poste que je quitte, mais une aventure humaine \u00bb, a-t-il confi\u00e9. \u00ab Je pars avec \u00e9motion, mais aussi avec fiert\u00e9 et gratitude. Je laisse Garnier Thi\u00e9baut entre de bonnes mains, en confiance. \u00bb<\/p>\n<p data-start=\"2304\" data-end=\"2346\"><strong data-start=\"2304\" data-end=\"2346\">Un nouveau chapitre avec Nikita Mulard<\/strong><\/p>\n<p data-start=\"2348\" data-end=\"2886\">\u00c0 compter du 1er ao\u00fbt, Nikita Mulard reprendra le flambeau en tant que nouveau PDG. Ing\u00e9nieur de formation, fort d\u2019un parcours en d\u00e9veloppement et strat\u00e9gie commerciale, il conna\u00eet bien le territoire vosgien o\u00f9 il r\u00e9side depuis 2003. Avant de rejoindre Garnier Thi\u00e9baut en novembre dernier, il a notamment dirig\u00e9 la papeterie d\u2019Arches, une autre grande maison industrielle de la r\u00e9gion. Pendant neuf mois, il a eu le temps de c\u00f4toyer Paul de Montclos, au sein de la maison. un \u00ab\u00a0tuilage\u00a0\u00bb qui lui a permis d\u2019en apprendre plus les rouages et de tisser \u00e0 son tour des liens solides avec les \u00e9quipes.<\/p>\n<p data-start=\"2888\" data-end=\"3228\">Convaincu par le potentiel de Garnier Thi\u00e9baut, Nikita Mulard souhaite \u00e0 la fois poursuivre les projets engag\u00e9s et ouvrir de nouveaux horizons, notamment \u00e0 l\u2019export, avec un \u0153il attentif vers des march\u00e9s comme les \u00c9tats-Unis, d\u00e9j\u00e0 bien implant\u00e9s ,ou encore le Japon, terre d&rsquo;avenir. Le tout en renfor\u00e7ant la pr\u00e9sence de la marque sur le territoire national. Une nouvelle \u00e8re commence, mais l\u2019esprit tiss\u00e9 par Paul de Montclos reste solidement ancr\u00e9 dans la trame de Garnier Thi\u00e9baut.<\/p>\n<p>&nbsp;<\/p>\n","protected":false},"excerpt":{"rendered":"<p>&nbsp; &nbsp; Extrait du discours de Paul de Montclos \u00a0L\u2019histoire de Garnier Thi\u00e9baut continue de s\u2019\u00e9crire au fil du temps, [&hellip;]<\/p>\n","protected":false},"author":42,"featured_media":80649,"comment_status":"open","ping_status":"open","sticky":false,"template":"","format":"standard","meta":{"footnotes":""},"categories":[460,5,5392,5391,5389,4099,4100],"tags":[17890,17891,7799],"class_list":["post-80648","post","type-post","status-publish","format-standard","has-post-thumbnail","hentry","category-a-la-une","category-economie","category-epinal","category-gerardmer","category-la-plaine-des-vosges","category-remiremont","category-saint-die","tag-garnier-thiebaut","tag-nikita-mulard","tag-paul-de-montclos"],"acf":[],"yoast_head":"<!-- This site is optimized with the Yoast SEO plugin v22.5 - https:\/\/yoast.com\/wordpress\/plugins\/seo\/ -->\n<title>Garnier Thi\u00e9baut : r\u00e9ception \u00e9mouvante pour le d\u00e9part de Paul de Montclos apr\u00e8s 30 ans de pr\u00e9sidence - Saint Die Info<\/title>\n<meta name=\"robots\" content=\"index, follow, max-snippet:-1, max-image-preview:large, max-video-preview:-1\" \/>\n<link rel=\"canonical\" href=\"https:\/\/vosgesinfo.fr\/saintdieinfo\/2025\/07\/garnier-thiebaut-reception-emouvante-pour-le-depart-de-paul-de-montclos-apres-30-ans-de-presidence\/\" \/>\n<meta name=\"twitter:card\" content=\"summary_large_image\" \/>\n<meta name=\"twitter:title\" content=\"Garnier Thi\u00e9baut : r\u00e9ception \u00e9mouvante pour le d\u00e9part de Paul de Montclos apr\u00e8s 30 ans de pr\u00e9sidence - Saint Die Info\" \/>\n<meta name=\"twitter:description\" content=\"&nbsp; &nbsp; Extrait du discours de Paul de Montclos \u00a0L\u2019histoire de Garnier Thi\u00e9baut continue de s\u2019\u00e9crire au fil du temps, [&hellip;]\" \/>\n<meta name=\"twitter:image\" content=\"https:\/\/vosgesinfo.fr\/app\/uploads\/sites\/4\/2025\/07\/garnier-thiebaut-30-ans-paul-de-montclos-7.jpg\" \/>\n<meta name=\"twitter:creator\" content=\"@VosgesInfo88\" \/>\n<meta name=\"twitter:site\" content=\"@VosgesInfo88\" \/>\n<meta name=\"twitter:label1\" content=\"\u00c9crit par\" \/>\n\t<meta name=\"twitter:data1\" content=\"QG\" \/>\n\t<meta name=\"twitter:label2\" content=\"Dur\u00e9e de lecture estim\u00e9e\" \/>\n\t<meta name=\"twitter:data2\" content=\"3 minutes\" \/>\n<script type=\"application\/ld+json\" class=\"yoast-schema-graph\">{\"@context\":\"https:\/\/schema.org\",\"@graph\":[{\"@type\":\"Article\",\"@id\":\"https:\/\/vosgesinfo.fr\/saintdieinfo\/2025\/07\/garnier-thiebaut-reception-emouvante-pour-le-depart-de-paul-de-montclos-apres-30-ans-de-presidence\/#article\",\"isPartOf\":{\"@id\":\"https:\/\/vosgesinfo.fr\/saintdieinfo\/2025\/07\/garnier-thiebaut-reception-emouvante-pour-le-depart-de-paul-de-montclos-apres-30-ans-de-presidence\/\"},\"author\":{\"name\":\"QG\",\"@id\":\"https:\/\/vosgesinfo.fr\/saintdieinfo\/#\/schema\/person\/db5605779a843dad16b5368f3e7613a5\"},\"headline\":\"Garnier Thi\u00e9baut : r\u00e9ception \u00e9mouvante pour le d\u00e9part de Paul de Montclos apr\u00e8s 30 ans de pr\u00e9sidence\",\"datePublished\":\"2025-07-25T13:27:08+00:00\",\"dateModified\":\"2025-07-25T13:27:08+00:00\",\"mainEntityOfPage\":{\"@id\":\"https:\/\/vosgesinfo.fr\/saintdieinfo\/2025\/07\/garnier-thiebaut-reception-emouvante-pour-le-depart-de-paul-de-montclos-apres-30-ans-de-presidence\/\"},\"wordCount\":628,\"commentCount\":0,\"publisher\":{\"@id\":\"https:\/\/vosgesinfo.fr\/saintdieinfo\/#organization\"},\"image\":{\"@id\":\"https:\/\/vosgesinfo.fr\/saintdieinfo\/2025\/07\/garnier-thiebaut-reception-emouvante-pour-le-depart-de-paul-de-montclos-apres-30-ans-de-presidence\/#primaryimage\"},\"thumbnailUrl\":\"https:\/\/vosgesinfo.fr\/app\/uploads\/sites\/4\/2025\/07\/garnier-thiebaut-30-ans-paul-de-montclos-7.jpg\",\"keywords\":[\"garnier thi\u00e9baut\",\"Nikita Mulard\",\"Paul de Montclos\"],\"articleSection\":[\"A la Une\",\"\u00c9conomie\",\"Epinal\",\"Gerardmer\",\"La plaine des vosges\",\"Remiremont\",\"Saint-di\u00e9\"],\"inLanguage\":\"fr-FR\",\"potentialAction\":[{\"@type\":\"CommentAction\",\"name\":\"Comment\",\"target\":[\"https:\/\/vosgesinfo.fr\/saintdieinfo\/2025\/07\/garnier-thiebaut-reception-emouvante-pour-le-depart-de-paul-de-montclos-apres-30-ans-de-presidence\/#respond\"]}]},{\"@type\":\"WebPage\",\"@id\":\"https:\/\/vosgesinfo.fr\/saintdieinfo\/2025\/07\/garnier-thiebaut-reception-emouvante-pour-le-depart-de-paul-de-montclos-apres-30-ans-de-presidence\/\",\"url\":\"https:\/\/vosgesinfo.fr\/saintdieinfo\/2025\/07\/garnier-thiebaut-reception-emouvante-pour-le-depart-de-paul-de-montclos-apres-30-ans-de-presidence\/\",\"name\":\"Garnier Thi\u00e9baut : r\u00e9ception \u00e9mouvante pour le d\u00e9part de Paul de Montclos apr\u00e8s 30 ans de pr\u00e9sidence - Saint Die Info\",\"isPartOf\":{\"@id\":\"https:\/\/vosgesinfo.fr\/saintdieinfo\/#website\"},\"primaryImageOfPage\":{\"@id\":\"https:\/\/vosgesinfo.fr\/saintdieinfo\/2025\/07\/garnier-thiebaut-reception-emouvante-pour-le-depart-de-paul-de-montclos-apres-30-ans-de-presidence\/#primaryimage\"},\"image\":{\"@id\":\"https:\/\/vosgesinfo.fr\/saintdieinfo\/2025\/07\/garnier-thiebaut-reception-emouvante-pour-le-depart-de-paul-de-montclos-apres-30-ans-de-presidence\/#primaryimage\"},\"thumbnailUrl\":\"https:\/\/vosgesinfo.fr\/app\/uploads\/sites\/4\/2025\/07\/garnier-thiebaut-30-ans-paul-de-montclos-7.jpg\",\"datePublished\":\"2025-07-25T13:27:08+00:00\",\"dateModified\":\"2025-07-25T13:27:08+00:00\",\"breadcrumb\":{\"@id\":\"https:\/\/vosgesinfo.fr\/saintdieinfo\/2025\/07\/garnier-thiebaut-reception-emouvante-pour-le-depart-de-paul-de-montclos-apres-30-ans-de-presidence\/#breadcrumb\"},\"inLanguage\":\"fr-FR\",\"potentialAction\":[{\"@type\":\"ReadAction\",\"target\":[\"https:\/\/vosgesinfo.fr\/saintdieinfo\/2025\/07\/garnier-thiebaut-reception-emouvante-pour-le-depart-de-paul-de-montclos-apres-30-ans-de-presidence\/\"]}]},{\"@type\":\"ImageObject\",\"inLanguage\":\"fr-FR\",\"@id\":\"https:\/\/vosgesinfo.fr\/saintdieinfo\/2025\/07\/garnier-thiebaut-reception-emouvante-pour-le-depart-de-paul-de-montclos-apres-30-ans-de-presidence\/#primaryimage\",\"url\":\"https:\/\/vosgesinfo.fr\/app\/uploads\/sites\/4\/2025\/07\/garnier-thiebaut-30-ans-paul-de-montclos-7.jpg\",\"contentUrl\":\"https:\/\/vosgesinfo.fr\/app\/uploads\/sites\/4\/2025\/07\/garnier-thiebaut-30-ans-paul-de-montclos-7.jpg\",\"width\":2048,\"height\":1536},{\"@type\":\"BreadcrumbList\",\"@id\":\"https:\/\/vosgesinfo.fr\/saintdieinfo\/2025\/07\/garnier-thiebaut-reception-emouvante-pour-le-depart-de-paul-de-montclos-apres-30-ans-de-presidence\/#breadcrumb\",\"itemListElement\":[{\"@type\":\"ListItem\",\"position\":1,\"name\":\"Home\",\"item\":\"https:\/\/vosgesinfo.fr\/saintdieinfo\/\"},{\"@type\":\"ListItem\",\"position\":2,\"name\":\"Garnier Thi\u00e9baut : r\u00e9ception \u00e9mouvante pour le d\u00e9part de Paul de Montclos apr\u00e8s 30 ans de pr\u00e9sidence\"}]},{\"@type\":\"WebSite\",\"@id\":\"https:\/\/vosgesinfo.fr\/saintdieinfo\/#website\",\"url\":\"https:\/\/vosgesinfo.fr\/saintdieinfo\/\",\"name\":\"Saint Die Info\",\"description\":\"Toute l&#039;actualit\u00e9 de Saint-Di\u00e9-Des-Vosges\",\"publisher\":{\"@id\":\"https:\/\/vosgesinfo.fr\/saintdieinfo\/#organization\"},\"alternateName\":\"Toute l'actualit\u00e9 de Saint-Di\u00e9-Des-Vosges\",\"potentialAction\":[{\"@type\":\"SearchAction\",\"target\":{\"@type\":\"EntryPoint\",\"urlTemplate\":\"https:\/\/vosgesinfo.fr\/saintdieinfo\/?s={search_term_string}\"},\"query-input\":\"required name=search_term_string\"}],\"inLanguage\":\"fr-FR\"},{\"@type\":\"Organization\",\"@id\":\"https:\/\/vosgesinfo.fr\/saintdieinfo\/#organization\",\"name\":\"Saint Die Info\",\"url\":\"https:\/\/vosgesinfo.fr\/saintdieinfo\/\",\"logo\":{\"@type\":\"ImageObject\",\"inLanguage\":\"fr-FR\",\"@id\":\"https:\/\/vosgesinfo.fr\/saintdieinfo\/#\/schema\/logo\/image\/\",\"url\":\"https:\/\/vosgesinfo.fr\/app\/uploads\/sites\/4\/2024\/02\/logo-sdi.jpg\",\"contentUrl\":\"https:\/\/vosgesinfo.fr\/app\/uploads\/sites\/4\/2024\/02\/logo-sdi.jpg\",\"width\":600,\"height\":600,\"caption\":\"Saint Die Info\"},\"image\":{\"@id\":\"https:\/\/vosgesinfo.fr\/saintdieinfo\/#\/schema\/logo\/image\/\"},\"sameAs\":[\"https:\/\/www.facebook.com\/Saintdieinfofr\",\"https:\/\/x.com\/VosgesInfo88\",\"https:\/\/www.youtube.com\/@vosgesinfo\"]},{\"@type\":\"Person\",\"@id\":\"https:\/\/vosgesinfo.fr\/saintdieinfo\/#\/schema\/person\/db5605779a843dad16b5368f3e7613a5\",\"name\":\"QG\",\"image\":{\"@type\":\"ImageObject\",\"inLanguage\":\"fr-FR\",\"@id\":\"https:\/\/vosgesinfo.fr\/saintdieinfo\/#\/schema\/person\/image\/\",\"url\":\"https:\/\/secure.gravatar.com\/avatar\/ea80c42c204b534408512832fde52504ecabb9706bcb6151cf6175e5b64e6793?s=96&d=mm&r=g\",\"contentUrl\":\"https:\/\/secure.gravatar.com\/avatar\/ea80c42c204b534408512832fde52504ecabb9706bcb6151cf6175e5b64e6793?s=96&d=mm&r=g\",\"caption\":\"QG\"},\"url\":\"https:\/\/vosgesinfo.fr\/saintdieinfo\/author\/quentin88\/\"}]}<\/script>\n<!-- \/ Yoast SEO plugin. -->","yoast_head_json":{"title":"Garnier Thi\u00e9baut : r\u00e9ception \u00e9mouvante pour le d\u00e9part de Paul de Montclos apr\u00e8s 30 ans de pr\u00e9sidence - Saint Die Info","robots":{"index":"index","follow":"follow","max-snippet":"max-snippet:-1","max-image-preview":"max-image-preview:large","max-video-preview":"max-video-preview:-1"},"canonical":"https:\/\/vosgesinfo.fr\/saintdieinfo\/2025\/07\/garnier-thiebaut-reception-emouvante-pour-le-depart-de-paul-de-montclos-apres-30-ans-de-presidence\/","twitter_card":"summary_large_image","twitter_title":"Garnier Thi\u00e9baut : r\u00e9ception \u00e9mouvante pour le d\u00e9part de Paul de Montclos apr\u00e8s 30 ans de pr\u00e9sidence - Saint Die Info","twitter_description":"&nbsp; &nbsp; Extrait du discours de Paul de Montclos \u00a0L\u2019histoire de Garnier Thi\u00e9baut continue de s\u2019\u00e9crire au fil du temps, [&hellip;]","twitter_image":"https:\/\/vosgesinfo.fr\/app\/uploads\/sites\/4\/2025\/07\/garnier-thiebaut-30-ans-paul-de-montclos-7.jpg","twitter_creator":"@VosgesInfo88","twitter_site":"@VosgesInfo88","twitter_misc":{"\u00c9crit par":"QG","Dur\u00e9e de lecture estim\u00e9e":"3 minutes"},"schema":{"@context":"https:\/\/schema.org","@graph":[{"@type":"Article","@id":"https:\/\/vosgesinfo.fr\/saintdieinfo\/2025\/07\/garnier-thiebaut-reception-emouvante-pour-le-depart-de-paul-de-montclos-apres-30-ans-de-presidence\/#article","isPartOf":{"@id":"https:\/\/vosgesinfo.fr\/saintdieinfo\/2025\/07\/garnier-thiebaut-reception-emouvante-pour-le-depart-de-paul-de-montclos-apres-30-ans-de-presidence\/"},"author":{"name":"QG","@id":"https:\/\/vosgesinfo.fr\/saintdieinfo\/#\/schema\/person\/db5605779a843dad16b5368f3e7613a5"},"headline":"Garnier Thi\u00e9baut : r\u00e9ception \u00e9mouvante pour le d\u00e9part de Paul de Montclos apr\u00e8s 30 ans de pr\u00e9sidence","datePublished":"2025-07-25T13:27:08+00:00","dateModified":"2025-07-25T13:27:08+00:00","mainEntityOfPage":{"@id":"https:\/\/vosgesinfo.fr\/saintdieinfo\/2025\/07\/garnier-thiebaut-reception-emouvante-pour-le-depart-de-paul-de-montclos-apres-30-ans-de-presidence\/"},"wordCount":628,"commentCount":0,"publisher":{"@id":"https:\/\/vosgesinfo.fr\/saintdieinfo\/#organization"},"image":{"@id":"https:\/\/vosgesinfo.fr\/saintdieinfo\/2025\/07\/garnier-thiebaut-reception-emouvante-pour-le-depart-de-paul-de-montclos-apres-30-ans-de-presidence\/#primaryimage"},"thumbnailUrl":"https:\/\/vosgesinfo.fr\/app\/uploads\/sites\/4\/2025\/07\/garnier-thiebaut-30-ans-paul-de-montclos-7.jpg","keywords":["garnier thi\u00e9baut","Nikita Mulard","Paul de Montclos"],"articleSection":["A la Une","\u00c9conomie","Epinal","Gerardmer","La plaine des vosges","Remiremont","Saint-di\u00e9"],"inLanguage":"fr-FR","potentialAction":[{"@type":"CommentAction","name":"Comment","target":["https:\/\/vosgesinfo.fr\/saintdieinfo\/2025\/07\/garnier-thiebaut-reception-emouvante-pour-le-depart-de-paul-de-montclos-apres-30-ans-de-presidence\/#respond"]}]},{"@type":"WebPage","@id":"https:\/\/vosgesinfo.fr\/saintdieinfo\/2025\/07\/garnier-thiebaut-reception-emouvante-pour-le-depart-de-paul-de-montclos-apres-30-ans-de-presidence\/","url":"https:\/\/vosgesinfo.fr\/saintdieinfo\/2025\/07\/garnier-thiebaut-reception-emouvante-pour-le-depart-de-paul-de-montclos-apres-30-ans-de-presidence\/","name":"Garnier Thi\u00e9baut : r\u00e9ception \u00e9mouvante pour le d\u00e9part de Paul de Montclos apr\u00e8s 30 ans de pr\u00e9sidence - Saint Die Info","isPartOf":{"@id":"https:\/\/vosgesinfo.fr\/saintdieinfo\/#website"},"primaryImageOfPage":{"@id":"https:\/\/vosgesinfo.fr\/saintdieinfo\/2025\/07\/garnier-thiebaut-reception-emouvante-pour-le-depart-de-paul-de-montclos-apres-30-ans-de-presidence\/#primaryimage"},"image":{"@id":"https:\/\/vosgesinfo.fr\/saintdieinfo\/2025\/07\/garnier-thiebaut-reception-emouvante-pour-le-depart-de-paul-de-montclos-apres-30-ans-de-presidence\/#primaryimage"},"thumbnailUrl":"https:\/\/vosgesinfo.fr\/app\/uploads\/sites\/4\/2025\/07\/garnier-thiebaut-30-ans-paul-de-montclos-7.jpg","datePublished":"2025-07-25T13:27:08+00:00","dateModified":"2025-07-25T13:27:08+00:00","breadcrumb":{"@id":"https:\/\/vosgesinfo.fr\/saintdieinfo\/2025\/07\/garnier-thiebaut-reception-emouvante-pour-le-depart-de-paul-de-montclos-apres-30-ans-de-presidence\/#breadcrumb"},"inLanguage":"fr-FR","potentialAction":[{"@type":"ReadAction","target":["https:\/\/vosgesinfo.fr\/saintdieinfo\/2025\/07\/garnier-thiebaut-reception-emouvante-pour-le-depart-de-paul-de-montclos-apres-30-ans-de-presidence\/"]}]},{"@type":"ImageObject","inLanguage":"fr-FR","@id":"https:\/\/vosgesinfo.fr\/saintdieinfo\/2025\/07\/garnier-thiebaut-reception-emouvante-pour-le-depart-de-paul-de-montclos-apres-30-ans-de-presidence\/#primaryimage","url":"https:\/\/vosgesinfo.fr\/app\/uploads\/sites\/4\/2025\/07\/garnier-thiebaut-30-ans-paul-de-montclos-7.jpg","contentUrl":"https:\/\/vosgesinfo.fr\/app\/uploads\/sites\/4\/2025\/07\/garnier-thiebaut-30-ans-paul-de-montclos-7.jpg","width":2048,"height":1536},{"@type":"BreadcrumbList","@id":"https:\/\/vosgesinfo.fr\/saintdieinfo\/2025\/07\/garnier-thiebaut-reception-emouvante-pour-le-depart-de-paul-de-montclos-apres-30-ans-de-presidence\/#breadcrumb","itemListElement":[{"@type":"ListItem","position":1,"name":"Home","item":"https:\/\/vosgesinfo.fr\/saintdieinfo\/"},{"@type":"ListItem","position":2,"name":"Garnier Thi\u00e9baut : r\u00e9ception \u00e9mouvante pour le d\u00e9part de Paul de Montclos apr\u00e8s 30 ans de pr\u00e9sidence"}]},{"@type":"WebSite","@id":"https:\/\/vosgesinfo.fr\/saintdieinfo\/#website","url":"https:\/\/vosgesinfo.fr\/saintdieinfo\/","name":"Saint Die Info","description":"Toute l&#039;actualit\u00e9 de Saint-Di\u00e9-Des-Vosges","publisher":{"@id":"https:\/\/vosgesinfo.fr\/saintdieinfo\/#organization"},"alternateName":"Toute l'actualit\u00e9 de Saint-Di\u00e9-Des-Vosges","potentialAction":[{"@type":"SearchAction","target":{"@type":"EntryPoint","urlTemplate":"https:\/\/vosgesinfo.fr\/saintdieinfo\/?s={search_term_string}"},"query-input":"required name=search_term_string"}],"inLanguage":"fr-FR"},{"@type":"Organization","@id":"https:\/\/vosgesinfo.fr\/saintdieinfo\/#organization","name":"Saint Die Info","url":"https:\/\/vosgesinfo.fr\/saintdieinfo\/","logo":{"@type":"ImageObject","inLanguage":"fr-FR","@id":"https:\/\/vosgesinfo.fr\/saintdieinfo\/#\/schema\/logo\/image\/","url":"https:\/\/vosgesinfo.fr\/app\/uploads\/sites\/4\/2024\/02\/logo-sdi.jpg","contentUrl":"https:\/\/vosgesinfo.fr\/app\/uploads\/sites\/4\/2024\/02\/logo-sdi.jpg","width":600,"height":600,"caption":"Saint Die Info"},"image":{"@id":"https:\/\/vosgesinfo.fr\/saintdieinfo\/#\/schema\/logo\/image\/"},"sameAs":["https:\/\/www.facebook.com\/Saintdieinfofr","https:\/\/x.com\/VosgesInfo88","https:\/\/www.youtube.com\/@vosgesinfo"]},{"@type":"Person","@id":"https:\/\/vosgesinfo.fr\/saintdieinfo\/#\/schema\/person\/db5605779a843dad16b5368f3e7613a5","name":"QG","image":{"@type":"ImageObject","inLanguage":"fr-FR","@id":"https:\/\/vosgesinfo.fr\/saintdieinfo\/#\/schema\/person\/image\/","url":"https:\/\/secure.gravatar.com\/avatar\/ea80c42c204b534408512832fde52504ecabb9706bcb6151cf6175e5b64e6793?s=96&d=mm&r=g","contentUrl":"https:\/\/secure.gravatar.com\/avatar\/ea80c42c204b534408512832fde52504ecabb9706bcb6151cf6175e5b64e6793?s=96&d=mm&r=g","caption":"QG"},"url":"https:\/\/vosgesinfo.fr\/saintdieinfo\/author\/quentin88\/"}]}},"_links":{"self":[{"href":"https:\/\/vosgesinfo.fr\/saintdieinfo\/wp-json\/wp\/v2\/posts\/80648","targetHints":{"allow":["GET"]}}],"collection":[{"href":"https:\/\/vosgesinfo.fr\/saintdieinfo\/wp-json\/wp\/v2\/posts"}],"about":[{"href":"https:\/\/vosgesinfo.fr\/saintdieinfo\/wp-json\/wp\/v2\/types\/post"}],"author":[{"embeddable":true,"href":"https:\/\/vosgesinfo.fr\/saintdieinfo\/wp-json\/wp\/v2\/users\/42"}],"replies":[{"embeddable":true,"href":"https:\/\/vosgesinfo.fr\/saintdieinfo\/wp-json\/wp\/v2\/comments?post=80648"}],"version-history":[{"count":0,"href":"https:\/\/vosgesinfo.fr\/saintdieinfo\/wp-json\/wp\/v2\/posts\/80648\/revisions"}],"wp:featuredmedia":[{"embeddable":true,"href":"https:\/\/vosgesinfo.fr\/saintdieinfo\/wp-json\/wp\/v2\/media\/80649"}],"wp:attachment":[{"href":"https:\/\/vosgesinfo.fr\/saintdieinfo\/wp-json\/wp\/v2\/media?parent=80648"}],"wp:term":[{"taxonomy":"category","embeddable":true,"href":"https:\/\/vosgesinfo.fr\/saintdieinfo\/wp-json\/wp\/v2\/categories?post=80648"},{"taxonomy":"post_tag","embeddable":true,"href":"https:\/\/vosgesinfo.fr\/saintdieinfo\/wp-json\/wp\/v2\/tags?post=80648"}],"curies":[{"name":"wp","href":"https:\/\/api.w.org\/{rel}","templated":true}]}}