{"id":80651,"date":"2025-07-25T17:00:18","date_gmt":"2025-07-25T15:00:18","guid":{"rendered":"https:\/\/vosgesinfo.fr\/saintdieinfo\/?p=80651"},"modified":"2025-07-25T16:20:42","modified_gmt":"2025-07-25T14:20:42","slug":"la-fndirp-soppose-a-la-suppression-du-8-mai-comme-jour-ferie","status":"publish","type":"post","link":"https:\/\/vosgesinfo.fr\/saintdieinfo\/2025\/07\/la-fndirp-soppose-a-la-suppression-du-8-mai-comme-jour-ferie\/","title":{"rendered":"La FNDIRP s&rsquo;oppose \u00e0 la suppression du 8 mai comme jour f\u00e9ri\u00e9"},"content":{"rendered":"<h3><a href=\"https:\/\/vosgesinfo.fr\/app\/uploads\/sites\/4\/2025\/07\/fndirp.jpg\"><img decoding=\"async\" class=\"alignnone size-full wp-image-80652\" src=\"https:\/\/vosgesinfo.fr\/app\/uploads\/sites\/4\/2025\/07\/fndirp.jpg\" alt=\"\" width=\"918\" height=\"377\" srcset=\"https:\/\/vosgesinfo.fr\/app\/uploads\/sites\/4\/2025\/07\/fndirp.jpg 918w, https:\/\/vosgesinfo.fr\/app\/uploads\/sites\/4\/2025\/07\/fndirp-300x123.jpg 300w, https:\/\/vosgesinfo.fr\/app\/uploads\/sites\/4\/2025\/07\/fndirp-768x315.jpg 768w\" sizes=\"(max-width: 918px) 100vw, 918px\" \/><\/a><\/h3>\n<h2>La F\u00e9d\u00e9ration Nationale des D\u00e9port\u00e9s et Intern\u00e9s, R\u00e9sistants et Patriotes \u2013 <strong>FNDIRP<\/strong> \u2013 s\u2019oppose avec vigueur \u00e0 la proposition du Premier ministre visant \u00e0 <strong>supprimer le jour f\u00e9ri\u00e9 du 8 mai 1945<\/strong>.<\/h2>\n<p><!--more--><\/p>\n<p>Pour l\u2019association, cette date reste <strong>un symbole fondamental de paix et de libert\u00e9<\/strong>, marquant la <strong>capitulation de l\u2019Allemagne nazie<\/strong> apr\u00e8s six ann\u00e9es d\u2019un conflit mondial meurtrier, qui a caus\u00e9 la mort de plus de <strong>60 millions de personnes<\/strong>. Le <strong>8 mai<\/strong> rappelle non seulement la <strong>fin de la Seconde Guerre mondiale<\/strong>, mais aussi le r\u00f4le crucial du <strong>Conseil National de la R\u00e9sistance<\/strong>, la <strong>lib\u00e9ration de la France<\/strong>, et l\u2019hommage aux <strong>victimes du nazisme<\/strong> comme aux <strong>civils tu\u00e9s<\/strong> dans les bombardements.<\/p>\n<p>La FNDIRP insiste : <strong>le 8 mai est un rep\u00e8re incontournable pour le travail de m\u00e9moire<\/strong> transmis aux jeunes g\u00e9n\u00e9rations, dans un monde o\u00f9 les conflits ressurgissent et o\u00f9 la paix en Europe semble de nouveau menac\u00e9e.<\/p>\n<p>L\u2019association d\u00e9nonce une proposition incompr\u00e9hensible, contraire aux valeurs de justice, de d\u00e9mocratie et de respect des droits de l\u2019homme. Elle appelle \u00e0 <strong>d\u00e9fendre cette date comme une journ\u00e9e nationale f\u00e9ri\u00e9e<\/strong>, car \u00ab\u202f<strong>si l\u2019Oubli s\u2019installe, la R\u00e9publique et la D\u00e9mocratie sont en danger<\/strong>\u202f\u00bb.<\/p>\n","protected":false},"excerpt":{"rendered":"<p>La F\u00e9d\u00e9ration Nationale des D\u00e9port\u00e9s et Intern\u00e9s, R\u00e9sistants et Patriotes \u2013 FNDIRP \u2013 s\u2019oppose avec vigueur \u00e0 la proposition du [&hellip;]<\/p>\n","protected":false},"author":46,"featured_media":80652,"comment_status":"open","ping_status":"open","sticky":false,"template":"","format":"standard","meta":{"footnotes":""},"categories":[460,13,18],"tags":[6157,17892,17002,17894,17004,17893],"class_list":["post-80651","post","type-post","status-publish","format-standard","has-post-thumbnail","hentry","category-a-la-une","category-societe","category-vosges","tag-8-mai-1945","tag-federation-nationale-des-deportes-et-internes","tag-fndirp","tag-la-fndirp-soppose-a-la-suppression-du-8-mai-comme-jour-ferie","tag-resistants-et-patriotes","tag-suppression-du-8-mai-1945-comme-jour-ferie"],"acf":[],"yoast_head":"<!-- This site is optimized with the Yoast SEO plugin v22.5 - https:\/\/yoast.com\/wordpress\/plugins\/seo\/ -->\n<title>La FNDIRP s&#039;oppose \u00e0 la suppression du 8 mai comme jour f\u00e9ri\u00e9 - Saint Die Info<\/title>\n<meta name=\"robots\" content=\"index, follow, max-snippet:-1, max-image-preview:large, max-video-preview:-1\" \/>\n<link rel=\"canonical\" href=\"https:\/\/vosgesinfo.fr\/saintdieinfo\/2025\/07\/la-fndirp-soppose-a-la-suppression-du-8-mai-comme-jour-ferie\/\" \/>\n<meta name=\"twitter:card\" content=\"summary_large_image\" \/>\n<meta name=\"twitter:title\" content=\"La FNDIRP s&#039;oppose \u00e0 la suppression du 8 mai comme jour f\u00e9ri\u00e9 - Saint Die Info\" \/>\n<meta name=\"twitter:description\" content=\"La F\u00e9d\u00e9ration Nationale des D\u00e9port\u00e9s et Intern\u00e9s, R\u00e9sistants et Patriotes \u2013 FNDIRP \u2013 s\u2019oppose avec vigueur \u00e0 la proposition du [&hellip;]\" \/>\n<meta name=\"twitter:image\" content=\"https:\/\/vosgesinfo.fr\/app\/uploads\/sites\/4\/2025\/07\/fndirp.jpg\" \/>\n<meta name=\"twitter:creator\" content=\"@VosgesInfo88\" \/>\n<meta name=\"twitter:site\" content=\"@VosgesInfo88\" \/>\n<meta name=\"twitter:label1\" content=\"\u00c9crit par\" \/>\n\t<meta name=\"twitter:data1\" content=\"J.J.\" \/>\n\t<meta name=\"twitter:label2\" content=\"Dur\u00e9e de lecture estim\u00e9e\" \/>\n\t<meta name=\"twitter:data2\" content=\"1 minute\" \/>\n<script type=\"application\/ld+json\" class=\"yoast-schema-graph\">{\"@context\":\"https:\/\/schema.org\",\"@graph\":[{\"@type\":\"Article\",\"@id\":\"https:\/\/vosgesinfo.fr\/saintdieinfo\/2025\/07\/la-fndirp-soppose-a-la-suppression-du-8-mai-comme-jour-ferie\/#article\",\"isPartOf\":{\"@id\":\"https:\/\/vosgesinfo.fr\/saintdieinfo\/2025\/07\/la-fndirp-soppose-a-la-suppression-du-8-mai-comme-jour-ferie\/\"},\"author\":{\"name\":\"J.J.\",\"@id\":\"https:\/\/vosgesinfo.fr\/saintdieinfo\/#\/schema\/person\/fa73e9f726d67bb88f46d5b7943cb572\"},\"headline\":\"La FNDIRP s&rsquo;oppose \u00e0 la suppression du 8 mai comme jour f\u00e9ri\u00e9\",\"datePublished\":\"2025-07-25T15:00:18+00:00\",\"dateModified\":\"2025-07-25T14:20:42+00:00\",\"mainEntityOfPage\":{\"@id\":\"https:\/\/vosgesinfo.fr\/saintdieinfo\/2025\/07\/la-fndirp-soppose-a-la-suppression-du-8-mai-comme-jour-ferie\/\"},\"wordCount\":228,\"commentCount\":10,\"publisher\":{\"@id\":\"https:\/\/vosgesinfo.fr\/saintdieinfo\/#organization\"},\"image\":{\"@id\":\"https:\/\/vosgesinfo.fr\/saintdieinfo\/2025\/07\/la-fndirp-soppose-a-la-suppression-du-8-mai-comme-jour-ferie\/#primaryimage\"},\"thumbnailUrl\":\"https:\/\/vosgesinfo.fr\/app\/uploads\/sites\/4\/2025\/07\/fndirp.jpg\",\"keywords\":[\"8 mai 1945\",\"F\u00e9d\u00e9ration Nationale des D\u00e9port\u00e9s et Intern\u00e9s\",\"FNDIRP\",\"La FNDIRP s'oppose \u00e0 la suppression du 8 mai comme jour f\u00e9ri\u00e9\",\"R\u00e9sistants et Patriotes\",\"Suppression du 8 mai 1945 comme jour f\u00e9ri\u00e9\"],\"articleSection\":[\"A la Une\",\"Soci\u00e9t\u00e9\",\"Vosges\"],\"inLanguage\":\"fr-FR\",\"potentialAction\":[{\"@type\":\"CommentAction\",\"name\":\"Comment\",\"target\":[\"https:\/\/vosgesinfo.fr\/saintdieinfo\/2025\/07\/la-fndirp-soppose-a-la-suppression-du-8-mai-comme-jour-ferie\/#respond\"]}]},{\"@type\":\"WebPage\",\"@id\":\"https:\/\/vosgesinfo.fr\/saintdieinfo\/2025\/07\/la-fndirp-soppose-a-la-suppression-du-8-mai-comme-jour-ferie\/\",\"url\":\"https:\/\/vosgesinfo.fr\/saintdieinfo\/2025\/07\/la-fndirp-soppose-a-la-suppression-du-8-mai-comme-jour-ferie\/\",\"name\":\"La FNDIRP s'oppose \u00e0 la suppression du 8 mai comme jour f\u00e9ri\u00e9 - Saint Die Info\",\"isPartOf\":{\"@id\":\"https:\/\/vosgesinfo.fr\/saintdieinfo\/#website\"},\"primaryImageOfPage\":{\"@id\":\"https:\/\/vosgesinfo.fr\/saintdieinfo\/2025\/07\/la-fndirp-soppose-a-la-suppression-du-8-mai-comme-jour-ferie\/#primaryimage\"},\"image\":{\"@id\":\"https:\/\/vosgesinfo.fr\/saintdieinfo\/2025\/07\/la-fndirp-soppose-a-la-suppression-du-8-mai-comme-jour-ferie\/#primaryimage\"},\"thumbnailUrl\":\"https:\/\/vosgesinfo.fr\/app\/uploads\/sites\/4\/2025\/07\/fndirp.jpg\",\"datePublished\":\"2025-07-25T15:00:18+00:00\",\"dateModified\":\"2025-07-25T14:20:42+00:00\",\"breadcrumb\":{\"@id\":\"https:\/\/vosgesinfo.fr\/saintdieinfo\/2025\/07\/la-fndirp-soppose-a-la-suppression-du-8-mai-comme-jour-ferie\/#breadcrumb\"},\"inLanguage\":\"fr-FR\",\"potentialAction\":[{\"@type\":\"ReadAction\",\"target\":[\"https:\/\/vosgesinfo.fr\/saintdieinfo\/2025\/07\/la-fndirp-soppose-a-la-suppression-du-8-mai-comme-jour-ferie\/\"]}]},{\"@type\":\"ImageObject\",\"inLanguage\":\"fr-FR\",\"@id\":\"https:\/\/vosgesinfo.fr\/saintdieinfo\/2025\/07\/la-fndirp-soppose-a-la-suppression-du-8-mai-comme-jour-ferie\/#primaryimage\",\"url\":\"https:\/\/vosgesinfo.fr\/app\/uploads\/sites\/4\/2025\/07\/fndirp.jpg\",\"contentUrl\":\"https:\/\/vosgesinfo.fr\/app\/uploads\/sites\/4\/2025\/07\/fndirp.jpg\",\"width\":918,\"height\":377},{\"@type\":\"BreadcrumbList\",\"@id\":\"https:\/\/vosgesinfo.fr\/saintdieinfo\/2025\/07\/la-fndirp-soppose-a-la-suppression-du-8-mai-comme-jour-ferie\/#breadcrumb\",\"itemListElement\":[{\"@type\":\"ListItem\",\"position\":1,\"name\":\"Home\",\"item\":\"https:\/\/vosgesinfo.fr\/saintdieinfo\/\"},{\"@type\":\"ListItem\",\"position\":2,\"name\":\"La FNDIRP s&rsquo;oppose \u00e0 la suppression du 8 mai comme jour f\u00e9ri\u00e9\"}]},{\"@type\":\"WebSite\",\"@id\":\"https:\/\/vosgesinfo.fr\/saintdieinfo\/#website\",\"url\":\"https:\/\/vosgesinfo.fr\/saintdieinfo\/\",\"name\":\"Saint Die Info\",\"description\":\"Toute l&#039;actualit\u00e9 de Saint-Di\u00e9-Des-Vosges\",\"publisher\":{\"@id\":\"https:\/\/vosgesinfo.fr\/saintdieinfo\/#organization\"},\"alternateName\":\"Toute l'actualit\u00e9 de Saint-Di\u00e9-Des-Vosges\",\"potentialAction\":[{\"@type\":\"SearchAction\",\"target\":{\"@type\":\"EntryPoint\",\"urlTemplate\":\"https:\/\/vosgesinfo.fr\/saintdieinfo\/?s={search_term_string}\"},\"query-input\":\"required name=search_term_string\"}],\"inLanguage\":\"fr-FR\"},{\"@type\":\"Organization\",\"@id\":\"https:\/\/vosgesinfo.fr\/saintdieinfo\/#organization\",\"name\":\"Saint Die Info\",\"url\":\"https:\/\/vosgesinfo.fr\/saintdieinfo\/\",\"logo\":{\"@type\":\"ImageObject\",\"inLanguage\":\"fr-FR\",\"@id\":\"https:\/\/vosgesinfo.fr\/saintdieinfo\/#\/schema\/logo\/image\/\",\"url\":\"https:\/\/vosgesinfo.fr\/app\/uploads\/sites\/4\/2024\/02\/logo-sdi.jpg\",\"contentUrl\":\"https:\/\/vosgesinfo.fr\/app\/uploads\/sites\/4\/2024\/02\/logo-sdi.jpg\",\"width\":600,\"height\":600,\"caption\":\"Saint Die Info\"},\"image\":{\"@id\":\"https:\/\/vosgesinfo.fr\/saintdieinfo\/#\/schema\/logo\/image\/\"},\"sameAs\":[\"https:\/\/www.facebook.com\/Saintdieinfofr\",\"https:\/\/x.com\/VosgesInfo88\",\"https:\/\/www.youtube.com\/@vosgesinfo\"]},{\"@type\":\"Person\",\"@id\":\"https:\/\/vosgesinfo.fr\/saintdieinfo\/#\/schema\/person\/fa73e9f726d67bb88f46d5b7943cb572\",\"name\":\"J.J.\",\"image\":{\"@type\":\"ImageObject\",\"inLanguage\":\"fr-FR\",\"@id\":\"https:\/\/vosgesinfo.fr\/saintdieinfo\/#\/schema\/person\/image\/\",\"url\":\"https:\/\/secure.gravatar.com\/avatar\/219e749e47ffbcca018a360ae4add7d4cdf1cdaaf8bc7676b27efade3fe65615?s=96&d=mm&r=g\",\"contentUrl\":\"https:\/\/secure.gravatar.com\/avatar\/219e749e47ffbcca018a360ae4add7d4cdf1cdaaf8bc7676b27efade3fe65615?s=96&d=mm&r=g\",\"caption\":\"J.J.\"},\"url\":\"https:\/\/vosgesinfo.fr\/saintdieinfo\/author\/j-j\/\"}]}<\/script>\n<!-- \/ Yoast SEO plugin. -->","yoast_head_json":{"title":"La FNDIRP s'oppose \u00e0 la suppression du 8 mai comme jour f\u00e9ri\u00e9 - Saint Die Info","robots":{"index":"index","follow":"follow","max-snippet":"max-snippet:-1","max-image-preview":"max-image-preview:large","max-video-preview":"max-video-preview:-1"},"canonical":"https:\/\/vosgesinfo.fr\/saintdieinfo\/2025\/07\/la-fndirp-soppose-a-la-suppression-du-8-mai-comme-jour-ferie\/","twitter_card":"summary_large_image","twitter_title":"La FNDIRP s'oppose \u00e0 la suppression du 8 mai comme jour f\u00e9ri\u00e9 - Saint Die Info","twitter_description":"La F\u00e9d\u00e9ration Nationale des D\u00e9port\u00e9s et Intern\u00e9s, R\u00e9sistants et Patriotes \u2013 FNDIRP \u2013 s\u2019oppose avec vigueur \u00e0 la proposition du [&hellip;]","twitter_image":"https:\/\/vosgesinfo.fr\/app\/uploads\/sites\/4\/2025\/07\/fndirp.jpg","twitter_creator":"@VosgesInfo88","twitter_site":"@VosgesInfo88","twitter_misc":{"\u00c9crit par":"J.J.","Dur\u00e9e de lecture estim\u00e9e":"1 minute"},"schema":{"@context":"https:\/\/schema.org","@graph":[{"@type":"Article","@id":"https:\/\/vosgesinfo.fr\/saintdieinfo\/2025\/07\/la-fndirp-soppose-a-la-suppression-du-8-mai-comme-jour-ferie\/#article","isPartOf":{"@id":"https:\/\/vosgesinfo.fr\/saintdieinfo\/2025\/07\/la-fndirp-soppose-a-la-suppression-du-8-mai-comme-jour-ferie\/"},"author":{"name":"J.J.","@id":"https:\/\/vosgesinfo.fr\/saintdieinfo\/#\/schema\/person\/fa73e9f726d67bb88f46d5b7943cb572"},"headline":"La FNDIRP s&rsquo;oppose \u00e0 la suppression du 8 mai comme jour f\u00e9ri\u00e9","datePublished":"2025-07-25T15:00:18+00:00","dateModified":"2025-07-25T14:20:42+00:00","mainEntityOfPage":{"@id":"https:\/\/vosgesinfo.fr\/saintdieinfo\/2025\/07\/la-fndirp-soppose-a-la-suppression-du-8-mai-comme-jour-ferie\/"},"wordCount":228,"commentCount":10,"publisher":{"@id":"https:\/\/vosgesinfo.fr\/saintdieinfo\/#organization"},"image":{"@id":"https:\/\/vosgesinfo.fr\/saintdieinfo\/2025\/07\/la-fndirp-soppose-a-la-suppression-du-8-mai-comme-jour-ferie\/#primaryimage"},"thumbnailUrl":"https:\/\/vosgesinfo.fr\/app\/uploads\/sites\/4\/2025\/07\/fndirp.jpg","keywords":["8 mai 1945","F\u00e9d\u00e9ration Nationale des D\u00e9port\u00e9s et Intern\u00e9s","FNDIRP","La FNDIRP s'oppose \u00e0 la suppression du 8 mai comme jour f\u00e9ri\u00e9","R\u00e9sistants et Patriotes","Suppression du 8 mai 1945 comme jour f\u00e9ri\u00e9"],"articleSection":["A la Une","Soci\u00e9t\u00e9","Vosges"],"inLanguage":"fr-FR","potentialAction":[{"@type":"CommentAction","name":"Comment","target":["https:\/\/vosgesinfo.fr\/saintdieinfo\/2025\/07\/la-fndirp-soppose-a-la-suppression-du-8-mai-comme-jour-ferie\/#respond"]}]},{"@type":"WebPage","@id":"https:\/\/vosgesinfo.fr\/saintdieinfo\/2025\/07\/la-fndirp-soppose-a-la-suppression-du-8-mai-comme-jour-ferie\/","url":"https:\/\/vosgesinfo.fr\/saintdieinfo\/2025\/07\/la-fndirp-soppose-a-la-suppression-du-8-mai-comme-jour-ferie\/","name":"La FNDIRP s'oppose \u00e0 la suppression du 8 mai comme jour f\u00e9ri\u00e9 - Saint Die Info","isPartOf":{"@id":"https:\/\/vosgesinfo.fr\/saintdieinfo\/#website"},"primaryImageOfPage":{"@id":"https:\/\/vosgesinfo.fr\/saintdieinfo\/2025\/07\/la-fndirp-soppose-a-la-suppression-du-8-mai-comme-jour-ferie\/#primaryimage"},"image":{"@id":"https:\/\/vosgesinfo.fr\/saintdieinfo\/2025\/07\/la-fndirp-soppose-a-la-suppression-du-8-mai-comme-jour-ferie\/#primaryimage"},"thumbnailUrl":"https:\/\/vosgesinfo.fr\/app\/uploads\/sites\/4\/2025\/07\/fndirp.jpg","datePublished":"2025-07-25T15:00:18+00:00","dateModified":"2025-07-25T14:20:42+00:00","breadcrumb":{"@id":"https:\/\/vosgesinfo.fr\/saintdieinfo\/2025\/07\/la-fndirp-soppose-a-la-suppression-du-8-mai-comme-jour-ferie\/#breadcrumb"},"inLanguage":"fr-FR","potentialAction":[{"@type":"ReadAction","target":["https:\/\/vosgesinfo.fr\/saintdieinfo\/2025\/07\/la-fndirp-soppose-a-la-suppression-du-8-mai-comme-jour-ferie\/"]}]},{"@type":"ImageObject","inLanguage":"fr-FR","@id":"https:\/\/vosgesinfo.fr\/saintdieinfo\/2025\/07\/la-fndirp-soppose-a-la-suppression-du-8-mai-comme-jour-ferie\/#primaryimage","url":"https:\/\/vosgesinfo.fr\/app\/uploads\/sites\/4\/2025\/07\/fndirp.jpg","contentUrl":"https:\/\/vosgesinfo.fr\/app\/uploads\/sites\/4\/2025\/07\/fndirp.jpg","width":918,"height":377},{"@type":"BreadcrumbList","@id":"https:\/\/vosgesinfo.fr\/saintdieinfo\/2025\/07\/la-fndirp-soppose-a-la-suppression-du-8-mai-comme-jour-ferie\/#breadcrumb","itemListElement":[{"@type":"ListItem","position":1,"name":"Home","item":"https:\/\/vosgesinfo.fr\/saintdieinfo\/"},{"@type":"ListItem","position":2,"name":"La FNDIRP s&rsquo;oppose \u00e0 la suppression du 8 mai comme jour f\u00e9ri\u00e9"}]},{"@type":"WebSite","@id":"https:\/\/vosgesinfo.fr\/saintdieinfo\/#website","url":"https:\/\/vosgesinfo.fr\/saintdieinfo\/","name":"Saint Die Info","description":"Toute l&#039;actualit\u00e9 de Saint-Di\u00e9-Des-Vosges","publisher":{"@id":"https:\/\/vosgesinfo.fr\/saintdieinfo\/#organization"},"alternateName":"Toute l'actualit\u00e9 de Saint-Di\u00e9-Des-Vosges","potentialAction":[{"@type":"SearchAction","target":{"@type":"EntryPoint","urlTemplate":"https:\/\/vosgesinfo.fr\/saintdieinfo\/?s={search_term_string}"},"query-input":"required name=search_term_string"}],"inLanguage":"fr-FR"},{"@type":"Organization","@id":"https:\/\/vosgesinfo.fr\/saintdieinfo\/#organization","name":"Saint Die Info","url":"https:\/\/vosgesinfo.fr\/saintdieinfo\/","logo":{"@type":"ImageObject","inLanguage":"fr-FR","@id":"https:\/\/vosgesinfo.fr\/saintdieinfo\/#\/schema\/logo\/image\/","url":"https:\/\/vosgesinfo.fr\/app\/uploads\/sites\/4\/2024\/02\/logo-sdi.jpg","contentUrl":"https:\/\/vosgesinfo.fr\/app\/uploads\/sites\/4\/2024\/02\/logo-sdi.jpg","width":600,"height":600,"caption":"Saint Die Info"},"image":{"@id":"https:\/\/vosgesinfo.fr\/saintdieinfo\/#\/schema\/logo\/image\/"},"sameAs":["https:\/\/www.facebook.com\/Saintdieinfofr","https:\/\/x.com\/VosgesInfo88","https:\/\/www.youtube.com\/@vosgesinfo"]},{"@type":"Person","@id":"https:\/\/vosgesinfo.fr\/saintdieinfo\/#\/schema\/person\/fa73e9f726d67bb88f46d5b7943cb572","name":"J.J.","image":{"@type":"ImageObject","inLanguage":"fr-FR","@id":"https:\/\/vosgesinfo.fr\/saintdieinfo\/#\/schema\/person\/image\/","url":"https:\/\/secure.gravatar.com\/avatar\/219e749e47ffbcca018a360ae4add7d4cdf1cdaaf8bc7676b27efade3fe65615?s=96&d=mm&r=g","contentUrl":"https:\/\/secure.gravatar.com\/avatar\/219e749e47ffbcca018a360ae4add7d4cdf1cdaaf8bc7676b27efade3fe65615?s=96&d=mm&r=g","caption":"J.J."},"url":"https:\/\/vosgesinfo.fr\/saintdieinfo\/author\/j-j\/"}]}},"_links":{"self":[{"href":"https:\/\/vosgesinfo.fr\/saintdieinfo\/wp-json\/wp\/v2\/posts\/80651","targetHints":{"allow":["GET"]}}],"collection":[{"href":"https:\/\/vosgesinfo.fr\/saintdieinfo\/wp-json\/wp\/v2\/posts"}],"about":[{"href":"https:\/\/vosgesinfo.fr\/saintdieinfo\/wp-json\/wp\/v2\/types\/post"}],"author":[{"embeddable":true,"href":"https:\/\/vosgesinfo.fr\/saintdieinfo\/wp-json\/wp\/v2\/users\/46"}],"replies":[{"embeddable":true,"href":"https:\/\/vosgesinfo.fr\/saintdieinfo\/wp-json\/wp\/v2\/comments?post=80651"}],"version-history":[{"count":1,"href":"https:\/\/vosgesinfo.fr\/saintdieinfo\/wp-json\/wp\/v2\/posts\/80651\/revisions"}],"predecessor-version":[{"id":80653,"href":"https:\/\/vosgesinfo.fr\/saintdieinfo\/wp-json\/wp\/v2\/posts\/80651\/revisions\/80653"}],"wp:featuredmedia":[{"embeddable":true,"href":"https:\/\/vosgesinfo.fr\/saintdieinfo\/wp-json\/wp\/v2\/media\/80652"}],"wp:attachment":[{"href":"https:\/\/vosgesinfo.fr\/saintdieinfo\/wp-json\/wp\/v2\/media?parent=80651"}],"wp:term":[{"taxonomy":"category","embeddable":true,"href":"https:\/\/vosgesinfo.fr\/saintdieinfo\/wp-json\/wp\/v2\/categories?post=80651"},{"taxonomy":"post_tag","embeddable":true,"href":"https:\/\/vosgesinfo.fr\/saintdieinfo\/wp-json\/wp\/v2\/tags?post=80651"}],"curies":[{"name":"wp","href":"https:\/\/api.w.org\/{rel}","templated":true}]}}