{"id":80658,"date":"2025-07-25T21:55:54","date_gmt":"2025-07-25T19:55:54","guid":{"rendered":"https:\/\/vosgesinfo.fr\/saintdieinfo\/?p=80658"},"modified":"2025-07-25T21:55:54","modified_gmt":"2025-07-25T19:55:54","slug":"depistage-des-cancers-dans-les-vosges-lars-grand-est-mobilisee-pour-garantir-la-continuite-et-la-proximite-de-loffre","status":"publish","type":"post","link":"https:\/\/vosgesinfo.fr\/saintdieinfo\/2025\/07\/depistage-des-cancers-dans-les-vosges-lars-grand-est-mobilisee-pour-garantir-la-continuite-et-la-proximite-de-loffre\/","title":{"rendered":"D\u00e9pistage des cancers dans les Vosges : l\u2019ARS Grand Est mobilis\u00e9e pour garantir la continuit\u00e9 et la proximit\u00e9 de l\u2019offre"},"content":{"rendered":"<p><span style=\"font-size: small;\"><br \/>\n<span style=\"font-size: 12pt;\">L\u2019Agence r\u00e9gionale de sant\u00e9 Grand Est a pris connaissance par voie de presse et sans concertation pr\u00e9alable de la fermeture de son site vosgien par le Centre r\u00e9gional de coordination des d\u00e9pistages des cancers (CRCDC) Grand Est, qui serait pr\u00e9vue pour octobre 2025.<\/span><br \/>\n<span style=\"font-size: 12pt;\">L\u2019ARS tient \u00e0 r\u00e9affirmer son attachement \u00e0 une offre de soins et de pr\u00e9vention de proximit\u00e9, accessible \u00e0 tous et de fa\u00e7on \u00e9quitable. Le d\u00e9pistage organis\u00e9 des cancers constitue un enjeu majeur de sant\u00e9 publique, et sa coordination doit s\u2019adapter aux \u00e9volutions des besoins tout en restant au plus pr\u00e8s des habitants et des professionnels.<\/span><br \/>\n<span style=\"font-size: 12pt;\">Afin de garantir la qualit\u00e9 de cette prise en charge et de s\u00e9curiser son organisation r\u00e9gionale et territoriale, l\u2019Agence sera attentive \u00e0 ce que le CRCDC Grand Est assure la continuit\u00e9 de l\u2019ensemble de ses missions sur le territoire vosgien, avec le niveau de professionnalisme et de qualit\u00e9 des actions actuellement mis en oeuvre par ses \u00e9quipes territoriales. C\u2019est dans cette optique que l\u2019ARS attribue chaque ann\u00e9e des financements cons\u00e9quents au CRCDC, et les derni\u00e8res dotations discut\u00e9es avec le Centre, combin\u00e9es aux r\u00e9serves de tr\u00e9sorerie de la structure en raison du non-engagement de fonds pr\u00e9c\u00e9demment vers\u00e9s, doivent permettre au CRCDC d\u2019exercer la pl\u00e9nitude de ses missions en tout point du territoire.<\/span><br \/>\n<span style=\"font-size: 12pt;\">Afin de pr\u00e9server cette offre dans la dur\u00e9e, l\u2019ARS Grand Est lancera d\u2019ici la fin de l\u2019ann\u00e9e 2025 un appel \u00e0 manifestation d\u2019int\u00e9r\u00eat (AMI), comme annonc\u00e9 par le Ministre de la Sant\u00e9. Cet AMI permettra de s\u00e9lectionner l\u2019op\u00e9rateur qui assurera la coordination des d\u00e9pistages des cancers dans les Vosges et \u00e0 l\u2019\u00e9chelle r\u00e9gionale.<\/span><br \/>\n<span style=\"font-size: 12pt;\">La possibilit\u00e9 de candidater sera ouverte \u00e0 diff\u00e9rents porteurs dont le CRCDC et l\u2019ARS veillera \u00e0 associer les principaux acteurs concern\u00e9s par cette transition en r\u00e9gion, dans un souci de concertation et de transparence, avec l\u2019objectif partag\u00e9 de maintenir une offre de d\u00e9pistage efficace de qualit\u00e9, coordonn\u00e9e et accessible \u00e0 tous sur l\u2019ensemble des territoires du Grand Est.<\/span><a id=\"LPlnk688976\" title=\"https:\/\/my.raceresult.com\/351686\/\" href=\"https:\/\/my.raceresult.com\/351686\/\" target=\"_blank\" rel=\"noopener noreferrer\" data-auth=\"NotApplicable\" data-linkindex=\"0\"><\/a><\/span><\/p>\n<p>L\u2019Agence reste par ailleurs attentive au respect du droit du travail et aux conditions de travail des salari\u00e9s des structures qu\u2019elle soutient. Elle sera vigilante quant au bon d\u00e9roulement du dialogue social au sein du CRCDC dans ce contexte de transition ainsi que dans le cadre de l\u2019appel \u00e0 manifestation d\u2019int\u00e9r\u00eat, avec l\u2019objectif affirm\u00e9 dans tous les cas de figure de pouvoir capitaliser sur les exp\u00e9riences et comp\u00e9tences des professionnels qui assurent ces missions au quotidien.<\/p>\n","protected":false},"excerpt":{"rendered":"<p>L\u2019Agence r\u00e9gionale de sant\u00e9 Grand Est a pris connaissance par voie de presse et sans concertation pr\u00e9alable de la fermeture [&hellip;]<\/p>\n","protected":false},"author":391,"featured_media":80659,"comment_status":"open","ping_status":"open","sticky":false,"template":"","format":"standard","meta":{"footnotes":""},"categories":[460,5392,5391,5389,4099,4100,4152],"tags":[],"class_list":["post-80658","post","type-post","status-publish","format-standard","has-post-thumbnail","hentry","category-a-la-une","category-epinal","category-gerardmer","category-la-plaine-des-vosges","category-remiremont","category-saint-die","category-sante"],"acf":[],"yoast_head":"<!-- This site is optimized with the Yoast SEO plugin v22.5 - https:\/\/yoast.com\/wordpress\/plugins\/seo\/ -->\n<title>D\u00e9pistage des cancers dans les Vosges : l\u2019ARS Grand Est mobilis\u00e9e pour garantir la continuit\u00e9 et la proximit\u00e9 de l\u2019offre - Saint Die Info<\/title>\n<meta name=\"robots\" content=\"index, follow, max-snippet:-1, max-image-preview:large, max-video-preview:-1\" \/>\n<link rel=\"canonical\" href=\"https:\/\/vosgesinfo.fr\/saintdieinfo\/2025\/07\/depistage-des-cancers-dans-les-vosges-lars-grand-est-mobilisee-pour-garantir-la-continuite-et-la-proximite-de-loffre\/\" \/>\n<meta name=\"twitter:card\" content=\"summary_large_image\" \/>\n<meta name=\"twitter:title\" content=\"D\u00e9pistage des cancers dans les Vosges : l\u2019ARS Grand Est mobilis\u00e9e pour garantir la continuit\u00e9 et la proximit\u00e9 de l\u2019offre - Saint Die Info\" \/>\n<meta name=\"twitter:description\" content=\"L\u2019Agence r\u00e9gionale de sant\u00e9 Grand Est a pris connaissance par voie de presse et sans concertation pr\u00e9alable de la fermeture [&hellip;]\" \/>\n<meta name=\"twitter:image\" content=\"https:\/\/vosgesinfo.fr\/app\/uploads\/sites\/4\/2025\/07\/202112logo-ars-grand-est.jpg\" \/>\n<meta name=\"twitter:creator\" content=\"@VosgesInfo88\" \/>\n<meta name=\"twitter:site\" content=\"@VosgesInfo88\" \/>\n<meta name=\"twitter:label1\" content=\"\u00c9crit par\" \/>\n\t<meta name=\"twitter:data1\" content=\"La redaction\" \/>\n\t<meta name=\"twitter:label2\" content=\"Dur\u00e9e de lecture estim\u00e9e\" \/>\n\t<meta name=\"twitter:data2\" content=\"2 minutes\" \/>\n<script type=\"application\/ld+json\" class=\"yoast-schema-graph\">{\"@context\":\"https:\/\/schema.org\",\"@graph\":[{\"@type\":\"Article\",\"@id\":\"https:\/\/vosgesinfo.fr\/saintdieinfo\/2025\/07\/depistage-des-cancers-dans-les-vosges-lars-grand-est-mobilisee-pour-garantir-la-continuite-et-la-proximite-de-loffre\/#article\",\"isPartOf\":{\"@id\":\"https:\/\/vosgesinfo.fr\/saintdieinfo\/2025\/07\/depistage-des-cancers-dans-les-vosges-lars-grand-est-mobilisee-pour-garantir-la-continuite-et-la-proximite-de-loffre\/\"},\"author\":{\"name\":\"La redaction\",\"@id\":\"https:\/\/vosgesinfo.fr\/saintdieinfo\/#\/schema\/person\/27a3695b06db98895b354c0765cdfc31\"},\"headline\":\"D\u00e9pistage des cancers dans les Vosges : l\u2019ARS Grand Est mobilis\u00e9e pour garantir la continuit\u00e9 et la proximit\u00e9 de l\u2019offre\",\"datePublished\":\"2025-07-25T19:55:54+00:00\",\"dateModified\":\"2025-07-25T19:55:54+00:00\",\"mainEntityOfPage\":{\"@id\":\"https:\/\/vosgesinfo.fr\/saintdieinfo\/2025\/07\/depistage-des-cancers-dans-les-vosges-lars-grand-est-mobilisee-pour-garantir-la-continuite-et-la-proximite-de-loffre\/\"},\"wordCount\":472,\"commentCount\":1,\"publisher\":{\"@id\":\"https:\/\/vosgesinfo.fr\/saintdieinfo\/#organization\"},\"image\":{\"@id\":\"https:\/\/vosgesinfo.fr\/saintdieinfo\/2025\/07\/depistage-des-cancers-dans-les-vosges-lars-grand-est-mobilisee-pour-garantir-la-continuite-et-la-proximite-de-loffre\/#primaryimage\"},\"thumbnailUrl\":\"https:\/\/vosgesinfo.fr\/app\/uploads\/sites\/4\/2025\/07\/202112logo-ars-grand-est.jpg\",\"articleSection\":[\"A la Une\",\"Epinal\",\"Gerardmer\",\"La plaine des vosges\",\"Remiremont\",\"Saint-di\u00e9\",\"Sant\u00e9\"],\"inLanguage\":\"fr-FR\",\"potentialAction\":[{\"@type\":\"CommentAction\",\"name\":\"Comment\",\"target\":[\"https:\/\/vosgesinfo.fr\/saintdieinfo\/2025\/07\/depistage-des-cancers-dans-les-vosges-lars-grand-est-mobilisee-pour-garantir-la-continuite-et-la-proximite-de-loffre\/#respond\"]}]},{\"@type\":\"WebPage\",\"@id\":\"https:\/\/vosgesinfo.fr\/saintdieinfo\/2025\/07\/depistage-des-cancers-dans-les-vosges-lars-grand-est-mobilisee-pour-garantir-la-continuite-et-la-proximite-de-loffre\/\",\"url\":\"https:\/\/vosgesinfo.fr\/saintdieinfo\/2025\/07\/depistage-des-cancers-dans-les-vosges-lars-grand-est-mobilisee-pour-garantir-la-continuite-et-la-proximite-de-loffre\/\",\"name\":\"D\u00e9pistage des cancers dans les Vosges : l\u2019ARS Grand Est mobilis\u00e9e pour garantir la continuit\u00e9 et la proximit\u00e9 de l\u2019offre - Saint Die Info\",\"isPartOf\":{\"@id\":\"https:\/\/vosgesinfo.fr\/saintdieinfo\/#website\"},\"primaryImageOfPage\":{\"@id\":\"https:\/\/vosgesinfo.fr\/saintdieinfo\/2025\/07\/depistage-des-cancers-dans-les-vosges-lars-grand-est-mobilisee-pour-garantir-la-continuite-et-la-proximite-de-loffre\/#primaryimage\"},\"image\":{\"@id\":\"https:\/\/vosgesinfo.fr\/saintdieinfo\/2025\/07\/depistage-des-cancers-dans-les-vosges-lars-grand-est-mobilisee-pour-garantir-la-continuite-et-la-proximite-de-loffre\/#primaryimage\"},\"thumbnailUrl\":\"https:\/\/vosgesinfo.fr\/app\/uploads\/sites\/4\/2025\/07\/202112logo-ars-grand-est.jpg\",\"datePublished\":\"2025-07-25T19:55:54+00:00\",\"dateModified\":\"2025-07-25T19:55:54+00:00\",\"breadcrumb\":{\"@id\":\"https:\/\/vosgesinfo.fr\/saintdieinfo\/2025\/07\/depistage-des-cancers-dans-les-vosges-lars-grand-est-mobilisee-pour-garantir-la-continuite-et-la-proximite-de-loffre\/#breadcrumb\"},\"inLanguage\":\"fr-FR\",\"potentialAction\":[{\"@type\":\"ReadAction\",\"target\":[\"https:\/\/vosgesinfo.fr\/saintdieinfo\/2025\/07\/depistage-des-cancers-dans-les-vosges-lars-grand-est-mobilisee-pour-garantir-la-continuite-et-la-proximite-de-loffre\/\"]}]},{\"@type\":\"ImageObject\",\"inLanguage\":\"fr-FR\",\"@id\":\"https:\/\/vosgesinfo.fr\/saintdieinfo\/2025\/07\/depistage-des-cancers-dans-les-vosges-lars-grand-est-mobilisee-pour-garantir-la-continuite-et-la-proximite-de-loffre\/#primaryimage\",\"url\":\"https:\/\/vosgesinfo.fr\/app\/uploads\/sites\/4\/2025\/07\/202112logo-ars-grand-est.jpg\",\"contentUrl\":\"https:\/\/vosgesinfo.fr\/app\/uploads\/sites\/4\/2025\/07\/202112logo-ars-grand-est.jpg\",\"width\":400,\"height\":400},{\"@type\":\"BreadcrumbList\",\"@id\":\"https:\/\/vosgesinfo.fr\/saintdieinfo\/2025\/07\/depistage-des-cancers-dans-les-vosges-lars-grand-est-mobilisee-pour-garantir-la-continuite-et-la-proximite-de-loffre\/#breadcrumb\",\"itemListElement\":[{\"@type\":\"ListItem\",\"position\":1,\"name\":\"Home\",\"item\":\"https:\/\/vosgesinfo.fr\/saintdieinfo\/\"},{\"@type\":\"ListItem\",\"position\":2,\"name\":\"D\u00e9pistage des cancers dans les Vosges : l\u2019ARS Grand Est mobilis\u00e9e pour garantir la continuit\u00e9 et la proximit\u00e9 de l\u2019offre\"}]},{\"@type\":\"WebSite\",\"@id\":\"https:\/\/vosgesinfo.fr\/saintdieinfo\/#website\",\"url\":\"https:\/\/vosgesinfo.fr\/saintdieinfo\/\",\"name\":\"Saint Die Info\",\"description\":\"Toute l&#039;actualit\u00e9 de Saint-Di\u00e9-Des-Vosges\",\"publisher\":{\"@id\":\"https:\/\/vosgesinfo.fr\/saintdieinfo\/#organization\"},\"alternateName\":\"Toute l'actualit\u00e9 de Saint-Di\u00e9-Des-Vosges\",\"potentialAction\":[{\"@type\":\"SearchAction\",\"target\":{\"@type\":\"EntryPoint\",\"urlTemplate\":\"https:\/\/vosgesinfo.fr\/saintdieinfo\/?s={search_term_string}\"},\"query-input\":\"required name=search_term_string\"}],\"inLanguage\":\"fr-FR\"},{\"@type\":\"Organization\",\"@id\":\"https:\/\/vosgesinfo.fr\/saintdieinfo\/#organization\",\"name\":\"Saint Die Info\",\"url\":\"https:\/\/vosgesinfo.fr\/saintdieinfo\/\",\"logo\":{\"@type\":\"ImageObject\",\"inLanguage\":\"fr-FR\",\"@id\":\"https:\/\/vosgesinfo.fr\/saintdieinfo\/#\/schema\/logo\/image\/\",\"url\":\"https:\/\/vosgesinfo.fr\/app\/uploads\/sites\/4\/2024\/02\/logo-sdi.jpg\",\"contentUrl\":\"https:\/\/vosgesinfo.fr\/app\/uploads\/sites\/4\/2024\/02\/logo-sdi.jpg\",\"width\":600,\"height\":600,\"caption\":\"Saint Die Info\"},\"image\":{\"@id\":\"https:\/\/vosgesinfo.fr\/saintdieinfo\/#\/schema\/logo\/image\/\"},\"sameAs\":[\"https:\/\/www.facebook.com\/Saintdieinfofr\",\"https:\/\/x.com\/VosgesInfo88\",\"https:\/\/www.youtube.com\/@vosgesinfo\"]},{\"@type\":\"Person\",\"@id\":\"https:\/\/vosgesinfo.fr\/saintdieinfo\/#\/schema\/person\/27a3695b06db98895b354c0765cdfc31\",\"name\":\"La redaction\",\"image\":{\"@type\":\"ImageObject\",\"inLanguage\":\"fr-FR\",\"@id\":\"https:\/\/vosgesinfo.fr\/saintdieinfo\/#\/schema\/person\/image\/\",\"url\":\"https:\/\/secure.gravatar.com\/avatar\/64c76a78e501cedee55736f43f332df901e1896ae9cd8fad269ae2236dd0e8b6?s=96&d=mm&r=g\",\"contentUrl\":\"https:\/\/secure.gravatar.com\/avatar\/64c76a78e501cedee55736f43f332df901e1896ae9cd8fad269ae2236dd0e8b6?s=96&d=mm&r=g\",\"caption\":\"La redaction\"},\"url\":\"https:\/\/vosgesinfo.fr\/saintdieinfo\/author\/la-redaction\/\"}]}<\/script>\n<!-- \/ Yoast SEO plugin. -->","yoast_head_json":{"title":"D\u00e9pistage des cancers dans les Vosges : l\u2019ARS Grand Est mobilis\u00e9e pour garantir la continuit\u00e9 et la proximit\u00e9 de l\u2019offre - Saint Die Info","robots":{"index":"index","follow":"follow","max-snippet":"max-snippet:-1","max-image-preview":"max-image-preview:large","max-video-preview":"max-video-preview:-1"},"canonical":"https:\/\/vosgesinfo.fr\/saintdieinfo\/2025\/07\/depistage-des-cancers-dans-les-vosges-lars-grand-est-mobilisee-pour-garantir-la-continuite-et-la-proximite-de-loffre\/","twitter_card":"summary_large_image","twitter_title":"D\u00e9pistage des cancers dans les Vosges : l\u2019ARS Grand Est mobilis\u00e9e pour garantir la continuit\u00e9 et la proximit\u00e9 de l\u2019offre - Saint Die Info","twitter_description":"L\u2019Agence r\u00e9gionale de sant\u00e9 Grand Est a pris connaissance par voie de presse et sans concertation pr\u00e9alable de la fermeture [&hellip;]","twitter_image":"https:\/\/vosgesinfo.fr\/app\/uploads\/sites\/4\/2025\/07\/202112logo-ars-grand-est.jpg","twitter_creator":"@VosgesInfo88","twitter_site":"@VosgesInfo88","twitter_misc":{"\u00c9crit par":"La redaction","Dur\u00e9e de lecture estim\u00e9e":"2 minutes"},"schema":{"@context":"https:\/\/schema.org","@graph":[{"@type":"Article","@id":"https:\/\/vosgesinfo.fr\/saintdieinfo\/2025\/07\/depistage-des-cancers-dans-les-vosges-lars-grand-est-mobilisee-pour-garantir-la-continuite-et-la-proximite-de-loffre\/#article","isPartOf":{"@id":"https:\/\/vosgesinfo.fr\/saintdieinfo\/2025\/07\/depistage-des-cancers-dans-les-vosges-lars-grand-est-mobilisee-pour-garantir-la-continuite-et-la-proximite-de-loffre\/"},"author":{"name":"La redaction","@id":"https:\/\/vosgesinfo.fr\/saintdieinfo\/#\/schema\/person\/27a3695b06db98895b354c0765cdfc31"},"headline":"D\u00e9pistage des cancers dans les Vosges : l\u2019ARS Grand Est mobilis\u00e9e pour garantir la continuit\u00e9 et la proximit\u00e9 de l\u2019offre","datePublished":"2025-07-25T19:55:54+00:00","dateModified":"2025-07-25T19:55:54+00:00","mainEntityOfPage":{"@id":"https:\/\/vosgesinfo.fr\/saintdieinfo\/2025\/07\/depistage-des-cancers-dans-les-vosges-lars-grand-est-mobilisee-pour-garantir-la-continuite-et-la-proximite-de-loffre\/"},"wordCount":472,"commentCount":1,"publisher":{"@id":"https:\/\/vosgesinfo.fr\/saintdieinfo\/#organization"},"image":{"@id":"https:\/\/vosgesinfo.fr\/saintdieinfo\/2025\/07\/depistage-des-cancers-dans-les-vosges-lars-grand-est-mobilisee-pour-garantir-la-continuite-et-la-proximite-de-loffre\/#primaryimage"},"thumbnailUrl":"https:\/\/vosgesinfo.fr\/app\/uploads\/sites\/4\/2025\/07\/202112logo-ars-grand-est.jpg","articleSection":["A la Une","Epinal","Gerardmer","La plaine des vosges","Remiremont","Saint-di\u00e9","Sant\u00e9"],"inLanguage":"fr-FR","potentialAction":[{"@type":"CommentAction","name":"Comment","target":["https:\/\/vosgesinfo.fr\/saintdieinfo\/2025\/07\/depistage-des-cancers-dans-les-vosges-lars-grand-est-mobilisee-pour-garantir-la-continuite-et-la-proximite-de-loffre\/#respond"]}]},{"@type":"WebPage","@id":"https:\/\/vosgesinfo.fr\/saintdieinfo\/2025\/07\/depistage-des-cancers-dans-les-vosges-lars-grand-est-mobilisee-pour-garantir-la-continuite-et-la-proximite-de-loffre\/","url":"https:\/\/vosgesinfo.fr\/saintdieinfo\/2025\/07\/depistage-des-cancers-dans-les-vosges-lars-grand-est-mobilisee-pour-garantir-la-continuite-et-la-proximite-de-loffre\/","name":"D\u00e9pistage des cancers dans les Vosges : l\u2019ARS Grand Est mobilis\u00e9e pour garantir la continuit\u00e9 et la proximit\u00e9 de l\u2019offre - Saint Die Info","isPartOf":{"@id":"https:\/\/vosgesinfo.fr\/saintdieinfo\/#website"},"primaryImageOfPage":{"@id":"https:\/\/vosgesinfo.fr\/saintdieinfo\/2025\/07\/depistage-des-cancers-dans-les-vosges-lars-grand-est-mobilisee-pour-garantir-la-continuite-et-la-proximite-de-loffre\/#primaryimage"},"image":{"@id":"https:\/\/vosgesinfo.fr\/saintdieinfo\/2025\/07\/depistage-des-cancers-dans-les-vosges-lars-grand-est-mobilisee-pour-garantir-la-continuite-et-la-proximite-de-loffre\/#primaryimage"},"thumbnailUrl":"https:\/\/vosgesinfo.fr\/app\/uploads\/sites\/4\/2025\/07\/202112logo-ars-grand-est.jpg","datePublished":"2025-07-25T19:55:54+00:00","dateModified":"2025-07-25T19:55:54+00:00","breadcrumb":{"@id":"https:\/\/vosgesinfo.fr\/saintdieinfo\/2025\/07\/depistage-des-cancers-dans-les-vosges-lars-grand-est-mobilisee-pour-garantir-la-continuite-et-la-proximite-de-loffre\/#breadcrumb"},"inLanguage":"fr-FR","potentialAction":[{"@type":"ReadAction","target":["https:\/\/vosgesinfo.fr\/saintdieinfo\/2025\/07\/depistage-des-cancers-dans-les-vosges-lars-grand-est-mobilisee-pour-garantir-la-continuite-et-la-proximite-de-loffre\/"]}]},{"@type":"ImageObject","inLanguage":"fr-FR","@id":"https:\/\/vosgesinfo.fr\/saintdieinfo\/2025\/07\/depistage-des-cancers-dans-les-vosges-lars-grand-est-mobilisee-pour-garantir-la-continuite-et-la-proximite-de-loffre\/#primaryimage","url":"https:\/\/vosgesinfo.fr\/app\/uploads\/sites\/4\/2025\/07\/202112logo-ars-grand-est.jpg","contentUrl":"https:\/\/vosgesinfo.fr\/app\/uploads\/sites\/4\/2025\/07\/202112logo-ars-grand-est.jpg","width":400,"height":400},{"@type":"BreadcrumbList","@id":"https:\/\/vosgesinfo.fr\/saintdieinfo\/2025\/07\/depistage-des-cancers-dans-les-vosges-lars-grand-est-mobilisee-pour-garantir-la-continuite-et-la-proximite-de-loffre\/#breadcrumb","itemListElement":[{"@type":"ListItem","position":1,"name":"Home","item":"https:\/\/vosgesinfo.fr\/saintdieinfo\/"},{"@type":"ListItem","position":2,"name":"D\u00e9pistage des cancers dans les Vosges : l\u2019ARS Grand Est mobilis\u00e9e pour garantir la continuit\u00e9 et la proximit\u00e9 de l\u2019offre"}]},{"@type":"WebSite","@id":"https:\/\/vosgesinfo.fr\/saintdieinfo\/#website","url":"https:\/\/vosgesinfo.fr\/saintdieinfo\/","name":"Saint Die Info","description":"Toute l&#039;actualit\u00e9 de Saint-Di\u00e9-Des-Vosges","publisher":{"@id":"https:\/\/vosgesinfo.fr\/saintdieinfo\/#organization"},"alternateName":"Toute l'actualit\u00e9 de Saint-Di\u00e9-Des-Vosges","potentialAction":[{"@type":"SearchAction","target":{"@type":"EntryPoint","urlTemplate":"https:\/\/vosgesinfo.fr\/saintdieinfo\/?s={search_term_string}"},"query-input":"required name=search_term_string"}],"inLanguage":"fr-FR"},{"@type":"Organization","@id":"https:\/\/vosgesinfo.fr\/saintdieinfo\/#organization","name":"Saint Die Info","url":"https:\/\/vosgesinfo.fr\/saintdieinfo\/","logo":{"@type":"ImageObject","inLanguage":"fr-FR","@id":"https:\/\/vosgesinfo.fr\/saintdieinfo\/#\/schema\/logo\/image\/","url":"https:\/\/vosgesinfo.fr\/app\/uploads\/sites\/4\/2024\/02\/logo-sdi.jpg","contentUrl":"https:\/\/vosgesinfo.fr\/app\/uploads\/sites\/4\/2024\/02\/logo-sdi.jpg","width":600,"height":600,"caption":"Saint Die Info"},"image":{"@id":"https:\/\/vosgesinfo.fr\/saintdieinfo\/#\/schema\/logo\/image\/"},"sameAs":["https:\/\/www.facebook.com\/Saintdieinfofr","https:\/\/x.com\/VosgesInfo88","https:\/\/www.youtube.com\/@vosgesinfo"]},{"@type":"Person","@id":"https:\/\/vosgesinfo.fr\/saintdieinfo\/#\/schema\/person\/27a3695b06db98895b354c0765cdfc31","name":"La redaction","image":{"@type":"ImageObject","inLanguage":"fr-FR","@id":"https:\/\/vosgesinfo.fr\/saintdieinfo\/#\/schema\/person\/image\/","url":"https:\/\/secure.gravatar.com\/avatar\/64c76a78e501cedee55736f43f332df901e1896ae9cd8fad269ae2236dd0e8b6?s=96&d=mm&r=g","contentUrl":"https:\/\/secure.gravatar.com\/avatar\/64c76a78e501cedee55736f43f332df901e1896ae9cd8fad269ae2236dd0e8b6?s=96&d=mm&r=g","caption":"La redaction"},"url":"https:\/\/vosgesinfo.fr\/saintdieinfo\/author\/la-redaction\/"}]}},"_links":{"self":[{"href":"https:\/\/vosgesinfo.fr\/saintdieinfo\/wp-json\/wp\/v2\/posts\/80658","targetHints":{"allow":["GET"]}}],"collection":[{"href":"https:\/\/vosgesinfo.fr\/saintdieinfo\/wp-json\/wp\/v2\/posts"}],"about":[{"href":"https:\/\/vosgesinfo.fr\/saintdieinfo\/wp-json\/wp\/v2\/types\/post"}],"author":[{"embeddable":true,"href":"https:\/\/vosgesinfo.fr\/saintdieinfo\/wp-json\/wp\/v2\/users\/391"}],"replies":[{"embeddable":true,"href":"https:\/\/vosgesinfo.fr\/saintdieinfo\/wp-json\/wp\/v2\/comments?post=80658"}],"version-history":[{"count":0,"href":"https:\/\/vosgesinfo.fr\/saintdieinfo\/wp-json\/wp\/v2\/posts\/80658\/revisions"}],"wp:featuredmedia":[{"embeddable":true,"href":"https:\/\/vosgesinfo.fr\/saintdieinfo\/wp-json\/wp\/v2\/media\/80659"}],"wp:attachment":[{"href":"https:\/\/vosgesinfo.fr\/saintdieinfo\/wp-json\/wp\/v2\/media?parent=80658"}],"wp:term":[{"taxonomy":"category","embeddable":true,"href":"https:\/\/vosgesinfo.fr\/saintdieinfo\/wp-json\/wp\/v2\/categories?post=80658"},{"taxonomy":"post_tag","embeddable":true,"href":"https:\/\/vosgesinfo.fr\/saintdieinfo\/wp-json\/wp\/v2\/tags?post=80658"}],"curies":[{"name":"wp","href":"https:\/\/api.w.org\/{rel}","templated":true}]}}