{"id":80661,"date":"2025-07-26T10:19:11","date_gmt":"2025-07-26T08:19:11","guid":{"rendered":"https:\/\/vosgesinfo.fr\/saintdieinfo\/?p=80661"},"modified":"2025-07-26T10:19:11","modified_gmt":"2025-07-26T08:19:11","slug":"a-loccasion-de-la-fete-nationale-cubaine-ce-samedi-26-juillet-le-pcf-lance-une-grande-campagne-de-solidarite-soutien-politique-humanitaire-et-populaire","status":"publish","type":"post","link":"https:\/\/vosgesinfo.fr\/saintdieinfo\/2025\/07\/a-loccasion-de-la-fete-nationale-cubaine-ce-samedi-26-juillet-le-pcf-lance-une-grande-campagne-de-solidarite-soutien-politique-humanitaire-et-populaire\/","title":{"rendered":"\u00c0 l\u2019occasion de la f\u00eate nationale cubaine ce samedi 26 Juillet, le PCF lance une grande campagne de solidarit\u00e9 : soutien politique, humanitaire et populaire"},"content":{"rendered":"<p><a href=\"https:\/\/vosgesinfo.fr\/app\/uploads\/sites\/3\/2025\/07\/solidarite-cuba-111.jpg\"><img decoding=\"async\" class=\"alignnone size-full wp-image-133969\" src=\"https:\/\/vosgesinfo.fr\/app\/uploads\/sites\/3\/2025\/07\/solidarite-cuba-111.jpg\" alt=\"\" width=\"864\" height=\"1152\" \/><\/a>Ces derni\u00e8res ann\u00e9es, un mur d\u2019indiff\u00e9rence et de pr\u00e9jug\u00e9s semblait s\u2019\u00eatre dress\u00e9 en m\u00eame temps que le blocus le plus long de l\u2019histoire, autour de l\u2019\u00eele r\u00e9volutionnaire, Cuba.<br \/>\nEn r\u00e9alit\u00e9, loin de s\u2019\u00eatre am\u00e9lior\u00e9e, la situation sur l\u2019\u00eele est extr\u00eamement pr\u00e9occupante. Plus qu\u2019un maintien du blocus par les administrations \u00e9tasuniennes successives, la population cubaine conna\u00eet un v\u00e9ritable durcissement de l\u2019\u00e9tau. Comme ses pr\u00e9d\u00e9cesseurs, l\u2019actuel locataire de la Maison Blanche intensifie la pression politique en violant notamment la souverainet\u00e9 des \u00e9tats \u00e9trangers, autorisant le d\u00e9p\u00f4t de plainte contre toute personne ou entreprise qui \u00ab trafique \u00bb avec celles nationalis\u00e9es par la r\u00e9volution. Des amendes frappent les navires qui livrent du p\u00e9trole \u00e0 Cuba, ou sont inflig\u00e9es \u00e0 des banques europ\u00e9ennes par les \u00c9tats-Unis. Ces derniers dictent \u00e0 la France et au monde leur politique \u00e9trang\u00e8re et commerciale. Une atteinte inacceptable \u00e0 notre souverainet\u00e9 !<br \/>\n\u00c0 Cuba, les cons\u00e9quences du blocus dont l&rsquo;objectif est de s\u2019attaquer au caract\u00e8re socialiste de la r\u00e9volution en provoquant d\u00e9ception et d\u00e9couragement par la p\u00e9nurie, sont terribles.<br \/>\nJamais autant qu\u2019aujourd\u2019hui le peuple cubain n\u2019avait connu des carences en mati\u00e8re de m\u00e9dicaments, d\u2019aliments ou de carburant aussi extr\u00eames, nous dit Otto Vaillant Frias, l\u2019ambassadeur de Cuba en France. Mais Cuba est \u00ab une \u00e9toile dans la nuit \u00bb (dixit Andr\u00e9 Chassaigne, ancien pr\u00e9sident du groupe Gauche D\u00e9mocrate et R\u00e9publicaine \u00e0 l\u2019Assembl\u00e9e Nationale). Malgr\u00e9 et contre le blocus, Cuba est devenue la puissance solidaire qui a soign\u00e9 19mille Ukrainiens apr\u00e8s la catastrophe de Tchernobyl, envoy\u00e9 des brigades m\u00e9dicales lutter contre \u00c9bola en Afrique, d\u00e9p\u00each\u00e9 1 900 m\u00e9decins et infirmi\u00e8res dans 26 pays dont l&rsquo;Italie,l&rsquo;Andorre, la France (Martinique en 2020) pour lutter contre l&rsquo;\u00e9pid\u00e9mie de Covid.<br \/>\nLe Parti Communiste Fran\u00e7ais est fier des liens historiques de fraternit\u00e9 qu\u2019il a nou\u00e9 avec Cuba Socialiste. De toute la France des actions de solidarit\u00e9 se d\u00e9ploient dans le cadre d\u2019une campagne<br \/>\nnationale du Parti Communiste Fran\u00e7ais.<br \/>\nDans les Vosges, la section de l&rsquo;Ouest Vosgien du PCF s\u2019emploie \u00e0 collecter des m\u00e9dicaments et du mat\u00e9riel m\u00e9dical. Depuis plusieurs mois, les collecteurs recueillent les dons, \u00e0 qui une bo\u00eete d\u2019antibiotiques, \u00e0 qui un carton de pansements. Le r\u00e9sultat de cette mobilisation est d\u00e9j\u00e0 cons\u00e9quent. L&rsquo;association Cuba Coop\u00e9ration Doubs, la CGT CH Ravenel et \u00e0 la CGT Sant\u00e9 et Action Sociale des Vosges apportent \u00e0 cette campagne un soutien appuy\u00e9. Merci et bravo \u00e0 tous les donateurs.<br \/>\nLes dons sont pour l\u2019instant stock\u00e9s et seront prochainement tri\u00e9s et manutentionn\u00e9s. Nous nous engageons \u00e0 communiquer sur l\u2019acheminement du prochain container. Nous poursuivons les collectes et appelons la population \u00e0 donner m\u00e9dicaments et mat\u00e9riel m\u00e9dical en solidarit\u00e9 avec Cuba et pour d\u00e9noncer le blocus criminel.<br \/>\nContre l\u2019imp\u00e9rialisme \u00e9tats-unien, Pour le peuple et la R\u00e9volution cubaine ! La lutte continue<br \/>\n<strong>Bernard Daviller,Victorien Durieux,<\/strong><br \/>\n<strong>Co-secr\u00e9taires de la section de l\u2019Ouest Vosgien du PCF<\/strong><\/p>\n","protected":false},"excerpt":{"rendered":"<p>Ces derni\u00e8res ann\u00e9es, un mur d\u2019indiff\u00e9rence et de pr\u00e9jug\u00e9s semblait s\u2019\u00eatre dress\u00e9 en m\u00eame temps que le blocus le plus [&hellip;]<\/p>\n","protected":false},"author":39,"featured_media":80662,"comment_status":"open","ping_status":"open","sticky":false,"template":"","format":"standard","meta":{"footnotes":""},"categories":[460,5392,5391,5389,4099,4100],"tags":[],"class_list":["post-80661","post","type-post","status-publish","format-standard","has-post-thumbnail","hentry","category-a-la-une","category-epinal","category-gerardmer","category-la-plaine-des-vosges","category-remiremont","category-saint-die"],"acf":[],"yoast_head":"<!-- This site is optimized with the Yoast SEO plugin v22.5 - https:\/\/yoast.com\/wordpress\/plugins\/seo\/ -->\n<title>\u00c0 l\u2019occasion de la f\u00eate nationale cubaine ce samedi 26 Juillet, le PCF lance une grande campagne de solidarit\u00e9 : soutien politique, humanitaire et populaire - Saint Die Info<\/title>\n<meta name=\"robots\" content=\"index, follow, max-snippet:-1, max-image-preview:large, max-video-preview:-1\" \/>\n<link rel=\"canonical\" href=\"https:\/\/vosgesinfo.fr\/saintdieinfo\/2025\/07\/a-loccasion-de-la-fete-nationale-cubaine-ce-samedi-26-juillet-le-pcf-lance-une-grande-campagne-de-solidarite-soutien-politique-humanitaire-et-populaire\/\" \/>\n<meta name=\"twitter:card\" content=\"summary_large_image\" \/>\n<meta name=\"twitter:title\" content=\"\u00c0 l\u2019occasion de la f\u00eate nationale cubaine ce samedi 26 Juillet, le PCF lance une grande campagne de solidarit\u00e9 : soutien politique, humanitaire et populaire - Saint Die Info\" \/>\n<meta name=\"twitter:description\" content=\"Ces derni\u00e8res ann\u00e9es, un mur d\u2019indiff\u00e9rence et de pr\u00e9jug\u00e9s semblait s\u2019\u00eatre dress\u00e9 en m\u00eame temps que le blocus le plus [&hellip;]\" \/>\n<meta name=\"twitter:image\" content=\"https:\/\/vosgesinfo.fr\/app\/uploads\/sites\/4\/2025\/07\/solidarite-cuba-111.jpg\" \/>\n<meta name=\"twitter:creator\" content=\"@VosgesInfo88\" \/>\n<meta name=\"twitter:site\" content=\"@VosgesInfo88\" \/>\n<meta name=\"twitter:label1\" content=\"\u00c9crit par\" \/>\n\t<meta name=\"twitter:data1\" content=\"Phj\" \/>\n\t<meta name=\"twitter:label2\" content=\"Dur\u00e9e de lecture estim\u00e9e\" \/>\n\t<meta name=\"twitter:data2\" content=\"3 minutes\" \/>\n<script type=\"application\/ld+json\" class=\"yoast-schema-graph\">{\"@context\":\"https:\/\/schema.org\",\"@graph\":[{\"@type\":\"Article\",\"@id\":\"https:\/\/vosgesinfo.fr\/saintdieinfo\/2025\/07\/a-loccasion-de-la-fete-nationale-cubaine-ce-samedi-26-juillet-le-pcf-lance-une-grande-campagne-de-solidarite-soutien-politique-humanitaire-et-populaire\/#article\",\"isPartOf\":{\"@id\":\"https:\/\/vosgesinfo.fr\/saintdieinfo\/2025\/07\/a-loccasion-de-la-fete-nationale-cubaine-ce-samedi-26-juillet-le-pcf-lance-une-grande-campagne-de-solidarite-soutien-politique-humanitaire-et-populaire\/\"},\"author\":{\"name\":\"Phj\",\"@id\":\"https:\/\/vosgesinfo.fr\/saintdieinfo\/#\/schema\/person\/4f57dc393faf2ac8b9f1cab30ad79250\"},\"headline\":\"\u00c0 l\u2019occasion de la f\u00eate nationale cubaine ce samedi 26 Juillet, le PCF lance une grande campagne de solidarit\u00e9 : soutien politique, humanitaire et populaire\",\"datePublished\":\"2025-07-26T08:19:11+00:00\",\"dateModified\":\"2025-07-26T08:19:11+00:00\",\"mainEntityOfPage\":{\"@id\":\"https:\/\/vosgesinfo.fr\/saintdieinfo\/2025\/07\/a-loccasion-de-la-fete-nationale-cubaine-ce-samedi-26-juillet-le-pcf-lance-une-grande-campagne-de-solidarite-soutien-politique-humanitaire-et-populaire\/\"},\"wordCount\":560,\"commentCount\":1,\"publisher\":{\"@id\":\"https:\/\/vosgesinfo.fr\/saintdieinfo\/#organization\"},\"image\":{\"@id\":\"https:\/\/vosgesinfo.fr\/saintdieinfo\/2025\/07\/a-loccasion-de-la-fete-nationale-cubaine-ce-samedi-26-juillet-le-pcf-lance-une-grande-campagne-de-solidarite-soutien-politique-humanitaire-et-populaire\/#primaryimage\"},\"thumbnailUrl\":\"https:\/\/vosgesinfo.fr\/app\/uploads\/sites\/4\/2025\/07\/solidarite-cuba-111.jpg\",\"articleSection\":[\"A la Une\",\"Epinal\",\"Gerardmer\",\"La plaine des vosges\",\"Remiremont\",\"Saint-di\u00e9\"],\"inLanguage\":\"fr-FR\",\"potentialAction\":[{\"@type\":\"CommentAction\",\"name\":\"Comment\",\"target\":[\"https:\/\/vosgesinfo.fr\/saintdieinfo\/2025\/07\/a-loccasion-de-la-fete-nationale-cubaine-ce-samedi-26-juillet-le-pcf-lance-une-grande-campagne-de-solidarite-soutien-politique-humanitaire-et-populaire\/#respond\"]}]},{\"@type\":\"WebPage\",\"@id\":\"https:\/\/vosgesinfo.fr\/saintdieinfo\/2025\/07\/a-loccasion-de-la-fete-nationale-cubaine-ce-samedi-26-juillet-le-pcf-lance-une-grande-campagne-de-solidarite-soutien-politique-humanitaire-et-populaire\/\",\"url\":\"https:\/\/vosgesinfo.fr\/saintdieinfo\/2025\/07\/a-loccasion-de-la-fete-nationale-cubaine-ce-samedi-26-juillet-le-pcf-lance-une-grande-campagne-de-solidarite-soutien-politique-humanitaire-et-populaire\/\",\"name\":\"\u00c0 l\u2019occasion de la f\u00eate nationale cubaine ce samedi 26 Juillet, le PCF lance une grande campagne de solidarit\u00e9 : soutien politique, humanitaire et populaire - Saint Die Info\",\"isPartOf\":{\"@id\":\"https:\/\/vosgesinfo.fr\/saintdieinfo\/#website\"},\"primaryImageOfPage\":{\"@id\":\"https:\/\/vosgesinfo.fr\/saintdieinfo\/2025\/07\/a-loccasion-de-la-fete-nationale-cubaine-ce-samedi-26-juillet-le-pcf-lance-une-grande-campagne-de-solidarite-soutien-politique-humanitaire-et-populaire\/#primaryimage\"},\"image\":{\"@id\":\"https:\/\/vosgesinfo.fr\/saintdieinfo\/2025\/07\/a-loccasion-de-la-fete-nationale-cubaine-ce-samedi-26-juillet-le-pcf-lance-une-grande-campagne-de-solidarite-soutien-politique-humanitaire-et-populaire\/#primaryimage\"},\"thumbnailUrl\":\"https:\/\/vosgesinfo.fr\/app\/uploads\/sites\/4\/2025\/07\/solidarite-cuba-111.jpg\",\"datePublished\":\"2025-07-26T08:19:11+00:00\",\"dateModified\":\"2025-07-26T08:19:11+00:00\",\"breadcrumb\":{\"@id\":\"https:\/\/vosgesinfo.fr\/saintdieinfo\/2025\/07\/a-loccasion-de-la-fete-nationale-cubaine-ce-samedi-26-juillet-le-pcf-lance-une-grande-campagne-de-solidarite-soutien-politique-humanitaire-et-populaire\/#breadcrumb\"},\"inLanguage\":\"fr-FR\",\"potentialAction\":[{\"@type\":\"ReadAction\",\"target\":[\"https:\/\/vosgesinfo.fr\/saintdieinfo\/2025\/07\/a-loccasion-de-la-fete-nationale-cubaine-ce-samedi-26-juillet-le-pcf-lance-une-grande-campagne-de-solidarite-soutien-politique-humanitaire-et-populaire\/\"]}]},{\"@type\":\"ImageObject\",\"inLanguage\":\"fr-FR\",\"@id\":\"https:\/\/vosgesinfo.fr\/saintdieinfo\/2025\/07\/a-loccasion-de-la-fete-nationale-cubaine-ce-samedi-26-juillet-le-pcf-lance-une-grande-campagne-de-solidarite-soutien-politique-humanitaire-et-populaire\/#primaryimage\",\"url\":\"https:\/\/vosgesinfo.fr\/app\/uploads\/sites\/4\/2025\/07\/solidarite-cuba-111.jpg\",\"contentUrl\":\"https:\/\/vosgesinfo.fr\/app\/uploads\/sites\/4\/2025\/07\/solidarite-cuba-111.jpg\",\"width\":864,\"height\":1152},{\"@type\":\"BreadcrumbList\",\"@id\":\"https:\/\/vosgesinfo.fr\/saintdieinfo\/2025\/07\/a-loccasion-de-la-fete-nationale-cubaine-ce-samedi-26-juillet-le-pcf-lance-une-grande-campagne-de-solidarite-soutien-politique-humanitaire-et-populaire\/#breadcrumb\",\"itemListElement\":[{\"@type\":\"ListItem\",\"position\":1,\"name\":\"Home\",\"item\":\"https:\/\/vosgesinfo.fr\/saintdieinfo\/\"},{\"@type\":\"ListItem\",\"position\":2,\"name\":\"\u00c0 l\u2019occasion de la f\u00eate nationale cubaine ce samedi 26 Juillet, le PCF lance une grande campagne de solidarit\u00e9 : soutien politique, humanitaire et populaire\"}]},{\"@type\":\"WebSite\",\"@id\":\"https:\/\/vosgesinfo.fr\/saintdieinfo\/#website\",\"url\":\"https:\/\/vosgesinfo.fr\/saintdieinfo\/\",\"name\":\"Saint Die Info\",\"description\":\"Toute l&#039;actualit\u00e9 de Saint-Di\u00e9-Des-Vosges\",\"publisher\":{\"@id\":\"https:\/\/vosgesinfo.fr\/saintdieinfo\/#organization\"},\"alternateName\":\"Toute l'actualit\u00e9 de Saint-Di\u00e9-Des-Vosges\",\"potentialAction\":[{\"@type\":\"SearchAction\",\"target\":{\"@type\":\"EntryPoint\",\"urlTemplate\":\"https:\/\/vosgesinfo.fr\/saintdieinfo\/?s={search_term_string}\"},\"query-input\":\"required name=search_term_string\"}],\"inLanguage\":\"fr-FR\"},{\"@type\":\"Organization\",\"@id\":\"https:\/\/vosgesinfo.fr\/saintdieinfo\/#organization\",\"name\":\"Saint Die Info\",\"url\":\"https:\/\/vosgesinfo.fr\/saintdieinfo\/\",\"logo\":{\"@type\":\"ImageObject\",\"inLanguage\":\"fr-FR\",\"@id\":\"https:\/\/vosgesinfo.fr\/saintdieinfo\/#\/schema\/logo\/image\/\",\"url\":\"https:\/\/vosgesinfo.fr\/app\/uploads\/sites\/4\/2024\/02\/logo-sdi.jpg\",\"contentUrl\":\"https:\/\/vosgesinfo.fr\/app\/uploads\/sites\/4\/2024\/02\/logo-sdi.jpg\",\"width\":600,\"height\":600,\"caption\":\"Saint Die Info\"},\"image\":{\"@id\":\"https:\/\/vosgesinfo.fr\/saintdieinfo\/#\/schema\/logo\/image\/\"},\"sameAs\":[\"https:\/\/www.facebook.com\/Saintdieinfofr\",\"https:\/\/x.com\/VosgesInfo88\",\"https:\/\/www.youtube.com\/@vosgesinfo\"]},{\"@type\":\"Person\",\"@id\":\"https:\/\/vosgesinfo.fr\/saintdieinfo\/#\/schema\/person\/4f57dc393faf2ac8b9f1cab30ad79250\",\"name\":\"Phj\",\"image\":{\"@type\":\"ImageObject\",\"inLanguage\":\"fr-FR\",\"@id\":\"https:\/\/vosgesinfo.fr\/saintdieinfo\/#\/schema\/person\/image\/\",\"url\":\"https:\/\/secure.gravatar.com\/avatar\/ada60265080fb9a89c9809bf0abb1f448a128cb85db1c08905baa5038fbe3cfe?s=96&d=mm&r=g\",\"contentUrl\":\"https:\/\/secure.gravatar.com\/avatar\/ada60265080fb9a89c9809bf0abb1f448a128cb85db1c08905baa5038fbe3cfe?s=96&d=mm&r=g\",\"caption\":\"Phj\"},\"url\":\"https:\/\/vosgesinfo.fr\/saintdieinfo\/author\/phj\/\"}]}<\/script>\n<!-- \/ Yoast SEO plugin. -->","yoast_head_json":{"title":"\u00c0 l\u2019occasion de la f\u00eate nationale cubaine ce samedi 26 Juillet, le PCF lance une grande campagne de solidarit\u00e9 : soutien politique, humanitaire et populaire - Saint Die Info","robots":{"index":"index","follow":"follow","max-snippet":"max-snippet:-1","max-image-preview":"max-image-preview:large","max-video-preview":"max-video-preview:-1"},"canonical":"https:\/\/vosgesinfo.fr\/saintdieinfo\/2025\/07\/a-loccasion-de-la-fete-nationale-cubaine-ce-samedi-26-juillet-le-pcf-lance-une-grande-campagne-de-solidarite-soutien-politique-humanitaire-et-populaire\/","twitter_card":"summary_large_image","twitter_title":"\u00c0 l\u2019occasion de la f\u00eate nationale cubaine ce samedi 26 Juillet, le PCF lance une grande campagne de solidarit\u00e9 : soutien politique, humanitaire et populaire - Saint Die Info","twitter_description":"Ces derni\u00e8res ann\u00e9es, un mur d\u2019indiff\u00e9rence et de pr\u00e9jug\u00e9s semblait s\u2019\u00eatre dress\u00e9 en m\u00eame temps que le blocus le plus [&hellip;]","twitter_image":"https:\/\/vosgesinfo.fr\/app\/uploads\/sites\/4\/2025\/07\/solidarite-cuba-111.jpg","twitter_creator":"@VosgesInfo88","twitter_site":"@VosgesInfo88","twitter_misc":{"\u00c9crit par":"Phj","Dur\u00e9e de lecture estim\u00e9e":"3 minutes"},"schema":{"@context":"https:\/\/schema.org","@graph":[{"@type":"Article","@id":"https:\/\/vosgesinfo.fr\/saintdieinfo\/2025\/07\/a-loccasion-de-la-fete-nationale-cubaine-ce-samedi-26-juillet-le-pcf-lance-une-grande-campagne-de-solidarite-soutien-politique-humanitaire-et-populaire\/#article","isPartOf":{"@id":"https:\/\/vosgesinfo.fr\/saintdieinfo\/2025\/07\/a-loccasion-de-la-fete-nationale-cubaine-ce-samedi-26-juillet-le-pcf-lance-une-grande-campagne-de-solidarite-soutien-politique-humanitaire-et-populaire\/"},"author":{"name":"Phj","@id":"https:\/\/vosgesinfo.fr\/saintdieinfo\/#\/schema\/person\/4f57dc393faf2ac8b9f1cab30ad79250"},"headline":"\u00c0 l\u2019occasion de la f\u00eate nationale cubaine ce samedi 26 Juillet, le PCF lance une grande campagne de solidarit\u00e9 : soutien politique, humanitaire et populaire","datePublished":"2025-07-26T08:19:11+00:00","dateModified":"2025-07-26T08:19:11+00:00","mainEntityOfPage":{"@id":"https:\/\/vosgesinfo.fr\/saintdieinfo\/2025\/07\/a-loccasion-de-la-fete-nationale-cubaine-ce-samedi-26-juillet-le-pcf-lance-une-grande-campagne-de-solidarite-soutien-politique-humanitaire-et-populaire\/"},"wordCount":560,"commentCount":1,"publisher":{"@id":"https:\/\/vosgesinfo.fr\/saintdieinfo\/#organization"},"image":{"@id":"https:\/\/vosgesinfo.fr\/saintdieinfo\/2025\/07\/a-loccasion-de-la-fete-nationale-cubaine-ce-samedi-26-juillet-le-pcf-lance-une-grande-campagne-de-solidarite-soutien-politique-humanitaire-et-populaire\/#primaryimage"},"thumbnailUrl":"https:\/\/vosgesinfo.fr\/app\/uploads\/sites\/4\/2025\/07\/solidarite-cuba-111.jpg","articleSection":["A la Une","Epinal","Gerardmer","La plaine des vosges","Remiremont","Saint-di\u00e9"],"inLanguage":"fr-FR","potentialAction":[{"@type":"CommentAction","name":"Comment","target":["https:\/\/vosgesinfo.fr\/saintdieinfo\/2025\/07\/a-loccasion-de-la-fete-nationale-cubaine-ce-samedi-26-juillet-le-pcf-lance-une-grande-campagne-de-solidarite-soutien-politique-humanitaire-et-populaire\/#respond"]}]},{"@type":"WebPage","@id":"https:\/\/vosgesinfo.fr\/saintdieinfo\/2025\/07\/a-loccasion-de-la-fete-nationale-cubaine-ce-samedi-26-juillet-le-pcf-lance-une-grande-campagne-de-solidarite-soutien-politique-humanitaire-et-populaire\/","url":"https:\/\/vosgesinfo.fr\/saintdieinfo\/2025\/07\/a-loccasion-de-la-fete-nationale-cubaine-ce-samedi-26-juillet-le-pcf-lance-une-grande-campagne-de-solidarite-soutien-politique-humanitaire-et-populaire\/","name":"\u00c0 l\u2019occasion de la f\u00eate nationale cubaine ce samedi 26 Juillet, le PCF lance une grande campagne de solidarit\u00e9 : soutien politique, humanitaire et populaire - Saint Die Info","isPartOf":{"@id":"https:\/\/vosgesinfo.fr\/saintdieinfo\/#website"},"primaryImageOfPage":{"@id":"https:\/\/vosgesinfo.fr\/saintdieinfo\/2025\/07\/a-loccasion-de-la-fete-nationale-cubaine-ce-samedi-26-juillet-le-pcf-lance-une-grande-campagne-de-solidarite-soutien-politique-humanitaire-et-populaire\/#primaryimage"},"image":{"@id":"https:\/\/vosgesinfo.fr\/saintdieinfo\/2025\/07\/a-loccasion-de-la-fete-nationale-cubaine-ce-samedi-26-juillet-le-pcf-lance-une-grande-campagne-de-solidarite-soutien-politique-humanitaire-et-populaire\/#primaryimage"},"thumbnailUrl":"https:\/\/vosgesinfo.fr\/app\/uploads\/sites\/4\/2025\/07\/solidarite-cuba-111.jpg","datePublished":"2025-07-26T08:19:11+00:00","dateModified":"2025-07-26T08:19:11+00:00","breadcrumb":{"@id":"https:\/\/vosgesinfo.fr\/saintdieinfo\/2025\/07\/a-loccasion-de-la-fete-nationale-cubaine-ce-samedi-26-juillet-le-pcf-lance-une-grande-campagne-de-solidarite-soutien-politique-humanitaire-et-populaire\/#breadcrumb"},"inLanguage":"fr-FR","potentialAction":[{"@type":"ReadAction","target":["https:\/\/vosgesinfo.fr\/saintdieinfo\/2025\/07\/a-loccasion-de-la-fete-nationale-cubaine-ce-samedi-26-juillet-le-pcf-lance-une-grande-campagne-de-solidarite-soutien-politique-humanitaire-et-populaire\/"]}]},{"@type":"ImageObject","inLanguage":"fr-FR","@id":"https:\/\/vosgesinfo.fr\/saintdieinfo\/2025\/07\/a-loccasion-de-la-fete-nationale-cubaine-ce-samedi-26-juillet-le-pcf-lance-une-grande-campagne-de-solidarite-soutien-politique-humanitaire-et-populaire\/#primaryimage","url":"https:\/\/vosgesinfo.fr\/app\/uploads\/sites\/4\/2025\/07\/solidarite-cuba-111.jpg","contentUrl":"https:\/\/vosgesinfo.fr\/app\/uploads\/sites\/4\/2025\/07\/solidarite-cuba-111.jpg","width":864,"height":1152},{"@type":"BreadcrumbList","@id":"https:\/\/vosgesinfo.fr\/saintdieinfo\/2025\/07\/a-loccasion-de-la-fete-nationale-cubaine-ce-samedi-26-juillet-le-pcf-lance-une-grande-campagne-de-solidarite-soutien-politique-humanitaire-et-populaire\/#breadcrumb","itemListElement":[{"@type":"ListItem","position":1,"name":"Home","item":"https:\/\/vosgesinfo.fr\/saintdieinfo\/"},{"@type":"ListItem","position":2,"name":"\u00c0 l\u2019occasion de la f\u00eate nationale cubaine ce samedi 26 Juillet, le PCF lance une grande campagne de solidarit\u00e9 : soutien politique, humanitaire et populaire"}]},{"@type":"WebSite","@id":"https:\/\/vosgesinfo.fr\/saintdieinfo\/#website","url":"https:\/\/vosgesinfo.fr\/saintdieinfo\/","name":"Saint Die Info","description":"Toute l&#039;actualit\u00e9 de Saint-Di\u00e9-Des-Vosges","publisher":{"@id":"https:\/\/vosgesinfo.fr\/saintdieinfo\/#organization"},"alternateName":"Toute l'actualit\u00e9 de Saint-Di\u00e9-Des-Vosges","potentialAction":[{"@type":"SearchAction","target":{"@type":"EntryPoint","urlTemplate":"https:\/\/vosgesinfo.fr\/saintdieinfo\/?s={search_term_string}"},"query-input":"required name=search_term_string"}],"inLanguage":"fr-FR"},{"@type":"Organization","@id":"https:\/\/vosgesinfo.fr\/saintdieinfo\/#organization","name":"Saint Die Info","url":"https:\/\/vosgesinfo.fr\/saintdieinfo\/","logo":{"@type":"ImageObject","inLanguage":"fr-FR","@id":"https:\/\/vosgesinfo.fr\/saintdieinfo\/#\/schema\/logo\/image\/","url":"https:\/\/vosgesinfo.fr\/app\/uploads\/sites\/4\/2024\/02\/logo-sdi.jpg","contentUrl":"https:\/\/vosgesinfo.fr\/app\/uploads\/sites\/4\/2024\/02\/logo-sdi.jpg","width":600,"height":600,"caption":"Saint Die Info"},"image":{"@id":"https:\/\/vosgesinfo.fr\/saintdieinfo\/#\/schema\/logo\/image\/"},"sameAs":["https:\/\/www.facebook.com\/Saintdieinfofr","https:\/\/x.com\/VosgesInfo88","https:\/\/www.youtube.com\/@vosgesinfo"]},{"@type":"Person","@id":"https:\/\/vosgesinfo.fr\/saintdieinfo\/#\/schema\/person\/4f57dc393faf2ac8b9f1cab30ad79250","name":"Phj","image":{"@type":"ImageObject","inLanguage":"fr-FR","@id":"https:\/\/vosgesinfo.fr\/saintdieinfo\/#\/schema\/person\/image\/","url":"https:\/\/secure.gravatar.com\/avatar\/ada60265080fb9a89c9809bf0abb1f448a128cb85db1c08905baa5038fbe3cfe?s=96&d=mm&r=g","contentUrl":"https:\/\/secure.gravatar.com\/avatar\/ada60265080fb9a89c9809bf0abb1f448a128cb85db1c08905baa5038fbe3cfe?s=96&d=mm&r=g","caption":"Phj"},"url":"https:\/\/vosgesinfo.fr\/saintdieinfo\/author\/phj\/"}]}},"_links":{"self":[{"href":"https:\/\/vosgesinfo.fr\/saintdieinfo\/wp-json\/wp\/v2\/posts\/80661","targetHints":{"allow":["GET"]}}],"collection":[{"href":"https:\/\/vosgesinfo.fr\/saintdieinfo\/wp-json\/wp\/v2\/posts"}],"about":[{"href":"https:\/\/vosgesinfo.fr\/saintdieinfo\/wp-json\/wp\/v2\/types\/post"}],"author":[{"embeddable":true,"href":"https:\/\/vosgesinfo.fr\/saintdieinfo\/wp-json\/wp\/v2\/users\/39"}],"replies":[{"embeddable":true,"href":"https:\/\/vosgesinfo.fr\/saintdieinfo\/wp-json\/wp\/v2\/comments?post=80661"}],"version-history":[{"count":0,"href":"https:\/\/vosgesinfo.fr\/saintdieinfo\/wp-json\/wp\/v2\/posts\/80661\/revisions"}],"wp:featuredmedia":[{"embeddable":true,"href":"https:\/\/vosgesinfo.fr\/saintdieinfo\/wp-json\/wp\/v2\/media\/80662"}],"wp:attachment":[{"href":"https:\/\/vosgesinfo.fr\/saintdieinfo\/wp-json\/wp\/v2\/media?parent=80661"}],"wp:term":[{"taxonomy":"category","embeddable":true,"href":"https:\/\/vosgesinfo.fr\/saintdieinfo\/wp-json\/wp\/v2\/categories?post=80661"},{"taxonomy":"post_tag","embeddable":true,"href":"https:\/\/vosgesinfo.fr\/saintdieinfo\/wp-json\/wp\/v2\/tags?post=80661"}],"curies":[{"name":"wp","href":"https:\/\/api.w.org\/{rel}","templated":true}]}}