{"id":80675,"date":"2025-07-28T08:30:15","date_gmt":"2025-07-28T06:30:15","guid":{"rendered":"https:\/\/vosgesinfo.fr\/saintdieinfo\/?p=80675"},"modified":"2025-07-28T08:16:41","modified_gmt":"2025-07-28T06:16:41","slug":"le-groupe-psychos-va-faire-resonner-le-rock-de-muse-sur-la-place-du-marche","status":"publish","type":"post","link":"https:\/\/vosgesinfo.fr\/saintdieinfo\/2025\/07\/le-groupe-psychos-va-faire-resonner-le-rock-de-muse-sur-la-place-du-marche\/","title":{"rendered":"Le groupe Psychos va faire r\u00e9sonner le rock de Muse sur la place du March\u00e9"},"content":{"rendered":"<div id=\"attachment_80676\" style=\"width: 1034px\" class=\"wp-caption alignnone\"><a href=\"https:\/\/vosgesinfo.fr\/app\/uploads\/sites\/4\/2025\/07\/groupe-psychos-cover-muse.png\"><img decoding=\"async\" aria-describedby=\"caption-attachment-80676\" class=\"size-large wp-image-80676\" src=\"https:\/\/vosgesinfo.fr\/app\/uploads\/sites\/4\/2025\/07\/groupe-psychos-cover-muse-1024x769.png\" alt=\"\" width=\"1024\" height=\"769\" srcset=\"https:\/\/vosgesinfo.fr\/app\/uploads\/sites\/4\/2025\/07\/groupe-psychos-cover-muse-1024x769.png 1024w, https:\/\/vosgesinfo.fr\/app\/uploads\/sites\/4\/2025\/07\/groupe-psychos-cover-muse-300x225.png 300w, https:\/\/vosgesinfo.fr\/app\/uploads\/sites\/4\/2025\/07\/groupe-psychos-cover-muse-768x577.png 768w, https:\/\/vosgesinfo.fr\/app\/uploads\/sites\/4\/2025\/07\/groupe-psychos-cover-muse-1536x1154.png 1536w, https:\/\/vosgesinfo.fr\/app\/uploads\/sites\/4\/2025\/07\/groupe-psychos-cover-muse.png 1683w\" sizes=\"(max-width: 1024px) 100vw, 1024px\" \/><\/a><p id=\"caption-attachment-80676\" class=\"wp-caption-text\">(Photographie Psychos)<\/p><\/div>\n<h2><strong>Le groupe vosgien Psychos<\/strong>, cover du c\u00e9l\u00e8bre trio britannique <strong>Muse<\/strong>, jouera <strong>ce dimanche 3 ao\u00fbt \u00e0 Saint-Di\u00e9-des-Vosges<\/strong>. Organis\u00e9 par <strong>le bar London Tavern<\/strong>, ce <strong>concert gratuit<\/strong> de l\u2019\u00c9t\u00e9 en grand se tiendra <strong>de 18h \u00e0 20h sur la place du March\u00e9<\/strong>.<\/h2>\n<p><!--more--><\/p>\n<p>Fond\u00e9 en <strong>juillet 2022<\/strong> \u00e0 l\u2019initiative de <strong>J\u00e9r\u00e9my<\/strong>, chanteur passionn\u00e9 de <strong>Muse<\/strong>, Psychos regroupe <strong>quatre musiciens exp\u00e9riment\u00e9s<\/strong>. Leur objectif : restituer sur sc\u00e8ne <strong>l\u2019\u00e9nergie des concerts de Muse<\/strong>, avec une interpr\u00e9tation fid\u00e8le des morceaux du groupe. Le collectif s\u2019est structur\u00e9 autour de <strong>l&rsquo;association \u00ab\u00a0Psychos\u00a0\u00bb<\/strong>, pour soutenir son d\u00e9veloppement artistique.<\/p>\n<p>Apr\u00e8s une premi\u00e8re ann\u00e9e marqu\u00e9e par <strong>dix dates en 2024<\/strong>, Psychos poursuit sa tourn\u00e9e avec plusieurs concerts en 2025, dont celui de <strong>ce dimanche \u00e0 Saint-Di\u00e9-des-Vosges<\/strong>.<\/p>\n","protected":false},"excerpt":{"rendered":"<p>Le groupe vosgien Psychos, cover du c\u00e9l\u00e8bre trio britannique Muse, jouera ce dimanche 3 ao\u00fbt \u00e0 Saint-Di\u00e9-des-Vosges. Organis\u00e9 par le [&hellip;]<\/p>\n","protected":false},"author":46,"featured_media":80676,"comment_status":"open","ping_status":"open","sticky":false,"template":"","format":"standard","meta":{"footnotes":""},"categories":[3900,8003,167],"tags":[17896,17898,2967,17897,17899],"class_list":["post-80675","post","type-post","status-publish","format-standard","has-post-thumbnail","hentry","category-breves","category-concert-culture","category-saint-die-des-vosges","tag-bar-london-tavern","tag-cover-de-muse","tag-ete-en-grand-a-saint-die-des-vosges","tag-groupe-psychos","tag-muse"],"acf":[],"yoast_head":"<!-- This site is optimized with the Yoast SEO plugin v22.5 - https:\/\/yoast.com\/wordpress\/plugins\/seo\/ -->\n<title>Le groupe Psychos va faire r\u00e9sonner le rock de Muse sur la place du March\u00e9 - Saint Die Info<\/title>\n<meta name=\"robots\" content=\"index, follow, max-snippet:-1, max-image-preview:large, max-video-preview:-1\" \/>\n<link rel=\"canonical\" href=\"https:\/\/vosgesinfo.fr\/saintdieinfo\/2025\/07\/le-groupe-psychos-va-faire-resonner-le-rock-de-muse-sur-la-place-du-marche\/\" \/>\n<meta name=\"twitter:card\" content=\"summary_large_image\" \/>\n<meta name=\"twitter:title\" content=\"Le groupe Psychos va faire r\u00e9sonner le rock de Muse sur la place du March\u00e9 - Saint Die Info\" \/>\n<meta name=\"twitter:description\" content=\"Le groupe vosgien Psychos, cover du c\u00e9l\u00e8bre trio britannique Muse, jouera ce dimanche 3 ao\u00fbt \u00e0 Saint-Di\u00e9-des-Vosges. Organis\u00e9 par le [&hellip;]\" \/>\n<meta name=\"twitter:image\" content=\"https:\/\/vosgesinfo.fr\/app\/uploads\/sites\/4\/2025\/07\/groupe-psychos-cover-muse.png\" \/>\n<meta name=\"twitter:creator\" content=\"@VosgesInfo88\" \/>\n<meta name=\"twitter:site\" content=\"@VosgesInfo88\" \/>\n<meta name=\"twitter:label1\" content=\"\u00c9crit par\" \/>\n\t<meta name=\"twitter:data1\" content=\"J.J.\" \/>\n\t<meta name=\"twitter:label2\" content=\"Dur\u00e9e de lecture estim\u00e9e\" \/>\n\t<meta name=\"twitter:data2\" content=\"1 minute\" \/>\n<script type=\"application\/ld+json\" class=\"yoast-schema-graph\">{\"@context\":\"https:\/\/schema.org\",\"@graph\":[{\"@type\":\"Article\",\"@id\":\"https:\/\/vosgesinfo.fr\/saintdieinfo\/2025\/07\/le-groupe-psychos-va-faire-resonner-le-rock-de-muse-sur-la-place-du-marche\/#article\",\"isPartOf\":{\"@id\":\"https:\/\/vosgesinfo.fr\/saintdieinfo\/2025\/07\/le-groupe-psychos-va-faire-resonner-le-rock-de-muse-sur-la-place-du-marche\/\"},\"author\":{\"name\":\"J.J.\",\"@id\":\"https:\/\/vosgesinfo.fr\/saintdieinfo\/#\/schema\/person\/fa73e9f726d67bb88f46d5b7943cb572\"},\"headline\":\"Le groupe Psychos va faire r\u00e9sonner le rock de Muse sur la place du March\u00e9\",\"datePublished\":\"2025-07-28T06:30:15+00:00\",\"dateModified\":\"2025-07-28T06:16:41+00:00\",\"mainEntityOfPage\":{\"@id\":\"https:\/\/vosgesinfo.fr\/saintdieinfo\/2025\/07\/le-groupe-psychos-va-faire-resonner-le-rock-de-muse-sur-la-place-du-marche\/\"},\"wordCount\":155,\"commentCount\":4,\"publisher\":{\"@id\":\"https:\/\/vosgesinfo.fr\/saintdieinfo\/#organization\"},\"image\":{\"@id\":\"https:\/\/vosgesinfo.fr\/saintdieinfo\/2025\/07\/le-groupe-psychos-va-faire-resonner-le-rock-de-muse-sur-la-place-du-marche\/#primaryimage\"},\"thumbnailUrl\":\"https:\/\/vosgesinfo.fr\/app\/uploads\/sites\/4\/2025\/07\/groupe-psychos-cover-muse.png\",\"keywords\":[\"Bar London Tavern\",\"Cover de Muse\",\"Et\u00e9 en grand \u00e0 Saint-Di\u00e9-des-Vosges\",\"Groupe Psychos\",\"Muse\"],\"articleSection\":[\"Br\u00e8ves\",\"Concert\",\"Saint-Di\u00e9-des-Vosges\"],\"inLanguage\":\"fr-FR\",\"potentialAction\":[{\"@type\":\"CommentAction\",\"name\":\"Comment\",\"target\":[\"https:\/\/vosgesinfo.fr\/saintdieinfo\/2025\/07\/le-groupe-psychos-va-faire-resonner-le-rock-de-muse-sur-la-place-du-marche\/#respond\"]}]},{\"@type\":\"WebPage\",\"@id\":\"https:\/\/vosgesinfo.fr\/saintdieinfo\/2025\/07\/le-groupe-psychos-va-faire-resonner-le-rock-de-muse-sur-la-place-du-marche\/\",\"url\":\"https:\/\/vosgesinfo.fr\/saintdieinfo\/2025\/07\/le-groupe-psychos-va-faire-resonner-le-rock-de-muse-sur-la-place-du-marche\/\",\"name\":\"Le groupe Psychos va faire r\u00e9sonner le rock de Muse sur la place du March\u00e9 - Saint Die Info\",\"isPartOf\":{\"@id\":\"https:\/\/vosgesinfo.fr\/saintdieinfo\/#website\"},\"primaryImageOfPage\":{\"@id\":\"https:\/\/vosgesinfo.fr\/saintdieinfo\/2025\/07\/le-groupe-psychos-va-faire-resonner-le-rock-de-muse-sur-la-place-du-marche\/#primaryimage\"},\"image\":{\"@id\":\"https:\/\/vosgesinfo.fr\/saintdieinfo\/2025\/07\/le-groupe-psychos-va-faire-resonner-le-rock-de-muse-sur-la-place-du-marche\/#primaryimage\"},\"thumbnailUrl\":\"https:\/\/vosgesinfo.fr\/app\/uploads\/sites\/4\/2025\/07\/groupe-psychos-cover-muse.png\",\"datePublished\":\"2025-07-28T06:30:15+00:00\",\"dateModified\":\"2025-07-28T06:16:41+00:00\",\"breadcrumb\":{\"@id\":\"https:\/\/vosgesinfo.fr\/saintdieinfo\/2025\/07\/le-groupe-psychos-va-faire-resonner-le-rock-de-muse-sur-la-place-du-marche\/#breadcrumb\"},\"inLanguage\":\"fr-FR\",\"potentialAction\":[{\"@type\":\"ReadAction\",\"target\":[\"https:\/\/vosgesinfo.fr\/saintdieinfo\/2025\/07\/le-groupe-psychos-va-faire-resonner-le-rock-de-muse-sur-la-place-du-marche\/\"]}]},{\"@type\":\"ImageObject\",\"inLanguage\":\"fr-FR\",\"@id\":\"https:\/\/vosgesinfo.fr\/saintdieinfo\/2025\/07\/le-groupe-psychos-va-faire-resonner-le-rock-de-muse-sur-la-place-du-marche\/#primaryimage\",\"url\":\"https:\/\/vosgesinfo.fr\/app\/uploads\/sites\/4\/2025\/07\/groupe-psychos-cover-muse.png\",\"contentUrl\":\"https:\/\/vosgesinfo.fr\/app\/uploads\/sites\/4\/2025\/07\/groupe-psychos-cover-muse.png\",\"width\":1683,\"height\":1264,\"caption\":\"(Photographie Psychos)\"},{\"@type\":\"BreadcrumbList\",\"@id\":\"https:\/\/vosgesinfo.fr\/saintdieinfo\/2025\/07\/le-groupe-psychos-va-faire-resonner-le-rock-de-muse-sur-la-place-du-marche\/#breadcrumb\",\"itemListElement\":[{\"@type\":\"ListItem\",\"position\":1,\"name\":\"Home\",\"item\":\"https:\/\/vosgesinfo.fr\/saintdieinfo\/\"},{\"@type\":\"ListItem\",\"position\":2,\"name\":\"Le groupe Psychos va faire r\u00e9sonner le rock de Muse sur la place du March\u00e9\"}]},{\"@type\":\"WebSite\",\"@id\":\"https:\/\/vosgesinfo.fr\/saintdieinfo\/#website\",\"url\":\"https:\/\/vosgesinfo.fr\/saintdieinfo\/\",\"name\":\"Saint Die Info\",\"description\":\"Toute l&#039;actualit\u00e9 de Saint-Di\u00e9-Des-Vosges\",\"publisher\":{\"@id\":\"https:\/\/vosgesinfo.fr\/saintdieinfo\/#organization\"},\"alternateName\":\"Toute l'actualit\u00e9 de Saint-Di\u00e9-Des-Vosges\",\"potentialAction\":[{\"@type\":\"SearchAction\",\"target\":{\"@type\":\"EntryPoint\",\"urlTemplate\":\"https:\/\/vosgesinfo.fr\/saintdieinfo\/?s={search_term_string}\"},\"query-input\":\"required name=search_term_string\"}],\"inLanguage\":\"fr-FR\"},{\"@type\":\"Organization\",\"@id\":\"https:\/\/vosgesinfo.fr\/saintdieinfo\/#organization\",\"name\":\"Saint Die Info\",\"url\":\"https:\/\/vosgesinfo.fr\/saintdieinfo\/\",\"logo\":{\"@type\":\"ImageObject\",\"inLanguage\":\"fr-FR\",\"@id\":\"https:\/\/vosgesinfo.fr\/saintdieinfo\/#\/schema\/logo\/image\/\",\"url\":\"https:\/\/vosgesinfo.fr\/app\/uploads\/sites\/4\/2024\/02\/logo-sdi.jpg\",\"contentUrl\":\"https:\/\/vosgesinfo.fr\/app\/uploads\/sites\/4\/2024\/02\/logo-sdi.jpg\",\"width\":600,\"height\":600,\"caption\":\"Saint Die Info\"},\"image\":{\"@id\":\"https:\/\/vosgesinfo.fr\/saintdieinfo\/#\/schema\/logo\/image\/\"},\"sameAs\":[\"https:\/\/www.facebook.com\/Saintdieinfofr\",\"https:\/\/x.com\/VosgesInfo88\",\"https:\/\/www.youtube.com\/@vosgesinfo\"]},{\"@type\":\"Person\",\"@id\":\"https:\/\/vosgesinfo.fr\/saintdieinfo\/#\/schema\/person\/fa73e9f726d67bb88f46d5b7943cb572\",\"name\":\"J.J.\",\"image\":{\"@type\":\"ImageObject\",\"inLanguage\":\"fr-FR\",\"@id\":\"https:\/\/vosgesinfo.fr\/saintdieinfo\/#\/schema\/person\/image\/\",\"url\":\"https:\/\/secure.gravatar.com\/avatar\/219e749e47ffbcca018a360ae4add7d4cdf1cdaaf8bc7676b27efade3fe65615?s=96&d=mm&r=g\",\"contentUrl\":\"https:\/\/secure.gravatar.com\/avatar\/219e749e47ffbcca018a360ae4add7d4cdf1cdaaf8bc7676b27efade3fe65615?s=96&d=mm&r=g\",\"caption\":\"J.J.\"},\"url\":\"https:\/\/vosgesinfo.fr\/saintdieinfo\/author\/j-j\/\"}]}<\/script>\n<!-- \/ Yoast SEO plugin. -->","yoast_head_json":{"title":"Le groupe Psychos va faire r\u00e9sonner le rock de Muse sur la place du March\u00e9 - Saint Die Info","robots":{"index":"index","follow":"follow","max-snippet":"max-snippet:-1","max-image-preview":"max-image-preview:large","max-video-preview":"max-video-preview:-1"},"canonical":"https:\/\/vosgesinfo.fr\/saintdieinfo\/2025\/07\/le-groupe-psychos-va-faire-resonner-le-rock-de-muse-sur-la-place-du-marche\/","twitter_card":"summary_large_image","twitter_title":"Le groupe Psychos va faire r\u00e9sonner le rock de Muse sur la place du March\u00e9 - Saint Die Info","twitter_description":"Le groupe vosgien Psychos, cover du c\u00e9l\u00e8bre trio britannique Muse, jouera ce dimanche 3 ao\u00fbt \u00e0 Saint-Di\u00e9-des-Vosges. Organis\u00e9 par le [&hellip;]","twitter_image":"https:\/\/vosgesinfo.fr\/app\/uploads\/sites\/4\/2025\/07\/groupe-psychos-cover-muse.png","twitter_creator":"@VosgesInfo88","twitter_site":"@VosgesInfo88","twitter_misc":{"\u00c9crit par":"J.J.","Dur\u00e9e de lecture estim\u00e9e":"1 minute"},"schema":{"@context":"https:\/\/schema.org","@graph":[{"@type":"Article","@id":"https:\/\/vosgesinfo.fr\/saintdieinfo\/2025\/07\/le-groupe-psychos-va-faire-resonner-le-rock-de-muse-sur-la-place-du-marche\/#article","isPartOf":{"@id":"https:\/\/vosgesinfo.fr\/saintdieinfo\/2025\/07\/le-groupe-psychos-va-faire-resonner-le-rock-de-muse-sur-la-place-du-marche\/"},"author":{"name":"J.J.","@id":"https:\/\/vosgesinfo.fr\/saintdieinfo\/#\/schema\/person\/fa73e9f726d67bb88f46d5b7943cb572"},"headline":"Le groupe Psychos va faire r\u00e9sonner le rock de Muse sur la place du March\u00e9","datePublished":"2025-07-28T06:30:15+00:00","dateModified":"2025-07-28T06:16:41+00:00","mainEntityOfPage":{"@id":"https:\/\/vosgesinfo.fr\/saintdieinfo\/2025\/07\/le-groupe-psychos-va-faire-resonner-le-rock-de-muse-sur-la-place-du-marche\/"},"wordCount":155,"commentCount":4,"publisher":{"@id":"https:\/\/vosgesinfo.fr\/saintdieinfo\/#organization"},"image":{"@id":"https:\/\/vosgesinfo.fr\/saintdieinfo\/2025\/07\/le-groupe-psychos-va-faire-resonner-le-rock-de-muse-sur-la-place-du-marche\/#primaryimage"},"thumbnailUrl":"https:\/\/vosgesinfo.fr\/app\/uploads\/sites\/4\/2025\/07\/groupe-psychos-cover-muse.png","keywords":["Bar London Tavern","Cover de Muse","Et\u00e9 en grand \u00e0 Saint-Di\u00e9-des-Vosges","Groupe Psychos","Muse"],"articleSection":["Br\u00e8ves","Concert","Saint-Di\u00e9-des-Vosges"],"inLanguage":"fr-FR","potentialAction":[{"@type":"CommentAction","name":"Comment","target":["https:\/\/vosgesinfo.fr\/saintdieinfo\/2025\/07\/le-groupe-psychos-va-faire-resonner-le-rock-de-muse-sur-la-place-du-marche\/#respond"]}]},{"@type":"WebPage","@id":"https:\/\/vosgesinfo.fr\/saintdieinfo\/2025\/07\/le-groupe-psychos-va-faire-resonner-le-rock-de-muse-sur-la-place-du-marche\/","url":"https:\/\/vosgesinfo.fr\/saintdieinfo\/2025\/07\/le-groupe-psychos-va-faire-resonner-le-rock-de-muse-sur-la-place-du-marche\/","name":"Le groupe Psychos va faire r\u00e9sonner le rock de Muse sur la place du March\u00e9 - Saint Die Info","isPartOf":{"@id":"https:\/\/vosgesinfo.fr\/saintdieinfo\/#website"},"primaryImageOfPage":{"@id":"https:\/\/vosgesinfo.fr\/saintdieinfo\/2025\/07\/le-groupe-psychos-va-faire-resonner-le-rock-de-muse-sur-la-place-du-marche\/#primaryimage"},"image":{"@id":"https:\/\/vosgesinfo.fr\/saintdieinfo\/2025\/07\/le-groupe-psychos-va-faire-resonner-le-rock-de-muse-sur-la-place-du-marche\/#primaryimage"},"thumbnailUrl":"https:\/\/vosgesinfo.fr\/app\/uploads\/sites\/4\/2025\/07\/groupe-psychos-cover-muse.png","datePublished":"2025-07-28T06:30:15+00:00","dateModified":"2025-07-28T06:16:41+00:00","breadcrumb":{"@id":"https:\/\/vosgesinfo.fr\/saintdieinfo\/2025\/07\/le-groupe-psychos-va-faire-resonner-le-rock-de-muse-sur-la-place-du-marche\/#breadcrumb"},"inLanguage":"fr-FR","potentialAction":[{"@type":"ReadAction","target":["https:\/\/vosgesinfo.fr\/saintdieinfo\/2025\/07\/le-groupe-psychos-va-faire-resonner-le-rock-de-muse-sur-la-place-du-marche\/"]}]},{"@type":"ImageObject","inLanguage":"fr-FR","@id":"https:\/\/vosgesinfo.fr\/saintdieinfo\/2025\/07\/le-groupe-psychos-va-faire-resonner-le-rock-de-muse-sur-la-place-du-marche\/#primaryimage","url":"https:\/\/vosgesinfo.fr\/app\/uploads\/sites\/4\/2025\/07\/groupe-psychos-cover-muse.png","contentUrl":"https:\/\/vosgesinfo.fr\/app\/uploads\/sites\/4\/2025\/07\/groupe-psychos-cover-muse.png","width":1683,"height":1264,"caption":"(Photographie Psychos)"},{"@type":"BreadcrumbList","@id":"https:\/\/vosgesinfo.fr\/saintdieinfo\/2025\/07\/le-groupe-psychos-va-faire-resonner-le-rock-de-muse-sur-la-place-du-marche\/#breadcrumb","itemListElement":[{"@type":"ListItem","position":1,"name":"Home","item":"https:\/\/vosgesinfo.fr\/saintdieinfo\/"},{"@type":"ListItem","position":2,"name":"Le groupe Psychos va faire r\u00e9sonner le rock de Muse sur la place du March\u00e9"}]},{"@type":"WebSite","@id":"https:\/\/vosgesinfo.fr\/saintdieinfo\/#website","url":"https:\/\/vosgesinfo.fr\/saintdieinfo\/","name":"Saint Die Info","description":"Toute l&#039;actualit\u00e9 de Saint-Di\u00e9-Des-Vosges","publisher":{"@id":"https:\/\/vosgesinfo.fr\/saintdieinfo\/#organization"},"alternateName":"Toute l'actualit\u00e9 de Saint-Di\u00e9-Des-Vosges","potentialAction":[{"@type":"SearchAction","target":{"@type":"EntryPoint","urlTemplate":"https:\/\/vosgesinfo.fr\/saintdieinfo\/?s={search_term_string}"},"query-input":"required name=search_term_string"}],"inLanguage":"fr-FR"},{"@type":"Organization","@id":"https:\/\/vosgesinfo.fr\/saintdieinfo\/#organization","name":"Saint Die Info","url":"https:\/\/vosgesinfo.fr\/saintdieinfo\/","logo":{"@type":"ImageObject","inLanguage":"fr-FR","@id":"https:\/\/vosgesinfo.fr\/saintdieinfo\/#\/schema\/logo\/image\/","url":"https:\/\/vosgesinfo.fr\/app\/uploads\/sites\/4\/2024\/02\/logo-sdi.jpg","contentUrl":"https:\/\/vosgesinfo.fr\/app\/uploads\/sites\/4\/2024\/02\/logo-sdi.jpg","width":600,"height":600,"caption":"Saint Die Info"},"image":{"@id":"https:\/\/vosgesinfo.fr\/saintdieinfo\/#\/schema\/logo\/image\/"},"sameAs":["https:\/\/www.facebook.com\/Saintdieinfofr","https:\/\/x.com\/VosgesInfo88","https:\/\/www.youtube.com\/@vosgesinfo"]},{"@type":"Person","@id":"https:\/\/vosgesinfo.fr\/saintdieinfo\/#\/schema\/person\/fa73e9f726d67bb88f46d5b7943cb572","name":"J.J.","image":{"@type":"ImageObject","inLanguage":"fr-FR","@id":"https:\/\/vosgesinfo.fr\/saintdieinfo\/#\/schema\/person\/image\/","url":"https:\/\/secure.gravatar.com\/avatar\/219e749e47ffbcca018a360ae4add7d4cdf1cdaaf8bc7676b27efade3fe65615?s=96&d=mm&r=g","contentUrl":"https:\/\/secure.gravatar.com\/avatar\/219e749e47ffbcca018a360ae4add7d4cdf1cdaaf8bc7676b27efade3fe65615?s=96&d=mm&r=g","caption":"J.J."},"url":"https:\/\/vosgesinfo.fr\/saintdieinfo\/author\/j-j\/"}]}},"_links":{"self":[{"href":"https:\/\/vosgesinfo.fr\/saintdieinfo\/wp-json\/wp\/v2\/posts\/80675","targetHints":{"allow":["GET"]}}],"collection":[{"href":"https:\/\/vosgesinfo.fr\/saintdieinfo\/wp-json\/wp\/v2\/posts"}],"about":[{"href":"https:\/\/vosgesinfo.fr\/saintdieinfo\/wp-json\/wp\/v2\/types\/post"}],"author":[{"embeddable":true,"href":"https:\/\/vosgesinfo.fr\/saintdieinfo\/wp-json\/wp\/v2\/users\/46"}],"replies":[{"embeddable":true,"href":"https:\/\/vosgesinfo.fr\/saintdieinfo\/wp-json\/wp\/v2\/comments?post=80675"}],"version-history":[{"count":1,"href":"https:\/\/vosgesinfo.fr\/saintdieinfo\/wp-json\/wp\/v2\/posts\/80675\/revisions"}],"predecessor-version":[{"id":80677,"href":"https:\/\/vosgesinfo.fr\/saintdieinfo\/wp-json\/wp\/v2\/posts\/80675\/revisions\/80677"}],"wp:featuredmedia":[{"embeddable":true,"href":"https:\/\/vosgesinfo.fr\/saintdieinfo\/wp-json\/wp\/v2\/media\/80676"}],"wp:attachment":[{"href":"https:\/\/vosgesinfo.fr\/saintdieinfo\/wp-json\/wp\/v2\/media?parent=80675"}],"wp:term":[{"taxonomy":"category","embeddable":true,"href":"https:\/\/vosgesinfo.fr\/saintdieinfo\/wp-json\/wp\/v2\/categories?post=80675"},{"taxonomy":"post_tag","embeddable":true,"href":"https:\/\/vosgesinfo.fr\/saintdieinfo\/wp-json\/wp\/v2\/tags?post=80675"}],"curies":[{"name":"wp","href":"https:\/\/api.w.org\/{rel}","templated":true}]}}