{"id":80678,"date":"2025-07-28T08:45:58","date_gmt":"2025-07-28T06:45:58","guid":{"rendered":"https:\/\/vosgesinfo.fr\/saintdieinfo\/?p=80678"},"modified":"2025-07-28T08:27:09","modified_gmt":"2025-07-28T06:27:09","slug":"ete-en-grand-a-saint-die-des-vosges-le-programme-de-la-semaine-16","status":"publish","type":"post","link":"https:\/\/vosgesinfo.fr\/saintdieinfo\/2025\/07\/ete-en-grand-a-saint-die-des-vosges-le-programme-de-la-semaine-16\/","title":{"rendered":"\u00c9t\u00e9 en grand \u00e0 Saint-Di\u00e9-des-Vosges : le programme de la semaine"},"content":{"rendered":"<p><a href=\"https:\/\/vosgesinfo.fr\/app\/uploads\/sites\/4\/2025\/07\/ete-en-grand-2025.jpg\"><img decoding=\"async\" class=\"alignnone size-large wp-image-80248\" src=\"https:\/\/vosgesinfo.fr\/app\/uploads\/sites\/4\/2025\/07\/ete-en-grand-2025-682x1024.jpg\" alt=\"\" width=\"682\" height=\"1024\" srcset=\"https:\/\/vosgesinfo.fr\/app\/uploads\/sites\/4\/2025\/07\/ete-en-grand-2025-682x1024.jpg 682w, https:\/\/vosgesinfo.fr\/app\/uploads\/sites\/4\/2025\/07\/ete-en-grand-2025-200x300.jpg 200w, https:\/\/vosgesinfo.fr\/app\/uploads\/sites\/4\/2025\/07\/ete-en-grand-2025-768x1152.jpg 768w, https:\/\/vosgesinfo.fr\/app\/uploads\/sites\/4\/2025\/07\/ete-en-grand-2025-1024x1536.jpg 1024w, https:\/\/vosgesinfo.fr\/app\/uploads\/sites\/4\/2025\/07\/ete-en-grand-2025.jpg 1181w\" sizes=\"(max-width: 682px) 100vw, 682px\" \/><\/a><\/p>\n<h3><strong>Lundi 28 juillet<\/strong><\/h3>\n<ul>\n<li><strong>9h30 \u00e0 11h30<\/strong> \u2013 <strong>Col de la Cr\u00e9n\u00e9e<\/strong>. Visite guid\u00e9e du <em>Camp de la Bure<\/em>. <em>Nouveaut\u00e9 2025. Annul\u00e9e en cas de forte pluie. Descriptif et tarifs page 33.<\/em> Contact : <strong>03-29-42-22-22<\/strong> \/ <strong><a href=\"mailto:receptif@ca-saintdie.fr\" target=\"_blank\" rel=\"noopener\">receptif@ca-saintdie.fr<\/a><\/strong><\/li>\n<li><strong>14h \u00e0 17h<\/strong> \u2013 <strong>Sur la Meurthe<\/strong>, niveau de l\u2019Isba, 1 quai Sadi-Carnot. <em>Bapt\u00eames nautiques<\/em>. Descriptif page 98. Contact : <strong>Club de kayak Akad\u00e9o<\/strong> \/ <strong>06-03-36-93-22<\/strong> \/ <strong><a href=\"mailto:b.lipp@laposte.net\" target=\"_blank\" rel=\"noopener\">b.lipp@laposte.net<\/a><\/strong><\/li>\n<li><strong>14h \u00e0 18h<\/strong> \u2013 <strong>Terrain de proximit\u00e9 de Kellermann<\/strong>, repli Palais Omnisports Joseph-Claudel. <em>Tournoi de basketball 3&#215;3<\/em>. \u00c9quipes de 3 \u00e0 4 joueurs, tournoi 8\/15 ans, animations 6\/10 ans. <em>Entr\u00e9e gratuite. Tous niveaux accept\u00e9s.<\/em> Contact : <strong>03-29-52-66-67<\/strong> \/ <strong><a href=\"mailto:direction_sports@ville-saintdie.fr\" target=\"_blank\" rel=\"noopener\">direction_sports@ville-saintdie.fr<\/a><\/strong><\/li>\n<li><strong>14h \u00e0 18h<\/strong> \u2013 <strong>Terrain de football de Kellermann<\/strong>, Halle de Kellermann. <em>Foot de rue<\/em>. Ateliers pr\u00e9vention addictions, \u00e9crans, sport, nutrition. \u00c0 partir de 10 ans. <em>Pr\u00e9voir eau et tenue de sport.<\/em> Contact : <strong>03-29-55-02-53<\/strong> \/ <strong><a href=\"mailto:sandra.cunin@ville-saintdie.fr\">sandra.cunin@ville-saintdie.fr<\/a><\/strong><\/li>\n<li><strong>17h30 \u00e0 18h30<\/strong> \u2013 <strong>Parc de l\u2019\u00c9v\u00each\u00e9<\/strong>. <em>S\u00e9ance sportive d\u2019\u00e9t\u00e9<\/em>. <em>Annul\u00e9e en cas de pluie.<\/em> Contact : <strong>M\u00e9lanie Richard<\/strong> \/ <strong>06-50-07-89-78<\/strong> \/ <strong><a href=\"mailto:mel.fitness@laposte.net\" target=\"_blank\" rel=\"noopener\">mel.fitness@laposte.net<\/a><\/strong><\/li>\n<\/ul>\n<h3><strong>Mardi 29 juillet<\/strong><\/h3>\n<ul>\n<li><strong>9h \u00e0 10h<\/strong> \u2013 <strong>6-8, rue des Fr\u00e8res-Simon<\/strong>. <em>Initiation boxe tha\u00eflandaise adultes<\/em>. Tenue de sport obligatoire, pratique pieds nus. <em>R\u00e9servation obligatoire, 15 places maximum.<\/em> Contact : <strong>07-83-41-93-38<\/strong> \/ Instagram : <strong>fitandfight88<\/strong> \/ Facebook : <strong>Fit and Fight \u00e0 chacun son combat<\/strong><\/li>\n<li><strong>10h15 \u00e0 11h15<\/strong> \u2013 <strong>6-8, rue des Fr\u00e8res-Simon<\/strong>. <em>Initiation au cross-training pour adultes<\/em>. Exercices adapt\u00e9s, pratique pieds nus. <em>Bonne humeur garantie.<\/em> Contact : <strong>07-83-41-93-38<\/strong> \/ Instagram : <strong>fitandfight88<\/strong> \/ Facebook : <strong>Fit and Fight \u00e0 chacun son combat<\/strong><\/li>\n<li><strong>15h \u00e0 16h<\/strong> \u2013 <strong>Office de Tourisme<\/strong>. <em>City croquis<\/em>. Visite pour les 6 \u00e0 12 ans. <em>Tarif : 2 \u20ac.<\/em> Contact : <strong>03-29-42-22-22<\/strong> \/ <strong><a href=\"mailto:receptif@ca-saintdie.fr\" target=\"_blank\" rel=\"noopener\">receptif@ca-saintdie.fr<\/a><\/strong> \/ <a href=\"https:\/\/vosges-portes-alsace.fr\" target=\"_blank\" rel=\"noopener\"><strong>vosges-portes-alsace.fr<\/strong><\/a><\/li>\n<\/ul>\n<h3><strong>Mercredi 30 juillet<\/strong><\/h3>\n<ul>\n<li><strong>14h \u00e0 17h<\/strong> \u2013 <strong>Sur la Meurthe<\/strong>, niveau de l\u2019Isba, 1 quai Sadi-Carnot. <em>Bapt\u00eames nautiques<\/em>. Descriptif page 98. Contact : <strong>Club de kayak Akad\u00e9o<\/strong> \/ <strong>06-03-36-93-22<\/strong> \/ <strong><a href=\"mailto:b.lipp@laposte.net\" target=\"_blank\" rel=\"noopener\">b.lipp@laposte.net<\/a><\/strong><\/li>\n<li><strong>14h \u00e0 18h<\/strong> \u2013 <strong>Terrain Jacques-Pr\u00e9vert, Saint-Roch<\/strong>, repli COSEC Michel-Plinguier. <em>Tournoi de basketball 3&#215;3<\/em>. \u00c9quipes 3 \u00e0 4 joueurs, animations enfants. <em>Entr\u00e9e gratuite.<\/em> Contact : <strong>03-29-52-66-67<\/strong> \/ <strong><a href=\"mailto:direction_sports@ville-saintdie.fr\" target=\"_blank\" rel=\"noopener\">direction_sports@ville-saintdie.fr<\/a><\/strong><\/li>\n<li><strong>14h \u00e0 16h<\/strong> \u2013 <strong>La Boussole<\/strong>. <em>\u00c0 l\u2019aventure avec Cubetto<\/em>. Initiation au codage pour les 5 ans et plus. <em>Inscription conseill\u00e9e, places limit\u00e9es.<\/em> Contact : <strong>03-29-51-60-40<\/strong> \/ <strong><a href=\"mailto:escales@ca-saintdie.fr\" target=\"_blank\" rel=\"noopener\">escales@ca-saintdie.fr<\/a><\/strong> \/ escales.sddv.fr<\/li>\n<li><strong>15h \u00e0 16h<\/strong> \u2013 <strong>Office de Tourisme<\/strong>. <em>\u00c0 la recherche de la Merlusse<\/em>. Jeu d\u00e9couverte pour les 5 \u00e0 12 ans. <em>Tarif : 2 \u20ac. R\u00e9servation obligatoire.<\/em> Contact : <strong>03-29-42-22-22<\/strong> \/ <strong><a href=\"mailto:receptif@ca-saintdie.fr\" target=\"_blank\" rel=\"noopener\">receptif@ca-saintdie.fr<\/a><\/strong> \/ <a href=\"https:\/\/vosges-portes-alsace.fr\" target=\"_blank\" rel=\"noopener\"><strong>vosges-portes-alsace.fr<\/strong><\/a><\/li>\n<\/ul>\n<h3><strong>Jeudi 31 juillet<\/strong><\/h3>\n<ul>\n<li><strong>14h \u00e0 15h30<\/strong> \u2013 <strong>Office de Tourisme<\/strong>. <em>Visite guid\u00e9e : Lib\u00e9ration de Saint-Di\u00e9-des-Vosges<\/em>. Descriptif page 41. Contact : <strong>03-29-42-22-22<\/strong> \/ <strong><a href=\"mailto:receptif@ca-saintdie.fr\">receptif@ca-saintdie.fr<\/a><\/strong><\/li>\n<li><strong>19h \u00e0 23h<\/strong> \u2013 <strong>Bar Les Arrang\u00e9s<\/strong>. <em>Concert<\/em>. Programmation \u00e0 suivre sur la page Facebook : <strong>Les Arrang\u00e9s<\/strong><\/li>\n<\/ul>\n<h3><strong>Vendredi 1er ao\u00fbt<\/strong><\/h3>\n<ul>\n<li><strong>14h \u00e0 18h<\/strong> \u2013 <strong>Tour de la Libert\u00e9<\/strong>, repli gymnase L\u00e9o-Lagrange. <em>Grande finale tournoi de basketball 3&#215;3<\/em>. Tournoi jeunes, animations enfants. <em>Entr\u00e9e gratuite.<\/em> Contact : <strong>03-29-52-66-67<\/strong> \/ <strong><a href=\"mailto:direction_sports@ville-saintdie.fr\" target=\"_blank\" rel=\"noopener\">direction_sports@ville-saintdie.fr<\/a><\/strong><\/li>\n<li><strong>14h \u00e0 15h30<\/strong> \u2013 <strong>Office de Tourisme<\/strong>. <em>Visite guid\u00e9e : N\u00e9cropole des Tiges<\/em>. Descriptif page 42. <em>R\u00e9servation obligatoire.<\/em> Contact : <strong>03-29-42-22-22<\/strong> \/ <strong><a href=\"mailto:receptif@ca-saintdie.fr\" target=\"_blank\" rel=\"noopener\">receptif@ca-saintdie.fr<\/a><\/strong> \/ <a href=\"https:\/\/vosges-portes-alsace.fr\" target=\"_blank\" rel=\"noopener\"><strong>vosges-portes-alsace.fr<\/strong><\/a><\/li>\n<li><strong>18h30 \u00e0 minuit<\/strong> \u2013 <strong>Place du G\u00e9n\u00e9ral-de-Gaulle<\/strong>. <em>Repas concert<\/em>. Organis\u00e9 par la <strong>S.P.A. D\u00e9odatienne<\/strong> pour financer soins v\u00e9t\u00e9rinaires et construction du refuge. <em>Petite restauration, DJ Enzo.<\/em> Contact : <strong>06-75-35-48-90<\/strong><\/li>\n<\/ul>\n<h3><strong>Samedi 2 ao\u00fbt<\/strong><\/h3>\n<ul>\n<li><strong>10h30 \u00e0 11h30<\/strong> \u2013 <strong>Mus\u00e9e Pierre-No\u00ebl<\/strong>. <em>Relaxation Archi&rsquo;design<\/em>. S\u00e9ance de relaxation au c\u0153ur des \u0153uvres. <em>Apporter un tapis. Sur r\u00e9servation.<\/em> Contact : <strong>03-29-51-60-35<\/strong> \/ <strong><a href=\"mailto:musee_pierre_noel@ca-saintdie.fr\" target=\"_blank\" rel=\"noopener\">musee_pierre_noel@ca-saintdie.fr<\/a><\/strong><\/li>\n<li><strong>18h \u00e0 22h<\/strong> \u2013 <strong>\u00c9cole Jacques-Pr\u00e9vert<\/strong>, repli COSEC Michel-Plinguier. <em>Street party<\/em>. Graff, skate, customisation textile, concert final. <em>Pour les 11 \u00e0 17 ans. R\u00e9servation recommand\u00e9e.<\/em> Contact : <strong>03-29-56-29-53<\/strong> \/ <strong><a href=\"mailto:nezrouges@orange.fr\" target=\"_blank\" rel=\"noopener\">nezrouges@orange.fr<\/a><\/strong><\/li>\n<\/ul>\n<h3><strong>Dimanche 3 ao\u00fbt<\/strong><\/h3>\n<ul>\n<li><strong>6h \u00e0 18h<\/strong> \u2013 <strong>Parking du centre commercial Leclerc<\/strong>. <em>Vide-greniers et march\u00e9 de l\u2019artisanat<\/em>. Organis\u00e9 par la <strong>S.P.A. D\u00e9odatienne<\/strong>. <em>Ouvert aux particuliers, brocanteurs et artisans.<\/em> Contact : <strong>06-08-51-70-54<\/strong> \/ <strong><a href=\"mailto:maryse.jamet@wanadoo.fr\" target=\"_blank\" rel=\"noopener\">maryse.jamet@wanadoo.fr<\/a><\/strong><\/li>\n<li><strong>9h30<\/strong> \u2013 <strong>Place du March\u00e9<\/strong>. <em>Rassemblement de v\u00e9hicules de collection et de prestige<\/em>. <em>Petite restauration et buvette.<\/em> Contact : <strong>Marc Mischler<\/strong> \/ <strong>06-81-61-56-70<\/strong> \/ Facebook : <strong>\u00c9curie Gentiane Historique<\/strong><\/li>\n<li><strong>18h \u00e0 20h<\/strong> \u2013 <strong>Place du March\u00e9<\/strong>, <strong>Pub London Tavern<\/strong>. <em>Concert \u00ab\u202fPSYCHOS\u202f\u00bb<\/em>. Groupe de reprises rock vosgien d\u00e9di\u00e9 \u00e0 <strong>Muse<\/strong>. Contact : <strong>06-77-78-24-84<\/strong> \/ <strong><a href=\"mailto:lapitchouli@gmail.com\" target=\"_blank\" rel=\"noopener\">lapitchouli@gmail.com<\/a><\/strong><\/li>\n<\/ul>\n","protected":false},"excerpt":{"rendered":"<p>Lundi 28 juillet 9h30 \u00e0 11h30 \u2013 Col de la Cr\u00e9n\u00e9e. Visite guid\u00e9e du Camp de la Bure. Nouveaut\u00e9 2025. [&hellip;]<\/p>\n","protected":false},"author":46,"featured_media":80248,"comment_status":"open","ping_status":"open","sticky":false,"template":"","format":"standard","meta":{"footnotes":""},"categories":[460,20,167],"tags":[2967],"class_list":["post-80678","post","type-post","status-publish","format-standard","has-post-thumbnail","hentry","category-a-la-une","category-loisirs","category-saint-die-des-vosges","tag-ete-en-grand-a-saint-die-des-vosges"],"acf":[],"yoast_head":"<!-- This site is optimized with the Yoast SEO plugin v22.5 - https:\/\/yoast.com\/wordpress\/plugins\/seo\/ -->\n<title>\u00c9t\u00e9 en grand \u00e0 Saint-Di\u00e9-des-Vosges : le programme de la semaine - Saint Die Info<\/title>\n<meta name=\"robots\" content=\"index, follow, max-snippet:-1, max-image-preview:large, max-video-preview:-1\" \/>\n<link rel=\"canonical\" href=\"https:\/\/vosgesinfo.fr\/saintdieinfo\/2025\/07\/ete-en-grand-a-saint-die-des-vosges-le-programme-de-la-semaine-16\/\" \/>\n<meta name=\"twitter:card\" content=\"summary_large_image\" \/>\n<meta name=\"twitter:title\" content=\"\u00c9t\u00e9 en grand \u00e0 Saint-Di\u00e9-des-Vosges : le programme de la semaine - Saint Die Info\" \/>\n<meta name=\"twitter:description\" content=\"Lundi 28 juillet 9h30 \u00e0 11h30 \u2013 Col de la Cr\u00e9n\u00e9e. Visite guid\u00e9e du Camp de la Bure. Nouveaut\u00e9 2025. [&hellip;]\" \/>\n<meta name=\"twitter:image\" content=\"https:\/\/vosgesinfo.fr\/app\/uploads\/sites\/4\/2025\/07\/ete-en-grand-2025.jpg\" \/>\n<meta name=\"twitter:creator\" content=\"@VosgesInfo88\" \/>\n<meta name=\"twitter:site\" content=\"@VosgesInfo88\" \/>\n<meta name=\"twitter:label1\" content=\"\u00c9crit par\" \/>\n\t<meta name=\"twitter:data1\" content=\"J.J.\" \/>\n\t<meta name=\"twitter:label2\" content=\"Dur\u00e9e de lecture estim\u00e9e\" \/>\n\t<meta name=\"twitter:data2\" content=\"4 minutes\" \/>\n<script type=\"application\/ld+json\" class=\"yoast-schema-graph\">{\"@context\":\"https:\/\/schema.org\",\"@graph\":[{\"@type\":\"Article\",\"@id\":\"https:\/\/vosgesinfo.fr\/saintdieinfo\/2025\/07\/ete-en-grand-a-saint-die-des-vosges-le-programme-de-la-semaine-16\/#article\",\"isPartOf\":{\"@id\":\"https:\/\/vosgesinfo.fr\/saintdieinfo\/2025\/07\/ete-en-grand-a-saint-die-des-vosges-le-programme-de-la-semaine-16\/\"},\"author\":{\"name\":\"J.J.\",\"@id\":\"https:\/\/vosgesinfo.fr\/saintdieinfo\/#\/schema\/person\/fa73e9f726d67bb88f46d5b7943cb572\"},\"headline\":\"\u00c9t\u00e9 en grand \u00e0 Saint-Di\u00e9-des-Vosges : le programme de la semaine\",\"datePublished\":\"2025-07-28T06:45:58+00:00\",\"dateModified\":\"2025-07-28T06:27:09+00:00\",\"mainEntityOfPage\":{\"@id\":\"https:\/\/vosgesinfo.fr\/saintdieinfo\/2025\/07\/ete-en-grand-a-saint-die-des-vosges-le-programme-de-la-semaine-16\/\"},\"wordCount\":707,\"commentCount\":1,\"publisher\":{\"@id\":\"https:\/\/vosgesinfo.fr\/saintdieinfo\/#organization\"},\"image\":{\"@id\":\"https:\/\/vosgesinfo.fr\/saintdieinfo\/2025\/07\/ete-en-grand-a-saint-die-des-vosges-le-programme-de-la-semaine-16\/#primaryimage\"},\"thumbnailUrl\":\"https:\/\/vosgesinfo.fr\/app\/uploads\/sites\/4\/2025\/07\/ete-en-grand-2025.jpg\",\"keywords\":[\"Et\u00e9 en grand \u00e0 Saint-Di\u00e9-des-Vosges\"],\"articleSection\":[\"A la Une\",\"Loisirs\",\"Saint-Di\u00e9-des-Vosges\"],\"inLanguage\":\"fr-FR\",\"potentialAction\":[{\"@type\":\"CommentAction\",\"name\":\"Comment\",\"target\":[\"https:\/\/vosgesinfo.fr\/saintdieinfo\/2025\/07\/ete-en-grand-a-saint-die-des-vosges-le-programme-de-la-semaine-16\/#respond\"]}]},{\"@type\":\"WebPage\",\"@id\":\"https:\/\/vosgesinfo.fr\/saintdieinfo\/2025\/07\/ete-en-grand-a-saint-die-des-vosges-le-programme-de-la-semaine-16\/\",\"url\":\"https:\/\/vosgesinfo.fr\/saintdieinfo\/2025\/07\/ete-en-grand-a-saint-die-des-vosges-le-programme-de-la-semaine-16\/\",\"name\":\"\u00c9t\u00e9 en grand \u00e0 Saint-Di\u00e9-des-Vosges : le programme de la semaine - Saint Die Info\",\"isPartOf\":{\"@id\":\"https:\/\/vosgesinfo.fr\/saintdieinfo\/#website\"},\"primaryImageOfPage\":{\"@id\":\"https:\/\/vosgesinfo.fr\/saintdieinfo\/2025\/07\/ete-en-grand-a-saint-die-des-vosges-le-programme-de-la-semaine-16\/#primaryimage\"},\"image\":{\"@id\":\"https:\/\/vosgesinfo.fr\/saintdieinfo\/2025\/07\/ete-en-grand-a-saint-die-des-vosges-le-programme-de-la-semaine-16\/#primaryimage\"},\"thumbnailUrl\":\"https:\/\/vosgesinfo.fr\/app\/uploads\/sites\/4\/2025\/07\/ete-en-grand-2025.jpg\",\"datePublished\":\"2025-07-28T06:45:58+00:00\",\"dateModified\":\"2025-07-28T06:27:09+00:00\",\"breadcrumb\":{\"@id\":\"https:\/\/vosgesinfo.fr\/saintdieinfo\/2025\/07\/ete-en-grand-a-saint-die-des-vosges-le-programme-de-la-semaine-16\/#breadcrumb\"},\"inLanguage\":\"fr-FR\",\"potentialAction\":[{\"@type\":\"ReadAction\",\"target\":[\"https:\/\/vosgesinfo.fr\/saintdieinfo\/2025\/07\/ete-en-grand-a-saint-die-des-vosges-le-programme-de-la-semaine-16\/\"]}]},{\"@type\":\"ImageObject\",\"inLanguage\":\"fr-FR\",\"@id\":\"https:\/\/vosgesinfo.fr\/saintdieinfo\/2025\/07\/ete-en-grand-a-saint-die-des-vosges-le-programme-de-la-semaine-16\/#primaryimage\",\"url\":\"https:\/\/vosgesinfo.fr\/app\/uploads\/sites\/4\/2025\/07\/ete-en-grand-2025.jpg\",\"contentUrl\":\"https:\/\/vosgesinfo.fr\/app\/uploads\/sites\/4\/2025\/07\/ete-en-grand-2025.jpg\",\"width\":1181,\"height\":1772},{\"@type\":\"BreadcrumbList\",\"@id\":\"https:\/\/vosgesinfo.fr\/saintdieinfo\/2025\/07\/ete-en-grand-a-saint-die-des-vosges-le-programme-de-la-semaine-16\/#breadcrumb\",\"itemListElement\":[{\"@type\":\"ListItem\",\"position\":1,\"name\":\"Home\",\"item\":\"https:\/\/vosgesinfo.fr\/saintdieinfo\/\"},{\"@type\":\"ListItem\",\"position\":2,\"name\":\"\u00c9t\u00e9 en grand \u00e0 Saint-Di\u00e9-des-Vosges : le programme de la semaine\"}]},{\"@type\":\"WebSite\",\"@id\":\"https:\/\/vosgesinfo.fr\/saintdieinfo\/#website\",\"url\":\"https:\/\/vosgesinfo.fr\/saintdieinfo\/\",\"name\":\"Saint Die Info\",\"description\":\"Toute l&#039;actualit\u00e9 de Saint-Di\u00e9-Des-Vosges\",\"publisher\":{\"@id\":\"https:\/\/vosgesinfo.fr\/saintdieinfo\/#organization\"},\"alternateName\":\"Toute l'actualit\u00e9 de Saint-Di\u00e9-Des-Vosges\",\"potentialAction\":[{\"@type\":\"SearchAction\",\"target\":{\"@type\":\"EntryPoint\",\"urlTemplate\":\"https:\/\/vosgesinfo.fr\/saintdieinfo\/?s={search_term_string}\"},\"query-input\":\"required name=search_term_string\"}],\"inLanguage\":\"fr-FR\"},{\"@type\":\"Organization\",\"@id\":\"https:\/\/vosgesinfo.fr\/saintdieinfo\/#organization\",\"name\":\"Saint Die Info\",\"url\":\"https:\/\/vosgesinfo.fr\/saintdieinfo\/\",\"logo\":{\"@type\":\"ImageObject\",\"inLanguage\":\"fr-FR\",\"@id\":\"https:\/\/vosgesinfo.fr\/saintdieinfo\/#\/schema\/logo\/image\/\",\"url\":\"https:\/\/vosgesinfo.fr\/app\/uploads\/sites\/4\/2024\/02\/logo-sdi.jpg\",\"contentUrl\":\"https:\/\/vosgesinfo.fr\/app\/uploads\/sites\/4\/2024\/02\/logo-sdi.jpg\",\"width\":600,\"height\":600,\"caption\":\"Saint Die Info\"},\"image\":{\"@id\":\"https:\/\/vosgesinfo.fr\/saintdieinfo\/#\/schema\/logo\/image\/\"},\"sameAs\":[\"https:\/\/www.facebook.com\/Saintdieinfofr\",\"https:\/\/x.com\/VosgesInfo88\",\"https:\/\/www.youtube.com\/@vosgesinfo\"]},{\"@type\":\"Person\",\"@id\":\"https:\/\/vosgesinfo.fr\/saintdieinfo\/#\/schema\/person\/fa73e9f726d67bb88f46d5b7943cb572\",\"name\":\"J.J.\",\"image\":{\"@type\":\"ImageObject\",\"inLanguage\":\"fr-FR\",\"@id\":\"https:\/\/vosgesinfo.fr\/saintdieinfo\/#\/schema\/person\/image\/\",\"url\":\"https:\/\/secure.gravatar.com\/avatar\/219e749e47ffbcca018a360ae4add7d4cdf1cdaaf8bc7676b27efade3fe65615?s=96&d=mm&r=g\",\"contentUrl\":\"https:\/\/secure.gravatar.com\/avatar\/219e749e47ffbcca018a360ae4add7d4cdf1cdaaf8bc7676b27efade3fe65615?s=96&d=mm&r=g\",\"caption\":\"J.J.\"},\"url\":\"https:\/\/vosgesinfo.fr\/saintdieinfo\/author\/j-j\/\"}]}<\/script>\n<!-- \/ Yoast SEO plugin. -->","yoast_head_json":{"title":"\u00c9t\u00e9 en grand \u00e0 Saint-Di\u00e9-des-Vosges : le programme de la semaine - Saint Die Info","robots":{"index":"index","follow":"follow","max-snippet":"max-snippet:-1","max-image-preview":"max-image-preview:large","max-video-preview":"max-video-preview:-1"},"canonical":"https:\/\/vosgesinfo.fr\/saintdieinfo\/2025\/07\/ete-en-grand-a-saint-die-des-vosges-le-programme-de-la-semaine-16\/","twitter_card":"summary_large_image","twitter_title":"\u00c9t\u00e9 en grand \u00e0 Saint-Di\u00e9-des-Vosges : le programme de la semaine - Saint Die Info","twitter_description":"Lundi 28 juillet 9h30 \u00e0 11h30 \u2013 Col de la Cr\u00e9n\u00e9e. Visite guid\u00e9e du Camp de la Bure. Nouveaut\u00e9 2025. [&hellip;]","twitter_image":"https:\/\/vosgesinfo.fr\/app\/uploads\/sites\/4\/2025\/07\/ete-en-grand-2025.jpg","twitter_creator":"@VosgesInfo88","twitter_site":"@VosgesInfo88","twitter_misc":{"\u00c9crit par":"J.J.","Dur\u00e9e de lecture estim\u00e9e":"4 minutes"},"schema":{"@context":"https:\/\/schema.org","@graph":[{"@type":"Article","@id":"https:\/\/vosgesinfo.fr\/saintdieinfo\/2025\/07\/ete-en-grand-a-saint-die-des-vosges-le-programme-de-la-semaine-16\/#article","isPartOf":{"@id":"https:\/\/vosgesinfo.fr\/saintdieinfo\/2025\/07\/ete-en-grand-a-saint-die-des-vosges-le-programme-de-la-semaine-16\/"},"author":{"name":"J.J.","@id":"https:\/\/vosgesinfo.fr\/saintdieinfo\/#\/schema\/person\/fa73e9f726d67bb88f46d5b7943cb572"},"headline":"\u00c9t\u00e9 en grand \u00e0 Saint-Di\u00e9-des-Vosges : le programme de la semaine","datePublished":"2025-07-28T06:45:58+00:00","dateModified":"2025-07-28T06:27:09+00:00","mainEntityOfPage":{"@id":"https:\/\/vosgesinfo.fr\/saintdieinfo\/2025\/07\/ete-en-grand-a-saint-die-des-vosges-le-programme-de-la-semaine-16\/"},"wordCount":707,"commentCount":1,"publisher":{"@id":"https:\/\/vosgesinfo.fr\/saintdieinfo\/#organization"},"image":{"@id":"https:\/\/vosgesinfo.fr\/saintdieinfo\/2025\/07\/ete-en-grand-a-saint-die-des-vosges-le-programme-de-la-semaine-16\/#primaryimage"},"thumbnailUrl":"https:\/\/vosgesinfo.fr\/app\/uploads\/sites\/4\/2025\/07\/ete-en-grand-2025.jpg","keywords":["Et\u00e9 en grand \u00e0 Saint-Di\u00e9-des-Vosges"],"articleSection":["A la Une","Loisirs","Saint-Di\u00e9-des-Vosges"],"inLanguage":"fr-FR","potentialAction":[{"@type":"CommentAction","name":"Comment","target":["https:\/\/vosgesinfo.fr\/saintdieinfo\/2025\/07\/ete-en-grand-a-saint-die-des-vosges-le-programme-de-la-semaine-16\/#respond"]}]},{"@type":"WebPage","@id":"https:\/\/vosgesinfo.fr\/saintdieinfo\/2025\/07\/ete-en-grand-a-saint-die-des-vosges-le-programme-de-la-semaine-16\/","url":"https:\/\/vosgesinfo.fr\/saintdieinfo\/2025\/07\/ete-en-grand-a-saint-die-des-vosges-le-programme-de-la-semaine-16\/","name":"\u00c9t\u00e9 en grand \u00e0 Saint-Di\u00e9-des-Vosges : le programme de la semaine - Saint Die Info","isPartOf":{"@id":"https:\/\/vosgesinfo.fr\/saintdieinfo\/#website"},"primaryImageOfPage":{"@id":"https:\/\/vosgesinfo.fr\/saintdieinfo\/2025\/07\/ete-en-grand-a-saint-die-des-vosges-le-programme-de-la-semaine-16\/#primaryimage"},"image":{"@id":"https:\/\/vosgesinfo.fr\/saintdieinfo\/2025\/07\/ete-en-grand-a-saint-die-des-vosges-le-programme-de-la-semaine-16\/#primaryimage"},"thumbnailUrl":"https:\/\/vosgesinfo.fr\/app\/uploads\/sites\/4\/2025\/07\/ete-en-grand-2025.jpg","datePublished":"2025-07-28T06:45:58+00:00","dateModified":"2025-07-28T06:27:09+00:00","breadcrumb":{"@id":"https:\/\/vosgesinfo.fr\/saintdieinfo\/2025\/07\/ete-en-grand-a-saint-die-des-vosges-le-programme-de-la-semaine-16\/#breadcrumb"},"inLanguage":"fr-FR","potentialAction":[{"@type":"ReadAction","target":["https:\/\/vosgesinfo.fr\/saintdieinfo\/2025\/07\/ete-en-grand-a-saint-die-des-vosges-le-programme-de-la-semaine-16\/"]}]},{"@type":"ImageObject","inLanguage":"fr-FR","@id":"https:\/\/vosgesinfo.fr\/saintdieinfo\/2025\/07\/ete-en-grand-a-saint-die-des-vosges-le-programme-de-la-semaine-16\/#primaryimage","url":"https:\/\/vosgesinfo.fr\/app\/uploads\/sites\/4\/2025\/07\/ete-en-grand-2025.jpg","contentUrl":"https:\/\/vosgesinfo.fr\/app\/uploads\/sites\/4\/2025\/07\/ete-en-grand-2025.jpg","width":1181,"height":1772},{"@type":"BreadcrumbList","@id":"https:\/\/vosgesinfo.fr\/saintdieinfo\/2025\/07\/ete-en-grand-a-saint-die-des-vosges-le-programme-de-la-semaine-16\/#breadcrumb","itemListElement":[{"@type":"ListItem","position":1,"name":"Home","item":"https:\/\/vosgesinfo.fr\/saintdieinfo\/"},{"@type":"ListItem","position":2,"name":"\u00c9t\u00e9 en grand \u00e0 Saint-Di\u00e9-des-Vosges : le programme de la semaine"}]},{"@type":"WebSite","@id":"https:\/\/vosgesinfo.fr\/saintdieinfo\/#website","url":"https:\/\/vosgesinfo.fr\/saintdieinfo\/","name":"Saint Die Info","description":"Toute l&#039;actualit\u00e9 de Saint-Di\u00e9-Des-Vosges","publisher":{"@id":"https:\/\/vosgesinfo.fr\/saintdieinfo\/#organization"},"alternateName":"Toute l'actualit\u00e9 de Saint-Di\u00e9-Des-Vosges","potentialAction":[{"@type":"SearchAction","target":{"@type":"EntryPoint","urlTemplate":"https:\/\/vosgesinfo.fr\/saintdieinfo\/?s={search_term_string}"},"query-input":"required name=search_term_string"}],"inLanguage":"fr-FR"},{"@type":"Organization","@id":"https:\/\/vosgesinfo.fr\/saintdieinfo\/#organization","name":"Saint Die Info","url":"https:\/\/vosgesinfo.fr\/saintdieinfo\/","logo":{"@type":"ImageObject","inLanguage":"fr-FR","@id":"https:\/\/vosgesinfo.fr\/saintdieinfo\/#\/schema\/logo\/image\/","url":"https:\/\/vosgesinfo.fr\/app\/uploads\/sites\/4\/2024\/02\/logo-sdi.jpg","contentUrl":"https:\/\/vosgesinfo.fr\/app\/uploads\/sites\/4\/2024\/02\/logo-sdi.jpg","width":600,"height":600,"caption":"Saint Die Info"},"image":{"@id":"https:\/\/vosgesinfo.fr\/saintdieinfo\/#\/schema\/logo\/image\/"},"sameAs":["https:\/\/www.facebook.com\/Saintdieinfofr","https:\/\/x.com\/VosgesInfo88","https:\/\/www.youtube.com\/@vosgesinfo"]},{"@type":"Person","@id":"https:\/\/vosgesinfo.fr\/saintdieinfo\/#\/schema\/person\/fa73e9f726d67bb88f46d5b7943cb572","name":"J.J.","image":{"@type":"ImageObject","inLanguage":"fr-FR","@id":"https:\/\/vosgesinfo.fr\/saintdieinfo\/#\/schema\/person\/image\/","url":"https:\/\/secure.gravatar.com\/avatar\/219e749e47ffbcca018a360ae4add7d4cdf1cdaaf8bc7676b27efade3fe65615?s=96&d=mm&r=g","contentUrl":"https:\/\/secure.gravatar.com\/avatar\/219e749e47ffbcca018a360ae4add7d4cdf1cdaaf8bc7676b27efade3fe65615?s=96&d=mm&r=g","caption":"J.J."},"url":"https:\/\/vosgesinfo.fr\/saintdieinfo\/author\/j-j\/"}]}},"_links":{"self":[{"href":"https:\/\/vosgesinfo.fr\/saintdieinfo\/wp-json\/wp\/v2\/posts\/80678","targetHints":{"allow":["GET"]}}],"collection":[{"href":"https:\/\/vosgesinfo.fr\/saintdieinfo\/wp-json\/wp\/v2\/posts"}],"about":[{"href":"https:\/\/vosgesinfo.fr\/saintdieinfo\/wp-json\/wp\/v2\/types\/post"}],"author":[{"embeddable":true,"href":"https:\/\/vosgesinfo.fr\/saintdieinfo\/wp-json\/wp\/v2\/users\/46"}],"replies":[{"embeddable":true,"href":"https:\/\/vosgesinfo.fr\/saintdieinfo\/wp-json\/wp\/v2\/comments?post=80678"}],"version-history":[{"count":1,"href":"https:\/\/vosgesinfo.fr\/saintdieinfo\/wp-json\/wp\/v2\/posts\/80678\/revisions"}],"predecessor-version":[{"id":80679,"href":"https:\/\/vosgesinfo.fr\/saintdieinfo\/wp-json\/wp\/v2\/posts\/80678\/revisions\/80679"}],"wp:featuredmedia":[{"embeddable":true,"href":"https:\/\/vosgesinfo.fr\/saintdieinfo\/wp-json\/wp\/v2\/media\/80248"}],"wp:attachment":[{"href":"https:\/\/vosgesinfo.fr\/saintdieinfo\/wp-json\/wp\/v2\/media?parent=80678"}],"wp:term":[{"taxonomy":"category","embeddable":true,"href":"https:\/\/vosgesinfo.fr\/saintdieinfo\/wp-json\/wp\/v2\/categories?post=80678"},{"taxonomy":"post_tag","embeddable":true,"href":"https:\/\/vosgesinfo.fr\/saintdieinfo\/wp-json\/wp\/v2\/tags?post=80678"}],"curies":[{"name":"wp","href":"https:\/\/api.w.org\/{rel}","templated":true}]}}