{"id":80681,"date":"2025-07-28T08:55:00","date_gmt":"2025-07-28T06:55:00","guid":{"rendered":"https:\/\/vosgesinfo.fr\/saintdieinfo\/?p=80681"},"modified":"2025-07-28T08:55:00","modified_gmt":"2025-07-28T06:55:00","slug":"travaux-a-laval-sur-vologne-deviation-en-place-trafic-perturbe-vers-bruyeres","status":"publish","type":"post","link":"https:\/\/vosgesinfo.fr\/saintdieinfo\/2025\/07\/travaux-a-laval-sur-vologne-deviation-en-place-trafic-perturbe-vers-bruyeres\/","title":{"rendered":"Travaux \u00e0 Laval-sur-Vologne : d\u00e9viation en place, trafic perturb\u00e9 vers Bruy\u00e8res"},"content":{"rendered":"<h2 data-start=\"167\" data-end=\"488\"><strong><a href=\"https:\/\/vosgesinfo.fr\/app\/uploads\/sites\/3\/2025\/07\/img-20250728-083929.jpg\"><img decoding=\"async\" class=\"aligncenter size-full wp-image-133976\" src=\"https:\/\/vosgesinfo.fr\/app\/uploads\/sites\/3\/2025\/07\/img-20250728-083929.jpg\" alt=\"\" width=\"1200\" height=\"1600\" \/><\/a>En raison de travaux en cours \u00e0 Laval-sur-Vologne, une d\u00e9viation a \u00e9t\u00e9 mise en place sur la route menant \u00e0 Bruy\u00e8res. Cette modification du trafic impacte notamment la circulation sur l&rsquo;axe passant par Girecourt-sur-Durbion, qui conna\u00eet actuellement une affluence plus importante qu\u2019\u00e0 l\u2019accoutum\u00e9e.<\/strong><\/h2>\n<p data-start=\"490\" data-end=\"685\">Les poids lourds, en particulier ceux se dirigeant vers Saint-Di\u00e9-des-Vosges et Laval-sur-Vologne, contribuent \u00e0 la saturation de cette route secondaire, entra\u00eenant des ralentissements r\u00e9guliers.<\/p>\n<p data-start=\"687\" data-end=\"899\">Les autorit\u00e9s locales appellent \u00e0 la <strong data-start=\"724\" data-end=\"755\">prudence sur cet itin\u00e9raire<\/strong> temporaire. Les automobilistes sont invit\u00e9s \u00e0 anticiper des temps de trajet rallong\u00e9s et \u00e0 adapter leur conduite aux conditions de circulation.<\/p>\n<p data-start=\"901\" data-end=\"970\">\n","protected":false},"excerpt":{"rendered":"<p>En raison de travaux en cours \u00e0 Laval-sur-Vologne, une d\u00e9viation a \u00e9t\u00e9 mise en place sur la route menant \u00e0 [&hellip;]<\/p>\n","protected":false},"author":52,"featured_media":80682,"comment_status":"open","ping_status":"open","sticky":false,"template":"","format":"standard","meta":{"footnotes":""},"categories":[460,5392,5391,4100],"tags":[],"class_list":["post-80681","post","type-post","status-publish","format-standard","has-post-thumbnail","hentry","category-a-la-une","category-epinal","category-gerardmer","category-saint-die"],"acf":[],"yoast_head":"<!-- This site is optimized with the Yoast SEO plugin v22.5 - https:\/\/yoast.com\/wordpress\/plugins\/seo\/ -->\n<title>Travaux \u00e0 Laval-sur-Vologne : d\u00e9viation en place, trafic perturb\u00e9 vers Bruy\u00e8res - Saint Die Info<\/title>\n<meta name=\"robots\" content=\"index, follow, max-snippet:-1, max-image-preview:large, max-video-preview:-1\" \/>\n<link rel=\"canonical\" href=\"https:\/\/vosgesinfo.fr\/saintdieinfo\/2025\/07\/travaux-a-laval-sur-vologne-deviation-en-place-trafic-perturbe-vers-bruyeres\/\" \/>\n<meta name=\"twitter:card\" content=\"summary_large_image\" \/>\n<meta name=\"twitter:title\" content=\"Travaux \u00e0 Laval-sur-Vologne : d\u00e9viation en place, trafic perturb\u00e9 vers Bruy\u00e8res - Saint Die Info\" \/>\n<meta name=\"twitter:description\" content=\"En raison de travaux en cours \u00e0 Laval-sur-Vologne, une d\u00e9viation a \u00e9t\u00e9 mise en place sur la route menant \u00e0 [&hellip;]\" \/>\n<meta name=\"twitter:image\" content=\"https:\/\/vosgesinfo.fr\/app\/uploads\/sites\/4\/2025\/07\/img-20250728-083929.jpg\" \/>\n<meta name=\"twitter:creator\" content=\"@VosgesInfo88\" \/>\n<meta name=\"twitter:site\" content=\"@VosgesInfo88\" \/>\n<meta name=\"twitter:label1\" content=\"\u00c9crit par\" \/>\n\t<meta name=\"twitter:data1\" content=\"C.K.\" \/>\n\t<meta name=\"twitter:label2\" content=\"Dur\u00e9e de lecture estim\u00e9e\" \/>\n\t<meta name=\"twitter:data2\" content=\"1 minute\" \/>\n<script type=\"application\/ld+json\" class=\"yoast-schema-graph\">{\"@context\":\"https:\/\/schema.org\",\"@graph\":[{\"@type\":\"Article\",\"@id\":\"https:\/\/vosgesinfo.fr\/saintdieinfo\/2025\/07\/travaux-a-laval-sur-vologne-deviation-en-place-trafic-perturbe-vers-bruyeres\/#article\",\"isPartOf\":{\"@id\":\"https:\/\/vosgesinfo.fr\/saintdieinfo\/2025\/07\/travaux-a-laval-sur-vologne-deviation-en-place-trafic-perturbe-vers-bruyeres\/\"},\"author\":{\"name\":\"C.K.\",\"@id\":\"https:\/\/vosgesinfo.fr\/saintdieinfo\/#\/schema\/person\/6f9a650eeea99d969b6c4ab78fccbe81\"},\"headline\":\"Travaux \u00e0 Laval-sur-Vologne : d\u00e9viation en place, trafic perturb\u00e9 vers Bruy\u00e8res\",\"datePublished\":\"2025-07-28T06:55:00+00:00\",\"dateModified\":\"2025-07-28T06:55:00+00:00\",\"mainEntityOfPage\":{\"@id\":\"https:\/\/vosgesinfo.fr\/saintdieinfo\/2025\/07\/travaux-a-laval-sur-vologne-deviation-en-place-trafic-perturbe-vers-bruyeres\/\"},\"wordCount\":116,\"commentCount\":0,\"publisher\":{\"@id\":\"https:\/\/vosgesinfo.fr\/saintdieinfo\/#organization\"},\"image\":{\"@id\":\"https:\/\/vosgesinfo.fr\/saintdieinfo\/2025\/07\/travaux-a-laval-sur-vologne-deviation-en-place-trafic-perturbe-vers-bruyeres\/#primaryimage\"},\"thumbnailUrl\":\"https:\/\/vosgesinfo.fr\/app\/uploads\/sites\/4\/2025\/07\/img-20250728-083929.jpg\",\"articleSection\":[\"A la Une\",\"Epinal\",\"Gerardmer\",\"Saint-di\u00e9\"],\"inLanguage\":\"fr-FR\",\"potentialAction\":[{\"@type\":\"CommentAction\",\"name\":\"Comment\",\"target\":[\"https:\/\/vosgesinfo.fr\/saintdieinfo\/2025\/07\/travaux-a-laval-sur-vologne-deviation-en-place-trafic-perturbe-vers-bruyeres\/#respond\"]}]},{\"@type\":\"WebPage\",\"@id\":\"https:\/\/vosgesinfo.fr\/saintdieinfo\/2025\/07\/travaux-a-laval-sur-vologne-deviation-en-place-trafic-perturbe-vers-bruyeres\/\",\"url\":\"https:\/\/vosgesinfo.fr\/saintdieinfo\/2025\/07\/travaux-a-laval-sur-vologne-deviation-en-place-trafic-perturbe-vers-bruyeres\/\",\"name\":\"Travaux \u00e0 Laval-sur-Vologne : d\u00e9viation en place, trafic perturb\u00e9 vers Bruy\u00e8res - Saint Die Info\",\"isPartOf\":{\"@id\":\"https:\/\/vosgesinfo.fr\/saintdieinfo\/#website\"},\"primaryImageOfPage\":{\"@id\":\"https:\/\/vosgesinfo.fr\/saintdieinfo\/2025\/07\/travaux-a-laval-sur-vologne-deviation-en-place-trafic-perturbe-vers-bruyeres\/#primaryimage\"},\"image\":{\"@id\":\"https:\/\/vosgesinfo.fr\/saintdieinfo\/2025\/07\/travaux-a-laval-sur-vologne-deviation-en-place-trafic-perturbe-vers-bruyeres\/#primaryimage\"},\"thumbnailUrl\":\"https:\/\/vosgesinfo.fr\/app\/uploads\/sites\/4\/2025\/07\/img-20250728-083929.jpg\",\"datePublished\":\"2025-07-28T06:55:00+00:00\",\"dateModified\":\"2025-07-28T06:55:00+00:00\",\"breadcrumb\":{\"@id\":\"https:\/\/vosgesinfo.fr\/saintdieinfo\/2025\/07\/travaux-a-laval-sur-vologne-deviation-en-place-trafic-perturbe-vers-bruyeres\/#breadcrumb\"},\"inLanguage\":\"fr-FR\",\"potentialAction\":[{\"@type\":\"ReadAction\",\"target\":[\"https:\/\/vosgesinfo.fr\/saintdieinfo\/2025\/07\/travaux-a-laval-sur-vologne-deviation-en-place-trafic-perturbe-vers-bruyeres\/\"]}]},{\"@type\":\"ImageObject\",\"inLanguage\":\"fr-FR\",\"@id\":\"https:\/\/vosgesinfo.fr\/saintdieinfo\/2025\/07\/travaux-a-laval-sur-vologne-deviation-en-place-trafic-perturbe-vers-bruyeres\/#primaryimage\",\"url\":\"https:\/\/vosgesinfo.fr\/app\/uploads\/sites\/4\/2025\/07\/img-20250728-083929.jpg\",\"contentUrl\":\"https:\/\/vosgesinfo.fr\/app\/uploads\/sites\/4\/2025\/07\/img-20250728-083929.jpg\",\"width\":1200,\"height\":1600},{\"@type\":\"BreadcrumbList\",\"@id\":\"https:\/\/vosgesinfo.fr\/saintdieinfo\/2025\/07\/travaux-a-laval-sur-vologne-deviation-en-place-trafic-perturbe-vers-bruyeres\/#breadcrumb\",\"itemListElement\":[{\"@type\":\"ListItem\",\"position\":1,\"name\":\"Home\",\"item\":\"https:\/\/vosgesinfo.fr\/saintdieinfo\/\"},{\"@type\":\"ListItem\",\"position\":2,\"name\":\"Travaux \u00e0 Laval-sur-Vologne : d\u00e9viation en place, trafic perturb\u00e9 vers Bruy\u00e8res\"}]},{\"@type\":\"WebSite\",\"@id\":\"https:\/\/vosgesinfo.fr\/saintdieinfo\/#website\",\"url\":\"https:\/\/vosgesinfo.fr\/saintdieinfo\/\",\"name\":\"Saint Die Info\",\"description\":\"Toute l&#039;actualit\u00e9 de Saint-Di\u00e9-Des-Vosges\",\"publisher\":{\"@id\":\"https:\/\/vosgesinfo.fr\/saintdieinfo\/#organization\"},\"alternateName\":\"Toute l'actualit\u00e9 de Saint-Di\u00e9-Des-Vosges\",\"potentialAction\":[{\"@type\":\"SearchAction\",\"target\":{\"@type\":\"EntryPoint\",\"urlTemplate\":\"https:\/\/vosgesinfo.fr\/saintdieinfo\/?s={search_term_string}\"},\"query-input\":\"required name=search_term_string\"}],\"inLanguage\":\"fr-FR\"},{\"@type\":\"Organization\",\"@id\":\"https:\/\/vosgesinfo.fr\/saintdieinfo\/#organization\",\"name\":\"Saint Die Info\",\"url\":\"https:\/\/vosgesinfo.fr\/saintdieinfo\/\",\"logo\":{\"@type\":\"ImageObject\",\"inLanguage\":\"fr-FR\",\"@id\":\"https:\/\/vosgesinfo.fr\/saintdieinfo\/#\/schema\/logo\/image\/\",\"url\":\"https:\/\/vosgesinfo.fr\/app\/uploads\/sites\/4\/2024\/02\/logo-sdi.jpg\",\"contentUrl\":\"https:\/\/vosgesinfo.fr\/app\/uploads\/sites\/4\/2024\/02\/logo-sdi.jpg\",\"width\":600,\"height\":600,\"caption\":\"Saint Die Info\"},\"image\":{\"@id\":\"https:\/\/vosgesinfo.fr\/saintdieinfo\/#\/schema\/logo\/image\/\"},\"sameAs\":[\"https:\/\/www.facebook.com\/Saintdieinfofr\",\"https:\/\/x.com\/VosgesInfo88\",\"https:\/\/www.youtube.com\/@vosgesinfo\"]},{\"@type\":\"Person\",\"@id\":\"https:\/\/vosgesinfo.fr\/saintdieinfo\/#\/schema\/person\/6f9a650eeea99d969b6c4ab78fccbe81\",\"name\":\"C.K.\",\"image\":{\"@type\":\"ImageObject\",\"inLanguage\":\"fr-FR\",\"@id\":\"https:\/\/vosgesinfo.fr\/saintdieinfo\/#\/schema\/person\/image\/\",\"url\":\"https:\/\/secure.gravatar.com\/avatar\/48e3fc7f8421ba8942be6b74a2b7f014ca39bc00dece156b7a8e098ae7dc87bf?s=96&d=mm&r=g\",\"contentUrl\":\"https:\/\/secure.gravatar.com\/avatar\/48e3fc7f8421ba8942be6b74a2b7f014ca39bc00dece156b7a8e098ae7dc87bf?s=96&d=mm&r=g\",\"caption\":\"C.K.\"},\"url\":\"https:\/\/vosgesinfo.fr\/saintdieinfo\/author\/celia-k-n\/\"}]}<\/script>\n<!-- \/ Yoast SEO plugin. -->","yoast_head_json":{"title":"Travaux \u00e0 Laval-sur-Vologne : d\u00e9viation en place, trafic perturb\u00e9 vers Bruy\u00e8res - Saint Die Info","robots":{"index":"index","follow":"follow","max-snippet":"max-snippet:-1","max-image-preview":"max-image-preview:large","max-video-preview":"max-video-preview:-1"},"canonical":"https:\/\/vosgesinfo.fr\/saintdieinfo\/2025\/07\/travaux-a-laval-sur-vologne-deviation-en-place-trafic-perturbe-vers-bruyeres\/","twitter_card":"summary_large_image","twitter_title":"Travaux \u00e0 Laval-sur-Vologne : d\u00e9viation en place, trafic perturb\u00e9 vers Bruy\u00e8res - Saint Die Info","twitter_description":"En raison de travaux en cours \u00e0 Laval-sur-Vologne, une d\u00e9viation a \u00e9t\u00e9 mise en place sur la route menant \u00e0 [&hellip;]","twitter_image":"https:\/\/vosgesinfo.fr\/app\/uploads\/sites\/4\/2025\/07\/img-20250728-083929.jpg","twitter_creator":"@VosgesInfo88","twitter_site":"@VosgesInfo88","twitter_misc":{"\u00c9crit par":"C.K.","Dur\u00e9e de lecture estim\u00e9e":"1 minute"},"schema":{"@context":"https:\/\/schema.org","@graph":[{"@type":"Article","@id":"https:\/\/vosgesinfo.fr\/saintdieinfo\/2025\/07\/travaux-a-laval-sur-vologne-deviation-en-place-trafic-perturbe-vers-bruyeres\/#article","isPartOf":{"@id":"https:\/\/vosgesinfo.fr\/saintdieinfo\/2025\/07\/travaux-a-laval-sur-vologne-deviation-en-place-trafic-perturbe-vers-bruyeres\/"},"author":{"name":"C.K.","@id":"https:\/\/vosgesinfo.fr\/saintdieinfo\/#\/schema\/person\/6f9a650eeea99d969b6c4ab78fccbe81"},"headline":"Travaux \u00e0 Laval-sur-Vologne : d\u00e9viation en place, trafic perturb\u00e9 vers Bruy\u00e8res","datePublished":"2025-07-28T06:55:00+00:00","dateModified":"2025-07-28T06:55:00+00:00","mainEntityOfPage":{"@id":"https:\/\/vosgesinfo.fr\/saintdieinfo\/2025\/07\/travaux-a-laval-sur-vologne-deviation-en-place-trafic-perturbe-vers-bruyeres\/"},"wordCount":116,"commentCount":0,"publisher":{"@id":"https:\/\/vosgesinfo.fr\/saintdieinfo\/#organization"},"image":{"@id":"https:\/\/vosgesinfo.fr\/saintdieinfo\/2025\/07\/travaux-a-laval-sur-vologne-deviation-en-place-trafic-perturbe-vers-bruyeres\/#primaryimage"},"thumbnailUrl":"https:\/\/vosgesinfo.fr\/app\/uploads\/sites\/4\/2025\/07\/img-20250728-083929.jpg","articleSection":["A la Une","Epinal","Gerardmer","Saint-di\u00e9"],"inLanguage":"fr-FR","potentialAction":[{"@type":"CommentAction","name":"Comment","target":["https:\/\/vosgesinfo.fr\/saintdieinfo\/2025\/07\/travaux-a-laval-sur-vologne-deviation-en-place-trafic-perturbe-vers-bruyeres\/#respond"]}]},{"@type":"WebPage","@id":"https:\/\/vosgesinfo.fr\/saintdieinfo\/2025\/07\/travaux-a-laval-sur-vologne-deviation-en-place-trafic-perturbe-vers-bruyeres\/","url":"https:\/\/vosgesinfo.fr\/saintdieinfo\/2025\/07\/travaux-a-laval-sur-vologne-deviation-en-place-trafic-perturbe-vers-bruyeres\/","name":"Travaux \u00e0 Laval-sur-Vologne : d\u00e9viation en place, trafic perturb\u00e9 vers Bruy\u00e8res - Saint Die Info","isPartOf":{"@id":"https:\/\/vosgesinfo.fr\/saintdieinfo\/#website"},"primaryImageOfPage":{"@id":"https:\/\/vosgesinfo.fr\/saintdieinfo\/2025\/07\/travaux-a-laval-sur-vologne-deviation-en-place-trafic-perturbe-vers-bruyeres\/#primaryimage"},"image":{"@id":"https:\/\/vosgesinfo.fr\/saintdieinfo\/2025\/07\/travaux-a-laval-sur-vologne-deviation-en-place-trafic-perturbe-vers-bruyeres\/#primaryimage"},"thumbnailUrl":"https:\/\/vosgesinfo.fr\/app\/uploads\/sites\/4\/2025\/07\/img-20250728-083929.jpg","datePublished":"2025-07-28T06:55:00+00:00","dateModified":"2025-07-28T06:55:00+00:00","breadcrumb":{"@id":"https:\/\/vosgesinfo.fr\/saintdieinfo\/2025\/07\/travaux-a-laval-sur-vologne-deviation-en-place-trafic-perturbe-vers-bruyeres\/#breadcrumb"},"inLanguage":"fr-FR","potentialAction":[{"@type":"ReadAction","target":["https:\/\/vosgesinfo.fr\/saintdieinfo\/2025\/07\/travaux-a-laval-sur-vologne-deviation-en-place-trafic-perturbe-vers-bruyeres\/"]}]},{"@type":"ImageObject","inLanguage":"fr-FR","@id":"https:\/\/vosgesinfo.fr\/saintdieinfo\/2025\/07\/travaux-a-laval-sur-vologne-deviation-en-place-trafic-perturbe-vers-bruyeres\/#primaryimage","url":"https:\/\/vosgesinfo.fr\/app\/uploads\/sites\/4\/2025\/07\/img-20250728-083929.jpg","contentUrl":"https:\/\/vosgesinfo.fr\/app\/uploads\/sites\/4\/2025\/07\/img-20250728-083929.jpg","width":1200,"height":1600},{"@type":"BreadcrumbList","@id":"https:\/\/vosgesinfo.fr\/saintdieinfo\/2025\/07\/travaux-a-laval-sur-vologne-deviation-en-place-trafic-perturbe-vers-bruyeres\/#breadcrumb","itemListElement":[{"@type":"ListItem","position":1,"name":"Home","item":"https:\/\/vosgesinfo.fr\/saintdieinfo\/"},{"@type":"ListItem","position":2,"name":"Travaux \u00e0 Laval-sur-Vologne : d\u00e9viation en place, trafic perturb\u00e9 vers Bruy\u00e8res"}]},{"@type":"WebSite","@id":"https:\/\/vosgesinfo.fr\/saintdieinfo\/#website","url":"https:\/\/vosgesinfo.fr\/saintdieinfo\/","name":"Saint Die Info","description":"Toute l&#039;actualit\u00e9 de Saint-Di\u00e9-Des-Vosges","publisher":{"@id":"https:\/\/vosgesinfo.fr\/saintdieinfo\/#organization"},"alternateName":"Toute l'actualit\u00e9 de Saint-Di\u00e9-Des-Vosges","potentialAction":[{"@type":"SearchAction","target":{"@type":"EntryPoint","urlTemplate":"https:\/\/vosgesinfo.fr\/saintdieinfo\/?s={search_term_string}"},"query-input":"required name=search_term_string"}],"inLanguage":"fr-FR"},{"@type":"Organization","@id":"https:\/\/vosgesinfo.fr\/saintdieinfo\/#organization","name":"Saint Die Info","url":"https:\/\/vosgesinfo.fr\/saintdieinfo\/","logo":{"@type":"ImageObject","inLanguage":"fr-FR","@id":"https:\/\/vosgesinfo.fr\/saintdieinfo\/#\/schema\/logo\/image\/","url":"https:\/\/vosgesinfo.fr\/app\/uploads\/sites\/4\/2024\/02\/logo-sdi.jpg","contentUrl":"https:\/\/vosgesinfo.fr\/app\/uploads\/sites\/4\/2024\/02\/logo-sdi.jpg","width":600,"height":600,"caption":"Saint Die Info"},"image":{"@id":"https:\/\/vosgesinfo.fr\/saintdieinfo\/#\/schema\/logo\/image\/"},"sameAs":["https:\/\/www.facebook.com\/Saintdieinfofr","https:\/\/x.com\/VosgesInfo88","https:\/\/www.youtube.com\/@vosgesinfo"]},{"@type":"Person","@id":"https:\/\/vosgesinfo.fr\/saintdieinfo\/#\/schema\/person\/6f9a650eeea99d969b6c4ab78fccbe81","name":"C.K.","image":{"@type":"ImageObject","inLanguage":"fr-FR","@id":"https:\/\/vosgesinfo.fr\/saintdieinfo\/#\/schema\/person\/image\/","url":"https:\/\/secure.gravatar.com\/avatar\/48e3fc7f8421ba8942be6b74a2b7f014ca39bc00dece156b7a8e098ae7dc87bf?s=96&d=mm&r=g","contentUrl":"https:\/\/secure.gravatar.com\/avatar\/48e3fc7f8421ba8942be6b74a2b7f014ca39bc00dece156b7a8e098ae7dc87bf?s=96&d=mm&r=g","caption":"C.K."},"url":"https:\/\/vosgesinfo.fr\/saintdieinfo\/author\/celia-k-n\/"}]}},"_links":{"self":[{"href":"https:\/\/vosgesinfo.fr\/saintdieinfo\/wp-json\/wp\/v2\/posts\/80681","targetHints":{"allow":["GET"]}}],"collection":[{"href":"https:\/\/vosgesinfo.fr\/saintdieinfo\/wp-json\/wp\/v2\/posts"}],"about":[{"href":"https:\/\/vosgesinfo.fr\/saintdieinfo\/wp-json\/wp\/v2\/types\/post"}],"author":[{"embeddable":true,"href":"https:\/\/vosgesinfo.fr\/saintdieinfo\/wp-json\/wp\/v2\/users\/52"}],"replies":[{"embeddable":true,"href":"https:\/\/vosgesinfo.fr\/saintdieinfo\/wp-json\/wp\/v2\/comments?post=80681"}],"version-history":[{"count":0,"href":"https:\/\/vosgesinfo.fr\/saintdieinfo\/wp-json\/wp\/v2\/posts\/80681\/revisions"}],"wp:featuredmedia":[{"embeddable":true,"href":"https:\/\/vosgesinfo.fr\/saintdieinfo\/wp-json\/wp\/v2\/media\/80682"}],"wp:attachment":[{"href":"https:\/\/vosgesinfo.fr\/saintdieinfo\/wp-json\/wp\/v2\/media?parent=80681"}],"wp:term":[{"taxonomy":"category","embeddable":true,"href":"https:\/\/vosgesinfo.fr\/saintdieinfo\/wp-json\/wp\/v2\/categories?post=80681"},{"taxonomy":"post_tag","embeddable":true,"href":"https:\/\/vosgesinfo.fr\/saintdieinfo\/wp-json\/wp\/v2\/tags?post=80681"}],"curies":[{"name":"wp","href":"https:\/\/api.w.org\/{rel}","templated":true}]}}