{"id":80688,"date":"2025-07-28T11:45:44","date_gmt":"2025-07-28T09:45:44","guid":{"rendered":"https:\/\/vosgesinfo.fr\/saintdieinfo\/?p=80688"},"modified":"2025-07-28T13:16:40","modified_gmt":"2025-07-28T11:16:40","slug":"une-association-de-protection-animale-se-mobilise-a-saint-die-des-vosges-contre-la-vente-de-pieges-a-colle","status":"publish","type":"post","link":"https:\/\/vosgesinfo.fr\/saintdieinfo\/2025\/07\/une-association-de-protection-animale-se-mobilise-a-saint-die-des-vosges-contre-la-vente-de-pieges-a-colle\/","title":{"rendered":"Une association de protection animale se mobilise \u00e0 Saint-Di\u00e9-des-Vosges contre la vente de pi\u00e8ges \u00e0 colle"},"content":{"rendered":"<div id=\"attachment_80693\" style=\"width: 1034px\" class=\"wp-caption alignnone\"><a href=\"https:\/\/vosgesinfo.fr\/app\/uploads\/sites\/4\/2025\/07\/action-paz-e-3.jpg\"><img decoding=\"async\" aria-describedby=\"caption-attachment-80693\" class=\"size-large wp-image-80693\" src=\"https:\/\/vosgesinfo.fr\/app\/uploads\/sites\/4\/2025\/07\/action-paz-e-3-1024x683.jpg\" alt=\"\" width=\"1024\" height=\"683\" srcset=\"https:\/\/vosgesinfo.fr\/app\/uploads\/sites\/4\/2025\/07\/action-paz-e-3-1024x683.jpg 1024w, https:\/\/vosgesinfo.fr\/app\/uploads\/sites\/4\/2025\/07\/action-paz-e-3-300x200.jpg 300w, https:\/\/vosgesinfo.fr\/app\/uploads\/sites\/4\/2025\/07\/action-paz-e-3-768x512.jpg 768w, https:\/\/vosgesinfo.fr\/app\/uploads\/sites\/4\/2025\/07\/action-paz-e-3.jpg 1200w\" sizes=\"(max-width: 1024px) 100vw, 1024px\" \/><\/a><p id=\"caption-attachment-80693\" class=\"wp-caption-text\">(Photographies Marc Fourniquet)<\/p><\/div>\n<h2>Dans le cadre de la <strong>Journ\u00e9e mondiale pour la d\u00e9fense des animaux liminaires<\/strong>, qui sont les animaux vivant en libert\u00e9 dans l&rsquo;espace urbain \u00e0 proximit\u00e9 des humains, une <strong>action \u00e9tait organis\u00e9e samedi apr\u00e8s-midi<\/strong> devant le magasin <strong>E.Leclerc de Saint-Di\u00e9-des-Vosges<\/strong>. \u00c0 travers cette mobilisation, l&rsquo;association <strong>PAZ \u2013 Projet Animaux Zoopolis \u2013<\/strong> appelle l\u2019enseigne \u00e0 <strong>cesser la vente de pi\u00e8ges \u00e0 colle<\/strong>, d\u00e9nonc\u00e9s comme particuli\u00e8rement cruels.<\/h2>\n<p><!--more--><\/p>\n<h3 class=\"western\"><strong>Sensibilisation du public devant le E.Leclerc de Saint-Di\u00e9-des-Vosges<\/strong><\/h3>\n<p>Sur place, les militants ont brandi des <strong>photos d\u2019animaux pi\u00e9g\u00e9s<\/strong>, tout en distribuant des tracts afin de <strong>sensibiliser le public<\/strong>. Car comme l\u2019explique PAZ, l\u2019enseigne <strong>E.Leclerc ne s\u2019est pas encore engag\u00e9e<\/strong> \u00e0 retirer de ses rayons les pi\u00e8ges \u00e0 colle. Et ce, contrairement \u00e0 <strong>Carrefour, Intermarch\u00e9, Gamm Vert, Jardiland, Bricorama, L\u2019Entrep\u00f4t du Bricolage<\/strong> et <strong>Rural<\/strong>, qui ont cess\u00e9 la commercialisation de ces produits apr\u00e8s l\u2019\u00e9coulement des derniers stocks.<\/p>\n<h3 class=\"western\"><strong>Une cruaut\u00e9 d\u00e9nonc\u00e9e par la cofondatrice de PAZ<\/strong><\/h3>\n<p>Pour <strong>Amandine Sanvisens<\/strong>, cofondatrice de PAZ, \u00ab\u202fLes pi\u00e8ges \u00e0 colle sont d\u2019une <strong>cruaut\u00e9 extr\u00eame<\/strong> pour les animaux pi\u00e9g\u00e9s qui <strong>meurent de faim, de soif ou d\u2019\u00e9puisement<\/strong> dans leurs propres excr\u00e9ments apr\u00e8s de longues heures d\u2019agonie.\u202f\u00bb<\/p>\n<h3 class=\"western\"><strong>Deux propositions de loi pour interdire les pi\u00e8ges \u00e0 colle<\/strong><\/h3>\n<p>Deux <strong>propositions de loi<\/strong> ont \u00e9galement \u00e9t\u00e9 d\u00e9pos\u00e9es en mars et avril 2025, visant \u00e0 <strong>interdire la production, la commercialisation et l&rsquo;utilisation des pi\u00e8ges \u00e0 colle<\/strong>, respectivement par le <strong>s\u00e9nateur socialiste Bernard Jomier<\/strong> et le <strong>d\u00e9put\u00e9 LFI Gabriel Amard<\/strong>.<\/p>\n<h3 class=\"western\"><strong>Une journ\u00e9e pour promouvoir la cohabitation avec les animaux liminaires<\/strong><\/h3>\n<p>Initi\u00e9e par PAZ, la Journ\u00e9e mondiale pour la d\u00e9fense des animaux liminaires vise \u00e0 <strong>promouvoir la cohabitation<\/strong> avec les animaux urbains ni domestiques ni sauvages, \u00ab\u202fsouvent ignor\u00e9s ou \u00e9limin\u00e9s\u202f\u00bb. Le th\u00e8me de cette <strong>deuxi\u00e8me \u00e9dition<\/strong> est pr\u00e9cis\u00e9ment la <strong>lutte contre les pi\u00e8ges \u00e0 colle<\/strong>.<\/p>\n\n\t\t<style type=\"text\/css\">\n\t\t\t#gallery-1 {\n\t\t\t\tmargin: auto;\n\t\t\t}\n\t\t\t#gallery-1 .gallery-item {\n\t\t\t\tfloat: left;\n\t\t\t\tmargin-top: 10px;\n\t\t\t\ttext-align: center;\n\t\t\t\twidth: 50%;\n\t\t\t}\n\t\t\t#gallery-1 img {\n\t\t\t\tborder: 2px solid #cfcfcf;\n\t\t\t}\n\t\t\t#gallery-1 .gallery-caption {\n\t\t\t\tmargin-left: 0;\n\t\t\t}\n\t\t\t\/* see gallery_shortcode() in wp-includes\/media.php *\/\n\t\t<\/style>\n\t\t<div id='gallery-1' class='gallery galleryid-80688 gallery-columns-2 gallery-size-thumbnail'><dl class='gallery-item'>\n\t\t\t<dt class='gallery-icon landscape'>\n\t\t\t\t<a href='https:\/\/vosgesinfo.fr\/app\/uploads\/sites\/4\/2025\/07\/action-paz-e-2.jpg'><img decoding=\"async\" width=\"150\" height=\"150\" src=\"https:\/\/vosgesinfo.fr\/app\/uploads\/sites\/4\/2025\/07\/action-paz-e-2-150x150.jpg\" class=\"attachment-thumbnail size-thumbnail\" alt=\"\" \/><\/a>\n\t\t\t<\/dt><\/dl><dl class='gallery-item'>\n\t\t\t<dt class='gallery-icon landscape'>\n\t\t\t\t<a href='https:\/\/vosgesinfo.fr\/app\/uploads\/sites\/4\/2025\/07\/action-paz-e-1.jpg'><img decoding=\"async\" width=\"150\" height=\"150\" src=\"https:\/\/vosgesinfo.fr\/app\/uploads\/sites\/4\/2025\/07\/action-paz-e-1-150x150.jpg\" class=\"attachment-thumbnail size-thumbnail\" alt=\"\" \/><\/a>\n\t\t\t<\/dt><\/dl><br style=\"clear: both\" \/>\n\t\t<\/div>\n\n","protected":false},"excerpt":{"rendered":"<p>Dans le cadre de la Journ\u00e9e mondiale pour la d\u00e9fense des animaux liminaires, qui sont les animaux vivant en libert\u00e9 [&hellip;]<\/p>\n","protected":false},"author":46,"featured_media":80693,"comment_status":"open","ping_status":"open","sticky":false,"template":"","format":"standard","meta":{"footnotes":""},"categories":[460,167,13,17],"tags":[4591,17906,17905,16776,17907,3421],"class_list":["post-80688","post","type-post","status-publish","format-standard","has-post-thumbnail","hentry","category-a-la-une","category-saint-die-des-vosges","category-societe","category-vie-associative","tag-hypermarche-e-leclerc-de-saint-die-des-vosges","tag-journee-mondiale-pour-la-defense-des-animaux-liminaires","tag-paris-animaux-zoopolis","tag-paz","tag-une-association-de-protection-animale-se-mobilise-a-saint-die-des-vosges-contre-la-vente-de-pieges-a-colle","tag-zone-hellieule-2"],"acf":[],"yoast_head":"<!-- This site is optimized with the Yoast SEO plugin v22.5 - https:\/\/yoast.com\/wordpress\/plugins\/seo\/ -->\n<title>Une association de protection animale se mobilise \u00e0 Saint-Di\u00e9-des-Vosges contre la vente de pi\u00e8ges \u00e0 colle - Saint Die Info<\/title>\n<meta name=\"robots\" content=\"index, follow, max-snippet:-1, max-image-preview:large, max-video-preview:-1\" \/>\n<link rel=\"canonical\" href=\"https:\/\/vosgesinfo.fr\/saintdieinfo\/2025\/07\/une-association-de-protection-animale-se-mobilise-a-saint-die-des-vosges-contre-la-vente-de-pieges-a-colle\/\" \/>\n<meta name=\"twitter:card\" content=\"summary_large_image\" \/>\n<meta name=\"twitter:title\" content=\"Une association de protection animale se mobilise \u00e0 Saint-Di\u00e9-des-Vosges contre la vente de pi\u00e8ges \u00e0 colle - Saint Die Info\" \/>\n<meta name=\"twitter:description\" content=\"Dans le cadre de la Journ\u00e9e mondiale pour la d\u00e9fense des animaux liminaires, qui sont les animaux vivant en libert\u00e9 [&hellip;]\" \/>\n<meta name=\"twitter:image\" content=\"https:\/\/vosgesinfo.fr\/app\/uploads\/sites\/4\/2025\/07\/action-paz-e-3.jpg\" \/>\n<meta name=\"twitter:creator\" content=\"@VosgesInfo88\" \/>\n<meta name=\"twitter:site\" content=\"@VosgesInfo88\" \/>\n<meta name=\"twitter:label1\" content=\"\u00c9crit par\" \/>\n\t<meta name=\"twitter:data1\" content=\"J.J.\" \/>\n\t<meta name=\"twitter:label2\" content=\"Dur\u00e9e de lecture estim\u00e9e\" \/>\n\t<meta name=\"twitter:data2\" content=\"2 minutes\" \/>\n<script type=\"application\/ld+json\" class=\"yoast-schema-graph\">{\"@context\":\"https:\/\/schema.org\",\"@graph\":[{\"@type\":\"Article\",\"@id\":\"https:\/\/vosgesinfo.fr\/saintdieinfo\/2025\/07\/une-association-de-protection-animale-se-mobilise-a-saint-die-des-vosges-contre-la-vente-de-pieges-a-colle\/#article\",\"isPartOf\":{\"@id\":\"https:\/\/vosgesinfo.fr\/saintdieinfo\/2025\/07\/une-association-de-protection-animale-se-mobilise-a-saint-die-des-vosges-contre-la-vente-de-pieges-a-colle\/\"},\"author\":{\"name\":\"J.J.\",\"@id\":\"https:\/\/vosgesinfo.fr\/saintdieinfo\/#\/schema\/person\/fa73e9f726d67bb88f46d5b7943cb572\"},\"headline\":\"Une association de protection animale se mobilise \u00e0 Saint-Di\u00e9-des-Vosges contre la vente de pi\u00e8ges \u00e0 colle\",\"datePublished\":\"2025-07-28T09:45:44+00:00\",\"dateModified\":\"2025-07-28T11:16:40+00:00\",\"mainEntityOfPage\":{\"@id\":\"https:\/\/vosgesinfo.fr\/saintdieinfo\/2025\/07\/une-association-de-protection-animale-se-mobilise-a-saint-die-des-vosges-contre-la-vente-de-pieges-a-colle\/\"},\"wordCount\":358,\"commentCount\":1,\"publisher\":{\"@id\":\"https:\/\/vosgesinfo.fr\/saintdieinfo\/#organization\"},\"image\":{\"@id\":\"https:\/\/vosgesinfo.fr\/saintdieinfo\/2025\/07\/une-association-de-protection-animale-se-mobilise-a-saint-die-des-vosges-contre-la-vente-de-pieges-a-colle\/#primaryimage\"},\"thumbnailUrl\":\"https:\/\/vosgesinfo.fr\/app\/uploads\/sites\/4\/2025\/07\/action-paz-e-3.jpg\",\"keywords\":[\"Hypermarch\u00e9 E. Leclerc de Saint-Di\u00e9-des-Vosges\",\"Journ\u00e9e mondiale pour la d\u00e9fense des animaux liminaires\",\"Paris Animaux Zoopolis\",\"PAZ\",\"Une association de protection animale se mobilise \u00e0 Saint-Di\u00e9-des-Vosges contre la vente de pi\u00e8ges \u00e0 colle\",\"Zone Hellieule 2\"],\"articleSection\":[\"A la Une\",\"Saint-Di\u00e9-des-Vosges\",\"Soci\u00e9t\u00e9\",\"Vie Associative\"],\"inLanguage\":\"fr-FR\",\"potentialAction\":[{\"@type\":\"CommentAction\",\"name\":\"Comment\",\"target\":[\"https:\/\/vosgesinfo.fr\/saintdieinfo\/2025\/07\/une-association-de-protection-animale-se-mobilise-a-saint-die-des-vosges-contre-la-vente-de-pieges-a-colle\/#respond\"]}]},{\"@type\":\"WebPage\",\"@id\":\"https:\/\/vosgesinfo.fr\/saintdieinfo\/2025\/07\/une-association-de-protection-animale-se-mobilise-a-saint-die-des-vosges-contre-la-vente-de-pieges-a-colle\/\",\"url\":\"https:\/\/vosgesinfo.fr\/saintdieinfo\/2025\/07\/une-association-de-protection-animale-se-mobilise-a-saint-die-des-vosges-contre-la-vente-de-pieges-a-colle\/\",\"name\":\"Une association de protection animale se mobilise \u00e0 Saint-Di\u00e9-des-Vosges contre la vente de pi\u00e8ges \u00e0 colle - Saint Die Info\",\"isPartOf\":{\"@id\":\"https:\/\/vosgesinfo.fr\/saintdieinfo\/#website\"},\"primaryImageOfPage\":{\"@id\":\"https:\/\/vosgesinfo.fr\/saintdieinfo\/2025\/07\/une-association-de-protection-animale-se-mobilise-a-saint-die-des-vosges-contre-la-vente-de-pieges-a-colle\/#primaryimage\"},\"image\":{\"@id\":\"https:\/\/vosgesinfo.fr\/saintdieinfo\/2025\/07\/une-association-de-protection-animale-se-mobilise-a-saint-die-des-vosges-contre-la-vente-de-pieges-a-colle\/#primaryimage\"},\"thumbnailUrl\":\"https:\/\/vosgesinfo.fr\/app\/uploads\/sites\/4\/2025\/07\/action-paz-e-3.jpg\",\"datePublished\":\"2025-07-28T09:45:44+00:00\",\"dateModified\":\"2025-07-28T11:16:40+00:00\",\"breadcrumb\":{\"@id\":\"https:\/\/vosgesinfo.fr\/saintdieinfo\/2025\/07\/une-association-de-protection-animale-se-mobilise-a-saint-die-des-vosges-contre-la-vente-de-pieges-a-colle\/#breadcrumb\"},\"inLanguage\":\"fr-FR\",\"potentialAction\":[{\"@type\":\"ReadAction\",\"target\":[\"https:\/\/vosgesinfo.fr\/saintdieinfo\/2025\/07\/une-association-de-protection-animale-se-mobilise-a-saint-die-des-vosges-contre-la-vente-de-pieges-a-colle\/\"]}]},{\"@type\":\"ImageObject\",\"inLanguage\":\"fr-FR\",\"@id\":\"https:\/\/vosgesinfo.fr\/saintdieinfo\/2025\/07\/une-association-de-protection-animale-se-mobilise-a-saint-die-des-vosges-contre-la-vente-de-pieges-a-colle\/#primaryimage\",\"url\":\"https:\/\/vosgesinfo.fr\/app\/uploads\/sites\/4\/2025\/07\/action-paz-e-3.jpg\",\"contentUrl\":\"https:\/\/vosgesinfo.fr\/app\/uploads\/sites\/4\/2025\/07\/action-paz-e-3.jpg\",\"width\":1200,\"height\":800,\"caption\":\"(Photographies Marc Fourniquet)\"},{\"@type\":\"BreadcrumbList\",\"@id\":\"https:\/\/vosgesinfo.fr\/saintdieinfo\/2025\/07\/une-association-de-protection-animale-se-mobilise-a-saint-die-des-vosges-contre-la-vente-de-pieges-a-colle\/#breadcrumb\",\"itemListElement\":[{\"@type\":\"ListItem\",\"position\":1,\"name\":\"Home\",\"item\":\"https:\/\/vosgesinfo.fr\/saintdieinfo\/\"},{\"@type\":\"ListItem\",\"position\":2,\"name\":\"Une association de protection animale se mobilise \u00e0 Saint-Di\u00e9-des-Vosges contre la vente de pi\u00e8ges \u00e0 colle\"}]},{\"@type\":\"WebSite\",\"@id\":\"https:\/\/vosgesinfo.fr\/saintdieinfo\/#website\",\"url\":\"https:\/\/vosgesinfo.fr\/saintdieinfo\/\",\"name\":\"Saint Die Info\",\"description\":\"Toute l&#039;actualit\u00e9 de Saint-Di\u00e9-Des-Vosges\",\"publisher\":{\"@id\":\"https:\/\/vosgesinfo.fr\/saintdieinfo\/#organization\"},\"alternateName\":\"Toute l'actualit\u00e9 de Saint-Di\u00e9-Des-Vosges\",\"potentialAction\":[{\"@type\":\"SearchAction\",\"target\":{\"@type\":\"EntryPoint\",\"urlTemplate\":\"https:\/\/vosgesinfo.fr\/saintdieinfo\/?s={search_term_string}\"},\"query-input\":\"required name=search_term_string\"}],\"inLanguage\":\"fr-FR\"},{\"@type\":\"Organization\",\"@id\":\"https:\/\/vosgesinfo.fr\/saintdieinfo\/#organization\",\"name\":\"Saint Die Info\",\"url\":\"https:\/\/vosgesinfo.fr\/saintdieinfo\/\",\"logo\":{\"@type\":\"ImageObject\",\"inLanguage\":\"fr-FR\",\"@id\":\"https:\/\/vosgesinfo.fr\/saintdieinfo\/#\/schema\/logo\/image\/\",\"url\":\"https:\/\/vosgesinfo.fr\/app\/uploads\/sites\/4\/2024\/02\/logo-sdi.jpg\",\"contentUrl\":\"https:\/\/vosgesinfo.fr\/app\/uploads\/sites\/4\/2024\/02\/logo-sdi.jpg\",\"width\":600,\"height\":600,\"caption\":\"Saint Die Info\"},\"image\":{\"@id\":\"https:\/\/vosgesinfo.fr\/saintdieinfo\/#\/schema\/logo\/image\/\"},\"sameAs\":[\"https:\/\/www.facebook.com\/Saintdieinfofr\",\"https:\/\/x.com\/VosgesInfo88\",\"https:\/\/www.youtube.com\/@vosgesinfo\"]},{\"@type\":\"Person\",\"@id\":\"https:\/\/vosgesinfo.fr\/saintdieinfo\/#\/schema\/person\/fa73e9f726d67bb88f46d5b7943cb572\",\"name\":\"J.J.\",\"image\":{\"@type\":\"ImageObject\",\"inLanguage\":\"fr-FR\",\"@id\":\"https:\/\/vosgesinfo.fr\/saintdieinfo\/#\/schema\/person\/image\/\",\"url\":\"https:\/\/secure.gravatar.com\/avatar\/219e749e47ffbcca018a360ae4add7d4cdf1cdaaf8bc7676b27efade3fe65615?s=96&d=mm&r=g\",\"contentUrl\":\"https:\/\/secure.gravatar.com\/avatar\/219e749e47ffbcca018a360ae4add7d4cdf1cdaaf8bc7676b27efade3fe65615?s=96&d=mm&r=g\",\"caption\":\"J.J.\"},\"url\":\"https:\/\/vosgesinfo.fr\/saintdieinfo\/author\/j-j\/\"}]}<\/script>\n<!-- \/ Yoast SEO plugin. -->","yoast_head_json":{"title":"Une association de protection animale se mobilise \u00e0 Saint-Di\u00e9-des-Vosges contre la vente de pi\u00e8ges \u00e0 colle - Saint Die Info","robots":{"index":"index","follow":"follow","max-snippet":"max-snippet:-1","max-image-preview":"max-image-preview:large","max-video-preview":"max-video-preview:-1"},"canonical":"https:\/\/vosgesinfo.fr\/saintdieinfo\/2025\/07\/une-association-de-protection-animale-se-mobilise-a-saint-die-des-vosges-contre-la-vente-de-pieges-a-colle\/","twitter_card":"summary_large_image","twitter_title":"Une association de protection animale se mobilise \u00e0 Saint-Di\u00e9-des-Vosges contre la vente de pi\u00e8ges \u00e0 colle - Saint Die Info","twitter_description":"Dans le cadre de la Journ\u00e9e mondiale pour la d\u00e9fense des animaux liminaires, qui sont les animaux vivant en libert\u00e9 [&hellip;]","twitter_image":"https:\/\/vosgesinfo.fr\/app\/uploads\/sites\/4\/2025\/07\/action-paz-e-3.jpg","twitter_creator":"@VosgesInfo88","twitter_site":"@VosgesInfo88","twitter_misc":{"\u00c9crit par":"J.J.","Dur\u00e9e de lecture estim\u00e9e":"2 minutes"},"schema":{"@context":"https:\/\/schema.org","@graph":[{"@type":"Article","@id":"https:\/\/vosgesinfo.fr\/saintdieinfo\/2025\/07\/une-association-de-protection-animale-se-mobilise-a-saint-die-des-vosges-contre-la-vente-de-pieges-a-colle\/#article","isPartOf":{"@id":"https:\/\/vosgesinfo.fr\/saintdieinfo\/2025\/07\/une-association-de-protection-animale-se-mobilise-a-saint-die-des-vosges-contre-la-vente-de-pieges-a-colle\/"},"author":{"name":"J.J.","@id":"https:\/\/vosgesinfo.fr\/saintdieinfo\/#\/schema\/person\/fa73e9f726d67bb88f46d5b7943cb572"},"headline":"Une association de protection animale se mobilise \u00e0 Saint-Di\u00e9-des-Vosges contre la vente de pi\u00e8ges \u00e0 colle","datePublished":"2025-07-28T09:45:44+00:00","dateModified":"2025-07-28T11:16:40+00:00","mainEntityOfPage":{"@id":"https:\/\/vosgesinfo.fr\/saintdieinfo\/2025\/07\/une-association-de-protection-animale-se-mobilise-a-saint-die-des-vosges-contre-la-vente-de-pieges-a-colle\/"},"wordCount":358,"commentCount":1,"publisher":{"@id":"https:\/\/vosgesinfo.fr\/saintdieinfo\/#organization"},"image":{"@id":"https:\/\/vosgesinfo.fr\/saintdieinfo\/2025\/07\/une-association-de-protection-animale-se-mobilise-a-saint-die-des-vosges-contre-la-vente-de-pieges-a-colle\/#primaryimage"},"thumbnailUrl":"https:\/\/vosgesinfo.fr\/app\/uploads\/sites\/4\/2025\/07\/action-paz-e-3.jpg","keywords":["Hypermarch\u00e9 E. Leclerc de Saint-Di\u00e9-des-Vosges","Journ\u00e9e mondiale pour la d\u00e9fense des animaux liminaires","Paris Animaux Zoopolis","PAZ","Une association de protection animale se mobilise \u00e0 Saint-Di\u00e9-des-Vosges contre la vente de pi\u00e8ges \u00e0 colle","Zone Hellieule 2"],"articleSection":["A la Une","Saint-Di\u00e9-des-Vosges","Soci\u00e9t\u00e9","Vie Associative"],"inLanguage":"fr-FR","potentialAction":[{"@type":"CommentAction","name":"Comment","target":["https:\/\/vosgesinfo.fr\/saintdieinfo\/2025\/07\/une-association-de-protection-animale-se-mobilise-a-saint-die-des-vosges-contre-la-vente-de-pieges-a-colle\/#respond"]}]},{"@type":"WebPage","@id":"https:\/\/vosgesinfo.fr\/saintdieinfo\/2025\/07\/une-association-de-protection-animale-se-mobilise-a-saint-die-des-vosges-contre-la-vente-de-pieges-a-colle\/","url":"https:\/\/vosgesinfo.fr\/saintdieinfo\/2025\/07\/une-association-de-protection-animale-se-mobilise-a-saint-die-des-vosges-contre-la-vente-de-pieges-a-colle\/","name":"Une association de protection animale se mobilise \u00e0 Saint-Di\u00e9-des-Vosges contre la vente de pi\u00e8ges \u00e0 colle - Saint Die Info","isPartOf":{"@id":"https:\/\/vosgesinfo.fr\/saintdieinfo\/#website"},"primaryImageOfPage":{"@id":"https:\/\/vosgesinfo.fr\/saintdieinfo\/2025\/07\/une-association-de-protection-animale-se-mobilise-a-saint-die-des-vosges-contre-la-vente-de-pieges-a-colle\/#primaryimage"},"image":{"@id":"https:\/\/vosgesinfo.fr\/saintdieinfo\/2025\/07\/une-association-de-protection-animale-se-mobilise-a-saint-die-des-vosges-contre-la-vente-de-pieges-a-colle\/#primaryimage"},"thumbnailUrl":"https:\/\/vosgesinfo.fr\/app\/uploads\/sites\/4\/2025\/07\/action-paz-e-3.jpg","datePublished":"2025-07-28T09:45:44+00:00","dateModified":"2025-07-28T11:16:40+00:00","breadcrumb":{"@id":"https:\/\/vosgesinfo.fr\/saintdieinfo\/2025\/07\/une-association-de-protection-animale-se-mobilise-a-saint-die-des-vosges-contre-la-vente-de-pieges-a-colle\/#breadcrumb"},"inLanguage":"fr-FR","potentialAction":[{"@type":"ReadAction","target":["https:\/\/vosgesinfo.fr\/saintdieinfo\/2025\/07\/une-association-de-protection-animale-se-mobilise-a-saint-die-des-vosges-contre-la-vente-de-pieges-a-colle\/"]}]},{"@type":"ImageObject","inLanguage":"fr-FR","@id":"https:\/\/vosgesinfo.fr\/saintdieinfo\/2025\/07\/une-association-de-protection-animale-se-mobilise-a-saint-die-des-vosges-contre-la-vente-de-pieges-a-colle\/#primaryimage","url":"https:\/\/vosgesinfo.fr\/app\/uploads\/sites\/4\/2025\/07\/action-paz-e-3.jpg","contentUrl":"https:\/\/vosgesinfo.fr\/app\/uploads\/sites\/4\/2025\/07\/action-paz-e-3.jpg","width":1200,"height":800,"caption":"(Photographies Marc Fourniquet)"},{"@type":"BreadcrumbList","@id":"https:\/\/vosgesinfo.fr\/saintdieinfo\/2025\/07\/une-association-de-protection-animale-se-mobilise-a-saint-die-des-vosges-contre-la-vente-de-pieges-a-colle\/#breadcrumb","itemListElement":[{"@type":"ListItem","position":1,"name":"Home","item":"https:\/\/vosgesinfo.fr\/saintdieinfo\/"},{"@type":"ListItem","position":2,"name":"Une association de protection animale se mobilise \u00e0 Saint-Di\u00e9-des-Vosges contre la vente de pi\u00e8ges \u00e0 colle"}]},{"@type":"WebSite","@id":"https:\/\/vosgesinfo.fr\/saintdieinfo\/#website","url":"https:\/\/vosgesinfo.fr\/saintdieinfo\/","name":"Saint Die Info","description":"Toute l&#039;actualit\u00e9 de Saint-Di\u00e9-Des-Vosges","publisher":{"@id":"https:\/\/vosgesinfo.fr\/saintdieinfo\/#organization"},"alternateName":"Toute l'actualit\u00e9 de Saint-Di\u00e9-Des-Vosges","potentialAction":[{"@type":"SearchAction","target":{"@type":"EntryPoint","urlTemplate":"https:\/\/vosgesinfo.fr\/saintdieinfo\/?s={search_term_string}"},"query-input":"required name=search_term_string"}],"inLanguage":"fr-FR"},{"@type":"Organization","@id":"https:\/\/vosgesinfo.fr\/saintdieinfo\/#organization","name":"Saint Die Info","url":"https:\/\/vosgesinfo.fr\/saintdieinfo\/","logo":{"@type":"ImageObject","inLanguage":"fr-FR","@id":"https:\/\/vosgesinfo.fr\/saintdieinfo\/#\/schema\/logo\/image\/","url":"https:\/\/vosgesinfo.fr\/app\/uploads\/sites\/4\/2024\/02\/logo-sdi.jpg","contentUrl":"https:\/\/vosgesinfo.fr\/app\/uploads\/sites\/4\/2024\/02\/logo-sdi.jpg","width":600,"height":600,"caption":"Saint Die Info"},"image":{"@id":"https:\/\/vosgesinfo.fr\/saintdieinfo\/#\/schema\/logo\/image\/"},"sameAs":["https:\/\/www.facebook.com\/Saintdieinfofr","https:\/\/x.com\/VosgesInfo88","https:\/\/www.youtube.com\/@vosgesinfo"]},{"@type":"Person","@id":"https:\/\/vosgesinfo.fr\/saintdieinfo\/#\/schema\/person\/fa73e9f726d67bb88f46d5b7943cb572","name":"J.J.","image":{"@type":"ImageObject","inLanguage":"fr-FR","@id":"https:\/\/vosgesinfo.fr\/saintdieinfo\/#\/schema\/person\/image\/","url":"https:\/\/secure.gravatar.com\/avatar\/219e749e47ffbcca018a360ae4add7d4cdf1cdaaf8bc7676b27efade3fe65615?s=96&d=mm&r=g","contentUrl":"https:\/\/secure.gravatar.com\/avatar\/219e749e47ffbcca018a360ae4add7d4cdf1cdaaf8bc7676b27efade3fe65615?s=96&d=mm&r=g","caption":"J.J."},"url":"https:\/\/vosgesinfo.fr\/saintdieinfo\/author\/j-j\/"}]}},"_links":{"self":[{"href":"https:\/\/vosgesinfo.fr\/saintdieinfo\/wp-json\/wp\/v2\/posts\/80688","targetHints":{"allow":["GET"]}}],"collection":[{"href":"https:\/\/vosgesinfo.fr\/saintdieinfo\/wp-json\/wp\/v2\/posts"}],"about":[{"href":"https:\/\/vosgesinfo.fr\/saintdieinfo\/wp-json\/wp\/v2\/types\/post"}],"author":[{"embeddable":true,"href":"https:\/\/vosgesinfo.fr\/saintdieinfo\/wp-json\/wp\/v2\/users\/46"}],"replies":[{"embeddable":true,"href":"https:\/\/vosgesinfo.fr\/saintdieinfo\/wp-json\/wp\/v2\/comments?post=80688"}],"version-history":[{"count":2,"href":"https:\/\/vosgesinfo.fr\/saintdieinfo\/wp-json\/wp\/v2\/posts\/80688\/revisions"}],"predecessor-version":[{"id":80715,"href":"https:\/\/vosgesinfo.fr\/saintdieinfo\/wp-json\/wp\/v2\/posts\/80688\/revisions\/80715"}],"wp:featuredmedia":[{"embeddable":true,"href":"https:\/\/vosgesinfo.fr\/saintdieinfo\/wp-json\/wp\/v2\/media\/80693"}],"wp:attachment":[{"href":"https:\/\/vosgesinfo.fr\/saintdieinfo\/wp-json\/wp\/v2\/media?parent=80688"}],"wp:term":[{"taxonomy":"category","embeddable":true,"href":"https:\/\/vosgesinfo.fr\/saintdieinfo\/wp-json\/wp\/v2\/categories?post=80688"},{"taxonomy":"post_tag","embeddable":true,"href":"https:\/\/vosgesinfo.fr\/saintdieinfo\/wp-json\/wp\/v2\/tags?post=80688"}],"curies":[{"name":"wp","href":"https:\/\/api.w.org\/{rel}","templated":true}]}}