{"id":80689,"date":"2025-07-28T17:30:59","date_gmt":"2025-07-28T15:30:59","guid":{"rendered":"https:\/\/vosgesinfo.fr\/saintdieinfo\/?p=80689"},"modified":"2025-07-28T17:30:59","modified_gmt":"2025-07-28T15:30:59","slug":"samse-summer-tour-saut-a-ski-et-combine-nordique-ce-dimanche-aux-bas-rupts-et-a-la-tenine","status":"publish","type":"post","link":"https:\/\/vosgesinfo.fr\/saintdieinfo\/2025\/07\/samse-summer-tour-saut-a-ski-et-combine-nordique-ce-dimanche-aux-bas-rupts-et-a-la-tenine\/","title":{"rendered":"SAMSE Summer Tour &#8211; saut \u00e0 ski et combin\u00e9 nordique ce dimanche aux Bas Rupts et \u00e0 la T\u00e9nine"},"content":{"rendered":"<p>&nbsp;<\/p>\n<p><span data-olk-copy-source=\"MessageBody\"><strong>Rendez-vous \u00e0 ne pas manquer le dimanche 3 ao\u00fbt au tremplin des Bas-Rupt et au stade de la T\u00e9nine. Ce sera l&rsquo;occasion de rencontrer l&rsquo;\u00e9quipe de France de saut \u00e0 ski et combin\u00e9 nordique pour un spectacle sportif grandiose.<\/strong> <\/span><\/p>\n<p><span data-olk-copy-source=\"MessageBody\"><a href=\"https:\/\/vosgesinfo.fr\/app\/uploads\/sites\/6\/2025\/07\/saut-et-combines-tremplin-bas-rupts.jpg\"><img decoding=\"async\" class=\"alignright size-medium wp-image-80955\" src=\"https:\/\/vosgesinfo.fr\/app\/uploads\/sites\/6\/2025\/07\/saut-et-combines-tremplin-bas-rupts-218x300.jpg\" alt=\"\" width=\"218\" height=\"300\" \/><\/a>Entr\u00e9e libre. <\/span><\/p>\n<p><span data-olk-copy-source=\"MessageBody\">Buvette et restauration sur place.<\/span><\/p>\n<p>Dimanche 03 ao\u00fbt 2025<br \/>\nStade de biathlon de La T\u00e9nine \u00e0 La Bresse<br \/>\nStade de saut \u00e0 ski des \u201cBas-Rupts\u201c\u00e0 G\u00e9rardmer<\/p>\n<p><span style=\"font-size: 14pt;\"><strong>Programme :\u00a0<\/strong><\/span><\/p>\n<p><strong>Stade de biathlon de La Bresse\/La T\u00e9nine<\/strong><\/p>\n<p>Courses de ski-roue mass start du combin\u00e9 nordique<br \/>\n9h00 : ouverture de la piste aux athl\u00e8tes<br \/>\n9h30 : d\u00e9parts en mass start :<br \/>\n-Course U17 et dames (5kms)<br \/>\n&#8211; Course U20 et seniors (10 kms)<\/p>\n<p><strong>Tremplin de saut \u00e0 ski des Bas Rupts<\/strong><br \/>\nConcours de saut sp\u00e9cial et saut du combin\u00e9<br \/>\n16h30 : \u2026\u2026\u2026\u2026. .saut d\u2018entra\u00eenement officiel<br \/>\n17h30 : \u2026\u2026\u2026\u2026.. concours de saut en 2 manches<br \/>\n19h30 : &#8230;..palmar\u00e8s et soir\u00e9e festive<\/p>\n","protected":false},"excerpt":{"rendered":"<p>&nbsp; Rendez-vous \u00e0 ne pas manquer le dimanche 3 ao\u00fbt au tremplin des Bas-Rupt et au stade de la T\u00e9nine. [&hellip;]<\/p>\n","protected":false},"author":391,"featured_media":80690,"comment_status":"open","ping_status":"open","sticky":false,"template":"","format":"standard","meta":{"footnotes":""},"categories":[460,5391,4099,4100,14],"tags":[17482,17904,17483,14767],"class_list":["post-80689","post","type-post","status-publish","format-standard","has-post-thumbnail","hentry","category-a-la-une","category-gerardmer","category-remiremont","category-saint-die","category-sport","tag-concours-de-saut-et-combine","tag-la-tenine","tag-samse-national-tour","tag-tremplin-bas-rupts"],"acf":[],"yoast_head":"<!-- This site is optimized with the Yoast SEO plugin v22.5 - https:\/\/yoast.com\/wordpress\/plugins\/seo\/ -->\n<title>SAMSE Summer Tour - saut \u00e0 ski et combin\u00e9 nordique ce dimanche aux Bas Rupts et \u00e0 la T\u00e9nine - Saint Die Info<\/title>\n<meta name=\"robots\" content=\"index, follow, max-snippet:-1, max-image-preview:large, max-video-preview:-1\" \/>\n<link rel=\"canonical\" href=\"https:\/\/vosgesinfo.fr\/saintdieinfo\/2025\/07\/samse-summer-tour-saut-a-ski-et-combine-nordique-ce-dimanche-aux-bas-rupts-et-a-la-tenine\/\" \/>\n<meta name=\"twitter:card\" content=\"summary_large_image\" \/>\n<meta name=\"twitter:title\" content=\"SAMSE Summer Tour - saut \u00e0 ski et combin\u00e9 nordique ce dimanche aux Bas Rupts et \u00e0 la T\u00e9nine - Saint Die Info\" \/>\n<meta name=\"twitter:description\" content=\"&nbsp; Rendez-vous \u00e0 ne pas manquer le dimanche 3 ao\u00fbt au tremplin des Bas-Rupt et au stade de la T\u00e9nine. [&hellip;]\" \/>\n<meta name=\"twitter:image\" content=\"https:\/\/vosgesinfo.fr\/app\/uploads\/sites\/4\/2025\/07\/201908saut-a-ski-bas-rupts-2-1.jpg\" \/>\n<meta name=\"twitter:creator\" content=\"@VosgesInfo88\" \/>\n<meta name=\"twitter:site\" content=\"@VosgesInfo88\" \/>\n<meta name=\"twitter:label1\" content=\"\u00c9crit par\" \/>\n\t<meta name=\"twitter:data1\" content=\"La redaction\" \/>\n\t<meta name=\"twitter:label2\" content=\"Dur\u00e9e de lecture estim\u00e9e\" \/>\n\t<meta name=\"twitter:data2\" content=\"1 minute\" \/>\n<script type=\"application\/ld+json\" class=\"yoast-schema-graph\">{\"@context\":\"https:\/\/schema.org\",\"@graph\":[{\"@type\":\"Article\",\"@id\":\"https:\/\/vosgesinfo.fr\/saintdieinfo\/2025\/07\/samse-summer-tour-saut-a-ski-et-combine-nordique-ce-dimanche-aux-bas-rupts-et-a-la-tenine\/#article\",\"isPartOf\":{\"@id\":\"https:\/\/vosgesinfo.fr\/saintdieinfo\/2025\/07\/samse-summer-tour-saut-a-ski-et-combine-nordique-ce-dimanche-aux-bas-rupts-et-a-la-tenine\/\"},\"author\":{\"name\":\"La redaction\",\"@id\":\"https:\/\/vosgesinfo.fr\/saintdieinfo\/#\/schema\/person\/27a3695b06db98895b354c0765cdfc31\"},\"headline\":\"SAMSE Summer Tour &#8211; saut \u00e0 ski et combin\u00e9 nordique ce dimanche aux Bas Rupts et \u00e0 la T\u00e9nine\",\"datePublished\":\"2025-07-28T15:30:59+00:00\",\"dateModified\":\"2025-07-28T15:30:59+00:00\",\"mainEntityOfPage\":{\"@id\":\"https:\/\/vosgesinfo.fr\/saintdieinfo\/2025\/07\/samse-summer-tour-saut-a-ski-et-combine-nordique-ce-dimanche-aux-bas-rupts-et-a-la-tenine\/\"},\"wordCount\":165,\"commentCount\":0,\"publisher\":{\"@id\":\"https:\/\/vosgesinfo.fr\/saintdieinfo\/#organization\"},\"image\":{\"@id\":\"https:\/\/vosgesinfo.fr\/saintdieinfo\/2025\/07\/samse-summer-tour-saut-a-ski-et-combine-nordique-ce-dimanche-aux-bas-rupts-et-a-la-tenine\/#primaryimage\"},\"thumbnailUrl\":\"https:\/\/vosgesinfo.fr\/app\/uploads\/sites\/4\/2025\/07\/201908saut-a-ski-bas-rupts-2-1.jpg\",\"keywords\":[\"concours de saut et combin\u00e9\",\"La T\u00e9nine\",\"SAMSE national tour\",\"tremplin bas rupts\"],\"articleSection\":[\"A la Une\",\"Gerardmer\",\"Remiremont\",\"Saint-di\u00e9\",\"Sport\"],\"inLanguage\":\"fr-FR\",\"potentialAction\":[{\"@type\":\"CommentAction\",\"name\":\"Comment\",\"target\":[\"https:\/\/vosgesinfo.fr\/saintdieinfo\/2025\/07\/samse-summer-tour-saut-a-ski-et-combine-nordique-ce-dimanche-aux-bas-rupts-et-a-la-tenine\/#respond\"]}]},{\"@type\":\"WebPage\",\"@id\":\"https:\/\/vosgesinfo.fr\/saintdieinfo\/2025\/07\/samse-summer-tour-saut-a-ski-et-combine-nordique-ce-dimanche-aux-bas-rupts-et-a-la-tenine\/\",\"url\":\"https:\/\/vosgesinfo.fr\/saintdieinfo\/2025\/07\/samse-summer-tour-saut-a-ski-et-combine-nordique-ce-dimanche-aux-bas-rupts-et-a-la-tenine\/\",\"name\":\"SAMSE Summer Tour - saut \u00e0 ski et combin\u00e9 nordique ce dimanche aux Bas Rupts et \u00e0 la T\u00e9nine - Saint Die Info\",\"isPartOf\":{\"@id\":\"https:\/\/vosgesinfo.fr\/saintdieinfo\/#website\"},\"primaryImageOfPage\":{\"@id\":\"https:\/\/vosgesinfo.fr\/saintdieinfo\/2025\/07\/samse-summer-tour-saut-a-ski-et-combine-nordique-ce-dimanche-aux-bas-rupts-et-a-la-tenine\/#primaryimage\"},\"image\":{\"@id\":\"https:\/\/vosgesinfo.fr\/saintdieinfo\/2025\/07\/samse-summer-tour-saut-a-ski-et-combine-nordique-ce-dimanche-aux-bas-rupts-et-a-la-tenine\/#primaryimage\"},\"thumbnailUrl\":\"https:\/\/vosgesinfo.fr\/app\/uploads\/sites\/4\/2025\/07\/201908saut-a-ski-bas-rupts-2-1.jpg\",\"datePublished\":\"2025-07-28T15:30:59+00:00\",\"dateModified\":\"2025-07-28T15:30:59+00:00\",\"breadcrumb\":{\"@id\":\"https:\/\/vosgesinfo.fr\/saintdieinfo\/2025\/07\/samse-summer-tour-saut-a-ski-et-combine-nordique-ce-dimanche-aux-bas-rupts-et-a-la-tenine\/#breadcrumb\"},\"inLanguage\":\"fr-FR\",\"potentialAction\":[{\"@type\":\"ReadAction\",\"target\":[\"https:\/\/vosgesinfo.fr\/saintdieinfo\/2025\/07\/samse-summer-tour-saut-a-ski-et-combine-nordique-ce-dimanche-aux-bas-rupts-et-a-la-tenine\/\"]}]},{\"@type\":\"ImageObject\",\"inLanguage\":\"fr-FR\",\"@id\":\"https:\/\/vosgesinfo.fr\/saintdieinfo\/2025\/07\/samse-summer-tour-saut-a-ski-et-combine-nordique-ce-dimanche-aux-bas-rupts-et-a-la-tenine\/#primaryimage\",\"url\":\"https:\/\/vosgesinfo.fr\/app\/uploads\/sites\/4\/2025\/07\/201908saut-a-ski-bas-rupts-2-1.jpg\",\"contentUrl\":\"https:\/\/vosgesinfo.fr\/app\/uploads\/sites\/4\/2025\/07\/201908saut-a-ski-bas-rupts-2-1.jpg\",\"width\":800,\"height\":600},{\"@type\":\"BreadcrumbList\",\"@id\":\"https:\/\/vosgesinfo.fr\/saintdieinfo\/2025\/07\/samse-summer-tour-saut-a-ski-et-combine-nordique-ce-dimanche-aux-bas-rupts-et-a-la-tenine\/#breadcrumb\",\"itemListElement\":[{\"@type\":\"ListItem\",\"position\":1,\"name\":\"Home\",\"item\":\"https:\/\/vosgesinfo.fr\/saintdieinfo\/\"},{\"@type\":\"ListItem\",\"position\":2,\"name\":\"SAMSE Summer Tour &#8211; saut \u00e0 ski et combin\u00e9 nordique ce dimanche aux Bas Rupts et \u00e0 la T\u00e9nine\"}]},{\"@type\":\"WebSite\",\"@id\":\"https:\/\/vosgesinfo.fr\/saintdieinfo\/#website\",\"url\":\"https:\/\/vosgesinfo.fr\/saintdieinfo\/\",\"name\":\"Saint Die Info\",\"description\":\"Toute l&#039;actualit\u00e9 de Saint-Di\u00e9-Des-Vosges\",\"publisher\":{\"@id\":\"https:\/\/vosgesinfo.fr\/saintdieinfo\/#organization\"},\"alternateName\":\"Toute l'actualit\u00e9 de Saint-Di\u00e9-Des-Vosges\",\"potentialAction\":[{\"@type\":\"SearchAction\",\"target\":{\"@type\":\"EntryPoint\",\"urlTemplate\":\"https:\/\/vosgesinfo.fr\/saintdieinfo\/?s={search_term_string}\"},\"query-input\":\"required name=search_term_string\"}],\"inLanguage\":\"fr-FR\"},{\"@type\":\"Organization\",\"@id\":\"https:\/\/vosgesinfo.fr\/saintdieinfo\/#organization\",\"name\":\"Saint Die Info\",\"url\":\"https:\/\/vosgesinfo.fr\/saintdieinfo\/\",\"logo\":{\"@type\":\"ImageObject\",\"inLanguage\":\"fr-FR\",\"@id\":\"https:\/\/vosgesinfo.fr\/saintdieinfo\/#\/schema\/logo\/image\/\",\"url\":\"https:\/\/vosgesinfo.fr\/app\/uploads\/sites\/4\/2024\/02\/logo-sdi.jpg\",\"contentUrl\":\"https:\/\/vosgesinfo.fr\/app\/uploads\/sites\/4\/2024\/02\/logo-sdi.jpg\",\"width\":600,\"height\":600,\"caption\":\"Saint Die Info\"},\"image\":{\"@id\":\"https:\/\/vosgesinfo.fr\/saintdieinfo\/#\/schema\/logo\/image\/\"},\"sameAs\":[\"https:\/\/www.facebook.com\/Saintdieinfofr\",\"https:\/\/x.com\/VosgesInfo88\",\"https:\/\/www.youtube.com\/@vosgesinfo\"]},{\"@type\":\"Person\",\"@id\":\"https:\/\/vosgesinfo.fr\/saintdieinfo\/#\/schema\/person\/27a3695b06db98895b354c0765cdfc31\",\"name\":\"La redaction\",\"image\":{\"@type\":\"ImageObject\",\"inLanguage\":\"fr-FR\",\"@id\":\"https:\/\/vosgesinfo.fr\/saintdieinfo\/#\/schema\/person\/image\/\",\"url\":\"https:\/\/secure.gravatar.com\/avatar\/64c76a78e501cedee55736f43f332df901e1896ae9cd8fad269ae2236dd0e8b6?s=96&d=mm&r=g\",\"contentUrl\":\"https:\/\/secure.gravatar.com\/avatar\/64c76a78e501cedee55736f43f332df901e1896ae9cd8fad269ae2236dd0e8b6?s=96&d=mm&r=g\",\"caption\":\"La redaction\"},\"url\":\"https:\/\/vosgesinfo.fr\/saintdieinfo\/author\/la-redaction\/\"}]}<\/script>\n<!-- \/ Yoast SEO plugin. -->","yoast_head_json":{"title":"SAMSE Summer Tour - saut \u00e0 ski et combin\u00e9 nordique ce dimanche aux Bas Rupts et \u00e0 la T\u00e9nine - Saint Die Info","robots":{"index":"index","follow":"follow","max-snippet":"max-snippet:-1","max-image-preview":"max-image-preview:large","max-video-preview":"max-video-preview:-1"},"canonical":"https:\/\/vosgesinfo.fr\/saintdieinfo\/2025\/07\/samse-summer-tour-saut-a-ski-et-combine-nordique-ce-dimanche-aux-bas-rupts-et-a-la-tenine\/","twitter_card":"summary_large_image","twitter_title":"SAMSE Summer Tour - saut \u00e0 ski et combin\u00e9 nordique ce dimanche aux Bas Rupts et \u00e0 la T\u00e9nine - Saint Die Info","twitter_description":"&nbsp; Rendez-vous \u00e0 ne pas manquer le dimanche 3 ao\u00fbt au tremplin des Bas-Rupt et au stade de la T\u00e9nine. [&hellip;]","twitter_image":"https:\/\/vosgesinfo.fr\/app\/uploads\/sites\/4\/2025\/07\/201908saut-a-ski-bas-rupts-2-1.jpg","twitter_creator":"@VosgesInfo88","twitter_site":"@VosgesInfo88","twitter_misc":{"\u00c9crit par":"La redaction","Dur\u00e9e de lecture estim\u00e9e":"1 minute"},"schema":{"@context":"https:\/\/schema.org","@graph":[{"@type":"Article","@id":"https:\/\/vosgesinfo.fr\/saintdieinfo\/2025\/07\/samse-summer-tour-saut-a-ski-et-combine-nordique-ce-dimanche-aux-bas-rupts-et-a-la-tenine\/#article","isPartOf":{"@id":"https:\/\/vosgesinfo.fr\/saintdieinfo\/2025\/07\/samse-summer-tour-saut-a-ski-et-combine-nordique-ce-dimanche-aux-bas-rupts-et-a-la-tenine\/"},"author":{"name":"La redaction","@id":"https:\/\/vosgesinfo.fr\/saintdieinfo\/#\/schema\/person\/27a3695b06db98895b354c0765cdfc31"},"headline":"SAMSE Summer Tour &#8211; saut \u00e0 ski et combin\u00e9 nordique ce dimanche aux Bas Rupts et \u00e0 la T\u00e9nine","datePublished":"2025-07-28T15:30:59+00:00","dateModified":"2025-07-28T15:30:59+00:00","mainEntityOfPage":{"@id":"https:\/\/vosgesinfo.fr\/saintdieinfo\/2025\/07\/samse-summer-tour-saut-a-ski-et-combine-nordique-ce-dimanche-aux-bas-rupts-et-a-la-tenine\/"},"wordCount":165,"commentCount":0,"publisher":{"@id":"https:\/\/vosgesinfo.fr\/saintdieinfo\/#organization"},"image":{"@id":"https:\/\/vosgesinfo.fr\/saintdieinfo\/2025\/07\/samse-summer-tour-saut-a-ski-et-combine-nordique-ce-dimanche-aux-bas-rupts-et-a-la-tenine\/#primaryimage"},"thumbnailUrl":"https:\/\/vosgesinfo.fr\/app\/uploads\/sites\/4\/2025\/07\/201908saut-a-ski-bas-rupts-2-1.jpg","keywords":["concours de saut et combin\u00e9","La T\u00e9nine","SAMSE national tour","tremplin bas rupts"],"articleSection":["A la Une","Gerardmer","Remiremont","Saint-di\u00e9","Sport"],"inLanguage":"fr-FR","potentialAction":[{"@type":"CommentAction","name":"Comment","target":["https:\/\/vosgesinfo.fr\/saintdieinfo\/2025\/07\/samse-summer-tour-saut-a-ski-et-combine-nordique-ce-dimanche-aux-bas-rupts-et-a-la-tenine\/#respond"]}]},{"@type":"WebPage","@id":"https:\/\/vosgesinfo.fr\/saintdieinfo\/2025\/07\/samse-summer-tour-saut-a-ski-et-combine-nordique-ce-dimanche-aux-bas-rupts-et-a-la-tenine\/","url":"https:\/\/vosgesinfo.fr\/saintdieinfo\/2025\/07\/samse-summer-tour-saut-a-ski-et-combine-nordique-ce-dimanche-aux-bas-rupts-et-a-la-tenine\/","name":"SAMSE Summer Tour - saut \u00e0 ski et combin\u00e9 nordique ce dimanche aux Bas Rupts et \u00e0 la T\u00e9nine - Saint Die Info","isPartOf":{"@id":"https:\/\/vosgesinfo.fr\/saintdieinfo\/#website"},"primaryImageOfPage":{"@id":"https:\/\/vosgesinfo.fr\/saintdieinfo\/2025\/07\/samse-summer-tour-saut-a-ski-et-combine-nordique-ce-dimanche-aux-bas-rupts-et-a-la-tenine\/#primaryimage"},"image":{"@id":"https:\/\/vosgesinfo.fr\/saintdieinfo\/2025\/07\/samse-summer-tour-saut-a-ski-et-combine-nordique-ce-dimanche-aux-bas-rupts-et-a-la-tenine\/#primaryimage"},"thumbnailUrl":"https:\/\/vosgesinfo.fr\/app\/uploads\/sites\/4\/2025\/07\/201908saut-a-ski-bas-rupts-2-1.jpg","datePublished":"2025-07-28T15:30:59+00:00","dateModified":"2025-07-28T15:30:59+00:00","breadcrumb":{"@id":"https:\/\/vosgesinfo.fr\/saintdieinfo\/2025\/07\/samse-summer-tour-saut-a-ski-et-combine-nordique-ce-dimanche-aux-bas-rupts-et-a-la-tenine\/#breadcrumb"},"inLanguage":"fr-FR","potentialAction":[{"@type":"ReadAction","target":["https:\/\/vosgesinfo.fr\/saintdieinfo\/2025\/07\/samse-summer-tour-saut-a-ski-et-combine-nordique-ce-dimanche-aux-bas-rupts-et-a-la-tenine\/"]}]},{"@type":"ImageObject","inLanguage":"fr-FR","@id":"https:\/\/vosgesinfo.fr\/saintdieinfo\/2025\/07\/samse-summer-tour-saut-a-ski-et-combine-nordique-ce-dimanche-aux-bas-rupts-et-a-la-tenine\/#primaryimage","url":"https:\/\/vosgesinfo.fr\/app\/uploads\/sites\/4\/2025\/07\/201908saut-a-ski-bas-rupts-2-1.jpg","contentUrl":"https:\/\/vosgesinfo.fr\/app\/uploads\/sites\/4\/2025\/07\/201908saut-a-ski-bas-rupts-2-1.jpg","width":800,"height":600},{"@type":"BreadcrumbList","@id":"https:\/\/vosgesinfo.fr\/saintdieinfo\/2025\/07\/samse-summer-tour-saut-a-ski-et-combine-nordique-ce-dimanche-aux-bas-rupts-et-a-la-tenine\/#breadcrumb","itemListElement":[{"@type":"ListItem","position":1,"name":"Home","item":"https:\/\/vosgesinfo.fr\/saintdieinfo\/"},{"@type":"ListItem","position":2,"name":"SAMSE Summer Tour &#8211; saut \u00e0 ski et combin\u00e9 nordique ce dimanche aux Bas Rupts et \u00e0 la T\u00e9nine"}]},{"@type":"WebSite","@id":"https:\/\/vosgesinfo.fr\/saintdieinfo\/#website","url":"https:\/\/vosgesinfo.fr\/saintdieinfo\/","name":"Saint Die Info","description":"Toute l&#039;actualit\u00e9 de Saint-Di\u00e9-Des-Vosges","publisher":{"@id":"https:\/\/vosgesinfo.fr\/saintdieinfo\/#organization"},"alternateName":"Toute l'actualit\u00e9 de Saint-Di\u00e9-Des-Vosges","potentialAction":[{"@type":"SearchAction","target":{"@type":"EntryPoint","urlTemplate":"https:\/\/vosgesinfo.fr\/saintdieinfo\/?s={search_term_string}"},"query-input":"required name=search_term_string"}],"inLanguage":"fr-FR"},{"@type":"Organization","@id":"https:\/\/vosgesinfo.fr\/saintdieinfo\/#organization","name":"Saint Die Info","url":"https:\/\/vosgesinfo.fr\/saintdieinfo\/","logo":{"@type":"ImageObject","inLanguage":"fr-FR","@id":"https:\/\/vosgesinfo.fr\/saintdieinfo\/#\/schema\/logo\/image\/","url":"https:\/\/vosgesinfo.fr\/app\/uploads\/sites\/4\/2024\/02\/logo-sdi.jpg","contentUrl":"https:\/\/vosgesinfo.fr\/app\/uploads\/sites\/4\/2024\/02\/logo-sdi.jpg","width":600,"height":600,"caption":"Saint Die Info"},"image":{"@id":"https:\/\/vosgesinfo.fr\/saintdieinfo\/#\/schema\/logo\/image\/"},"sameAs":["https:\/\/www.facebook.com\/Saintdieinfofr","https:\/\/x.com\/VosgesInfo88","https:\/\/www.youtube.com\/@vosgesinfo"]},{"@type":"Person","@id":"https:\/\/vosgesinfo.fr\/saintdieinfo\/#\/schema\/person\/27a3695b06db98895b354c0765cdfc31","name":"La redaction","image":{"@type":"ImageObject","inLanguage":"fr-FR","@id":"https:\/\/vosgesinfo.fr\/saintdieinfo\/#\/schema\/person\/image\/","url":"https:\/\/secure.gravatar.com\/avatar\/64c76a78e501cedee55736f43f332df901e1896ae9cd8fad269ae2236dd0e8b6?s=96&d=mm&r=g","contentUrl":"https:\/\/secure.gravatar.com\/avatar\/64c76a78e501cedee55736f43f332df901e1896ae9cd8fad269ae2236dd0e8b6?s=96&d=mm&r=g","caption":"La redaction"},"url":"https:\/\/vosgesinfo.fr\/saintdieinfo\/author\/la-redaction\/"}]}},"_links":{"self":[{"href":"https:\/\/vosgesinfo.fr\/saintdieinfo\/wp-json\/wp\/v2\/posts\/80689","targetHints":{"allow":["GET"]}}],"collection":[{"href":"https:\/\/vosgesinfo.fr\/saintdieinfo\/wp-json\/wp\/v2\/posts"}],"about":[{"href":"https:\/\/vosgesinfo.fr\/saintdieinfo\/wp-json\/wp\/v2\/types\/post"}],"author":[{"embeddable":true,"href":"https:\/\/vosgesinfo.fr\/saintdieinfo\/wp-json\/wp\/v2\/users\/391"}],"replies":[{"embeddable":true,"href":"https:\/\/vosgesinfo.fr\/saintdieinfo\/wp-json\/wp\/v2\/comments?post=80689"}],"version-history":[{"count":0,"href":"https:\/\/vosgesinfo.fr\/saintdieinfo\/wp-json\/wp\/v2\/posts\/80689\/revisions"}],"wp:featuredmedia":[{"embeddable":true,"href":"https:\/\/vosgesinfo.fr\/saintdieinfo\/wp-json\/wp\/v2\/media\/80690"}],"wp:attachment":[{"href":"https:\/\/vosgesinfo.fr\/saintdieinfo\/wp-json\/wp\/v2\/media?parent=80689"}],"wp:term":[{"taxonomy":"category","embeddable":true,"href":"https:\/\/vosgesinfo.fr\/saintdieinfo\/wp-json\/wp\/v2\/categories?post=80689"},{"taxonomy":"post_tag","embeddable":true,"href":"https:\/\/vosgesinfo.fr\/saintdieinfo\/wp-json\/wp\/v2\/tags?post=80689"}],"curies":[{"name":"wp","href":"https:\/\/api.w.org\/{rel}","templated":true}]}}