{"id":80726,"date":"2025-07-29T10:10:51","date_gmt":"2025-07-29T08:10:51","guid":{"rendered":"https:\/\/vosgesinfo.fr\/saintdieinfo\/?p=80726"},"modified":"2025-07-29T15:16:59","modified_gmt":"2025-07-29T13:16:59","slug":"le-basket-3x3-a-lhonneur-a-saint-die-des-vosges","status":"publish","type":"post","link":"https:\/\/vosgesinfo.fr\/saintdieinfo\/2025\/07\/le-basket-3x3-a-lhonneur-a-saint-die-des-vosges\/","title":{"rendered":"Le basket 3&#215;3 \u00e0 l&rsquo;honneur \u00e0 Saint-Di\u00e9-des-Vosges"},"content":{"rendered":"<p data-start=\"110\" data-end=\"417\"><a href=\"https:\/\/vosgesinfo.fr\/app\/uploads\/sites\/4\/2025\/07\/tournoi-basket-3x3-5.jpg\"><img decoding=\"async\" class=\"alignnone size-large wp-image-80731\" src=\"https:\/\/vosgesinfo.fr\/app\/uploads\/sites\/4\/2025\/07\/tournoi-basket-3x3-5-1024x771.jpg\" alt=\"\" width=\"1024\" height=\"771\" srcset=\"https:\/\/vosgesinfo.fr\/app\/uploads\/sites\/4\/2025\/07\/tournoi-basket-3x3-5-1024x771.jpg 1024w, https:\/\/vosgesinfo.fr\/app\/uploads\/sites\/4\/2025\/07\/tournoi-basket-3x3-5-300x226.jpg 300w, https:\/\/vosgesinfo.fr\/app\/uploads\/sites\/4\/2025\/07\/tournoi-basket-3x3-5-768x578.jpg 768w, https:\/\/vosgesinfo.fr\/app\/uploads\/sites\/4\/2025\/07\/tournoi-basket-3x3-5-1536x1157.jpg 1536w, https:\/\/vosgesinfo.fr\/app\/uploads\/sites\/4\/2025\/07\/tournoi-basket-3x3-5.jpg 1600w\" sizes=\"(max-width: 1024px) 100vw, 1024px\" \/><\/a><\/p>\n<h2 data-start=\"110\" data-end=\"417\">En cette derni\u00e8re semaine de juillet, <strong data-start=\"148\" data-end=\"189\">l\u2019\u00c9t\u00e9 en grand \u00e0 Saint-Di\u00e9-des-Vosges<\/strong> met \u00e0 l\u2019honneur le <strong data-start=\"209\" data-end=\"223\">basket 3\u00d73<\/strong>, avec un tournoi en trois temps\u2026 qui devait <strong data-start=\"268\" data-end=\"284\">initialement<\/strong> se d\u00e9rouler \u00e0 tour de r\u00f4le dans les quartiers <strong data-start=\"331\" data-end=\"345\">Kellermann<\/strong> et <strong data-start=\"349\" data-end=\"363\">Saint-Roch<\/strong>. Mais la <strong data-start=\"373\" data-end=\"394\">m\u00e9t\u00e9o capricieuse<\/strong> en a d\u00e9cid\u00e9 autrement.<\/h2>\n<p data-start=\"110\" data-end=\"417\"><!--more--><\/p>\n<h3 data-section-id=\"1xh8dk6\" data-start=\"419\" data-end=\"467\"><strong>Un premier volet abrit\u00e9 au Palais Omnisports<\/strong><\/h3>\n<p data-start=\"469\" data-end=\"1318\">C\u2019est donc bien au sec, sur les <strong data-start=\"505\" data-end=\"553\">parquets du Palais Omnisports Joseph-Claudel<\/strong>, que les basketteurs en herbe se sont affront\u00e9s <strong data-start=\"602\" data-end=\"627\">hier lundi apr\u00e8s-midi<\/strong>, pour le <strong data-start=\"637\" data-end=\"665\">premier volet du tournoi<\/strong>. R\u00e9partis en <strong data-start=\"679\" data-end=\"704\">deux cat\u00e9gories d\u2019\u00e2ge<\/strong>, avec les <strong data-start=\"715\" data-end=\"727\">8-11 ans<\/strong> d\u2019une part et les <strong data-start=\"746\" data-end=\"759\">12-15 ans<\/strong> d\u2019autre part, les jeunes sportifs se sont affront\u00e9s dans la bonne humeur tout au long de l\u2019apr\u00e8s-midi.<\/p>\n<p data-start=\"469\" data-end=\"1318\"><strong data-start=\"867\" data-end=\"884\">Ouvert \u00e0 tous<\/strong>, qu\u2019ils soient licenci\u00e9s ou non, ce tournoi mixte coordonn\u00e9 par <strong>Marine Duval<\/strong> et <strong>Ga\u00ebtan G\u00e9rardin<\/strong>, tous 2 du <strong>service Jeunesse et des Sports<\/strong>, voit s\u2019encha\u00eener de <strong data-start=\"959\" data-end=\"989\">courts matchs de 6 minutes.<\/strong>\u00a0Les diff\u00e9rentes \u00e9quipes se d\u00e9partagent selon un <strong data-start=\"1039\" data-end=\"1060\">syst\u00e8me de poules<\/strong>. <strong data-start=\"1062\" data-end=\"1102\">Les 4 meilleures de chaque cat\u00e9gorie<\/strong> se retrouveront <strong data-start=\"1119\" data-end=\"1166\">vendredi apr\u00e8s-midi au gymnase L\u00e9o-Lagrange<\/strong>, pour la <strong data-start=\"1176\" data-end=\"1204\">grande finale du tournoi<\/strong>. Avec, \u00e0 la cl\u00e9, <strong data-start=\"1222\" data-end=\"1255\">des lots offerts par la Ville<\/strong>, notamment <strong data-start=\"1267\" data-end=\"1292\">des ballons de basket<\/strong> et <strong data-start=\"1296\" data-end=\"1317\">des sacs de sport<\/strong>.<\/p>\n<h3 data-section-id=\"1adak0g\" data-start=\"1320\" data-end=\"1363\"><strong>Une discipline olympique en plein essor<\/strong><\/h3>\n<p data-start=\"1365\" data-end=\"1730\" data-is-last-node=\"\" data-is-only-node=\"\"><strong data-start=\"1365\" data-end=\"1417\">Repr\u00e9sent\u00e9 aux Jeux Olympiques depuis Tokyo 2021<\/strong>, le <strong data-start=\"1422\" data-end=\"1436\">basket 3\u00d73<\/strong> se d\u00e9finit par sa <strong data-start=\"1455\" data-end=\"1475\">grande intensit\u00e9<\/strong> et des <strong data-start=\"1483\" data-end=\"1505\">r\u00e8gles sp\u00e9cifiques<\/strong>. Contrairement au <strong data-start=\"1524\" data-end=\"1544\">basket classique<\/strong>, ce sport se pratique avec <strong data-start=\"1572\" data-end=\"1615\">trois joueurs par \u00e9quipe sur le terrain<\/strong> et <strong data-start=\"1619\" data-end=\"1637\" data-is-only-node=\"\">un seul panier<\/strong>. Un format plus court et plus rythm\u00e9 qui s\u00e9duit un <strong data-start=\"1697\" data-end=\"1729\">public de plus en plus large<\/strong>.<\/p>\n\n\t\t<style type=\"text\/css\">\n\t\t\t#gallery-1 {\n\t\t\t\tmargin: auto;\n\t\t\t}\n\t\t\t#gallery-1 .gallery-item {\n\t\t\t\tfloat: left;\n\t\t\t\tmargin-top: 10px;\n\t\t\t\ttext-align: center;\n\t\t\t\twidth: 50%;\n\t\t\t}\n\t\t\t#gallery-1 img {\n\t\t\t\tborder: 2px solid #cfcfcf;\n\t\t\t}\n\t\t\t#gallery-1 .gallery-caption {\n\t\t\t\tmargin-left: 0;\n\t\t\t}\n\t\t\t\/* see gallery_shortcode() in wp-includes\/media.php *\/\n\t\t<\/style>\n\t\t<div id='gallery-1' class='gallery galleryid-80726 gallery-columns-2 gallery-size-thumbnail'><dl class='gallery-item'>\n\t\t\t<dt class='gallery-icon landscape'>\n\t\t\t\t<a href='https:\/\/vosgesinfo.fr\/app\/uploads\/sites\/4\/2025\/07\/tournoi-basket-3x3-2.jpg'><img decoding=\"async\" width=\"150\" height=\"150\" src=\"https:\/\/vosgesinfo.fr\/app\/uploads\/sites\/4\/2025\/07\/tournoi-basket-3x3-2-150x150.jpg\" class=\"attachment-thumbnail size-thumbnail\" alt=\"\" \/><\/a>\n\t\t\t<\/dt><\/dl><dl class='gallery-item'>\n\t\t\t<dt class='gallery-icon landscape'>\n\t\t\t\t<a href='https:\/\/vosgesinfo.fr\/app\/uploads\/sites\/4\/2025\/07\/tournoi-basket-3x3-3.jpg'><img decoding=\"async\" width=\"150\" height=\"150\" src=\"https:\/\/vosgesinfo.fr\/app\/uploads\/sites\/4\/2025\/07\/tournoi-basket-3x3-3-150x150.jpg\" class=\"attachment-thumbnail size-thumbnail\" alt=\"\" \/><\/a>\n\t\t\t<\/dt><\/dl><br style=\"clear: both\" \/><dl class='gallery-item'>\n\t\t\t<dt class='gallery-icon landscape'>\n\t\t\t\t<a href='https:\/\/vosgesinfo.fr\/app\/uploads\/sites\/4\/2025\/07\/tournoi-basket-3x3-4.jpg'><img decoding=\"async\" width=\"150\" height=\"150\" src=\"https:\/\/vosgesinfo.fr\/app\/uploads\/sites\/4\/2025\/07\/tournoi-basket-3x3-4-150x150.jpg\" class=\"attachment-thumbnail size-thumbnail\" alt=\"\" \/><\/a>\n\t\t\t<\/dt><\/dl><dl class='gallery-item'>\n\t\t\t<dt class='gallery-icon landscape'>\n\t\t\t\t<a href='https:\/\/vosgesinfo.fr\/app\/uploads\/sites\/4\/2025\/07\/tournoi-basket-3x3-1.jpg'><img decoding=\"async\" width=\"150\" height=\"150\" src=\"https:\/\/vosgesinfo.fr\/app\/uploads\/sites\/4\/2025\/07\/tournoi-basket-3x3-1-150x150.jpg\" class=\"attachment-thumbnail size-thumbnail\" alt=\"\" \/><\/a>\n\t\t\t<\/dt><\/dl><br style=\"clear: both\" \/><dl class='gallery-item'>\n\t\t\t<dt class='gallery-icon portrait'>\n\t\t\t\t<a href='https:\/\/vosgesinfo.fr\/app\/uploads\/sites\/4\/2025\/07\/tournoi-basket-3x3-6-scaled.jpg'><img decoding=\"async\" width=\"150\" height=\"150\" src=\"https:\/\/vosgesinfo.fr\/app\/uploads\/sites\/4\/2025\/07\/tournoi-basket-3x3-6-150x150.jpg\" class=\"attachment-thumbnail size-thumbnail\" alt=\"\" \/><\/a>\n\t\t\t<\/dt><\/dl><dl class='gallery-item'>\n\t\t\t<dt class='gallery-icon landscape'>\n\t\t\t\t<a href='https:\/\/vosgesinfo.fr\/app\/uploads\/sites\/4\/2025\/07\/tournoi-basket-3x3-7-scaled.jpg'><img decoding=\"async\" width=\"150\" height=\"150\" src=\"https:\/\/vosgesinfo.fr\/app\/uploads\/sites\/4\/2025\/07\/tournoi-basket-3x3-7-150x150.jpg\" class=\"attachment-thumbnail size-thumbnail\" alt=\"\" \/><\/a>\n\t\t\t<\/dt><\/dl><br style=\"clear: both\" \/>\n\t\t<\/div>\n\n","protected":false},"excerpt":{"rendered":"<p>En cette derni\u00e8re semaine de juillet, l\u2019\u00c9t\u00e9 en grand \u00e0 Saint-Di\u00e9-des-Vosges met \u00e0 l\u2019honneur le basket 3\u00d73, avec un tournoi [&hellip;]<\/p>\n","protected":false},"author":46,"featured_media":80731,"comment_status":"open","ping_status":"open","sticky":false,"template":"","format":"standard","meta":{"footnotes":""},"categories":[460,167,14],"tags":[1520,2967,8707,3240],"class_list":["post-80726","post","type-post","status-publish","format-standard","has-post-thumbnail","hentry","category-a-la-une","category-saint-die-des-vosges","category-sport","tag-basket-3x3","tag-ete-en-grand-a-saint-die-des-vosges","tag-service-jeunesse-et-des-sports-de-la-ville-de-saint-die-des-vosges","tag-ville-de-saint-die-des-vosges"],"acf":[],"yoast_head":"<!-- This site is optimized with the Yoast SEO plugin v22.5 - https:\/\/yoast.com\/wordpress\/plugins\/seo\/ -->\n<title>Le basket 3x3 \u00e0 l&#039;honneur \u00e0 Saint-Di\u00e9-des-Vosges - Saint Die Info<\/title>\n<meta name=\"robots\" content=\"index, follow, max-snippet:-1, max-image-preview:large, max-video-preview:-1\" \/>\n<link rel=\"canonical\" href=\"https:\/\/vosgesinfo.fr\/saintdieinfo\/2025\/07\/le-basket-3x3-a-lhonneur-a-saint-die-des-vosges\/\" \/>\n<meta name=\"twitter:card\" content=\"summary_large_image\" \/>\n<meta name=\"twitter:title\" content=\"Le basket 3x3 \u00e0 l&#039;honneur \u00e0 Saint-Di\u00e9-des-Vosges - Saint Die Info\" \/>\n<meta name=\"twitter:description\" content=\"En cette derni\u00e8re semaine de juillet, l\u2019\u00c9t\u00e9 en grand \u00e0 Saint-Di\u00e9-des-Vosges met \u00e0 l\u2019honneur le basket 3\u00d73, avec un tournoi [&hellip;]\" \/>\n<meta name=\"twitter:image\" content=\"https:\/\/vosgesinfo.fr\/app\/uploads\/sites\/4\/2025\/07\/tournoi-basket-3x3-5.jpg\" \/>\n<meta name=\"twitter:creator\" content=\"@VosgesInfo88\" \/>\n<meta name=\"twitter:site\" content=\"@VosgesInfo88\" \/>\n<meta name=\"twitter:label1\" content=\"\u00c9crit par\" \/>\n\t<meta name=\"twitter:data1\" content=\"J.J.\" \/>\n\t<meta name=\"twitter:label2\" content=\"Dur\u00e9e de lecture estim\u00e9e\" \/>\n\t<meta name=\"twitter:data2\" content=\"2 minutes\" \/>\n<script type=\"application\/ld+json\" class=\"yoast-schema-graph\">{\"@context\":\"https:\/\/schema.org\",\"@graph\":[{\"@type\":\"Article\",\"@id\":\"https:\/\/vosgesinfo.fr\/saintdieinfo\/2025\/07\/le-basket-3x3-a-lhonneur-a-saint-die-des-vosges\/#article\",\"isPartOf\":{\"@id\":\"https:\/\/vosgesinfo.fr\/saintdieinfo\/2025\/07\/le-basket-3x3-a-lhonneur-a-saint-die-des-vosges\/\"},\"author\":{\"name\":\"J.J.\",\"@id\":\"https:\/\/vosgesinfo.fr\/saintdieinfo\/#\/schema\/person\/fa73e9f726d67bb88f46d5b7943cb572\"},\"headline\":\"Le basket 3&#215;3 \u00e0 l&rsquo;honneur \u00e0 Saint-Di\u00e9-des-Vosges\",\"datePublished\":\"2025-07-29T08:10:51+00:00\",\"dateModified\":\"2025-07-29T13:16:59+00:00\",\"mainEntityOfPage\":{\"@id\":\"https:\/\/vosgesinfo.fr\/saintdieinfo\/2025\/07\/le-basket-3x3-a-lhonneur-a-saint-die-des-vosges\/\"},\"wordCount\":297,\"commentCount\":0,\"publisher\":{\"@id\":\"https:\/\/vosgesinfo.fr\/saintdieinfo\/#organization\"},\"image\":{\"@id\":\"https:\/\/vosgesinfo.fr\/saintdieinfo\/2025\/07\/le-basket-3x3-a-lhonneur-a-saint-die-des-vosges\/#primaryimage\"},\"thumbnailUrl\":\"https:\/\/vosgesinfo.fr\/app\/uploads\/sites\/4\/2025\/07\/tournoi-basket-3x3-5.jpg\",\"keywords\":[\"Basket 3x3\",\"Et\u00e9 en grand \u00e0 Saint-Di\u00e9-des-Vosges\",\"Service Jeunesse et des Sports de la Ville de Saint-Di\u00e9-des-Vosges\",\"Ville de Saint-Di\u00e9-des-Vosges\"],\"articleSection\":[\"A la Une\",\"Saint-Di\u00e9-des-Vosges\",\"Sport\"],\"inLanguage\":\"fr-FR\",\"potentialAction\":[{\"@type\":\"CommentAction\",\"name\":\"Comment\",\"target\":[\"https:\/\/vosgesinfo.fr\/saintdieinfo\/2025\/07\/le-basket-3x3-a-lhonneur-a-saint-die-des-vosges\/#respond\"]}]},{\"@type\":\"WebPage\",\"@id\":\"https:\/\/vosgesinfo.fr\/saintdieinfo\/2025\/07\/le-basket-3x3-a-lhonneur-a-saint-die-des-vosges\/\",\"url\":\"https:\/\/vosgesinfo.fr\/saintdieinfo\/2025\/07\/le-basket-3x3-a-lhonneur-a-saint-die-des-vosges\/\",\"name\":\"Le basket 3x3 \u00e0 l'honneur \u00e0 Saint-Di\u00e9-des-Vosges - Saint Die Info\",\"isPartOf\":{\"@id\":\"https:\/\/vosgesinfo.fr\/saintdieinfo\/#website\"},\"primaryImageOfPage\":{\"@id\":\"https:\/\/vosgesinfo.fr\/saintdieinfo\/2025\/07\/le-basket-3x3-a-lhonneur-a-saint-die-des-vosges\/#primaryimage\"},\"image\":{\"@id\":\"https:\/\/vosgesinfo.fr\/saintdieinfo\/2025\/07\/le-basket-3x3-a-lhonneur-a-saint-die-des-vosges\/#primaryimage\"},\"thumbnailUrl\":\"https:\/\/vosgesinfo.fr\/app\/uploads\/sites\/4\/2025\/07\/tournoi-basket-3x3-5.jpg\",\"datePublished\":\"2025-07-29T08:10:51+00:00\",\"dateModified\":\"2025-07-29T13:16:59+00:00\",\"breadcrumb\":{\"@id\":\"https:\/\/vosgesinfo.fr\/saintdieinfo\/2025\/07\/le-basket-3x3-a-lhonneur-a-saint-die-des-vosges\/#breadcrumb\"},\"inLanguage\":\"fr-FR\",\"potentialAction\":[{\"@type\":\"ReadAction\",\"target\":[\"https:\/\/vosgesinfo.fr\/saintdieinfo\/2025\/07\/le-basket-3x3-a-lhonneur-a-saint-die-des-vosges\/\"]}]},{\"@type\":\"ImageObject\",\"inLanguage\":\"fr-FR\",\"@id\":\"https:\/\/vosgesinfo.fr\/saintdieinfo\/2025\/07\/le-basket-3x3-a-lhonneur-a-saint-die-des-vosges\/#primaryimage\",\"url\":\"https:\/\/vosgesinfo.fr\/app\/uploads\/sites\/4\/2025\/07\/tournoi-basket-3x3-5.jpg\",\"contentUrl\":\"https:\/\/vosgesinfo.fr\/app\/uploads\/sites\/4\/2025\/07\/tournoi-basket-3x3-5.jpg\",\"width\":1600,\"height\":1205,\"caption\":\"(Archive)\"},{\"@type\":\"BreadcrumbList\",\"@id\":\"https:\/\/vosgesinfo.fr\/saintdieinfo\/2025\/07\/le-basket-3x3-a-lhonneur-a-saint-die-des-vosges\/#breadcrumb\",\"itemListElement\":[{\"@type\":\"ListItem\",\"position\":1,\"name\":\"Home\",\"item\":\"https:\/\/vosgesinfo.fr\/saintdieinfo\/\"},{\"@type\":\"ListItem\",\"position\":2,\"name\":\"Le basket 3&#215;3 \u00e0 l&#8217;honneur \u00e0 Saint-Di\u00e9-des-Vosges\"}]},{\"@type\":\"WebSite\",\"@id\":\"https:\/\/vosgesinfo.fr\/saintdieinfo\/#website\",\"url\":\"https:\/\/vosgesinfo.fr\/saintdieinfo\/\",\"name\":\"Saint Die Info\",\"description\":\"Toute l&#039;actualit\u00e9 de Saint-Di\u00e9-Des-Vosges\",\"publisher\":{\"@id\":\"https:\/\/vosgesinfo.fr\/saintdieinfo\/#organization\"},\"alternateName\":\"Toute l'actualit\u00e9 de Saint-Di\u00e9-Des-Vosges\",\"potentialAction\":[{\"@type\":\"SearchAction\",\"target\":{\"@type\":\"EntryPoint\",\"urlTemplate\":\"https:\/\/vosgesinfo.fr\/saintdieinfo\/?s={search_term_string}\"},\"query-input\":\"required name=search_term_string\"}],\"inLanguage\":\"fr-FR\"},{\"@type\":\"Organization\",\"@id\":\"https:\/\/vosgesinfo.fr\/saintdieinfo\/#organization\",\"name\":\"Saint Die Info\",\"url\":\"https:\/\/vosgesinfo.fr\/saintdieinfo\/\",\"logo\":{\"@type\":\"ImageObject\",\"inLanguage\":\"fr-FR\",\"@id\":\"https:\/\/vosgesinfo.fr\/saintdieinfo\/#\/schema\/logo\/image\/\",\"url\":\"https:\/\/vosgesinfo.fr\/app\/uploads\/sites\/4\/2024\/02\/logo-sdi.jpg\",\"contentUrl\":\"https:\/\/vosgesinfo.fr\/app\/uploads\/sites\/4\/2024\/02\/logo-sdi.jpg\",\"width\":600,\"height\":600,\"caption\":\"Saint Die Info\"},\"image\":{\"@id\":\"https:\/\/vosgesinfo.fr\/saintdieinfo\/#\/schema\/logo\/image\/\"},\"sameAs\":[\"https:\/\/www.facebook.com\/Saintdieinfofr\",\"https:\/\/x.com\/VosgesInfo88\",\"https:\/\/www.youtube.com\/@vosgesinfo\"]},{\"@type\":\"Person\",\"@id\":\"https:\/\/vosgesinfo.fr\/saintdieinfo\/#\/schema\/person\/fa73e9f726d67bb88f46d5b7943cb572\",\"name\":\"J.J.\",\"image\":{\"@type\":\"ImageObject\",\"inLanguage\":\"fr-FR\",\"@id\":\"https:\/\/vosgesinfo.fr\/saintdieinfo\/#\/schema\/person\/image\/\",\"url\":\"https:\/\/secure.gravatar.com\/avatar\/219e749e47ffbcca018a360ae4add7d4cdf1cdaaf8bc7676b27efade3fe65615?s=96&d=mm&r=g\",\"contentUrl\":\"https:\/\/secure.gravatar.com\/avatar\/219e749e47ffbcca018a360ae4add7d4cdf1cdaaf8bc7676b27efade3fe65615?s=96&d=mm&r=g\",\"caption\":\"J.J.\"},\"url\":\"https:\/\/vosgesinfo.fr\/saintdieinfo\/author\/j-j\/\"}]}<\/script>\n<!-- \/ Yoast SEO plugin. -->","yoast_head_json":{"title":"Le basket 3x3 \u00e0 l'honneur \u00e0 Saint-Di\u00e9-des-Vosges - Saint Die Info","robots":{"index":"index","follow":"follow","max-snippet":"max-snippet:-1","max-image-preview":"max-image-preview:large","max-video-preview":"max-video-preview:-1"},"canonical":"https:\/\/vosgesinfo.fr\/saintdieinfo\/2025\/07\/le-basket-3x3-a-lhonneur-a-saint-die-des-vosges\/","twitter_card":"summary_large_image","twitter_title":"Le basket 3x3 \u00e0 l'honneur \u00e0 Saint-Di\u00e9-des-Vosges - Saint Die Info","twitter_description":"En cette derni\u00e8re semaine de juillet, l\u2019\u00c9t\u00e9 en grand \u00e0 Saint-Di\u00e9-des-Vosges met \u00e0 l\u2019honneur le basket 3\u00d73, avec un tournoi [&hellip;]","twitter_image":"https:\/\/vosgesinfo.fr\/app\/uploads\/sites\/4\/2025\/07\/tournoi-basket-3x3-5.jpg","twitter_creator":"@VosgesInfo88","twitter_site":"@VosgesInfo88","twitter_misc":{"\u00c9crit par":"J.J.","Dur\u00e9e de lecture estim\u00e9e":"2 minutes"},"schema":{"@context":"https:\/\/schema.org","@graph":[{"@type":"Article","@id":"https:\/\/vosgesinfo.fr\/saintdieinfo\/2025\/07\/le-basket-3x3-a-lhonneur-a-saint-die-des-vosges\/#article","isPartOf":{"@id":"https:\/\/vosgesinfo.fr\/saintdieinfo\/2025\/07\/le-basket-3x3-a-lhonneur-a-saint-die-des-vosges\/"},"author":{"name":"J.J.","@id":"https:\/\/vosgesinfo.fr\/saintdieinfo\/#\/schema\/person\/fa73e9f726d67bb88f46d5b7943cb572"},"headline":"Le basket 3&#215;3 \u00e0 l&rsquo;honneur \u00e0 Saint-Di\u00e9-des-Vosges","datePublished":"2025-07-29T08:10:51+00:00","dateModified":"2025-07-29T13:16:59+00:00","mainEntityOfPage":{"@id":"https:\/\/vosgesinfo.fr\/saintdieinfo\/2025\/07\/le-basket-3x3-a-lhonneur-a-saint-die-des-vosges\/"},"wordCount":297,"commentCount":0,"publisher":{"@id":"https:\/\/vosgesinfo.fr\/saintdieinfo\/#organization"},"image":{"@id":"https:\/\/vosgesinfo.fr\/saintdieinfo\/2025\/07\/le-basket-3x3-a-lhonneur-a-saint-die-des-vosges\/#primaryimage"},"thumbnailUrl":"https:\/\/vosgesinfo.fr\/app\/uploads\/sites\/4\/2025\/07\/tournoi-basket-3x3-5.jpg","keywords":["Basket 3x3","Et\u00e9 en grand \u00e0 Saint-Di\u00e9-des-Vosges","Service Jeunesse et des Sports de la Ville de Saint-Di\u00e9-des-Vosges","Ville de Saint-Di\u00e9-des-Vosges"],"articleSection":["A la Une","Saint-Di\u00e9-des-Vosges","Sport"],"inLanguage":"fr-FR","potentialAction":[{"@type":"CommentAction","name":"Comment","target":["https:\/\/vosgesinfo.fr\/saintdieinfo\/2025\/07\/le-basket-3x3-a-lhonneur-a-saint-die-des-vosges\/#respond"]}]},{"@type":"WebPage","@id":"https:\/\/vosgesinfo.fr\/saintdieinfo\/2025\/07\/le-basket-3x3-a-lhonneur-a-saint-die-des-vosges\/","url":"https:\/\/vosgesinfo.fr\/saintdieinfo\/2025\/07\/le-basket-3x3-a-lhonneur-a-saint-die-des-vosges\/","name":"Le basket 3x3 \u00e0 l'honneur \u00e0 Saint-Di\u00e9-des-Vosges - Saint Die Info","isPartOf":{"@id":"https:\/\/vosgesinfo.fr\/saintdieinfo\/#website"},"primaryImageOfPage":{"@id":"https:\/\/vosgesinfo.fr\/saintdieinfo\/2025\/07\/le-basket-3x3-a-lhonneur-a-saint-die-des-vosges\/#primaryimage"},"image":{"@id":"https:\/\/vosgesinfo.fr\/saintdieinfo\/2025\/07\/le-basket-3x3-a-lhonneur-a-saint-die-des-vosges\/#primaryimage"},"thumbnailUrl":"https:\/\/vosgesinfo.fr\/app\/uploads\/sites\/4\/2025\/07\/tournoi-basket-3x3-5.jpg","datePublished":"2025-07-29T08:10:51+00:00","dateModified":"2025-07-29T13:16:59+00:00","breadcrumb":{"@id":"https:\/\/vosgesinfo.fr\/saintdieinfo\/2025\/07\/le-basket-3x3-a-lhonneur-a-saint-die-des-vosges\/#breadcrumb"},"inLanguage":"fr-FR","potentialAction":[{"@type":"ReadAction","target":["https:\/\/vosgesinfo.fr\/saintdieinfo\/2025\/07\/le-basket-3x3-a-lhonneur-a-saint-die-des-vosges\/"]}]},{"@type":"ImageObject","inLanguage":"fr-FR","@id":"https:\/\/vosgesinfo.fr\/saintdieinfo\/2025\/07\/le-basket-3x3-a-lhonneur-a-saint-die-des-vosges\/#primaryimage","url":"https:\/\/vosgesinfo.fr\/app\/uploads\/sites\/4\/2025\/07\/tournoi-basket-3x3-5.jpg","contentUrl":"https:\/\/vosgesinfo.fr\/app\/uploads\/sites\/4\/2025\/07\/tournoi-basket-3x3-5.jpg","width":1600,"height":1205,"caption":"(Archive)"},{"@type":"BreadcrumbList","@id":"https:\/\/vosgesinfo.fr\/saintdieinfo\/2025\/07\/le-basket-3x3-a-lhonneur-a-saint-die-des-vosges\/#breadcrumb","itemListElement":[{"@type":"ListItem","position":1,"name":"Home","item":"https:\/\/vosgesinfo.fr\/saintdieinfo\/"},{"@type":"ListItem","position":2,"name":"Le basket 3&#215;3 \u00e0 l&#8217;honneur \u00e0 Saint-Di\u00e9-des-Vosges"}]},{"@type":"WebSite","@id":"https:\/\/vosgesinfo.fr\/saintdieinfo\/#website","url":"https:\/\/vosgesinfo.fr\/saintdieinfo\/","name":"Saint Die Info","description":"Toute l&#039;actualit\u00e9 de Saint-Di\u00e9-Des-Vosges","publisher":{"@id":"https:\/\/vosgesinfo.fr\/saintdieinfo\/#organization"},"alternateName":"Toute l'actualit\u00e9 de Saint-Di\u00e9-Des-Vosges","potentialAction":[{"@type":"SearchAction","target":{"@type":"EntryPoint","urlTemplate":"https:\/\/vosgesinfo.fr\/saintdieinfo\/?s={search_term_string}"},"query-input":"required name=search_term_string"}],"inLanguage":"fr-FR"},{"@type":"Organization","@id":"https:\/\/vosgesinfo.fr\/saintdieinfo\/#organization","name":"Saint Die Info","url":"https:\/\/vosgesinfo.fr\/saintdieinfo\/","logo":{"@type":"ImageObject","inLanguage":"fr-FR","@id":"https:\/\/vosgesinfo.fr\/saintdieinfo\/#\/schema\/logo\/image\/","url":"https:\/\/vosgesinfo.fr\/app\/uploads\/sites\/4\/2024\/02\/logo-sdi.jpg","contentUrl":"https:\/\/vosgesinfo.fr\/app\/uploads\/sites\/4\/2024\/02\/logo-sdi.jpg","width":600,"height":600,"caption":"Saint Die Info"},"image":{"@id":"https:\/\/vosgesinfo.fr\/saintdieinfo\/#\/schema\/logo\/image\/"},"sameAs":["https:\/\/www.facebook.com\/Saintdieinfofr","https:\/\/x.com\/VosgesInfo88","https:\/\/www.youtube.com\/@vosgesinfo"]},{"@type":"Person","@id":"https:\/\/vosgesinfo.fr\/saintdieinfo\/#\/schema\/person\/fa73e9f726d67bb88f46d5b7943cb572","name":"J.J.","image":{"@type":"ImageObject","inLanguage":"fr-FR","@id":"https:\/\/vosgesinfo.fr\/saintdieinfo\/#\/schema\/person\/image\/","url":"https:\/\/secure.gravatar.com\/avatar\/219e749e47ffbcca018a360ae4add7d4cdf1cdaaf8bc7676b27efade3fe65615?s=96&d=mm&r=g","contentUrl":"https:\/\/secure.gravatar.com\/avatar\/219e749e47ffbcca018a360ae4add7d4cdf1cdaaf8bc7676b27efade3fe65615?s=96&d=mm&r=g","caption":"J.J."},"url":"https:\/\/vosgesinfo.fr\/saintdieinfo\/author\/j-j\/"}]}},"_links":{"self":[{"href":"https:\/\/vosgesinfo.fr\/saintdieinfo\/wp-json\/wp\/v2\/posts\/80726","targetHints":{"allow":["GET"]}}],"collection":[{"href":"https:\/\/vosgesinfo.fr\/saintdieinfo\/wp-json\/wp\/v2\/posts"}],"about":[{"href":"https:\/\/vosgesinfo.fr\/saintdieinfo\/wp-json\/wp\/v2\/types\/post"}],"author":[{"embeddable":true,"href":"https:\/\/vosgesinfo.fr\/saintdieinfo\/wp-json\/wp\/v2\/users\/46"}],"replies":[{"embeddable":true,"href":"https:\/\/vosgesinfo.fr\/saintdieinfo\/wp-json\/wp\/v2\/comments?post=80726"}],"version-history":[{"count":2,"href":"https:\/\/vosgesinfo.fr\/saintdieinfo\/wp-json\/wp\/v2\/posts\/80726\/revisions"}],"predecessor-version":[{"id":80752,"href":"https:\/\/vosgesinfo.fr\/saintdieinfo\/wp-json\/wp\/v2\/posts\/80726\/revisions\/80752"}],"wp:featuredmedia":[{"embeddable":true,"href":"https:\/\/vosgesinfo.fr\/saintdieinfo\/wp-json\/wp\/v2\/media\/80731"}],"wp:attachment":[{"href":"https:\/\/vosgesinfo.fr\/saintdieinfo\/wp-json\/wp\/v2\/media?parent=80726"}],"wp:term":[{"taxonomy":"category","embeddable":true,"href":"https:\/\/vosgesinfo.fr\/saintdieinfo\/wp-json\/wp\/v2\/categories?post=80726"},{"taxonomy":"post_tag","embeddable":true,"href":"https:\/\/vosgesinfo.fr\/saintdieinfo\/wp-json\/wp\/v2\/tags?post=80726"}],"curies":[{"name":"wp","href":"https:\/\/api.w.org\/{rel}","templated":true}]}}