{"id":80736,"date":"2025-07-30T05:58:08","date_gmt":"2025-07-30T03:58:08","guid":{"rendered":"https:\/\/vosgesinfo.fr\/saintdieinfo\/?p=80736"},"modified":"2025-07-30T05:58:08","modified_gmt":"2025-07-30T03:58:08","slug":"ledition-2025-du-torchon-a-leffigie-de-la-chapelle-notre-dame-des-chaumes-est-sortie","status":"publish","type":"post","link":"https:\/\/vosgesinfo.fr\/saintdieinfo\/2025\/07\/ledition-2025-du-torchon-a-leffigie-de-la-chapelle-notre-dame-des-chaumes-est-sortie\/","title":{"rendered":"L\u2019\u00e9dition 2025 du torchon \u00e0 l\u2019effigie de la Chapelle Notre Dame des Chaumes est sortie."},"content":{"rendered":"<p><a href=\"https:\/\/vosgesinfo.fr\/app\/uploads\/sites\/6\/2025\/07\/torchon-notre-dame-des-chaumes-2025.jpg\"><img decoding=\"async\" class=\"aligncenter size-large wp-image-80980\" src=\"https:\/\/vosgesinfo.fr\/app\/uploads\/sites\/6\/2025\/07\/torchon-notre-dame-des-chaumes-2025-1024x1024.jpg\" alt=\"\" width=\"1024\" height=\"1024\" \/><\/a><\/p>\n<p>\u00ab\u00a0Une \u00e9dition limit\u00e9e, des couleurs chaudes qui enchanteront les collectionneurs, encore un travail remarquable des \u00e9quipes des Ets GARNIER THIEBAUT.<\/p>\n<p>Le torchon achet\u00e9 par l\u2019association \u00e0 un prix d\u2019amis sera vendu \u00e0 la boutique LE TETRAS au Col de La Schlucht et \u00e0 la fin des messes des montagnes c\u00e9l\u00e9br\u00e9es \u00e0 la chapelle Notre Dame des Chaumes les dimanches soirs \u00e0 18 heures et jusqu\u2019au 15 ao\u00fbt \u00e0 18 heures \u00e9galement.<\/p>\n<p>Le torchon sera vendu comme le pr\u00e9c\u00e9dent \u00e0 20 \u20ac.<\/p>\n<p>Les sommes r\u00e9colt\u00e9es permettront \u00e0 l\u2019association de poursuivre les travaux de r\u00e9novation de la chapelle, qui sont encore nombreux et co\u00fbteux.<\/p>\n<p>Bien entendu les souscriptions aupr\u00e8s de la fondation du patrimoine sont toujours possible sur le site\u00a0:<\/p>\n<p><span style=\"color: #0563c1;\"><u><a href=\"http:\/\/www.fondation-patrimoine.org\/92406\">www.fondation-patrimoine.org\/92406<\/a><\/u><\/span><\/p>\n<p>L\u2019association remercie Monsieur Paul de MONTCLOS et toutes les \u00e9quipes des Ets GARNIER THIEBAUT d\u2019\u00eatre \u00e0 ses c\u00f4t\u00e9s dans ce beau projet de mise en valeur de notre patrimoine local.<\/p>\n<p>L\u2019association en profite \u00e9galement pour souhaiter une bonne retraite \u00e0 Monsieur Paul DE MONTCLOS, un grand monsieur par la taille mais aussi par le c\u0153ur.<\/p>\n<p><a name=\"_GoBack\"><\/a> MERCI \u00e0 tous\u00a0\u00bb.<\/p>\n","protected":false},"excerpt":{"rendered":"<p>\u00ab\u00a0Une \u00e9dition limit\u00e9e, des couleurs chaudes qui enchanteront les collectionneurs, encore un travail remarquable des \u00e9quipes des Ets GARNIER THIEBAUT. [&hellip;]<\/p>\n","protected":false},"author":391,"featured_media":80737,"comment_status":"open","ping_status":"open","sticky":false,"template":"","format":"standard","meta":{"footnotes":""},"categories":[460,5391,4099,4100],"tags":[17890,12301],"class_list":["post-80736","post","type-post","status-publish","format-standard","has-post-thumbnail","hentry","category-a-la-une","category-gerardmer","category-remiremont","category-saint-die","tag-garnier-thiebaut","tag-notre-dame-des-chaumes"],"acf":[],"yoast_head":"<!-- This site is optimized with the Yoast SEO plugin v22.5 - https:\/\/yoast.com\/wordpress\/plugins\/seo\/ -->\n<title>L\u2019\u00e9dition 2025 du torchon \u00e0 l\u2019effigie de la Chapelle Notre Dame des Chaumes est sortie. - Saint Die Info<\/title>\n<meta name=\"robots\" content=\"index, follow, max-snippet:-1, max-image-preview:large, max-video-preview:-1\" \/>\n<link rel=\"canonical\" href=\"https:\/\/vosgesinfo.fr\/saintdieinfo\/2025\/07\/ledition-2025-du-torchon-a-leffigie-de-la-chapelle-notre-dame-des-chaumes-est-sortie\/\" \/>\n<meta name=\"twitter:card\" content=\"summary_large_image\" \/>\n<meta name=\"twitter:title\" content=\"L\u2019\u00e9dition 2025 du torchon \u00e0 l\u2019effigie de la Chapelle Notre Dame des Chaumes est sortie. - Saint Die Info\" \/>\n<meta name=\"twitter:description\" content=\"\u00ab\u00a0Une \u00e9dition limit\u00e9e, des couleurs chaudes qui enchanteront les collectionneurs, encore un travail remarquable des \u00e9quipes des Ets GARNIER THIEBAUT. [&hellip;]\" \/>\n<meta name=\"twitter:image\" content=\"https:\/\/vosgesinfo.fr\/app\/uploads\/sites\/4\/2025\/07\/torchon-notre-dame-des-chaumes-2025.jpg\" \/>\n<meta name=\"twitter:creator\" content=\"@VosgesInfo88\" \/>\n<meta name=\"twitter:site\" content=\"@VosgesInfo88\" \/>\n<meta name=\"twitter:label1\" content=\"\u00c9crit par\" \/>\n\t<meta name=\"twitter:data1\" content=\"La redaction\" \/>\n\t<meta name=\"twitter:label2\" content=\"Dur\u00e9e de lecture estim\u00e9e\" \/>\n\t<meta name=\"twitter:data2\" content=\"1 minute\" \/>\n<script type=\"application\/ld+json\" class=\"yoast-schema-graph\">{\"@context\":\"https:\/\/schema.org\",\"@graph\":[{\"@type\":\"Article\",\"@id\":\"https:\/\/vosgesinfo.fr\/saintdieinfo\/2025\/07\/ledition-2025-du-torchon-a-leffigie-de-la-chapelle-notre-dame-des-chaumes-est-sortie\/#article\",\"isPartOf\":{\"@id\":\"https:\/\/vosgesinfo.fr\/saintdieinfo\/2025\/07\/ledition-2025-du-torchon-a-leffigie-de-la-chapelle-notre-dame-des-chaumes-est-sortie\/\"},\"author\":{\"name\":\"La redaction\",\"@id\":\"https:\/\/vosgesinfo.fr\/saintdieinfo\/#\/schema\/person\/27a3695b06db98895b354c0765cdfc31\"},\"headline\":\"L\u2019\u00e9dition 2025 du torchon \u00e0 l\u2019effigie de la Chapelle Notre Dame des Chaumes est sortie.\",\"datePublished\":\"2025-07-30T03:58:08+00:00\",\"dateModified\":\"2025-07-30T03:58:08+00:00\",\"mainEntityOfPage\":{\"@id\":\"https:\/\/vosgesinfo.fr\/saintdieinfo\/2025\/07\/ledition-2025-du-torchon-a-leffigie-de-la-chapelle-notre-dame-des-chaumes-est-sortie\/\"},\"wordCount\":200,\"commentCount\":0,\"publisher\":{\"@id\":\"https:\/\/vosgesinfo.fr\/saintdieinfo\/#organization\"},\"image\":{\"@id\":\"https:\/\/vosgesinfo.fr\/saintdieinfo\/2025\/07\/ledition-2025-du-torchon-a-leffigie-de-la-chapelle-notre-dame-des-chaumes-est-sortie\/#primaryimage\"},\"thumbnailUrl\":\"https:\/\/vosgesinfo.fr\/app\/uploads\/sites\/4\/2025\/07\/torchon-notre-dame-des-chaumes-2025.jpg\",\"keywords\":[\"garnier thi\u00e9baut\",\"Notre-Dame des Chaumes\"],\"articleSection\":[\"A la Une\",\"Gerardmer\",\"Remiremont\",\"Saint-di\u00e9\"],\"inLanguage\":\"fr-FR\",\"potentialAction\":[{\"@type\":\"CommentAction\",\"name\":\"Comment\",\"target\":[\"https:\/\/vosgesinfo.fr\/saintdieinfo\/2025\/07\/ledition-2025-du-torchon-a-leffigie-de-la-chapelle-notre-dame-des-chaumes-est-sortie\/#respond\"]}]},{\"@type\":\"WebPage\",\"@id\":\"https:\/\/vosgesinfo.fr\/saintdieinfo\/2025\/07\/ledition-2025-du-torchon-a-leffigie-de-la-chapelle-notre-dame-des-chaumes-est-sortie\/\",\"url\":\"https:\/\/vosgesinfo.fr\/saintdieinfo\/2025\/07\/ledition-2025-du-torchon-a-leffigie-de-la-chapelle-notre-dame-des-chaumes-est-sortie\/\",\"name\":\"L\u2019\u00e9dition 2025 du torchon \u00e0 l\u2019effigie de la Chapelle Notre Dame des Chaumes est sortie. - Saint Die Info\",\"isPartOf\":{\"@id\":\"https:\/\/vosgesinfo.fr\/saintdieinfo\/#website\"},\"primaryImageOfPage\":{\"@id\":\"https:\/\/vosgesinfo.fr\/saintdieinfo\/2025\/07\/ledition-2025-du-torchon-a-leffigie-de-la-chapelle-notre-dame-des-chaumes-est-sortie\/#primaryimage\"},\"image\":{\"@id\":\"https:\/\/vosgesinfo.fr\/saintdieinfo\/2025\/07\/ledition-2025-du-torchon-a-leffigie-de-la-chapelle-notre-dame-des-chaumes-est-sortie\/#primaryimage\"},\"thumbnailUrl\":\"https:\/\/vosgesinfo.fr\/app\/uploads\/sites\/4\/2025\/07\/torchon-notre-dame-des-chaumes-2025.jpg\",\"datePublished\":\"2025-07-30T03:58:08+00:00\",\"dateModified\":\"2025-07-30T03:58:08+00:00\",\"breadcrumb\":{\"@id\":\"https:\/\/vosgesinfo.fr\/saintdieinfo\/2025\/07\/ledition-2025-du-torchon-a-leffigie-de-la-chapelle-notre-dame-des-chaumes-est-sortie\/#breadcrumb\"},\"inLanguage\":\"fr-FR\",\"potentialAction\":[{\"@type\":\"ReadAction\",\"target\":[\"https:\/\/vosgesinfo.fr\/saintdieinfo\/2025\/07\/ledition-2025-du-torchon-a-leffigie-de-la-chapelle-notre-dame-des-chaumes-est-sortie\/\"]}]},{\"@type\":\"ImageObject\",\"inLanguage\":\"fr-FR\",\"@id\":\"https:\/\/vosgesinfo.fr\/saintdieinfo\/2025\/07\/ledition-2025-du-torchon-a-leffigie-de-la-chapelle-notre-dame-des-chaumes-est-sortie\/#primaryimage\",\"url\":\"https:\/\/vosgesinfo.fr\/app\/uploads\/sites\/4\/2025\/07\/torchon-notre-dame-des-chaumes-2025.jpg\",\"contentUrl\":\"https:\/\/vosgesinfo.fr\/app\/uploads\/sites\/4\/2025\/07\/torchon-notre-dame-des-chaumes-2025.jpg\",\"width\":1080,\"height\":1080},{\"@type\":\"BreadcrumbList\",\"@id\":\"https:\/\/vosgesinfo.fr\/saintdieinfo\/2025\/07\/ledition-2025-du-torchon-a-leffigie-de-la-chapelle-notre-dame-des-chaumes-est-sortie\/#breadcrumb\",\"itemListElement\":[{\"@type\":\"ListItem\",\"position\":1,\"name\":\"Home\",\"item\":\"https:\/\/vosgesinfo.fr\/saintdieinfo\/\"},{\"@type\":\"ListItem\",\"position\":2,\"name\":\"L\u2019\u00e9dition 2025 du torchon \u00e0 l\u2019effigie de la Chapelle Notre Dame des Chaumes est sortie.\"}]},{\"@type\":\"WebSite\",\"@id\":\"https:\/\/vosgesinfo.fr\/saintdieinfo\/#website\",\"url\":\"https:\/\/vosgesinfo.fr\/saintdieinfo\/\",\"name\":\"Saint Die Info\",\"description\":\"Toute l&#039;actualit\u00e9 de Saint-Di\u00e9-Des-Vosges\",\"publisher\":{\"@id\":\"https:\/\/vosgesinfo.fr\/saintdieinfo\/#organization\"},\"alternateName\":\"Toute l'actualit\u00e9 de Saint-Di\u00e9-Des-Vosges\",\"potentialAction\":[{\"@type\":\"SearchAction\",\"target\":{\"@type\":\"EntryPoint\",\"urlTemplate\":\"https:\/\/vosgesinfo.fr\/saintdieinfo\/?s={search_term_string}\"},\"query-input\":\"required name=search_term_string\"}],\"inLanguage\":\"fr-FR\"},{\"@type\":\"Organization\",\"@id\":\"https:\/\/vosgesinfo.fr\/saintdieinfo\/#organization\",\"name\":\"Saint Die Info\",\"url\":\"https:\/\/vosgesinfo.fr\/saintdieinfo\/\",\"logo\":{\"@type\":\"ImageObject\",\"inLanguage\":\"fr-FR\",\"@id\":\"https:\/\/vosgesinfo.fr\/saintdieinfo\/#\/schema\/logo\/image\/\",\"url\":\"https:\/\/vosgesinfo.fr\/app\/uploads\/sites\/4\/2024\/02\/logo-sdi.jpg\",\"contentUrl\":\"https:\/\/vosgesinfo.fr\/app\/uploads\/sites\/4\/2024\/02\/logo-sdi.jpg\",\"width\":600,\"height\":600,\"caption\":\"Saint Die Info\"},\"image\":{\"@id\":\"https:\/\/vosgesinfo.fr\/saintdieinfo\/#\/schema\/logo\/image\/\"},\"sameAs\":[\"https:\/\/www.facebook.com\/Saintdieinfofr\",\"https:\/\/x.com\/VosgesInfo88\",\"https:\/\/www.youtube.com\/@vosgesinfo\"]},{\"@type\":\"Person\",\"@id\":\"https:\/\/vosgesinfo.fr\/saintdieinfo\/#\/schema\/person\/27a3695b06db98895b354c0765cdfc31\",\"name\":\"La redaction\",\"image\":{\"@type\":\"ImageObject\",\"inLanguage\":\"fr-FR\",\"@id\":\"https:\/\/vosgesinfo.fr\/saintdieinfo\/#\/schema\/person\/image\/\",\"url\":\"https:\/\/secure.gravatar.com\/avatar\/64c76a78e501cedee55736f43f332df901e1896ae9cd8fad269ae2236dd0e8b6?s=96&d=mm&r=g\",\"contentUrl\":\"https:\/\/secure.gravatar.com\/avatar\/64c76a78e501cedee55736f43f332df901e1896ae9cd8fad269ae2236dd0e8b6?s=96&d=mm&r=g\",\"caption\":\"La redaction\"},\"url\":\"https:\/\/vosgesinfo.fr\/saintdieinfo\/author\/la-redaction\/\"}]}<\/script>\n<!-- \/ Yoast SEO plugin. -->","yoast_head_json":{"title":"L\u2019\u00e9dition 2025 du torchon \u00e0 l\u2019effigie de la Chapelle Notre Dame des Chaumes est sortie. - Saint Die Info","robots":{"index":"index","follow":"follow","max-snippet":"max-snippet:-1","max-image-preview":"max-image-preview:large","max-video-preview":"max-video-preview:-1"},"canonical":"https:\/\/vosgesinfo.fr\/saintdieinfo\/2025\/07\/ledition-2025-du-torchon-a-leffigie-de-la-chapelle-notre-dame-des-chaumes-est-sortie\/","twitter_card":"summary_large_image","twitter_title":"L\u2019\u00e9dition 2025 du torchon \u00e0 l\u2019effigie de la Chapelle Notre Dame des Chaumes est sortie. - Saint Die Info","twitter_description":"\u00ab\u00a0Une \u00e9dition limit\u00e9e, des couleurs chaudes qui enchanteront les collectionneurs, encore un travail remarquable des \u00e9quipes des Ets GARNIER THIEBAUT. [&hellip;]","twitter_image":"https:\/\/vosgesinfo.fr\/app\/uploads\/sites\/4\/2025\/07\/torchon-notre-dame-des-chaumes-2025.jpg","twitter_creator":"@VosgesInfo88","twitter_site":"@VosgesInfo88","twitter_misc":{"\u00c9crit par":"La redaction","Dur\u00e9e de lecture estim\u00e9e":"1 minute"},"schema":{"@context":"https:\/\/schema.org","@graph":[{"@type":"Article","@id":"https:\/\/vosgesinfo.fr\/saintdieinfo\/2025\/07\/ledition-2025-du-torchon-a-leffigie-de-la-chapelle-notre-dame-des-chaumes-est-sortie\/#article","isPartOf":{"@id":"https:\/\/vosgesinfo.fr\/saintdieinfo\/2025\/07\/ledition-2025-du-torchon-a-leffigie-de-la-chapelle-notre-dame-des-chaumes-est-sortie\/"},"author":{"name":"La redaction","@id":"https:\/\/vosgesinfo.fr\/saintdieinfo\/#\/schema\/person\/27a3695b06db98895b354c0765cdfc31"},"headline":"L\u2019\u00e9dition 2025 du torchon \u00e0 l\u2019effigie de la Chapelle Notre Dame des Chaumes est sortie.","datePublished":"2025-07-30T03:58:08+00:00","dateModified":"2025-07-30T03:58:08+00:00","mainEntityOfPage":{"@id":"https:\/\/vosgesinfo.fr\/saintdieinfo\/2025\/07\/ledition-2025-du-torchon-a-leffigie-de-la-chapelle-notre-dame-des-chaumes-est-sortie\/"},"wordCount":200,"commentCount":0,"publisher":{"@id":"https:\/\/vosgesinfo.fr\/saintdieinfo\/#organization"},"image":{"@id":"https:\/\/vosgesinfo.fr\/saintdieinfo\/2025\/07\/ledition-2025-du-torchon-a-leffigie-de-la-chapelle-notre-dame-des-chaumes-est-sortie\/#primaryimage"},"thumbnailUrl":"https:\/\/vosgesinfo.fr\/app\/uploads\/sites\/4\/2025\/07\/torchon-notre-dame-des-chaumes-2025.jpg","keywords":["garnier thi\u00e9baut","Notre-Dame des Chaumes"],"articleSection":["A la Une","Gerardmer","Remiremont","Saint-di\u00e9"],"inLanguage":"fr-FR","potentialAction":[{"@type":"CommentAction","name":"Comment","target":["https:\/\/vosgesinfo.fr\/saintdieinfo\/2025\/07\/ledition-2025-du-torchon-a-leffigie-de-la-chapelle-notre-dame-des-chaumes-est-sortie\/#respond"]}]},{"@type":"WebPage","@id":"https:\/\/vosgesinfo.fr\/saintdieinfo\/2025\/07\/ledition-2025-du-torchon-a-leffigie-de-la-chapelle-notre-dame-des-chaumes-est-sortie\/","url":"https:\/\/vosgesinfo.fr\/saintdieinfo\/2025\/07\/ledition-2025-du-torchon-a-leffigie-de-la-chapelle-notre-dame-des-chaumes-est-sortie\/","name":"L\u2019\u00e9dition 2025 du torchon \u00e0 l\u2019effigie de la Chapelle Notre Dame des Chaumes est sortie. - Saint Die Info","isPartOf":{"@id":"https:\/\/vosgesinfo.fr\/saintdieinfo\/#website"},"primaryImageOfPage":{"@id":"https:\/\/vosgesinfo.fr\/saintdieinfo\/2025\/07\/ledition-2025-du-torchon-a-leffigie-de-la-chapelle-notre-dame-des-chaumes-est-sortie\/#primaryimage"},"image":{"@id":"https:\/\/vosgesinfo.fr\/saintdieinfo\/2025\/07\/ledition-2025-du-torchon-a-leffigie-de-la-chapelle-notre-dame-des-chaumes-est-sortie\/#primaryimage"},"thumbnailUrl":"https:\/\/vosgesinfo.fr\/app\/uploads\/sites\/4\/2025\/07\/torchon-notre-dame-des-chaumes-2025.jpg","datePublished":"2025-07-30T03:58:08+00:00","dateModified":"2025-07-30T03:58:08+00:00","breadcrumb":{"@id":"https:\/\/vosgesinfo.fr\/saintdieinfo\/2025\/07\/ledition-2025-du-torchon-a-leffigie-de-la-chapelle-notre-dame-des-chaumes-est-sortie\/#breadcrumb"},"inLanguage":"fr-FR","potentialAction":[{"@type":"ReadAction","target":["https:\/\/vosgesinfo.fr\/saintdieinfo\/2025\/07\/ledition-2025-du-torchon-a-leffigie-de-la-chapelle-notre-dame-des-chaumes-est-sortie\/"]}]},{"@type":"ImageObject","inLanguage":"fr-FR","@id":"https:\/\/vosgesinfo.fr\/saintdieinfo\/2025\/07\/ledition-2025-du-torchon-a-leffigie-de-la-chapelle-notre-dame-des-chaumes-est-sortie\/#primaryimage","url":"https:\/\/vosgesinfo.fr\/app\/uploads\/sites\/4\/2025\/07\/torchon-notre-dame-des-chaumes-2025.jpg","contentUrl":"https:\/\/vosgesinfo.fr\/app\/uploads\/sites\/4\/2025\/07\/torchon-notre-dame-des-chaumes-2025.jpg","width":1080,"height":1080},{"@type":"BreadcrumbList","@id":"https:\/\/vosgesinfo.fr\/saintdieinfo\/2025\/07\/ledition-2025-du-torchon-a-leffigie-de-la-chapelle-notre-dame-des-chaumes-est-sortie\/#breadcrumb","itemListElement":[{"@type":"ListItem","position":1,"name":"Home","item":"https:\/\/vosgesinfo.fr\/saintdieinfo\/"},{"@type":"ListItem","position":2,"name":"L\u2019\u00e9dition 2025 du torchon \u00e0 l\u2019effigie de la Chapelle Notre Dame des Chaumes est sortie."}]},{"@type":"WebSite","@id":"https:\/\/vosgesinfo.fr\/saintdieinfo\/#website","url":"https:\/\/vosgesinfo.fr\/saintdieinfo\/","name":"Saint Die Info","description":"Toute l&#039;actualit\u00e9 de Saint-Di\u00e9-Des-Vosges","publisher":{"@id":"https:\/\/vosgesinfo.fr\/saintdieinfo\/#organization"},"alternateName":"Toute l'actualit\u00e9 de Saint-Di\u00e9-Des-Vosges","potentialAction":[{"@type":"SearchAction","target":{"@type":"EntryPoint","urlTemplate":"https:\/\/vosgesinfo.fr\/saintdieinfo\/?s={search_term_string}"},"query-input":"required name=search_term_string"}],"inLanguage":"fr-FR"},{"@type":"Organization","@id":"https:\/\/vosgesinfo.fr\/saintdieinfo\/#organization","name":"Saint Die Info","url":"https:\/\/vosgesinfo.fr\/saintdieinfo\/","logo":{"@type":"ImageObject","inLanguage":"fr-FR","@id":"https:\/\/vosgesinfo.fr\/saintdieinfo\/#\/schema\/logo\/image\/","url":"https:\/\/vosgesinfo.fr\/app\/uploads\/sites\/4\/2024\/02\/logo-sdi.jpg","contentUrl":"https:\/\/vosgesinfo.fr\/app\/uploads\/sites\/4\/2024\/02\/logo-sdi.jpg","width":600,"height":600,"caption":"Saint Die Info"},"image":{"@id":"https:\/\/vosgesinfo.fr\/saintdieinfo\/#\/schema\/logo\/image\/"},"sameAs":["https:\/\/www.facebook.com\/Saintdieinfofr","https:\/\/x.com\/VosgesInfo88","https:\/\/www.youtube.com\/@vosgesinfo"]},{"@type":"Person","@id":"https:\/\/vosgesinfo.fr\/saintdieinfo\/#\/schema\/person\/27a3695b06db98895b354c0765cdfc31","name":"La redaction","image":{"@type":"ImageObject","inLanguage":"fr-FR","@id":"https:\/\/vosgesinfo.fr\/saintdieinfo\/#\/schema\/person\/image\/","url":"https:\/\/secure.gravatar.com\/avatar\/64c76a78e501cedee55736f43f332df901e1896ae9cd8fad269ae2236dd0e8b6?s=96&d=mm&r=g","contentUrl":"https:\/\/secure.gravatar.com\/avatar\/64c76a78e501cedee55736f43f332df901e1896ae9cd8fad269ae2236dd0e8b6?s=96&d=mm&r=g","caption":"La redaction"},"url":"https:\/\/vosgesinfo.fr\/saintdieinfo\/author\/la-redaction\/"}]}},"_links":{"self":[{"href":"https:\/\/vosgesinfo.fr\/saintdieinfo\/wp-json\/wp\/v2\/posts\/80736","targetHints":{"allow":["GET"]}}],"collection":[{"href":"https:\/\/vosgesinfo.fr\/saintdieinfo\/wp-json\/wp\/v2\/posts"}],"about":[{"href":"https:\/\/vosgesinfo.fr\/saintdieinfo\/wp-json\/wp\/v2\/types\/post"}],"author":[{"embeddable":true,"href":"https:\/\/vosgesinfo.fr\/saintdieinfo\/wp-json\/wp\/v2\/users\/391"}],"replies":[{"embeddable":true,"href":"https:\/\/vosgesinfo.fr\/saintdieinfo\/wp-json\/wp\/v2\/comments?post=80736"}],"version-history":[{"count":0,"href":"https:\/\/vosgesinfo.fr\/saintdieinfo\/wp-json\/wp\/v2\/posts\/80736\/revisions"}],"wp:featuredmedia":[{"embeddable":true,"href":"https:\/\/vosgesinfo.fr\/saintdieinfo\/wp-json\/wp\/v2\/media\/80737"}],"wp:attachment":[{"href":"https:\/\/vosgesinfo.fr\/saintdieinfo\/wp-json\/wp\/v2\/media?parent=80736"}],"wp:term":[{"taxonomy":"category","embeddable":true,"href":"https:\/\/vosgesinfo.fr\/saintdieinfo\/wp-json\/wp\/v2\/categories?post=80736"},{"taxonomy":"post_tag","embeddable":true,"href":"https:\/\/vosgesinfo.fr\/saintdieinfo\/wp-json\/wp\/v2\/tags?post=80736"}],"curies":[{"name":"wp","href":"https:\/\/api.w.org\/{rel}","templated":true}]}}