{"id":80748,"date":"2025-07-30T05:59:42","date_gmt":"2025-07-30T03:59:42","guid":{"rendered":"https:\/\/vosgesinfo.fr\/saintdieinfo\/?p=80748"},"modified":"2025-07-30T05:59:42","modified_gmt":"2025-07-30T03:59:42","slug":"deuxieme-edition-du-gerardmer-aventure-film-festival","status":"publish","type":"post","link":"https:\/\/vosgesinfo.fr\/saintdieinfo\/2025\/07\/deuxieme-edition-du-gerardmer-aventure-film-festival\/","title":{"rendered":"Deuxi\u00e8me \u00e9dition du G\u00e9rardmer Aventure Film Festival"},"content":{"rendered":"<p><a href=\"https:\/\/vosgesinfo.fr\/app\/uploads\/sites\/6\/2025\/07\/gerardmer-aventure-film-festival-2.jpg\"><img decoding=\"async\" class=\"aligncenter size-large wp-image-80997\" src=\"https:\/\/vosgesinfo.fr\/app\/uploads\/sites\/6\/2025\/07\/gerardmer-aventure-film-festival-2-1024x685.jpg\" alt=\"\" width=\"1024\" height=\"685\" \/><\/a><\/p>\n\n\t\t<style type=\"text\/css\">\n\t\t\t#gallery-1 {\n\t\t\t\tmargin: auto;\n\t\t\t}\n\t\t\t#gallery-1 .gallery-item {\n\t\t\t\tfloat: left;\n\t\t\t\tmargin-top: 10px;\n\t\t\t\ttext-align: center;\n\t\t\t\twidth: 33%;\n\t\t\t}\n\t\t\t#gallery-1 img {\n\t\t\t\tborder: 2px solid #cfcfcf;\n\t\t\t}\n\t\t\t#gallery-1 .gallery-caption {\n\t\t\t\tmargin-left: 0;\n\t\t\t}\n\t\t\t\/* see gallery_shortcode() in wp-includes\/media.php *\/\n\t\t<\/style>\n\t\t<div id='gallery-1' class='gallery galleryid-80748 gallery-columns-3 gallery-size-thumbnail'><dl class='gallery-item'>\n\t\t\t<dt class='gallery-icon landscape'>\n\t\t\t\t<a href='https:\/\/vosgesinfo.fr\/app\/uploads\/sites\/4\/2025\/07\/gerardmer-aventure-film-festival-1.jpg'><img decoding=\"async\" width=\"150\" height=\"150\" src=\"https:\/\/vosgesinfo.fr\/app\/uploads\/sites\/4\/2025\/07\/gerardmer-aventure-film-festival-1-150x150.jpg\" class=\"attachment-thumbnail size-thumbnail\" alt=\"\" \/><\/a>\n\t\t\t<\/dt><\/dl><dl class='gallery-item'>\n\t\t\t<dt class='gallery-icon landscape'>\n\t\t\t\t<a href='https:\/\/vosgesinfo.fr\/app\/uploads\/sites\/4\/2025\/07\/gerardmer-aventure-film-festival-4.jpg'><img decoding=\"async\" width=\"150\" height=\"150\" src=\"https:\/\/vosgesinfo.fr\/app\/uploads\/sites\/4\/2025\/07\/gerardmer-aventure-film-festival-4-150x150.jpg\" class=\"attachment-thumbnail size-thumbnail\" alt=\"\" \/><\/a>\n\t\t\t<\/dt><\/dl>\n\t\t\t<br style='clear: both' \/>\n\t\t<\/div>\n\n<h3>\nLa Ville de G\u00e9rardmer accueillera la 2\u00e8me \u00e9dition G\u00e9rardmer Aventure Film Festival, un tout nouvel \u00e9v\u00e9nement d\u00e9di\u00e9 aux films d\u2019aventure et d\u2019exploration. Organis\u00e9 par le Club Alpin Fran\u00e7ais des Hautes Vosges, le festival se tiendra du 5 au 7 d\u00e9cembre 2025 \u00e0 la MCL de G\u00e9rardmer.<\/h3>\n<p>&nbsp;<\/p>\n<p>Pendant 3 jours, les spectateurs auront l\u2019opportunit\u00e9 de vivre une exp\u00e9rience immersive \u00e0 travers des films, des documentaires et des r\u00e9cits d\u2019aventure. Le public pourra d\u00e9couvrir des r\u00e9cits passionnants, \u00e9changer avec les r\u00e9alisateurs et intervenants invit\u00e9s, et vivre une v\u00e9ritable immersion dans l\u2019univers de l\u2019aventure.<br \/>\nAu programme :<br \/>\n-Projections de films<br \/>\n-Rencontres avec des aventuriers, r\u00e9alisateurs et explorateurs<br \/>\n-Animations et soir\u00e9es conviviales<br \/>\n-Exposition photo<br \/>\nLe G\u00e9rardmer Aventure Film Festival souhaite devenir un rendez-vous incontournable pour les passionn\u00e9s d\u2019images, de nature, de d\u00e9passement de soi et de r\u00e9cits d\u2019exploration. Il s\u2019inscrit pleinement dans l\u2019esprit de G\u00e9rardmer, terre de nature et de culture.<br \/>\nInformations pratiques Dates : du vendredi 5 au dimanche 7 d\u00e9cembre 2025 Lieu : MCL (Maison de la Culture et des Loisirs), G\u00e9rardmer Billetterie et programmation \u00e0 venir sur : https:\/\/gaff-festival.fr\/<\/p>\n<p><a href=\"https:\/\/vosgesinfo.fr\/app\/uploads\/sites\/6\/2025\/07\/logo-v1-jnc-wfichier-57logo-gaff-picto-bleu-lagon.png\"><img decoding=\"async\" class=\"aligncenter size-medium wp-image-81001\" src=\"https:\/\/vosgesinfo.fr\/app\/uploads\/sites\/6\/2025\/07\/logo-v1-jnc-wfichier-57logo-gaff-picto-bleu-lagon-300x179.png\" alt=\"\" width=\"300\" height=\"179\" \/><\/a><\/p>\n","protected":false},"excerpt":{"rendered":"<p>La Ville de G\u00e9rardmer accueillera la 2\u00e8me \u00e9dition G\u00e9rardmer Aventure Film Festival, un tout nouvel \u00e9v\u00e9nement d\u00e9di\u00e9 aux films d\u2019aventure [&hellip;]<\/p>\n","protected":false},"author":42,"featured_media":80749,"comment_status":"open","ping_status":"open","sticky":false,"template":"","format":"standard","meta":{"footnotes":""},"categories":[460,7,5392,5391,5389,4099,4100,14],"tags":[17918],"class_list":["post-80748","post","type-post","status-publish","format-standard","has-post-thumbnail","hentry","category-a-la-une","category-environnement","category-epinal","category-gerardmer","category-la-plaine-des-vosges","category-remiremont","category-saint-die","category-sport","tag-gerardmer-aventure-film-festival"],"acf":[],"yoast_head":"<!-- This site is optimized with the Yoast SEO plugin v22.5 - https:\/\/yoast.com\/wordpress\/plugins\/seo\/ -->\n<title>Deuxi\u00e8me \u00e9dition du G\u00e9rardmer Aventure Film Festival - Saint Die Info<\/title>\n<meta name=\"robots\" content=\"index, follow, max-snippet:-1, max-image-preview:large, max-video-preview:-1\" \/>\n<link rel=\"canonical\" href=\"https:\/\/vosgesinfo.fr\/saintdieinfo\/2025\/07\/deuxieme-edition-du-gerardmer-aventure-film-festival\/\" \/>\n<meta name=\"twitter:card\" content=\"summary_large_image\" \/>\n<meta name=\"twitter:title\" content=\"Deuxi\u00e8me \u00e9dition du G\u00e9rardmer Aventure Film Festival - Saint Die Info\" \/>\n<meta name=\"twitter:description\" content=\"La Ville de G\u00e9rardmer accueillera la 2\u00e8me \u00e9dition G\u00e9rardmer Aventure Film Festival, un tout nouvel \u00e9v\u00e9nement d\u00e9di\u00e9 aux films d\u2019aventure [&hellip;]\" \/>\n<meta name=\"twitter:image\" content=\"https:\/\/vosgesinfo.fr\/app\/uploads\/sites\/4\/2025\/07\/gerardmer-aventure-film-festival-2.jpg\" \/>\n<meta name=\"twitter:creator\" content=\"@VosgesInfo88\" \/>\n<meta name=\"twitter:site\" content=\"@VosgesInfo88\" \/>\n<meta name=\"twitter:label1\" content=\"\u00c9crit par\" \/>\n\t<meta name=\"twitter:data1\" content=\"QG\" \/>\n\t<meta name=\"twitter:label2\" content=\"Dur\u00e9e de lecture estim\u00e9e\" \/>\n\t<meta name=\"twitter:data2\" content=\"1 minute\" \/>\n<script type=\"application\/ld+json\" class=\"yoast-schema-graph\">{\"@context\":\"https:\/\/schema.org\",\"@graph\":[{\"@type\":\"Article\",\"@id\":\"https:\/\/vosgesinfo.fr\/saintdieinfo\/2025\/07\/deuxieme-edition-du-gerardmer-aventure-film-festival\/#article\",\"isPartOf\":{\"@id\":\"https:\/\/vosgesinfo.fr\/saintdieinfo\/2025\/07\/deuxieme-edition-du-gerardmer-aventure-film-festival\/\"},\"author\":{\"name\":\"QG\",\"@id\":\"https:\/\/vosgesinfo.fr\/saintdieinfo\/#\/schema\/person\/db5605779a843dad16b5368f3e7613a5\"},\"headline\":\"Deuxi\u00e8me \u00e9dition du G\u00e9rardmer Aventure Film Festival\",\"datePublished\":\"2025-07-30T03:59:42+00:00\",\"dateModified\":\"2025-07-30T03:59:42+00:00\",\"mainEntityOfPage\":{\"@id\":\"https:\/\/vosgesinfo.fr\/saintdieinfo\/2025\/07\/deuxieme-edition-du-gerardmer-aventure-film-festival\/\"},\"wordCount\":213,\"commentCount\":0,\"publisher\":{\"@id\":\"https:\/\/vosgesinfo.fr\/saintdieinfo\/#organization\"},\"image\":{\"@id\":\"https:\/\/vosgesinfo.fr\/saintdieinfo\/2025\/07\/deuxieme-edition-du-gerardmer-aventure-film-festival\/#primaryimage\"},\"thumbnailUrl\":\"https:\/\/vosgesinfo.fr\/app\/uploads\/sites\/4\/2025\/07\/gerardmer-aventure-film-festival-2.jpg\",\"keywords\":[\"G\u00e9rardmer Aventure Film Festival\"],\"articleSection\":[\"A la Une\",\"Environnement\",\"Epinal\",\"Gerardmer\",\"La plaine des vosges\",\"Remiremont\",\"Saint-di\u00e9\",\"Sport\"],\"inLanguage\":\"fr-FR\",\"potentialAction\":[{\"@type\":\"CommentAction\",\"name\":\"Comment\",\"target\":[\"https:\/\/vosgesinfo.fr\/saintdieinfo\/2025\/07\/deuxieme-edition-du-gerardmer-aventure-film-festival\/#respond\"]}]},{\"@type\":\"WebPage\",\"@id\":\"https:\/\/vosgesinfo.fr\/saintdieinfo\/2025\/07\/deuxieme-edition-du-gerardmer-aventure-film-festival\/\",\"url\":\"https:\/\/vosgesinfo.fr\/saintdieinfo\/2025\/07\/deuxieme-edition-du-gerardmer-aventure-film-festival\/\",\"name\":\"Deuxi\u00e8me \u00e9dition du G\u00e9rardmer Aventure Film Festival - Saint Die Info\",\"isPartOf\":{\"@id\":\"https:\/\/vosgesinfo.fr\/saintdieinfo\/#website\"},\"primaryImageOfPage\":{\"@id\":\"https:\/\/vosgesinfo.fr\/saintdieinfo\/2025\/07\/deuxieme-edition-du-gerardmer-aventure-film-festival\/#primaryimage\"},\"image\":{\"@id\":\"https:\/\/vosgesinfo.fr\/saintdieinfo\/2025\/07\/deuxieme-edition-du-gerardmer-aventure-film-festival\/#primaryimage\"},\"thumbnailUrl\":\"https:\/\/vosgesinfo.fr\/app\/uploads\/sites\/4\/2025\/07\/gerardmer-aventure-film-festival-2.jpg\",\"datePublished\":\"2025-07-30T03:59:42+00:00\",\"dateModified\":\"2025-07-30T03:59:42+00:00\",\"breadcrumb\":{\"@id\":\"https:\/\/vosgesinfo.fr\/saintdieinfo\/2025\/07\/deuxieme-edition-du-gerardmer-aventure-film-festival\/#breadcrumb\"},\"inLanguage\":\"fr-FR\",\"potentialAction\":[{\"@type\":\"ReadAction\",\"target\":[\"https:\/\/vosgesinfo.fr\/saintdieinfo\/2025\/07\/deuxieme-edition-du-gerardmer-aventure-film-festival\/\"]}]},{\"@type\":\"ImageObject\",\"inLanguage\":\"fr-FR\",\"@id\":\"https:\/\/vosgesinfo.fr\/saintdieinfo\/2025\/07\/deuxieme-edition-du-gerardmer-aventure-film-festival\/#primaryimage\",\"url\":\"https:\/\/vosgesinfo.fr\/app\/uploads\/sites\/4\/2025\/07\/gerardmer-aventure-film-festival-2.jpg\",\"contentUrl\":\"https:\/\/vosgesinfo.fr\/app\/uploads\/sites\/4\/2025\/07\/gerardmer-aventure-film-festival-2.jpg\",\"width\":2048,\"height\":1369},{\"@type\":\"BreadcrumbList\",\"@id\":\"https:\/\/vosgesinfo.fr\/saintdieinfo\/2025\/07\/deuxieme-edition-du-gerardmer-aventure-film-festival\/#breadcrumb\",\"itemListElement\":[{\"@type\":\"ListItem\",\"position\":1,\"name\":\"Home\",\"item\":\"https:\/\/vosgesinfo.fr\/saintdieinfo\/\"},{\"@type\":\"ListItem\",\"position\":2,\"name\":\"Deuxi\u00e8me \u00e9dition du G\u00e9rardmer Aventure Film Festival\"}]},{\"@type\":\"WebSite\",\"@id\":\"https:\/\/vosgesinfo.fr\/saintdieinfo\/#website\",\"url\":\"https:\/\/vosgesinfo.fr\/saintdieinfo\/\",\"name\":\"Saint Die Info\",\"description\":\"Toute l&#039;actualit\u00e9 de Saint-Di\u00e9-Des-Vosges\",\"publisher\":{\"@id\":\"https:\/\/vosgesinfo.fr\/saintdieinfo\/#organization\"},\"alternateName\":\"Toute l'actualit\u00e9 de Saint-Di\u00e9-Des-Vosges\",\"potentialAction\":[{\"@type\":\"SearchAction\",\"target\":{\"@type\":\"EntryPoint\",\"urlTemplate\":\"https:\/\/vosgesinfo.fr\/saintdieinfo\/?s={search_term_string}\"},\"query-input\":\"required name=search_term_string\"}],\"inLanguage\":\"fr-FR\"},{\"@type\":\"Organization\",\"@id\":\"https:\/\/vosgesinfo.fr\/saintdieinfo\/#organization\",\"name\":\"Saint Die Info\",\"url\":\"https:\/\/vosgesinfo.fr\/saintdieinfo\/\",\"logo\":{\"@type\":\"ImageObject\",\"inLanguage\":\"fr-FR\",\"@id\":\"https:\/\/vosgesinfo.fr\/saintdieinfo\/#\/schema\/logo\/image\/\",\"url\":\"https:\/\/vosgesinfo.fr\/app\/uploads\/sites\/4\/2024\/02\/logo-sdi.jpg\",\"contentUrl\":\"https:\/\/vosgesinfo.fr\/app\/uploads\/sites\/4\/2024\/02\/logo-sdi.jpg\",\"width\":600,\"height\":600,\"caption\":\"Saint Die Info\"},\"image\":{\"@id\":\"https:\/\/vosgesinfo.fr\/saintdieinfo\/#\/schema\/logo\/image\/\"},\"sameAs\":[\"https:\/\/www.facebook.com\/Saintdieinfofr\",\"https:\/\/x.com\/VosgesInfo88\",\"https:\/\/www.youtube.com\/@vosgesinfo\"]},{\"@type\":\"Person\",\"@id\":\"https:\/\/vosgesinfo.fr\/saintdieinfo\/#\/schema\/person\/db5605779a843dad16b5368f3e7613a5\",\"name\":\"QG\",\"image\":{\"@type\":\"ImageObject\",\"inLanguage\":\"fr-FR\",\"@id\":\"https:\/\/vosgesinfo.fr\/saintdieinfo\/#\/schema\/person\/image\/\",\"url\":\"https:\/\/secure.gravatar.com\/avatar\/ea80c42c204b534408512832fde52504ecabb9706bcb6151cf6175e5b64e6793?s=96&d=mm&r=g\",\"contentUrl\":\"https:\/\/secure.gravatar.com\/avatar\/ea80c42c204b534408512832fde52504ecabb9706bcb6151cf6175e5b64e6793?s=96&d=mm&r=g\",\"caption\":\"QG\"},\"url\":\"https:\/\/vosgesinfo.fr\/saintdieinfo\/author\/quentin88\/\"}]}<\/script>\n<!-- \/ Yoast SEO plugin. -->","yoast_head_json":{"title":"Deuxi\u00e8me \u00e9dition du G\u00e9rardmer Aventure Film Festival - Saint Die Info","robots":{"index":"index","follow":"follow","max-snippet":"max-snippet:-1","max-image-preview":"max-image-preview:large","max-video-preview":"max-video-preview:-1"},"canonical":"https:\/\/vosgesinfo.fr\/saintdieinfo\/2025\/07\/deuxieme-edition-du-gerardmer-aventure-film-festival\/","twitter_card":"summary_large_image","twitter_title":"Deuxi\u00e8me \u00e9dition du G\u00e9rardmer Aventure Film Festival - Saint Die Info","twitter_description":"La Ville de G\u00e9rardmer accueillera la 2\u00e8me \u00e9dition G\u00e9rardmer Aventure Film Festival, un tout nouvel \u00e9v\u00e9nement d\u00e9di\u00e9 aux films d\u2019aventure [&hellip;]","twitter_image":"https:\/\/vosgesinfo.fr\/app\/uploads\/sites\/4\/2025\/07\/gerardmer-aventure-film-festival-2.jpg","twitter_creator":"@VosgesInfo88","twitter_site":"@VosgesInfo88","twitter_misc":{"\u00c9crit par":"QG","Dur\u00e9e de lecture estim\u00e9e":"1 minute"},"schema":{"@context":"https:\/\/schema.org","@graph":[{"@type":"Article","@id":"https:\/\/vosgesinfo.fr\/saintdieinfo\/2025\/07\/deuxieme-edition-du-gerardmer-aventure-film-festival\/#article","isPartOf":{"@id":"https:\/\/vosgesinfo.fr\/saintdieinfo\/2025\/07\/deuxieme-edition-du-gerardmer-aventure-film-festival\/"},"author":{"name":"QG","@id":"https:\/\/vosgesinfo.fr\/saintdieinfo\/#\/schema\/person\/db5605779a843dad16b5368f3e7613a5"},"headline":"Deuxi\u00e8me \u00e9dition du G\u00e9rardmer Aventure Film Festival","datePublished":"2025-07-30T03:59:42+00:00","dateModified":"2025-07-30T03:59:42+00:00","mainEntityOfPage":{"@id":"https:\/\/vosgesinfo.fr\/saintdieinfo\/2025\/07\/deuxieme-edition-du-gerardmer-aventure-film-festival\/"},"wordCount":213,"commentCount":0,"publisher":{"@id":"https:\/\/vosgesinfo.fr\/saintdieinfo\/#organization"},"image":{"@id":"https:\/\/vosgesinfo.fr\/saintdieinfo\/2025\/07\/deuxieme-edition-du-gerardmer-aventure-film-festival\/#primaryimage"},"thumbnailUrl":"https:\/\/vosgesinfo.fr\/app\/uploads\/sites\/4\/2025\/07\/gerardmer-aventure-film-festival-2.jpg","keywords":["G\u00e9rardmer Aventure Film Festival"],"articleSection":["A la Une","Environnement","Epinal","Gerardmer","La plaine des vosges","Remiremont","Saint-di\u00e9","Sport"],"inLanguage":"fr-FR","potentialAction":[{"@type":"CommentAction","name":"Comment","target":["https:\/\/vosgesinfo.fr\/saintdieinfo\/2025\/07\/deuxieme-edition-du-gerardmer-aventure-film-festival\/#respond"]}]},{"@type":"WebPage","@id":"https:\/\/vosgesinfo.fr\/saintdieinfo\/2025\/07\/deuxieme-edition-du-gerardmer-aventure-film-festival\/","url":"https:\/\/vosgesinfo.fr\/saintdieinfo\/2025\/07\/deuxieme-edition-du-gerardmer-aventure-film-festival\/","name":"Deuxi\u00e8me \u00e9dition du G\u00e9rardmer Aventure Film Festival - Saint Die Info","isPartOf":{"@id":"https:\/\/vosgesinfo.fr\/saintdieinfo\/#website"},"primaryImageOfPage":{"@id":"https:\/\/vosgesinfo.fr\/saintdieinfo\/2025\/07\/deuxieme-edition-du-gerardmer-aventure-film-festival\/#primaryimage"},"image":{"@id":"https:\/\/vosgesinfo.fr\/saintdieinfo\/2025\/07\/deuxieme-edition-du-gerardmer-aventure-film-festival\/#primaryimage"},"thumbnailUrl":"https:\/\/vosgesinfo.fr\/app\/uploads\/sites\/4\/2025\/07\/gerardmer-aventure-film-festival-2.jpg","datePublished":"2025-07-30T03:59:42+00:00","dateModified":"2025-07-30T03:59:42+00:00","breadcrumb":{"@id":"https:\/\/vosgesinfo.fr\/saintdieinfo\/2025\/07\/deuxieme-edition-du-gerardmer-aventure-film-festival\/#breadcrumb"},"inLanguage":"fr-FR","potentialAction":[{"@type":"ReadAction","target":["https:\/\/vosgesinfo.fr\/saintdieinfo\/2025\/07\/deuxieme-edition-du-gerardmer-aventure-film-festival\/"]}]},{"@type":"ImageObject","inLanguage":"fr-FR","@id":"https:\/\/vosgesinfo.fr\/saintdieinfo\/2025\/07\/deuxieme-edition-du-gerardmer-aventure-film-festival\/#primaryimage","url":"https:\/\/vosgesinfo.fr\/app\/uploads\/sites\/4\/2025\/07\/gerardmer-aventure-film-festival-2.jpg","contentUrl":"https:\/\/vosgesinfo.fr\/app\/uploads\/sites\/4\/2025\/07\/gerardmer-aventure-film-festival-2.jpg","width":2048,"height":1369},{"@type":"BreadcrumbList","@id":"https:\/\/vosgesinfo.fr\/saintdieinfo\/2025\/07\/deuxieme-edition-du-gerardmer-aventure-film-festival\/#breadcrumb","itemListElement":[{"@type":"ListItem","position":1,"name":"Home","item":"https:\/\/vosgesinfo.fr\/saintdieinfo\/"},{"@type":"ListItem","position":2,"name":"Deuxi\u00e8me \u00e9dition du G\u00e9rardmer Aventure Film Festival"}]},{"@type":"WebSite","@id":"https:\/\/vosgesinfo.fr\/saintdieinfo\/#website","url":"https:\/\/vosgesinfo.fr\/saintdieinfo\/","name":"Saint Die Info","description":"Toute l&#039;actualit\u00e9 de Saint-Di\u00e9-Des-Vosges","publisher":{"@id":"https:\/\/vosgesinfo.fr\/saintdieinfo\/#organization"},"alternateName":"Toute l'actualit\u00e9 de Saint-Di\u00e9-Des-Vosges","potentialAction":[{"@type":"SearchAction","target":{"@type":"EntryPoint","urlTemplate":"https:\/\/vosgesinfo.fr\/saintdieinfo\/?s={search_term_string}"},"query-input":"required name=search_term_string"}],"inLanguage":"fr-FR"},{"@type":"Organization","@id":"https:\/\/vosgesinfo.fr\/saintdieinfo\/#organization","name":"Saint Die Info","url":"https:\/\/vosgesinfo.fr\/saintdieinfo\/","logo":{"@type":"ImageObject","inLanguage":"fr-FR","@id":"https:\/\/vosgesinfo.fr\/saintdieinfo\/#\/schema\/logo\/image\/","url":"https:\/\/vosgesinfo.fr\/app\/uploads\/sites\/4\/2024\/02\/logo-sdi.jpg","contentUrl":"https:\/\/vosgesinfo.fr\/app\/uploads\/sites\/4\/2024\/02\/logo-sdi.jpg","width":600,"height":600,"caption":"Saint Die Info"},"image":{"@id":"https:\/\/vosgesinfo.fr\/saintdieinfo\/#\/schema\/logo\/image\/"},"sameAs":["https:\/\/www.facebook.com\/Saintdieinfofr","https:\/\/x.com\/VosgesInfo88","https:\/\/www.youtube.com\/@vosgesinfo"]},{"@type":"Person","@id":"https:\/\/vosgesinfo.fr\/saintdieinfo\/#\/schema\/person\/db5605779a843dad16b5368f3e7613a5","name":"QG","image":{"@type":"ImageObject","inLanguage":"fr-FR","@id":"https:\/\/vosgesinfo.fr\/saintdieinfo\/#\/schema\/person\/image\/","url":"https:\/\/secure.gravatar.com\/avatar\/ea80c42c204b534408512832fde52504ecabb9706bcb6151cf6175e5b64e6793?s=96&d=mm&r=g","contentUrl":"https:\/\/secure.gravatar.com\/avatar\/ea80c42c204b534408512832fde52504ecabb9706bcb6151cf6175e5b64e6793?s=96&d=mm&r=g","caption":"QG"},"url":"https:\/\/vosgesinfo.fr\/saintdieinfo\/author\/quentin88\/"}]}},"_links":{"self":[{"href":"https:\/\/vosgesinfo.fr\/saintdieinfo\/wp-json\/wp\/v2\/posts\/80748","targetHints":{"allow":["GET"]}}],"collection":[{"href":"https:\/\/vosgesinfo.fr\/saintdieinfo\/wp-json\/wp\/v2\/posts"}],"about":[{"href":"https:\/\/vosgesinfo.fr\/saintdieinfo\/wp-json\/wp\/v2\/types\/post"}],"author":[{"embeddable":true,"href":"https:\/\/vosgesinfo.fr\/saintdieinfo\/wp-json\/wp\/v2\/users\/42"}],"replies":[{"embeddable":true,"href":"https:\/\/vosgesinfo.fr\/saintdieinfo\/wp-json\/wp\/v2\/comments?post=80748"}],"version-history":[{"count":0,"href":"https:\/\/vosgesinfo.fr\/saintdieinfo\/wp-json\/wp\/v2\/posts\/80748\/revisions"}],"wp:featuredmedia":[{"embeddable":true,"href":"https:\/\/vosgesinfo.fr\/saintdieinfo\/wp-json\/wp\/v2\/media\/80749"}],"wp:attachment":[{"href":"https:\/\/vosgesinfo.fr\/saintdieinfo\/wp-json\/wp\/v2\/media?parent=80748"}],"wp:term":[{"taxonomy":"category","embeddable":true,"href":"https:\/\/vosgesinfo.fr\/saintdieinfo\/wp-json\/wp\/v2\/categories?post=80748"},{"taxonomy":"post_tag","embeddable":true,"href":"https:\/\/vosgesinfo.fr\/saintdieinfo\/wp-json\/wp\/v2\/tags?post=80748"}],"curies":[{"name":"wp","href":"https:\/\/api.w.org\/{rel}","templated":true}]}}