{"id":80755,"date":"2025-07-29T18:20:52","date_gmt":"2025-07-29T16:20:52","guid":{"rendered":"https:\/\/vosgesinfo.fr\/saintdieinfo\/?p=80755"},"modified":"2025-07-31T12:17:07","modified_gmt":"2025-07-31T10:17:07","slug":"du-mobilier-urbain-vegetal-pour-renaturer-une-place-deodatienne","status":"publish","type":"post","link":"https:\/\/vosgesinfo.fr\/saintdieinfo\/2025\/07\/du-mobilier-urbain-vegetal-pour-renaturer-une-place-deodatienne\/","title":{"rendered":"Du mobilier urbain v\u00e9g\u00e9tal pour renaturer une place d\u00e9odatienne"},"content":{"rendered":"<h3><a href=\"https:\/\/vosgesinfo.fr\/app\/uploads\/sites\/4\/2025\/07\/mobilier-urbain-ecologique-kellermann-2.jpg\"><img decoding=\"async\" class=\"alignnone size-large wp-image-80757\" src=\"https:\/\/vosgesinfo.fr\/app\/uploads\/sites\/4\/2025\/07\/mobilier-urbain-ecologique-kellermann-2-1024x771.jpg\" alt=\"\" width=\"1024\" height=\"771\" srcset=\"https:\/\/vosgesinfo.fr\/app\/uploads\/sites\/4\/2025\/07\/mobilier-urbain-ecologique-kellermann-2-1024x771.jpg 1024w, https:\/\/vosgesinfo.fr\/app\/uploads\/sites\/4\/2025\/07\/mobilier-urbain-ecologique-kellermann-2-300x226.jpg 300w, https:\/\/vosgesinfo.fr\/app\/uploads\/sites\/4\/2025\/07\/mobilier-urbain-ecologique-kellermann-2-768x578.jpg 768w, https:\/\/vosgesinfo.fr\/app\/uploads\/sites\/4\/2025\/07\/mobilier-urbain-ecologique-kellermann-2-1536x1157.jpg 1536w, https:\/\/vosgesinfo.fr\/app\/uploads\/sites\/4\/2025\/07\/mobilier-urbain-ecologique-kellermann-2.jpg 1600w\" sizes=\"(max-width: 1024px) 100vw, 1024px\" \/><\/a><\/h3>\n<h2>C&rsquo;est un <strong>mobilier urbain \u00e9cologique, \u00e0 la fois v\u00e9g\u00e9tal et 100\u202f% recyclable,<\/strong>\u00a0qui est am\u00e9nag\u00e9 depuis <strong>ce mardi matin<\/strong> sur la <strong>place Salvador-Allende de Kellermann<\/strong>.<\/h2>\n<p><!--more--><\/p>\n<h3><strong>Du mobilier urbain entre carton, terre, compost et gazon<\/strong><\/h3>\n<p>Compos\u00e9 de <strong>carton recycl\u00e9 et recyclable, de terre v\u00e9g\u00e9tale argileuse, de compost et de semis de gazons<\/strong>, les <strong>2 grands transats<\/strong>, les <strong>4 si\u00e8ges<\/strong> et les <strong>4 tables<\/strong> ont \u00e9t\u00e9 con\u00e7us et sont install\u00e9s par <strong>7 jeunes du dispositif Quartiers 2030<\/strong>, \u00e2g\u00e9s de <strong>18 \u00e0 25 ans.<\/strong>\u00a0Concr\u00e8tement, le <strong>gazon va prendre racine rapidement<\/strong>, d&rsquo;ici une <strong>dizaine de jours<\/strong>, tandis que le carton utilis\u00e9 pour la structure des mobiliers va <strong>se d\u00e9sagr\u00e9ger progressivement avec l&rsquo;humidit\u00e9<\/strong>.<\/p>\n<h3><strong>Un projet dans le cadre du nouveau Contrat de Ville<\/strong><\/h3>\n<p>S&rsquo;inscrivant dans le cadre du <a href=\"https:\/\/vosgesinfo.fr\/saintdieinfo\/2024\/09\/un-nouveau-chapitre-souvre-pour-les-quartiers-prioritaires-de-saint-die-des-vosges\/\" target=\"_blank\" rel=\"noopener\"><strong>nouveau Contrat de Ville 2024-2030 de Saint-Di\u00e9-des-Vosges<\/strong><\/a>, ce projet <strong>financ\u00e9 au titre de la Politique de la Ville<\/strong> a \u00e9t\u00e9 men\u00e9 sous la houlette de la <strong>P\u00e9pini\u00e8re d&rsquo;Entreprises de Saint-Di\u00e9-des-Vosges<\/strong>, qui s&rsquo;est notamment sp\u00e9cialis\u00e9e dans la r\u00e9alisation d&rsquo;\u00e9l\u00e9ments en carton. <strong>Dont du mobilier, mais pas que.<\/strong><\/p>\n<h3><strong>Une conception accompagn\u00e9e par une designer<\/strong><\/h3>\n<p>Si le projet s&rsquo;est mat\u00e9rialis\u00e9 <strong>en d\u00e9but d&rsquo;ann\u00e9e<\/strong>, en janvier, il s&rsquo;est <strong>concr\u00e9tis\u00e9 le mois dernier<\/strong>. Durant une <strong>vingtaine de jours<\/strong>, soit chaque jour de la semaine de juin, les <strong>7 jeunes concern\u00e9s se sont rendus, volontairement et b\u00e9n\u00e9volement, \u00e0 la P\u00e9pini\u00e8re d&rsquo;Entreprises<\/strong> pour concevoir les diff\u00e9rents mobiliers aux c\u00f4t\u00e9s de <strong>Ang\u00e9lique Milot<\/strong>.<strong> La designer<\/strong>, dont la start-up <strong>ArcCare<\/strong> est install\u00e9e \u00e0 la P\u00e9pini\u00e8re d&rsquo;Entreprises, a apport\u00e9 le <strong>cadre n\u00e9cessaire \u00e0 la finalisation des mobiliers imagin\u00e9s par les jeunes<\/strong>. Pour la partie am\u00e9nagement sur le terrain, ils sont \u00e9galement aid\u00e9s par <strong>le Jardin de l&rsquo;Humus d&rsquo;Anould.<\/strong><\/p>\n<h3><strong>Renaturer la place Salvador-Allende<\/strong><\/h3>\n<p>L&rsquo;id\u00e9e derri\u00e8re ce <strong>mobilier urbain \u00e9co-responsable<\/strong> \u00e9tant de <strong>contribuer \u00e0 la renaturation de la place Salvador-Allende<\/strong>&#8230; et par extension de <strong>contribuer \u00e0 sa r\u00e9appropriation par les habitants du quartier<\/strong>. L&rsquo;id\u00e9e \u00e9tait aussi <strong>d&rsquo;amener les jeunes \u00e0 travailler sur un projet de A \u00e0 Z<\/strong>, de sa <strong>conception \u00e0 sa r\u00e9alisation<\/strong>. Le tout en sachant que ce mobilier urbain \u00e9coresponsable pourrait se <strong>d\u00e9cliner ailleurs \u00e0 Saint-Di\u00e9-des-Vosges<\/strong>&#8230; voire <strong>\u00eatre propos\u00e9 \u00e0 d&rsquo;autres collectivit\u00e9s<\/strong>. Affaire \u00e0 suivre !<\/p>\n\n\t\t<style type=\"text\/css\">\n\t\t\t#gallery-1 {\n\t\t\t\tmargin: auto;\n\t\t\t}\n\t\t\t#gallery-1 .gallery-item {\n\t\t\t\tfloat: left;\n\t\t\t\tmargin-top: 10px;\n\t\t\t\ttext-align: center;\n\t\t\t\twidth: 33%;\n\t\t\t}\n\t\t\t#gallery-1 img {\n\t\t\t\tborder: 2px solid #cfcfcf;\n\t\t\t}\n\t\t\t#gallery-1 .gallery-caption {\n\t\t\t\tmargin-left: 0;\n\t\t\t}\n\t\t\t\/* see gallery_shortcode() in wp-includes\/media.php *\/\n\t\t<\/style>\n\t\t<div id='gallery-1' class='gallery galleryid-80755 gallery-columns-3 gallery-size-thumbnail'><dl class='gallery-item'>\n\t\t\t<dt class='gallery-icon landscape'>\n\t\t\t\t<a href='https:\/\/vosgesinfo.fr\/app\/uploads\/sites\/4\/2025\/07\/mobilier-urbain-ecologique-kellermann-4.jpg'><img decoding=\"async\" width=\"150\" height=\"150\" src=\"https:\/\/vosgesinfo.fr\/app\/uploads\/sites\/4\/2025\/07\/mobilier-urbain-ecologique-kellermann-4-150x150.jpg\" class=\"attachment-thumbnail size-thumbnail\" alt=\"\" \/><\/a>\n\t\t\t<\/dt><\/dl><dl class='gallery-item'>\n\t\t\t<dt class='gallery-icon landscape'>\n\t\t\t\t<a href='https:\/\/vosgesinfo.fr\/app\/uploads\/sites\/4\/2025\/07\/mobilier-urbain-ecologique-kellermann-5.jpg'><img decoding=\"async\" width=\"150\" height=\"150\" src=\"https:\/\/vosgesinfo.fr\/app\/uploads\/sites\/4\/2025\/07\/mobilier-urbain-ecologique-kellermann-5-150x150.jpg\" class=\"attachment-thumbnail size-thumbnail\" alt=\"\" \/><\/a>\n\t\t\t<\/dt><\/dl><dl class='gallery-item'>\n\t\t\t<dt class='gallery-icon landscape'>\n\t\t\t\t<a href='https:\/\/vosgesinfo.fr\/app\/uploads\/sites\/4\/2025\/07\/mobilier-urbain-ecologique-kellermann-1.jpg'><img decoding=\"async\" width=\"150\" height=\"150\" src=\"https:\/\/vosgesinfo.fr\/app\/uploads\/sites\/4\/2025\/07\/mobilier-urbain-ecologique-kellermann-1-150x150.jpg\" class=\"attachment-thumbnail size-thumbnail\" alt=\"\" \/><\/a>\n\t\t\t<\/dt><\/dl><br style=\"clear: both\" \/><dl class='gallery-item'>\n\t\t\t<dt class='gallery-icon landscape'>\n\t\t\t\t<a href='https:\/\/vosgesinfo.fr\/app\/uploads\/sites\/4\/2025\/07\/mobilier-urbain-ecologique-kellermann-6.jpg'><img decoding=\"async\" width=\"150\" height=\"150\" src=\"https:\/\/vosgesinfo.fr\/app\/uploads\/sites\/4\/2025\/07\/mobilier-urbain-ecologique-kellermann-6-150x150.jpg\" class=\"attachment-thumbnail size-thumbnail\" alt=\"\" \/><\/a>\n\t\t\t<\/dt><\/dl><dl class='gallery-item'>\n\t\t\t<dt class='gallery-icon landscape'>\n\t\t\t\t<a href='https:\/\/vosgesinfo.fr\/app\/uploads\/sites\/4\/2025\/07\/mobilier-urbain-ecologique-kellermann-7.jpg'><img decoding=\"async\" width=\"150\" height=\"150\" src=\"https:\/\/vosgesinfo.fr\/app\/uploads\/sites\/4\/2025\/07\/mobilier-urbain-ecologique-kellermann-7-150x150.jpg\" class=\"attachment-thumbnail size-thumbnail\" alt=\"\" \/><\/a>\n\t\t\t<\/dt><\/dl><dl class='gallery-item'>\n\t\t\t<dt class='gallery-icon landscape'>\n\t\t\t\t<a href='https:\/\/vosgesinfo.fr\/app\/uploads\/sites\/4\/2025\/07\/mobilier-urbain-ecologique-kellermann-8.jpg'><img decoding=\"async\" width=\"150\" height=\"150\" src=\"https:\/\/vosgesinfo.fr\/app\/uploads\/sites\/4\/2025\/07\/mobilier-urbain-ecologique-kellermann-8-150x150.jpg\" class=\"attachment-thumbnail size-thumbnail\" alt=\"\" \/><\/a>\n\t\t\t<\/dt><\/dl><br style=\"clear: both\" \/>\n\t\t<\/div>\n\n","protected":false},"excerpt":{"rendered":"<p>C&rsquo;est un mobilier urbain \u00e9cologique, \u00e0 la fois v\u00e9g\u00e9tal et 100\u202f% recyclable,\u00a0qui est am\u00e9nag\u00e9 depuis ce mardi matin sur la [&hellip;]<\/p>\n","protected":false},"author":46,"featured_media":80757,"comment_status":"open","ping_status":"open","sticky":false,"template":"","format":"standard","meta":{"footnotes":""},"categories":[460,7,167],"tags":[17923,17922,4080,6820,3260,2971],"class_list":["post-80755","post","type-post","status-publish","format-standard","has-post-thumbnail","hentry","category-a-la-une","category-environnement","category-saint-die-des-vosges","tag-arccare","tag-nouveau-contrat-de-ville-2024-2030","tag-pepiniere-dentreprises-de-saint-die-des-vosges","tag-place-salvador-allende","tag-politique-de-la-ville","tag-quartier-kellermann"],"acf":[],"yoast_head":"<!-- This site is optimized with the Yoast SEO plugin v22.5 - https:\/\/yoast.com\/wordpress\/plugins\/seo\/ -->\n<title>Du mobilier urbain v\u00e9g\u00e9tal pour renaturer une place d\u00e9odatienne - Saint Die Info<\/title>\n<meta name=\"robots\" content=\"index, follow, max-snippet:-1, max-image-preview:large, max-video-preview:-1\" \/>\n<link rel=\"canonical\" href=\"https:\/\/vosgesinfo.fr\/saintdieinfo\/2025\/07\/du-mobilier-urbain-vegetal-pour-renaturer-une-place-deodatienne\/\" \/>\n<meta name=\"twitter:card\" content=\"summary_large_image\" \/>\n<meta name=\"twitter:title\" content=\"Du mobilier urbain v\u00e9g\u00e9tal pour renaturer une place d\u00e9odatienne - Saint Die Info\" \/>\n<meta name=\"twitter:description\" content=\"C&rsquo;est un mobilier urbain \u00e9cologique, \u00e0 la fois v\u00e9g\u00e9tal et 100\u202f% recyclable,\u00a0qui est am\u00e9nag\u00e9 depuis ce mardi matin sur la [&hellip;]\" \/>\n<meta name=\"twitter:image\" content=\"https:\/\/vosgesinfo.fr\/app\/uploads\/sites\/4\/2025\/07\/mobilier-urbain-ecologique-kellermann-2.jpg\" \/>\n<meta name=\"twitter:creator\" content=\"@VosgesInfo88\" \/>\n<meta name=\"twitter:site\" content=\"@VosgesInfo88\" \/>\n<meta name=\"twitter:label1\" content=\"\u00c9crit par\" \/>\n\t<meta name=\"twitter:data1\" content=\"J.J.\" \/>\n\t<meta name=\"twitter:label2\" content=\"Dur\u00e9e de lecture estim\u00e9e\" \/>\n\t<meta name=\"twitter:data2\" content=\"3 minutes\" \/>\n<script type=\"application\/ld+json\" class=\"yoast-schema-graph\">{\"@context\":\"https:\/\/schema.org\",\"@graph\":[{\"@type\":\"Article\",\"@id\":\"https:\/\/vosgesinfo.fr\/saintdieinfo\/2025\/07\/du-mobilier-urbain-vegetal-pour-renaturer-une-place-deodatienne\/#article\",\"isPartOf\":{\"@id\":\"https:\/\/vosgesinfo.fr\/saintdieinfo\/2025\/07\/du-mobilier-urbain-vegetal-pour-renaturer-une-place-deodatienne\/\"},\"author\":{\"name\":\"J.J.\",\"@id\":\"https:\/\/vosgesinfo.fr\/saintdieinfo\/#\/schema\/person\/fa73e9f726d67bb88f46d5b7943cb572\"},\"headline\":\"Du mobilier urbain v\u00e9g\u00e9tal pour renaturer une place d\u00e9odatienne\",\"datePublished\":\"2025-07-29T16:20:52+00:00\",\"dateModified\":\"2025-07-31T10:17:07+00:00\",\"mainEntityOfPage\":{\"@id\":\"https:\/\/vosgesinfo.fr\/saintdieinfo\/2025\/07\/du-mobilier-urbain-vegetal-pour-renaturer-une-place-deodatienne\/\"},\"wordCount\":411,\"commentCount\":0,\"publisher\":{\"@id\":\"https:\/\/vosgesinfo.fr\/saintdieinfo\/#organization\"},\"image\":{\"@id\":\"https:\/\/vosgesinfo.fr\/saintdieinfo\/2025\/07\/du-mobilier-urbain-vegetal-pour-renaturer-une-place-deodatienne\/#primaryimage\"},\"thumbnailUrl\":\"https:\/\/vosgesinfo.fr\/app\/uploads\/sites\/4\/2025\/07\/mobilier-urbain-ecologique-kellermann-2.jpg\",\"keywords\":[\"ArcCare\",\"Nouveau Contrat de Ville 2024-2030\",\"P\u00e9pini\u00e8re d'entreprises de Saint-Di\u00e9-des-Vosges\",\"Place Salvador-Allende\",\"Politique de la Ville\",\"Quartier Kellermann\"],\"articleSection\":[\"A la Une\",\"Environnement\",\"Saint-Di\u00e9-des-Vosges\"],\"inLanguage\":\"fr-FR\",\"potentialAction\":[{\"@type\":\"CommentAction\",\"name\":\"Comment\",\"target\":[\"https:\/\/vosgesinfo.fr\/saintdieinfo\/2025\/07\/du-mobilier-urbain-vegetal-pour-renaturer-une-place-deodatienne\/#respond\"]}]},{\"@type\":\"WebPage\",\"@id\":\"https:\/\/vosgesinfo.fr\/saintdieinfo\/2025\/07\/du-mobilier-urbain-vegetal-pour-renaturer-une-place-deodatienne\/\",\"url\":\"https:\/\/vosgesinfo.fr\/saintdieinfo\/2025\/07\/du-mobilier-urbain-vegetal-pour-renaturer-une-place-deodatienne\/\",\"name\":\"Du mobilier urbain v\u00e9g\u00e9tal pour renaturer une place d\u00e9odatienne - Saint Die Info\",\"isPartOf\":{\"@id\":\"https:\/\/vosgesinfo.fr\/saintdieinfo\/#website\"},\"primaryImageOfPage\":{\"@id\":\"https:\/\/vosgesinfo.fr\/saintdieinfo\/2025\/07\/du-mobilier-urbain-vegetal-pour-renaturer-une-place-deodatienne\/#primaryimage\"},\"image\":{\"@id\":\"https:\/\/vosgesinfo.fr\/saintdieinfo\/2025\/07\/du-mobilier-urbain-vegetal-pour-renaturer-une-place-deodatienne\/#primaryimage\"},\"thumbnailUrl\":\"https:\/\/vosgesinfo.fr\/app\/uploads\/sites\/4\/2025\/07\/mobilier-urbain-ecologique-kellermann-2.jpg\",\"datePublished\":\"2025-07-29T16:20:52+00:00\",\"dateModified\":\"2025-07-31T10:17:07+00:00\",\"breadcrumb\":{\"@id\":\"https:\/\/vosgesinfo.fr\/saintdieinfo\/2025\/07\/du-mobilier-urbain-vegetal-pour-renaturer-une-place-deodatienne\/#breadcrumb\"},\"inLanguage\":\"fr-FR\",\"potentialAction\":[{\"@type\":\"ReadAction\",\"target\":[\"https:\/\/vosgesinfo.fr\/saintdieinfo\/2025\/07\/du-mobilier-urbain-vegetal-pour-renaturer-une-place-deodatienne\/\"]}]},{\"@type\":\"ImageObject\",\"inLanguage\":\"fr-FR\",\"@id\":\"https:\/\/vosgesinfo.fr\/saintdieinfo\/2025\/07\/du-mobilier-urbain-vegetal-pour-renaturer-une-place-deodatienne\/#primaryimage\",\"url\":\"https:\/\/vosgesinfo.fr\/app\/uploads\/sites\/4\/2025\/07\/mobilier-urbain-ecologique-kellermann-2.jpg\",\"contentUrl\":\"https:\/\/vosgesinfo.fr\/app\/uploads\/sites\/4\/2025\/07\/mobilier-urbain-ecologique-kellermann-2.jpg\",\"width\":1600,\"height\":1205},{\"@type\":\"BreadcrumbList\",\"@id\":\"https:\/\/vosgesinfo.fr\/saintdieinfo\/2025\/07\/du-mobilier-urbain-vegetal-pour-renaturer-une-place-deodatienne\/#breadcrumb\",\"itemListElement\":[{\"@type\":\"ListItem\",\"position\":1,\"name\":\"Home\",\"item\":\"https:\/\/vosgesinfo.fr\/saintdieinfo\/\"},{\"@type\":\"ListItem\",\"position\":2,\"name\":\"Du mobilier urbain v\u00e9g\u00e9tal pour renaturer une place d\u00e9odatienne\"}]},{\"@type\":\"WebSite\",\"@id\":\"https:\/\/vosgesinfo.fr\/saintdieinfo\/#website\",\"url\":\"https:\/\/vosgesinfo.fr\/saintdieinfo\/\",\"name\":\"Saint Die Info\",\"description\":\"Toute l&#039;actualit\u00e9 de Saint-Di\u00e9-Des-Vosges\",\"publisher\":{\"@id\":\"https:\/\/vosgesinfo.fr\/saintdieinfo\/#organization\"},\"alternateName\":\"Toute l'actualit\u00e9 de Saint-Di\u00e9-Des-Vosges\",\"potentialAction\":[{\"@type\":\"SearchAction\",\"target\":{\"@type\":\"EntryPoint\",\"urlTemplate\":\"https:\/\/vosgesinfo.fr\/saintdieinfo\/?s={search_term_string}\"},\"query-input\":\"required name=search_term_string\"}],\"inLanguage\":\"fr-FR\"},{\"@type\":\"Organization\",\"@id\":\"https:\/\/vosgesinfo.fr\/saintdieinfo\/#organization\",\"name\":\"Saint Die Info\",\"url\":\"https:\/\/vosgesinfo.fr\/saintdieinfo\/\",\"logo\":{\"@type\":\"ImageObject\",\"inLanguage\":\"fr-FR\",\"@id\":\"https:\/\/vosgesinfo.fr\/saintdieinfo\/#\/schema\/logo\/image\/\",\"url\":\"https:\/\/vosgesinfo.fr\/app\/uploads\/sites\/4\/2024\/02\/logo-sdi.jpg\",\"contentUrl\":\"https:\/\/vosgesinfo.fr\/app\/uploads\/sites\/4\/2024\/02\/logo-sdi.jpg\",\"width\":600,\"height\":600,\"caption\":\"Saint Die Info\"},\"image\":{\"@id\":\"https:\/\/vosgesinfo.fr\/saintdieinfo\/#\/schema\/logo\/image\/\"},\"sameAs\":[\"https:\/\/www.facebook.com\/Saintdieinfofr\",\"https:\/\/x.com\/VosgesInfo88\",\"https:\/\/www.youtube.com\/@vosgesinfo\"]},{\"@type\":\"Person\",\"@id\":\"https:\/\/vosgesinfo.fr\/saintdieinfo\/#\/schema\/person\/fa73e9f726d67bb88f46d5b7943cb572\",\"name\":\"J.J.\",\"image\":{\"@type\":\"ImageObject\",\"inLanguage\":\"fr-FR\",\"@id\":\"https:\/\/vosgesinfo.fr\/saintdieinfo\/#\/schema\/person\/image\/\",\"url\":\"https:\/\/secure.gravatar.com\/avatar\/219e749e47ffbcca018a360ae4add7d4cdf1cdaaf8bc7676b27efade3fe65615?s=96&d=mm&r=g\",\"contentUrl\":\"https:\/\/secure.gravatar.com\/avatar\/219e749e47ffbcca018a360ae4add7d4cdf1cdaaf8bc7676b27efade3fe65615?s=96&d=mm&r=g\",\"caption\":\"J.J.\"},\"url\":\"https:\/\/vosgesinfo.fr\/saintdieinfo\/author\/j-j\/\"}]}<\/script>\n<!-- \/ Yoast SEO plugin. -->","yoast_head_json":{"title":"Du mobilier urbain v\u00e9g\u00e9tal pour renaturer une place d\u00e9odatienne - Saint Die Info","robots":{"index":"index","follow":"follow","max-snippet":"max-snippet:-1","max-image-preview":"max-image-preview:large","max-video-preview":"max-video-preview:-1"},"canonical":"https:\/\/vosgesinfo.fr\/saintdieinfo\/2025\/07\/du-mobilier-urbain-vegetal-pour-renaturer-une-place-deodatienne\/","twitter_card":"summary_large_image","twitter_title":"Du mobilier urbain v\u00e9g\u00e9tal pour renaturer une place d\u00e9odatienne - Saint Die Info","twitter_description":"C&rsquo;est un mobilier urbain \u00e9cologique, \u00e0 la fois v\u00e9g\u00e9tal et 100\u202f% recyclable,\u00a0qui est am\u00e9nag\u00e9 depuis ce mardi matin sur la [&hellip;]","twitter_image":"https:\/\/vosgesinfo.fr\/app\/uploads\/sites\/4\/2025\/07\/mobilier-urbain-ecologique-kellermann-2.jpg","twitter_creator":"@VosgesInfo88","twitter_site":"@VosgesInfo88","twitter_misc":{"\u00c9crit par":"J.J.","Dur\u00e9e de lecture estim\u00e9e":"3 minutes"},"schema":{"@context":"https:\/\/schema.org","@graph":[{"@type":"Article","@id":"https:\/\/vosgesinfo.fr\/saintdieinfo\/2025\/07\/du-mobilier-urbain-vegetal-pour-renaturer-une-place-deodatienne\/#article","isPartOf":{"@id":"https:\/\/vosgesinfo.fr\/saintdieinfo\/2025\/07\/du-mobilier-urbain-vegetal-pour-renaturer-une-place-deodatienne\/"},"author":{"name":"J.J.","@id":"https:\/\/vosgesinfo.fr\/saintdieinfo\/#\/schema\/person\/fa73e9f726d67bb88f46d5b7943cb572"},"headline":"Du mobilier urbain v\u00e9g\u00e9tal pour renaturer une place d\u00e9odatienne","datePublished":"2025-07-29T16:20:52+00:00","dateModified":"2025-07-31T10:17:07+00:00","mainEntityOfPage":{"@id":"https:\/\/vosgesinfo.fr\/saintdieinfo\/2025\/07\/du-mobilier-urbain-vegetal-pour-renaturer-une-place-deodatienne\/"},"wordCount":411,"commentCount":0,"publisher":{"@id":"https:\/\/vosgesinfo.fr\/saintdieinfo\/#organization"},"image":{"@id":"https:\/\/vosgesinfo.fr\/saintdieinfo\/2025\/07\/du-mobilier-urbain-vegetal-pour-renaturer-une-place-deodatienne\/#primaryimage"},"thumbnailUrl":"https:\/\/vosgesinfo.fr\/app\/uploads\/sites\/4\/2025\/07\/mobilier-urbain-ecologique-kellermann-2.jpg","keywords":["ArcCare","Nouveau Contrat de Ville 2024-2030","P\u00e9pini\u00e8re d'entreprises de Saint-Di\u00e9-des-Vosges","Place Salvador-Allende","Politique de la Ville","Quartier Kellermann"],"articleSection":["A la Une","Environnement","Saint-Di\u00e9-des-Vosges"],"inLanguage":"fr-FR","potentialAction":[{"@type":"CommentAction","name":"Comment","target":["https:\/\/vosgesinfo.fr\/saintdieinfo\/2025\/07\/du-mobilier-urbain-vegetal-pour-renaturer-une-place-deodatienne\/#respond"]}]},{"@type":"WebPage","@id":"https:\/\/vosgesinfo.fr\/saintdieinfo\/2025\/07\/du-mobilier-urbain-vegetal-pour-renaturer-une-place-deodatienne\/","url":"https:\/\/vosgesinfo.fr\/saintdieinfo\/2025\/07\/du-mobilier-urbain-vegetal-pour-renaturer-une-place-deodatienne\/","name":"Du mobilier urbain v\u00e9g\u00e9tal pour renaturer une place d\u00e9odatienne - Saint Die Info","isPartOf":{"@id":"https:\/\/vosgesinfo.fr\/saintdieinfo\/#website"},"primaryImageOfPage":{"@id":"https:\/\/vosgesinfo.fr\/saintdieinfo\/2025\/07\/du-mobilier-urbain-vegetal-pour-renaturer-une-place-deodatienne\/#primaryimage"},"image":{"@id":"https:\/\/vosgesinfo.fr\/saintdieinfo\/2025\/07\/du-mobilier-urbain-vegetal-pour-renaturer-une-place-deodatienne\/#primaryimage"},"thumbnailUrl":"https:\/\/vosgesinfo.fr\/app\/uploads\/sites\/4\/2025\/07\/mobilier-urbain-ecologique-kellermann-2.jpg","datePublished":"2025-07-29T16:20:52+00:00","dateModified":"2025-07-31T10:17:07+00:00","breadcrumb":{"@id":"https:\/\/vosgesinfo.fr\/saintdieinfo\/2025\/07\/du-mobilier-urbain-vegetal-pour-renaturer-une-place-deodatienne\/#breadcrumb"},"inLanguage":"fr-FR","potentialAction":[{"@type":"ReadAction","target":["https:\/\/vosgesinfo.fr\/saintdieinfo\/2025\/07\/du-mobilier-urbain-vegetal-pour-renaturer-une-place-deodatienne\/"]}]},{"@type":"ImageObject","inLanguage":"fr-FR","@id":"https:\/\/vosgesinfo.fr\/saintdieinfo\/2025\/07\/du-mobilier-urbain-vegetal-pour-renaturer-une-place-deodatienne\/#primaryimage","url":"https:\/\/vosgesinfo.fr\/app\/uploads\/sites\/4\/2025\/07\/mobilier-urbain-ecologique-kellermann-2.jpg","contentUrl":"https:\/\/vosgesinfo.fr\/app\/uploads\/sites\/4\/2025\/07\/mobilier-urbain-ecologique-kellermann-2.jpg","width":1600,"height":1205},{"@type":"BreadcrumbList","@id":"https:\/\/vosgesinfo.fr\/saintdieinfo\/2025\/07\/du-mobilier-urbain-vegetal-pour-renaturer-une-place-deodatienne\/#breadcrumb","itemListElement":[{"@type":"ListItem","position":1,"name":"Home","item":"https:\/\/vosgesinfo.fr\/saintdieinfo\/"},{"@type":"ListItem","position":2,"name":"Du mobilier urbain v\u00e9g\u00e9tal pour renaturer une place d\u00e9odatienne"}]},{"@type":"WebSite","@id":"https:\/\/vosgesinfo.fr\/saintdieinfo\/#website","url":"https:\/\/vosgesinfo.fr\/saintdieinfo\/","name":"Saint Die Info","description":"Toute l&#039;actualit\u00e9 de Saint-Di\u00e9-Des-Vosges","publisher":{"@id":"https:\/\/vosgesinfo.fr\/saintdieinfo\/#organization"},"alternateName":"Toute l'actualit\u00e9 de Saint-Di\u00e9-Des-Vosges","potentialAction":[{"@type":"SearchAction","target":{"@type":"EntryPoint","urlTemplate":"https:\/\/vosgesinfo.fr\/saintdieinfo\/?s={search_term_string}"},"query-input":"required name=search_term_string"}],"inLanguage":"fr-FR"},{"@type":"Organization","@id":"https:\/\/vosgesinfo.fr\/saintdieinfo\/#organization","name":"Saint Die Info","url":"https:\/\/vosgesinfo.fr\/saintdieinfo\/","logo":{"@type":"ImageObject","inLanguage":"fr-FR","@id":"https:\/\/vosgesinfo.fr\/saintdieinfo\/#\/schema\/logo\/image\/","url":"https:\/\/vosgesinfo.fr\/app\/uploads\/sites\/4\/2024\/02\/logo-sdi.jpg","contentUrl":"https:\/\/vosgesinfo.fr\/app\/uploads\/sites\/4\/2024\/02\/logo-sdi.jpg","width":600,"height":600,"caption":"Saint Die Info"},"image":{"@id":"https:\/\/vosgesinfo.fr\/saintdieinfo\/#\/schema\/logo\/image\/"},"sameAs":["https:\/\/www.facebook.com\/Saintdieinfofr","https:\/\/x.com\/VosgesInfo88","https:\/\/www.youtube.com\/@vosgesinfo"]},{"@type":"Person","@id":"https:\/\/vosgesinfo.fr\/saintdieinfo\/#\/schema\/person\/fa73e9f726d67bb88f46d5b7943cb572","name":"J.J.","image":{"@type":"ImageObject","inLanguage":"fr-FR","@id":"https:\/\/vosgesinfo.fr\/saintdieinfo\/#\/schema\/person\/image\/","url":"https:\/\/secure.gravatar.com\/avatar\/219e749e47ffbcca018a360ae4add7d4cdf1cdaaf8bc7676b27efade3fe65615?s=96&d=mm&r=g","contentUrl":"https:\/\/secure.gravatar.com\/avatar\/219e749e47ffbcca018a360ae4add7d4cdf1cdaaf8bc7676b27efade3fe65615?s=96&d=mm&r=g","caption":"J.J."},"url":"https:\/\/vosgesinfo.fr\/saintdieinfo\/author\/j-j\/"}]}},"_links":{"self":[{"href":"https:\/\/vosgesinfo.fr\/saintdieinfo\/wp-json\/wp\/v2\/posts\/80755","targetHints":{"allow":["GET"]}}],"collection":[{"href":"https:\/\/vosgesinfo.fr\/saintdieinfo\/wp-json\/wp\/v2\/posts"}],"about":[{"href":"https:\/\/vosgesinfo.fr\/saintdieinfo\/wp-json\/wp\/v2\/types\/post"}],"author":[{"embeddable":true,"href":"https:\/\/vosgesinfo.fr\/saintdieinfo\/wp-json\/wp\/v2\/users\/46"}],"replies":[{"embeddable":true,"href":"https:\/\/vosgesinfo.fr\/saintdieinfo\/wp-json\/wp\/v2\/comments?post=80755"}],"version-history":[{"count":2,"href":"https:\/\/vosgesinfo.fr\/saintdieinfo\/wp-json\/wp\/v2\/posts\/80755\/revisions"}],"predecessor-version":[{"id":80816,"href":"https:\/\/vosgesinfo.fr\/saintdieinfo\/wp-json\/wp\/v2\/posts\/80755\/revisions\/80816"}],"wp:featuredmedia":[{"embeddable":true,"href":"https:\/\/vosgesinfo.fr\/saintdieinfo\/wp-json\/wp\/v2\/media\/80757"}],"wp:attachment":[{"href":"https:\/\/vosgesinfo.fr\/saintdieinfo\/wp-json\/wp\/v2\/media?parent=80755"}],"wp:term":[{"taxonomy":"category","embeddable":true,"href":"https:\/\/vosgesinfo.fr\/saintdieinfo\/wp-json\/wp\/v2\/categories?post=80755"},{"taxonomy":"post_tag","embeddable":true,"href":"https:\/\/vosgesinfo.fr\/saintdieinfo\/wp-json\/wp\/v2\/tags?post=80755"}],"curies":[{"name":"wp","href":"https:\/\/api.w.org\/{rel}","templated":true}]}}