{"id":80766,"date":"2025-07-30T08:45:23","date_gmt":"2025-07-30T06:45:23","guid":{"rendered":"https:\/\/vosgesinfo.fr\/saintdieinfo\/?p=80766"},"modified":"2025-07-30T08:30:54","modified_gmt":"2025-07-30T06:30:54","slug":"ban-sur-meurthe-clfecy-de-grands-noms-du-punk-rock-pour-la-9e-edition-de-clefcyrock","status":"publish","type":"post","link":"https:\/\/vosgesinfo.fr\/saintdieinfo\/2025\/07\/ban-sur-meurthe-clfecy-de-grands-noms-du-punk-rock-pour-la-9e-edition-de-clefcyrock\/","title":{"rendered":"Ban-sur-Meurthe-Clfecy \u2013 De grands noms du punk-rock pour la 9e \u00e9dition de ClefcyRock"},"content":{"rendered":"<h2 data-start=\"43\" data-end=\"231\"><strong>Samedi 9 ao\u00fbt<\/strong>, la commune de <strong data-start=\"72\" data-end=\"100\">Ban-sur-Meurthe-Clefcy<\/strong> vibrera au rythme du <strong data-start=\"122\" data-end=\"142\">punk-rock engag\u00e9<\/strong>\u00a0\u00e0 l&rsquo;occasion de la 9e \u00e9dition du festival <strong data-start=\"174\" data-end=\"188\">ClefcyRock<\/strong>. Un festival vosgien organis\u00e9 par <strong data-start=\"204\" data-end=\"230\">Les Enfants du Rock 88<\/strong>.<\/h2>\n<p data-start=\"43\" data-end=\"231\"><!--more--><\/p>\n<p data-start=\"233\" data-end=\"433\">Parmi les t\u00eates d&rsquo;affiche de cette \u00e9dition : <strong data-start=\"278\" data-end=\"306\">Les Ramoneurs de Menhirs<\/strong>, <strong data-start=\"308\" data-end=\"332\">Les Gar\u00e7ons Bouchers<\/strong>, <strong data-start=\"334\" data-end=\"356\">Brassen\u2019s not Dead<\/strong>, <strong data-start=\"358\" data-end=\"370\">Skarface<\/strong> et <strong data-start=\"374\" data-end=\"385\">Rise Up<\/strong>.\u00a0Les places sont vendues au tarifs de <strong data-start=\"654\" data-end=\"674\">25\u202f\u20ac en pr\u00e9vente<\/strong>, <strong data-start=\"676\" data-end=\"694\">30\u202f\u20ac sur place <\/strong>Ouverture des portes <strong>\u00e0 partir de<\/strong><strong data-start=\"421\" data-end=\"432\">\u00a016h<\/strong>.<\/p>\n<p data-start=\"435\" data-end=\"636\">En parall\u00e8le des concerts, un <strong data-start=\"460\" data-end=\"480\">stand de disques<\/strong> proposera une s\u00e9lection de <strong data-start=\"508\" data-end=\"519\">vinyles<\/strong> \u00e0 la vente. Il sera \u00e9galement possible de <strong data-start=\"562\" data-end=\"597\">r\u00e9server ses disques \u00e0 l\u2019avance<\/strong> et de r\u00e9cup\u00e9rer sa commande sur place.<\/p>\n<p><a href=\"https:\/\/vosgesinfo.fr\/app\/uploads\/sites\/4\/2025\/07\/ban-sur-meurthe-clefcy-clefcy-rock.jpg\"><img decoding=\"async\" class=\"alignnone wp-image-80767 size-full\" src=\"https:\/\/vosgesinfo.fr\/app\/uploads\/sites\/4\/2025\/07\/ban-sur-meurthe-clefcy-clefcy-rock.jpg\" alt=\"\" width=\"567\" height=\"795\" srcset=\"https:\/\/vosgesinfo.fr\/app\/uploads\/sites\/4\/2025\/07\/ban-sur-meurthe-clefcy-clefcy-rock.jpg 567w, https:\/\/vosgesinfo.fr\/app\/uploads\/sites\/4\/2025\/07\/ban-sur-meurthe-clefcy-clefcy-rock-214x300.jpg 214w\" sizes=\"(max-width: 567px) 100vw, 567px\" \/><\/a><\/p>\n","protected":false},"excerpt":{"rendered":"<p>Samedi 9 ao\u00fbt, la commune de Ban-sur-Meurthe-Clefcy vibrera au rythme du punk-rock engag\u00e9\u00a0\u00e0 l&rsquo;occasion de la 9e \u00e9dition du festival [&hellip;]<\/p>\n","protected":false},"author":46,"featured_media":80767,"comment_status":"open","ping_status":"open","sticky":false,"template":"","format":"standard","meta":{"footnotes":""},"categories":[3900,8003,3903,5391],"tags":[3822,17924,17925,17926],"class_list":["post-80766","post","type-post","status-publish","format-standard","has-post-thumbnail","hentry","category-breves","category-concert-culture","category-deodatie","category-gerardmer","tag-ban-sur-meurthe-clefcy","tag-clefcy-rock","tag-clefcy-rock-9","tag-les-enfants-du-rock-88"],"acf":[],"yoast_head":"<!-- This site is optimized with the Yoast SEO plugin v22.5 - https:\/\/yoast.com\/wordpress\/plugins\/seo\/ -->\n<title>Ban-sur-Meurthe-Clfecy \u2013 De grands noms du punk-rock pour la 9e \u00e9dition de ClefcyRock - Saint Die Info<\/title>\n<meta name=\"robots\" content=\"index, follow, max-snippet:-1, max-image-preview:large, max-video-preview:-1\" \/>\n<link rel=\"canonical\" href=\"https:\/\/vosgesinfo.fr\/saintdieinfo\/2025\/07\/ban-sur-meurthe-clfecy-de-grands-noms-du-punk-rock-pour-la-9e-edition-de-clefcyrock\/\" \/>\n<meta name=\"twitter:card\" content=\"summary_large_image\" \/>\n<meta name=\"twitter:title\" content=\"Ban-sur-Meurthe-Clfecy \u2013 De grands noms du punk-rock pour la 9e \u00e9dition de ClefcyRock - Saint Die Info\" \/>\n<meta name=\"twitter:description\" content=\"Samedi 9 ao\u00fbt, la commune de Ban-sur-Meurthe-Clefcy vibrera au rythme du punk-rock engag\u00e9\u00a0\u00e0 l&rsquo;occasion de la 9e \u00e9dition du festival [&hellip;]\" \/>\n<meta name=\"twitter:image\" content=\"https:\/\/vosgesinfo.fr\/app\/uploads\/sites\/4\/2025\/07\/ban-sur-meurthe-clefcy-clefcy-rock.jpg\" \/>\n<meta name=\"twitter:creator\" content=\"@VosgesInfo88\" \/>\n<meta name=\"twitter:site\" content=\"@VosgesInfo88\" \/>\n<meta name=\"twitter:label1\" content=\"\u00c9crit par\" \/>\n\t<meta name=\"twitter:data1\" content=\"J.J.\" \/>\n\t<meta name=\"twitter:label2\" content=\"Dur\u00e9e de lecture estim\u00e9e\" \/>\n\t<meta name=\"twitter:data2\" content=\"1 minute\" \/>\n<script type=\"application\/ld+json\" class=\"yoast-schema-graph\">{\"@context\":\"https:\/\/schema.org\",\"@graph\":[{\"@type\":\"Article\",\"@id\":\"https:\/\/vosgesinfo.fr\/saintdieinfo\/2025\/07\/ban-sur-meurthe-clfecy-de-grands-noms-du-punk-rock-pour-la-9e-edition-de-clefcyrock\/#article\",\"isPartOf\":{\"@id\":\"https:\/\/vosgesinfo.fr\/saintdieinfo\/2025\/07\/ban-sur-meurthe-clfecy-de-grands-noms-du-punk-rock-pour-la-9e-edition-de-clefcyrock\/\"},\"author\":{\"name\":\"J.J.\",\"@id\":\"https:\/\/vosgesinfo.fr\/saintdieinfo\/#\/schema\/person\/fa73e9f726d67bb88f46d5b7943cb572\"},\"headline\":\"Ban-sur-Meurthe-Clfecy \u2013 De grands noms du punk-rock pour la 9e \u00e9dition de ClefcyRock\",\"datePublished\":\"2025-07-30T06:45:23+00:00\",\"dateModified\":\"2025-07-30T06:30:54+00:00\",\"mainEntityOfPage\":{\"@id\":\"https:\/\/vosgesinfo.fr\/saintdieinfo\/2025\/07\/ban-sur-meurthe-clfecy-de-grands-noms-du-punk-rock-pour-la-9e-edition-de-clefcyrock\/\"},\"wordCount\":123,\"commentCount\":0,\"publisher\":{\"@id\":\"https:\/\/vosgesinfo.fr\/saintdieinfo\/#organization\"},\"image\":{\"@id\":\"https:\/\/vosgesinfo.fr\/saintdieinfo\/2025\/07\/ban-sur-meurthe-clfecy-de-grands-noms-du-punk-rock-pour-la-9e-edition-de-clefcyrock\/#primaryimage\"},\"thumbnailUrl\":\"https:\/\/vosgesinfo.fr\/app\/uploads\/sites\/4\/2025\/07\/ban-sur-meurthe-clefcy-clefcy-rock.jpg\",\"keywords\":[\"Ban-sur-Meurthe-Clefcy\",\"Clefcy Rock\",\"Clefcy Rock 9\",\"Les Enfants du Rock 88\"],\"articleSection\":[\"Br\u00e8ves\",\"Concert\",\"D\u00e9odatie\",\"Gerardmer\"],\"inLanguage\":\"fr-FR\",\"potentialAction\":[{\"@type\":\"CommentAction\",\"name\":\"Comment\",\"target\":[\"https:\/\/vosgesinfo.fr\/saintdieinfo\/2025\/07\/ban-sur-meurthe-clfecy-de-grands-noms-du-punk-rock-pour-la-9e-edition-de-clefcyrock\/#respond\"]}]},{\"@type\":\"WebPage\",\"@id\":\"https:\/\/vosgesinfo.fr\/saintdieinfo\/2025\/07\/ban-sur-meurthe-clfecy-de-grands-noms-du-punk-rock-pour-la-9e-edition-de-clefcyrock\/\",\"url\":\"https:\/\/vosgesinfo.fr\/saintdieinfo\/2025\/07\/ban-sur-meurthe-clfecy-de-grands-noms-du-punk-rock-pour-la-9e-edition-de-clefcyrock\/\",\"name\":\"Ban-sur-Meurthe-Clfecy \u2013 De grands noms du punk-rock pour la 9e \u00e9dition de ClefcyRock - Saint Die Info\",\"isPartOf\":{\"@id\":\"https:\/\/vosgesinfo.fr\/saintdieinfo\/#website\"},\"primaryImageOfPage\":{\"@id\":\"https:\/\/vosgesinfo.fr\/saintdieinfo\/2025\/07\/ban-sur-meurthe-clfecy-de-grands-noms-du-punk-rock-pour-la-9e-edition-de-clefcyrock\/#primaryimage\"},\"image\":{\"@id\":\"https:\/\/vosgesinfo.fr\/saintdieinfo\/2025\/07\/ban-sur-meurthe-clfecy-de-grands-noms-du-punk-rock-pour-la-9e-edition-de-clefcyrock\/#primaryimage\"},\"thumbnailUrl\":\"https:\/\/vosgesinfo.fr\/app\/uploads\/sites\/4\/2025\/07\/ban-sur-meurthe-clefcy-clefcy-rock.jpg\",\"datePublished\":\"2025-07-30T06:45:23+00:00\",\"dateModified\":\"2025-07-30T06:30:54+00:00\",\"breadcrumb\":{\"@id\":\"https:\/\/vosgesinfo.fr\/saintdieinfo\/2025\/07\/ban-sur-meurthe-clfecy-de-grands-noms-du-punk-rock-pour-la-9e-edition-de-clefcyrock\/#breadcrumb\"},\"inLanguage\":\"fr-FR\",\"potentialAction\":[{\"@type\":\"ReadAction\",\"target\":[\"https:\/\/vosgesinfo.fr\/saintdieinfo\/2025\/07\/ban-sur-meurthe-clfecy-de-grands-noms-du-punk-rock-pour-la-9e-edition-de-clefcyrock\/\"]}]},{\"@type\":\"ImageObject\",\"inLanguage\":\"fr-FR\",\"@id\":\"https:\/\/vosgesinfo.fr\/saintdieinfo\/2025\/07\/ban-sur-meurthe-clfecy-de-grands-noms-du-punk-rock-pour-la-9e-edition-de-clefcyrock\/#primaryimage\",\"url\":\"https:\/\/vosgesinfo.fr\/app\/uploads\/sites\/4\/2025\/07\/ban-sur-meurthe-clefcy-clefcy-rock.jpg\",\"contentUrl\":\"https:\/\/vosgesinfo.fr\/app\/uploads\/sites\/4\/2025\/07\/ban-sur-meurthe-clefcy-clefcy-rock.jpg\",\"width\":567,\"height\":795,\"caption\":\"Template\"},{\"@type\":\"BreadcrumbList\",\"@id\":\"https:\/\/vosgesinfo.fr\/saintdieinfo\/2025\/07\/ban-sur-meurthe-clfecy-de-grands-noms-du-punk-rock-pour-la-9e-edition-de-clefcyrock\/#breadcrumb\",\"itemListElement\":[{\"@type\":\"ListItem\",\"position\":1,\"name\":\"Home\",\"item\":\"https:\/\/vosgesinfo.fr\/saintdieinfo\/\"},{\"@type\":\"ListItem\",\"position\":2,\"name\":\"Ban-sur-Meurthe-Clfecy \u2013 De grands noms du punk-rock pour la 9e \u00e9dition de ClefcyRock\"}]},{\"@type\":\"WebSite\",\"@id\":\"https:\/\/vosgesinfo.fr\/saintdieinfo\/#website\",\"url\":\"https:\/\/vosgesinfo.fr\/saintdieinfo\/\",\"name\":\"Saint Die Info\",\"description\":\"Toute l&#039;actualit\u00e9 de Saint-Di\u00e9-Des-Vosges\",\"publisher\":{\"@id\":\"https:\/\/vosgesinfo.fr\/saintdieinfo\/#organization\"},\"alternateName\":\"Toute l'actualit\u00e9 de Saint-Di\u00e9-Des-Vosges\",\"potentialAction\":[{\"@type\":\"SearchAction\",\"target\":{\"@type\":\"EntryPoint\",\"urlTemplate\":\"https:\/\/vosgesinfo.fr\/saintdieinfo\/?s={search_term_string}\"},\"query-input\":\"required name=search_term_string\"}],\"inLanguage\":\"fr-FR\"},{\"@type\":\"Organization\",\"@id\":\"https:\/\/vosgesinfo.fr\/saintdieinfo\/#organization\",\"name\":\"Saint Die Info\",\"url\":\"https:\/\/vosgesinfo.fr\/saintdieinfo\/\",\"logo\":{\"@type\":\"ImageObject\",\"inLanguage\":\"fr-FR\",\"@id\":\"https:\/\/vosgesinfo.fr\/saintdieinfo\/#\/schema\/logo\/image\/\",\"url\":\"https:\/\/vosgesinfo.fr\/app\/uploads\/sites\/4\/2024\/02\/logo-sdi.jpg\",\"contentUrl\":\"https:\/\/vosgesinfo.fr\/app\/uploads\/sites\/4\/2024\/02\/logo-sdi.jpg\",\"width\":600,\"height\":600,\"caption\":\"Saint Die Info\"},\"image\":{\"@id\":\"https:\/\/vosgesinfo.fr\/saintdieinfo\/#\/schema\/logo\/image\/\"},\"sameAs\":[\"https:\/\/www.facebook.com\/Saintdieinfofr\",\"https:\/\/x.com\/VosgesInfo88\",\"https:\/\/www.youtube.com\/@vosgesinfo\"]},{\"@type\":\"Person\",\"@id\":\"https:\/\/vosgesinfo.fr\/saintdieinfo\/#\/schema\/person\/fa73e9f726d67bb88f46d5b7943cb572\",\"name\":\"J.J.\",\"image\":{\"@type\":\"ImageObject\",\"inLanguage\":\"fr-FR\",\"@id\":\"https:\/\/vosgesinfo.fr\/saintdieinfo\/#\/schema\/person\/image\/\",\"url\":\"https:\/\/secure.gravatar.com\/avatar\/219e749e47ffbcca018a360ae4add7d4cdf1cdaaf8bc7676b27efade3fe65615?s=96&d=mm&r=g\",\"contentUrl\":\"https:\/\/secure.gravatar.com\/avatar\/219e749e47ffbcca018a360ae4add7d4cdf1cdaaf8bc7676b27efade3fe65615?s=96&d=mm&r=g\",\"caption\":\"J.J.\"},\"url\":\"https:\/\/vosgesinfo.fr\/saintdieinfo\/author\/j-j\/\"}]}<\/script>\n<!-- \/ Yoast SEO plugin. -->","yoast_head_json":{"title":"Ban-sur-Meurthe-Clfecy \u2013 De grands noms du punk-rock pour la 9e \u00e9dition de ClefcyRock - Saint Die Info","robots":{"index":"index","follow":"follow","max-snippet":"max-snippet:-1","max-image-preview":"max-image-preview:large","max-video-preview":"max-video-preview:-1"},"canonical":"https:\/\/vosgesinfo.fr\/saintdieinfo\/2025\/07\/ban-sur-meurthe-clfecy-de-grands-noms-du-punk-rock-pour-la-9e-edition-de-clefcyrock\/","twitter_card":"summary_large_image","twitter_title":"Ban-sur-Meurthe-Clfecy \u2013 De grands noms du punk-rock pour la 9e \u00e9dition de ClefcyRock - Saint Die Info","twitter_description":"Samedi 9 ao\u00fbt, la commune de Ban-sur-Meurthe-Clefcy vibrera au rythme du punk-rock engag\u00e9\u00a0\u00e0 l&rsquo;occasion de la 9e \u00e9dition du festival [&hellip;]","twitter_image":"https:\/\/vosgesinfo.fr\/app\/uploads\/sites\/4\/2025\/07\/ban-sur-meurthe-clefcy-clefcy-rock.jpg","twitter_creator":"@VosgesInfo88","twitter_site":"@VosgesInfo88","twitter_misc":{"\u00c9crit par":"J.J.","Dur\u00e9e de lecture estim\u00e9e":"1 minute"},"schema":{"@context":"https:\/\/schema.org","@graph":[{"@type":"Article","@id":"https:\/\/vosgesinfo.fr\/saintdieinfo\/2025\/07\/ban-sur-meurthe-clfecy-de-grands-noms-du-punk-rock-pour-la-9e-edition-de-clefcyrock\/#article","isPartOf":{"@id":"https:\/\/vosgesinfo.fr\/saintdieinfo\/2025\/07\/ban-sur-meurthe-clfecy-de-grands-noms-du-punk-rock-pour-la-9e-edition-de-clefcyrock\/"},"author":{"name":"J.J.","@id":"https:\/\/vosgesinfo.fr\/saintdieinfo\/#\/schema\/person\/fa73e9f726d67bb88f46d5b7943cb572"},"headline":"Ban-sur-Meurthe-Clfecy \u2013 De grands noms du punk-rock pour la 9e \u00e9dition de ClefcyRock","datePublished":"2025-07-30T06:45:23+00:00","dateModified":"2025-07-30T06:30:54+00:00","mainEntityOfPage":{"@id":"https:\/\/vosgesinfo.fr\/saintdieinfo\/2025\/07\/ban-sur-meurthe-clfecy-de-grands-noms-du-punk-rock-pour-la-9e-edition-de-clefcyrock\/"},"wordCount":123,"commentCount":0,"publisher":{"@id":"https:\/\/vosgesinfo.fr\/saintdieinfo\/#organization"},"image":{"@id":"https:\/\/vosgesinfo.fr\/saintdieinfo\/2025\/07\/ban-sur-meurthe-clfecy-de-grands-noms-du-punk-rock-pour-la-9e-edition-de-clefcyrock\/#primaryimage"},"thumbnailUrl":"https:\/\/vosgesinfo.fr\/app\/uploads\/sites\/4\/2025\/07\/ban-sur-meurthe-clefcy-clefcy-rock.jpg","keywords":["Ban-sur-Meurthe-Clefcy","Clefcy Rock","Clefcy Rock 9","Les Enfants du Rock 88"],"articleSection":["Br\u00e8ves","Concert","D\u00e9odatie","Gerardmer"],"inLanguage":"fr-FR","potentialAction":[{"@type":"CommentAction","name":"Comment","target":["https:\/\/vosgesinfo.fr\/saintdieinfo\/2025\/07\/ban-sur-meurthe-clfecy-de-grands-noms-du-punk-rock-pour-la-9e-edition-de-clefcyrock\/#respond"]}]},{"@type":"WebPage","@id":"https:\/\/vosgesinfo.fr\/saintdieinfo\/2025\/07\/ban-sur-meurthe-clfecy-de-grands-noms-du-punk-rock-pour-la-9e-edition-de-clefcyrock\/","url":"https:\/\/vosgesinfo.fr\/saintdieinfo\/2025\/07\/ban-sur-meurthe-clfecy-de-grands-noms-du-punk-rock-pour-la-9e-edition-de-clefcyrock\/","name":"Ban-sur-Meurthe-Clfecy \u2013 De grands noms du punk-rock pour la 9e \u00e9dition de ClefcyRock - Saint Die Info","isPartOf":{"@id":"https:\/\/vosgesinfo.fr\/saintdieinfo\/#website"},"primaryImageOfPage":{"@id":"https:\/\/vosgesinfo.fr\/saintdieinfo\/2025\/07\/ban-sur-meurthe-clfecy-de-grands-noms-du-punk-rock-pour-la-9e-edition-de-clefcyrock\/#primaryimage"},"image":{"@id":"https:\/\/vosgesinfo.fr\/saintdieinfo\/2025\/07\/ban-sur-meurthe-clfecy-de-grands-noms-du-punk-rock-pour-la-9e-edition-de-clefcyrock\/#primaryimage"},"thumbnailUrl":"https:\/\/vosgesinfo.fr\/app\/uploads\/sites\/4\/2025\/07\/ban-sur-meurthe-clefcy-clefcy-rock.jpg","datePublished":"2025-07-30T06:45:23+00:00","dateModified":"2025-07-30T06:30:54+00:00","breadcrumb":{"@id":"https:\/\/vosgesinfo.fr\/saintdieinfo\/2025\/07\/ban-sur-meurthe-clfecy-de-grands-noms-du-punk-rock-pour-la-9e-edition-de-clefcyrock\/#breadcrumb"},"inLanguage":"fr-FR","potentialAction":[{"@type":"ReadAction","target":["https:\/\/vosgesinfo.fr\/saintdieinfo\/2025\/07\/ban-sur-meurthe-clfecy-de-grands-noms-du-punk-rock-pour-la-9e-edition-de-clefcyrock\/"]}]},{"@type":"ImageObject","inLanguage":"fr-FR","@id":"https:\/\/vosgesinfo.fr\/saintdieinfo\/2025\/07\/ban-sur-meurthe-clfecy-de-grands-noms-du-punk-rock-pour-la-9e-edition-de-clefcyrock\/#primaryimage","url":"https:\/\/vosgesinfo.fr\/app\/uploads\/sites\/4\/2025\/07\/ban-sur-meurthe-clefcy-clefcy-rock.jpg","contentUrl":"https:\/\/vosgesinfo.fr\/app\/uploads\/sites\/4\/2025\/07\/ban-sur-meurthe-clefcy-clefcy-rock.jpg","width":567,"height":795,"caption":"Template"},{"@type":"BreadcrumbList","@id":"https:\/\/vosgesinfo.fr\/saintdieinfo\/2025\/07\/ban-sur-meurthe-clfecy-de-grands-noms-du-punk-rock-pour-la-9e-edition-de-clefcyrock\/#breadcrumb","itemListElement":[{"@type":"ListItem","position":1,"name":"Home","item":"https:\/\/vosgesinfo.fr\/saintdieinfo\/"},{"@type":"ListItem","position":2,"name":"Ban-sur-Meurthe-Clfecy \u2013 De grands noms du punk-rock pour la 9e \u00e9dition de ClefcyRock"}]},{"@type":"WebSite","@id":"https:\/\/vosgesinfo.fr\/saintdieinfo\/#website","url":"https:\/\/vosgesinfo.fr\/saintdieinfo\/","name":"Saint Die Info","description":"Toute l&#039;actualit\u00e9 de Saint-Di\u00e9-Des-Vosges","publisher":{"@id":"https:\/\/vosgesinfo.fr\/saintdieinfo\/#organization"},"alternateName":"Toute l'actualit\u00e9 de Saint-Di\u00e9-Des-Vosges","potentialAction":[{"@type":"SearchAction","target":{"@type":"EntryPoint","urlTemplate":"https:\/\/vosgesinfo.fr\/saintdieinfo\/?s={search_term_string}"},"query-input":"required name=search_term_string"}],"inLanguage":"fr-FR"},{"@type":"Organization","@id":"https:\/\/vosgesinfo.fr\/saintdieinfo\/#organization","name":"Saint Die Info","url":"https:\/\/vosgesinfo.fr\/saintdieinfo\/","logo":{"@type":"ImageObject","inLanguage":"fr-FR","@id":"https:\/\/vosgesinfo.fr\/saintdieinfo\/#\/schema\/logo\/image\/","url":"https:\/\/vosgesinfo.fr\/app\/uploads\/sites\/4\/2024\/02\/logo-sdi.jpg","contentUrl":"https:\/\/vosgesinfo.fr\/app\/uploads\/sites\/4\/2024\/02\/logo-sdi.jpg","width":600,"height":600,"caption":"Saint Die Info"},"image":{"@id":"https:\/\/vosgesinfo.fr\/saintdieinfo\/#\/schema\/logo\/image\/"},"sameAs":["https:\/\/www.facebook.com\/Saintdieinfofr","https:\/\/x.com\/VosgesInfo88","https:\/\/www.youtube.com\/@vosgesinfo"]},{"@type":"Person","@id":"https:\/\/vosgesinfo.fr\/saintdieinfo\/#\/schema\/person\/fa73e9f726d67bb88f46d5b7943cb572","name":"J.J.","image":{"@type":"ImageObject","inLanguage":"fr-FR","@id":"https:\/\/vosgesinfo.fr\/saintdieinfo\/#\/schema\/person\/image\/","url":"https:\/\/secure.gravatar.com\/avatar\/219e749e47ffbcca018a360ae4add7d4cdf1cdaaf8bc7676b27efade3fe65615?s=96&d=mm&r=g","contentUrl":"https:\/\/secure.gravatar.com\/avatar\/219e749e47ffbcca018a360ae4add7d4cdf1cdaaf8bc7676b27efade3fe65615?s=96&d=mm&r=g","caption":"J.J."},"url":"https:\/\/vosgesinfo.fr\/saintdieinfo\/author\/j-j\/"}]}},"_links":{"self":[{"href":"https:\/\/vosgesinfo.fr\/saintdieinfo\/wp-json\/wp\/v2\/posts\/80766","targetHints":{"allow":["GET"]}}],"collection":[{"href":"https:\/\/vosgesinfo.fr\/saintdieinfo\/wp-json\/wp\/v2\/posts"}],"about":[{"href":"https:\/\/vosgesinfo.fr\/saintdieinfo\/wp-json\/wp\/v2\/types\/post"}],"author":[{"embeddable":true,"href":"https:\/\/vosgesinfo.fr\/saintdieinfo\/wp-json\/wp\/v2\/users\/46"}],"replies":[{"embeddable":true,"href":"https:\/\/vosgesinfo.fr\/saintdieinfo\/wp-json\/wp\/v2\/comments?post=80766"}],"version-history":[{"count":1,"href":"https:\/\/vosgesinfo.fr\/saintdieinfo\/wp-json\/wp\/v2\/posts\/80766\/revisions"}],"predecessor-version":[{"id":80768,"href":"https:\/\/vosgesinfo.fr\/saintdieinfo\/wp-json\/wp\/v2\/posts\/80766\/revisions\/80768"}],"wp:featuredmedia":[{"embeddable":true,"href":"https:\/\/vosgesinfo.fr\/saintdieinfo\/wp-json\/wp\/v2\/media\/80767"}],"wp:attachment":[{"href":"https:\/\/vosgesinfo.fr\/saintdieinfo\/wp-json\/wp\/v2\/media?parent=80766"}],"wp:term":[{"taxonomy":"category","embeddable":true,"href":"https:\/\/vosgesinfo.fr\/saintdieinfo\/wp-json\/wp\/v2\/categories?post=80766"},{"taxonomy":"post_tag","embeddable":true,"href":"https:\/\/vosgesinfo.fr\/saintdieinfo\/wp-json\/wp\/v2\/tags?post=80766"}],"curies":[{"name":"wp","href":"https:\/\/api.w.org\/{rel}","templated":true}]}}