{"id":80769,"date":"2025-07-30T09:00:09","date_gmt":"2025-07-30T07:00:09","guid":{"rendered":"https:\/\/vosgesinfo.fr\/saintdieinfo\/?p=80769"},"modified":"2025-07-30T08:33:25","modified_gmt":"2025-07-30T06:33:25","slug":"frapelle-une-nuit-etoilee-sur-le-plateau-de-charemont","status":"publish","type":"post","link":"https:\/\/vosgesinfo.fr\/saintdieinfo\/2025\/07\/frapelle-une-nuit-etoilee-sur-le-plateau-de-charemont\/","title":{"rendered":"Frapelle \u2013 Une nuit \u00e9toil\u00e9e sur le plateau de Char\u00e9mont"},"content":{"rendered":"<div id=\"attachment_22087\" style=\"width: 1010px\" class=\"wp-caption alignnone\"><a href=\"https:\/\/vosgesinfo.fr\/app\/uploads\/sites\/4\/2017\/07\/nuit-des-etoiles-deneb88-03.jpg\"><img decoding=\"async\" aria-describedby=\"caption-attachment-22087\" class=\"size-full wp-image-22087\" src=\"https:\/\/vosgesinfo.fr\/app\/uploads\/sites\/4\/2017\/07\/nuit-des-etoiles-deneb88-03.jpg\" alt=\"\" width=\"1000\" height=\"667\" srcset=\"https:\/\/vosgesinfo.fr\/app\/uploads\/sites\/4\/2017\/07\/nuit-des-etoiles-deneb88-03.jpg 1000w, https:\/\/vosgesinfo.fr\/app\/uploads\/sites\/4\/2017\/07\/nuit-des-etoiles-deneb88-03-300x200.jpg 300w, https:\/\/vosgesinfo.fr\/app\/uploads\/sites\/4\/2017\/07\/nuit-des-etoiles-deneb88-03-768x512.jpg 768w\" sizes=\"(max-width: 1000px) 100vw, 1000px\" \/><\/a><p id=\"caption-attachment-22087\" class=\"wp-caption-text\">(Archive)<\/p><\/div>\n<h2 data-start=\"122\" data-end=\"396\"><strong data-start=\"122\" data-end=\"139\">Ce samedi 2 ao\u00fbt, d\u00e8s 17h et jusqu&rsquo;\u00e0 minuit,<\/strong>\u00a0le <strong data-start=\"144\" data-end=\"179\">plateau de Char\u00e9mont \u00e0 Frapelle<\/strong> accueillera une nouvelle fois la <strong data-start=\"195\" data-end=\"215\">Nuit des \u00c9toiles. <\/strong>Un moment propice \u00e0 l\u2019observation du ciel, dans un lieu <strong data-start=\"294\" data-end=\"334\">\u00e9loign\u00e9 de toute pollution lumineuse<\/strong>, id\u00e9al pour admirer les astres dans des conditions optimales.<\/h2>\n<p data-start=\"122\" data-end=\"396\"><!--more--><\/p>\n<p data-start=\"398\" data-end=\"570\" data-is-last-node=\"\" data-is-only-node=\"\">Le <strong data-start=\"401\" data-end=\"438\">club Deneb Astronomie en D\u00e9odatie<\/strong> sera pr\u00e9sent pour accompagner le public \u00e0 la d\u00e9couverte des <strong data-start=\"499\" data-end=\"517\">constellations<\/strong> et <strong data-start=\"521\" data-end=\"542\">myst\u00e8res c\u00e9lestes<\/strong>, tout au long de la soir\u00e9e.<\/p>\n<p data-start=\"398\" data-end=\"570\" data-is-last-node=\"\" data-is-only-node=\"\"><a href=\"https:\/\/vosgesinfo.fr\/app\/uploads\/sites\/4\/2025\/07\/frapelle-nuit-des-etoiles-2025.jpg\"><img decoding=\"async\" class=\"alignnone size-large wp-image-80770\" src=\"https:\/\/vosgesinfo.fr\/app\/uploads\/sites\/4\/2025\/07\/frapelle-nuit-des-etoiles-2025-724x1024.jpg\" alt=\"\" width=\"724\" height=\"1024\" srcset=\"https:\/\/vosgesinfo.fr\/app\/uploads\/sites\/4\/2025\/07\/frapelle-nuit-des-etoiles-2025-724x1024.jpg 724w, https:\/\/vosgesinfo.fr\/app\/uploads\/sites\/4\/2025\/07\/frapelle-nuit-des-etoiles-2025-212x300.jpg 212w, https:\/\/vosgesinfo.fr\/app\/uploads\/sites\/4\/2025\/07\/frapelle-nuit-des-etoiles-2025-768x1086.jpg 768w, https:\/\/vosgesinfo.fr\/app\/uploads\/sites\/4\/2025\/07\/frapelle-nuit-des-etoiles-2025-1086x1536.jpg 1086w, https:\/\/vosgesinfo.fr\/app\/uploads\/sites\/4\/2025\/07\/frapelle-nuit-des-etoiles-2025.jpg 1448w\" sizes=\"(max-width: 724px) 100vw, 724px\" \/><\/a><\/p>\n","protected":false},"excerpt":{"rendered":"<p>Ce samedi 2 ao\u00fbt, d\u00e8s 17h et jusqu&rsquo;\u00e0 minuit,\u00a0le plateau de Char\u00e9mont \u00e0 Frapelle accueillera une nouvelle fois la Nuit [&hellip;]<\/p>\n","protected":false},"author":46,"featured_media":22087,"comment_status":"open","ping_status":"open","sticky":false,"template":"","format":"standard","meta":{"footnotes":""},"categories":[3900,20,167,17],"tags":[2999,3000,126,17927,3002],"class_list":["post-80769","post","type-post","status-publish","format-standard","has-post-thumbnail","hentry","category-breves","category-loisirs","category-saint-die-des-vosges","category-vie-associative","tag-deneb-astronomie-en-deodatie","tag-frapelle","tag-nuit-des-etoiles","tag-nuit-des-etoiles-2025","tag-plateau-de-charemont"],"acf":[],"yoast_head":"<!-- This site is optimized with the Yoast SEO plugin v22.5 - https:\/\/yoast.com\/wordpress\/plugins\/seo\/ -->\n<title>Frapelle \u2013 Une nuit \u00e9toil\u00e9e sur le plateau de Char\u00e9mont - Saint Die Info<\/title>\n<meta name=\"robots\" content=\"index, follow, max-snippet:-1, max-image-preview:large, max-video-preview:-1\" \/>\n<link rel=\"canonical\" href=\"https:\/\/vosgesinfo.fr\/saintdieinfo\/2025\/07\/frapelle-une-nuit-etoilee-sur-le-plateau-de-charemont\/\" \/>\n<meta name=\"twitter:card\" content=\"summary_large_image\" \/>\n<meta name=\"twitter:title\" content=\"Frapelle \u2013 Une nuit \u00e9toil\u00e9e sur le plateau de Char\u00e9mont - Saint Die Info\" \/>\n<meta name=\"twitter:description\" content=\"Ce samedi 2 ao\u00fbt, d\u00e8s 17h et jusqu&rsquo;\u00e0 minuit,\u00a0le plateau de Char\u00e9mont \u00e0 Frapelle accueillera une nouvelle fois la Nuit [&hellip;]\" \/>\n<meta name=\"twitter:image\" content=\"https:\/\/vosgesinfo.fr\/app\/uploads\/sites\/4\/2017\/07\/nuit-des-etoiles-deneb88-03.jpg\" \/>\n<meta name=\"twitter:creator\" content=\"@VosgesInfo88\" \/>\n<meta name=\"twitter:site\" content=\"@VosgesInfo88\" \/>\n<meta name=\"twitter:label1\" content=\"\u00c9crit par\" \/>\n\t<meta name=\"twitter:data1\" content=\"J.J.\" \/>\n<script type=\"application\/ld+json\" class=\"yoast-schema-graph\">{\"@context\":\"https:\/\/schema.org\",\"@graph\":[{\"@type\":\"Article\",\"@id\":\"https:\/\/vosgesinfo.fr\/saintdieinfo\/2025\/07\/frapelle-une-nuit-etoilee-sur-le-plateau-de-charemont\/#article\",\"isPartOf\":{\"@id\":\"https:\/\/vosgesinfo.fr\/saintdieinfo\/2025\/07\/frapelle-une-nuit-etoilee-sur-le-plateau-de-charemont\/\"},\"author\":{\"name\":\"J.J.\",\"@id\":\"https:\/\/vosgesinfo.fr\/saintdieinfo\/#\/schema\/person\/fa73e9f726d67bb88f46d5b7943cb572\"},\"headline\":\"Frapelle \u2013 Une nuit \u00e9toil\u00e9e sur le plateau de Char\u00e9mont\",\"datePublished\":\"2025-07-30T07:00:09+00:00\",\"dateModified\":\"2025-07-30T06:33:25+00:00\",\"mainEntityOfPage\":{\"@id\":\"https:\/\/vosgesinfo.fr\/saintdieinfo\/2025\/07\/frapelle-une-nuit-etoilee-sur-le-plateau-de-charemont\/\"},\"wordCount\":99,\"commentCount\":0,\"publisher\":{\"@id\":\"https:\/\/vosgesinfo.fr\/saintdieinfo\/#organization\"},\"image\":{\"@id\":\"https:\/\/vosgesinfo.fr\/saintdieinfo\/2025\/07\/frapelle-une-nuit-etoilee-sur-le-plateau-de-charemont\/#primaryimage\"},\"thumbnailUrl\":\"https:\/\/vosgesinfo.fr\/app\/uploads\/sites\/4\/2017\/07\/nuit-des-etoiles-deneb88-03.jpg\",\"keywords\":[\"DENEB Astronomie en D\u00e9odatie\",\"Frapelle\",\"nuit des \u00e9toiles\",\"Nuit des Etoiles 2025\",\"Plateau de Char\u00e9mont\"],\"articleSection\":[\"Br\u00e8ves\",\"Loisirs\",\"Saint-Di\u00e9-des-Vosges\",\"Vie Associative\"],\"inLanguage\":\"fr-FR\",\"potentialAction\":[{\"@type\":\"CommentAction\",\"name\":\"Comment\",\"target\":[\"https:\/\/vosgesinfo.fr\/saintdieinfo\/2025\/07\/frapelle-une-nuit-etoilee-sur-le-plateau-de-charemont\/#respond\"]}]},{\"@type\":\"WebPage\",\"@id\":\"https:\/\/vosgesinfo.fr\/saintdieinfo\/2025\/07\/frapelle-une-nuit-etoilee-sur-le-plateau-de-charemont\/\",\"url\":\"https:\/\/vosgesinfo.fr\/saintdieinfo\/2025\/07\/frapelle-une-nuit-etoilee-sur-le-plateau-de-charemont\/\",\"name\":\"Frapelle \u2013 Une nuit \u00e9toil\u00e9e sur le plateau de Char\u00e9mont - Saint Die Info\",\"isPartOf\":{\"@id\":\"https:\/\/vosgesinfo.fr\/saintdieinfo\/#website\"},\"primaryImageOfPage\":{\"@id\":\"https:\/\/vosgesinfo.fr\/saintdieinfo\/2025\/07\/frapelle-une-nuit-etoilee-sur-le-plateau-de-charemont\/#primaryimage\"},\"image\":{\"@id\":\"https:\/\/vosgesinfo.fr\/saintdieinfo\/2025\/07\/frapelle-une-nuit-etoilee-sur-le-plateau-de-charemont\/#primaryimage\"},\"thumbnailUrl\":\"https:\/\/vosgesinfo.fr\/app\/uploads\/sites\/4\/2017\/07\/nuit-des-etoiles-deneb88-03.jpg\",\"datePublished\":\"2025-07-30T07:00:09+00:00\",\"dateModified\":\"2025-07-30T06:33:25+00:00\",\"breadcrumb\":{\"@id\":\"https:\/\/vosgesinfo.fr\/saintdieinfo\/2025\/07\/frapelle-une-nuit-etoilee-sur-le-plateau-de-charemont\/#breadcrumb\"},\"inLanguage\":\"fr-FR\",\"potentialAction\":[{\"@type\":\"ReadAction\",\"target\":[\"https:\/\/vosgesinfo.fr\/saintdieinfo\/2025\/07\/frapelle-une-nuit-etoilee-sur-le-plateau-de-charemont\/\"]}]},{\"@type\":\"ImageObject\",\"inLanguage\":\"fr-FR\",\"@id\":\"https:\/\/vosgesinfo.fr\/saintdieinfo\/2025\/07\/frapelle-une-nuit-etoilee-sur-le-plateau-de-charemont\/#primaryimage\",\"url\":\"https:\/\/vosgesinfo.fr\/app\/uploads\/sites\/4\/2017\/07\/nuit-des-etoiles-deneb88-03.jpg\",\"contentUrl\":\"https:\/\/vosgesinfo.fr\/app\/uploads\/sites\/4\/2017\/07\/nuit-des-etoiles-deneb88-03.jpg\",\"width\":1000,\"height\":667,\"caption\":\"(Archive)\"},{\"@type\":\"BreadcrumbList\",\"@id\":\"https:\/\/vosgesinfo.fr\/saintdieinfo\/2025\/07\/frapelle-une-nuit-etoilee-sur-le-plateau-de-charemont\/#breadcrumb\",\"itemListElement\":[{\"@type\":\"ListItem\",\"position\":1,\"name\":\"Home\",\"item\":\"https:\/\/vosgesinfo.fr\/saintdieinfo\/\"},{\"@type\":\"ListItem\",\"position\":2,\"name\":\"Frapelle \u2013 Une nuit \u00e9toil\u00e9e sur le plateau de Char\u00e9mont\"}]},{\"@type\":\"WebSite\",\"@id\":\"https:\/\/vosgesinfo.fr\/saintdieinfo\/#website\",\"url\":\"https:\/\/vosgesinfo.fr\/saintdieinfo\/\",\"name\":\"Saint Die Info\",\"description\":\"Toute l&#039;actualit\u00e9 de Saint-Di\u00e9-Des-Vosges\",\"publisher\":{\"@id\":\"https:\/\/vosgesinfo.fr\/saintdieinfo\/#organization\"},\"alternateName\":\"Toute l'actualit\u00e9 de Saint-Di\u00e9-Des-Vosges\",\"potentialAction\":[{\"@type\":\"SearchAction\",\"target\":{\"@type\":\"EntryPoint\",\"urlTemplate\":\"https:\/\/vosgesinfo.fr\/saintdieinfo\/?s={search_term_string}\"},\"query-input\":\"required name=search_term_string\"}],\"inLanguage\":\"fr-FR\"},{\"@type\":\"Organization\",\"@id\":\"https:\/\/vosgesinfo.fr\/saintdieinfo\/#organization\",\"name\":\"Saint Die Info\",\"url\":\"https:\/\/vosgesinfo.fr\/saintdieinfo\/\",\"logo\":{\"@type\":\"ImageObject\",\"inLanguage\":\"fr-FR\",\"@id\":\"https:\/\/vosgesinfo.fr\/saintdieinfo\/#\/schema\/logo\/image\/\",\"url\":\"https:\/\/vosgesinfo.fr\/app\/uploads\/sites\/4\/2024\/02\/logo-sdi.jpg\",\"contentUrl\":\"https:\/\/vosgesinfo.fr\/app\/uploads\/sites\/4\/2024\/02\/logo-sdi.jpg\",\"width\":600,\"height\":600,\"caption\":\"Saint Die Info\"},\"image\":{\"@id\":\"https:\/\/vosgesinfo.fr\/saintdieinfo\/#\/schema\/logo\/image\/\"},\"sameAs\":[\"https:\/\/www.facebook.com\/Saintdieinfofr\",\"https:\/\/x.com\/VosgesInfo88\",\"https:\/\/www.youtube.com\/@vosgesinfo\"]},{\"@type\":\"Person\",\"@id\":\"https:\/\/vosgesinfo.fr\/saintdieinfo\/#\/schema\/person\/fa73e9f726d67bb88f46d5b7943cb572\",\"name\":\"J.J.\",\"image\":{\"@type\":\"ImageObject\",\"inLanguage\":\"fr-FR\",\"@id\":\"https:\/\/vosgesinfo.fr\/saintdieinfo\/#\/schema\/person\/image\/\",\"url\":\"https:\/\/secure.gravatar.com\/avatar\/219e749e47ffbcca018a360ae4add7d4cdf1cdaaf8bc7676b27efade3fe65615?s=96&d=mm&r=g\",\"contentUrl\":\"https:\/\/secure.gravatar.com\/avatar\/219e749e47ffbcca018a360ae4add7d4cdf1cdaaf8bc7676b27efade3fe65615?s=96&d=mm&r=g\",\"caption\":\"J.J.\"},\"url\":\"https:\/\/vosgesinfo.fr\/saintdieinfo\/author\/j-j\/\"}]}<\/script>\n<!-- \/ Yoast SEO plugin. -->","yoast_head_json":{"title":"Frapelle \u2013 Une nuit \u00e9toil\u00e9e sur le plateau de Char\u00e9mont - Saint Die Info","robots":{"index":"index","follow":"follow","max-snippet":"max-snippet:-1","max-image-preview":"max-image-preview:large","max-video-preview":"max-video-preview:-1"},"canonical":"https:\/\/vosgesinfo.fr\/saintdieinfo\/2025\/07\/frapelle-une-nuit-etoilee-sur-le-plateau-de-charemont\/","twitter_card":"summary_large_image","twitter_title":"Frapelle \u2013 Une nuit \u00e9toil\u00e9e sur le plateau de Char\u00e9mont - Saint Die Info","twitter_description":"Ce samedi 2 ao\u00fbt, d\u00e8s 17h et jusqu&rsquo;\u00e0 minuit,\u00a0le plateau de Char\u00e9mont \u00e0 Frapelle accueillera une nouvelle fois la Nuit [&hellip;]","twitter_image":"https:\/\/vosgesinfo.fr\/app\/uploads\/sites\/4\/2017\/07\/nuit-des-etoiles-deneb88-03.jpg","twitter_creator":"@VosgesInfo88","twitter_site":"@VosgesInfo88","twitter_misc":{"\u00c9crit par":"J.J."},"schema":{"@context":"https:\/\/schema.org","@graph":[{"@type":"Article","@id":"https:\/\/vosgesinfo.fr\/saintdieinfo\/2025\/07\/frapelle-une-nuit-etoilee-sur-le-plateau-de-charemont\/#article","isPartOf":{"@id":"https:\/\/vosgesinfo.fr\/saintdieinfo\/2025\/07\/frapelle-une-nuit-etoilee-sur-le-plateau-de-charemont\/"},"author":{"name":"J.J.","@id":"https:\/\/vosgesinfo.fr\/saintdieinfo\/#\/schema\/person\/fa73e9f726d67bb88f46d5b7943cb572"},"headline":"Frapelle \u2013 Une nuit \u00e9toil\u00e9e sur le plateau de Char\u00e9mont","datePublished":"2025-07-30T07:00:09+00:00","dateModified":"2025-07-30T06:33:25+00:00","mainEntityOfPage":{"@id":"https:\/\/vosgesinfo.fr\/saintdieinfo\/2025\/07\/frapelle-une-nuit-etoilee-sur-le-plateau-de-charemont\/"},"wordCount":99,"commentCount":0,"publisher":{"@id":"https:\/\/vosgesinfo.fr\/saintdieinfo\/#organization"},"image":{"@id":"https:\/\/vosgesinfo.fr\/saintdieinfo\/2025\/07\/frapelle-une-nuit-etoilee-sur-le-plateau-de-charemont\/#primaryimage"},"thumbnailUrl":"https:\/\/vosgesinfo.fr\/app\/uploads\/sites\/4\/2017\/07\/nuit-des-etoiles-deneb88-03.jpg","keywords":["DENEB Astronomie en D\u00e9odatie","Frapelle","nuit des \u00e9toiles","Nuit des Etoiles 2025","Plateau de Char\u00e9mont"],"articleSection":["Br\u00e8ves","Loisirs","Saint-Di\u00e9-des-Vosges","Vie Associative"],"inLanguage":"fr-FR","potentialAction":[{"@type":"CommentAction","name":"Comment","target":["https:\/\/vosgesinfo.fr\/saintdieinfo\/2025\/07\/frapelle-une-nuit-etoilee-sur-le-plateau-de-charemont\/#respond"]}]},{"@type":"WebPage","@id":"https:\/\/vosgesinfo.fr\/saintdieinfo\/2025\/07\/frapelle-une-nuit-etoilee-sur-le-plateau-de-charemont\/","url":"https:\/\/vosgesinfo.fr\/saintdieinfo\/2025\/07\/frapelle-une-nuit-etoilee-sur-le-plateau-de-charemont\/","name":"Frapelle \u2013 Une nuit \u00e9toil\u00e9e sur le plateau de Char\u00e9mont - Saint Die Info","isPartOf":{"@id":"https:\/\/vosgesinfo.fr\/saintdieinfo\/#website"},"primaryImageOfPage":{"@id":"https:\/\/vosgesinfo.fr\/saintdieinfo\/2025\/07\/frapelle-une-nuit-etoilee-sur-le-plateau-de-charemont\/#primaryimage"},"image":{"@id":"https:\/\/vosgesinfo.fr\/saintdieinfo\/2025\/07\/frapelle-une-nuit-etoilee-sur-le-plateau-de-charemont\/#primaryimage"},"thumbnailUrl":"https:\/\/vosgesinfo.fr\/app\/uploads\/sites\/4\/2017\/07\/nuit-des-etoiles-deneb88-03.jpg","datePublished":"2025-07-30T07:00:09+00:00","dateModified":"2025-07-30T06:33:25+00:00","breadcrumb":{"@id":"https:\/\/vosgesinfo.fr\/saintdieinfo\/2025\/07\/frapelle-une-nuit-etoilee-sur-le-plateau-de-charemont\/#breadcrumb"},"inLanguage":"fr-FR","potentialAction":[{"@type":"ReadAction","target":["https:\/\/vosgesinfo.fr\/saintdieinfo\/2025\/07\/frapelle-une-nuit-etoilee-sur-le-plateau-de-charemont\/"]}]},{"@type":"ImageObject","inLanguage":"fr-FR","@id":"https:\/\/vosgesinfo.fr\/saintdieinfo\/2025\/07\/frapelle-une-nuit-etoilee-sur-le-plateau-de-charemont\/#primaryimage","url":"https:\/\/vosgesinfo.fr\/app\/uploads\/sites\/4\/2017\/07\/nuit-des-etoiles-deneb88-03.jpg","contentUrl":"https:\/\/vosgesinfo.fr\/app\/uploads\/sites\/4\/2017\/07\/nuit-des-etoiles-deneb88-03.jpg","width":1000,"height":667,"caption":"(Archive)"},{"@type":"BreadcrumbList","@id":"https:\/\/vosgesinfo.fr\/saintdieinfo\/2025\/07\/frapelle-une-nuit-etoilee-sur-le-plateau-de-charemont\/#breadcrumb","itemListElement":[{"@type":"ListItem","position":1,"name":"Home","item":"https:\/\/vosgesinfo.fr\/saintdieinfo\/"},{"@type":"ListItem","position":2,"name":"Frapelle \u2013 Une nuit \u00e9toil\u00e9e sur le plateau de Char\u00e9mont"}]},{"@type":"WebSite","@id":"https:\/\/vosgesinfo.fr\/saintdieinfo\/#website","url":"https:\/\/vosgesinfo.fr\/saintdieinfo\/","name":"Saint Die Info","description":"Toute l&#039;actualit\u00e9 de Saint-Di\u00e9-Des-Vosges","publisher":{"@id":"https:\/\/vosgesinfo.fr\/saintdieinfo\/#organization"},"alternateName":"Toute l'actualit\u00e9 de Saint-Di\u00e9-Des-Vosges","potentialAction":[{"@type":"SearchAction","target":{"@type":"EntryPoint","urlTemplate":"https:\/\/vosgesinfo.fr\/saintdieinfo\/?s={search_term_string}"},"query-input":"required name=search_term_string"}],"inLanguage":"fr-FR"},{"@type":"Organization","@id":"https:\/\/vosgesinfo.fr\/saintdieinfo\/#organization","name":"Saint Die Info","url":"https:\/\/vosgesinfo.fr\/saintdieinfo\/","logo":{"@type":"ImageObject","inLanguage":"fr-FR","@id":"https:\/\/vosgesinfo.fr\/saintdieinfo\/#\/schema\/logo\/image\/","url":"https:\/\/vosgesinfo.fr\/app\/uploads\/sites\/4\/2024\/02\/logo-sdi.jpg","contentUrl":"https:\/\/vosgesinfo.fr\/app\/uploads\/sites\/4\/2024\/02\/logo-sdi.jpg","width":600,"height":600,"caption":"Saint Die Info"},"image":{"@id":"https:\/\/vosgesinfo.fr\/saintdieinfo\/#\/schema\/logo\/image\/"},"sameAs":["https:\/\/www.facebook.com\/Saintdieinfofr","https:\/\/x.com\/VosgesInfo88","https:\/\/www.youtube.com\/@vosgesinfo"]},{"@type":"Person","@id":"https:\/\/vosgesinfo.fr\/saintdieinfo\/#\/schema\/person\/fa73e9f726d67bb88f46d5b7943cb572","name":"J.J.","image":{"@type":"ImageObject","inLanguage":"fr-FR","@id":"https:\/\/vosgesinfo.fr\/saintdieinfo\/#\/schema\/person\/image\/","url":"https:\/\/secure.gravatar.com\/avatar\/219e749e47ffbcca018a360ae4add7d4cdf1cdaaf8bc7676b27efade3fe65615?s=96&d=mm&r=g","contentUrl":"https:\/\/secure.gravatar.com\/avatar\/219e749e47ffbcca018a360ae4add7d4cdf1cdaaf8bc7676b27efade3fe65615?s=96&d=mm&r=g","caption":"J.J."},"url":"https:\/\/vosgesinfo.fr\/saintdieinfo\/author\/j-j\/"}]}},"_links":{"self":[{"href":"https:\/\/vosgesinfo.fr\/saintdieinfo\/wp-json\/wp\/v2\/posts\/80769","targetHints":{"allow":["GET"]}}],"collection":[{"href":"https:\/\/vosgesinfo.fr\/saintdieinfo\/wp-json\/wp\/v2\/posts"}],"about":[{"href":"https:\/\/vosgesinfo.fr\/saintdieinfo\/wp-json\/wp\/v2\/types\/post"}],"author":[{"embeddable":true,"href":"https:\/\/vosgesinfo.fr\/saintdieinfo\/wp-json\/wp\/v2\/users\/46"}],"replies":[{"embeddable":true,"href":"https:\/\/vosgesinfo.fr\/saintdieinfo\/wp-json\/wp\/v2\/comments?post=80769"}],"version-history":[{"count":1,"href":"https:\/\/vosgesinfo.fr\/saintdieinfo\/wp-json\/wp\/v2\/posts\/80769\/revisions"}],"predecessor-version":[{"id":80771,"href":"https:\/\/vosgesinfo.fr\/saintdieinfo\/wp-json\/wp\/v2\/posts\/80769\/revisions\/80771"}],"wp:featuredmedia":[{"embeddable":true,"href":"https:\/\/vosgesinfo.fr\/saintdieinfo\/wp-json\/wp\/v2\/media\/22087"}],"wp:attachment":[{"href":"https:\/\/vosgesinfo.fr\/saintdieinfo\/wp-json\/wp\/v2\/media?parent=80769"}],"wp:term":[{"taxonomy":"category","embeddable":true,"href":"https:\/\/vosgesinfo.fr\/saintdieinfo\/wp-json\/wp\/v2\/categories?post=80769"},{"taxonomy":"post_tag","embeddable":true,"href":"https:\/\/vosgesinfo.fr\/saintdieinfo\/wp-json\/wp\/v2\/tags?post=80769"}],"curies":[{"name":"wp","href":"https:\/\/api.w.org\/{rel}","templated":true}]}}