{"id":80775,"date":"2025-07-30T09:45:36","date_gmt":"2025-07-30T07:45:36","guid":{"rendered":"https:\/\/vosgesinfo.fr\/saintdieinfo\/?p=80775"},"modified":"2025-07-30T09:08:33","modified_gmt":"2025-07-30T07:08:33","slug":"plainfaing-tout-savoir-sur-le-darou-et-ses-cousins","status":"publish","type":"post","link":"https:\/\/vosgesinfo.fr\/saintdieinfo\/2025\/07\/plainfaing-tout-savoir-sur-le-darou-et-ses-cousins\/","title":{"rendered":"Plainfaing \u2013 Tout savoir sur le Darou et ses cousins"},"content":{"rendered":"<h2 data-start=\"76\" data-end=\"460\"><strong data-start=\"76\" data-end=\"111\">Vendredi 19 septembre \u00e0 18 h 30<\/strong>, le <strong data-start=\"116\" data-end=\"154\">cin\u00e9ma de Noiregoutte \u00e0 Plainfaing<\/strong> accueillera une conf\u00e9rence organis\u00e9e par <strong data-start=\"196\" data-end=\"247\">l\u2019association naturaliste et historienne BERIAN<\/strong>. Intitul\u00e9e <em data-start=\"259\" data-end=\"304\" data-is-only-node=\"\">\u00ab Tout savoir sur le Darou et ses cousins \u00bb<\/em>, cette conf\u00e9rence gratuite et ouverte \u00e0 tous abordera une tradition bien ancr\u00e9e dans l\u2019imaginaire collectif : la <strong data-start=\"399\" data-end=\"418\">chasse au Darou<\/strong>, farce rurale destin\u00e9e aux plus cr\u00e9dules.<\/h2>\n<p data-start=\"76\" data-end=\"460\"><!--more-->\u00ab\u202fLa chasse \u00e0 <strong data-start=\"310\" data-end=\"343\">cet animal sauvage imaginaire<\/strong> est un v\u00e9ritable<strong> rituel initiatique<\/strong> et, si l&rsquo;histoire est, \u00e0 quelques variantes pr\u00e8s, toujours la m\u00eame, l\u2019imagination d\u00e9bordante des villageois a fait surgir <strong>autant de Darou que de r\u00e9gions<\/strong>. La tradition que l&rsquo;on imagine <strong data-start=\"564\" data-end=\"587\">\u00ab\u00a0bien de chez nous\u00a0\u00bb<\/strong> serait donc nationale ? Bien plus que cela, la chasse au Darou, ou quel que soit son nom, <strong data-start=\"678\" data-end=\"715\">en Europe ou dans le monde entier<\/strong>, est une <strong data-start=\"725\" data-end=\"753\">tradition internationale<\/strong>\u202f\u00bb explique \u00e0 ce propos <strong data-start=\"777\" data-end=\"802\">Jean-Micha\u00ebl Choserot<\/strong>, pr\u00e9sident de <strong data-start=\"817\" data-end=\"827\">BERIAN<\/strong>.<\/p>\n<p data-start=\"76\" data-end=\"460\">Pour tous renseignements compl\u00e9mentaires : <strong data-start=\"810\" data-end=\"861\">07-67-87-00-43 <\/strong>ou <strong data-start=\"810\" data-end=\"861\"><a class=\"cursor-pointer\" href=\"mailto:berian.association@hotmail.com\" target=\"_blank\" rel=\"noopener\" data-start=\"829\" data-end=\"859\">berian.association@hotmail.com<\/a><\/strong><\/p>\n<p data-start=\"462\" data-end=\"778\">Pour suivre l\u2019actualit\u00e9 de l\u2019association, rendez-vous sur <strong><a href=\"https:\/\/berian.jimdosite.com\/\" target=\"_blank\" rel=\"noopener\">https:\/\/berian.jimdosite.com\/<\/a><\/strong>.<\/p>\n<p data-start=\"462\" data-end=\"778\"><a href=\"https:\/\/vosgesinfo.fr\/app\/uploads\/sites\/4\/2025\/07\/plainfaing-conference-berian-darou.jpg\"><img decoding=\"async\" class=\"alignnone size-large wp-image-80776\" src=\"https:\/\/vosgesinfo.fr\/app\/uploads\/sites\/4\/2025\/07\/plainfaing-conference-berian-darou-724x1024.jpg\" alt=\"\" width=\"724\" height=\"1024\" srcset=\"https:\/\/vosgesinfo.fr\/app\/uploads\/sites\/4\/2025\/07\/plainfaing-conference-berian-darou-724x1024.jpg 724w, https:\/\/vosgesinfo.fr\/app\/uploads\/sites\/4\/2025\/07\/plainfaing-conference-berian-darou-212x300.jpg 212w, https:\/\/vosgesinfo.fr\/app\/uploads\/sites\/4\/2025\/07\/plainfaing-conference-berian-darou-768x1086.jpg 768w, https:\/\/vosgesinfo.fr\/app\/uploads\/sites\/4\/2025\/07\/plainfaing-conference-berian-darou-1086x1536.jpg 1086w, https:\/\/vosgesinfo.fr\/app\/uploads\/sites\/4\/2025\/07\/plainfaing-conference-berian-darou.jpg 1240w\" sizes=\"(max-width: 724px) 100vw, 724px\" \/><\/a><\/p>\n","protected":false},"excerpt":{"rendered":"<p>Vendredi 19 septembre \u00e0 18 h 30, le cin\u00e9ma de Noiregoutte \u00e0 Plainfaing accueillera une conf\u00e9rence organis\u00e9e par l\u2019association naturaliste [&hellip;]<\/p>\n","protected":false},"author":46,"featured_media":76815,"comment_status":"open","ping_status":"open","sticky":false,"template":"","format":"standard","meta":{"footnotes":""},"categories":[3900,7847,3903,17],"tags":[3010,3015,2872,17043,3616,2481],"class_list":["post-80775","post","type-post","status-publish","format-standard","has-post-thumbnail","hentry","category-breves","category-art-culture","category-deodatie","category-vie-associative","tag-berian","tag-cinema-de-noiregoutte","tag-conference","tag-darou-des-vosges","tag-jean-michael-choserot","tag-plainfaing"],"acf":[],"yoast_head":"<!-- This site is optimized with the Yoast SEO plugin v22.5 - https:\/\/yoast.com\/wordpress\/plugins\/seo\/ -->\n<title>Plainfaing \u2013 Tout savoir sur le Darou et ses cousins - Saint Die Info<\/title>\n<meta name=\"robots\" content=\"index, follow, max-snippet:-1, max-image-preview:large, max-video-preview:-1\" \/>\n<link rel=\"canonical\" href=\"https:\/\/vosgesinfo.fr\/saintdieinfo\/2025\/07\/plainfaing-tout-savoir-sur-le-darou-et-ses-cousins\/\" \/>\n<meta name=\"twitter:card\" content=\"summary_large_image\" \/>\n<meta name=\"twitter:title\" content=\"Plainfaing \u2013 Tout savoir sur le Darou et ses cousins - Saint Die Info\" \/>\n<meta name=\"twitter:description\" content=\"Vendredi 19 septembre \u00e0 18 h 30, le cin\u00e9ma de Noiregoutte \u00e0 Plainfaing accueillera une conf\u00e9rence organis\u00e9e par l\u2019association naturaliste [&hellip;]\" \/>\n<meta name=\"twitter:image\" content=\"https:\/\/vosgesinfo.fr\/app\/uploads\/sites\/4\/2025\/04\/darou-berian.jpg\" \/>\n<meta name=\"twitter:creator\" content=\"@VosgesInfo88\" \/>\n<meta name=\"twitter:site\" content=\"@VosgesInfo88\" \/>\n<meta name=\"twitter:label1\" content=\"\u00c9crit par\" \/>\n\t<meta name=\"twitter:data1\" content=\"J.J.\" \/>\n\t<meta name=\"twitter:label2\" content=\"Dur\u00e9e de lecture estim\u00e9e\" \/>\n\t<meta name=\"twitter:data2\" content=\"1 minute\" \/>\n<script type=\"application\/ld+json\" class=\"yoast-schema-graph\">{\"@context\":\"https:\/\/schema.org\",\"@graph\":[{\"@type\":\"Article\",\"@id\":\"https:\/\/vosgesinfo.fr\/saintdieinfo\/2025\/07\/plainfaing-tout-savoir-sur-le-darou-et-ses-cousins\/#article\",\"isPartOf\":{\"@id\":\"https:\/\/vosgesinfo.fr\/saintdieinfo\/2025\/07\/plainfaing-tout-savoir-sur-le-darou-et-ses-cousins\/\"},\"author\":{\"name\":\"J.J.\",\"@id\":\"https:\/\/vosgesinfo.fr\/saintdieinfo\/#\/schema\/person\/fa73e9f726d67bb88f46d5b7943cb572\"},\"headline\":\"Plainfaing \u2013 Tout savoir sur le Darou et ses cousins\",\"datePublished\":\"2025-07-30T07:45:36+00:00\",\"dateModified\":\"2025-07-30T07:08:33+00:00\",\"mainEntityOfPage\":{\"@id\":\"https:\/\/vosgesinfo.fr\/saintdieinfo\/2025\/07\/plainfaing-tout-savoir-sur-le-darou-et-ses-cousins\/\"},\"wordCount\":186,\"commentCount\":0,\"publisher\":{\"@id\":\"https:\/\/vosgesinfo.fr\/saintdieinfo\/#organization\"},\"image\":{\"@id\":\"https:\/\/vosgesinfo.fr\/saintdieinfo\/2025\/07\/plainfaing-tout-savoir-sur-le-darou-et-ses-cousins\/#primaryimage\"},\"thumbnailUrl\":\"https:\/\/vosgesinfo.fr\/app\/uploads\/sites\/4\/2025\/04\/darou-berian.jpg\",\"keywords\":[\"BERIAN\",\"Cin\u00e9ma de Noiregoutte\",\"conf\u00e9rence\",\"Darou des Vosges\",\"Jean-Micha\u00ebl Choserot\",\"Plainfaing\"],\"articleSection\":[\"Br\u00e8ves\",\"Culture\",\"D\u00e9odatie\",\"Vie Associative\"],\"inLanguage\":\"fr-FR\",\"potentialAction\":[{\"@type\":\"CommentAction\",\"name\":\"Comment\",\"target\":[\"https:\/\/vosgesinfo.fr\/saintdieinfo\/2025\/07\/plainfaing-tout-savoir-sur-le-darou-et-ses-cousins\/#respond\"]}]},{\"@type\":\"WebPage\",\"@id\":\"https:\/\/vosgesinfo.fr\/saintdieinfo\/2025\/07\/plainfaing-tout-savoir-sur-le-darou-et-ses-cousins\/\",\"url\":\"https:\/\/vosgesinfo.fr\/saintdieinfo\/2025\/07\/plainfaing-tout-savoir-sur-le-darou-et-ses-cousins\/\",\"name\":\"Plainfaing \u2013 Tout savoir sur le Darou et ses cousins - Saint Die Info\",\"isPartOf\":{\"@id\":\"https:\/\/vosgesinfo.fr\/saintdieinfo\/#website\"},\"primaryImageOfPage\":{\"@id\":\"https:\/\/vosgesinfo.fr\/saintdieinfo\/2025\/07\/plainfaing-tout-savoir-sur-le-darou-et-ses-cousins\/#primaryimage\"},\"image\":{\"@id\":\"https:\/\/vosgesinfo.fr\/saintdieinfo\/2025\/07\/plainfaing-tout-savoir-sur-le-darou-et-ses-cousins\/#primaryimage\"},\"thumbnailUrl\":\"https:\/\/vosgesinfo.fr\/app\/uploads\/sites\/4\/2025\/04\/darou-berian.jpg\",\"datePublished\":\"2025-07-30T07:45:36+00:00\",\"dateModified\":\"2025-07-30T07:08:33+00:00\",\"breadcrumb\":{\"@id\":\"https:\/\/vosgesinfo.fr\/saintdieinfo\/2025\/07\/plainfaing-tout-savoir-sur-le-darou-et-ses-cousins\/#breadcrumb\"},\"inLanguage\":\"fr-FR\",\"potentialAction\":[{\"@type\":\"ReadAction\",\"target\":[\"https:\/\/vosgesinfo.fr\/saintdieinfo\/2025\/07\/plainfaing-tout-savoir-sur-le-darou-et-ses-cousins\/\"]}]},{\"@type\":\"ImageObject\",\"inLanguage\":\"fr-FR\",\"@id\":\"https:\/\/vosgesinfo.fr\/saintdieinfo\/2025\/07\/plainfaing-tout-savoir-sur-le-darou-et-ses-cousins\/#primaryimage\",\"url\":\"https:\/\/vosgesinfo.fr\/app\/uploads\/sites\/4\/2025\/04\/darou-berian.jpg\",\"contentUrl\":\"https:\/\/vosgesinfo.fr\/app\/uploads\/sites\/4\/2025\/04\/darou-berian.jpg\",\"width\":640,\"height\":543,\"caption\":\"(Image BERIAN)\"},{\"@type\":\"BreadcrumbList\",\"@id\":\"https:\/\/vosgesinfo.fr\/saintdieinfo\/2025\/07\/plainfaing-tout-savoir-sur-le-darou-et-ses-cousins\/#breadcrumb\",\"itemListElement\":[{\"@type\":\"ListItem\",\"position\":1,\"name\":\"Home\",\"item\":\"https:\/\/vosgesinfo.fr\/saintdieinfo\/\"},{\"@type\":\"ListItem\",\"position\":2,\"name\":\"Plainfaing \u2013 Tout savoir sur le Darou et ses cousins\"}]},{\"@type\":\"WebSite\",\"@id\":\"https:\/\/vosgesinfo.fr\/saintdieinfo\/#website\",\"url\":\"https:\/\/vosgesinfo.fr\/saintdieinfo\/\",\"name\":\"Saint Die Info\",\"description\":\"Toute l&#039;actualit\u00e9 de Saint-Di\u00e9-Des-Vosges\",\"publisher\":{\"@id\":\"https:\/\/vosgesinfo.fr\/saintdieinfo\/#organization\"},\"alternateName\":\"Toute l'actualit\u00e9 de Saint-Di\u00e9-Des-Vosges\",\"potentialAction\":[{\"@type\":\"SearchAction\",\"target\":{\"@type\":\"EntryPoint\",\"urlTemplate\":\"https:\/\/vosgesinfo.fr\/saintdieinfo\/?s={search_term_string}\"},\"query-input\":\"required name=search_term_string\"}],\"inLanguage\":\"fr-FR\"},{\"@type\":\"Organization\",\"@id\":\"https:\/\/vosgesinfo.fr\/saintdieinfo\/#organization\",\"name\":\"Saint Die Info\",\"url\":\"https:\/\/vosgesinfo.fr\/saintdieinfo\/\",\"logo\":{\"@type\":\"ImageObject\",\"inLanguage\":\"fr-FR\",\"@id\":\"https:\/\/vosgesinfo.fr\/saintdieinfo\/#\/schema\/logo\/image\/\",\"url\":\"https:\/\/vosgesinfo.fr\/app\/uploads\/sites\/4\/2024\/02\/logo-sdi.jpg\",\"contentUrl\":\"https:\/\/vosgesinfo.fr\/app\/uploads\/sites\/4\/2024\/02\/logo-sdi.jpg\",\"width\":600,\"height\":600,\"caption\":\"Saint Die Info\"},\"image\":{\"@id\":\"https:\/\/vosgesinfo.fr\/saintdieinfo\/#\/schema\/logo\/image\/\"},\"sameAs\":[\"https:\/\/www.facebook.com\/Saintdieinfofr\",\"https:\/\/x.com\/VosgesInfo88\",\"https:\/\/www.youtube.com\/@vosgesinfo\"]},{\"@type\":\"Person\",\"@id\":\"https:\/\/vosgesinfo.fr\/saintdieinfo\/#\/schema\/person\/fa73e9f726d67bb88f46d5b7943cb572\",\"name\":\"J.J.\",\"image\":{\"@type\":\"ImageObject\",\"inLanguage\":\"fr-FR\",\"@id\":\"https:\/\/vosgesinfo.fr\/saintdieinfo\/#\/schema\/person\/image\/\",\"url\":\"https:\/\/secure.gravatar.com\/avatar\/219e749e47ffbcca018a360ae4add7d4cdf1cdaaf8bc7676b27efade3fe65615?s=96&d=mm&r=g\",\"contentUrl\":\"https:\/\/secure.gravatar.com\/avatar\/219e749e47ffbcca018a360ae4add7d4cdf1cdaaf8bc7676b27efade3fe65615?s=96&d=mm&r=g\",\"caption\":\"J.J.\"},\"url\":\"https:\/\/vosgesinfo.fr\/saintdieinfo\/author\/j-j\/\"}]}<\/script>\n<!-- \/ Yoast SEO plugin. -->","yoast_head_json":{"title":"Plainfaing \u2013 Tout savoir sur le Darou et ses cousins - Saint Die Info","robots":{"index":"index","follow":"follow","max-snippet":"max-snippet:-1","max-image-preview":"max-image-preview:large","max-video-preview":"max-video-preview:-1"},"canonical":"https:\/\/vosgesinfo.fr\/saintdieinfo\/2025\/07\/plainfaing-tout-savoir-sur-le-darou-et-ses-cousins\/","twitter_card":"summary_large_image","twitter_title":"Plainfaing \u2013 Tout savoir sur le Darou et ses cousins - Saint Die Info","twitter_description":"Vendredi 19 septembre \u00e0 18 h 30, le cin\u00e9ma de Noiregoutte \u00e0 Plainfaing accueillera une conf\u00e9rence organis\u00e9e par l\u2019association naturaliste [&hellip;]","twitter_image":"https:\/\/vosgesinfo.fr\/app\/uploads\/sites\/4\/2025\/04\/darou-berian.jpg","twitter_creator":"@VosgesInfo88","twitter_site":"@VosgesInfo88","twitter_misc":{"\u00c9crit par":"J.J.","Dur\u00e9e de lecture estim\u00e9e":"1 minute"},"schema":{"@context":"https:\/\/schema.org","@graph":[{"@type":"Article","@id":"https:\/\/vosgesinfo.fr\/saintdieinfo\/2025\/07\/plainfaing-tout-savoir-sur-le-darou-et-ses-cousins\/#article","isPartOf":{"@id":"https:\/\/vosgesinfo.fr\/saintdieinfo\/2025\/07\/plainfaing-tout-savoir-sur-le-darou-et-ses-cousins\/"},"author":{"name":"J.J.","@id":"https:\/\/vosgesinfo.fr\/saintdieinfo\/#\/schema\/person\/fa73e9f726d67bb88f46d5b7943cb572"},"headline":"Plainfaing \u2013 Tout savoir sur le Darou et ses cousins","datePublished":"2025-07-30T07:45:36+00:00","dateModified":"2025-07-30T07:08:33+00:00","mainEntityOfPage":{"@id":"https:\/\/vosgesinfo.fr\/saintdieinfo\/2025\/07\/plainfaing-tout-savoir-sur-le-darou-et-ses-cousins\/"},"wordCount":186,"commentCount":0,"publisher":{"@id":"https:\/\/vosgesinfo.fr\/saintdieinfo\/#organization"},"image":{"@id":"https:\/\/vosgesinfo.fr\/saintdieinfo\/2025\/07\/plainfaing-tout-savoir-sur-le-darou-et-ses-cousins\/#primaryimage"},"thumbnailUrl":"https:\/\/vosgesinfo.fr\/app\/uploads\/sites\/4\/2025\/04\/darou-berian.jpg","keywords":["BERIAN","Cin\u00e9ma de Noiregoutte","conf\u00e9rence","Darou des Vosges","Jean-Micha\u00ebl Choserot","Plainfaing"],"articleSection":["Br\u00e8ves","Culture","D\u00e9odatie","Vie Associative"],"inLanguage":"fr-FR","potentialAction":[{"@type":"CommentAction","name":"Comment","target":["https:\/\/vosgesinfo.fr\/saintdieinfo\/2025\/07\/plainfaing-tout-savoir-sur-le-darou-et-ses-cousins\/#respond"]}]},{"@type":"WebPage","@id":"https:\/\/vosgesinfo.fr\/saintdieinfo\/2025\/07\/plainfaing-tout-savoir-sur-le-darou-et-ses-cousins\/","url":"https:\/\/vosgesinfo.fr\/saintdieinfo\/2025\/07\/plainfaing-tout-savoir-sur-le-darou-et-ses-cousins\/","name":"Plainfaing \u2013 Tout savoir sur le Darou et ses cousins - Saint Die Info","isPartOf":{"@id":"https:\/\/vosgesinfo.fr\/saintdieinfo\/#website"},"primaryImageOfPage":{"@id":"https:\/\/vosgesinfo.fr\/saintdieinfo\/2025\/07\/plainfaing-tout-savoir-sur-le-darou-et-ses-cousins\/#primaryimage"},"image":{"@id":"https:\/\/vosgesinfo.fr\/saintdieinfo\/2025\/07\/plainfaing-tout-savoir-sur-le-darou-et-ses-cousins\/#primaryimage"},"thumbnailUrl":"https:\/\/vosgesinfo.fr\/app\/uploads\/sites\/4\/2025\/04\/darou-berian.jpg","datePublished":"2025-07-30T07:45:36+00:00","dateModified":"2025-07-30T07:08:33+00:00","breadcrumb":{"@id":"https:\/\/vosgesinfo.fr\/saintdieinfo\/2025\/07\/plainfaing-tout-savoir-sur-le-darou-et-ses-cousins\/#breadcrumb"},"inLanguage":"fr-FR","potentialAction":[{"@type":"ReadAction","target":["https:\/\/vosgesinfo.fr\/saintdieinfo\/2025\/07\/plainfaing-tout-savoir-sur-le-darou-et-ses-cousins\/"]}]},{"@type":"ImageObject","inLanguage":"fr-FR","@id":"https:\/\/vosgesinfo.fr\/saintdieinfo\/2025\/07\/plainfaing-tout-savoir-sur-le-darou-et-ses-cousins\/#primaryimage","url":"https:\/\/vosgesinfo.fr\/app\/uploads\/sites\/4\/2025\/04\/darou-berian.jpg","contentUrl":"https:\/\/vosgesinfo.fr\/app\/uploads\/sites\/4\/2025\/04\/darou-berian.jpg","width":640,"height":543,"caption":"(Image BERIAN)"},{"@type":"BreadcrumbList","@id":"https:\/\/vosgesinfo.fr\/saintdieinfo\/2025\/07\/plainfaing-tout-savoir-sur-le-darou-et-ses-cousins\/#breadcrumb","itemListElement":[{"@type":"ListItem","position":1,"name":"Home","item":"https:\/\/vosgesinfo.fr\/saintdieinfo\/"},{"@type":"ListItem","position":2,"name":"Plainfaing \u2013 Tout savoir sur le Darou et ses cousins"}]},{"@type":"WebSite","@id":"https:\/\/vosgesinfo.fr\/saintdieinfo\/#website","url":"https:\/\/vosgesinfo.fr\/saintdieinfo\/","name":"Saint Die Info","description":"Toute l&#039;actualit\u00e9 de Saint-Di\u00e9-Des-Vosges","publisher":{"@id":"https:\/\/vosgesinfo.fr\/saintdieinfo\/#organization"},"alternateName":"Toute l'actualit\u00e9 de Saint-Di\u00e9-Des-Vosges","potentialAction":[{"@type":"SearchAction","target":{"@type":"EntryPoint","urlTemplate":"https:\/\/vosgesinfo.fr\/saintdieinfo\/?s={search_term_string}"},"query-input":"required name=search_term_string"}],"inLanguage":"fr-FR"},{"@type":"Organization","@id":"https:\/\/vosgesinfo.fr\/saintdieinfo\/#organization","name":"Saint Die Info","url":"https:\/\/vosgesinfo.fr\/saintdieinfo\/","logo":{"@type":"ImageObject","inLanguage":"fr-FR","@id":"https:\/\/vosgesinfo.fr\/saintdieinfo\/#\/schema\/logo\/image\/","url":"https:\/\/vosgesinfo.fr\/app\/uploads\/sites\/4\/2024\/02\/logo-sdi.jpg","contentUrl":"https:\/\/vosgesinfo.fr\/app\/uploads\/sites\/4\/2024\/02\/logo-sdi.jpg","width":600,"height":600,"caption":"Saint Die Info"},"image":{"@id":"https:\/\/vosgesinfo.fr\/saintdieinfo\/#\/schema\/logo\/image\/"},"sameAs":["https:\/\/www.facebook.com\/Saintdieinfofr","https:\/\/x.com\/VosgesInfo88","https:\/\/www.youtube.com\/@vosgesinfo"]},{"@type":"Person","@id":"https:\/\/vosgesinfo.fr\/saintdieinfo\/#\/schema\/person\/fa73e9f726d67bb88f46d5b7943cb572","name":"J.J.","image":{"@type":"ImageObject","inLanguage":"fr-FR","@id":"https:\/\/vosgesinfo.fr\/saintdieinfo\/#\/schema\/person\/image\/","url":"https:\/\/secure.gravatar.com\/avatar\/219e749e47ffbcca018a360ae4add7d4cdf1cdaaf8bc7676b27efade3fe65615?s=96&d=mm&r=g","contentUrl":"https:\/\/secure.gravatar.com\/avatar\/219e749e47ffbcca018a360ae4add7d4cdf1cdaaf8bc7676b27efade3fe65615?s=96&d=mm&r=g","caption":"J.J."},"url":"https:\/\/vosgesinfo.fr\/saintdieinfo\/author\/j-j\/"}]}},"_links":{"self":[{"href":"https:\/\/vosgesinfo.fr\/saintdieinfo\/wp-json\/wp\/v2\/posts\/80775","targetHints":{"allow":["GET"]}}],"collection":[{"href":"https:\/\/vosgesinfo.fr\/saintdieinfo\/wp-json\/wp\/v2\/posts"}],"about":[{"href":"https:\/\/vosgesinfo.fr\/saintdieinfo\/wp-json\/wp\/v2\/types\/post"}],"author":[{"embeddable":true,"href":"https:\/\/vosgesinfo.fr\/saintdieinfo\/wp-json\/wp\/v2\/users\/46"}],"replies":[{"embeddable":true,"href":"https:\/\/vosgesinfo.fr\/saintdieinfo\/wp-json\/wp\/v2\/comments?post=80775"}],"version-history":[{"count":1,"href":"https:\/\/vosgesinfo.fr\/saintdieinfo\/wp-json\/wp\/v2\/posts\/80775\/revisions"}],"predecessor-version":[{"id":80777,"href":"https:\/\/vosgesinfo.fr\/saintdieinfo\/wp-json\/wp\/v2\/posts\/80775\/revisions\/80777"}],"wp:featuredmedia":[{"embeddable":true,"href":"https:\/\/vosgesinfo.fr\/saintdieinfo\/wp-json\/wp\/v2\/media\/76815"}],"wp:attachment":[{"href":"https:\/\/vosgesinfo.fr\/saintdieinfo\/wp-json\/wp\/v2\/media?parent=80775"}],"wp:term":[{"taxonomy":"category","embeddable":true,"href":"https:\/\/vosgesinfo.fr\/saintdieinfo\/wp-json\/wp\/v2\/categories?post=80775"},{"taxonomy":"post_tag","embeddable":true,"href":"https:\/\/vosgesinfo.fr\/saintdieinfo\/wp-json\/wp\/v2\/tags?post=80775"}],"curies":[{"name":"wp","href":"https:\/\/api.w.org\/{rel}","templated":true}]}}