{"id":81521,"date":"2025-09-01T11:30:37","date_gmt":"2025-09-01T09:30:37","guid":{"rendered":"https:\/\/vosgesinfo.fr\/saintdieinfo\/?p=81521"},"modified":"2025-09-01T11:17:07","modified_gmt":"2025-09-01T09:17:07","slug":"rentree-scolaire-les-effectifs-en-legere-baisse-a-saint-die-des-vosges","status":"publish","type":"post","link":"https:\/\/vosgesinfo.fr\/saintdieinfo\/2025\/09\/rentree-scolaire-les-effectifs-en-legere-baisse-a-saint-die-des-vosges\/","title":{"rendered":"Rentr\u00e9e scolaire\u00a0: les effectifs en l\u00e9g\u00e8re baisse \u00e0 Saint-Di\u00e9-des-Vosges"},"content":{"rendered":"<p data-start=\"49\" data-end=\"396\"><a href=\"https:\/\/vosgesinfo.fr\/app\/uploads\/sites\/4\/2025\/09\/rentree-scolaire-sddv-2025-2026-1.jpg\"><img decoding=\"async\" class=\"alignnone size-large wp-image-81523\" src=\"https:\/\/vosgesinfo.fr\/app\/uploads\/sites\/4\/2025\/09\/rentree-scolaire-sddv-2025-2026-1-1024x771.jpg\" alt=\"\" width=\"1024\" height=\"771\" srcset=\"https:\/\/vosgesinfo.fr\/app\/uploads\/sites\/4\/2025\/09\/rentree-scolaire-sddv-2025-2026-1-1024x771.jpg 1024w, https:\/\/vosgesinfo.fr\/app\/uploads\/sites\/4\/2025\/09\/rentree-scolaire-sddv-2025-2026-1-300x226.jpg 300w, https:\/\/vosgesinfo.fr\/app\/uploads\/sites\/4\/2025\/09\/rentree-scolaire-sddv-2025-2026-1-768x578.jpg 768w, https:\/\/vosgesinfo.fr\/app\/uploads\/sites\/4\/2025\/09\/rentree-scolaire-sddv-2025-2026-1-1536x1157.jpg 1536w, https:\/\/vosgesinfo.fr\/app\/uploads\/sites\/4\/2025\/09\/rentree-scolaire-sddv-2025-2026-1.jpg 1600w\" sizes=\"(max-width: 1024px) 100vw, 1024px\" \/><\/a><\/p>\n<h2 data-start=\"49\" data-end=\"396\">L&rsquo;heure de la rentr\u00e9e a sonn\u00e9 pour <strong data-start=\"84\" data-end=\"118\">plus de 12 millions d&rsquo;\u00e9coliers<\/strong> en ce lundi 1er septembre. Ce matin et comme partout en France, les \u00e9l\u00e8ves d\u00e9odatiens ont rejoint leurs \u00e9coles respectives. Pour cette rentr\u00e9e <strong data-start=\"262\" data-end=\"275\">2025-2026<\/strong>, le maire <strong data-start=\"286\" data-end=\"305\">Bruno Toussaint<\/strong> s&rsquo;est rendu \u00e0 l&rsquo;\u00e9cole <strong data-start=\"328\" data-end=\"348\">Ferdinand-Brunot<\/strong> avec l&rsquo;adjointe \u00e0 l&rsquo;\u00c9ducation <strong data-start=\"379\" data-end=\"393\">Boury Seck<\/strong>.<\/h2>\n<p data-start=\"49\" data-end=\"396\"><!--more--><\/p>\n<h3 data-start=\"398\" data-end=\"423\"><strong>S\u00e9curisation des abords de l&rsquo;\u00e9cole Ferdinand-Brunot<\/strong><\/h3>\n<p data-start=\"424\" data-end=\"979\">Le choix de cette \u00e9cole n&rsquo;est pas un hasard, car des op\u00e9rations de <strong data-start=\"491\" data-end=\"507\">s\u00e9curisation<\/strong> y ont \u00e9t\u00e9 r\u00e9cemment men\u00e9es par la Ville. \u00ab En concertation avec les <strong data-start=\"576\" data-end=\"596\">parents d&rsquo;\u00e9l\u00e8ves<\/strong> et la directrice <strong data-start=\"614\" data-end=\"632\">H\u00e9l\u00e8ne Bacquet<\/strong>, <strong data-start=\"634\" data-end=\"654\">9 arr\u00eats-minutes<\/strong> ont \u00e9t\u00e9 am\u00e9nag\u00e9s devant l&rsquo;entr\u00e9e de l&rsquo;\u00e9cole. De plus, la partie de la rue d&rsquo;Hellieule qui longe l&rsquo;\u00e9tablissement a \u00e9t\u00e9 <strong data-start=\"773\" data-end=\"796\">mise en sens unique<\/strong>. Ces 2 am\u00e9nagements d\u00e9coulent de <strong>plusieurs r\u00e9unions<\/strong>, en salle et sur le terrain \u00bb pr\u00e9cise Bruno Toussaint, avant d&rsquo;\u00e9voquer les <strong data-start=\"917\" data-end=\"940\">effectifs scolaires<\/strong> de cette rentr\u00e9e.<\/p>\n\n\t\t<style type=\"text\/css\">\n\t\t\t#gallery-1 {\n\t\t\t\tmargin: auto;\n\t\t\t}\n\t\t\t#gallery-1 .gallery-item {\n\t\t\t\tfloat: left;\n\t\t\t\tmargin-top: 10px;\n\t\t\t\ttext-align: center;\n\t\t\t\twidth: 50%;\n\t\t\t}\n\t\t\t#gallery-1 img {\n\t\t\t\tborder: 2px solid #cfcfcf;\n\t\t\t}\n\t\t\t#gallery-1 .gallery-caption {\n\t\t\t\tmargin-left: 0;\n\t\t\t}\n\t\t\t\/* see gallery_shortcode() in wp-includes\/media.php *\/\n\t\t<\/style>\n\t\t<div id='gallery-1' class='gallery galleryid-81521 gallery-columns-2 gallery-size-thumbnail'><dl class='gallery-item'>\n\t\t\t<dt class='gallery-icon landscape'>\n\t\t\t\t<a href='https:\/\/vosgesinfo.fr\/app\/uploads\/sites\/4\/2025\/09\/rentree-scolaire-sddv-2025-2026-3.jpg'><img decoding=\"async\" width=\"150\" height=\"150\" src=\"https:\/\/vosgesinfo.fr\/app\/uploads\/sites\/4\/2025\/09\/rentree-scolaire-sddv-2025-2026-3-150x150.jpg\" class=\"attachment-thumbnail size-thumbnail\" alt=\"\" \/><\/a>\n\t\t\t<\/dt><\/dl><dl class='gallery-item'>\n\t\t\t<dt class='gallery-icon landscape'>\n\t\t\t\t<a href='https:\/\/vosgesinfo.fr\/app\/uploads\/sites\/4\/2025\/09\/rentree-scolaire-sddv-2025-2026-4.jpg'><img decoding=\"async\" width=\"150\" height=\"150\" src=\"https:\/\/vosgesinfo.fr\/app\/uploads\/sites\/4\/2025\/09\/rentree-scolaire-sddv-2025-2026-4-150x150.jpg\" class=\"attachment-thumbnail size-thumbnail\" alt=\"\" \/><\/a>\n\t\t\t<\/dt><\/dl><br style=\"clear: both\" \/>\n\t\t<\/div>\n\n<h3 data-start=\"981\" data-end=\"1010\"><strong>Des effectifs scolaires en l\u00e9g\u00e8re baisse<\/strong><\/h3>\n<p data-start=\"1011\" data-end=\"1357\">Avec \u00e0 l&rsquo;heure actuelle <strong data-start=\"1067\" data-end=\"1105\">1350 \u00e9coliers inscrits, contre 1406<\/strong> \u00e0 la fin de la derni\u00e8re ann\u00e9e scolaire, <strong>les effectifs sont en l\u00e9g\u00e8re baisse \u00e0 Saint-Di\u00e9-des-Vosges<\/strong>. C&rsquo;est donc environ <strong data-start=\"1165\" data-end=\"1187\">50 \u00e9l\u00e8ves de moins <\/strong>que lors de la rentr\u00e9e 2024-2025, en sachant que des inscriptions de derni\u00e8re minute sont attendues. \u00c0 l&rsquo;\u00e9cole Ferdinand-Brunot, ils sont <strong data-start=\"1293\" data-end=\"1300\">128<\/strong> \u00e0 faire leur rentr\u00e9e en ce d\u00e9but de mois de septembre.<\/p>\n<p data-start=\"1359\" data-end=\"2026\">\u00ab Il faut le dire franchement, oui il y a une l\u00e9g\u00e8re baisse des effectifs scolaires. Mais c&rsquo;est un ph\u00e9nom\u00e8ne d\u00e9partemental, avec entre <strong data-start=\"1494\" data-end=\"1535\">800 et 1000 enfants inscrits de moins<\/strong> \u00e0 chaque rentr\u00e9e dans les Vosges. Le point positif \u00e0 <strong data-start=\"1589\" data-end=\"1613\">Saint-Di\u00e9-des-Vosges<\/strong> est qu&rsquo;on n&rsquo;a pas ferm\u00e9 de classe ni perdu d&rsquo;enseignant. Je reste cependant optimiste, car beaucoup de jeunes femmes travaillent dans les entreprises r\u00e9cemment implant\u00e9es \u00e0 Saint-Di\u00e9-des-Vosges, ou qui recrutent, comme <strong data-start=\"1833\" data-end=\"1865\">Orest, Aurigane, KFC et Ange<\/strong>. Il faut \u00eatre aussi r\u00e9aliste : dans les ann\u00e9es \u00e0 venir, on ne gagnera pas d&rsquo;\u00e9l\u00e8ves mais on veut<strong> stabiliser les effectifs<\/strong> \u00bb a\u00a0 d\u00e9clar\u00e9 le maire ce matin.<\/p>\n<h3 data-start=\"2028\" data-end=\"2060\"><strong>V\u00e9g\u00e9talisation de la cour de la maternelle Paul-Elbel<\/strong><\/h3>\n<p data-start=\"2061\" data-end=\"2404\" data-is-last-node=\"\" data-is-only-node=\"\">Quant aux travaux men\u00e9s dans les diff\u00e9rentes \u00e9coles publiques d\u00e9odatiennes, le principal chantier et investissement a \u00e9t\u00e9 la <a href=\"https:\/\/vosgesinfo.fr\/saintdieinfo\/2025\/07\/la-cour-de-lecole-maternelle-paul-elbel-se-met-au-vert\/\" target=\"_blank\" rel=\"noopener\"><strong data-start=\"2124\" data-end=\"2186\">v\u00e9g\u00e9talisation de la cour de l&rsquo;\u00e9cole maternelle Paul-Elbel<\/strong><\/a>. Un chantier qui se chiffre \u00e0 <strong>un peu plus de 200 000\u20ac<\/strong> et qui vient de se terminer ces derniers jours, apr\u00e8s des retards dus \u00e0 la m\u00e9t\u00e9o. Et outre le changement de quelques fen\u00eatres et de petits travaux de peinture, les <strong data-start=\"2313\" data-end=\"2341\">\u00e9quipements du personnel<\/strong> s&rsquo;occupant de l&rsquo;entretien des \u00e9coles ont \u00e9t\u00e9 <strong data-start=\"2387\" data-end=\"2401\">renouvel\u00e9s<\/strong>.<\/p>\n<p data-start=\"2061\" data-end=\"2404\" data-is-last-node=\"\" data-is-only-node=\"\"><a href=\"https:\/\/vosgesinfo.fr\/app\/uploads\/sites\/4\/2025\/09\/rentree-scolaire-sddv-2025-2026-2.jpg\"><img decoding=\"async\" class=\"alignnone size-large wp-image-81524\" src=\"https:\/\/vosgesinfo.fr\/app\/uploads\/sites\/4\/2025\/09\/rentree-scolaire-sddv-2025-2026-2-1024x771.jpg\" alt=\"\" width=\"1024\" height=\"771\" srcset=\"https:\/\/vosgesinfo.fr\/app\/uploads\/sites\/4\/2025\/09\/rentree-scolaire-sddv-2025-2026-2-1024x771.jpg 1024w, https:\/\/vosgesinfo.fr\/app\/uploads\/sites\/4\/2025\/09\/rentree-scolaire-sddv-2025-2026-2-300x226.jpg 300w, https:\/\/vosgesinfo.fr\/app\/uploads\/sites\/4\/2025\/09\/rentree-scolaire-sddv-2025-2026-2-768x578.jpg 768w, https:\/\/vosgesinfo.fr\/app\/uploads\/sites\/4\/2025\/09\/rentree-scolaire-sddv-2025-2026-2-1536x1157.jpg 1536w, https:\/\/vosgesinfo.fr\/app\/uploads\/sites\/4\/2025\/09\/rentree-scolaire-sddv-2025-2026-2.jpg 1600w\" sizes=\"(max-width: 1024px) 100vw, 1024px\" \/><\/a><\/p>\n","protected":false},"excerpt":{"rendered":"<p>L&rsquo;heure de la rentr\u00e9e a sonn\u00e9 pour plus de 12 millions d&rsquo;\u00e9coliers en ce lundi 1er septembre. Ce matin et [&hellip;]<\/p>\n","protected":false},"author":46,"featured_media":81523,"comment_status":"open","ping_status":"open","sticky":false,"template":"","format":"standard","meta":{"footnotes":""},"categories":[460,6,167],"tags":[4129,16998,16999],"class_list":["post-81521","post","type-post","status-publish","format-standard","has-post-thumbnail","hentry","category-a-la-une","category-education","category-saint-die-des-vosges","tag-ecole-ferdinand-brunot","tag-rentree-scolaire-2025-2026","tag-rentree-scolaire-2025-2026-a-saint-die-des-vosges"],"acf":[],"yoast_head":"<!-- This site is optimized with the Yoast SEO plugin v22.5 - https:\/\/yoast.com\/wordpress\/plugins\/seo\/ -->\n<title>Rentr\u00e9e scolaire\u00a0: les effectifs en l\u00e9g\u00e8re baisse \u00e0 Saint-Di\u00e9-des-Vosges - Saint Die Info<\/title>\n<meta name=\"robots\" content=\"index, follow, max-snippet:-1, max-image-preview:large, max-video-preview:-1\" \/>\n<link rel=\"canonical\" href=\"https:\/\/vosgesinfo.fr\/saintdieinfo\/2025\/09\/rentree-scolaire-les-effectifs-en-legere-baisse-a-saint-die-des-vosges\/\" \/>\n<meta name=\"twitter:card\" content=\"summary_large_image\" \/>\n<meta name=\"twitter:title\" content=\"Rentr\u00e9e scolaire\u00a0: les effectifs en l\u00e9g\u00e8re baisse \u00e0 Saint-Di\u00e9-des-Vosges - Saint Die Info\" \/>\n<meta name=\"twitter:description\" content=\"L&rsquo;heure de la rentr\u00e9e a sonn\u00e9 pour plus de 12 millions d&rsquo;\u00e9coliers en ce lundi 1er septembre. Ce matin et [&hellip;]\" \/>\n<meta name=\"twitter:image\" content=\"https:\/\/vosgesinfo.fr\/app\/uploads\/sites\/4\/2025\/09\/rentree-scolaire-sddv-2025-2026-1.jpg\" \/>\n<meta name=\"twitter:creator\" content=\"@VosgesInfo88\" \/>\n<meta name=\"twitter:site\" content=\"@VosgesInfo88\" \/>\n<meta name=\"twitter:label1\" content=\"\u00c9crit par\" \/>\n\t<meta name=\"twitter:data1\" content=\"J.J.\" \/>\n\t<meta name=\"twitter:label2\" content=\"Dur\u00e9e de lecture estim\u00e9e\" \/>\n\t<meta name=\"twitter:data2\" content=\"2 minutes\" \/>\n<script type=\"application\/ld+json\" class=\"yoast-schema-graph\">{\"@context\":\"https:\/\/schema.org\",\"@graph\":[{\"@type\":\"Article\",\"@id\":\"https:\/\/vosgesinfo.fr\/saintdieinfo\/2025\/09\/rentree-scolaire-les-effectifs-en-legere-baisse-a-saint-die-des-vosges\/#article\",\"isPartOf\":{\"@id\":\"https:\/\/vosgesinfo.fr\/saintdieinfo\/2025\/09\/rentree-scolaire-les-effectifs-en-legere-baisse-a-saint-die-des-vosges\/\"},\"author\":{\"name\":\"J.J.\",\"@id\":\"https:\/\/vosgesinfo.fr\/saintdieinfo\/#\/schema\/person\/fa73e9f726d67bb88f46d5b7943cb572\"},\"headline\":\"Rentr\u00e9e scolaire\u00a0: les effectifs en l\u00e9g\u00e8re baisse \u00e0 Saint-Di\u00e9-des-Vosges\",\"datePublished\":\"2025-09-01T09:30:37+00:00\",\"dateModified\":\"2025-09-01T09:17:07+00:00\",\"mainEntityOfPage\":{\"@id\":\"https:\/\/vosgesinfo.fr\/saintdieinfo\/2025\/09\/rentree-scolaire-les-effectifs-en-legere-baisse-a-saint-die-des-vosges\/\"},\"wordCount\":478,\"commentCount\":0,\"publisher\":{\"@id\":\"https:\/\/vosgesinfo.fr\/saintdieinfo\/#organization\"},\"image\":{\"@id\":\"https:\/\/vosgesinfo.fr\/saintdieinfo\/2025\/09\/rentree-scolaire-les-effectifs-en-legere-baisse-a-saint-die-des-vosges\/#primaryimage\"},\"thumbnailUrl\":\"https:\/\/vosgesinfo.fr\/app\/uploads\/sites\/4\/2025\/09\/rentree-scolaire-sddv-2025-2026-1.jpg\",\"keywords\":[\"Ecole Ferdinand-Brunot\",\"Rentr\u00e9e scolaire 2025-2026\",\"Rentr\u00e9e scolaire 2025-2026 \u00e0 Saint-Di\u00e9-des-Vosges\"],\"articleSection\":[\"A la Une\",\"\u00c9ducation\",\"Saint-Di\u00e9-des-Vosges\"],\"inLanguage\":\"fr-FR\",\"potentialAction\":[{\"@type\":\"CommentAction\",\"name\":\"Comment\",\"target\":[\"https:\/\/vosgesinfo.fr\/saintdieinfo\/2025\/09\/rentree-scolaire-les-effectifs-en-legere-baisse-a-saint-die-des-vosges\/#respond\"]}]},{\"@type\":\"WebPage\",\"@id\":\"https:\/\/vosgesinfo.fr\/saintdieinfo\/2025\/09\/rentree-scolaire-les-effectifs-en-legere-baisse-a-saint-die-des-vosges\/\",\"url\":\"https:\/\/vosgesinfo.fr\/saintdieinfo\/2025\/09\/rentree-scolaire-les-effectifs-en-legere-baisse-a-saint-die-des-vosges\/\",\"name\":\"Rentr\u00e9e scolaire\u00a0: les effectifs en l\u00e9g\u00e8re baisse \u00e0 Saint-Di\u00e9-des-Vosges - Saint Die Info\",\"isPartOf\":{\"@id\":\"https:\/\/vosgesinfo.fr\/saintdieinfo\/#website\"},\"primaryImageOfPage\":{\"@id\":\"https:\/\/vosgesinfo.fr\/saintdieinfo\/2025\/09\/rentree-scolaire-les-effectifs-en-legere-baisse-a-saint-die-des-vosges\/#primaryimage\"},\"image\":{\"@id\":\"https:\/\/vosgesinfo.fr\/saintdieinfo\/2025\/09\/rentree-scolaire-les-effectifs-en-legere-baisse-a-saint-die-des-vosges\/#primaryimage\"},\"thumbnailUrl\":\"https:\/\/vosgesinfo.fr\/app\/uploads\/sites\/4\/2025\/09\/rentree-scolaire-sddv-2025-2026-1.jpg\",\"datePublished\":\"2025-09-01T09:30:37+00:00\",\"dateModified\":\"2025-09-01T09:17:07+00:00\",\"breadcrumb\":{\"@id\":\"https:\/\/vosgesinfo.fr\/saintdieinfo\/2025\/09\/rentree-scolaire-les-effectifs-en-legere-baisse-a-saint-die-des-vosges\/#breadcrumb\"},\"inLanguage\":\"fr-FR\",\"potentialAction\":[{\"@type\":\"ReadAction\",\"target\":[\"https:\/\/vosgesinfo.fr\/saintdieinfo\/2025\/09\/rentree-scolaire-les-effectifs-en-legere-baisse-a-saint-die-des-vosges\/\"]}]},{\"@type\":\"ImageObject\",\"inLanguage\":\"fr-FR\",\"@id\":\"https:\/\/vosgesinfo.fr\/saintdieinfo\/2025\/09\/rentree-scolaire-les-effectifs-en-legere-baisse-a-saint-die-des-vosges\/#primaryimage\",\"url\":\"https:\/\/vosgesinfo.fr\/app\/uploads\/sites\/4\/2025\/09\/rentree-scolaire-sddv-2025-2026-1.jpg\",\"contentUrl\":\"https:\/\/vosgesinfo.fr\/app\/uploads\/sites\/4\/2025\/09\/rentree-scolaire-sddv-2025-2026-1.jpg\",\"width\":1600,\"height\":1205},{\"@type\":\"BreadcrumbList\",\"@id\":\"https:\/\/vosgesinfo.fr\/saintdieinfo\/2025\/09\/rentree-scolaire-les-effectifs-en-legere-baisse-a-saint-die-des-vosges\/#breadcrumb\",\"itemListElement\":[{\"@type\":\"ListItem\",\"position\":1,\"name\":\"Home\",\"item\":\"https:\/\/vosgesinfo.fr\/saintdieinfo\/\"},{\"@type\":\"ListItem\",\"position\":2,\"name\":\"Rentr\u00e9e scolaire\u00a0: les effectifs en l\u00e9g\u00e8re baisse \u00e0 Saint-Di\u00e9-des-Vosges\"}]},{\"@type\":\"WebSite\",\"@id\":\"https:\/\/vosgesinfo.fr\/saintdieinfo\/#website\",\"url\":\"https:\/\/vosgesinfo.fr\/saintdieinfo\/\",\"name\":\"Saint Die Info\",\"description\":\"Toute l&#039;actualit\u00e9 de Saint-Di\u00e9-Des-Vosges\",\"publisher\":{\"@id\":\"https:\/\/vosgesinfo.fr\/saintdieinfo\/#organization\"},\"alternateName\":\"Toute l'actualit\u00e9 de Saint-Di\u00e9-Des-Vosges\",\"potentialAction\":[{\"@type\":\"SearchAction\",\"target\":{\"@type\":\"EntryPoint\",\"urlTemplate\":\"https:\/\/vosgesinfo.fr\/saintdieinfo\/?s={search_term_string}\"},\"query-input\":\"required name=search_term_string\"}],\"inLanguage\":\"fr-FR\"},{\"@type\":\"Organization\",\"@id\":\"https:\/\/vosgesinfo.fr\/saintdieinfo\/#organization\",\"name\":\"Saint Die Info\",\"url\":\"https:\/\/vosgesinfo.fr\/saintdieinfo\/\",\"logo\":{\"@type\":\"ImageObject\",\"inLanguage\":\"fr-FR\",\"@id\":\"https:\/\/vosgesinfo.fr\/saintdieinfo\/#\/schema\/logo\/image\/\",\"url\":\"https:\/\/vosgesinfo.fr\/app\/uploads\/sites\/4\/2024\/02\/logo-sdi.jpg\",\"contentUrl\":\"https:\/\/vosgesinfo.fr\/app\/uploads\/sites\/4\/2024\/02\/logo-sdi.jpg\",\"width\":600,\"height\":600,\"caption\":\"Saint Die Info\"},\"image\":{\"@id\":\"https:\/\/vosgesinfo.fr\/saintdieinfo\/#\/schema\/logo\/image\/\"},\"sameAs\":[\"https:\/\/www.facebook.com\/Saintdieinfofr\",\"https:\/\/x.com\/VosgesInfo88\",\"https:\/\/www.youtube.com\/@vosgesinfo\"]},{\"@type\":\"Person\",\"@id\":\"https:\/\/vosgesinfo.fr\/saintdieinfo\/#\/schema\/person\/fa73e9f726d67bb88f46d5b7943cb572\",\"name\":\"J.J.\",\"image\":{\"@type\":\"ImageObject\",\"inLanguage\":\"fr-FR\",\"@id\":\"https:\/\/vosgesinfo.fr\/saintdieinfo\/#\/schema\/person\/image\/\",\"url\":\"https:\/\/secure.gravatar.com\/avatar\/219e749e47ffbcca018a360ae4add7d4cdf1cdaaf8bc7676b27efade3fe65615?s=96&d=mm&r=g\",\"contentUrl\":\"https:\/\/secure.gravatar.com\/avatar\/219e749e47ffbcca018a360ae4add7d4cdf1cdaaf8bc7676b27efade3fe65615?s=96&d=mm&r=g\",\"caption\":\"J.J.\"},\"url\":\"https:\/\/vosgesinfo.fr\/saintdieinfo\/author\/j-j\/\"}]}<\/script>\n<!-- \/ Yoast SEO plugin. -->","yoast_head_json":{"title":"Rentr\u00e9e scolaire\u00a0: les effectifs en l\u00e9g\u00e8re baisse \u00e0 Saint-Di\u00e9-des-Vosges - Saint Die Info","robots":{"index":"index","follow":"follow","max-snippet":"max-snippet:-1","max-image-preview":"max-image-preview:large","max-video-preview":"max-video-preview:-1"},"canonical":"https:\/\/vosgesinfo.fr\/saintdieinfo\/2025\/09\/rentree-scolaire-les-effectifs-en-legere-baisse-a-saint-die-des-vosges\/","twitter_card":"summary_large_image","twitter_title":"Rentr\u00e9e scolaire\u00a0: les effectifs en l\u00e9g\u00e8re baisse \u00e0 Saint-Di\u00e9-des-Vosges - Saint Die Info","twitter_description":"L&rsquo;heure de la rentr\u00e9e a sonn\u00e9 pour plus de 12 millions d&rsquo;\u00e9coliers en ce lundi 1er septembre. Ce matin et [&hellip;]","twitter_image":"https:\/\/vosgesinfo.fr\/app\/uploads\/sites\/4\/2025\/09\/rentree-scolaire-sddv-2025-2026-1.jpg","twitter_creator":"@VosgesInfo88","twitter_site":"@VosgesInfo88","twitter_misc":{"\u00c9crit par":"J.J.","Dur\u00e9e de lecture estim\u00e9e":"2 minutes"},"schema":{"@context":"https:\/\/schema.org","@graph":[{"@type":"Article","@id":"https:\/\/vosgesinfo.fr\/saintdieinfo\/2025\/09\/rentree-scolaire-les-effectifs-en-legere-baisse-a-saint-die-des-vosges\/#article","isPartOf":{"@id":"https:\/\/vosgesinfo.fr\/saintdieinfo\/2025\/09\/rentree-scolaire-les-effectifs-en-legere-baisse-a-saint-die-des-vosges\/"},"author":{"name":"J.J.","@id":"https:\/\/vosgesinfo.fr\/saintdieinfo\/#\/schema\/person\/fa73e9f726d67bb88f46d5b7943cb572"},"headline":"Rentr\u00e9e scolaire\u00a0: les effectifs en l\u00e9g\u00e8re baisse \u00e0 Saint-Di\u00e9-des-Vosges","datePublished":"2025-09-01T09:30:37+00:00","dateModified":"2025-09-01T09:17:07+00:00","mainEntityOfPage":{"@id":"https:\/\/vosgesinfo.fr\/saintdieinfo\/2025\/09\/rentree-scolaire-les-effectifs-en-legere-baisse-a-saint-die-des-vosges\/"},"wordCount":478,"commentCount":0,"publisher":{"@id":"https:\/\/vosgesinfo.fr\/saintdieinfo\/#organization"},"image":{"@id":"https:\/\/vosgesinfo.fr\/saintdieinfo\/2025\/09\/rentree-scolaire-les-effectifs-en-legere-baisse-a-saint-die-des-vosges\/#primaryimage"},"thumbnailUrl":"https:\/\/vosgesinfo.fr\/app\/uploads\/sites\/4\/2025\/09\/rentree-scolaire-sddv-2025-2026-1.jpg","keywords":["Ecole Ferdinand-Brunot","Rentr\u00e9e scolaire 2025-2026","Rentr\u00e9e scolaire 2025-2026 \u00e0 Saint-Di\u00e9-des-Vosges"],"articleSection":["A la Une","\u00c9ducation","Saint-Di\u00e9-des-Vosges"],"inLanguage":"fr-FR","potentialAction":[{"@type":"CommentAction","name":"Comment","target":["https:\/\/vosgesinfo.fr\/saintdieinfo\/2025\/09\/rentree-scolaire-les-effectifs-en-legere-baisse-a-saint-die-des-vosges\/#respond"]}]},{"@type":"WebPage","@id":"https:\/\/vosgesinfo.fr\/saintdieinfo\/2025\/09\/rentree-scolaire-les-effectifs-en-legere-baisse-a-saint-die-des-vosges\/","url":"https:\/\/vosgesinfo.fr\/saintdieinfo\/2025\/09\/rentree-scolaire-les-effectifs-en-legere-baisse-a-saint-die-des-vosges\/","name":"Rentr\u00e9e scolaire\u00a0: les effectifs en l\u00e9g\u00e8re baisse \u00e0 Saint-Di\u00e9-des-Vosges - Saint Die Info","isPartOf":{"@id":"https:\/\/vosgesinfo.fr\/saintdieinfo\/#website"},"primaryImageOfPage":{"@id":"https:\/\/vosgesinfo.fr\/saintdieinfo\/2025\/09\/rentree-scolaire-les-effectifs-en-legere-baisse-a-saint-die-des-vosges\/#primaryimage"},"image":{"@id":"https:\/\/vosgesinfo.fr\/saintdieinfo\/2025\/09\/rentree-scolaire-les-effectifs-en-legere-baisse-a-saint-die-des-vosges\/#primaryimage"},"thumbnailUrl":"https:\/\/vosgesinfo.fr\/app\/uploads\/sites\/4\/2025\/09\/rentree-scolaire-sddv-2025-2026-1.jpg","datePublished":"2025-09-01T09:30:37+00:00","dateModified":"2025-09-01T09:17:07+00:00","breadcrumb":{"@id":"https:\/\/vosgesinfo.fr\/saintdieinfo\/2025\/09\/rentree-scolaire-les-effectifs-en-legere-baisse-a-saint-die-des-vosges\/#breadcrumb"},"inLanguage":"fr-FR","potentialAction":[{"@type":"ReadAction","target":["https:\/\/vosgesinfo.fr\/saintdieinfo\/2025\/09\/rentree-scolaire-les-effectifs-en-legere-baisse-a-saint-die-des-vosges\/"]}]},{"@type":"ImageObject","inLanguage":"fr-FR","@id":"https:\/\/vosgesinfo.fr\/saintdieinfo\/2025\/09\/rentree-scolaire-les-effectifs-en-legere-baisse-a-saint-die-des-vosges\/#primaryimage","url":"https:\/\/vosgesinfo.fr\/app\/uploads\/sites\/4\/2025\/09\/rentree-scolaire-sddv-2025-2026-1.jpg","contentUrl":"https:\/\/vosgesinfo.fr\/app\/uploads\/sites\/4\/2025\/09\/rentree-scolaire-sddv-2025-2026-1.jpg","width":1600,"height":1205},{"@type":"BreadcrumbList","@id":"https:\/\/vosgesinfo.fr\/saintdieinfo\/2025\/09\/rentree-scolaire-les-effectifs-en-legere-baisse-a-saint-die-des-vosges\/#breadcrumb","itemListElement":[{"@type":"ListItem","position":1,"name":"Home","item":"https:\/\/vosgesinfo.fr\/saintdieinfo\/"},{"@type":"ListItem","position":2,"name":"Rentr\u00e9e scolaire\u00a0: les effectifs en l\u00e9g\u00e8re baisse \u00e0 Saint-Di\u00e9-des-Vosges"}]},{"@type":"WebSite","@id":"https:\/\/vosgesinfo.fr\/saintdieinfo\/#website","url":"https:\/\/vosgesinfo.fr\/saintdieinfo\/","name":"Saint Die Info","description":"Toute l&#039;actualit\u00e9 de Saint-Di\u00e9-Des-Vosges","publisher":{"@id":"https:\/\/vosgesinfo.fr\/saintdieinfo\/#organization"},"alternateName":"Toute l'actualit\u00e9 de Saint-Di\u00e9-Des-Vosges","potentialAction":[{"@type":"SearchAction","target":{"@type":"EntryPoint","urlTemplate":"https:\/\/vosgesinfo.fr\/saintdieinfo\/?s={search_term_string}"},"query-input":"required name=search_term_string"}],"inLanguage":"fr-FR"},{"@type":"Organization","@id":"https:\/\/vosgesinfo.fr\/saintdieinfo\/#organization","name":"Saint Die Info","url":"https:\/\/vosgesinfo.fr\/saintdieinfo\/","logo":{"@type":"ImageObject","inLanguage":"fr-FR","@id":"https:\/\/vosgesinfo.fr\/saintdieinfo\/#\/schema\/logo\/image\/","url":"https:\/\/vosgesinfo.fr\/app\/uploads\/sites\/4\/2024\/02\/logo-sdi.jpg","contentUrl":"https:\/\/vosgesinfo.fr\/app\/uploads\/sites\/4\/2024\/02\/logo-sdi.jpg","width":600,"height":600,"caption":"Saint Die Info"},"image":{"@id":"https:\/\/vosgesinfo.fr\/saintdieinfo\/#\/schema\/logo\/image\/"},"sameAs":["https:\/\/www.facebook.com\/Saintdieinfofr","https:\/\/x.com\/VosgesInfo88","https:\/\/www.youtube.com\/@vosgesinfo"]},{"@type":"Person","@id":"https:\/\/vosgesinfo.fr\/saintdieinfo\/#\/schema\/person\/fa73e9f726d67bb88f46d5b7943cb572","name":"J.J.","image":{"@type":"ImageObject","inLanguage":"fr-FR","@id":"https:\/\/vosgesinfo.fr\/saintdieinfo\/#\/schema\/person\/image\/","url":"https:\/\/secure.gravatar.com\/avatar\/219e749e47ffbcca018a360ae4add7d4cdf1cdaaf8bc7676b27efade3fe65615?s=96&d=mm&r=g","contentUrl":"https:\/\/secure.gravatar.com\/avatar\/219e749e47ffbcca018a360ae4add7d4cdf1cdaaf8bc7676b27efade3fe65615?s=96&d=mm&r=g","caption":"J.J."},"url":"https:\/\/vosgesinfo.fr\/saintdieinfo\/author\/j-j\/"}]}},"_links":{"self":[{"href":"https:\/\/vosgesinfo.fr\/saintdieinfo\/wp-json\/wp\/v2\/posts\/81521","targetHints":{"allow":["GET"]}}],"collection":[{"href":"https:\/\/vosgesinfo.fr\/saintdieinfo\/wp-json\/wp\/v2\/posts"}],"about":[{"href":"https:\/\/vosgesinfo.fr\/saintdieinfo\/wp-json\/wp\/v2\/types\/post"}],"author":[{"embeddable":true,"href":"https:\/\/vosgesinfo.fr\/saintdieinfo\/wp-json\/wp\/v2\/users\/46"}],"replies":[{"embeddable":true,"href":"https:\/\/vosgesinfo.fr\/saintdieinfo\/wp-json\/wp\/v2\/comments?post=81521"}],"version-history":[{"count":1,"href":"https:\/\/vosgesinfo.fr\/saintdieinfo\/wp-json\/wp\/v2\/posts\/81521\/revisions"}],"predecessor-version":[{"id":81527,"href":"https:\/\/vosgesinfo.fr\/saintdieinfo\/wp-json\/wp\/v2\/posts\/81521\/revisions\/81527"}],"wp:featuredmedia":[{"embeddable":true,"href":"https:\/\/vosgesinfo.fr\/saintdieinfo\/wp-json\/wp\/v2\/media\/81523"}],"wp:attachment":[{"href":"https:\/\/vosgesinfo.fr\/saintdieinfo\/wp-json\/wp\/v2\/media?parent=81521"}],"wp:term":[{"taxonomy":"category","embeddable":true,"href":"https:\/\/vosgesinfo.fr\/saintdieinfo\/wp-json\/wp\/v2\/categories?post=81521"},{"taxonomy":"post_tag","embeddable":true,"href":"https:\/\/vosgesinfo.fr\/saintdieinfo\/wp-json\/wp\/v2\/tags?post=81521"}],"curies":[{"name":"wp","href":"https:\/\/api.w.org\/{rel}","templated":true}]}}