{"id":81538,"date":"2025-09-01T13:30:07","date_gmt":"2025-09-01T11:30:07","guid":{"rendered":"https:\/\/vosgesinfo.fr\/saintdieinfo\/?p=81538"},"modified":"2025-09-01T13:08:04","modified_gmt":"2025-09-01T11:08:04","slug":"point-meteo-record-de-pluie-en-aout-a-saint-die-des-vosges","status":"publish","type":"post","link":"https:\/\/vosgesinfo.fr\/saintdieinfo\/2025\/09\/point-meteo-record-de-pluie-en-aout-a-saint-die-des-vosges\/","title":{"rendered":"Point m\u00e9t\u00e9o\u00a0: record de pluie en ao\u00fbt \u00e0 Saint-Di\u00e9-des-Vosges"},"content":{"rendered":"<div id=\"attachment_26126\" style=\"width: 970px\" class=\"wp-caption alignnone\"><a href=\"https:\/\/vosgesinfo.fr\/app\/uploads\/sites\/4\/2019\/10\/pluie-eau.jpg\"><img decoding=\"async\" aria-describedby=\"caption-attachment-26126\" class=\"size-full wp-image-26126\" src=\"https:\/\/vosgesinfo.fr\/app\/uploads\/sites\/4\/2019\/10\/pluie-eau.jpg\" alt=\"\" width=\"960\" height=\"609\" srcset=\"https:\/\/vosgesinfo.fr\/app\/uploads\/sites\/4\/2019\/10\/pluie-eau.jpg 960w, https:\/\/vosgesinfo.fr\/app\/uploads\/sites\/4\/2019\/10\/pluie-eau-300x190.jpg 300w, https:\/\/vosgesinfo.fr\/app\/uploads\/sites\/4\/2019\/10\/pluie-eau-768x487.jpg 768w\" sizes=\"(max-width: 960px) 100vw, 960px\" \/><\/a><p id=\"caption-attachment-26126\" class=\"wp-caption-text\">(Illustration)<\/p><\/div>\n<h2>Les donn\u00e9es de l\u2019article proviennent de <strong>Daniel Cl\u00e9ment<\/strong>, <strong>D\u00e9odatien<\/strong> que nous remercions une fois de plus. Si l&rsquo;\u00e9t\u00e9 n&rsquo;est pas encore fini, les vacances estivales ont touch\u00e9 \u00e0 leur fin et l&rsquo;heure est d\u00e9sormais \u00e0 la rentr\u00e9e. L&rsquo;occasion, en ce premier jour de septembre, de faire un<strong> point m\u00e9t\u00e9o sur le mois d&rsquo;ao\u00fbt \u00e0 Saint-Di\u00e9-des-Vosges.<\/strong><\/h2>\n<h3><strong>Une importante amplitude des temp\u00e9ratures<\/strong><\/h3>\n<p>C\u00f4t\u00e9 temp\u00e9ratures, les <strong>minimale, maximale et moyenne<\/strong> s&rsquo;\u00e9tablissent respectivement \u00e0 <strong>+6,5\u00b0C, +34,3\u00b0C et +18,9\u00b0C<\/strong>. Comme en juillet, la <strong>moyenne des temp\u00e9ratures<\/strong> est inf\u00e9rieure \u00e0 la moyenne de ces <strong>10 derni\u00e8res ann\u00e9es<\/strong>. Ce qui n&rsquo;a pas emp\u00each\u00e9 d&rsquo;avoir <strong>tr\u00e8s chaud lors d&rsquo;un \u00e9pisode caniculaire mi-ao\u00fbt<\/strong>.<\/p>\n<h3><strong>Un record de pluie depuis 2006<\/strong><\/h3>\n<p>En parall\u00e8le, le mois d&rsquo;ao\u00fbt 2025 s&rsquo;est montr\u00e9 particuli\u00e8rement <strong>arros\u00e9 \u00e0 Saint-Di\u00e9-des-Vosges<\/strong>, avec <strong>177 mm de pr\u00e9cipitations relev\u00e9es en 9 jours pluvieux<\/strong>. C&rsquo;est <strong>88 mm de plus que la moyenne de 89 mm<\/strong>, calcul\u00e9e depuis 1999&#8230; et un <strong>record depuis ao\u00fbt 2006<\/strong> et ses <strong>206 mm<\/strong>.<\/p>\n<p>Depuis le 1er janvier, le <strong>cumul pluviom\u00e9trique<\/strong> se porte \u00e0 <strong>693 mm<\/strong> contre une moyenne, l\u00e0 aussi calcul\u00e9e depuis 1999, de <strong>679 mm<\/strong>. Le d\u00e9ficit constat\u00e9 lors de la premi\u00e8re partie de l&rsquo;ann\u00e9e est donc <strong>combl\u00e9<\/strong>.<\/p>\n","protected":false},"excerpt":{"rendered":"<p>Les donn\u00e9es de l\u2019article proviennent de Daniel Cl\u00e9ment, D\u00e9odatien que nous remercions une fois de plus. Si l&rsquo;\u00e9t\u00e9 n&rsquo;est pas [&hellip;]<\/p>\n","protected":false},"author":46,"featured_media":26126,"comment_status":"open","ping_status":"open","sticky":false,"template":"","format":"standard","meta":{"footnotes":""},"categories":[460,167],"tags":[17928,3572,3180,18089],"class_list":["post-81538","post","type-post","status-publish","format-standard","has-post-thumbnail","hentry","category-a-la-une","category-saint-die-des-vosges","tag-aout-2025","tag-daniel-clement","tag-point-meteo","tag-point-meteo-daout-2025"],"acf":[],"yoast_head":"<!-- This site is optimized with the Yoast SEO plugin v22.5 - https:\/\/yoast.com\/wordpress\/plugins\/seo\/ -->\n<title>Point m\u00e9t\u00e9o\u00a0: record de pluie en ao\u00fbt \u00e0 Saint-Di\u00e9-des-Vosges - Saint Die Info<\/title>\n<meta name=\"robots\" content=\"index, follow, max-snippet:-1, max-image-preview:large, max-video-preview:-1\" \/>\n<link rel=\"canonical\" href=\"https:\/\/vosgesinfo.fr\/saintdieinfo\/2025\/09\/point-meteo-record-de-pluie-en-aout-a-saint-die-des-vosges\/\" \/>\n<meta name=\"twitter:card\" content=\"summary_large_image\" \/>\n<meta name=\"twitter:title\" content=\"Point m\u00e9t\u00e9o\u00a0: record de pluie en ao\u00fbt \u00e0 Saint-Di\u00e9-des-Vosges - Saint Die Info\" \/>\n<meta name=\"twitter:description\" content=\"Les donn\u00e9es de l\u2019article proviennent de Daniel Cl\u00e9ment, D\u00e9odatien que nous remercions une fois de plus. Si l&rsquo;\u00e9t\u00e9 n&rsquo;est pas [&hellip;]\" \/>\n<meta name=\"twitter:image\" content=\"https:\/\/vosgesinfo.fr\/app\/uploads\/sites\/4\/2019\/10\/pluie-eau.jpg\" \/>\n<meta name=\"twitter:creator\" content=\"@VosgesInfo88\" \/>\n<meta name=\"twitter:site\" content=\"@VosgesInfo88\" \/>\n<meta name=\"twitter:label1\" content=\"\u00c9crit par\" \/>\n\t<meta name=\"twitter:data1\" content=\"J.J.\" \/>\n\t<meta name=\"twitter:label2\" content=\"Dur\u00e9e de lecture estim\u00e9e\" \/>\n\t<meta name=\"twitter:data2\" content=\"1 minute\" \/>\n<script type=\"application\/ld+json\" class=\"yoast-schema-graph\">{\"@context\":\"https:\/\/schema.org\",\"@graph\":[{\"@type\":\"Article\",\"@id\":\"https:\/\/vosgesinfo.fr\/saintdieinfo\/2025\/09\/point-meteo-record-de-pluie-en-aout-a-saint-die-des-vosges\/#article\",\"isPartOf\":{\"@id\":\"https:\/\/vosgesinfo.fr\/saintdieinfo\/2025\/09\/point-meteo-record-de-pluie-en-aout-a-saint-die-des-vosges\/\"},\"author\":{\"name\":\"J.J.\",\"@id\":\"https:\/\/vosgesinfo.fr\/saintdieinfo\/#\/schema\/person\/fa73e9f726d67bb88f46d5b7943cb572\"},\"headline\":\"Point m\u00e9t\u00e9o\u00a0: record de pluie en ao\u00fbt \u00e0 Saint-Di\u00e9-des-Vosges\",\"datePublished\":\"2025-09-01T11:30:07+00:00\",\"dateModified\":\"2025-09-01T11:08:04+00:00\",\"mainEntityOfPage\":{\"@id\":\"https:\/\/vosgesinfo.fr\/saintdieinfo\/2025\/09\/point-meteo-record-de-pluie-en-aout-a-saint-die-des-vosges\/\"},\"wordCount\":238,\"commentCount\":0,\"publisher\":{\"@id\":\"https:\/\/vosgesinfo.fr\/saintdieinfo\/#organization\"},\"image\":{\"@id\":\"https:\/\/vosgesinfo.fr\/saintdieinfo\/2025\/09\/point-meteo-record-de-pluie-en-aout-a-saint-die-des-vosges\/#primaryimage\"},\"thumbnailUrl\":\"https:\/\/vosgesinfo.fr\/app\/uploads\/sites\/4\/2019\/10\/pluie-eau.jpg\",\"keywords\":[\"Ao\u00fbt 2025\",\"Daniel Cl\u00e9ment\",\"Point m\u00e9t\u00e9o\",\"Point m\u00e9t\u00e9o d'ao\u00fbt 2025\"],\"articleSection\":[\"A la Une\",\"Saint-Di\u00e9-des-Vosges\"],\"inLanguage\":\"fr-FR\",\"potentialAction\":[{\"@type\":\"CommentAction\",\"name\":\"Comment\",\"target\":[\"https:\/\/vosgesinfo.fr\/saintdieinfo\/2025\/09\/point-meteo-record-de-pluie-en-aout-a-saint-die-des-vosges\/#respond\"]}]},{\"@type\":\"WebPage\",\"@id\":\"https:\/\/vosgesinfo.fr\/saintdieinfo\/2025\/09\/point-meteo-record-de-pluie-en-aout-a-saint-die-des-vosges\/\",\"url\":\"https:\/\/vosgesinfo.fr\/saintdieinfo\/2025\/09\/point-meteo-record-de-pluie-en-aout-a-saint-die-des-vosges\/\",\"name\":\"Point m\u00e9t\u00e9o\u00a0: record de pluie en ao\u00fbt \u00e0 Saint-Di\u00e9-des-Vosges - Saint Die Info\",\"isPartOf\":{\"@id\":\"https:\/\/vosgesinfo.fr\/saintdieinfo\/#website\"},\"primaryImageOfPage\":{\"@id\":\"https:\/\/vosgesinfo.fr\/saintdieinfo\/2025\/09\/point-meteo-record-de-pluie-en-aout-a-saint-die-des-vosges\/#primaryimage\"},\"image\":{\"@id\":\"https:\/\/vosgesinfo.fr\/saintdieinfo\/2025\/09\/point-meteo-record-de-pluie-en-aout-a-saint-die-des-vosges\/#primaryimage\"},\"thumbnailUrl\":\"https:\/\/vosgesinfo.fr\/app\/uploads\/sites\/4\/2019\/10\/pluie-eau.jpg\",\"datePublished\":\"2025-09-01T11:30:07+00:00\",\"dateModified\":\"2025-09-01T11:08:04+00:00\",\"breadcrumb\":{\"@id\":\"https:\/\/vosgesinfo.fr\/saintdieinfo\/2025\/09\/point-meteo-record-de-pluie-en-aout-a-saint-die-des-vosges\/#breadcrumb\"},\"inLanguage\":\"fr-FR\",\"potentialAction\":[{\"@type\":\"ReadAction\",\"target\":[\"https:\/\/vosgesinfo.fr\/saintdieinfo\/2025\/09\/point-meteo-record-de-pluie-en-aout-a-saint-die-des-vosges\/\"]}]},{\"@type\":\"ImageObject\",\"inLanguage\":\"fr-FR\",\"@id\":\"https:\/\/vosgesinfo.fr\/saintdieinfo\/2025\/09\/point-meteo-record-de-pluie-en-aout-a-saint-die-des-vosges\/#primaryimage\",\"url\":\"https:\/\/vosgesinfo.fr\/app\/uploads\/sites\/4\/2019\/10\/pluie-eau.jpg\",\"contentUrl\":\"https:\/\/vosgesinfo.fr\/app\/uploads\/sites\/4\/2019\/10\/pluie-eau.jpg\",\"width\":960,\"height\":609,\"caption\":\"(Illustration)\"},{\"@type\":\"BreadcrumbList\",\"@id\":\"https:\/\/vosgesinfo.fr\/saintdieinfo\/2025\/09\/point-meteo-record-de-pluie-en-aout-a-saint-die-des-vosges\/#breadcrumb\",\"itemListElement\":[{\"@type\":\"ListItem\",\"position\":1,\"name\":\"Home\",\"item\":\"https:\/\/vosgesinfo.fr\/saintdieinfo\/\"},{\"@type\":\"ListItem\",\"position\":2,\"name\":\"Point m\u00e9t\u00e9o\u00a0: record de pluie en ao\u00fbt \u00e0 Saint-Di\u00e9-des-Vosges\"}]},{\"@type\":\"WebSite\",\"@id\":\"https:\/\/vosgesinfo.fr\/saintdieinfo\/#website\",\"url\":\"https:\/\/vosgesinfo.fr\/saintdieinfo\/\",\"name\":\"Saint Die Info\",\"description\":\"Toute l&#039;actualit\u00e9 de Saint-Di\u00e9-Des-Vosges\",\"publisher\":{\"@id\":\"https:\/\/vosgesinfo.fr\/saintdieinfo\/#organization\"},\"alternateName\":\"Toute l'actualit\u00e9 de Saint-Di\u00e9-Des-Vosges\",\"potentialAction\":[{\"@type\":\"SearchAction\",\"target\":{\"@type\":\"EntryPoint\",\"urlTemplate\":\"https:\/\/vosgesinfo.fr\/saintdieinfo\/?s={search_term_string}\"},\"query-input\":\"required name=search_term_string\"}],\"inLanguage\":\"fr-FR\"},{\"@type\":\"Organization\",\"@id\":\"https:\/\/vosgesinfo.fr\/saintdieinfo\/#organization\",\"name\":\"Saint Die Info\",\"url\":\"https:\/\/vosgesinfo.fr\/saintdieinfo\/\",\"logo\":{\"@type\":\"ImageObject\",\"inLanguage\":\"fr-FR\",\"@id\":\"https:\/\/vosgesinfo.fr\/saintdieinfo\/#\/schema\/logo\/image\/\",\"url\":\"https:\/\/vosgesinfo.fr\/app\/uploads\/sites\/4\/2024\/02\/logo-sdi.jpg\",\"contentUrl\":\"https:\/\/vosgesinfo.fr\/app\/uploads\/sites\/4\/2024\/02\/logo-sdi.jpg\",\"width\":600,\"height\":600,\"caption\":\"Saint Die Info\"},\"image\":{\"@id\":\"https:\/\/vosgesinfo.fr\/saintdieinfo\/#\/schema\/logo\/image\/\"},\"sameAs\":[\"https:\/\/www.facebook.com\/Saintdieinfofr\",\"https:\/\/x.com\/VosgesInfo88\",\"https:\/\/www.youtube.com\/@vosgesinfo\"]},{\"@type\":\"Person\",\"@id\":\"https:\/\/vosgesinfo.fr\/saintdieinfo\/#\/schema\/person\/fa73e9f726d67bb88f46d5b7943cb572\",\"name\":\"J.J.\",\"image\":{\"@type\":\"ImageObject\",\"inLanguage\":\"fr-FR\",\"@id\":\"https:\/\/vosgesinfo.fr\/saintdieinfo\/#\/schema\/person\/image\/\",\"url\":\"https:\/\/secure.gravatar.com\/avatar\/219e749e47ffbcca018a360ae4add7d4cdf1cdaaf8bc7676b27efade3fe65615?s=96&d=mm&r=g\",\"contentUrl\":\"https:\/\/secure.gravatar.com\/avatar\/219e749e47ffbcca018a360ae4add7d4cdf1cdaaf8bc7676b27efade3fe65615?s=96&d=mm&r=g\",\"caption\":\"J.J.\"},\"url\":\"https:\/\/vosgesinfo.fr\/saintdieinfo\/author\/j-j\/\"}]}<\/script>\n<!-- \/ Yoast SEO plugin. -->","yoast_head_json":{"title":"Point m\u00e9t\u00e9o\u00a0: record de pluie en ao\u00fbt \u00e0 Saint-Di\u00e9-des-Vosges - Saint Die Info","robots":{"index":"index","follow":"follow","max-snippet":"max-snippet:-1","max-image-preview":"max-image-preview:large","max-video-preview":"max-video-preview:-1"},"canonical":"https:\/\/vosgesinfo.fr\/saintdieinfo\/2025\/09\/point-meteo-record-de-pluie-en-aout-a-saint-die-des-vosges\/","twitter_card":"summary_large_image","twitter_title":"Point m\u00e9t\u00e9o\u00a0: record de pluie en ao\u00fbt \u00e0 Saint-Di\u00e9-des-Vosges - Saint Die Info","twitter_description":"Les donn\u00e9es de l\u2019article proviennent de Daniel Cl\u00e9ment, D\u00e9odatien que nous remercions une fois de plus. Si l&rsquo;\u00e9t\u00e9 n&rsquo;est pas [&hellip;]","twitter_image":"https:\/\/vosgesinfo.fr\/app\/uploads\/sites\/4\/2019\/10\/pluie-eau.jpg","twitter_creator":"@VosgesInfo88","twitter_site":"@VosgesInfo88","twitter_misc":{"\u00c9crit par":"J.J.","Dur\u00e9e de lecture estim\u00e9e":"1 minute"},"schema":{"@context":"https:\/\/schema.org","@graph":[{"@type":"Article","@id":"https:\/\/vosgesinfo.fr\/saintdieinfo\/2025\/09\/point-meteo-record-de-pluie-en-aout-a-saint-die-des-vosges\/#article","isPartOf":{"@id":"https:\/\/vosgesinfo.fr\/saintdieinfo\/2025\/09\/point-meteo-record-de-pluie-en-aout-a-saint-die-des-vosges\/"},"author":{"name":"J.J.","@id":"https:\/\/vosgesinfo.fr\/saintdieinfo\/#\/schema\/person\/fa73e9f726d67bb88f46d5b7943cb572"},"headline":"Point m\u00e9t\u00e9o\u00a0: record de pluie en ao\u00fbt \u00e0 Saint-Di\u00e9-des-Vosges","datePublished":"2025-09-01T11:30:07+00:00","dateModified":"2025-09-01T11:08:04+00:00","mainEntityOfPage":{"@id":"https:\/\/vosgesinfo.fr\/saintdieinfo\/2025\/09\/point-meteo-record-de-pluie-en-aout-a-saint-die-des-vosges\/"},"wordCount":238,"commentCount":0,"publisher":{"@id":"https:\/\/vosgesinfo.fr\/saintdieinfo\/#organization"},"image":{"@id":"https:\/\/vosgesinfo.fr\/saintdieinfo\/2025\/09\/point-meteo-record-de-pluie-en-aout-a-saint-die-des-vosges\/#primaryimage"},"thumbnailUrl":"https:\/\/vosgesinfo.fr\/app\/uploads\/sites\/4\/2019\/10\/pluie-eau.jpg","keywords":["Ao\u00fbt 2025","Daniel Cl\u00e9ment","Point m\u00e9t\u00e9o","Point m\u00e9t\u00e9o d'ao\u00fbt 2025"],"articleSection":["A la Une","Saint-Di\u00e9-des-Vosges"],"inLanguage":"fr-FR","potentialAction":[{"@type":"CommentAction","name":"Comment","target":["https:\/\/vosgesinfo.fr\/saintdieinfo\/2025\/09\/point-meteo-record-de-pluie-en-aout-a-saint-die-des-vosges\/#respond"]}]},{"@type":"WebPage","@id":"https:\/\/vosgesinfo.fr\/saintdieinfo\/2025\/09\/point-meteo-record-de-pluie-en-aout-a-saint-die-des-vosges\/","url":"https:\/\/vosgesinfo.fr\/saintdieinfo\/2025\/09\/point-meteo-record-de-pluie-en-aout-a-saint-die-des-vosges\/","name":"Point m\u00e9t\u00e9o\u00a0: record de pluie en ao\u00fbt \u00e0 Saint-Di\u00e9-des-Vosges - Saint Die Info","isPartOf":{"@id":"https:\/\/vosgesinfo.fr\/saintdieinfo\/#website"},"primaryImageOfPage":{"@id":"https:\/\/vosgesinfo.fr\/saintdieinfo\/2025\/09\/point-meteo-record-de-pluie-en-aout-a-saint-die-des-vosges\/#primaryimage"},"image":{"@id":"https:\/\/vosgesinfo.fr\/saintdieinfo\/2025\/09\/point-meteo-record-de-pluie-en-aout-a-saint-die-des-vosges\/#primaryimage"},"thumbnailUrl":"https:\/\/vosgesinfo.fr\/app\/uploads\/sites\/4\/2019\/10\/pluie-eau.jpg","datePublished":"2025-09-01T11:30:07+00:00","dateModified":"2025-09-01T11:08:04+00:00","breadcrumb":{"@id":"https:\/\/vosgesinfo.fr\/saintdieinfo\/2025\/09\/point-meteo-record-de-pluie-en-aout-a-saint-die-des-vosges\/#breadcrumb"},"inLanguage":"fr-FR","potentialAction":[{"@type":"ReadAction","target":["https:\/\/vosgesinfo.fr\/saintdieinfo\/2025\/09\/point-meteo-record-de-pluie-en-aout-a-saint-die-des-vosges\/"]}]},{"@type":"ImageObject","inLanguage":"fr-FR","@id":"https:\/\/vosgesinfo.fr\/saintdieinfo\/2025\/09\/point-meteo-record-de-pluie-en-aout-a-saint-die-des-vosges\/#primaryimage","url":"https:\/\/vosgesinfo.fr\/app\/uploads\/sites\/4\/2019\/10\/pluie-eau.jpg","contentUrl":"https:\/\/vosgesinfo.fr\/app\/uploads\/sites\/4\/2019\/10\/pluie-eau.jpg","width":960,"height":609,"caption":"(Illustration)"},{"@type":"BreadcrumbList","@id":"https:\/\/vosgesinfo.fr\/saintdieinfo\/2025\/09\/point-meteo-record-de-pluie-en-aout-a-saint-die-des-vosges\/#breadcrumb","itemListElement":[{"@type":"ListItem","position":1,"name":"Home","item":"https:\/\/vosgesinfo.fr\/saintdieinfo\/"},{"@type":"ListItem","position":2,"name":"Point m\u00e9t\u00e9o\u00a0: record de pluie en ao\u00fbt \u00e0 Saint-Di\u00e9-des-Vosges"}]},{"@type":"WebSite","@id":"https:\/\/vosgesinfo.fr\/saintdieinfo\/#website","url":"https:\/\/vosgesinfo.fr\/saintdieinfo\/","name":"Saint Die Info","description":"Toute l&#039;actualit\u00e9 de Saint-Di\u00e9-Des-Vosges","publisher":{"@id":"https:\/\/vosgesinfo.fr\/saintdieinfo\/#organization"},"alternateName":"Toute l'actualit\u00e9 de Saint-Di\u00e9-Des-Vosges","potentialAction":[{"@type":"SearchAction","target":{"@type":"EntryPoint","urlTemplate":"https:\/\/vosgesinfo.fr\/saintdieinfo\/?s={search_term_string}"},"query-input":"required name=search_term_string"}],"inLanguage":"fr-FR"},{"@type":"Organization","@id":"https:\/\/vosgesinfo.fr\/saintdieinfo\/#organization","name":"Saint Die Info","url":"https:\/\/vosgesinfo.fr\/saintdieinfo\/","logo":{"@type":"ImageObject","inLanguage":"fr-FR","@id":"https:\/\/vosgesinfo.fr\/saintdieinfo\/#\/schema\/logo\/image\/","url":"https:\/\/vosgesinfo.fr\/app\/uploads\/sites\/4\/2024\/02\/logo-sdi.jpg","contentUrl":"https:\/\/vosgesinfo.fr\/app\/uploads\/sites\/4\/2024\/02\/logo-sdi.jpg","width":600,"height":600,"caption":"Saint Die Info"},"image":{"@id":"https:\/\/vosgesinfo.fr\/saintdieinfo\/#\/schema\/logo\/image\/"},"sameAs":["https:\/\/www.facebook.com\/Saintdieinfofr","https:\/\/x.com\/VosgesInfo88","https:\/\/www.youtube.com\/@vosgesinfo"]},{"@type":"Person","@id":"https:\/\/vosgesinfo.fr\/saintdieinfo\/#\/schema\/person\/fa73e9f726d67bb88f46d5b7943cb572","name":"J.J.","image":{"@type":"ImageObject","inLanguage":"fr-FR","@id":"https:\/\/vosgesinfo.fr\/saintdieinfo\/#\/schema\/person\/image\/","url":"https:\/\/secure.gravatar.com\/avatar\/219e749e47ffbcca018a360ae4add7d4cdf1cdaaf8bc7676b27efade3fe65615?s=96&d=mm&r=g","contentUrl":"https:\/\/secure.gravatar.com\/avatar\/219e749e47ffbcca018a360ae4add7d4cdf1cdaaf8bc7676b27efade3fe65615?s=96&d=mm&r=g","caption":"J.J."},"url":"https:\/\/vosgesinfo.fr\/saintdieinfo\/author\/j-j\/"}]}},"_links":{"self":[{"href":"https:\/\/vosgesinfo.fr\/saintdieinfo\/wp-json\/wp\/v2\/posts\/81538","targetHints":{"allow":["GET"]}}],"collection":[{"href":"https:\/\/vosgesinfo.fr\/saintdieinfo\/wp-json\/wp\/v2\/posts"}],"about":[{"href":"https:\/\/vosgesinfo.fr\/saintdieinfo\/wp-json\/wp\/v2\/types\/post"}],"author":[{"embeddable":true,"href":"https:\/\/vosgesinfo.fr\/saintdieinfo\/wp-json\/wp\/v2\/users\/46"}],"replies":[{"embeddable":true,"href":"https:\/\/vosgesinfo.fr\/saintdieinfo\/wp-json\/wp\/v2\/comments?post=81538"}],"version-history":[{"count":2,"href":"https:\/\/vosgesinfo.fr\/saintdieinfo\/wp-json\/wp\/v2\/posts\/81538\/revisions"}],"predecessor-version":[{"id":81542,"href":"https:\/\/vosgesinfo.fr\/saintdieinfo\/wp-json\/wp\/v2\/posts\/81538\/revisions\/81542"}],"wp:featuredmedia":[{"embeddable":true,"href":"https:\/\/vosgesinfo.fr\/saintdieinfo\/wp-json\/wp\/v2\/media\/26126"}],"wp:attachment":[{"href":"https:\/\/vosgesinfo.fr\/saintdieinfo\/wp-json\/wp\/v2\/media?parent=81538"}],"wp:term":[{"taxonomy":"category","embeddable":true,"href":"https:\/\/vosgesinfo.fr\/saintdieinfo\/wp-json\/wp\/v2\/categories?post=81538"},{"taxonomy":"post_tag","embeddable":true,"href":"https:\/\/vosgesinfo.fr\/saintdieinfo\/wp-json\/wp\/v2\/tags?post=81538"}],"curies":[{"name":"wp","href":"https:\/\/api.w.org\/{rel}","templated":true}]}}