{"id":81587,"date":"2025-09-02T09:00:39","date_gmt":"2025-09-02T07:00:39","guid":{"rendered":"https:\/\/vosgesinfo.fr\/saintdieinfo\/?p=81587"},"modified":"2025-09-02T08:43:32","modified_gmt":"2025-09-02T06:43:32","slug":"volley-ball-le-calendrier-complet-du-championnat-des-louves","status":"publish","type":"post","link":"https:\/\/vosgesinfo.fr\/saintdieinfo\/2025\/09\/volley-ball-le-calendrier-complet-du-championnat-des-louves\/","title":{"rendered":"Volley-ball : le calendrier complet du championnat des Louves"},"content":{"rendered":"<div id=\"attachment_81153\" style=\"width: 1034px\" class=\"wp-caption alignnone\"><a href=\"https:\/\/vosgesinfo.fr\/app\/uploads\/sites\/4\/2025\/08\/premier-entrainement-saison-2025-2026-les-louves-1.jpg\"><img decoding=\"async\" aria-describedby=\"caption-attachment-81153\" class=\"size-large wp-image-81153\" src=\"https:\/\/vosgesinfo.fr\/app\/uploads\/sites\/4\/2025\/08\/premier-entrainement-saison-2025-2026-les-louves-1-1024x771.jpg\" alt=\"\" width=\"1024\" height=\"771\" srcset=\"https:\/\/vosgesinfo.fr\/app\/uploads\/sites\/4\/2025\/08\/premier-entrainement-saison-2025-2026-les-louves-1-1024x771.jpg 1024w, https:\/\/vosgesinfo.fr\/app\/uploads\/sites\/4\/2025\/08\/premier-entrainement-saison-2025-2026-les-louves-1-300x226.jpg 300w, https:\/\/vosgesinfo.fr\/app\/uploads\/sites\/4\/2025\/08\/premier-entrainement-saison-2025-2026-les-louves-1-768x578.jpg 768w, https:\/\/vosgesinfo.fr\/app\/uploads\/sites\/4\/2025\/08\/premier-entrainement-saison-2025-2026-les-louves-1-1536x1157.jpg 1536w, https:\/\/vosgesinfo.fr\/app\/uploads\/sites\/4\/2025\/08\/premier-entrainement-saison-2025-2026-les-louves-1.jpg 1600w\" sizes=\"(max-width: 1024px) 100vw, 1024px\" \/><\/a><p id=\"caption-attachment-81153\" class=\"wp-caption-text\">Les Louves lors de la reprise de l&rsquo;entra\u00eenement. (Archive)<\/p><\/div>\n<h2><a href=\"https:\/\/vosgesinfo.fr\/saintdieinfo\/2025\/08\/volley-ball-un-nouveau-monde-souvre-aux-louves-deodatiennes\/\" target=\"_blank\" rel=\"noopener\">Deux mois jour pour jour apr\u00e8s la reprise de l&rsquo;entra\u00eenement<\/a>, le <strong>11 ao\u00fbt dernier<\/strong>, les <strong>Louves<\/strong> lanceront leur premi\u00e8re saison en <strong>Saforelle Power 6 \u2013 le plus haut niveau en France \u2013<\/strong> \u00e0 domicile le <strong>samedi 11 octobre<\/strong>. Ce jour-l\u00e0, les <strong>D\u00e9odatiennes<\/strong> rentreront sans m\u00e9nagement dans le grand bain du volley-ball professionnel, puisqu&rsquo;elles recevront le <strong>champion en titre Levallois-Paris<\/strong>.<\/h2>\n<p><!--more--><\/p>\n<p>Jusqu&rsquo;au <strong>samedi 21 mars 2026<\/strong>, qui marquera la fin de la phase r\u00e9guli\u00e8re du championnat, la nouvelle \u00e9quipe qui d\u00e9fendra <strong>les couleurs de Saint-Di\u00e9-des-Vosges<\/strong> sera \u00e9galement oppos\u00e9e \u00e0 <strong>Cannes, B\u00e9ziers, Nancy, France Avenir, Marcq-en-Bar\u0153ul, Chamali\u00e8res, Mulhouse, Le Cannet, Terville-Florange<\/strong> ainsi que deux autres anciens pensionnaires du championnat Elite : <strong>\u00c9vreux et Bordeaux<\/strong>.<\/p>\n<p>Le calendrier complet des Louves est \u00e0 retrouver ci-dessous, avec les <strong>matchs \u00e0 domicile en gras<\/strong>, en sachant que la <strong>billetterie pour les matchs \u00e0 domicile est d&rsquo;ores et d\u00e9j\u00e0 ouverte<\/strong> (<a href=\"https:\/\/billetterie.seetickets.fr\/index-css5-saintdievolley-pg1.html\" target=\"_blank\" rel=\"noopener\">cliquer ici pour y acc\u00e9der<\/a>).<\/p>\n<h3><strong>Octobre<\/strong><\/h3>\n<p><strong>Samedi 11 \u2013 contre Levallois Paris<\/strong><br \/>\nSamedi 18 \u2013 \u00e0 Cannes<br \/>\n<strong>Mardi 21 \u2013 contre B\u00e9ziers<\/strong><br \/>\nSamedi 25 \u2013 \u00e0 Nancy<\/p>\n<h3><strong>Novembre<\/strong><\/h3>\n<p><strong>Samedi 1 \u2013 contre France Avenir<\/strong><br \/>\nSamedi 15 \u2013 \u00e0 \u00c9vreux<br \/>\nSamedi 22 \u2013 \u00e0 Marcq-en-Bar\u0153ul<br \/>\n<strong>Samedi 29 \u2013 contre Chamali\u00e8res<\/strong><\/p>\n<h3><strong>D\u00e9cembre<\/strong><\/h3>\n<p>Samedi 6 \u2013 \u00e0 Mulhouse<br \/>\n<strong>Mardi 9 \u2013 contre Bordeaux<\/strong><br \/>\nSamedi 13 \u2013 \u00e0 Le Cannet<br \/>\n<strong>Samedi 20 \u2013 contre Terville-Florange<\/strong><br \/>\nMardi 30 \u2013 \u00e0 Levallois Paris<\/p>\n<h3><strong>Janvier<\/strong><\/h3>\n<p><strong>Samedi 3 \u2013 contre Cannes<\/strong><br \/>\n<strong>Samedi 17 \u2013 contre \u00c9vreux<\/strong><br \/>\nSamedi 24 \u2013 \u00e0 France Avenir<br \/>\n<strong>Samedi 31 \u2013 contre Nancy<\/strong><\/p>\n<h3><strong>F\u00e9vrier<\/strong><\/h3>\n<p>Vendredi 6 \u2013 \u00e0 Bordeaux<br \/>\n<strong>Samedi 14 \u2013 contre Marcq-en-Bar\u0153ul<\/strong><br \/>\nSamedi 21 \u2013 \u00e0 Terville-Florange<br \/>\nSamedi 28 \u2013 \u00e0 B\u00e9ziers<\/p>\n<h3><strong>Mars<\/strong><\/h3>\n<p><strong>Samedi 7 \u2013 contre Le Cannet<\/strong><br \/>\nSamedi 14 \u2013 \u00e0 Chamali\u00e8res<br \/>\n<strong>Samedi 21 \u2013 contre Mulhouse<\/strong><\/p>\n","protected":false},"excerpt":{"rendered":"<p>Deux mois jour pour jour apr\u00e8s la reprise de l&rsquo;entra\u00eenement, le 11 ao\u00fbt dernier, les Louves lanceront leur premi\u00e8re saison [&hellip;]<\/p>\n","protected":false},"author":46,"featured_media":81153,"comment_status":"open","ping_status":"open","sticky":false,"template":"","format":"standard","meta":{"footnotes":""},"categories":[460,167,14],"tags":[18107,3247,18005,3476,18007,3249],"class_list":["post-81587","post","type-post","status-publish","format-standard","has-post-thumbnail","hentry","category-a-la-une","category-saint-die-des-vosges","category-sport","tag-championnat-2025-2026-de-saforelle-power-6","tag-les-louves","tag-saforelle-power-6","tag-saint-die-des-vosges-volley-ball","tag-saison-2025-2026-des-louves","tag-volley-ball-feminin"],"acf":[],"yoast_head":"<!-- This site is optimized with the Yoast SEO plugin v22.5 - https:\/\/yoast.com\/wordpress\/plugins\/seo\/ -->\n<title>Volley-ball : le calendrier complet du championnat des Louves - Saint Die Info<\/title>\n<meta name=\"robots\" content=\"index, follow, max-snippet:-1, max-image-preview:large, max-video-preview:-1\" \/>\n<link rel=\"canonical\" href=\"https:\/\/vosgesinfo.fr\/saintdieinfo\/2025\/09\/volley-ball-le-calendrier-complet-du-championnat-des-louves\/\" \/>\n<meta name=\"twitter:card\" content=\"summary_large_image\" \/>\n<meta name=\"twitter:title\" content=\"Volley-ball : le calendrier complet du championnat des Louves - Saint Die Info\" \/>\n<meta name=\"twitter:description\" content=\"Deux mois jour pour jour apr\u00e8s la reprise de l&rsquo;entra\u00eenement, le 11 ao\u00fbt dernier, les Louves lanceront leur premi\u00e8re saison [&hellip;]\" \/>\n<meta name=\"twitter:image\" content=\"https:\/\/vosgesinfo.fr\/app\/uploads\/sites\/4\/2025\/08\/premier-entrainement-saison-2025-2026-les-louves-1.jpg\" \/>\n<meta name=\"twitter:creator\" content=\"@VosgesInfo88\" \/>\n<meta name=\"twitter:site\" content=\"@VosgesInfo88\" \/>\n<meta name=\"twitter:label1\" content=\"\u00c9crit par\" \/>\n\t<meta name=\"twitter:data1\" content=\"J.J.\" \/>\n\t<meta name=\"twitter:label2\" content=\"Dur\u00e9e de lecture estim\u00e9e\" \/>\n\t<meta name=\"twitter:data2\" content=\"1 minute\" \/>\n<script type=\"application\/ld+json\" class=\"yoast-schema-graph\">{\"@context\":\"https:\/\/schema.org\",\"@graph\":[{\"@type\":\"Article\",\"@id\":\"https:\/\/vosgesinfo.fr\/saintdieinfo\/2025\/09\/volley-ball-le-calendrier-complet-du-championnat-des-louves\/#article\",\"isPartOf\":{\"@id\":\"https:\/\/vosgesinfo.fr\/saintdieinfo\/2025\/09\/volley-ball-le-calendrier-complet-du-championnat-des-louves\/\"},\"author\":{\"name\":\"J.J.\",\"@id\":\"https:\/\/vosgesinfo.fr\/saintdieinfo\/#\/schema\/person\/fa73e9f726d67bb88f46d5b7943cb572\"},\"headline\":\"Volley-ball : le calendrier complet du championnat des Louves\",\"datePublished\":\"2025-09-02T07:00:39+00:00\",\"dateModified\":\"2025-09-02T06:43:32+00:00\",\"mainEntityOfPage\":{\"@id\":\"https:\/\/vosgesinfo.fr\/saintdieinfo\/2025\/09\/volley-ball-le-calendrier-complet-du-championnat-des-louves\/\"},\"wordCount\":260,\"commentCount\":0,\"publisher\":{\"@id\":\"https:\/\/vosgesinfo.fr\/saintdieinfo\/#organization\"},\"image\":{\"@id\":\"https:\/\/vosgesinfo.fr\/saintdieinfo\/2025\/09\/volley-ball-le-calendrier-complet-du-championnat-des-louves\/#primaryimage\"},\"thumbnailUrl\":\"https:\/\/vosgesinfo.fr\/app\/uploads\/sites\/4\/2025\/08\/premier-entrainement-saison-2025-2026-les-louves-1.jpg\",\"keywords\":[\"Championnat 2025-2026 de Saforelle Power 6\",\"Les Louves\",\"Saforelle Power 6\",\"Saint-Di\u00e9-des-Vosges Volley-Ball\",\"Saison 2025-2026 des Louves\",\"Volley-ball f\u00e9minin\"],\"articleSection\":[\"A la Une\",\"Saint-Di\u00e9-des-Vosges\",\"Sport\"],\"inLanguage\":\"fr-FR\",\"potentialAction\":[{\"@type\":\"CommentAction\",\"name\":\"Comment\",\"target\":[\"https:\/\/vosgesinfo.fr\/saintdieinfo\/2025\/09\/volley-ball-le-calendrier-complet-du-championnat-des-louves\/#respond\"]}]},{\"@type\":\"WebPage\",\"@id\":\"https:\/\/vosgesinfo.fr\/saintdieinfo\/2025\/09\/volley-ball-le-calendrier-complet-du-championnat-des-louves\/\",\"url\":\"https:\/\/vosgesinfo.fr\/saintdieinfo\/2025\/09\/volley-ball-le-calendrier-complet-du-championnat-des-louves\/\",\"name\":\"Volley-ball : le calendrier complet du championnat des Louves - Saint Die Info\",\"isPartOf\":{\"@id\":\"https:\/\/vosgesinfo.fr\/saintdieinfo\/#website\"},\"primaryImageOfPage\":{\"@id\":\"https:\/\/vosgesinfo.fr\/saintdieinfo\/2025\/09\/volley-ball-le-calendrier-complet-du-championnat-des-louves\/#primaryimage\"},\"image\":{\"@id\":\"https:\/\/vosgesinfo.fr\/saintdieinfo\/2025\/09\/volley-ball-le-calendrier-complet-du-championnat-des-louves\/#primaryimage\"},\"thumbnailUrl\":\"https:\/\/vosgesinfo.fr\/app\/uploads\/sites\/4\/2025\/08\/premier-entrainement-saison-2025-2026-les-louves-1.jpg\",\"datePublished\":\"2025-09-02T07:00:39+00:00\",\"dateModified\":\"2025-09-02T06:43:32+00:00\",\"breadcrumb\":{\"@id\":\"https:\/\/vosgesinfo.fr\/saintdieinfo\/2025\/09\/volley-ball-le-calendrier-complet-du-championnat-des-louves\/#breadcrumb\"},\"inLanguage\":\"fr-FR\",\"potentialAction\":[{\"@type\":\"ReadAction\",\"target\":[\"https:\/\/vosgesinfo.fr\/saintdieinfo\/2025\/09\/volley-ball-le-calendrier-complet-du-championnat-des-louves\/\"]}]},{\"@type\":\"ImageObject\",\"inLanguage\":\"fr-FR\",\"@id\":\"https:\/\/vosgesinfo.fr\/saintdieinfo\/2025\/09\/volley-ball-le-calendrier-complet-du-championnat-des-louves\/#primaryimage\",\"url\":\"https:\/\/vosgesinfo.fr\/app\/uploads\/sites\/4\/2025\/08\/premier-entrainement-saison-2025-2026-les-louves-1.jpg\",\"contentUrl\":\"https:\/\/vosgesinfo.fr\/app\/uploads\/sites\/4\/2025\/08\/premier-entrainement-saison-2025-2026-les-louves-1.jpg\",\"width\":1600,\"height\":1205,\"caption\":\"Les Louves lors de la reprise de l'entra\u00eenement. (Archive)\"},{\"@type\":\"BreadcrumbList\",\"@id\":\"https:\/\/vosgesinfo.fr\/saintdieinfo\/2025\/09\/volley-ball-le-calendrier-complet-du-championnat-des-louves\/#breadcrumb\",\"itemListElement\":[{\"@type\":\"ListItem\",\"position\":1,\"name\":\"Home\",\"item\":\"https:\/\/vosgesinfo.fr\/saintdieinfo\/\"},{\"@type\":\"ListItem\",\"position\":2,\"name\":\"Volley-ball : le calendrier complet du championnat des Louves\"}]},{\"@type\":\"WebSite\",\"@id\":\"https:\/\/vosgesinfo.fr\/saintdieinfo\/#website\",\"url\":\"https:\/\/vosgesinfo.fr\/saintdieinfo\/\",\"name\":\"Saint Die Info\",\"description\":\"Toute l&#039;actualit\u00e9 de Saint-Di\u00e9-Des-Vosges\",\"publisher\":{\"@id\":\"https:\/\/vosgesinfo.fr\/saintdieinfo\/#organization\"},\"alternateName\":\"Toute l'actualit\u00e9 de Saint-Di\u00e9-Des-Vosges\",\"potentialAction\":[{\"@type\":\"SearchAction\",\"target\":{\"@type\":\"EntryPoint\",\"urlTemplate\":\"https:\/\/vosgesinfo.fr\/saintdieinfo\/?s={search_term_string}\"},\"query-input\":\"required name=search_term_string\"}],\"inLanguage\":\"fr-FR\"},{\"@type\":\"Organization\",\"@id\":\"https:\/\/vosgesinfo.fr\/saintdieinfo\/#organization\",\"name\":\"Saint Die Info\",\"url\":\"https:\/\/vosgesinfo.fr\/saintdieinfo\/\",\"logo\":{\"@type\":\"ImageObject\",\"inLanguage\":\"fr-FR\",\"@id\":\"https:\/\/vosgesinfo.fr\/saintdieinfo\/#\/schema\/logo\/image\/\",\"url\":\"https:\/\/vosgesinfo.fr\/app\/uploads\/sites\/4\/2024\/02\/logo-sdi.jpg\",\"contentUrl\":\"https:\/\/vosgesinfo.fr\/app\/uploads\/sites\/4\/2024\/02\/logo-sdi.jpg\",\"width\":600,\"height\":600,\"caption\":\"Saint Die Info\"},\"image\":{\"@id\":\"https:\/\/vosgesinfo.fr\/saintdieinfo\/#\/schema\/logo\/image\/\"},\"sameAs\":[\"https:\/\/www.facebook.com\/Saintdieinfofr\",\"https:\/\/x.com\/VosgesInfo88\",\"https:\/\/www.youtube.com\/@vosgesinfo\"]},{\"@type\":\"Person\",\"@id\":\"https:\/\/vosgesinfo.fr\/saintdieinfo\/#\/schema\/person\/fa73e9f726d67bb88f46d5b7943cb572\",\"name\":\"J.J.\",\"image\":{\"@type\":\"ImageObject\",\"inLanguage\":\"fr-FR\",\"@id\":\"https:\/\/vosgesinfo.fr\/saintdieinfo\/#\/schema\/person\/image\/\",\"url\":\"https:\/\/secure.gravatar.com\/avatar\/219e749e47ffbcca018a360ae4add7d4cdf1cdaaf8bc7676b27efade3fe65615?s=96&d=mm&r=g\",\"contentUrl\":\"https:\/\/secure.gravatar.com\/avatar\/219e749e47ffbcca018a360ae4add7d4cdf1cdaaf8bc7676b27efade3fe65615?s=96&d=mm&r=g\",\"caption\":\"J.J.\"},\"url\":\"https:\/\/vosgesinfo.fr\/saintdieinfo\/author\/j-j\/\"}]}<\/script>\n<!-- \/ Yoast SEO plugin. -->","yoast_head_json":{"title":"Volley-ball : le calendrier complet du championnat des Louves - Saint Die Info","robots":{"index":"index","follow":"follow","max-snippet":"max-snippet:-1","max-image-preview":"max-image-preview:large","max-video-preview":"max-video-preview:-1"},"canonical":"https:\/\/vosgesinfo.fr\/saintdieinfo\/2025\/09\/volley-ball-le-calendrier-complet-du-championnat-des-louves\/","twitter_card":"summary_large_image","twitter_title":"Volley-ball : le calendrier complet du championnat des Louves - Saint Die Info","twitter_description":"Deux mois jour pour jour apr\u00e8s la reprise de l&rsquo;entra\u00eenement, le 11 ao\u00fbt dernier, les Louves lanceront leur premi\u00e8re saison [&hellip;]","twitter_image":"https:\/\/vosgesinfo.fr\/app\/uploads\/sites\/4\/2025\/08\/premier-entrainement-saison-2025-2026-les-louves-1.jpg","twitter_creator":"@VosgesInfo88","twitter_site":"@VosgesInfo88","twitter_misc":{"\u00c9crit par":"J.J.","Dur\u00e9e de lecture estim\u00e9e":"1 minute"},"schema":{"@context":"https:\/\/schema.org","@graph":[{"@type":"Article","@id":"https:\/\/vosgesinfo.fr\/saintdieinfo\/2025\/09\/volley-ball-le-calendrier-complet-du-championnat-des-louves\/#article","isPartOf":{"@id":"https:\/\/vosgesinfo.fr\/saintdieinfo\/2025\/09\/volley-ball-le-calendrier-complet-du-championnat-des-louves\/"},"author":{"name":"J.J.","@id":"https:\/\/vosgesinfo.fr\/saintdieinfo\/#\/schema\/person\/fa73e9f726d67bb88f46d5b7943cb572"},"headline":"Volley-ball : le calendrier complet du championnat des Louves","datePublished":"2025-09-02T07:00:39+00:00","dateModified":"2025-09-02T06:43:32+00:00","mainEntityOfPage":{"@id":"https:\/\/vosgesinfo.fr\/saintdieinfo\/2025\/09\/volley-ball-le-calendrier-complet-du-championnat-des-louves\/"},"wordCount":260,"commentCount":0,"publisher":{"@id":"https:\/\/vosgesinfo.fr\/saintdieinfo\/#organization"},"image":{"@id":"https:\/\/vosgesinfo.fr\/saintdieinfo\/2025\/09\/volley-ball-le-calendrier-complet-du-championnat-des-louves\/#primaryimage"},"thumbnailUrl":"https:\/\/vosgesinfo.fr\/app\/uploads\/sites\/4\/2025\/08\/premier-entrainement-saison-2025-2026-les-louves-1.jpg","keywords":["Championnat 2025-2026 de Saforelle Power 6","Les Louves","Saforelle Power 6","Saint-Di\u00e9-des-Vosges Volley-Ball","Saison 2025-2026 des Louves","Volley-ball f\u00e9minin"],"articleSection":["A la Une","Saint-Di\u00e9-des-Vosges","Sport"],"inLanguage":"fr-FR","potentialAction":[{"@type":"CommentAction","name":"Comment","target":["https:\/\/vosgesinfo.fr\/saintdieinfo\/2025\/09\/volley-ball-le-calendrier-complet-du-championnat-des-louves\/#respond"]}]},{"@type":"WebPage","@id":"https:\/\/vosgesinfo.fr\/saintdieinfo\/2025\/09\/volley-ball-le-calendrier-complet-du-championnat-des-louves\/","url":"https:\/\/vosgesinfo.fr\/saintdieinfo\/2025\/09\/volley-ball-le-calendrier-complet-du-championnat-des-louves\/","name":"Volley-ball : le calendrier complet du championnat des Louves - Saint Die Info","isPartOf":{"@id":"https:\/\/vosgesinfo.fr\/saintdieinfo\/#website"},"primaryImageOfPage":{"@id":"https:\/\/vosgesinfo.fr\/saintdieinfo\/2025\/09\/volley-ball-le-calendrier-complet-du-championnat-des-louves\/#primaryimage"},"image":{"@id":"https:\/\/vosgesinfo.fr\/saintdieinfo\/2025\/09\/volley-ball-le-calendrier-complet-du-championnat-des-louves\/#primaryimage"},"thumbnailUrl":"https:\/\/vosgesinfo.fr\/app\/uploads\/sites\/4\/2025\/08\/premier-entrainement-saison-2025-2026-les-louves-1.jpg","datePublished":"2025-09-02T07:00:39+00:00","dateModified":"2025-09-02T06:43:32+00:00","breadcrumb":{"@id":"https:\/\/vosgesinfo.fr\/saintdieinfo\/2025\/09\/volley-ball-le-calendrier-complet-du-championnat-des-louves\/#breadcrumb"},"inLanguage":"fr-FR","potentialAction":[{"@type":"ReadAction","target":["https:\/\/vosgesinfo.fr\/saintdieinfo\/2025\/09\/volley-ball-le-calendrier-complet-du-championnat-des-louves\/"]}]},{"@type":"ImageObject","inLanguage":"fr-FR","@id":"https:\/\/vosgesinfo.fr\/saintdieinfo\/2025\/09\/volley-ball-le-calendrier-complet-du-championnat-des-louves\/#primaryimage","url":"https:\/\/vosgesinfo.fr\/app\/uploads\/sites\/4\/2025\/08\/premier-entrainement-saison-2025-2026-les-louves-1.jpg","contentUrl":"https:\/\/vosgesinfo.fr\/app\/uploads\/sites\/4\/2025\/08\/premier-entrainement-saison-2025-2026-les-louves-1.jpg","width":1600,"height":1205,"caption":"Les Louves lors de la reprise de l'entra\u00eenement. (Archive)"},{"@type":"BreadcrumbList","@id":"https:\/\/vosgesinfo.fr\/saintdieinfo\/2025\/09\/volley-ball-le-calendrier-complet-du-championnat-des-louves\/#breadcrumb","itemListElement":[{"@type":"ListItem","position":1,"name":"Home","item":"https:\/\/vosgesinfo.fr\/saintdieinfo\/"},{"@type":"ListItem","position":2,"name":"Volley-ball : le calendrier complet du championnat des Louves"}]},{"@type":"WebSite","@id":"https:\/\/vosgesinfo.fr\/saintdieinfo\/#website","url":"https:\/\/vosgesinfo.fr\/saintdieinfo\/","name":"Saint Die Info","description":"Toute l&#039;actualit\u00e9 de Saint-Di\u00e9-Des-Vosges","publisher":{"@id":"https:\/\/vosgesinfo.fr\/saintdieinfo\/#organization"},"alternateName":"Toute l'actualit\u00e9 de Saint-Di\u00e9-Des-Vosges","potentialAction":[{"@type":"SearchAction","target":{"@type":"EntryPoint","urlTemplate":"https:\/\/vosgesinfo.fr\/saintdieinfo\/?s={search_term_string}"},"query-input":"required name=search_term_string"}],"inLanguage":"fr-FR"},{"@type":"Organization","@id":"https:\/\/vosgesinfo.fr\/saintdieinfo\/#organization","name":"Saint Die Info","url":"https:\/\/vosgesinfo.fr\/saintdieinfo\/","logo":{"@type":"ImageObject","inLanguage":"fr-FR","@id":"https:\/\/vosgesinfo.fr\/saintdieinfo\/#\/schema\/logo\/image\/","url":"https:\/\/vosgesinfo.fr\/app\/uploads\/sites\/4\/2024\/02\/logo-sdi.jpg","contentUrl":"https:\/\/vosgesinfo.fr\/app\/uploads\/sites\/4\/2024\/02\/logo-sdi.jpg","width":600,"height":600,"caption":"Saint Die Info"},"image":{"@id":"https:\/\/vosgesinfo.fr\/saintdieinfo\/#\/schema\/logo\/image\/"},"sameAs":["https:\/\/www.facebook.com\/Saintdieinfofr","https:\/\/x.com\/VosgesInfo88","https:\/\/www.youtube.com\/@vosgesinfo"]},{"@type":"Person","@id":"https:\/\/vosgesinfo.fr\/saintdieinfo\/#\/schema\/person\/fa73e9f726d67bb88f46d5b7943cb572","name":"J.J.","image":{"@type":"ImageObject","inLanguage":"fr-FR","@id":"https:\/\/vosgesinfo.fr\/saintdieinfo\/#\/schema\/person\/image\/","url":"https:\/\/secure.gravatar.com\/avatar\/219e749e47ffbcca018a360ae4add7d4cdf1cdaaf8bc7676b27efade3fe65615?s=96&d=mm&r=g","contentUrl":"https:\/\/secure.gravatar.com\/avatar\/219e749e47ffbcca018a360ae4add7d4cdf1cdaaf8bc7676b27efade3fe65615?s=96&d=mm&r=g","caption":"J.J."},"url":"https:\/\/vosgesinfo.fr\/saintdieinfo\/author\/j-j\/"}]}},"_links":{"self":[{"href":"https:\/\/vosgesinfo.fr\/saintdieinfo\/wp-json\/wp\/v2\/posts\/81587","targetHints":{"allow":["GET"]}}],"collection":[{"href":"https:\/\/vosgesinfo.fr\/saintdieinfo\/wp-json\/wp\/v2\/posts"}],"about":[{"href":"https:\/\/vosgesinfo.fr\/saintdieinfo\/wp-json\/wp\/v2\/types\/post"}],"author":[{"embeddable":true,"href":"https:\/\/vosgesinfo.fr\/saintdieinfo\/wp-json\/wp\/v2\/users\/46"}],"replies":[{"embeddable":true,"href":"https:\/\/vosgesinfo.fr\/saintdieinfo\/wp-json\/wp\/v2\/comments?post=81587"}],"version-history":[{"count":1,"href":"https:\/\/vosgesinfo.fr\/saintdieinfo\/wp-json\/wp\/v2\/posts\/81587\/revisions"}],"predecessor-version":[{"id":81588,"href":"https:\/\/vosgesinfo.fr\/saintdieinfo\/wp-json\/wp\/v2\/posts\/81587\/revisions\/81588"}],"wp:featuredmedia":[{"embeddable":true,"href":"https:\/\/vosgesinfo.fr\/saintdieinfo\/wp-json\/wp\/v2\/media\/81153"}],"wp:attachment":[{"href":"https:\/\/vosgesinfo.fr\/saintdieinfo\/wp-json\/wp\/v2\/media?parent=81587"}],"wp:term":[{"taxonomy":"category","embeddable":true,"href":"https:\/\/vosgesinfo.fr\/saintdieinfo\/wp-json\/wp\/v2\/categories?post=81587"},{"taxonomy":"post_tag","embeddable":true,"href":"https:\/\/vosgesinfo.fr\/saintdieinfo\/wp-json\/wp\/v2\/tags?post=81587"}],"curies":[{"name":"wp","href":"https:\/\/api.w.org\/{rel}","templated":true}]}}