{"id":81589,"date":"2025-09-02T09:55:09","date_gmt":"2025-09-02T07:55:09","guid":{"rendered":"https:\/\/vosgesinfo.fr\/saintdieinfo\/?p=81589"},"modified":"2025-09-02T13:34:54","modified_gmt":"2025-09-02T11:34:54","slug":"les-futures-infirmieres-font-leur-rentree-a-lifsi-de-saint-die-des-vosges","status":"publish","type":"post","link":"https:\/\/vosgesinfo.fr\/saintdieinfo\/2025\/09\/les-futures-infirmieres-font-leur-rentree-a-lifsi-de-saint-die-des-vosges\/","title":{"rendered":"Les futur(e)s infirmier(e)s font leur rentr\u00e9e \u00e0 l\u2019IFSI de Saint-Di\u00e9-des-Vosges"},"content":{"rendered":"<p><a href=\"https:\/\/vosgesinfo.fr\/app\/uploads\/sites\/4\/2025\/09\/rentree-2025-2026-ifsi-sddv-3.jpg\"><img decoding=\"async\" class=\"alignnone size-large wp-image-81594\" src=\"https:\/\/vosgesinfo.fr\/app\/uploads\/sites\/4\/2025\/09\/rentree-2025-2026-ifsi-sddv-3-1024x771.jpg\" alt=\"\" width=\"1024\" height=\"771\" srcset=\"https:\/\/vosgesinfo.fr\/app\/uploads\/sites\/4\/2025\/09\/rentree-2025-2026-ifsi-sddv-3-1024x771.jpg 1024w, https:\/\/vosgesinfo.fr\/app\/uploads\/sites\/4\/2025\/09\/rentree-2025-2026-ifsi-sddv-3-300x226.jpg 300w, https:\/\/vosgesinfo.fr\/app\/uploads\/sites\/4\/2025\/09\/rentree-2025-2026-ifsi-sddv-3-768x578.jpg 768w, https:\/\/vosgesinfo.fr\/app\/uploads\/sites\/4\/2025\/09\/rentree-2025-2026-ifsi-sddv-3-1536x1157.jpg 1536w, https:\/\/vosgesinfo.fr\/app\/uploads\/sites\/4\/2025\/09\/rentree-2025-2026-ifsi-sddv-3.jpg 1600w\" sizes=\"(max-width: 1024px) 100vw, 1024px\" \/><\/a><\/p>\n<h2><a href=\"https:\/\/vosgesinfo.fr\/saintdieinfo\/2025\/08\/rentree-au-pole-de-formations-paramedicales-une-nouvelle-promotion-daides-soignants-a-saint-die-des-vosges\/\" target=\"_blank\" rel=\"noopener\">Apr\u00e8s l&rsquo;<strong>IFAS<\/strong> la semaine derni\u00e8re, jeudi<\/a>, c&rsquo;\u00e9tait au tour des \u00e9tudiants en premi\u00e8re ann\u00e9e \u00e0 l&rsquo;<strong>Institut de Formation en Soins Infirmiers \u2013 IFSI \u2013 de Saint-Di\u00e9-des-Vosges<\/strong> de faire leur rentr\u00e9e ce lundi. La deuxi\u00e8me dans les locaux du <strong>p\u00f4le de formations param\u00e9dicales d\u00e9odatien<\/strong>, situ\u00e9 dans l&rsquo;une des ailes du <strong>Centre Hospitalier<\/strong>.<\/h2>\n<p><!--more--><\/p>\n<h3><strong>Accueil des nouveaux \u00e9tudiants<\/strong><\/h3>\n<p>Apr\u00e8s un mot d&rsquo;accueil de <strong>Laure Vukasse, Anne Corbiat et Pascal L\u00e9onfort<\/strong>, respectivement <strong>directrice des H\u00f4pitaux du Massif des Vosges \u2013 HMV \u2013 directrice des instituts de formation et directeur des soins<\/strong>, les \u00e9tudiants ont visit\u00e9 les locaux du p\u00f4le de formation aux c\u00f4t\u00e9s de <strong>Marine Perello, formatrice r\u00e9f\u00e9rente<\/strong>.<\/p>\n<h3><strong>48 \u00e9l\u00e8ves et un redoublant<\/strong><\/h3>\n<p><strong>48 nouveaux \u00e9l\u00e8ves et un redoublant<\/strong> ont officiellement d\u00e9but\u00e9 leur formation hier apr\u00e8s-midi, qui se terminera dans 3 ans avec \u00e0 la cl\u00e9 un <strong>Dipl\u00f4me d&rsquo;\u00c9tat d&rsquo;Infirmier \u2013 DEI<\/strong>. Il s&rsquo;agit par ailleurs de la derni\u00e8re promotion du r\u00e9f\u00e9rentiel 2009, avant l&rsquo;entr\u00e9e en vigueur du <strong>nouveau r\u00e9f\u00e9rentiel<\/strong> \u00e0 la rentr\u00e9e 2026-2027. Parmi ces <strong data-start=\"10\" data-end=\"30\">nouveaux \u00e9l\u00e8ves<\/strong> et <strong data-start=\"34\" data-end=\"48\">redoublant<\/strong>, <strong data-start=\"50\" data-end=\"72\">44 sont des femmes<\/strong> et <strong data-start=\"76\" data-end=\"92\">5 des hommes<\/strong>, d&rsquo;une <strong data-start=\"100\" data-end=\"129\">moyenne d&rsquo;\u00e2ge de 21,9 ans<\/strong> et tous principalement <strong data-start=\"153\" data-end=\"179\">originaires des Vosges<\/strong>.<\/p>\n<h3><strong>Des perspectives d\u2019emploi aux HMV<\/strong><\/h3>\n<p>Environ <strong>40 % des futurs dipl\u00f4m\u00e9s<\/strong> rejoindront ensuite les <strong>1 200 personnels de soin des H\u00f4pitaux du Massif des Vosges \u2013 HMV<\/strong>. \u00ab Nous recrutons environ <strong>20 \u00e0 25 infirmiers par an, pour autant d&rsquo;aides-soignants<\/strong> \u00bb pr\u00e9cise \u00e0 ce propos Laure Vukasse.<\/p>\n<h3><strong>Des dispositifs pour renforcer l\u2019attractivit\u00e9<\/strong><\/h3>\n<p>Consciente que l&rsquo;attractivit\u00e9 est un \u00e9l\u00e9ment crucial pour attirer et fid\u00e9liser de nouveaux <strong>\u00e9tudiants infirmiers<\/strong> et de nouveaux <strong>apprenants aides-soignants<\/strong>, la Direction des HMV a travaill\u00e9 sur cet aspect pour proposer un certain nombre de dispositifs : <strong>bourses, repas \u00e0 des prix avantageux, job dating<\/strong> et, nouveaut\u00e9 cette ann\u00e9e, des <strong>contrats d&#8217;emplois de type \u00ab jobs \u00e9tudiants \u00bb<\/strong> au sein de ses diff\u00e9rentes structures.<\/p>\n<h3><strong>Une hausse record des aides-soignants<\/strong><\/h3>\n<p>Et cela a visiblement pay\u00e9, puisque le <strong>nombre d&rsquo;apprenants aides-soignants admis est en hausse de 108 %<\/strong> pour cette rentr\u00e9e par rapport \u00e0 l&rsquo;ann\u00e9e derni\u00e8re, avec <strong>52 futurs aides-soignants en 2025 contre 24 en 2024<\/strong>. Le <strong>nombre d&rsquo;\u00e9tudiants infirmiers est lui fix\u00e9 par un quota maximum<\/strong>, qui est atteint avec <strong>48 \u00e9l\u00e8ves.<\/strong><\/p>\n\n\t\t<style type=\"text\/css\">\n\t\t\t#gallery-1 {\n\t\t\t\tmargin: auto;\n\t\t\t}\n\t\t\t#gallery-1 .gallery-item {\n\t\t\t\tfloat: left;\n\t\t\t\tmargin-top: 10px;\n\t\t\t\ttext-align: center;\n\t\t\t\twidth: 50%;\n\t\t\t}\n\t\t\t#gallery-1 img {\n\t\t\t\tborder: 2px solid #cfcfcf;\n\t\t\t}\n\t\t\t#gallery-1 .gallery-caption {\n\t\t\t\tmargin-left: 0;\n\t\t\t}\n\t\t\t\/* see gallery_shortcode() in wp-includes\/media.php *\/\n\t\t<\/style>\n\t\t<div id='gallery-1' class='gallery galleryid-81589 gallery-columns-2 gallery-size-thumbnail'><dl class='gallery-item'>\n\t\t\t<dt class='gallery-icon landscape'>\n\t\t\t\t<a href='https:\/\/vosgesinfo.fr\/app\/uploads\/sites\/4\/2025\/09\/rentree-2025-2026-ifsi-sddv-1.jpg'><img decoding=\"async\" width=\"150\" height=\"150\" src=\"https:\/\/vosgesinfo.fr\/app\/uploads\/sites\/4\/2025\/09\/rentree-2025-2026-ifsi-sddv-1-150x150.jpg\" class=\"attachment-thumbnail size-thumbnail\" alt=\"\" \/><\/a>\n\t\t\t<\/dt><\/dl><dl class='gallery-item'>\n\t\t\t<dt class='gallery-icon landscape'>\n\t\t\t\t<a href='https:\/\/vosgesinfo.fr\/app\/uploads\/sites\/4\/2025\/09\/rentree-2025-2026-ifsi-sddv-2.jpg'><img decoding=\"async\" width=\"150\" height=\"150\" src=\"https:\/\/vosgesinfo.fr\/app\/uploads\/sites\/4\/2025\/09\/rentree-2025-2026-ifsi-sddv-2-150x150.jpg\" class=\"attachment-thumbnail size-thumbnail\" alt=\"\" \/><\/a>\n\t\t\t<\/dt><\/dl><br style=\"clear: both\" \/><dl class='gallery-item'>\n\t\t\t<dt class='gallery-icon landscape'>\n\t\t\t\t<a href='https:\/\/vosgesinfo.fr\/app\/uploads\/sites\/4\/2025\/09\/rentree-2025-2026-ifsi-sddv-4.jpg'><img decoding=\"async\" width=\"150\" height=\"150\" src=\"https:\/\/vosgesinfo.fr\/app\/uploads\/sites\/4\/2025\/09\/rentree-2025-2026-ifsi-sddv-4-150x150.jpg\" class=\"attachment-thumbnail size-thumbnail\" alt=\"\" \/><\/a>\n\t\t\t<\/dt><\/dl><dl class='gallery-item'>\n\t\t\t<dt class='gallery-icon landscape'>\n\t\t\t\t<a href='https:\/\/vosgesinfo.fr\/app\/uploads\/sites\/4\/2025\/09\/rentree-2025-2026-ifsi-sddv-5.jpg'><img decoding=\"async\" width=\"150\" height=\"150\" src=\"https:\/\/vosgesinfo.fr\/app\/uploads\/sites\/4\/2025\/09\/rentree-2025-2026-ifsi-sddv-5-150x150.jpg\" class=\"attachment-thumbnail size-thumbnail\" alt=\"\" \/><\/a>\n\t\t\t<\/dt><\/dl><br style=\"clear: both\" \/>\n\t\t<\/div>\n\n","protected":false},"excerpt":{"rendered":"<p>Apr\u00e8s l&rsquo;IFAS la semaine derni\u00e8re, jeudi, c&rsquo;\u00e9tait au tour des \u00e9tudiants en premi\u00e8re ann\u00e9e \u00e0 l&rsquo;Institut de Formation en Soins [&hellip;]<\/p>\n","protected":false},"author":46,"featured_media":81594,"comment_status":"open","ping_status":"open","sticky":false,"template":"","format":"standard","meta":{"footnotes":""},"categories":[460,167,4152],"tags":[18112,3146,3284,14707],"class_list":["post-81589","post","type-post","status-publish","format-standard","has-post-thumbnail","hentry","category-a-la-une","category-saint-die-des-vosges","category-sante","tag-diplome-detat-dinfirmier","tag-hopitaux-du-massif-des-vosges","tag-ifsi-de-saint-die-des-vosges","tag-pole-de-formations-paramedicales-de-saint-die-des-vosges"],"acf":[],"yoast_head":"<!-- This site is optimized with the Yoast SEO plugin v22.5 - https:\/\/yoast.com\/wordpress\/plugins\/seo\/ -->\n<title>Les futur(e)s infirmier(e)s font leur rentr\u00e9e \u00e0 l\u2019IFSI de Saint-Di\u00e9-des-Vosges - Saint Die Info<\/title>\n<meta name=\"robots\" content=\"index, follow, max-snippet:-1, max-image-preview:large, max-video-preview:-1\" \/>\n<link rel=\"canonical\" href=\"https:\/\/vosgesinfo.fr\/saintdieinfo\/2025\/09\/les-futures-infirmieres-font-leur-rentree-a-lifsi-de-saint-die-des-vosges\/\" \/>\n<meta name=\"twitter:card\" content=\"summary_large_image\" \/>\n<meta name=\"twitter:title\" content=\"Les futur(e)s infirmier(e)s font leur rentr\u00e9e \u00e0 l\u2019IFSI de Saint-Di\u00e9-des-Vosges - Saint Die Info\" \/>\n<meta name=\"twitter:description\" content=\"Apr\u00e8s l&rsquo;IFAS la semaine derni\u00e8re, jeudi, c&rsquo;\u00e9tait au tour des \u00e9tudiants en premi\u00e8re ann\u00e9e \u00e0 l&rsquo;Institut de Formation en Soins [&hellip;]\" \/>\n<meta name=\"twitter:image\" content=\"https:\/\/vosgesinfo.fr\/app\/uploads\/sites\/4\/2025\/09\/rentree-2025-2026-ifsi-sddv-3.jpg\" \/>\n<meta name=\"twitter:creator\" content=\"@VosgesInfo88\" \/>\n<meta name=\"twitter:site\" content=\"@VosgesInfo88\" \/>\n<meta name=\"twitter:label1\" content=\"\u00c9crit par\" \/>\n\t<meta name=\"twitter:data1\" content=\"J.J.\" \/>\n\t<meta name=\"twitter:label2\" content=\"Dur\u00e9e de lecture estim\u00e9e\" \/>\n\t<meta name=\"twitter:data2\" content=\"3 minutes\" \/>\n<script type=\"application\/ld+json\" class=\"yoast-schema-graph\">{\"@context\":\"https:\/\/schema.org\",\"@graph\":[{\"@type\":\"Article\",\"@id\":\"https:\/\/vosgesinfo.fr\/saintdieinfo\/2025\/09\/les-futures-infirmieres-font-leur-rentree-a-lifsi-de-saint-die-des-vosges\/#article\",\"isPartOf\":{\"@id\":\"https:\/\/vosgesinfo.fr\/saintdieinfo\/2025\/09\/les-futures-infirmieres-font-leur-rentree-a-lifsi-de-saint-die-des-vosges\/\"},\"author\":{\"name\":\"J.J.\",\"@id\":\"https:\/\/vosgesinfo.fr\/saintdieinfo\/#\/schema\/person\/fa73e9f726d67bb88f46d5b7943cb572\"},\"headline\":\"Les futur(e)s infirmier(e)s font leur rentr\u00e9e \u00e0 l\u2019IFSI de Saint-Di\u00e9-des-Vosges\",\"datePublished\":\"2025-09-02T07:55:09+00:00\",\"dateModified\":\"2025-09-02T11:34:54+00:00\",\"mainEntityOfPage\":{\"@id\":\"https:\/\/vosgesinfo.fr\/saintdieinfo\/2025\/09\/les-futures-infirmieres-font-leur-rentree-a-lifsi-de-saint-die-des-vosges\/\"},\"wordCount\":404,\"commentCount\":1,\"publisher\":{\"@id\":\"https:\/\/vosgesinfo.fr\/saintdieinfo\/#organization\"},\"image\":{\"@id\":\"https:\/\/vosgesinfo.fr\/saintdieinfo\/2025\/09\/les-futures-infirmieres-font-leur-rentree-a-lifsi-de-saint-die-des-vosges\/#primaryimage\"},\"thumbnailUrl\":\"https:\/\/vosgesinfo.fr\/app\/uploads\/sites\/4\/2025\/09\/rentree-2025-2026-ifsi-sddv-3.jpg\",\"keywords\":[\"Dipl\u00f4me d'Etat d'Infirmier\",\"H\u00f4pitaux du Massif des Vosges\",\"IFSI de Saint-Di\u00e9-des-Vosges\",\"P\u00f4le de formations param\u00e9dicales de Saint-Di\u00e9-des-Vosges\"],\"articleSection\":[\"A la Une\",\"Saint-Di\u00e9-des-Vosges\",\"Sant\u00e9\"],\"inLanguage\":\"fr-FR\",\"potentialAction\":[{\"@type\":\"CommentAction\",\"name\":\"Comment\",\"target\":[\"https:\/\/vosgesinfo.fr\/saintdieinfo\/2025\/09\/les-futures-infirmieres-font-leur-rentree-a-lifsi-de-saint-die-des-vosges\/#respond\"]}]},{\"@type\":\"WebPage\",\"@id\":\"https:\/\/vosgesinfo.fr\/saintdieinfo\/2025\/09\/les-futures-infirmieres-font-leur-rentree-a-lifsi-de-saint-die-des-vosges\/\",\"url\":\"https:\/\/vosgesinfo.fr\/saintdieinfo\/2025\/09\/les-futures-infirmieres-font-leur-rentree-a-lifsi-de-saint-die-des-vosges\/\",\"name\":\"Les futur(e)s infirmier(e)s font leur rentr\u00e9e \u00e0 l\u2019IFSI de Saint-Di\u00e9-des-Vosges - Saint Die Info\",\"isPartOf\":{\"@id\":\"https:\/\/vosgesinfo.fr\/saintdieinfo\/#website\"},\"primaryImageOfPage\":{\"@id\":\"https:\/\/vosgesinfo.fr\/saintdieinfo\/2025\/09\/les-futures-infirmieres-font-leur-rentree-a-lifsi-de-saint-die-des-vosges\/#primaryimage\"},\"image\":{\"@id\":\"https:\/\/vosgesinfo.fr\/saintdieinfo\/2025\/09\/les-futures-infirmieres-font-leur-rentree-a-lifsi-de-saint-die-des-vosges\/#primaryimage\"},\"thumbnailUrl\":\"https:\/\/vosgesinfo.fr\/app\/uploads\/sites\/4\/2025\/09\/rentree-2025-2026-ifsi-sddv-3.jpg\",\"datePublished\":\"2025-09-02T07:55:09+00:00\",\"dateModified\":\"2025-09-02T11:34:54+00:00\",\"breadcrumb\":{\"@id\":\"https:\/\/vosgesinfo.fr\/saintdieinfo\/2025\/09\/les-futures-infirmieres-font-leur-rentree-a-lifsi-de-saint-die-des-vosges\/#breadcrumb\"},\"inLanguage\":\"fr-FR\",\"potentialAction\":[{\"@type\":\"ReadAction\",\"target\":[\"https:\/\/vosgesinfo.fr\/saintdieinfo\/2025\/09\/les-futures-infirmieres-font-leur-rentree-a-lifsi-de-saint-die-des-vosges\/\"]}]},{\"@type\":\"ImageObject\",\"inLanguage\":\"fr-FR\",\"@id\":\"https:\/\/vosgesinfo.fr\/saintdieinfo\/2025\/09\/les-futures-infirmieres-font-leur-rentree-a-lifsi-de-saint-die-des-vosges\/#primaryimage\",\"url\":\"https:\/\/vosgesinfo.fr\/app\/uploads\/sites\/4\/2025\/09\/rentree-2025-2026-ifsi-sddv-3.jpg\",\"contentUrl\":\"https:\/\/vosgesinfo.fr\/app\/uploads\/sites\/4\/2025\/09\/rentree-2025-2026-ifsi-sddv-3.jpg\",\"width\":1600,\"height\":1205},{\"@type\":\"BreadcrumbList\",\"@id\":\"https:\/\/vosgesinfo.fr\/saintdieinfo\/2025\/09\/les-futures-infirmieres-font-leur-rentree-a-lifsi-de-saint-die-des-vosges\/#breadcrumb\",\"itemListElement\":[{\"@type\":\"ListItem\",\"position\":1,\"name\":\"Home\",\"item\":\"https:\/\/vosgesinfo.fr\/saintdieinfo\/\"},{\"@type\":\"ListItem\",\"position\":2,\"name\":\"Les futur(e)s infirmier(e)s font leur rentr\u00e9e \u00e0 l\u2019IFSI de Saint-Di\u00e9-des-Vosges\"}]},{\"@type\":\"WebSite\",\"@id\":\"https:\/\/vosgesinfo.fr\/saintdieinfo\/#website\",\"url\":\"https:\/\/vosgesinfo.fr\/saintdieinfo\/\",\"name\":\"Saint Die Info\",\"description\":\"Toute l&#039;actualit\u00e9 de Saint-Di\u00e9-Des-Vosges\",\"publisher\":{\"@id\":\"https:\/\/vosgesinfo.fr\/saintdieinfo\/#organization\"},\"alternateName\":\"Toute l'actualit\u00e9 de Saint-Di\u00e9-Des-Vosges\",\"potentialAction\":[{\"@type\":\"SearchAction\",\"target\":{\"@type\":\"EntryPoint\",\"urlTemplate\":\"https:\/\/vosgesinfo.fr\/saintdieinfo\/?s={search_term_string}\"},\"query-input\":\"required name=search_term_string\"}],\"inLanguage\":\"fr-FR\"},{\"@type\":\"Organization\",\"@id\":\"https:\/\/vosgesinfo.fr\/saintdieinfo\/#organization\",\"name\":\"Saint Die Info\",\"url\":\"https:\/\/vosgesinfo.fr\/saintdieinfo\/\",\"logo\":{\"@type\":\"ImageObject\",\"inLanguage\":\"fr-FR\",\"@id\":\"https:\/\/vosgesinfo.fr\/saintdieinfo\/#\/schema\/logo\/image\/\",\"url\":\"https:\/\/vosgesinfo.fr\/app\/uploads\/sites\/4\/2024\/02\/logo-sdi.jpg\",\"contentUrl\":\"https:\/\/vosgesinfo.fr\/app\/uploads\/sites\/4\/2024\/02\/logo-sdi.jpg\",\"width\":600,\"height\":600,\"caption\":\"Saint Die Info\"},\"image\":{\"@id\":\"https:\/\/vosgesinfo.fr\/saintdieinfo\/#\/schema\/logo\/image\/\"},\"sameAs\":[\"https:\/\/www.facebook.com\/Saintdieinfofr\",\"https:\/\/x.com\/VosgesInfo88\",\"https:\/\/www.youtube.com\/@vosgesinfo\"]},{\"@type\":\"Person\",\"@id\":\"https:\/\/vosgesinfo.fr\/saintdieinfo\/#\/schema\/person\/fa73e9f726d67bb88f46d5b7943cb572\",\"name\":\"J.J.\",\"image\":{\"@type\":\"ImageObject\",\"inLanguage\":\"fr-FR\",\"@id\":\"https:\/\/vosgesinfo.fr\/saintdieinfo\/#\/schema\/person\/image\/\",\"url\":\"https:\/\/secure.gravatar.com\/avatar\/219e749e47ffbcca018a360ae4add7d4cdf1cdaaf8bc7676b27efade3fe65615?s=96&d=mm&r=g\",\"contentUrl\":\"https:\/\/secure.gravatar.com\/avatar\/219e749e47ffbcca018a360ae4add7d4cdf1cdaaf8bc7676b27efade3fe65615?s=96&d=mm&r=g\",\"caption\":\"J.J.\"},\"url\":\"https:\/\/vosgesinfo.fr\/saintdieinfo\/author\/j-j\/\"}]}<\/script>\n<!-- \/ Yoast SEO plugin. -->","yoast_head_json":{"title":"Les futur(e)s infirmier(e)s font leur rentr\u00e9e \u00e0 l\u2019IFSI de Saint-Di\u00e9-des-Vosges - Saint Die Info","robots":{"index":"index","follow":"follow","max-snippet":"max-snippet:-1","max-image-preview":"max-image-preview:large","max-video-preview":"max-video-preview:-1"},"canonical":"https:\/\/vosgesinfo.fr\/saintdieinfo\/2025\/09\/les-futures-infirmieres-font-leur-rentree-a-lifsi-de-saint-die-des-vosges\/","twitter_card":"summary_large_image","twitter_title":"Les futur(e)s infirmier(e)s font leur rentr\u00e9e \u00e0 l\u2019IFSI de Saint-Di\u00e9-des-Vosges - Saint Die Info","twitter_description":"Apr\u00e8s l&rsquo;IFAS la semaine derni\u00e8re, jeudi, c&rsquo;\u00e9tait au tour des \u00e9tudiants en premi\u00e8re ann\u00e9e \u00e0 l&rsquo;Institut de Formation en Soins [&hellip;]","twitter_image":"https:\/\/vosgesinfo.fr\/app\/uploads\/sites\/4\/2025\/09\/rentree-2025-2026-ifsi-sddv-3.jpg","twitter_creator":"@VosgesInfo88","twitter_site":"@VosgesInfo88","twitter_misc":{"\u00c9crit par":"J.J.","Dur\u00e9e de lecture estim\u00e9e":"3 minutes"},"schema":{"@context":"https:\/\/schema.org","@graph":[{"@type":"Article","@id":"https:\/\/vosgesinfo.fr\/saintdieinfo\/2025\/09\/les-futures-infirmieres-font-leur-rentree-a-lifsi-de-saint-die-des-vosges\/#article","isPartOf":{"@id":"https:\/\/vosgesinfo.fr\/saintdieinfo\/2025\/09\/les-futures-infirmieres-font-leur-rentree-a-lifsi-de-saint-die-des-vosges\/"},"author":{"name":"J.J.","@id":"https:\/\/vosgesinfo.fr\/saintdieinfo\/#\/schema\/person\/fa73e9f726d67bb88f46d5b7943cb572"},"headline":"Les futur(e)s infirmier(e)s font leur rentr\u00e9e \u00e0 l\u2019IFSI de Saint-Di\u00e9-des-Vosges","datePublished":"2025-09-02T07:55:09+00:00","dateModified":"2025-09-02T11:34:54+00:00","mainEntityOfPage":{"@id":"https:\/\/vosgesinfo.fr\/saintdieinfo\/2025\/09\/les-futures-infirmieres-font-leur-rentree-a-lifsi-de-saint-die-des-vosges\/"},"wordCount":404,"commentCount":1,"publisher":{"@id":"https:\/\/vosgesinfo.fr\/saintdieinfo\/#organization"},"image":{"@id":"https:\/\/vosgesinfo.fr\/saintdieinfo\/2025\/09\/les-futures-infirmieres-font-leur-rentree-a-lifsi-de-saint-die-des-vosges\/#primaryimage"},"thumbnailUrl":"https:\/\/vosgesinfo.fr\/app\/uploads\/sites\/4\/2025\/09\/rentree-2025-2026-ifsi-sddv-3.jpg","keywords":["Dipl\u00f4me d'Etat d'Infirmier","H\u00f4pitaux du Massif des Vosges","IFSI de Saint-Di\u00e9-des-Vosges","P\u00f4le de formations param\u00e9dicales de Saint-Di\u00e9-des-Vosges"],"articleSection":["A la Une","Saint-Di\u00e9-des-Vosges","Sant\u00e9"],"inLanguage":"fr-FR","potentialAction":[{"@type":"CommentAction","name":"Comment","target":["https:\/\/vosgesinfo.fr\/saintdieinfo\/2025\/09\/les-futures-infirmieres-font-leur-rentree-a-lifsi-de-saint-die-des-vosges\/#respond"]}]},{"@type":"WebPage","@id":"https:\/\/vosgesinfo.fr\/saintdieinfo\/2025\/09\/les-futures-infirmieres-font-leur-rentree-a-lifsi-de-saint-die-des-vosges\/","url":"https:\/\/vosgesinfo.fr\/saintdieinfo\/2025\/09\/les-futures-infirmieres-font-leur-rentree-a-lifsi-de-saint-die-des-vosges\/","name":"Les futur(e)s infirmier(e)s font leur rentr\u00e9e \u00e0 l\u2019IFSI de Saint-Di\u00e9-des-Vosges - Saint Die Info","isPartOf":{"@id":"https:\/\/vosgesinfo.fr\/saintdieinfo\/#website"},"primaryImageOfPage":{"@id":"https:\/\/vosgesinfo.fr\/saintdieinfo\/2025\/09\/les-futures-infirmieres-font-leur-rentree-a-lifsi-de-saint-die-des-vosges\/#primaryimage"},"image":{"@id":"https:\/\/vosgesinfo.fr\/saintdieinfo\/2025\/09\/les-futures-infirmieres-font-leur-rentree-a-lifsi-de-saint-die-des-vosges\/#primaryimage"},"thumbnailUrl":"https:\/\/vosgesinfo.fr\/app\/uploads\/sites\/4\/2025\/09\/rentree-2025-2026-ifsi-sddv-3.jpg","datePublished":"2025-09-02T07:55:09+00:00","dateModified":"2025-09-02T11:34:54+00:00","breadcrumb":{"@id":"https:\/\/vosgesinfo.fr\/saintdieinfo\/2025\/09\/les-futures-infirmieres-font-leur-rentree-a-lifsi-de-saint-die-des-vosges\/#breadcrumb"},"inLanguage":"fr-FR","potentialAction":[{"@type":"ReadAction","target":["https:\/\/vosgesinfo.fr\/saintdieinfo\/2025\/09\/les-futures-infirmieres-font-leur-rentree-a-lifsi-de-saint-die-des-vosges\/"]}]},{"@type":"ImageObject","inLanguage":"fr-FR","@id":"https:\/\/vosgesinfo.fr\/saintdieinfo\/2025\/09\/les-futures-infirmieres-font-leur-rentree-a-lifsi-de-saint-die-des-vosges\/#primaryimage","url":"https:\/\/vosgesinfo.fr\/app\/uploads\/sites\/4\/2025\/09\/rentree-2025-2026-ifsi-sddv-3.jpg","contentUrl":"https:\/\/vosgesinfo.fr\/app\/uploads\/sites\/4\/2025\/09\/rentree-2025-2026-ifsi-sddv-3.jpg","width":1600,"height":1205},{"@type":"BreadcrumbList","@id":"https:\/\/vosgesinfo.fr\/saintdieinfo\/2025\/09\/les-futures-infirmieres-font-leur-rentree-a-lifsi-de-saint-die-des-vosges\/#breadcrumb","itemListElement":[{"@type":"ListItem","position":1,"name":"Home","item":"https:\/\/vosgesinfo.fr\/saintdieinfo\/"},{"@type":"ListItem","position":2,"name":"Les futur(e)s infirmier(e)s font leur rentr\u00e9e \u00e0 l\u2019IFSI de Saint-Di\u00e9-des-Vosges"}]},{"@type":"WebSite","@id":"https:\/\/vosgesinfo.fr\/saintdieinfo\/#website","url":"https:\/\/vosgesinfo.fr\/saintdieinfo\/","name":"Saint Die Info","description":"Toute l&#039;actualit\u00e9 de Saint-Di\u00e9-Des-Vosges","publisher":{"@id":"https:\/\/vosgesinfo.fr\/saintdieinfo\/#organization"},"alternateName":"Toute l'actualit\u00e9 de Saint-Di\u00e9-Des-Vosges","potentialAction":[{"@type":"SearchAction","target":{"@type":"EntryPoint","urlTemplate":"https:\/\/vosgesinfo.fr\/saintdieinfo\/?s={search_term_string}"},"query-input":"required name=search_term_string"}],"inLanguage":"fr-FR"},{"@type":"Organization","@id":"https:\/\/vosgesinfo.fr\/saintdieinfo\/#organization","name":"Saint Die Info","url":"https:\/\/vosgesinfo.fr\/saintdieinfo\/","logo":{"@type":"ImageObject","inLanguage":"fr-FR","@id":"https:\/\/vosgesinfo.fr\/saintdieinfo\/#\/schema\/logo\/image\/","url":"https:\/\/vosgesinfo.fr\/app\/uploads\/sites\/4\/2024\/02\/logo-sdi.jpg","contentUrl":"https:\/\/vosgesinfo.fr\/app\/uploads\/sites\/4\/2024\/02\/logo-sdi.jpg","width":600,"height":600,"caption":"Saint Die Info"},"image":{"@id":"https:\/\/vosgesinfo.fr\/saintdieinfo\/#\/schema\/logo\/image\/"},"sameAs":["https:\/\/www.facebook.com\/Saintdieinfofr","https:\/\/x.com\/VosgesInfo88","https:\/\/www.youtube.com\/@vosgesinfo"]},{"@type":"Person","@id":"https:\/\/vosgesinfo.fr\/saintdieinfo\/#\/schema\/person\/fa73e9f726d67bb88f46d5b7943cb572","name":"J.J.","image":{"@type":"ImageObject","inLanguage":"fr-FR","@id":"https:\/\/vosgesinfo.fr\/saintdieinfo\/#\/schema\/person\/image\/","url":"https:\/\/secure.gravatar.com\/avatar\/219e749e47ffbcca018a360ae4add7d4cdf1cdaaf8bc7676b27efade3fe65615?s=96&d=mm&r=g","contentUrl":"https:\/\/secure.gravatar.com\/avatar\/219e749e47ffbcca018a360ae4add7d4cdf1cdaaf8bc7676b27efade3fe65615?s=96&d=mm&r=g","caption":"J.J."},"url":"https:\/\/vosgesinfo.fr\/saintdieinfo\/author\/j-j\/"}]}},"_links":{"self":[{"href":"https:\/\/vosgesinfo.fr\/saintdieinfo\/wp-json\/wp\/v2\/posts\/81589","targetHints":{"allow":["GET"]}}],"collection":[{"href":"https:\/\/vosgesinfo.fr\/saintdieinfo\/wp-json\/wp\/v2\/posts"}],"about":[{"href":"https:\/\/vosgesinfo.fr\/saintdieinfo\/wp-json\/wp\/v2\/types\/post"}],"author":[{"embeddable":true,"href":"https:\/\/vosgesinfo.fr\/saintdieinfo\/wp-json\/wp\/v2\/users\/46"}],"replies":[{"embeddable":true,"href":"https:\/\/vosgesinfo.fr\/saintdieinfo\/wp-json\/wp\/v2\/comments?post=81589"}],"version-history":[{"count":3,"href":"https:\/\/vosgesinfo.fr\/saintdieinfo\/wp-json\/wp\/v2\/posts\/81589\/revisions"}],"predecessor-version":[{"id":81606,"href":"https:\/\/vosgesinfo.fr\/saintdieinfo\/wp-json\/wp\/v2\/posts\/81589\/revisions\/81606"}],"wp:featuredmedia":[{"embeddable":true,"href":"https:\/\/vosgesinfo.fr\/saintdieinfo\/wp-json\/wp\/v2\/media\/81594"}],"wp:attachment":[{"href":"https:\/\/vosgesinfo.fr\/saintdieinfo\/wp-json\/wp\/v2\/media?parent=81589"}],"wp:term":[{"taxonomy":"category","embeddable":true,"href":"https:\/\/vosgesinfo.fr\/saintdieinfo\/wp-json\/wp\/v2\/categories?post=81589"},{"taxonomy":"post_tag","embeddable":true,"href":"https:\/\/vosgesinfo.fr\/saintdieinfo\/wp-json\/wp\/v2\/tags?post=81589"}],"curies":[{"name":"wp","href":"https:\/\/api.w.org\/{rel}","templated":true}]}}