{"id":81604,"date":"2025-09-02T18:15:20","date_gmt":"2025-09-02T16:15:20","guid":{"rendered":"https:\/\/vosgesinfo.fr\/saintdieinfo\/?p=81604"},"modified":"2025-09-02T17:52:26","modified_gmt":"2025-09-02T15:52:26","slug":"lheure-de-la-rentree-a-sonne-pour-liut-de-saint-die-des-vosges","status":"publish","type":"post","link":"https:\/\/vosgesinfo.fr\/saintdieinfo\/2025\/09\/lheure-de-la-rentree-a-sonne-pour-liut-de-saint-die-des-vosges\/","title":{"rendered":"L&rsquo;heure de la rentr\u00e9e a sonn\u00e9 pour l&rsquo;IUT de Saint-Di\u00e9-des-Vosges"},"content":{"rendered":"<h3><a href=\"https:\/\/vosgesinfo.fr\/app\/uploads\/sites\/4\/2025\/09\/rentree-2025-2026-iut-sddv-5.jpg\"><img decoding=\"async\" class=\"alignnone size-large wp-image-81611\" src=\"https:\/\/vosgesinfo.fr\/app\/uploads\/sites\/4\/2025\/09\/rentree-2025-2026-iut-sddv-5-1024x771.jpg\" alt=\"\" width=\"1024\" height=\"771\" srcset=\"https:\/\/vosgesinfo.fr\/app\/uploads\/sites\/4\/2025\/09\/rentree-2025-2026-iut-sddv-5-1024x771.jpg 1024w, https:\/\/vosgesinfo.fr\/app\/uploads\/sites\/4\/2025\/09\/rentree-2025-2026-iut-sddv-5-300x226.jpg 300w, https:\/\/vosgesinfo.fr\/app\/uploads\/sites\/4\/2025\/09\/rentree-2025-2026-iut-sddv-5-768x578.jpg 768w, https:\/\/vosgesinfo.fr\/app\/uploads\/sites\/4\/2025\/09\/rentree-2025-2026-iut-sddv-5-1536x1157.jpg 1536w, https:\/\/vosgesinfo.fr\/app\/uploads\/sites\/4\/2025\/09\/rentree-2025-2026-iut-sddv-5.jpg 2040w\" sizes=\"(max-width: 1024px) 100vw, 1024px\" \/><\/a><\/h3>\n<h2><a href=\"https:\/\/vosgesinfo.fr\/saintdieinfo\/2025\/09\/rentree-scolaire-les-effectifs-en-legere-baisse-a-saint-die-des-vosges\/\" target=\"_blank\" rel=\"noopener\">Au lendemain des \u00e9coliers d\u00e9odatiens<\/a>, c&rsquo;\u00e9tait ce mardi au tour des \u00e9tudiants des premi\u00e8res ann\u00e9es des <strong>3 BUT de l&rsquo;IUT de Saint-Di\u00e9-des-Vosges<\/strong> de faire leur rentr\u00e9e. Une rentr\u00e9e <strong>2025-2026<\/strong> qui s&rsquo;inscrit dans la continuit\u00e9 de la pr\u00e9c\u00e9dente pour l&rsquo;<strong>\u00e9tablissement d&rsquo;enseignement sup\u00e9rieur d\u00e9odatien<\/strong>.<\/h2>\n<p><!--more--><\/p>\n<h3><strong>Accueil des nouveaux \u00e9tudiants \u00e0 l&rsquo;amphith\u00e9\u00e2tre<\/strong><\/h3>\n<p>R\u00e9unis en milieu de matin\u00e9e au sein de l&rsquo;<strong>amphith\u00e9\u00e2tre<\/strong>, les nouveaux \u00e9tudiants en <strong>M\u00e9tiers du Multim\u00e9dia et de l&rsquo;Internet \u2013 MMI \u2013 <\/strong>en <strong>G\u00e9nie \u00c9lectrique et Informatique Industrielle \u2013 GEII \u2013<\/strong> et en <strong>INFO \u2013 Informatique \u2013<\/strong> ont assist\u00e9 \u00e0 une pr\u00e9sentation de leur \u00e9tablissement et de l&rsquo;<strong>Universit\u00e9 de Lorraine<\/strong>.<\/p>\n<p>La rentr\u00e9e \u00e9tait aussi l&rsquo;occasion pour les premi\u00e8res ann\u00e9es de faire connaissance avec le <strong>directeur de l&rsquo;IUT Fran\u00e7ois Devillard<\/strong>, le <strong>pr\u00e9sident du Conseil de l&rsquo;Institut Jos\u00e9 Levices<\/strong>, le <strong>parrain de la promotion 2025-2026 Pierre-Alexandre Gaulupeau<\/strong>, qui est \u00e9galement <strong>enseignant-vacataire<\/strong> et lui-m\u00eame <strong>ancien \u00e9l\u00e8ve<\/strong>, l&rsquo;<strong>adjoint \u00e0 la Transition Num\u00e9rique Mustafa Guglu<\/strong>, ainsi que les <strong>personnels administratifs et techniques de l&rsquo;\u00e9tablissement. <\/strong>Inscrits \u00e0 l&rsquo;<strong data-start=\"13\" data-end=\"39\">Universit\u00e9 de Lorraine<\/strong>, les <strong data-start=\"45\" data-end=\"77\">\u00e9tudiants du Campus Connect\u00e9<\/strong> b\u00e9n\u00e9ficient \u00e0 ce titre des <strong data-start=\"105\" data-end=\"126\">services de l&rsquo;IUT<\/strong>.<\/p>\n<h3><strong>Deux nouveaux partenariats<\/strong><\/h3>\n<p>Les nouveaut\u00e9s notables cette ann\u00e9e sont deux partenariats. Le premier a \u00e9t\u00e9 nou\u00e9 avec le <strong>Conservatoire National des Arts et M\u00e9tiers \u2013 CNAM \u2013 Grand Est<\/strong>, via l&rsquo;accueil des \u00e9tudiants en premi\u00e8re ann\u00e9e du dipl\u00f4me d&rsquo;<strong>ing\u00e9nieur en Informatique et Cybers\u00e9curit\u00e9<\/strong>. Le second avec le <a href=\"https:\/\/vosgesinfo.fr\/saintdieinfo\/2025\/03\/poursuivre-ou-reprendre-des-etudes-a-distance-cest-possible-grace-au-campus-connecte-de-saint-die-des-vosges\/\" target=\"_blank\" rel=\"noopener\"><strong>Campus Connect\u00e9<\/strong><\/a> situ\u00e9 sur le site de la <strong>Cit\u00e9 Scolaire Jules-Ferry<\/strong>, qui permet de suivre des <strong>formations de l&rsquo;enseignement sup\u00e9rieur \u00e0 distance<\/strong>.<\/p>\n<h3><strong>390 \u00e9tudiants cette ann\u00e9e<\/strong><\/h3>\n<p>L&rsquo;un des <strong>8 IUT<\/strong> que compte l&rsquo;<strong>Universit\u00e9 de Lorraine<\/strong>, l&rsquo;<strong>IUT de Saint-Di\u00e9-des-Vosges<\/strong> et ses <strong>7 534 m\u00b2<\/strong> de surface accueillent <strong>390 \u00e9tudiants<\/strong> pour cette rentr\u00e9e <strong>2025-2026<\/strong>, avec respectivement <strong>156 \u00e9tudiants en MMI<\/strong>, <strong>77 en GEII<\/strong>, <strong>118 en INFO<\/strong> ainsi que <strong>39 en Licences Professionnelles Syst\u00e8mes Automatis\u00e9s, R\u00e9seaux et Informatique Industrielle \u2013 SARII \u2013 et M\u00e9tiers du Tourisme et des Loisirs \u2013 MTL<\/strong>.<\/p>\n<p>Les enseignements sont dispens\u00e9s par <strong>37 enseignants, enseignants-chercheurs et enseignants-vacataires<\/strong>, dans <strong>24 salles<\/strong> de cours, TD, TP et projets.<\/p>\n\n\t\t<style type=\"text\/css\">\n\t\t\t#gallery-1 {\n\t\t\t\tmargin: auto;\n\t\t\t}\n\t\t\t#gallery-1 .gallery-item {\n\t\t\t\tfloat: left;\n\t\t\t\tmargin-top: 10px;\n\t\t\t\ttext-align: center;\n\t\t\t\twidth: 50%;\n\t\t\t}\n\t\t\t#gallery-1 img {\n\t\t\t\tborder: 2px solid #cfcfcf;\n\t\t\t}\n\t\t\t#gallery-1 .gallery-caption {\n\t\t\t\tmargin-left: 0;\n\t\t\t}\n\t\t\t\/* see gallery_shortcode() in wp-includes\/media.php *\/\n\t\t<\/style>\n\t\t<div id='gallery-1' class='gallery galleryid-81604 gallery-columns-2 gallery-size-thumbnail'><dl class='gallery-item'>\n\t\t\t<dt class='gallery-icon landscape'>\n\t\t\t\t<a href='https:\/\/vosgesinfo.fr\/app\/uploads\/sites\/4\/2025\/09\/rentree-2025-2026-iut-sddv-1.jpg'><img decoding=\"async\" width=\"150\" height=\"150\" src=\"https:\/\/vosgesinfo.fr\/app\/uploads\/sites\/4\/2025\/09\/rentree-2025-2026-iut-sddv-1-150x150.jpg\" class=\"attachment-thumbnail size-thumbnail\" alt=\"\" \/><\/a>\n\t\t\t<\/dt><\/dl><dl class='gallery-item'>\n\t\t\t<dt class='gallery-icon landscape'>\n\t\t\t\t<a href='https:\/\/vosgesinfo.fr\/app\/uploads\/sites\/4\/2025\/09\/rentree-2025-2026-iut-sddv-2.jpg'><img decoding=\"async\" width=\"150\" height=\"150\" src=\"https:\/\/vosgesinfo.fr\/app\/uploads\/sites\/4\/2025\/09\/rentree-2025-2026-iut-sddv-2-150x150.jpg\" class=\"attachment-thumbnail size-thumbnail\" alt=\"\" \/><\/a>\n\t\t\t<\/dt><\/dl><br style=\"clear: both\" \/><dl class='gallery-item'>\n\t\t\t<dt class='gallery-icon landscape'>\n\t\t\t\t<a href='https:\/\/vosgesinfo.fr\/app\/uploads\/sites\/4\/2025\/09\/rentree-2025-2026-iut-sddv-3.jpg'><img decoding=\"async\" width=\"150\" height=\"150\" src=\"https:\/\/vosgesinfo.fr\/app\/uploads\/sites\/4\/2025\/09\/rentree-2025-2026-iut-sddv-3-150x150.jpg\" class=\"attachment-thumbnail size-thumbnail\" alt=\"\" \/><\/a>\n\t\t\t<\/dt><\/dl><dl class='gallery-item'>\n\t\t\t<dt class='gallery-icon landscape'>\n\t\t\t\t<a href='https:\/\/vosgesinfo.fr\/app\/uploads\/sites\/4\/2025\/09\/rentree-2025-2026-iut-sddv-4.jpg'><img decoding=\"async\" width=\"150\" height=\"150\" src=\"https:\/\/vosgesinfo.fr\/app\/uploads\/sites\/4\/2025\/09\/rentree-2025-2026-iut-sddv-4-150x150.jpg\" class=\"attachment-thumbnail size-thumbnail\" alt=\"\" \/><\/a>\n\t\t\t<\/dt><\/dl><br style=\"clear: both\" \/>\n\t\t<\/div>\n\n","protected":false},"excerpt":{"rendered":"<p>Au lendemain des \u00e9coliers d\u00e9odatiens, c&rsquo;\u00e9tait ce mardi au tour des \u00e9tudiants des premi\u00e8res ann\u00e9es des 3 BUT de l&rsquo;IUT [&hellip;]<\/p>\n","protected":false},"author":46,"featured_media":81611,"comment_status":"open","ping_status":"open","sticky":false,"template":"","format":"standard","meta":{"footnotes":""},"categories":[460,6,167],"tags":[3205,18113,2879],"class_list":["post-81604","post","type-post","status-publish","format-standard","has-post-thumbnail","hentry","category-a-la-une","category-education","category-saint-die-des-vosges","tag-iut-de-saint-die-des-vosges","tag-rentree-2025-2026-de-liut-de-saint-die-des-vosges","tag-universite-de-lorraine"],"acf":[],"yoast_head":"<!-- This site is optimized with the Yoast SEO plugin v22.5 - https:\/\/yoast.com\/wordpress\/plugins\/seo\/ -->\n<title>L&#039;heure de la rentr\u00e9e a sonn\u00e9 pour l&#039;IUT de Saint-Di\u00e9-des-Vosges - Saint Die Info<\/title>\n<meta name=\"robots\" content=\"index, follow, max-snippet:-1, max-image-preview:large, max-video-preview:-1\" \/>\n<link rel=\"canonical\" href=\"https:\/\/vosgesinfo.fr\/saintdieinfo\/2025\/09\/lheure-de-la-rentree-a-sonne-pour-liut-de-saint-die-des-vosges\/\" \/>\n<meta name=\"twitter:card\" content=\"summary_large_image\" \/>\n<meta name=\"twitter:title\" content=\"L&#039;heure de la rentr\u00e9e a sonn\u00e9 pour l&#039;IUT de Saint-Di\u00e9-des-Vosges - Saint Die Info\" \/>\n<meta name=\"twitter:description\" content=\"Au lendemain des \u00e9coliers d\u00e9odatiens, c&rsquo;\u00e9tait ce mardi au tour des \u00e9tudiants des premi\u00e8res ann\u00e9es des 3 BUT de l&rsquo;IUT [&hellip;]\" \/>\n<meta name=\"twitter:image\" content=\"https:\/\/vosgesinfo.fr\/app\/uploads\/sites\/4\/2025\/09\/rentree-2025-2026-iut-sddv-5.jpg\" \/>\n<meta name=\"twitter:creator\" content=\"@VosgesInfo88\" \/>\n<meta name=\"twitter:site\" content=\"@VosgesInfo88\" \/>\n<meta name=\"twitter:label1\" content=\"\u00c9crit par\" \/>\n\t<meta name=\"twitter:data1\" content=\"J.J.\" \/>\n<script type=\"application\/ld+json\" class=\"yoast-schema-graph\">{\"@context\":\"https:\/\/schema.org\",\"@graph\":[{\"@type\":\"Article\",\"@id\":\"https:\/\/vosgesinfo.fr\/saintdieinfo\/2025\/09\/lheure-de-la-rentree-a-sonne-pour-liut-de-saint-die-des-vosges\/#article\",\"isPartOf\":{\"@id\":\"https:\/\/vosgesinfo.fr\/saintdieinfo\/2025\/09\/lheure-de-la-rentree-a-sonne-pour-liut-de-saint-die-des-vosges\/\"},\"author\":{\"name\":\"J.J.\",\"@id\":\"https:\/\/vosgesinfo.fr\/saintdieinfo\/#\/schema\/person\/fa73e9f726d67bb88f46d5b7943cb572\"},\"headline\":\"L&rsquo;heure de la rentr\u00e9e a sonn\u00e9 pour l&rsquo;IUT de Saint-Di\u00e9-des-Vosges\",\"datePublished\":\"2025-09-02T16:15:20+00:00\",\"dateModified\":\"2025-09-02T15:52:26+00:00\",\"mainEntityOfPage\":{\"@id\":\"https:\/\/vosgesinfo.fr\/saintdieinfo\/2025\/09\/lheure-de-la-rentree-a-sonne-pour-liut-de-saint-die-des-vosges\/\"},\"wordCount\":386,\"commentCount\":0,\"publisher\":{\"@id\":\"https:\/\/vosgesinfo.fr\/saintdieinfo\/#organization\"},\"image\":{\"@id\":\"https:\/\/vosgesinfo.fr\/saintdieinfo\/2025\/09\/lheure-de-la-rentree-a-sonne-pour-liut-de-saint-die-des-vosges\/#primaryimage\"},\"thumbnailUrl\":\"https:\/\/vosgesinfo.fr\/app\/uploads\/sites\/4\/2025\/09\/rentree-2025-2026-iut-sddv-5.jpg\",\"keywords\":[\"IUT de Saint-Di\u00e9-des-Vosges\",\"Rentr\u00e9e 2025-2026 de l'IUT de Saint-Di\u00e9-des-Vosges\",\"Universit\u00e9 de Lorraine\"],\"articleSection\":[\"A la Une\",\"\u00c9ducation\",\"Saint-Di\u00e9-des-Vosges\"],\"inLanguage\":\"fr-FR\",\"potentialAction\":[{\"@type\":\"CommentAction\",\"name\":\"Comment\",\"target\":[\"https:\/\/vosgesinfo.fr\/saintdieinfo\/2025\/09\/lheure-de-la-rentree-a-sonne-pour-liut-de-saint-die-des-vosges\/#respond\"]}]},{\"@type\":\"WebPage\",\"@id\":\"https:\/\/vosgesinfo.fr\/saintdieinfo\/2025\/09\/lheure-de-la-rentree-a-sonne-pour-liut-de-saint-die-des-vosges\/\",\"url\":\"https:\/\/vosgesinfo.fr\/saintdieinfo\/2025\/09\/lheure-de-la-rentree-a-sonne-pour-liut-de-saint-die-des-vosges\/\",\"name\":\"L'heure de la rentr\u00e9e a sonn\u00e9 pour l'IUT de Saint-Di\u00e9-des-Vosges - Saint Die Info\",\"isPartOf\":{\"@id\":\"https:\/\/vosgesinfo.fr\/saintdieinfo\/#website\"},\"primaryImageOfPage\":{\"@id\":\"https:\/\/vosgesinfo.fr\/saintdieinfo\/2025\/09\/lheure-de-la-rentree-a-sonne-pour-liut-de-saint-die-des-vosges\/#primaryimage\"},\"image\":{\"@id\":\"https:\/\/vosgesinfo.fr\/saintdieinfo\/2025\/09\/lheure-de-la-rentree-a-sonne-pour-liut-de-saint-die-des-vosges\/#primaryimage\"},\"thumbnailUrl\":\"https:\/\/vosgesinfo.fr\/app\/uploads\/sites\/4\/2025\/09\/rentree-2025-2026-iut-sddv-5.jpg\",\"datePublished\":\"2025-09-02T16:15:20+00:00\",\"dateModified\":\"2025-09-02T15:52:26+00:00\",\"breadcrumb\":{\"@id\":\"https:\/\/vosgesinfo.fr\/saintdieinfo\/2025\/09\/lheure-de-la-rentree-a-sonne-pour-liut-de-saint-die-des-vosges\/#breadcrumb\"},\"inLanguage\":\"fr-FR\",\"potentialAction\":[{\"@type\":\"ReadAction\",\"target\":[\"https:\/\/vosgesinfo.fr\/saintdieinfo\/2025\/09\/lheure-de-la-rentree-a-sonne-pour-liut-de-saint-die-des-vosges\/\"]}]},{\"@type\":\"ImageObject\",\"inLanguage\":\"fr-FR\",\"@id\":\"https:\/\/vosgesinfo.fr\/saintdieinfo\/2025\/09\/lheure-de-la-rentree-a-sonne-pour-liut-de-saint-die-des-vosges\/#primaryimage\",\"url\":\"https:\/\/vosgesinfo.fr\/app\/uploads\/sites\/4\/2025\/09\/rentree-2025-2026-iut-sddv-5.jpg\",\"contentUrl\":\"https:\/\/vosgesinfo.fr\/app\/uploads\/sites\/4\/2025\/09\/rentree-2025-2026-iut-sddv-5.jpg\",\"width\":2040,\"height\":1536},{\"@type\":\"BreadcrumbList\",\"@id\":\"https:\/\/vosgesinfo.fr\/saintdieinfo\/2025\/09\/lheure-de-la-rentree-a-sonne-pour-liut-de-saint-die-des-vosges\/#breadcrumb\",\"itemListElement\":[{\"@type\":\"ListItem\",\"position\":1,\"name\":\"Home\",\"item\":\"https:\/\/vosgesinfo.fr\/saintdieinfo\/\"},{\"@type\":\"ListItem\",\"position\":2,\"name\":\"L&rsquo;heure de la rentr\u00e9e a sonn\u00e9 pour l&rsquo;IUT de Saint-Di\u00e9-des-Vosges\"}]},{\"@type\":\"WebSite\",\"@id\":\"https:\/\/vosgesinfo.fr\/saintdieinfo\/#website\",\"url\":\"https:\/\/vosgesinfo.fr\/saintdieinfo\/\",\"name\":\"Saint Die Info\",\"description\":\"Toute l&#039;actualit\u00e9 de Saint-Di\u00e9-Des-Vosges\",\"publisher\":{\"@id\":\"https:\/\/vosgesinfo.fr\/saintdieinfo\/#organization\"},\"alternateName\":\"Toute l'actualit\u00e9 de Saint-Di\u00e9-Des-Vosges\",\"potentialAction\":[{\"@type\":\"SearchAction\",\"target\":{\"@type\":\"EntryPoint\",\"urlTemplate\":\"https:\/\/vosgesinfo.fr\/saintdieinfo\/?s={search_term_string}\"},\"query-input\":\"required name=search_term_string\"}],\"inLanguage\":\"fr-FR\"},{\"@type\":\"Organization\",\"@id\":\"https:\/\/vosgesinfo.fr\/saintdieinfo\/#organization\",\"name\":\"Saint Die Info\",\"url\":\"https:\/\/vosgesinfo.fr\/saintdieinfo\/\",\"logo\":{\"@type\":\"ImageObject\",\"inLanguage\":\"fr-FR\",\"@id\":\"https:\/\/vosgesinfo.fr\/saintdieinfo\/#\/schema\/logo\/image\/\",\"url\":\"https:\/\/vosgesinfo.fr\/app\/uploads\/sites\/4\/2024\/02\/logo-sdi.jpg\",\"contentUrl\":\"https:\/\/vosgesinfo.fr\/app\/uploads\/sites\/4\/2024\/02\/logo-sdi.jpg\",\"width\":600,\"height\":600,\"caption\":\"Saint Die Info\"},\"image\":{\"@id\":\"https:\/\/vosgesinfo.fr\/saintdieinfo\/#\/schema\/logo\/image\/\"},\"sameAs\":[\"https:\/\/www.facebook.com\/Saintdieinfofr\",\"https:\/\/x.com\/VosgesInfo88\",\"https:\/\/www.youtube.com\/@vosgesinfo\"]},{\"@type\":\"Person\",\"@id\":\"https:\/\/vosgesinfo.fr\/saintdieinfo\/#\/schema\/person\/fa73e9f726d67bb88f46d5b7943cb572\",\"name\":\"J.J.\",\"image\":{\"@type\":\"ImageObject\",\"inLanguage\":\"fr-FR\",\"@id\":\"https:\/\/vosgesinfo.fr\/saintdieinfo\/#\/schema\/person\/image\/\",\"url\":\"https:\/\/secure.gravatar.com\/avatar\/219e749e47ffbcca018a360ae4add7d4cdf1cdaaf8bc7676b27efade3fe65615?s=96&d=mm&r=g\",\"contentUrl\":\"https:\/\/secure.gravatar.com\/avatar\/219e749e47ffbcca018a360ae4add7d4cdf1cdaaf8bc7676b27efade3fe65615?s=96&d=mm&r=g\",\"caption\":\"J.J.\"},\"url\":\"https:\/\/vosgesinfo.fr\/saintdieinfo\/author\/j-j\/\"}]}<\/script>\n<!-- \/ Yoast SEO plugin. -->","yoast_head_json":{"title":"L'heure de la rentr\u00e9e a sonn\u00e9 pour l'IUT de Saint-Di\u00e9-des-Vosges - Saint Die Info","robots":{"index":"index","follow":"follow","max-snippet":"max-snippet:-1","max-image-preview":"max-image-preview:large","max-video-preview":"max-video-preview:-1"},"canonical":"https:\/\/vosgesinfo.fr\/saintdieinfo\/2025\/09\/lheure-de-la-rentree-a-sonne-pour-liut-de-saint-die-des-vosges\/","twitter_card":"summary_large_image","twitter_title":"L'heure de la rentr\u00e9e a sonn\u00e9 pour l'IUT de Saint-Di\u00e9-des-Vosges - Saint Die Info","twitter_description":"Au lendemain des \u00e9coliers d\u00e9odatiens, c&rsquo;\u00e9tait ce mardi au tour des \u00e9tudiants des premi\u00e8res ann\u00e9es des 3 BUT de l&rsquo;IUT [&hellip;]","twitter_image":"https:\/\/vosgesinfo.fr\/app\/uploads\/sites\/4\/2025\/09\/rentree-2025-2026-iut-sddv-5.jpg","twitter_creator":"@VosgesInfo88","twitter_site":"@VosgesInfo88","twitter_misc":{"\u00c9crit par":"J.J."},"schema":{"@context":"https:\/\/schema.org","@graph":[{"@type":"Article","@id":"https:\/\/vosgesinfo.fr\/saintdieinfo\/2025\/09\/lheure-de-la-rentree-a-sonne-pour-liut-de-saint-die-des-vosges\/#article","isPartOf":{"@id":"https:\/\/vosgesinfo.fr\/saintdieinfo\/2025\/09\/lheure-de-la-rentree-a-sonne-pour-liut-de-saint-die-des-vosges\/"},"author":{"name":"J.J.","@id":"https:\/\/vosgesinfo.fr\/saintdieinfo\/#\/schema\/person\/fa73e9f726d67bb88f46d5b7943cb572"},"headline":"L&rsquo;heure de la rentr\u00e9e a sonn\u00e9 pour l&rsquo;IUT de Saint-Di\u00e9-des-Vosges","datePublished":"2025-09-02T16:15:20+00:00","dateModified":"2025-09-02T15:52:26+00:00","mainEntityOfPage":{"@id":"https:\/\/vosgesinfo.fr\/saintdieinfo\/2025\/09\/lheure-de-la-rentree-a-sonne-pour-liut-de-saint-die-des-vosges\/"},"wordCount":386,"commentCount":0,"publisher":{"@id":"https:\/\/vosgesinfo.fr\/saintdieinfo\/#organization"},"image":{"@id":"https:\/\/vosgesinfo.fr\/saintdieinfo\/2025\/09\/lheure-de-la-rentree-a-sonne-pour-liut-de-saint-die-des-vosges\/#primaryimage"},"thumbnailUrl":"https:\/\/vosgesinfo.fr\/app\/uploads\/sites\/4\/2025\/09\/rentree-2025-2026-iut-sddv-5.jpg","keywords":["IUT de Saint-Di\u00e9-des-Vosges","Rentr\u00e9e 2025-2026 de l'IUT de Saint-Di\u00e9-des-Vosges","Universit\u00e9 de Lorraine"],"articleSection":["A la Une","\u00c9ducation","Saint-Di\u00e9-des-Vosges"],"inLanguage":"fr-FR","potentialAction":[{"@type":"CommentAction","name":"Comment","target":["https:\/\/vosgesinfo.fr\/saintdieinfo\/2025\/09\/lheure-de-la-rentree-a-sonne-pour-liut-de-saint-die-des-vosges\/#respond"]}]},{"@type":"WebPage","@id":"https:\/\/vosgesinfo.fr\/saintdieinfo\/2025\/09\/lheure-de-la-rentree-a-sonne-pour-liut-de-saint-die-des-vosges\/","url":"https:\/\/vosgesinfo.fr\/saintdieinfo\/2025\/09\/lheure-de-la-rentree-a-sonne-pour-liut-de-saint-die-des-vosges\/","name":"L'heure de la rentr\u00e9e a sonn\u00e9 pour l'IUT de Saint-Di\u00e9-des-Vosges - Saint Die Info","isPartOf":{"@id":"https:\/\/vosgesinfo.fr\/saintdieinfo\/#website"},"primaryImageOfPage":{"@id":"https:\/\/vosgesinfo.fr\/saintdieinfo\/2025\/09\/lheure-de-la-rentree-a-sonne-pour-liut-de-saint-die-des-vosges\/#primaryimage"},"image":{"@id":"https:\/\/vosgesinfo.fr\/saintdieinfo\/2025\/09\/lheure-de-la-rentree-a-sonne-pour-liut-de-saint-die-des-vosges\/#primaryimage"},"thumbnailUrl":"https:\/\/vosgesinfo.fr\/app\/uploads\/sites\/4\/2025\/09\/rentree-2025-2026-iut-sddv-5.jpg","datePublished":"2025-09-02T16:15:20+00:00","dateModified":"2025-09-02T15:52:26+00:00","breadcrumb":{"@id":"https:\/\/vosgesinfo.fr\/saintdieinfo\/2025\/09\/lheure-de-la-rentree-a-sonne-pour-liut-de-saint-die-des-vosges\/#breadcrumb"},"inLanguage":"fr-FR","potentialAction":[{"@type":"ReadAction","target":["https:\/\/vosgesinfo.fr\/saintdieinfo\/2025\/09\/lheure-de-la-rentree-a-sonne-pour-liut-de-saint-die-des-vosges\/"]}]},{"@type":"ImageObject","inLanguage":"fr-FR","@id":"https:\/\/vosgesinfo.fr\/saintdieinfo\/2025\/09\/lheure-de-la-rentree-a-sonne-pour-liut-de-saint-die-des-vosges\/#primaryimage","url":"https:\/\/vosgesinfo.fr\/app\/uploads\/sites\/4\/2025\/09\/rentree-2025-2026-iut-sddv-5.jpg","contentUrl":"https:\/\/vosgesinfo.fr\/app\/uploads\/sites\/4\/2025\/09\/rentree-2025-2026-iut-sddv-5.jpg","width":2040,"height":1536},{"@type":"BreadcrumbList","@id":"https:\/\/vosgesinfo.fr\/saintdieinfo\/2025\/09\/lheure-de-la-rentree-a-sonne-pour-liut-de-saint-die-des-vosges\/#breadcrumb","itemListElement":[{"@type":"ListItem","position":1,"name":"Home","item":"https:\/\/vosgesinfo.fr\/saintdieinfo\/"},{"@type":"ListItem","position":2,"name":"L&rsquo;heure de la rentr\u00e9e a sonn\u00e9 pour l&rsquo;IUT de Saint-Di\u00e9-des-Vosges"}]},{"@type":"WebSite","@id":"https:\/\/vosgesinfo.fr\/saintdieinfo\/#website","url":"https:\/\/vosgesinfo.fr\/saintdieinfo\/","name":"Saint Die Info","description":"Toute l&#039;actualit\u00e9 de Saint-Di\u00e9-Des-Vosges","publisher":{"@id":"https:\/\/vosgesinfo.fr\/saintdieinfo\/#organization"},"alternateName":"Toute l'actualit\u00e9 de Saint-Di\u00e9-Des-Vosges","potentialAction":[{"@type":"SearchAction","target":{"@type":"EntryPoint","urlTemplate":"https:\/\/vosgesinfo.fr\/saintdieinfo\/?s={search_term_string}"},"query-input":"required name=search_term_string"}],"inLanguage":"fr-FR"},{"@type":"Organization","@id":"https:\/\/vosgesinfo.fr\/saintdieinfo\/#organization","name":"Saint Die Info","url":"https:\/\/vosgesinfo.fr\/saintdieinfo\/","logo":{"@type":"ImageObject","inLanguage":"fr-FR","@id":"https:\/\/vosgesinfo.fr\/saintdieinfo\/#\/schema\/logo\/image\/","url":"https:\/\/vosgesinfo.fr\/app\/uploads\/sites\/4\/2024\/02\/logo-sdi.jpg","contentUrl":"https:\/\/vosgesinfo.fr\/app\/uploads\/sites\/4\/2024\/02\/logo-sdi.jpg","width":600,"height":600,"caption":"Saint Die Info"},"image":{"@id":"https:\/\/vosgesinfo.fr\/saintdieinfo\/#\/schema\/logo\/image\/"},"sameAs":["https:\/\/www.facebook.com\/Saintdieinfofr","https:\/\/x.com\/VosgesInfo88","https:\/\/www.youtube.com\/@vosgesinfo"]},{"@type":"Person","@id":"https:\/\/vosgesinfo.fr\/saintdieinfo\/#\/schema\/person\/fa73e9f726d67bb88f46d5b7943cb572","name":"J.J.","image":{"@type":"ImageObject","inLanguage":"fr-FR","@id":"https:\/\/vosgesinfo.fr\/saintdieinfo\/#\/schema\/person\/image\/","url":"https:\/\/secure.gravatar.com\/avatar\/219e749e47ffbcca018a360ae4add7d4cdf1cdaaf8bc7676b27efade3fe65615?s=96&d=mm&r=g","contentUrl":"https:\/\/secure.gravatar.com\/avatar\/219e749e47ffbcca018a360ae4add7d4cdf1cdaaf8bc7676b27efade3fe65615?s=96&d=mm&r=g","caption":"J.J."},"url":"https:\/\/vosgesinfo.fr\/saintdieinfo\/author\/j-j\/"}]}},"_links":{"self":[{"href":"https:\/\/vosgesinfo.fr\/saintdieinfo\/wp-json\/wp\/v2\/posts\/81604","targetHints":{"allow":["GET"]}}],"collection":[{"href":"https:\/\/vosgesinfo.fr\/saintdieinfo\/wp-json\/wp\/v2\/posts"}],"about":[{"href":"https:\/\/vosgesinfo.fr\/saintdieinfo\/wp-json\/wp\/v2\/types\/post"}],"author":[{"embeddable":true,"href":"https:\/\/vosgesinfo.fr\/saintdieinfo\/wp-json\/wp\/v2\/users\/46"}],"replies":[{"embeddable":true,"href":"https:\/\/vosgesinfo.fr\/saintdieinfo\/wp-json\/wp\/v2\/comments?post=81604"}],"version-history":[{"count":2,"href":"https:\/\/vosgesinfo.fr\/saintdieinfo\/wp-json\/wp\/v2\/posts\/81604\/revisions"}],"predecessor-version":[{"id":81636,"href":"https:\/\/vosgesinfo.fr\/saintdieinfo\/wp-json\/wp\/v2\/posts\/81604\/revisions\/81636"}],"wp:featuredmedia":[{"embeddable":true,"href":"https:\/\/vosgesinfo.fr\/saintdieinfo\/wp-json\/wp\/v2\/media\/81611"}],"wp:attachment":[{"href":"https:\/\/vosgesinfo.fr\/saintdieinfo\/wp-json\/wp\/v2\/media?parent=81604"}],"wp:term":[{"taxonomy":"category","embeddable":true,"href":"https:\/\/vosgesinfo.fr\/saintdieinfo\/wp-json\/wp\/v2\/categories?post=81604"},{"taxonomy":"post_tag","embeddable":true,"href":"https:\/\/vosgesinfo.fr\/saintdieinfo\/wp-json\/wp\/v2\/tags?post=81604"}],"curies":[{"name":"wp","href":"https:\/\/api.w.org\/{rel}","templated":true}]}}