{"id":81629,"date":"2025-09-02T16:50:35","date_gmt":"2025-09-02T14:50:35","guid":{"rendered":"https:\/\/vosgesinfo.fr\/saintdieinfo\/?p=81629"},"modified":"2025-09-02T16:34:14","modified_gmt":"2025-09-02T14:34:14","slug":"disparition-inquietante-dune-habitante-de-ban-de-laveline","status":"publish","type":"post","link":"https:\/\/vosgesinfo.fr\/saintdieinfo\/2025\/09\/disparition-inquietante-dune-habitante-de-ban-de-laveline\/","title":{"rendered":"Disparition inqui\u00e9tante d&rsquo;une habitante de Ban-de-Laveline"},"content":{"rendered":"<div id=\"attachment_81630\" style=\"width: 484px\" class=\"wp-caption alignnone\"><a href=\"https:\/\/vosgesinfo.fr\/app\/uploads\/sites\/4\/2025\/09\/bdl-disparition-inquietante-dominique-flahaut.jpg\"><img decoding=\"async\" aria-describedby=\"caption-attachment-81630\" class=\"size-large wp-image-81630\" src=\"https:\/\/vosgesinfo.fr\/app\/uploads\/sites\/4\/2025\/09\/bdl-disparition-inquietante-dominique-flahaut-474x1024.jpg\" alt=\"\" width=\"474\" height=\"1024\" srcset=\"https:\/\/vosgesinfo.fr\/app\/uploads\/sites\/4\/2025\/09\/bdl-disparition-inquietante-dominique-flahaut-474x1024.jpg 474w, https:\/\/vosgesinfo.fr\/app\/uploads\/sites\/4\/2025\/09\/bdl-disparition-inquietante-dominique-flahaut-139x300.jpg 139w, https:\/\/vosgesinfo.fr\/app\/uploads\/sites\/4\/2025\/09\/bdl-disparition-inquietante-dominique-flahaut.jpg 592w\" sizes=\"(max-width: 474px) 100vw, 474px\" \/><\/a><p id=\"caption-attachment-81630\" class=\"wp-caption-text\">(Photographie Le Lavelinois)<\/p><\/div>\n<h2 data-start=\"112\" data-end=\"343\"><strong data-start=\"112\" data-end=\"133\">Dominique Flahaut<\/strong> a disparu ce <strong data-start=\"147\" data-end=\"173\">mardi 2 septembre 2025<\/strong>, entre <strong data-start=\"181\" data-end=\"196\">9 h et 11 h<\/strong>, apr\u00e8s avoir quitt\u00e9 son domicile de <strong data-start=\"233\" data-end=\"264\">Ban-de-Laveline \u00e0 V\u00e9lupaire<\/strong> \u00e0 bord de son v\u00e9hicule, une <strong data-start=\"293\" data-end=\"340\" data-is-only-node=\"\">Dacia Spring blanche immatricul\u00e9e GN-493-GM<\/strong>.<\/h2>\n<p data-start=\"112\" data-end=\"343\"><!--more--><\/p>\n<h3 data-start=\"345\" data-end=\"375\"><strong>Un appel \u00e0 t\u00e9moins lanc\u00e9<\/strong><\/h3>\n<p data-start=\"376\" data-end=\"567\" data-is-last-node=\"\" data-is-only-node=\"\">En cas d\u2019<strong data-start=\"385\" data-end=\"400\">information<\/strong>, ou en cas de <strong data-start=\"415\" data-end=\"459\">d\u00e9couverte du v\u00e9hicule ou de la personne<\/strong>, il est demand\u00e9 de contacter le <strong data-start=\"492\" data-end=\"498\">17<\/strong> ou la <strong data-start=\"505\" data-end=\"564\">gendarmerie de Provench\u00e8res-et-Colroy au 03-29-51-20-17<\/strong>.<\/p>\n","protected":false},"excerpt":{"rendered":"<p>Dominique Flahaut a disparu ce mardi 2 septembre 2025, entre 9 h et 11 h, apr\u00e8s avoir quitt\u00e9 son domicile [&hellip;]<\/p>\n","protected":false},"author":46,"featured_media":81631,"comment_status":"open","ping_status":"open","sticky":false,"template":"","format":"standard","meta":{"footnotes":""},"categories":[460,3903,18],"tags":[271,543,18123,18124],"class_list":["post-81629","post","type-post","status-publish","format-standard","has-post-thumbnail","hentry","category-a-la-une","category-deodatie","category-vosges","tag-ban-de-laveline","tag-disparition-inquietante","tag-dominique-flahaut","tag-gendarmerie-de-provencheres-et-colroy"],"acf":[],"yoast_head":"<!-- This site is optimized with the Yoast SEO plugin v22.5 - https:\/\/yoast.com\/wordpress\/plugins\/seo\/ -->\n<title>Disparition inqui\u00e9tante d&#039;une habitante de Ban-de-Laveline - Saint Die Info<\/title>\n<meta name=\"robots\" content=\"index, follow, max-snippet:-1, max-image-preview:large, max-video-preview:-1\" \/>\n<link rel=\"canonical\" href=\"https:\/\/vosgesinfo.fr\/saintdieinfo\/2025\/09\/disparition-inquietante-dune-habitante-de-ban-de-laveline\/\" \/>\n<meta name=\"twitter:card\" content=\"summary_large_image\" \/>\n<meta name=\"twitter:title\" content=\"Disparition inqui\u00e9tante d&#039;une habitante de Ban-de-Laveline - Saint Die Info\" \/>\n<meta name=\"twitter:description\" content=\"Dominique Flahaut a disparu ce mardi 2 septembre 2025, entre 9 h et 11 h, apr\u00e8s avoir quitt\u00e9 son domicile [&hellip;]\" \/>\n<meta name=\"twitter:image\" content=\"https:\/\/vosgesinfo.fr\/app\/uploads\/sites\/4\/2025\/09\/bdl-disparition-inquietante-dominique-flahaut.png\" \/>\n<meta name=\"twitter:creator\" content=\"@VosgesInfo88\" \/>\n<meta name=\"twitter:site\" content=\"@VosgesInfo88\" \/>\n<meta name=\"twitter:label1\" content=\"\u00c9crit par\" \/>\n\t<meta name=\"twitter:data1\" content=\"J.J.\" \/>\n<script type=\"application\/ld+json\" class=\"yoast-schema-graph\">{\"@context\":\"https:\/\/schema.org\",\"@graph\":[{\"@type\":\"Article\",\"@id\":\"https:\/\/vosgesinfo.fr\/saintdieinfo\/2025\/09\/disparition-inquietante-dune-habitante-de-ban-de-laveline\/#article\",\"isPartOf\":{\"@id\":\"https:\/\/vosgesinfo.fr\/saintdieinfo\/2025\/09\/disparition-inquietante-dune-habitante-de-ban-de-laveline\/\"},\"author\":{\"name\":\"J.J.\",\"@id\":\"https:\/\/vosgesinfo.fr\/saintdieinfo\/#\/schema\/person\/fa73e9f726d67bb88f46d5b7943cb572\"},\"headline\":\"Disparition inqui\u00e9tante d&rsquo;une habitante de Ban-de-Laveline\",\"datePublished\":\"2025-09-02T14:50:35+00:00\",\"dateModified\":\"2025-09-02T14:34:14+00:00\",\"mainEntityOfPage\":{\"@id\":\"https:\/\/vosgesinfo.fr\/saintdieinfo\/2025\/09\/disparition-inquietante-dune-habitante-de-ban-de-laveline\/\"},\"wordCount\":91,\"commentCount\":0,\"publisher\":{\"@id\":\"https:\/\/vosgesinfo.fr\/saintdieinfo\/#organization\"},\"image\":{\"@id\":\"https:\/\/vosgesinfo.fr\/saintdieinfo\/2025\/09\/disparition-inquietante-dune-habitante-de-ban-de-laveline\/#primaryimage\"},\"thumbnailUrl\":\"https:\/\/vosgesinfo.fr\/app\/uploads\/sites\/4\/2025\/09\/bdl-disparition-inquietante-dominique-flahaut.png\",\"keywords\":[\"ban de laveline\",\"Disparition inqui\u00e9tante\",\"Dominique Flahaut\",\"Gendarmerie de Provench\u00e8res-et-Colroy\"],\"articleSection\":[\"A la Une\",\"D\u00e9odatie\",\"Vosges\"],\"inLanguage\":\"fr-FR\",\"potentialAction\":[{\"@type\":\"CommentAction\",\"name\":\"Comment\",\"target\":[\"https:\/\/vosgesinfo.fr\/saintdieinfo\/2025\/09\/disparition-inquietante-dune-habitante-de-ban-de-laveline\/#respond\"]}]},{\"@type\":\"WebPage\",\"@id\":\"https:\/\/vosgesinfo.fr\/saintdieinfo\/2025\/09\/disparition-inquietante-dune-habitante-de-ban-de-laveline\/\",\"url\":\"https:\/\/vosgesinfo.fr\/saintdieinfo\/2025\/09\/disparition-inquietante-dune-habitante-de-ban-de-laveline\/\",\"name\":\"Disparition inqui\u00e9tante d'une habitante de Ban-de-Laveline - Saint Die Info\",\"isPartOf\":{\"@id\":\"https:\/\/vosgesinfo.fr\/saintdieinfo\/#website\"},\"primaryImageOfPage\":{\"@id\":\"https:\/\/vosgesinfo.fr\/saintdieinfo\/2025\/09\/disparition-inquietante-dune-habitante-de-ban-de-laveline\/#primaryimage\"},\"image\":{\"@id\":\"https:\/\/vosgesinfo.fr\/saintdieinfo\/2025\/09\/disparition-inquietante-dune-habitante-de-ban-de-laveline\/#primaryimage\"},\"thumbnailUrl\":\"https:\/\/vosgesinfo.fr\/app\/uploads\/sites\/4\/2025\/09\/bdl-disparition-inquietante-dominique-flahaut.png\",\"datePublished\":\"2025-09-02T14:50:35+00:00\",\"dateModified\":\"2025-09-02T14:34:14+00:00\",\"breadcrumb\":{\"@id\":\"https:\/\/vosgesinfo.fr\/saintdieinfo\/2025\/09\/disparition-inquietante-dune-habitante-de-ban-de-laveline\/#breadcrumb\"},\"inLanguage\":\"fr-FR\",\"potentialAction\":[{\"@type\":\"ReadAction\",\"target\":[\"https:\/\/vosgesinfo.fr\/saintdieinfo\/2025\/09\/disparition-inquietante-dune-habitante-de-ban-de-laveline\/\"]}]},{\"@type\":\"ImageObject\",\"inLanguage\":\"fr-FR\",\"@id\":\"https:\/\/vosgesinfo.fr\/saintdieinfo\/2025\/09\/disparition-inquietante-dune-habitante-de-ban-de-laveline\/#primaryimage\",\"url\":\"https:\/\/vosgesinfo.fr\/app\/uploads\/sites\/4\/2025\/09\/bdl-disparition-inquietante-dominique-flahaut.png\",\"contentUrl\":\"https:\/\/vosgesinfo.fr\/app\/uploads\/sites\/4\/2025\/09\/bdl-disparition-inquietante-dominique-flahaut.png\",\"width\":882,\"height\":909},{\"@type\":\"BreadcrumbList\",\"@id\":\"https:\/\/vosgesinfo.fr\/saintdieinfo\/2025\/09\/disparition-inquietante-dune-habitante-de-ban-de-laveline\/#breadcrumb\",\"itemListElement\":[{\"@type\":\"ListItem\",\"position\":1,\"name\":\"Home\",\"item\":\"https:\/\/vosgesinfo.fr\/saintdieinfo\/\"},{\"@type\":\"ListItem\",\"position\":2,\"name\":\"Disparition inqui\u00e9tante d&rsquo;une habitante de Ban-de-Laveline\"}]},{\"@type\":\"WebSite\",\"@id\":\"https:\/\/vosgesinfo.fr\/saintdieinfo\/#website\",\"url\":\"https:\/\/vosgesinfo.fr\/saintdieinfo\/\",\"name\":\"Saint Die Info\",\"description\":\"Toute l&#039;actualit\u00e9 de Saint-Di\u00e9-Des-Vosges\",\"publisher\":{\"@id\":\"https:\/\/vosgesinfo.fr\/saintdieinfo\/#organization\"},\"alternateName\":\"Toute l'actualit\u00e9 de Saint-Di\u00e9-Des-Vosges\",\"potentialAction\":[{\"@type\":\"SearchAction\",\"target\":{\"@type\":\"EntryPoint\",\"urlTemplate\":\"https:\/\/vosgesinfo.fr\/saintdieinfo\/?s={search_term_string}\"},\"query-input\":\"required name=search_term_string\"}],\"inLanguage\":\"fr-FR\"},{\"@type\":\"Organization\",\"@id\":\"https:\/\/vosgesinfo.fr\/saintdieinfo\/#organization\",\"name\":\"Saint Die Info\",\"url\":\"https:\/\/vosgesinfo.fr\/saintdieinfo\/\",\"logo\":{\"@type\":\"ImageObject\",\"inLanguage\":\"fr-FR\",\"@id\":\"https:\/\/vosgesinfo.fr\/saintdieinfo\/#\/schema\/logo\/image\/\",\"url\":\"https:\/\/vosgesinfo.fr\/app\/uploads\/sites\/4\/2024\/02\/logo-sdi.jpg\",\"contentUrl\":\"https:\/\/vosgesinfo.fr\/app\/uploads\/sites\/4\/2024\/02\/logo-sdi.jpg\",\"width\":600,\"height\":600,\"caption\":\"Saint Die Info\"},\"image\":{\"@id\":\"https:\/\/vosgesinfo.fr\/saintdieinfo\/#\/schema\/logo\/image\/\"},\"sameAs\":[\"https:\/\/www.facebook.com\/Saintdieinfofr\",\"https:\/\/x.com\/VosgesInfo88\",\"https:\/\/www.youtube.com\/@vosgesinfo\"]},{\"@type\":\"Person\",\"@id\":\"https:\/\/vosgesinfo.fr\/saintdieinfo\/#\/schema\/person\/fa73e9f726d67bb88f46d5b7943cb572\",\"name\":\"J.J.\",\"image\":{\"@type\":\"ImageObject\",\"inLanguage\":\"fr-FR\",\"@id\":\"https:\/\/vosgesinfo.fr\/saintdieinfo\/#\/schema\/person\/image\/\",\"url\":\"https:\/\/secure.gravatar.com\/avatar\/219e749e47ffbcca018a360ae4add7d4cdf1cdaaf8bc7676b27efade3fe65615?s=96&d=mm&r=g\",\"contentUrl\":\"https:\/\/secure.gravatar.com\/avatar\/219e749e47ffbcca018a360ae4add7d4cdf1cdaaf8bc7676b27efade3fe65615?s=96&d=mm&r=g\",\"caption\":\"J.J.\"},\"url\":\"https:\/\/vosgesinfo.fr\/saintdieinfo\/author\/j-j\/\"}]}<\/script>\n<!-- \/ Yoast SEO plugin. -->","yoast_head_json":{"title":"Disparition inqui\u00e9tante d'une habitante de Ban-de-Laveline - Saint Die Info","robots":{"index":"index","follow":"follow","max-snippet":"max-snippet:-1","max-image-preview":"max-image-preview:large","max-video-preview":"max-video-preview:-1"},"canonical":"https:\/\/vosgesinfo.fr\/saintdieinfo\/2025\/09\/disparition-inquietante-dune-habitante-de-ban-de-laveline\/","twitter_card":"summary_large_image","twitter_title":"Disparition inqui\u00e9tante d'une habitante de Ban-de-Laveline - Saint Die Info","twitter_description":"Dominique Flahaut a disparu ce mardi 2 septembre 2025, entre 9 h et 11 h, apr\u00e8s avoir quitt\u00e9 son domicile [&hellip;]","twitter_image":"https:\/\/vosgesinfo.fr\/app\/uploads\/sites\/4\/2025\/09\/bdl-disparition-inquietante-dominique-flahaut.png","twitter_creator":"@VosgesInfo88","twitter_site":"@VosgesInfo88","twitter_misc":{"\u00c9crit par":"J.J."},"schema":{"@context":"https:\/\/schema.org","@graph":[{"@type":"Article","@id":"https:\/\/vosgesinfo.fr\/saintdieinfo\/2025\/09\/disparition-inquietante-dune-habitante-de-ban-de-laveline\/#article","isPartOf":{"@id":"https:\/\/vosgesinfo.fr\/saintdieinfo\/2025\/09\/disparition-inquietante-dune-habitante-de-ban-de-laveline\/"},"author":{"name":"J.J.","@id":"https:\/\/vosgesinfo.fr\/saintdieinfo\/#\/schema\/person\/fa73e9f726d67bb88f46d5b7943cb572"},"headline":"Disparition inqui\u00e9tante d&rsquo;une habitante de Ban-de-Laveline","datePublished":"2025-09-02T14:50:35+00:00","dateModified":"2025-09-02T14:34:14+00:00","mainEntityOfPage":{"@id":"https:\/\/vosgesinfo.fr\/saintdieinfo\/2025\/09\/disparition-inquietante-dune-habitante-de-ban-de-laveline\/"},"wordCount":91,"commentCount":0,"publisher":{"@id":"https:\/\/vosgesinfo.fr\/saintdieinfo\/#organization"},"image":{"@id":"https:\/\/vosgesinfo.fr\/saintdieinfo\/2025\/09\/disparition-inquietante-dune-habitante-de-ban-de-laveline\/#primaryimage"},"thumbnailUrl":"https:\/\/vosgesinfo.fr\/app\/uploads\/sites\/4\/2025\/09\/bdl-disparition-inquietante-dominique-flahaut.png","keywords":["ban de laveline","Disparition inqui\u00e9tante","Dominique Flahaut","Gendarmerie de Provench\u00e8res-et-Colroy"],"articleSection":["A la Une","D\u00e9odatie","Vosges"],"inLanguage":"fr-FR","potentialAction":[{"@type":"CommentAction","name":"Comment","target":["https:\/\/vosgesinfo.fr\/saintdieinfo\/2025\/09\/disparition-inquietante-dune-habitante-de-ban-de-laveline\/#respond"]}]},{"@type":"WebPage","@id":"https:\/\/vosgesinfo.fr\/saintdieinfo\/2025\/09\/disparition-inquietante-dune-habitante-de-ban-de-laveline\/","url":"https:\/\/vosgesinfo.fr\/saintdieinfo\/2025\/09\/disparition-inquietante-dune-habitante-de-ban-de-laveline\/","name":"Disparition inqui\u00e9tante d'une habitante de Ban-de-Laveline - Saint Die Info","isPartOf":{"@id":"https:\/\/vosgesinfo.fr\/saintdieinfo\/#website"},"primaryImageOfPage":{"@id":"https:\/\/vosgesinfo.fr\/saintdieinfo\/2025\/09\/disparition-inquietante-dune-habitante-de-ban-de-laveline\/#primaryimage"},"image":{"@id":"https:\/\/vosgesinfo.fr\/saintdieinfo\/2025\/09\/disparition-inquietante-dune-habitante-de-ban-de-laveline\/#primaryimage"},"thumbnailUrl":"https:\/\/vosgesinfo.fr\/app\/uploads\/sites\/4\/2025\/09\/bdl-disparition-inquietante-dominique-flahaut.png","datePublished":"2025-09-02T14:50:35+00:00","dateModified":"2025-09-02T14:34:14+00:00","breadcrumb":{"@id":"https:\/\/vosgesinfo.fr\/saintdieinfo\/2025\/09\/disparition-inquietante-dune-habitante-de-ban-de-laveline\/#breadcrumb"},"inLanguage":"fr-FR","potentialAction":[{"@type":"ReadAction","target":["https:\/\/vosgesinfo.fr\/saintdieinfo\/2025\/09\/disparition-inquietante-dune-habitante-de-ban-de-laveline\/"]}]},{"@type":"ImageObject","inLanguage":"fr-FR","@id":"https:\/\/vosgesinfo.fr\/saintdieinfo\/2025\/09\/disparition-inquietante-dune-habitante-de-ban-de-laveline\/#primaryimage","url":"https:\/\/vosgesinfo.fr\/app\/uploads\/sites\/4\/2025\/09\/bdl-disparition-inquietante-dominique-flahaut.png","contentUrl":"https:\/\/vosgesinfo.fr\/app\/uploads\/sites\/4\/2025\/09\/bdl-disparition-inquietante-dominique-flahaut.png","width":882,"height":909},{"@type":"BreadcrumbList","@id":"https:\/\/vosgesinfo.fr\/saintdieinfo\/2025\/09\/disparition-inquietante-dune-habitante-de-ban-de-laveline\/#breadcrumb","itemListElement":[{"@type":"ListItem","position":1,"name":"Home","item":"https:\/\/vosgesinfo.fr\/saintdieinfo\/"},{"@type":"ListItem","position":2,"name":"Disparition inqui\u00e9tante d&rsquo;une habitante de Ban-de-Laveline"}]},{"@type":"WebSite","@id":"https:\/\/vosgesinfo.fr\/saintdieinfo\/#website","url":"https:\/\/vosgesinfo.fr\/saintdieinfo\/","name":"Saint Die Info","description":"Toute l&#039;actualit\u00e9 de Saint-Di\u00e9-Des-Vosges","publisher":{"@id":"https:\/\/vosgesinfo.fr\/saintdieinfo\/#organization"},"alternateName":"Toute l'actualit\u00e9 de Saint-Di\u00e9-Des-Vosges","potentialAction":[{"@type":"SearchAction","target":{"@type":"EntryPoint","urlTemplate":"https:\/\/vosgesinfo.fr\/saintdieinfo\/?s={search_term_string}"},"query-input":"required name=search_term_string"}],"inLanguage":"fr-FR"},{"@type":"Organization","@id":"https:\/\/vosgesinfo.fr\/saintdieinfo\/#organization","name":"Saint Die Info","url":"https:\/\/vosgesinfo.fr\/saintdieinfo\/","logo":{"@type":"ImageObject","inLanguage":"fr-FR","@id":"https:\/\/vosgesinfo.fr\/saintdieinfo\/#\/schema\/logo\/image\/","url":"https:\/\/vosgesinfo.fr\/app\/uploads\/sites\/4\/2024\/02\/logo-sdi.jpg","contentUrl":"https:\/\/vosgesinfo.fr\/app\/uploads\/sites\/4\/2024\/02\/logo-sdi.jpg","width":600,"height":600,"caption":"Saint Die Info"},"image":{"@id":"https:\/\/vosgesinfo.fr\/saintdieinfo\/#\/schema\/logo\/image\/"},"sameAs":["https:\/\/www.facebook.com\/Saintdieinfofr","https:\/\/x.com\/VosgesInfo88","https:\/\/www.youtube.com\/@vosgesinfo"]},{"@type":"Person","@id":"https:\/\/vosgesinfo.fr\/saintdieinfo\/#\/schema\/person\/fa73e9f726d67bb88f46d5b7943cb572","name":"J.J.","image":{"@type":"ImageObject","inLanguage":"fr-FR","@id":"https:\/\/vosgesinfo.fr\/saintdieinfo\/#\/schema\/person\/image\/","url":"https:\/\/secure.gravatar.com\/avatar\/219e749e47ffbcca018a360ae4add7d4cdf1cdaaf8bc7676b27efade3fe65615?s=96&d=mm&r=g","contentUrl":"https:\/\/secure.gravatar.com\/avatar\/219e749e47ffbcca018a360ae4add7d4cdf1cdaaf8bc7676b27efade3fe65615?s=96&d=mm&r=g","caption":"J.J."},"url":"https:\/\/vosgesinfo.fr\/saintdieinfo\/author\/j-j\/"}]}},"_links":{"self":[{"href":"https:\/\/vosgesinfo.fr\/saintdieinfo\/wp-json\/wp\/v2\/posts\/81629","targetHints":{"allow":["GET"]}}],"collection":[{"href":"https:\/\/vosgesinfo.fr\/saintdieinfo\/wp-json\/wp\/v2\/posts"}],"about":[{"href":"https:\/\/vosgesinfo.fr\/saintdieinfo\/wp-json\/wp\/v2\/types\/post"}],"author":[{"embeddable":true,"href":"https:\/\/vosgesinfo.fr\/saintdieinfo\/wp-json\/wp\/v2\/users\/46"}],"replies":[{"embeddable":true,"href":"https:\/\/vosgesinfo.fr\/saintdieinfo\/wp-json\/wp\/v2\/comments?post=81629"}],"version-history":[{"count":2,"href":"https:\/\/vosgesinfo.fr\/saintdieinfo\/wp-json\/wp\/v2\/posts\/81629\/revisions"}],"predecessor-version":[{"id":81635,"href":"https:\/\/vosgesinfo.fr\/saintdieinfo\/wp-json\/wp\/v2\/posts\/81629\/revisions\/81635"}],"wp:featuredmedia":[{"embeddable":true,"href":"https:\/\/vosgesinfo.fr\/saintdieinfo\/wp-json\/wp\/v2\/media\/81631"}],"wp:attachment":[{"href":"https:\/\/vosgesinfo.fr\/saintdieinfo\/wp-json\/wp\/v2\/media?parent=81629"}],"wp:term":[{"taxonomy":"category","embeddable":true,"href":"https:\/\/vosgesinfo.fr\/saintdieinfo\/wp-json\/wp\/v2\/categories?post=81629"},{"taxonomy":"post_tag","embeddable":true,"href":"https:\/\/vosgesinfo.fr\/saintdieinfo\/wp-json\/wp\/v2\/tags?post=81629"}],"curies":[{"name":"wp","href":"https:\/\/api.w.org\/{rel}","templated":true}]}}