{"id":81633,"date":"2025-09-03T05:59:40","date_gmt":"2025-09-03T03:59:40","guid":{"rendered":"https:\/\/vosgesinfo.fr\/saintdieinfo\/?p=81633"},"modified":"2025-09-03T05:59:40","modified_gmt":"2025-09-03T03:59:40","slug":"2eme-edition-des-fermes-ouvertes-bleu-vert-vosges","status":"publish","type":"post","link":"https:\/\/vosgesinfo.fr\/saintdieinfo\/2025\/09\/2eme-edition-des-fermes-ouvertes-bleu-vert-vosges\/","title":{"rendered":"2\u00e8me \u00e9dition des Fermes Ouvertes Bleu Vert Vosges !"},"content":{"rendered":"<p><a href=\"https:\/\/vosgesinfo.fr\/app\/uploads\/sites\/6\/2025\/09\/fermes-ouvertes-affiche.jpg\"><img decoding=\"async\" class=\"aligncenter size-medium wp-image-81934\" src=\"https:\/\/vosgesinfo.fr\/app\/uploads\/sites\/6\/2025\/09\/fermes-ouvertes-affiche-300x300.jpg\" alt=\"\" width=\"300\" height=\"300\" \/><\/a><\/p>\n<p><strong>Apr\u00e8s le succ\u00e8s de la 1\u00e8re \u00e9dition en 2024, les fermes de l\u2019association Bleu Vert Vosges sont heureuses d\u2019ouvrir \u00e0 nouveau leurs portes vendredi 19, samedi 20 et dimanche 21 septembre 2025 pour la 2\u00e8me \u00e9dition des fermes Ouvertes Bleu Vert Vosges. Venez d\u00e9couvrir 9 fermes qui cultivent et cueillent des plantes aromatiques et m\u00e9dicinales et des petits fruits en agriculture biologique. A travers des visites guid\u00e9es ou th\u00e9matiques, des ateliers, et des d\u00e9gustations des produits de la ferme, ce sont des rencontres vivantes et passionnantes qui fa\u00e7onnent l\u2019identit\u00e9 et le territoire des Vosges.<\/strong><\/p>\n<p><span style=\"color: #000000;\"><a style=\"color: #000000;\" href=\"https:\/\/vosgesinfo.fr\/app\/uploads\/sites\/6\/2025\/09\/groupe-matin-samedi-pre-des-fruits.jpg\"><img decoding=\"async\" class=\"alignright size-medium wp-image-81935\" src=\"https:\/\/vosgesinfo.fr\/app\/uploads\/sites\/6\/2025\/09\/groupe-matin-samedi-pre-des-fruits-225x300.jpg\" alt=\"\" width=\"225\" height=\"300\" \/><\/a>Venez \u00e0 la rencontre des hommes et des femmes de ces fermes. Partez ensemble \u00e0 la d\u00e9couverte des petits fruits et des plantes lors de balades libres ou guid\u00e9es et comment\u00e9es dans les plantations de bluets, dans les jardins de plantes aromatiques et m\u00e9dicinales, dans les ateliers de fabrication \u2026 il sera question de biodiversit\u00e9 et d\u2019autonomie, des solutions pour s\u2019adapter au changement climatique au jardin, de d\u00e9couvrir comment fonctionnent ces fermes et ce que sont le m\u00e9tier de paysan herboriste, l\u2019agriculture biologique, le label Nature et Progr\u00e8s, et bien s\u00fbr la fabrication de sirops, de liqueurs, d\u2019huiles essentielles, d\u2019hydrolats, d\u2019infusions, d\u2019alcoolatures, de cosm\u00e9tiques, etc\u2026\u00c9couter, voir, go\u00fbter, sentir et partager savoir-faire et paysages.<\/span><br \/>\n<span style=\"color: #000000;\">\u00ab\u00a0Au cours de ces journ\u00e9es, nous, adh\u00e9rentes et adh\u00e9rents de Bleu Vert Vosges souhaitons continuer \u00e0 mieux faire conna\u00eetre nos m\u00e9tiers aupr\u00e8s du grand public et \u00e9galement \u0153uvrer \u00e0 promouvoir nos fermes qui participent activement \u00e0 la r\u00e9silience de nos paysages de montagne. Nous souhaitons \u00e9galement continuer \u00e0 pr\u00e9server et transmettre nos savoir-faire en mati\u00e8re de cultures v\u00e9g\u00e9tales et de cueillettes en milieux naturels sur le massif des Vosges, en harmonie et respect de notre territoire.\u00a0\u00bb<\/span><br \/>\n<span style=\"color: #000000;\"><a style=\"color: #000000;\" href=\"https:\/\/vosgesinfo.fr\/app\/uploads\/sites\/6\/2025\/09\/sauvages-et-cultivees-1.jpg\"><img decoding=\"async\" class=\"alignright size-medium wp-image-81936\" src=\"https:\/\/vosgesinfo.fr\/app\/uploads\/sites\/6\/2025\/09\/sauvages-et-cultivees-1-225x300.jpg\" alt=\"\" width=\"225\" height=\"300\" \/><\/a>\u00ab\u00a0Chez Bleu Vert Vosges, nous sommes pr\u00e8s de 40 fermes, producteurs et productrices, cueilleurs et cueilleuses du massif vosgien r\u00e9unis autour de la culture de petits fruits et de plantes \u00e0 parfum aromatique et m\u00e9dicinales (PPAM) et de la cueillette sauvage. \u00ab Paysannes et paysans de montagne\u00a0\u00bb, nous sommes attach\u00e9s au massif des Vosges. Nos structures sont \u00e0 taille humaine compos\u00e9es de femmes et d&rsquo;hommes passionn\u00e9s r\u00e9unis au sein d&rsquo;un collectif et partageant les m\u00eames valeurs et une \u00e9thique commune. Nous transformons nos produits \u00e0 la ferme et vendons en circuits courts nos productions. Nous sommes engag\u00e9s pour une agriculture biologique, respectueuse de notre environnement et de notre territoire. La marque Bleu Vert Vosges vous assure l\u2019\u00e9thique et l\u2019identit\u00e9 de nos fermes vosgiennes.\u00a0\u00bb<\/span><br \/>\n<span style=\"color: #000000;\">Les Fermes Ouvertes sont soutenues par le r\u00e9seau bio, c\u2019est-\u00e0-dire l\u2019association Bio en Grand Est, qui r\u00e9unit des fermes en agriculture biologique, artisans, associations et citoyens qui \u0153uvrent \u00e0 promouvoir et d\u00e9velopper l\u2019agriculture biologique sur la R\u00e9gion Grand Est, et en local par le Groupement des Agricultrices et Agriculteurs Biologiques des Vosges, le r\u00e9seau bio d\u00e9partemental, et par le Conseil D\u00e9partemental des Vosges.<\/span><\/p>\n<p><span style=\"color: #000000;\"><a style=\"color: #000000;\" href=\"https:\/\/vosgesinfo.fr\/app\/uploads\/sites\/6\/2025\/09\/un-brin-de-cueillette-2024.jpg\"><img decoding=\"async\" class=\"aligncenter size-large wp-image-81938\" src=\"https:\/\/vosgesinfo.fr\/app\/uploads\/sites\/6\/2025\/09\/un-brin-de-cueillette-2024-1024x672.jpg\" alt=\"\" width=\"1024\" height=\"672\" \/><\/a><\/span><\/p>\n","protected":false},"excerpt":{"rendered":"<p>Apr\u00e8s le succ\u00e8s de la 1\u00e8re \u00e9dition en 2024, les fermes de l\u2019association Bleu Vert Vosges sont heureuses d\u2019ouvrir \u00e0 [&hellip;]<\/p>\n","protected":false},"author":391,"featured_media":81634,"comment_status":"open","ping_status":"open","sticky":false,"template":"","format":"standard","meta":{"footnotes":""},"categories":[460,128,5391,5389,4099,4100],"tags":[18125,11298],"class_list":["post-81633","post","type-post","status-publish","format-standard","has-post-thumbnail","hentry","category-a-la-une","category-agriculture","category-gerardmer","category-la-plaine-des-vosges","category-remiremont","category-saint-die","tag-bleu-vert-vosges","tag-fermes-ouvertes"],"acf":[],"yoast_head":"<!-- This site is optimized with the Yoast SEO plugin v22.5 - https:\/\/yoast.com\/wordpress\/plugins\/seo\/ -->\n<title>2\u00e8me \u00e9dition des Fermes Ouvertes Bleu Vert Vosges ! - Saint Die Info<\/title>\n<meta name=\"robots\" content=\"index, follow, max-snippet:-1, max-image-preview:large, max-video-preview:-1\" \/>\n<link rel=\"canonical\" href=\"https:\/\/vosgesinfo.fr\/saintdieinfo\/2025\/09\/2eme-edition-des-fermes-ouvertes-bleu-vert-vosges\/\" \/>\n<meta name=\"twitter:card\" content=\"summary_large_image\" \/>\n<meta name=\"twitter:title\" content=\"2\u00e8me \u00e9dition des Fermes Ouvertes Bleu Vert Vosges ! - Saint Die Info\" \/>\n<meta name=\"twitter:description\" content=\"Apr\u00e8s le succ\u00e8s de la 1\u00e8re \u00e9dition en 2024, les fermes de l\u2019association Bleu Vert Vosges sont heureuses d\u2019ouvrir \u00e0 [&hellip;]\" \/>\n<meta name=\"twitter:image\" content=\"https:\/\/vosgesinfo.fr\/app\/uploads\/sites\/4\/2025\/09\/groupe-matin-samedi-pre-des-fruits.jpg\" \/>\n<meta name=\"twitter:creator\" content=\"@VosgesInfo88\" \/>\n<meta name=\"twitter:site\" content=\"@VosgesInfo88\" \/>\n<meta name=\"twitter:label1\" content=\"\u00c9crit par\" \/>\n\t<meta name=\"twitter:data1\" content=\"La redaction\" \/>\n\t<meta name=\"twitter:label2\" content=\"Dur\u00e9e de lecture estim\u00e9e\" \/>\n\t<meta name=\"twitter:data2\" content=\"3 minutes\" \/>\n<script type=\"application\/ld+json\" class=\"yoast-schema-graph\">{\"@context\":\"https:\/\/schema.org\",\"@graph\":[{\"@type\":\"Article\",\"@id\":\"https:\/\/vosgesinfo.fr\/saintdieinfo\/2025\/09\/2eme-edition-des-fermes-ouvertes-bleu-vert-vosges\/#article\",\"isPartOf\":{\"@id\":\"https:\/\/vosgesinfo.fr\/saintdieinfo\/2025\/09\/2eme-edition-des-fermes-ouvertes-bleu-vert-vosges\/\"},\"author\":{\"name\":\"La redaction\",\"@id\":\"https:\/\/vosgesinfo.fr\/saintdieinfo\/#\/schema\/person\/27a3695b06db98895b354c0765cdfc31\"},\"headline\":\"2\u00e8me \u00e9dition des Fermes Ouvertes Bleu Vert Vosges !\",\"datePublished\":\"2025-09-03T03:59:40+00:00\",\"dateModified\":\"2025-09-03T03:59:40+00:00\",\"mainEntityOfPage\":{\"@id\":\"https:\/\/vosgesinfo.fr\/saintdieinfo\/2025\/09\/2eme-edition-des-fermes-ouvertes-bleu-vert-vosges\/\"},\"wordCount\":521,\"commentCount\":1,\"publisher\":{\"@id\":\"https:\/\/vosgesinfo.fr\/saintdieinfo\/#organization\"},\"image\":{\"@id\":\"https:\/\/vosgesinfo.fr\/saintdieinfo\/2025\/09\/2eme-edition-des-fermes-ouvertes-bleu-vert-vosges\/#primaryimage\"},\"thumbnailUrl\":\"https:\/\/vosgesinfo.fr\/app\/uploads\/sites\/4\/2025\/09\/groupe-matin-samedi-pre-des-fruits.jpg\",\"keywords\":[\"bleu vert vosges\",\"Fermes Ouvertes\"],\"articleSection\":[\"A la Une\",\"Agriculture\",\"Gerardmer\",\"La plaine des vosges\",\"Remiremont\",\"Saint-di\u00e9\"],\"inLanguage\":\"fr-FR\",\"potentialAction\":[{\"@type\":\"CommentAction\",\"name\":\"Comment\",\"target\":[\"https:\/\/vosgesinfo.fr\/saintdieinfo\/2025\/09\/2eme-edition-des-fermes-ouvertes-bleu-vert-vosges\/#respond\"]}]},{\"@type\":\"WebPage\",\"@id\":\"https:\/\/vosgesinfo.fr\/saintdieinfo\/2025\/09\/2eme-edition-des-fermes-ouvertes-bleu-vert-vosges\/\",\"url\":\"https:\/\/vosgesinfo.fr\/saintdieinfo\/2025\/09\/2eme-edition-des-fermes-ouvertes-bleu-vert-vosges\/\",\"name\":\"2\u00e8me \u00e9dition des Fermes Ouvertes Bleu Vert Vosges ! - Saint Die Info\",\"isPartOf\":{\"@id\":\"https:\/\/vosgesinfo.fr\/saintdieinfo\/#website\"},\"primaryImageOfPage\":{\"@id\":\"https:\/\/vosgesinfo.fr\/saintdieinfo\/2025\/09\/2eme-edition-des-fermes-ouvertes-bleu-vert-vosges\/#primaryimage\"},\"image\":{\"@id\":\"https:\/\/vosgesinfo.fr\/saintdieinfo\/2025\/09\/2eme-edition-des-fermes-ouvertes-bleu-vert-vosges\/#primaryimage\"},\"thumbnailUrl\":\"https:\/\/vosgesinfo.fr\/app\/uploads\/sites\/4\/2025\/09\/groupe-matin-samedi-pre-des-fruits.jpg\",\"datePublished\":\"2025-09-03T03:59:40+00:00\",\"dateModified\":\"2025-09-03T03:59:40+00:00\",\"breadcrumb\":{\"@id\":\"https:\/\/vosgesinfo.fr\/saintdieinfo\/2025\/09\/2eme-edition-des-fermes-ouvertes-bleu-vert-vosges\/#breadcrumb\"},\"inLanguage\":\"fr-FR\",\"potentialAction\":[{\"@type\":\"ReadAction\",\"target\":[\"https:\/\/vosgesinfo.fr\/saintdieinfo\/2025\/09\/2eme-edition-des-fermes-ouvertes-bleu-vert-vosges\/\"]}]},{\"@type\":\"ImageObject\",\"inLanguage\":\"fr-FR\",\"@id\":\"https:\/\/vosgesinfo.fr\/saintdieinfo\/2025\/09\/2eme-edition-des-fermes-ouvertes-bleu-vert-vosges\/#primaryimage\",\"url\":\"https:\/\/vosgesinfo.fr\/app\/uploads\/sites\/4\/2025\/09\/groupe-matin-samedi-pre-des-fruits.jpg\",\"contentUrl\":\"https:\/\/vosgesinfo.fr\/app\/uploads\/sites\/4\/2025\/09\/groupe-matin-samedi-pre-des-fruits.jpg\",\"width\":1200,\"height\":1600},{\"@type\":\"BreadcrumbList\",\"@id\":\"https:\/\/vosgesinfo.fr\/saintdieinfo\/2025\/09\/2eme-edition-des-fermes-ouvertes-bleu-vert-vosges\/#breadcrumb\",\"itemListElement\":[{\"@type\":\"ListItem\",\"position\":1,\"name\":\"Home\",\"item\":\"https:\/\/vosgesinfo.fr\/saintdieinfo\/\"},{\"@type\":\"ListItem\",\"position\":2,\"name\":\"2\u00e8me \u00e9dition des Fermes Ouvertes Bleu Vert Vosges !\"}]},{\"@type\":\"WebSite\",\"@id\":\"https:\/\/vosgesinfo.fr\/saintdieinfo\/#website\",\"url\":\"https:\/\/vosgesinfo.fr\/saintdieinfo\/\",\"name\":\"Saint Die Info\",\"description\":\"Toute l&#039;actualit\u00e9 de Saint-Di\u00e9-Des-Vosges\",\"publisher\":{\"@id\":\"https:\/\/vosgesinfo.fr\/saintdieinfo\/#organization\"},\"alternateName\":\"Toute l'actualit\u00e9 de Saint-Di\u00e9-Des-Vosges\",\"potentialAction\":[{\"@type\":\"SearchAction\",\"target\":{\"@type\":\"EntryPoint\",\"urlTemplate\":\"https:\/\/vosgesinfo.fr\/saintdieinfo\/?s={search_term_string}\"},\"query-input\":\"required name=search_term_string\"}],\"inLanguage\":\"fr-FR\"},{\"@type\":\"Organization\",\"@id\":\"https:\/\/vosgesinfo.fr\/saintdieinfo\/#organization\",\"name\":\"Saint Die Info\",\"url\":\"https:\/\/vosgesinfo.fr\/saintdieinfo\/\",\"logo\":{\"@type\":\"ImageObject\",\"inLanguage\":\"fr-FR\",\"@id\":\"https:\/\/vosgesinfo.fr\/saintdieinfo\/#\/schema\/logo\/image\/\",\"url\":\"https:\/\/vosgesinfo.fr\/app\/uploads\/sites\/4\/2024\/02\/logo-sdi.jpg\",\"contentUrl\":\"https:\/\/vosgesinfo.fr\/app\/uploads\/sites\/4\/2024\/02\/logo-sdi.jpg\",\"width\":600,\"height\":600,\"caption\":\"Saint Die Info\"},\"image\":{\"@id\":\"https:\/\/vosgesinfo.fr\/saintdieinfo\/#\/schema\/logo\/image\/\"},\"sameAs\":[\"https:\/\/www.facebook.com\/Saintdieinfofr\",\"https:\/\/x.com\/VosgesInfo88\",\"https:\/\/www.youtube.com\/@vosgesinfo\"]},{\"@type\":\"Person\",\"@id\":\"https:\/\/vosgesinfo.fr\/saintdieinfo\/#\/schema\/person\/27a3695b06db98895b354c0765cdfc31\",\"name\":\"La redaction\",\"image\":{\"@type\":\"ImageObject\",\"inLanguage\":\"fr-FR\",\"@id\":\"https:\/\/vosgesinfo.fr\/saintdieinfo\/#\/schema\/person\/image\/\",\"url\":\"https:\/\/secure.gravatar.com\/avatar\/64c76a78e501cedee55736f43f332df901e1896ae9cd8fad269ae2236dd0e8b6?s=96&d=mm&r=g\",\"contentUrl\":\"https:\/\/secure.gravatar.com\/avatar\/64c76a78e501cedee55736f43f332df901e1896ae9cd8fad269ae2236dd0e8b6?s=96&d=mm&r=g\",\"caption\":\"La redaction\"},\"url\":\"https:\/\/vosgesinfo.fr\/saintdieinfo\/author\/la-redaction\/\"}]}<\/script>\n<!-- \/ Yoast SEO plugin. -->","yoast_head_json":{"title":"2\u00e8me \u00e9dition des Fermes Ouvertes Bleu Vert Vosges ! - Saint Die Info","robots":{"index":"index","follow":"follow","max-snippet":"max-snippet:-1","max-image-preview":"max-image-preview:large","max-video-preview":"max-video-preview:-1"},"canonical":"https:\/\/vosgesinfo.fr\/saintdieinfo\/2025\/09\/2eme-edition-des-fermes-ouvertes-bleu-vert-vosges\/","twitter_card":"summary_large_image","twitter_title":"2\u00e8me \u00e9dition des Fermes Ouvertes Bleu Vert Vosges ! - Saint Die Info","twitter_description":"Apr\u00e8s le succ\u00e8s de la 1\u00e8re \u00e9dition en 2024, les fermes de l\u2019association Bleu Vert Vosges sont heureuses d\u2019ouvrir \u00e0 [&hellip;]","twitter_image":"https:\/\/vosgesinfo.fr\/app\/uploads\/sites\/4\/2025\/09\/groupe-matin-samedi-pre-des-fruits.jpg","twitter_creator":"@VosgesInfo88","twitter_site":"@VosgesInfo88","twitter_misc":{"\u00c9crit par":"La redaction","Dur\u00e9e de lecture estim\u00e9e":"3 minutes"},"schema":{"@context":"https:\/\/schema.org","@graph":[{"@type":"Article","@id":"https:\/\/vosgesinfo.fr\/saintdieinfo\/2025\/09\/2eme-edition-des-fermes-ouvertes-bleu-vert-vosges\/#article","isPartOf":{"@id":"https:\/\/vosgesinfo.fr\/saintdieinfo\/2025\/09\/2eme-edition-des-fermes-ouvertes-bleu-vert-vosges\/"},"author":{"name":"La redaction","@id":"https:\/\/vosgesinfo.fr\/saintdieinfo\/#\/schema\/person\/27a3695b06db98895b354c0765cdfc31"},"headline":"2\u00e8me \u00e9dition des Fermes Ouvertes Bleu Vert Vosges !","datePublished":"2025-09-03T03:59:40+00:00","dateModified":"2025-09-03T03:59:40+00:00","mainEntityOfPage":{"@id":"https:\/\/vosgesinfo.fr\/saintdieinfo\/2025\/09\/2eme-edition-des-fermes-ouvertes-bleu-vert-vosges\/"},"wordCount":521,"commentCount":1,"publisher":{"@id":"https:\/\/vosgesinfo.fr\/saintdieinfo\/#organization"},"image":{"@id":"https:\/\/vosgesinfo.fr\/saintdieinfo\/2025\/09\/2eme-edition-des-fermes-ouvertes-bleu-vert-vosges\/#primaryimage"},"thumbnailUrl":"https:\/\/vosgesinfo.fr\/app\/uploads\/sites\/4\/2025\/09\/groupe-matin-samedi-pre-des-fruits.jpg","keywords":["bleu vert vosges","Fermes Ouvertes"],"articleSection":["A la Une","Agriculture","Gerardmer","La plaine des vosges","Remiremont","Saint-di\u00e9"],"inLanguage":"fr-FR","potentialAction":[{"@type":"CommentAction","name":"Comment","target":["https:\/\/vosgesinfo.fr\/saintdieinfo\/2025\/09\/2eme-edition-des-fermes-ouvertes-bleu-vert-vosges\/#respond"]}]},{"@type":"WebPage","@id":"https:\/\/vosgesinfo.fr\/saintdieinfo\/2025\/09\/2eme-edition-des-fermes-ouvertes-bleu-vert-vosges\/","url":"https:\/\/vosgesinfo.fr\/saintdieinfo\/2025\/09\/2eme-edition-des-fermes-ouvertes-bleu-vert-vosges\/","name":"2\u00e8me \u00e9dition des Fermes Ouvertes Bleu Vert Vosges ! - Saint Die Info","isPartOf":{"@id":"https:\/\/vosgesinfo.fr\/saintdieinfo\/#website"},"primaryImageOfPage":{"@id":"https:\/\/vosgesinfo.fr\/saintdieinfo\/2025\/09\/2eme-edition-des-fermes-ouvertes-bleu-vert-vosges\/#primaryimage"},"image":{"@id":"https:\/\/vosgesinfo.fr\/saintdieinfo\/2025\/09\/2eme-edition-des-fermes-ouvertes-bleu-vert-vosges\/#primaryimage"},"thumbnailUrl":"https:\/\/vosgesinfo.fr\/app\/uploads\/sites\/4\/2025\/09\/groupe-matin-samedi-pre-des-fruits.jpg","datePublished":"2025-09-03T03:59:40+00:00","dateModified":"2025-09-03T03:59:40+00:00","breadcrumb":{"@id":"https:\/\/vosgesinfo.fr\/saintdieinfo\/2025\/09\/2eme-edition-des-fermes-ouvertes-bleu-vert-vosges\/#breadcrumb"},"inLanguage":"fr-FR","potentialAction":[{"@type":"ReadAction","target":["https:\/\/vosgesinfo.fr\/saintdieinfo\/2025\/09\/2eme-edition-des-fermes-ouvertes-bleu-vert-vosges\/"]}]},{"@type":"ImageObject","inLanguage":"fr-FR","@id":"https:\/\/vosgesinfo.fr\/saintdieinfo\/2025\/09\/2eme-edition-des-fermes-ouvertes-bleu-vert-vosges\/#primaryimage","url":"https:\/\/vosgesinfo.fr\/app\/uploads\/sites\/4\/2025\/09\/groupe-matin-samedi-pre-des-fruits.jpg","contentUrl":"https:\/\/vosgesinfo.fr\/app\/uploads\/sites\/4\/2025\/09\/groupe-matin-samedi-pre-des-fruits.jpg","width":1200,"height":1600},{"@type":"BreadcrumbList","@id":"https:\/\/vosgesinfo.fr\/saintdieinfo\/2025\/09\/2eme-edition-des-fermes-ouvertes-bleu-vert-vosges\/#breadcrumb","itemListElement":[{"@type":"ListItem","position":1,"name":"Home","item":"https:\/\/vosgesinfo.fr\/saintdieinfo\/"},{"@type":"ListItem","position":2,"name":"2\u00e8me \u00e9dition des Fermes Ouvertes Bleu Vert Vosges !"}]},{"@type":"WebSite","@id":"https:\/\/vosgesinfo.fr\/saintdieinfo\/#website","url":"https:\/\/vosgesinfo.fr\/saintdieinfo\/","name":"Saint Die Info","description":"Toute l&#039;actualit\u00e9 de Saint-Di\u00e9-Des-Vosges","publisher":{"@id":"https:\/\/vosgesinfo.fr\/saintdieinfo\/#organization"},"alternateName":"Toute l'actualit\u00e9 de Saint-Di\u00e9-Des-Vosges","potentialAction":[{"@type":"SearchAction","target":{"@type":"EntryPoint","urlTemplate":"https:\/\/vosgesinfo.fr\/saintdieinfo\/?s={search_term_string}"},"query-input":"required name=search_term_string"}],"inLanguage":"fr-FR"},{"@type":"Organization","@id":"https:\/\/vosgesinfo.fr\/saintdieinfo\/#organization","name":"Saint Die Info","url":"https:\/\/vosgesinfo.fr\/saintdieinfo\/","logo":{"@type":"ImageObject","inLanguage":"fr-FR","@id":"https:\/\/vosgesinfo.fr\/saintdieinfo\/#\/schema\/logo\/image\/","url":"https:\/\/vosgesinfo.fr\/app\/uploads\/sites\/4\/2024\/02\/logo-sdi.jpg","contentUrl":"https:\/\/vosgesinfo.fr\/app\/uploads\/sites\/4\/2024\/02\/logo-sdi.jpg","width":600,"height":600,"caption":"Saint Die Info"},"image":{"@id":"https:\/\/vosgesinfo.fr\/saintdieinfo\/#\/schema\/logo\/image\/"},"sameAs":["https:\/\/www.facebook.com\/Saintdieinfofr","https:\/\/x.com\/VosgesInfo88","https:\/\/www.youtube.com\/@vosgesinfo"]},{"@type":"Person","@id":"https:\/\/vosgesinfo.fr\/saintdieinfo\/#\/schema\/person\/27a3695b06db98895b354c0765cdfc31","name":"La redaction","image":{"@type":"ImageObject","inLanguage":"fr-FR","@id":"https:\/\/vosgesinfo.fr\/saintdieinfo\/#\/schema\/person\/image\/","url":"https:\/\/secure.gravatar.com\/avatar\/64c76a78e501cedee55736f43f332df901e1896ae9cd8fad269ae2236dd0e8b6?s=96&d=mm&r=g","contentUrl":"https:\/\/secure.gravatar.com\/avatar\/64c76a78e501cedee55736f43f332df901e1896ae9cd8fad269ae2236dd0e8b6?s=96&d=mm&r=g","caption":"La redaction"},"url":"https:\/\/vosgesinfo.fr\/saintdieinfo\/author\/la-redaction\/"}]}},"_links":{"self":[{"href":"https:\/\/vosgesinfo.fr\/saintdieinfo\/wp-json\/wp\/v2\/posts\/81633","targetHints":{"allow":["GET"]}}],"collection":[{"href":"https:\/\/vosgesinfo.fr\/saintdieinfo\/wp-json\/wp\/v2\/posts"}],"about":[{"href":"https:\/\/vosgesinfo.fr\/saintdieinfo\/wp-json\/wp\/v2\/types\/post"}],"author":[{"embeddable":true,"href":"https:\/\/vosgesinfo.fr\/saintdieinfo\/wp-json\/wp\/v2\/users\/391"}],"replies":[{"embeddable":true,"href":"https:\/\/vosgesinfo.fr\/saintdieinfo\/wp-json\/wp\/v2\/comments?post=81633"}],"version-history":[{"count":0,"href":"https:\/\/vosgesinfo.fr\/saintdieinfo\/wp-json\/wp\/v2\/posts\/81633\/revisions"}],"wp:featuredmedia":[{"embeddable":true,"href":"https:\/\/vosgesinfo.fr\/saintdieinfo\/wp-json\/wp\/v2\/media\/81634"}],"wp:attachment":[{"href":"https:\/\/vosgesinfo.fr\/saintdieinfo\/wp-json\/wp\/v2\/media?parent=81633"}],"wp:term":[{"taxonomy":"category","embeddable":true,"href":"https:\/\/vosgesinfo.fr\/saintdieinfo\/wp-json\/wp\/v2\/categories?post=81633"},{"taxonomy":"post_tag","embeddable":true,"href":"https:\/\/vosgesinfo.fr\/saintdieinfo\/wp-json\/wp\/v2\/tags?post=81633"}],"curies":[{"name":"wp","href":"https:\/\/api.w.org\/{rel}","templated":true}]}}