{"id":81638,"date":"2025-09-03T08:35:49","date_gmt":"2025-09-03T06:35:49","guid":{"rendered":"https:\/\/vosgesinfo.fr\/saintdieinfo\/?p=81638"},"modified":"2025-09-03T08:17:15","modified_gmt":"2025-09-03T06:17:15","slug":"securite-routiere-un-mois-daout-noir-sur-les-routes-vosgiennes","status":"publish","type":"post","link":"https:\/\/vosgesinfo.fr\/saintdieinfo\/2025\/09\/securite-routiere-un-mois-daout-noir-sur-les-routes-vosgiennes\/","title":{"rendered":"S\u00e9curit\u00e9 Routi\u00e8re\u00a0: un mois d&rsquo;ao\u00fbt noir sur les routes vosgiennes"},"content":{"rendered":"<div id=\"attachment_77482\" style=\"width: 1034px\" class=\"wp-caption alignnone\"><a href=\"https:\/\/vosgesinfo.fr\/app\/uploads\/sites\/4\/2025\/04\/accident-dinoze.jpg\"><img decoding=\"async\" aria-describedby=\"caption-attachment-77482\" class=\"size-large wp-image-77482\" src=\"https:\/\/vosgesinfo.fr\/app\/uploads\/sites\/4\/2025\/04\/accident-dinoze-1024x576.jpg\" alt=\"\" width=\"1024\" height=\"576\" srcset=\"https:\/\/vosgesinfo.fr\/app\/uploads\/sites\/4\/2025\/04\/accident-dinoze-1024x576.jpg 1024w, https:\/\/vosgesinfo.fr\/app\/uploads\/sites\/4\/2025\/04\/accident-dinoze-300x169.jpg 300w, https:\/\/vosgesinfo.fr\/app\/uploads\/sites\/4\/2025\/04\/accident-dinoze-768x432.jpg 768w, https:\/\/vosgesinfo.fr\/app\/uploads\/sites\/4\/2025\/04\/accident-dinoze.jpg 1130w\" sizes=\"(max-width: 1024px) 100vw, 1024px\" \/><\/a><p id=\"caption-attachment-77482\" class=\"wp-caption-text\">(Archive)<\/p><\/div>\n<h2>Le <strong>barom\u00e8tre de la s\u00e9curit\u00e9 routi\u00e8re<\/strong> pour le mois d&rsquo;ao\u00fbt 2025 vient d&rsquo;\u00eatre publi\u00e9 par la Pr\u00e9fecture des Vosges.<\/h2>\n<p><!--more--><\/p>\n<h3><strong>Un mois d&rsquo;ao\u00fbt noir sur les routes vosgiennes<\/strong><\/h3>\n<p>Avec <strong>29 accidents<\/strong> survenus sur les routes vosgiennes le mois dernier, soit <strong>14 de plus<\/strong> que la moyenne calcul\u00e9e entre 2019 et 2024 \u2013 2020 exclu \u2013 ao\u00fbt 2025 est un mois particuli\u00e8rement noir. Ces nombreux accidents ont caus\u00e9 la mort de <strong>6 personnes<\/strong> \u2013 <strong>3 de plus<\/strong> que la moyenne \u2013 et fait <strong>40 bless\u00e9s<\/strong> \u2013 <strong>23 de plus<\/strong> que la moyenne.<\/p>\n<h3><strong>la r\u00e8gle du corridor de s\u00e9curit\u00e9<\/strong><\/h3>\n<p>La Pr\u00e9fecture rappelle \u00e9galement que le <strong>corridor de s\u00e9curit\u00e9<\/strong> n\u2019est pas une option mais une r\u00e8gle. \u00c0 l\u2019approche d\u2019un v\u00e9hicule arr\u00eat\u00e9 sur un accotement ou d\u2019intervenants sur la route, les automobilistes doivent <strong>ralentir<\/strong> et <strong>s\u2019\u00e9carter au maximum<\/strong> pour prot\u00e9ger les agents et les secours.<\/p>\n<p>Depuis 2014, <strong>14 agents des routes<\/strong> ont perdu la vie dans l\u2019exercice de leurs fonctions, dont <strong>10 au cours des trois derni\u00e8res ann\u00e9es<\/strong>, et plus de <strong>300 bless\u00e9s<\/strong>.<\/p>\n","protected":false},"excerpt":{"rendered":"<p>Le barom\u00e8tre de la s\u00e9curit\u00e9 routi\u00e8re pour le mois d&rsquo;ao\u00fbt 2025 vient d&rsquo;\u00eatre publi\u00e9 par la Pr\u00e9fecture des Vosges.<\/p>\n","protected":false},"author":46,"featured_media":77482,"comment_status":"open","ping_status":"open","sticky":false,"template":"","format":"standard","meta":{"footnotes":""},"categories":[460,5392,5391,5389,4099,2915,18],"tags":[17928,6538,550],"class_list":["post-81638","post","type-post","status-publish","format-standard","has-post-thumbnail","hentry","category-a-la-une","category-epinal","category-gerardmer","category-la-plaine-des-vosges","category-remiremont","category-saint-die-son-canton","category-vosges","tag-aout-2025","tag-barometre-de-la-securite-routiere-dans-les-vosges","tag-prefecture-des-vosges"],"acf":[],"yoast_head":"<!-- This site is optimized with the Yoast SEO plugin v22.5 - https:\/\/yoast.com\/wordpress\/plugins\/seo\/ -->\n<title>S\u00e9curit\u00e9 Routi\u00e8re\u00a0: un mois d&#039;ao\u00fbt noir sur les routes vosgiennes - Saint Die Info<\/title>\n<meta name=\"robots\" content=\"index, follow, max-snippet:-1, max-image-preview:large, max-video-preview:-1\" \/>\n<link rel=\"canonical\" href=\"https:\/\/vosgesinfo.fr\/saintdieinfo\/2025\/09\/securite-routiere-un-mois-daout-noir-sur-les-routes-vosgiennes\/\" \/>\n<meta name=\"twitter:card\" content=\"summary_large_image\" \/>\n<meta name=\"twitter:title\" content=\"S\u00e9curit\u00e9 Routi\u00e8re\u00a0: un mois d&#039;ao\u00fbt noir sur les routes vosgiennes - Saint Die Info\" \/>\n<meta name=\"twitter:description\" content=\"Le barom\u00e8tre de la s\u00e9curit\u00e9 routi\u00e8re pour le mois d&rsquo;ao\u00fbt 2025 vient d&rsquo;\u00eatre publi\u00e9 par la Pr\u00e9fecture des Vosges.\" \/>\n<meta name=\"twitter:image\" content=\"https:\/\/vosgesinfo.fr\/app\/uploads\/sites\/4\/2025\/04\/accident-dinoze.jpg\" \/>\n<meta name=\"twitter:creator\" content=\"@VosgesInfo88\" \/>\n<meta name=\"twitter:site\" content=\"@VosgesInfo88\" \/>\n<meta name=\"twitter:label1\" content=\"\u00c9crit par\" \/>\n\t<meta name=\"twitter:data1\" content=\"J.J.\" \/>\n\t<meta name=\"twitter:label2\" content=\"Dur\u00e9e de lecture estim\u00e9e\" \/>\n\t<meta name=\"twitter:data2\" content=\"1 minute\" \/>\n<script type=\"application\/ld+json\" class=\"yoast-schema-graph\">{\"@context\":\"https:\/\/schema.org\",\"@graph\":[{\"@type\":\"Article\",\"@id\":\"https:\/\/vosgesinfo.fr\/saintdieinfo\/2025\/09\/securite-routiere-un-mois-daout-noir-sur-les-routes-vosgiennes\/#article\",\"isPartOf\":{\"@id\":\"https:\/\/vosgesinfo.fr\/saintdieinfo\/2025\/09\/securite-routiere-un-mois-daout-noir-sur-les-routes-vosgiennes\/\"},\"author\":{\"name\":\"J.J.\",\"@id\":\"https:\/\/vosgesinfo.fr\/saintdieinfo\/#\/schema\/person\/fa73e9f726d67bb88f46d5b7943cb572\"},\"headline\":\"S\u00e9curit\u00e9 Routi\u00e8re\u00a0: un mois d&rsquo;ao\u00fbt noir sur les routes vosgiennes\",\"datePublished\":\"2025-09-03T06:35:49+00:00\",\"dateModified\":\"2025-09-03T06:17:15+00:00\",\"mainEntityOfPage\":{\"@id\":\"https:\/\/vosgesinfo.fr\/saintdieinfo\/2025\/09\/securite-routiere-un-mois-daout-noir-sur-les-routes-vosgiennes\/\"},\"wordCount\":199,\"commentCount\":0,\"publisher\":{\"@id\":\"https:\/\/vosgesinfo.fr\/saintdieinfo\/#organization\"},\"image\":{\"@id\":\"https:\/\/vosgesinfo.fr\/saintdieinfo\/2025\/09\/securite-routiere-un-mois-daout-noir-sur-les-routes-vosgiennes\/#primaryimage\"},\"thumbnailUrl\":\"https:\/\/vosgesinfo.fr\/app\/uploads\/sites\/4\/2025\/04\/accident-dinoze.jpg\",\"keywords\":[\"Ao\u00fbt 2025\",\"Barom\u00e8tre de la S\u00e9curit\u00e9 Routi\u00e8re dans les Vosges\",\"pr\u00e9fecture des Vosges\"],\"articleSection\":[\"A la Une\",\"Epinal\",\"Gerardmer\",\"La plaine des vosges\",\"Remiremont\",\"Saint-Di\u00e9-des-Vosges et son Agglom\u00e9ration\",\"Vosges\"],\"inLanguage\":\"fr-FR\",\"potentialAction\":[{\"@type\":\"CommentAction\",\"name\":\"Comment\",\"target\":[\"https:\/\/vosgesinfo.fr\/saintdieinfo\/2025\/09\/securite-routiere-un-mois-daout-noir-sur-les-routes-vosgiennes\/#respond\"]}]},{\"@type\":\"WebPage\",\"@id\":\"https:\/\/vosgesinfo.fr\/saintdieinfo\/2025\/09\/securite-routiere-un-mois-daout-noir-sur-les-routes-vosgiennes\/\",\"url\":\"https:\/\/vosgesinfo.fr\/saintdieinfo\/2025\/09\/securite-routiere-un-mois-daout-noir-sur-les-routes-vosgiennes\/\",\"name\":\"S\u00e9curit\u00e9 Routi\u00e8re\u00a0: un mois d'ao\u00fbt noir sur les routes vosgiennes - Saint Die Info\",\"isPartOf\":{\"@id\":\"https:\/\/vosgesinfo.fr\/saintdieinfo\/#website\"},\"primaryImageOfPage\":{\"@id\":\"https:\/\/vosgesinfo.fr\/saintdieinfo\/2025\/09\/securite-routiere-un-mois-daout-noir-sur-les-routes-vosgiennes\/#primaryimage\"},\"image\":{\"@id\":\"https:\/\/vosgesinfo.fr\/saintdieinfo\/2025\/09\/securite-routiere-un-mois-daout-noir-sur-les-routes-vosgiennes\/#primaryimage\"},\"thumbnailUrl\":\"https:\/\/vosgesinfo.fr\/app\/uploads\/sites\/4\/2025\/04\/accident-dinoze.jpg\",\"datePublished\":\"2025-09-03T06:35:49+00:00\",\"dateModified\":\"2025-09-03T06:17:15+00:00\",\"breadcrumb\":{\"@id\":\"https:\/\/vosgesinfo.fr\/saintdieinfo\/2025\/09\/securite-routiere-un-mois-daout-noir-sur-les-routes-vosgiennes\/#breadcrumb\"},\"inLanguage\":\"fr-FR\",\"potentialAction\":[{\"@type\":\"ReadAction\",\"target\":[\"https:\/\/vosgesinfo.fr\/saintdieinfo\/2025\/09\/securite-routiere-un-mois-daout-noir-sur-les-routes-vosgiennes\/\"]}]},{\"@type\":\"ImageObject\",\"inLanguage\":\"fr-FR\",\"@id\":\"https:\/\/vosgesinfo.fr\/saintdieinfo\/2025\/09\/securite-routiere-un-mois-daout-noir-sur-les-routes-vosgiennes\/#primaryimage\",\"url\":\"https:\/\/vosgesinfo.fr\/app\/uploads\/sites\/4\/2025\/04\/accident-dinoze.jpg\",\"contentUrl\":\"https:\/\/vosgesinfo.fr\/app\/uploads\/sites\/4\/2025\/04\/accident-dinoze.jpg\",\"width\":1130,\"height\":636,\"caption\":\"(Archive)\"},{\"@type\":\"BreadcrumbList\",\"@id\":\"https:\/\/vosgesinfo.fr\/saintdieinfo\/2025\/09\/securite-routiere-un-mois-daout-noir-sur-les-routes-vosgiennes\/#breadcrumb\",\"itemListElement\":[{\"@type\":\"ListItem\",\"position\":1,\"name\":\"Home\",\"item\":\"https:\/\/vosgesinfo.fr\/saintdieinfo\/\"},{\"@type\":\"ListItem\",\"position\":2,\"name\":\"S\u00e9curit\u00e9 Routi\u00e8re\u00a0: un mois d&rsquo;ao\u00fbt noir sur les routes vosgiennes\"}]},{\"@type\":\"WebSite\",\"@id\":\"https:\/\/vosgesinfo.fr\/saintdieinfo\/#website\",\"url\":\"https:\/\/vosgesinfo.fr\/saintdieinfo\/\",\"name\":\"Saint Die Info\",\"description\":\"Toute l&#039;actualit\u00e9 de Saint-Di\u00e9-Des-Vosges\",\"publisher\":{\"@id\":\"https:\/\/vosgesinfo.fr\/saintdieinfo\/#organization\"},\"alternateName\":\"Toute l'actualit\u00e9 de Saint-Di\u00e9-Des-Vosges\",\"potentialAction\":[{\"@type\":\"SearchAction\",\"target\":{\"@type\":\"EntryPoint\",\"urlTemplate\":\"https:\/\/vosgesinfo.fr\/saintdieinfo\/?s={search_term_string}\"},\"query-input\":\"required name=search_term_string\"}],\"inLanguage\":\"fr-FR\"},{\"@type\":\"Organization\",\"@id\":\"https:\/\/vosgesinfo.fr\/saintdieinfo\/#organization\",\"name\":\"Saint Die Info\",\"url\":\"https:\/\/vosgesinfo.fr\/saintdieinfo\/\",\"logo\":{\"@type\":\"ImageObject\",\"inLanguage\":\"fr-FR\",\"@id\":\"https:\/\/vosgesinfo.fr\/saintdieinfo\/#\/schema\/logo\/image\/\",\"url\":\"https:\/\/vosgesinfo.fr\/app\/uploads\/sites\/4\/2024\/02\/logo-sdi.jpg\",\"contentUrl\":\"https:\/\/vosgesinfo.fr\/app\/uploads\/sites\/4\/2024\/02\/logo-sdi.jpg\",\"width\":600,\"height\":600,\"caption\":\"Saint Die Info\"},\"image\":{\"@id\":\"https:\/\/vosgesinfo.fr\/saintdieinfo\/#\/schema\/logo\/image\/\"},\"sameAs\":[\"https:\/\/www.facebook.com\/Saintdieinfofr\",\"https:\/\/x.com\/VosgesInfo88\",\"https:\/\/www.youtube.com\/@vosgesinfo\"]},{\"@type\":\"Person\",\"@id\":\"https:\/\/vosgesinfo.fr\/saintdieinfo\/#\/schema\/person\/fa73e9f726d67bb88f46d5b7943cb572\",\"name\":\"J.J.\",\"image\":{\"@type\":\"ImageObject\",\"inLanguage\":\"fr-FR\",\"@id\":\"https:\/\/vosgesinfo.fr\/saintdieinfo\/#\/schema\/person\/image\/\",\"url\":\"https:\/\/secure.gravatar.com\/avatar\/219e749e47ffbcca018a360ae4add7d4cdf1cdaaf8bc7676b27efade3fe65615?s=96&d=mm&r=g\",\"contentUrl\":\"https:\/\/secure.gravatar.com\/avatar\/219e749e47ffbcca018a360ae4add7d4cdf1cdaaf8bc7676b27efade3fe65615?s=96&d=mm&r=g\",\"caption\":\"J.J.\"},\"url\":\"https:\/\/vosgesinfo.fr\/saintdieinfo\/author\/j-j\/\"}]}<\/script>\n<!-- \/ Yoast SEO plugin. -->","yoast_head_json":{"title":"S\u00e9curit\u00e9 Routi\u00e8re\u00a0: un mois d'ao\u00fbt noir sur les routes vosgiennes - Saint Die Info","robots":{"index":"index","follow":"follow","max-snippet":"max-snippet:-1","max-image-preview":"max-image-preview:large","max-video-preview":"max-video-preview:-1"},"canonical":"https:\/\/vosgesinfo.fr\/saintdieinfo\/2025\/09\/securite-routiere-un-mois-daout-noir-sur-les-routes-vosgiennes\/","twitter_card":"summary_large_image","twitter_title":"S\u00e9curit\u00e9 Routi\u00e8re\u00a0: un mois d'ao\u00fbt noir sur les routes vosgiennes - Saint Die Info","twitter_description":"Le barom\u00e8tre de la s\u00e9curit\u00e9 routi\u00e8re pour le mois d&rsquo;ao\u00fbt 2025 vient d&rsquo;\u00eatre publi\u00e9 par la Pr\u00e9fecture des Vosges.","twitter_image":"https:\/\/vosgesinfo.fr\/app\/uploads\/sites\/4\/2025\/04\/accident-dinoze.jpg","twitter_creator":"@VosgesInfo88","twitter_site":"@VosgesInfo88","twitter_misc":{"\u00c9crit par":"J.J.","Dur\u00e9e de lecture estim\u00e9e":"1 minute"},"schema":{"@context":"https:\/\/schema.org","@graph":[{"@type":"Article","@id":"https:\/\/vosgesinfo.fr\/saintdieinfo\/2025\/09\/securite-routiere-un-mois-daout-noir-sur-les-routes-vosgiennes\/#article","isPartOf":{"@id":"https:\/\/vosgesinfo.fr\/saintdieinfo\/2025\/09\/securite-routiere-un-mois-daout-noir-sur-les-routes-vosgiennes\/"},"author":{"name":"J.J.","@id":"https:\/\/vosgesinfo.fr\/saintdieinfo\/#\/schema\/person\/fa73e9f726d67bb88f46d5b7943cb572"},"headline":"S\u00e9curit\u00e9 Routi\u00e8re\u00a0: un mois d&rsquo;ao\u00fbt noir sur les routes vosgiennes","datePublished":"2025-09-03T06:35:49+00:00","dateModified":"2025-09-03T06:17:15+00:00","mainEntityOfPage":{"@id":"https:\/\/vosgesinfo.fr\/saintdieinfo\/2025\/09\/securite-routiere-un-mois-daout-noir-sur-les-routes-vosgiennes\/"},"wordCount":199,"commentCount":0,"publisher":{"@id":"https:\/\/vosgesinfo.fr\/saintdieinfo\/#organization"},"image":{"@id":"https:\/\/vosgesinfo.fr\/saintdieinfo\/2025\/09\/securite-routiere-un-mois-daout-noir-sur-les-routes-vosgiennes\/#primaryimage"},"thumbnailUrl":"https:\/\/vosgesinfo.fr\/app\/uploads\/sites\/4\/2025\/04\/accident-dinoze.jpg","keywords":["Ao\u00fbt 2025","Barom\u00e8tre de la S\u00e9curit\u00e9 Routi\u00e8re dans les Vosges","pr\u00e9fecture des Vosges"],"articleSection":["A la Une","Epinal","Gerardmer","La plaine des vosges","Remiremont","Saint-Di\u00e9-des-Vosges et son Agglom\u00e9ration","Vosges"],"inLanguage":"fr-FR","potentialAction":[{"@type":"CommentAction","name":"Comment","target":["https:\/\/vosgesinfo.fr\/saintdieinfo\/2025\/09\/securite-routiere-un-mois-daout-noir-sur-les-routes-vosgiennes\/#respond"]}]},{"@type":"WebPage","@id":"https:\/\/vosgesinfo.fr\/saintdieinfo\/2025\/09\/securite-routiere-un-mois-daout-noir-sur-les-routes-vosgiennes\/","url":"https:\/\/vosgesinfo.fr\/saintdieinfo\/2025\/09\/securite-routiere-un-mois-daout-noir-sur-les-routes-vosgiennes\/","name":"S\u00e9curit\u00e9 Routi\u00e8re\u00a0: un mois d'ao\u00fbt noir sur les routes vosgiennes - Saint Die Info","isPartOf":{"@id":"https:\/\/vosgesinfo.fr\/saintdieinfo\/#website"},"primaryImageOfPage":{"@id":"https:\/\/vosgesinfo.fr\/saintdieinfo\/2025\/09\/securite-routiere-un-mois-daout-noir-sur-les-routes-vosgiennes\/#primaryimage"},"image":{"@id":"https:\/\/vosgesinfo.fr\/saintdieinfo\/2025\/09\/securite-routiere-un-mois-daout-noir-sur-les-routes-vosgiennes\/#primaryimage"},"thumbnailUrl":"https:\/\/vosgesinfo.fr\/app\/uploads\/sites\/4\/2025\/04\/accident-dinoze.jpg","datePublished":"2025-09-03T06:35:49+00:00","dateModified":"2025-09-03T06:17:15+00:00","breadcrumb":{"@id":"https:\/\/vosgesinfo.fr\/saintdieinfo\/2025\/09\/securite-routiere-un-mois-daout-noir-sur-les-routes-vosgiennes\/#breadcrumb"},"inLanguage":"fr-FR","potentialAction":[{"@type":"ReadAction","target":["https:\/\/vosgesinfo.fr\/saintdieinfo\/2025\/09\/securite-routiere-un-mois-daout-noir-sur-les-routes-vosgiennes\/"]}]},{"@type":"ImageObject","inLanguage":"fr-FR","@id":"https:\/\/vosgesinfo.fr\/saintdieinfo\/2025\/09\/securite-routiere-un-mois-daout-noir-sur-les-routes-vosgiennes\/#primaryimage","url":"https:\/\/vosgesinfo.fr\/app\/uploads\/sites\/4\/2025\/04\/accident-dinoze.jpg","contentUrl":"https:\/\/vosgesinfo.fr\/app\/uploads\/sites\/4\/2025\/04\/accident-dinoze.jpg","width":1130,"height":636,"caption":"(Archive)"},{"@type":"BreadcrumbList","@id":"https:\/\/vosgesinfo.fr\/saintdieinfo\/2025\/09\/securite-routiere-un-mois-daout-noir-sur-les-routes-vosgiennes\/#breadcrumb","itemListElement":[{"@type":"ListItem","position":1,"name":"Home","item":"https:\/\/vosgesinfo.fr\/saintdieinfo\/"},{"@type":"ListItem","position":2,"name":"S\u00e9curit\u00e9 Routi\u00e8re\u00a0: un mois d&rsquo;ao\u00fbt noir sur les routes vosgiennes"}]},{"@type":"WebSite","@id":"https:\/\/vosgesinfo.fr\/saintdieinfo\/#website","url":"https:\/\/vosgesinfo.fr\/saintdieinfo\/","name":"Saint Die Info","description":"Toute l&#039;actualit\u00e9 de Saint-Di\u00e9-Des-Vosges","publisher":{"@id":"https:\/\/vosgesinfo.fr\/saintdieinfo\/#organization"},"alternateName":"Toute l'actualit\u00e9 de Saint-Di\u00e9-Des-Vosges","potentialAction":[{"@type":"SearchAction","target":{"@type":"EntryPoint","urlTemplate":"https:\/\/vosgesinfo.fr\/saintdieinfo\/?s={search_term_string}"},"query-input":"required name=search_term_string"}],"inLanguage":"fr-FR"},{"@type":"Organization","@id":"https:\/\/vosgesinfo.fr\/saintdieinfo\/#organization","name":"Saint Die Info","url":"https:\/\/vosgesinfo.fr\/saintdieinfo\/","logo":{"@type":"ImageObject","inLanguage":"fr-FR","@id":"https:\/\/vosgesinfo.fr\/saintdieinfo\/#\/schema\/logo\/image\/","url":"https:\/\/vosgesinfo.fr\/app\/uploads\/sites\/4\/2024\/02\/logo-sdi.jpg","contentUrl":"https:\/\/vosgesinfo.fr\/app\/uploads\/sites\/4\/2024\/02\/logo-sdi.jpg","width":600,"height":600,"caption":"Saint Die Info"},"image":{"@id":"https:\/\/vosgesinfo.fr\/saintdieinfo\/#\/schema\/logo\/image\/"},"sameAs":["https:\/\/www.facebook.com\/Saintdieinfofr","https:\/\/x.com\/VosgesInfo88","https:\/\/www.youtube.com\/@vosgesinfo"]},{"@type":"Person","@id":"https:\/\/vosgesinfo.fr\/saintdieinfo\/#\/schema\/person\/fa73e9f726d67bb88f46d5b7943cb572","name":"J.J.","image":{"@type":"ImageObject","inLanguage":"fr-FR","@id":"https:\/\/vosgesinfo.fr\/saintdieinfo\/#\/schema\/person\/image\/","url":"https:\/\/secure.gravatar.com\/avatar\/219e749e47ffbcca018a360ae4add7d4cdf1cdaaf8bc7676b27efade3fe65615?s=96&d=mm&r=g","contentUrl":"https:\/\/secure.gravatar.com\/avatar\/219e749e47ffbcca018a360ae4add7d4cdf1cdaaf8bc7676b27efade3fe65615?s=96&d=mm&r=g","caption":"J.J."},"url":"https:\/\/vosgesinfo.fr\/saintdieinfo\/author\/j-j\/"}]}},"_links":{"self":[{"href":"https:\/\/vosgesinfo.fr\/saintdieinfo\/wp-json\/wp\/v2\/posts\/81638","targetHints":{"allow":["GET"]}}],"collection":[{"href":"https:\/\/vosgesinfo.fr\/saintdieinfo\/wp-json\/wp\/v2\/posts"}],"about":[{"href":"https:\/\/vosgesinfo.fr\/saintdieinfo\/wp-json\/wp\/v2\/types\/post"}],"author":[{"embeddable":true,"href":"https:\/\/vosgesinfo.fr\/saintdieinfo\/wp-json\/wp\/v2\/users\/46"}],"replies":[{"embeddable":true,"href":"https:\/\/vosgesinfo.fr\/saintdieinfo\/wp-json\/wp\/v2\/comments?post=81638"}],"version-history":[{"count":1,"href":"https:\/\/vosgesinfo.fr\/saintdieinfo\/wp-json\/wp\/v2\/posts\/81638\/revisions"}],"predecessor-version":[{"id":81639,"href":"https:\/\/vosgesinfo.fr\/saintdieinfo\/wp-json\/wp\/v2\/posts\/81638\/revisions\/81639"}],"wp:featuredmedia":[{"embeddable":true,"href":"https:\/\/vosgesinfo.fr\/saintdieinfo\/wp-json\/wp\/v2\/media\/77482"}],"wp:attachment":[{"href":"https:\/\/vosgesinfo.fr\/saintdieinfo\/wp-json\/wp\/v2\/media?parent=81638"}],"wp:term":[{"taxonomy":"category","embeddable":true,"href":"https:\/\/vosgesinfo.fr\/saintdieinfo\/wp-json\/wp\/v2\/categories?post=81638"},{"taxonomy":"post_tag","embeddable":true,"href":"https:\/\/vosgesinfo.fr\/saintdieinfo\/wp-json\/wp\/v2\/tags?post=81638"}],"curies":[{"name":"wp","href":"https:\/\/api.w.org\/{rel}","templated":true}]}}