{"id":81650,"date":"2025-09-03T12:00:36","date_gmt":"2025-09-03T10:00:36","guid":{"rendered":"https:\/\/vosgesinfo.fr\/saintdieinfo\/?p=81650"},"modified":"2025-09-03T11:32:02","modified_gmt":"2025-09-03T09:32:02","slug":"volley-ball-les-louves-lancent-leur-serie-de-matchs-de-preparation","status":"publish","type":"post","link":"https:\/\/vosgesinfo.fr\/saintdieinfo\/2025\/09\/volley-ball-les-louves-lancent-leur-serie-de-matchs-de-preparation\/","title":{"rendered":"Volley-ball : les Louves lancent leur s\u00e9rie de matchs de pr\u00e9paration"},"content":{"rendered":"<h3><a href=\"https:\/\/vosgesinfo.fr\/app\/uploads\/sites\/4\/2025\/08\/premier-entrainement-saison-2025-2026-les-louves-3.jpg\"><img decoding=\"async\" class=\"alignnone wp-image-81155 size-large\" src=\"https:\/\/vosgesinfo.fr\/app\/uploads\/sites\/4\/2025\/08\/premier-entrainement-saison-2025-2026-les-louves-3-1024x771.jpg\" alt=\"Les Louves lors de leur premier entra\u00eenement de la saison, le 11 ao\u00fbt dernier. (Archive)\" width=\"1024\" height=\"771\" srcset=\"https:\/\/vosgesinfo.fr\/app\/uploads\/sites\/4\/2025\/08\/premier-entrainement-saison-2025-2026-les-louves-3-1024x771.jpg 1024w, https:\/\/vosgesinfo.fr\/app\/uploads\/sites\/4\/2025\/08\/premier-entrainement-saison-2025-2026-les-louves-3-300x226.jpg 300w, https:\/\/vosgesinfo.fr\/app\/uploads\/sites\/4\/2025\/08\/premier-entrainement-saison-2025-2026-les-louves-3-768x578.jpg 768w, https:\/\/vosgesinfo.fr\/app\/uploads\/sites\/4\/2025\/08\/premier-entrainement-saison-2025-2026-les-louves-3-1536x1157.jpg 1536w, https:\/\/vosgesinfo.fr\/app\/uploads\/sites\/4\/2025\/08\/premier-entrainement-saison-2025-2026-les-louves-3.jpg 1600w\" sizes=\"(max-width: 1024px) 100vw, 1024px\" \/><\/a><\/h3>\n<h2>Les <strong>Louves<\/strong> entament leur pr\u00e9paration \u00e0 la nouvelle saison, o\u00f9 elles \u00e9volueront pour la <strong>premi\u00e8re fois en Ligue professionnelle Saforelle Power 6<\/strong>, avec plusieurs rencontres programm\u00e9es en <strong>septembre<\/strong> et <strong>octobre<\/strong>.<\/h2>\n<p><!--more--><\/p>\n<p>Un premier match \u00e0 domicile se jouera le <strong>mardi 9 septembre \u00e0 18 h<\/strong> au <strong>Palais Omnisports Joseph Claudel<\/strong> face au <strong>Vand\u0153uvre Nancy Volley-Ball (VNVB)<\/strong>. Les D\u00e9odatiennes participeront ensuite au tournoi <strong>Vit\u2019elle Games<\/strong> les <strong>12 et 13 septembre<\/strong>, avant de prendre part au <strong>tournoi Pro Riom Volleyball<\/strong> les <strong>20 et 21 septembre<\/strong>.<\/p>\n<p>Un second rendez-vous \u00e0 domicile aura lieu le <strong>samedi 27 septembre \u00e0 17 h<\/strong> face au <strong>Volleyball Franches-Montagnes (VFM)<\/strong>, toujours au Palais Omnisports. La pr\u00e9paration se poursuivra ensuite \u00e0 l\u2019ext\u00e9rieur avec un d\u00e9placement le <strong>vendredi 3 octobre<\/strong> contre les <strong>Ladies in Black Aachen (LB)<\/strong> puis le <strong>samedi 4 octobre<\/strong> contre le <strong>Terville Florange Olympique Club (TFOC)<\/strong>.<\/p>\n<p><strong data-start=\"0\" data-end=\"26\" data-is-only-node=\"\">L\u2019entr\u00e9e sera gratuite<\/strong> pour les matchs \u00e0 domicile des <strong data-start=\"58\" data-end=\"79\">9 et 27 septembre<\/strong>, l\u2019occasion pour le public de venir <strong data-start=\"116\" data-end=\"139\">soutenir les Louves<\/strong> avant le <strong data-start=\"149\" data-end=\"246\">coup d\u2019envoi officiel de la saison, le 11 octobre contre le champion en titre Levallois Paris<\/strong>&#8230; et de d\u00e9couvrir la <strong data-start=\"269\" data-end=\"288\">nouvelle \u00e9quipe<\/strong> qui d\u00e9fendra les <strong data-start=\"306\" data-end=\"331\">couleurs d\u00e9odatiennes<\/strong> cette saison.<\/p>\n","protected":false},"excerpt":{"rendered":"<p>Les Louves entament leur pr\u00e9paration \u00e0 la nouvelle saison, o\u00f9 elles \u00e9volueront pour la premi\u00e8re fois en Ligue professionnelle Saforelle [&hellip;]<\/p>\n","protected":false},"author":46,"featured_media":81155,"comment_status":"open","ping_status":"open","sticky":false,"template":"","format":"standard","meta":{"footnotes":""},"categories":[460,167,14],"tags":[3247,3476,3249],"class_list":["post-81650","post","type-post","status-publish","format-standard","has-post-thumbnail","hentry","category-a-la-une","category-saint-die-des-vosges","category-sport","tag-les-louves","tag-saint-die-des-vosges-volley-ball","tag-volley-ball-feminin"],"acf":[],"yoast_head":"<!-- This site is optimized with the Yoast SEO plugin v22.5 - https:\/\/yoast.com\/wordpress\/plugins\/seo\/ -->\n<title>Volley-ball : les Louves lancent leur s\u00e9rie de matchs de pr\u00e9paration - Saint Die Info<\/title>\n<meta name=\"robots\" content=\"index, follow, max-snippet:-1, max-image-preview:large, max-video-preview:-1\" \/>\n<link rel=\"canonical\" href=\"https:\/\/vosgesinfo.fr\/saintdieinfo\/2025\/09\/volley-ball-les-louves-lancent-leur-serie-de-matchs-de-preparation\/\" \/>\n<meta name=\"twitter:card\" content=\"summary_large_image\" \/>\n<meta name=\"twitter:title\" content=\"Volley-ball : les Louves lancent leur s\u00e9rie de matchs de pr\u00e9paration - Saint Die Info\" \/>\n<meta name=\"twitter:description\" content=\"Les Louves entament leur pr\u00e9paration \u00e0 la nouvelle saison, o\u00f9 elles \u00e9volueront pour la premi\u00e8re fois en Ligue professionnelle Saforelle [&hellip;]\" \/>\n<meta name=\"twitter:image\" content=\"https:\/\/vosgesinfo.fr\/app\/uploads\/sites\/4\/2025\/08\/premier-entrainement-saison-2025-2026-les-louves-3.jpg\" \/>\n<meta name=\"twitter:creator\" content=\"@VosgesInfo88\" \/>\n<meta name=\"twitter:site\" content=\"@VosgesInfo88\" \/>\n<meta name=\"twitter:label1\" content=\"\u00c9crit par\" \/>\n\t<meta name=\"twitter:data1\" content=\"J.J.\" \/>\n\t<meta name=\"twitter:label2\" content=\"Dur\u00e9e de lecture estim\u00e9e\" \/>\n\t<meta name=\"twitter:data2\" content=\"1 minute\" \/>\n<script type=\"application\/ld+json\" class=\"yoast-schema-graph\">{\"@context\":\"https:\/\/schema.org\",\"@graph\":[{\"@type\":\"Article\",\"@id\":\"https:\/\/vosgesinfo.fr\/saintdieinfo\/2025\/09\/volley-ball-les-louves-lancent-leur-serie-de-matchs-de-preparation\/#article\",\"isPartOf\":{\"@id\":\"https:\/\/vosgesinfo.fr\/saintdieinfo\/2025\/09\/volley-ball-les-louves-lancent-leur-serie-de-matchs-de-preparation\/\"},\"author\":{\"name\":\"J.J.\",\"@id\":\"https:\/\/vosgesinfo.fr\/saintdieinfo\/#\/schema\/person\/fa73e9f726d67bb88f46d5b7943cb572\"},\"headline\":\"Volley-ball : les Louves lancent leur s\u00e9rie de matchs de pr\u00e9paration\",\"datePublished\":\"2025-09-03T10:00:36+00:00\",\"dateModified\":\"2025-09-03T09:32:02+00:00\",\"mainEntityOfPage\":{\"@id\":\"https:\/\/vosgesinfo.fr\/saintdieinfo\/2025\/09\/volley-ball-les-louves-lancent-leur-serie-de-matchs-de-preparation\/\"},\"wordCount\":199,\"commentCount\":0,\"publisher\":{\"@id\":\"https:\/\/vosgesinfo.fr\/saintdieinfo\/#organization\"},\"image\":{\"@id\":\"https:\/\/vosgesinfo.fr\/saintdieinfo\/2025\/09\/volley-ball-les-louves-lancent-leur-serie-de-matchs-de-preparation\/#primaryimage\"},\"thumbnailUrl\":\"https:\/\/vosgesinfo.fr\/app\/uploads\/sites\/4\/2025\/08\/premier-entrainement-saison-2025-2026-les-louves-3.jpg\",\"keywords\":[\"Les Louves\",\"Saint-Di\u00e9-des-Vosges Volley-Ball\",\"Volley-ball f\u00e9minin\"],\"articleSection\":[\"A la Une\",\"Saint-Di\u00e9-des-Vosges\",\"Sport\"],\"inLanguage\":\"fr-FR\",\"potentialAction\":[{\"@type\":\"CommentAction\",\"name\":\"Comment\",\"target\":[\"https:\/\/vosgesinfo.fr\/saintdieinfo\/2025\/09\/volley-ball-les-louves-lancent-leur-serie-de-matchs-de-preparation\/#respond\"]}]},{\"@type\":\"WebPage\",\"@id\":\"https:\/\/vosgesinfo.fr\/saintdieinfo\/2025\/09\/volley-ball-les-louves-lancent-leur-serie-de-matchs-de-preparation\/\",\"url\":\"https:\/\/vosgesinfo.fr\/saintdieinfo\/2025\/09\/volley-ball-les-louves-lancent-leur-serie-de-matchs-de-preparation\/\",\"name\":\"Volley-ball : les Louves lancent leur s\u00e9rie de matchs de pr\u00e9paration - Saint Die Info\",\"isPartOf\":{\"@id\":\"https:\/\/vosgesinfo.fr\/saintdieinfo\/#website\"},\"primaryImageOfPage\":{\"@id\":\"https:\/\/vosgesinfo.fr\/saintdieinfo\/2025\/09\/volley-ball-les-louves-lancent-leur-serie-de-matchs-de-preparation\/#primaryimage\"},\"image\":{\"@id\":\"https:\/\/vosgesinfo.fr\/saintdieinfo\/2025\/09\/volley-ball-les-louves-lancent-leur-serie-de-matchs-de-preparation\/#primaryimage\"},\"thumbnailUrl\":\"https:\/\/vosgesinfo.fr\/app\/uploads\/sites\/4\/2025\/08\/premier-entrainement-saison-2025-2026-les-louves-3.jpg\",\"datePublished\":\"2025-09-03T10:00:36+00:00\",\"dateModified\":\"2025-09-03T09:32:02+00:00\",\"breadcrumb\":{\"@id\":\"https:\/\/vosgesinfo.fr\/saintdieinfo\/2025\/09\/volley-ball-les-louves-lancent-leur-serie-de-matchs-de-preparation\/#breadcrumb\"},\"inLanguage\":\"fr-FR\",\"potentialAction\":[{\"@type\":\"ReadAction\",\"target\":[\"https:\/\/vosgesinfo.fr\/saintdieinfo\/2025\/09\/volley-ball-les-louves-lancent-leur-serie-de-matchs-de-preparation\/\"]}]},{\"@type\":\"ImageObject\",\"inLanguage\":\"fr-FR\",\"@id\":\"https:\/\/vosgesinfo.fr\/saintdieinfo\/2025\/09\/volley-ball-les-louves-lancent-leur-serie-de-matchs-de-preparation\/#primaryimage\",\"url\":\"https:\/\/vosgesinfo.fr\/app\/uploads\/sites\/4\/2025\/08\/premier-entrainement-saison-2025-2026-les-louves-3.jpg\",\"contentUrl\":\"https:\/\/vosgesinfo.fr\/app\/uploads\/sites\/4\/2025\/08\/premier-entrainement-saison-2025-2026-les-louves-3.jpg\",\"width\":1600,\"height\":1205},{\"@type\":\"BreadcrumbList\",\"@id\":\"https:\/\/vosgesinfo.fr\/saintdieinfo\/2025\/09\/volley-ball-les-louves-lancent-leur-serie-de-matchs-de-preparation\/#breadcrumb\",\"itemListElement\":[{\"@type\":\"ListItem\",\"position\":1,\"name\":\"Home\",\"item\":\"https:\/\/vosgesinfo.fr\/saintdieinfo\/\"},{\"@type\":\"ListItem\",\"position\":2,\"name\":\"Volley-ball : les Louves lancent leur s\u00e9rie de matchs de pr\u00e9paration\"}]},{\"@type\":\"WebSite\",\"@id\":\"https:\/\/vosgesinfo.fr\/saintdieinfo\/#website\",\"url\":\"https:\/\/vosgesinfo.fr\/saintdieinfo\/\",\"name\":\"Saint Die Info\",\"description\":\"Toute l&#039;actualit\u00e9 de Saint-Di\u00e9-Des-Vosges\",\"publisher\":{\"@id\":\"https:\/\/vosgesinfo.fr\/saintdieinfo\/#organization\"},\"alternateName\":\"Toute l'actualit\u00e9 de Saint-Di\u00e9-Des-Vosges\",\"potentialAction\":[{\"@type\":\"SearchAction\",\"target\":{\"@type\":\"EntryPoint\",\"urlTemplate\":\"https:\/\/vosgesinfo.fr\/saintdieinfo\/?s={search_term_string}\"},\"query-input\":\"required name=search_term_string\"}],\"inLanguage\":\"fr-FR\"},{\"@type\":\"Organization\",\"@id\":\"https:\/\/vosgesinfo.fr\/saintdieinfo\/#organization\",\"name\":\"Saint Die Info\",\"url\":\"https:\/\/vosgesinfo.fr\/saintdieinfo\/\",\"logo\":{\"@type\":\"ImageObject\",\"inLanguage\":\"fr-FR\",\"@id\":\"https:\/\/vosgesinfo.fr\/saintdieinfo\/#\/schema\/logo\/image\/\",\"url\":\"https:\/\/vosgesinfo.fr\/app\/uploads\/sites\/4\/2024\/02\/logo-sdi.jpg\",\"contentUrl\":\"https:\/\/vosgesinfo.fr\/app\/uploads\/sites\/4\/2024\/02\/logo-sdi.jpg\",\"width\":600,\"height\":600,\"caption\":\"Saint Die Info\"},\"image\":{\"@id\":\"https:\/\/vosgesinfo.fr\/saintdieinfo\/#\/schema\/logo\/image\/\"},\"sameAs\":[\"https:\/\/www.facebook.com\/Saintdieinfofr\",\"https:\/\/x.com\/VosgesInfo88\",\"https:\/\/www.youtube.com\/@vosgesinfo\"]},{\"@type\":\"Person\",\"@id\":\"https:\/\/vosgesinfo.fr\/saintdieinfo\/#\/schema\/person\/fa73e9f726d67bb88f46d5b7943cb572\",\"name\":\"J.J.\",\"image\":{\"@type\":\"ImageObject\",\"inLanguage\":\"fr-FR\",\"@id\":\"https:\/\/vosgesinfo.fr\/saintdieinfo\/#\/schema\/person\/image\/\",\"url\":\"https:\/\/secure.gravatar.com\/avatar\/219e749e47ffbcca018a360ae4add7d4cdf1cdaaf8bc7676b27efade3fe65615?s=96&d=mm&r=g\",\"contentUrl\":\"https:\/\/secure.gravatar.com\/avatar\/219e749e47ffbcca018a360ae4add7d4cdf1cdaaf8bc7676b27efade3fe65615?s=96&d=mm&r=g\",\"caption\":\"J.J.\"},\"url\":\"https:\/\/vosgesinfo.fr\/saintdieinfo\/author\/j-j\/\"}]}<\/script>\n<!-- \/ Yoast SEO plugin. -->","yoast_head_json":{"title":"Volley-ball : les Louves lancent leur s\u00e9rie de matchs de pr\u00e9paration - Saint Die Info","robots":{"index":"index","follow":"follow","max-snippet":"max-snippet:-1","max-image-preview":"max-image-preview:large","max-video-preview":"max-video-preview:-1"},"canonical":"https:\/\/vosgesinfo.fr\/saintdieinfo\/2025\/09\/volley-ball-les-louves-lancent-leur-serie-de-matchs-de-preparation\/","twitter_card":"summary_large_image","twitter_title":"Volley-ball : les Louves lancent leur s\u00e9rie de matchs de pr\u00e9paration - Saint Die Info","twitter_description":"Les Louves entament leur pr\u00e9paration \u00e0 la nouvelle saison, o\u00f9 elles \u00e9volueront pour la premi\u00e8re fois en Ligue professionnelle Saforelle [&hellip;]","twitter_image":"https:\/\/vosgesinfo.fr\/app\/uploads\/sites\/4\/2025\/08\/premier-entrainement-saison-2025-2026-les-louves-3.jpg","twitter_creator":"@VosgesInfo88","twitter_site":"@VosgesInfo88","twitter_misc":{"\u00c9crit par":"J.J.","Dur\u00e9e de lecture estim\u00e9e":"1 minute"},"schema":{"@context":"https:\/\/schema.org","@graph":[{"@type":"Article","@id":"https:\/\/vosgesinfo.fr\/saintdieinfo\/2025\/09\/volley-ball-les-louves-lancent-leur-serie-de-matchs-de-preparation\/#article","isPartOf":{"@id":"https:\/\/vosgesinfo.fr\/saintdieinfo\/2025\/09\/volley-ball-les-louves-lancent-leur-serie-de-matchs-de-preparation\/"},"author":{"name":"J.J.","@id":"https:\/\/vosgesinfo.fr\/saintdieinfo\/#\/schema\/person\/fa73e9f726d67bb88f46d5b7943cb572"},"headline":"Volley-ball : les Louves lancent leur s\u00e9rie de matchs de pr\u00e9paration","datePublished":"2025-09-03T10:00:36+00:00","dateModified":"2025-09-03T09:32:02+00:00","mainEntityOfPage":{"@id":"https:\/\/vosgesinfo.fr\/saintdieinfo\/2025\/09\/volley-ball-les-louves-lancent-leur-serie-de-matchs-de-preparation\/"},"wordCount":199,"commentCount":0,"publisher":{"@id":"https:\/\/vosgesinfo.fr\/saintdieinfo\/#organization"},"image":{"@id":"https:\/\/vosgesinfo.fr\/saintdieinfo\/2025\/09\/volley-ball-les-louves-lancent-leur-serie-de-matchs-de-preparation\/#primaryimage"},"thumbnailUrl":"https:\/\/vosgesinfo.fr\/app\/uploads\/sites\/4\/2025\/08\/premier-entrainement-saison-2025-2026-les-louves-3.jpg","keywords":["Les Louves","Saint-Di\u00e9-des-Vosges Volley-Ball","Volley-ball f\u00e9minin"],"articleSection":["A la Une","Saint-Di\u00e9-des-Vosges","Sport"],"inLanguage":"fr-FR","potentialAction":[{"@type":"CommentAction","name":"Comment","target":["https:\/\/vosgesinfo.fr\/saintdieinfo\/2025\/09\/volley-ball-les-louves-lancent-leur-serie-de-matchs-de-preparation\/#respond"]}]},{"@type":"WebPage","@id":"https:\/\/vosgesinfo.fr\/saintdieinfo\/2025\/09\/volley-ball-les-louves-lancent-leur-serie-de-matchs-de-preparation\/","url":"https:\/\/vosgesinfo.fr\/saintdieinfo\/2025\/09\/volley-ball-les-louves-lancent-leur-serie-de-matchs-de-preparation\/","name":"Volley-ball : les Louves lancent leur s\u00e9rie de matchs de pr\u00e9paration - Saint Die Info","isPartOf":{"@id":"https:\/\/vosgesinfo.fr\/saintdieinfo\/#website"},"primaryImageOfPage":{"@id":"https:\/\/vosgesinfo.fr\/saintdieinfo\/2025\/09\/volley-ball-les-louves-lancent-leur-serie-de-matchs-de-preparation\/#primaryimage"},"image":{"@id":"https:\/\/vosgesinfo.fr\/saintdieinfo\/2025\/09\/volley-ball-les-louves-lancent-leur-serie-de-matchs-de-preparation\/#primaryimage"},"thumbnailUrl":"https:\/\/vosgesinfo.fr\/app\/uploads\/sites\/4\/2025\/08\/premier-entrainement-saison-2025-2026-les-louves-3.jpg","datePublished":"2025-09-03T10:00:36+00:00","dateModified":"2025-09-03T09:32:02+00:00","breadcrumb":{"@id":"https:\/\/vosgesinfo.fr\/saintdieinfo\/2025\/09\/volley-ball-les-louves-lancent-leur-serie-de-matchs-de-preparation\/#breadcrumb"},"inLanguage":"fr-FR","potentialAction":[{"@type":"ReadAction","target":["https:\/\/vosgesinfo.fr\/saintdieinfo\/2025\/09\/volley-ball-les-louves-lancent-leur-serie-de-matchs-de-preparation\/"]}]},{"@type":"ImageObject","inLanguage":"fr-FR","@id":"https:\/\/vosgesinfo.fr\/saintdieinfo\/2025\/09\/volley-ball-les-louves-lancent-leur-serie-de-matchs-de-preparation\/#primaryimage","url":"https:\/\/vosgesinfo.fr\/app\/uploads\/sites\/4\/2025\/08\/premier-entrainement-saison-2025-2026-les-louves-3.jpg","contentUrl":"https:\/\/vosgesinfo.fr\/app\/uploads\/sites\/4\/2025\/08\/premier-entrainement-saison-2025-2026-les-louves-3.jpg","width":1600,"height":1205},{"@type":"BreadcrumbList","@id":"https:\/\/vosgesinfo.fr\/saintdieinfo\/2025\/09\/volley-ball-les-louves-lancent-leur-serie-de-matchs-de-preparation\/#breadcrumb","itemListElement":[{"@type":"ListItem","position":1,"name":"Home","item":"https:\/\/vosgesinfo.fr\/saintdieinfo\/"},{"@type":"ListItem","position":2,"name":"Volley-ball : les Louves lancent leur s\u00e9rie de matchs de pr\u00e9paration"}]},{"@type":"WebSite","@id":"https:\/\/vosgesinfo.fr\/saintdieinfo\/#website","url":"https:\/\/vosgesinfo.fr\/saintdieinfo\/","name":"Saint Die Info","description":"Toute l&#039;actualit\u00e9 de Saint-Di\u00e9-Des-Vosges","publisher":{"@id":"https:\/\/vosgesinfo.fr\/saintdieinfo\/#organization"},"alternateName":"Toute l'actualit\u00e9 de Saint-Di\u00e9-Des-Vosges","potentialAction":[{"@type":"SearchAction","target":{"@type":"EntryPoint","urlTemplate":"https:\/\/vosgesinfo.fr\/saintdieinfo\/?s={search_term_string}"},"query-input":"required name=search_term_string"}],"inLanguage":"fr-FR"},{"@type":"Organization","@id":"https:\/\/vosgesinfo.fr\/saintdieinfo\/#organization","name":"Saint Die Info","url":"https:\/\/vosgesinfo.fr\/saintdieinfo\/","logo":{"@type":"ImageObject","inLanguage":"fr-FR","@id":"https:\/\/vosgesinfo.fr\/saintdieinfo\/#\/schema\/logo\/image\/","url":"https:\/\/vosgesinfo.fr\/app\/uploads\/sites\/4\/2024\/02\/logo-sdi.jpg","contentUrl":"https:\/\/vosgesinfo.fr\/app\/uploads\/sites\/4\/2024\/02\/logo-sdi.jpg","width":600,"height":600,"caption":"Saint Die Info"},"image":{"@id":"https:\/\/vosgesinfo.fr\/saintdieinfo\/#\/schema\/logo\/image\/"},"sameAs":["https:\/\/www.facebook.com\/Saintdieinfofr","https:\/\/x.com\/VosgesInfo88","https:\/\/www.youtube.com\/@vosgesinfo"]},{"@type":"Person","@id":"https:\/\/vosgesinfo.fr\/saintdieinfo\/#\/schema\/person\/fa73e9f726d67bb88f46d5b7943cb572","name":"J.J.","image":{"@type":"ImageObject","inLanguage":"fr-FR","@id":"https:\/\/vosgesinfo.fr\/saintdieinfo\/#\/schema\/person\/image\/","url":"https:\/\/secure.gravatar.com\/avatar\/219e749e47ffbcca018a360ae4add7d4cdf1cdaaf8bc7676b27efade3fe65615?s=96&d=mm&r=g","contentUrl":"https:\/\/secure.gravatar.com\/avatar\/219e749e47ffbcca018a360ae4add7d4cdf1cdaaf8bc7676b27efade3fe65615?s=96&d=mm&r=g","caption":"J.J."},"url":"https:\/\/vosgesinfo.fr\/saintdieinfo\/author\/j-j\/"}]}},"_links":{"self":[{"href":"https:\/\/vosgesinfo.fr\/saintdieinfo\/wp-json\/wp\/v2\/posts\/81650","targetHints":{"allow":["GET"]}}],"collection":[{"href":"https:\/\/vosgesinfo.fr\/saintdieinfo\/wp-json\/wp\/v2\/posts"}],"about":[{"href":"https:\/\/vosgesinfo.fr\/saintdieinfo\/wp-json\/wp\/v2\/types\/post"}],"author":[{"embeddable":true,"href":"https:\/\/vosgesinfo.fr\/saintdieinfo\/wp-json\/wp\/v2\/users\/46"}],"replies":[{"embeddable":true,"href":"https:\/\/vosgesinfo.fr\/saintdieinfo\/wp-json\/wp\/v2\/comments?post=81650"}],"version-history":[{"count":2,"href":"https:\/\/vosgesinfo.fr\/saintdieinfo\/wp-json\/wp\/v2\/posts\/81650\/revisions"}],"predecessor-version":[{"id":81652,"href":"https:\/\/vosgesinfo.fr\/saintdieinfo\/wp-json\/wp\/v2\/posts\/81650\/revisions\/81652"}],"wp:featuredmedia":[{"embeddable":true,"href":"https:\/\/vosgesinfo.fr\/saintdieinfo\/wp-json\/wp\/v2\/media\/81155"}],"wp:attachment":[{"href":"https:\/\/vosgesinfo.fr\/saintdieinfo\/wp-json\/wp\/v2\/media?parent=81650"}],"wp:term":[{"taxonomy":"category","embeddable":true,"href":"https:\/\/vosgesinfo.fr\/saintdieinfo\/wp-json\/wp\/v2\/categories?post=81650"},{"taxonomy":"post_tag","embeddable":true,"href":"https:\/\/vosgesinfo.fr\/saintdieinfo\/wp-json\/wp\/v2\/tags?post=81650"}],"curies":[{"name":"wp","href":"https:\/\/api.w.org\/{rel}","templated":true}]}}