{"id":81668,"date":"2025-09-03T16:45:14","date_gmt":"2025-09-03T14:45:14","guid":{"rendered":"https:\/\/vosgesinfo.fr\/saintdieinfo\/?p=81668"},"modified":"2025-09-03T16:19:42","modified_gmt":"2025-09-03T14:19:42","slug":"a-lordre-du-jour-de-la-prochaine-seance-du-conseil-communautaire-13","status":"publish","type":"post","link":"https:\/\/vosgesinfo.fr\/saintdieinfo\/2025\/09\/a-lordre-du-jour-de-la-prochaine-seance-du-conseil-communautaire-13\/","title":{"rendered":"\u00c0 l\u2019ordre du jour de la prochaine s\u00e9ance du Conseil Communautaire"},"content":{"rendered":"<p><a href=\"https:\/\/vosgesinfo.fr\/app\/uploads\/sites\/4\/2025\/09\/logo-ca-agglo.jpg\"><img decoding=\"async\" class=\"alignnone wp-image-81669 size-medium\" src=\"https:\/\/vosgesinfo.fr\/app\/uploads\/sites\/4\/2025\/09\/logo-ca-agglo-300x300.jpg\" alt=\"\" width=\"300\" height=\"300\" srcset=\"https:\/\/vosgesinfo.fr\/app\/uploads\/sites\/4\/2025\/09\/logo-ca-agglo-300x300.jpg 300w, https:\/\/vosgesinfo.fr\/app\/uploads\/sites\/4\/2025\/09\/logo-ca-agglo-150x150.jpg 150w, https:\/\/vosgesinfo.fr\/app\/uploads\/sites\/4\/2025\/09\/logo-ca-agglo-768x768.jpg 768w, https:\/\/vosgesinfo.fr\/app\/uploads\/sites\/4\/2025\/09\/logo-ca-agglo.jpg 962w\" sizes=\"(max-width: 300px) 100vw, 300px\" \/><\/a><\/p>\n<h2><strong data-start=\"73\" data-end=\"101\">Le Conseil communautaire<\/strong> de la <strong data-start=\"108\" data-end=\"162\" data-is-only-node=\"\">Communaut\u00e9 d\u2019Agglom\u00e9ration de Saint-Di\u00e9-des-Vosges<\/strong> se r\u00e9unira le <strong data-start=\"177\" data-end=\"196\">lundi 8 septembre,<\/strong>\u00a0\u00e0 <strong data-start=\"200\" data-end=\"207\">19h<\/strong> \u00e0 la <strong data-start=\"213\" data-end=\"253\">salle des f\u00eates de Sainte-Marguerite<\/strong>. <strong data-start=\"257\" data-end=\"276\">L\u2019ordre du jour<\/strong> de cette s\u00e9ance de rentr\u00e9e :<\/h2>\n<p data-start=\"174\" data-end=\"195\"><strong data-start=\"174\" data-end=\"193\">Ordre du jour :<\/strong><\/p>\n<p data-start=\"197\" data-end=\"2465\" data-is-last-node=\"\" data-is-only-node=\"\"><strong data-start=\"197\" data-end=\"203\">1.<\/strong> Adoption du proc\u00e8s-verbal de la s\u00e9ance du conseil communautaire du 7 juillet 2025<br data-start=\"285\" data-end=\"288\" \/><strong data-start=\"288\" data-end=\"294\">2.<\/strong> Adoption du projet de territoire<br data-start=\"327\" data-end=\"330\" data-is-only-node=\"\" \/><strong data-start=\"330\" data-end=\"336\">3.<\/strong> Signature du Contrat Local de Sant\u00e9 2025-2030<br data-start=\"382\" data-end=\"385\" \/><strong data-start=\"385\" data-end=\"391\">4.<\/strong> Avenants aux conventions relatives \u00e0 la d\u00e9livrance des abonnements \u00ab primo \u00bb \u00e0 destination des enfants scolaris\u00e9s<br data-start=\"505\" data-end=\"508\" \/><strong data-start=\"508\" data-end=\"514\">5.<\/strong> Cession d\u2019un bien immobilier \u00e0 Fraize<br data-start=\"552\" data-end=\"555\" \/><strong data-start=\"555\" data-end=\"561\">6.<\/strong> Octroi de subventions au titre du fonds communautaire de soutien aux commerces et services de proximit\u00e9<br data-start=\"665\" data-end=\"668\" \/><strong data-start=\"668\" data-end=\"674\">7.<\/strong> Modifications simplifi\u00e9es n\u00b01 et n\u00b02 du Plan Local d\u2019Urbanisme de la commune de Corcieux<br data-start=\"763\" data-end=\"766\" \/><strong data-start=\"766\" data-end=\"772\">8.<\/strong> Mise en \u0153uvre d\u2019un fonds de concours avec la commune de Pierre-Perc\u00e9e concernant le financement des travaux du ch\u00e2teau de Pierre-Perc\u00e9e<br data-start=\"908\" data-end=\"911\" \/><strong data-start=\"911\" data-end=\"917\">9.<\/strong> Modification du montant provisoire des attributions de compensation 2025<br data-start=\"990\" data-end=\"993\" \/><strong data-start=\"993\" data-end=\"1000\">10.<\/strong> R\u00e9vision du montant des bases minimums servant \u00e0 l\u2019\u00e9tablissement de la Cotisation Fonci\u00e8re des Entreprises \u2013 CFE \u2013<br data-start=\"1115\" data-end=\"1118\" \/><strong data-start=\"1118\" data-end=\"1125\">11.<\/strong> Instauration d\u2019une taxe annuelle sur les friches commerciales<br data-start=\"1187\" data-end=\"1190\" \/><strong data-start=\"1190\" data-end=\"1197\">12.<\/strong> Garantie d\u2019emprunt souscrits par la SA HLM Le Toit vosgien<br data-start=\"1256\" data-end=\"1259\" \/><strong data-start=\"1259\" data-end=\"1266\">13.<\/strong> Non restitution de retenues de garanties pour prescription quadriennale ou disparition de la soci\u00e9t\u00e9 titulaire du march\u00e9 public<br data-start=\"1394\" data-end=\"1397\" \/><strong data-start=\"1397\" data-end=\"1404\">14.<\/strong> Pr\u00e9sentation des rapports 2024 des d\u00e9l\u00e9gataires eau, assainissement, mobilit\u00e9 et Aquanova<br data-start=\"1494\" data-end=\"1497\" \/><strong data-start=\"1497\" data-end=\"1504\">15.<\/strong> Adoption des rapports 2024 sur le prix et la qualit\u00e9 du service d\u2019eau potable et d\u2019assainissement \u2013 RPQS \u2013<br data-start=\"1611\" data-end=\"1614\" \/><strong data-start=\"1614\" data-end=\"1621\">16.<\/strong> Modification des tarifs annexes des services d\u2019eau potable et d\u2019assainissement collectif et pluvial<br data-start=\"1721\" data-end=\"1724\" \/><strong data-start=\"1724\" data-end=\"1731\">17.<\/strong> Convention 2025-2030 pour l\u2019encadrement du recyclage agricole des boues de la station d\u2019\u00e9puration urbaine de Raon-Bertrichamps<br data-start=\"1858\" data-end=\"1861\" \/><strong data-start=\"1861\" data-end=\"1868\">18.<\/strong> Abandon et d\u00e9connexion des ouvrages de la source Ramgoutte sur la commune d\u2019Anould<br data-start=\"1951\" data-end=\"1954\" \/><strong data-start=\"1954\" data-end=\"1961\">19.<\/strong> Fourniture d\u2019eau par la Saur aux communes de Saulcy-sur-Meurthe et de Pair-et-Grandrupt<br data-start=\"2049\" data-end=\"2052\" \/><strong data-start=\"2052\" data-end=\"2059\">20.<\/strong> Convention Territoriale Globale<br data-start=\"2091\" data-end=\"2094\" \/><strong data-start=\"2094\" data-end=\"2101\">21.<\/strong> R\u00e8glement de la salle Autissier<br data-start=\"2133\" data-end=\"2136\" \/><strong data-start=\"2136\" data-end=\"2143\">22.<\/strong> Tarification de location de la salle Autissier<br data-start=\"2190\" data-end=\"2193\" \/><strong data-start=\"2193\" data-end=\"2200\">23.<\/strong> Additif \u00e0 la tarification de la saison 2025-2026 de l\u2019Etincelle \u2013 ex-spectacle vivant \u2013 concernant les ateliers de pratique artistique tout public<br data-start=\"2347\" data-end=\"2350\" \/><strong data-start=\"2350\" data-end=\"2357\">24.<\/strong> Modification des tarifs du bar de l\u2019espace Georges-Sadoul<br data-start=\"2415\" data-end=\"2418\" \/><strong data-start=\"2418\" data-end=\"2425\">25.<\/strong> Modification du tableau des effectifs<\/p>\n","protected":false},"excerpt":{"rendered":"<p>Le Conseil communautaire de la Communaut\u00e9 d\u2019Agglom\u00e9ration de Saint-Di\u00e9-des-Vosges se r\u00e9unira le lundi 8 septembre,\u00a0\u00e0 19h \u00e0 la salle des [&hellip;]<\/p>\n","protected":false},"author":46,"featured_media":81669,"comment_status":"open","ping_status":"open","sticky":false,"template":"","format":"standard","meta":{"footnotes":""},"categories":[3900,3903,10],"tags":[3282,3283,5695,3093],"class_list":["post-81668","post","type-post","status-publish","format-standard","has-post-thumbnail","hentry","category-breves","category-deodatie","category-politique","tag-communaute-dagglomeration-de-saint-die-des-vosges","tag-conseil-communautaire","tag-conseil-communautaire-de-la-communaute-dagglomeration-de-saint-die-des-vosges","tag-salle-des-fetes-de-sainte-marguerite"],"acf":[],"yoast_head":"<!-- This site is optimized with the Yoast SEO plugin v22.5 - https:\/\/yoast.com\/wordpress\/plugins\/seo\/ -->\n<title>\u00c0 l\u2019ordre du jour de la prochaine s\u00e9ance du Conseil Communautaire - Saint Die Info<\/title>\n<meta name=\"robots\" content=\"index, follow, max-snippet:-1, max-image-preview:large, max-video-preview:-1\" \/>\n<link rel=\"canonical\" href=\"https:\/\/vosgesinfo.fr\/saintdieinfo\/2025\/09\/a-lordre-du-jour-de-la-prochaine-seance-du-conseil-communautaire-13\/\" \/>\n<meta name=\"twitter:card\" content=\"summary_large_image\" \/>\n<meta name=\"twitter:title\" content=\"\u00c0 l\u2019ordre du jour de la prochaine s\u00e9ance du Conseil Communautaire - Saint Die Info\" \/>\n<meta name=\"twitter:description\" content=\"Le Conseil communautaire de la Communaut\u00e9 d\u2019Agglom\u00e9ration de Saint-Di\u00e9-des-Vosges se r\u00e9unira le lundi 8 septembre,\u00a0\u00e0 19h \u00e0 la salle des [&hellip;]\" \/>\n<meta name=\"twitter:image\" content=\"https:\/\/vosgesinfo.fr\/app\/uploads\/sites\/4\/2025\/09\/logo-ca-agglo.jpg\" \/>\n<meta name=\"twitter:creator\" content=\"@VosgesInfo88\" \/>\n<meta name=\"twitter:site\" content=\"@VosgesInfo88\" \/>\n<meta name=\"twitter:label1\" content=\"\u00c9crit par\" \/>\n\t<meta name=\"twitter:data1\" content=\"J.J.\" \/>\n\t<meta name=\"twitter:label2\" content=\"Dur\u00e9e de lecture estim\u00e9e\" \/>\n\t<meta name=\"twitter:data2\" content=\"2 minutes\" \/>\n<script type=\"application\/ld+json\" class=\"yoast-schema-graph\">{\"@context\":\"https:\/\/schema.org\",\"@graph\":[{\"@type\":\"Article\",\"@id\":\"https:\/\/vosgesinfo.fr\/saintdieinfo\/2025\/09\/a-lordre-du-jour-de-la-prochaine-seance-du-conseil-communautaire-13\/#article\",\"isPartOf\":{\"@id\":\"https:\/\/vosgesinfo.fr\/saintdieinfo\/2025\/09\/a-lordre-du-jour-de-la-prochaine-seance-du-conseil-communautaire-13\/\"},\"author\":{\"name\":\"J.J.\",\"@id\":\"https:\/\/vosgesinfo.fr\/saintdieinfo\/#\/schema\/person\/fa73e9f726d67bb88f46d5b7943cb572\"},\"headline\":\"\u00c0 l\u2019ordre du jour de la prochaine s\u00e9ance du Conseil Communautaire\",\"datePublished\":\"2025-09-03T14:45:14+00:00\",\"dateModified\":\"2025-09-03T14:19:42+00:00\",\"mainEntityOfPage\":{\"@id\":\"https:\/\/vosgesinfo.fr\/saintdieinfo\/2025\/09\/a-lordre-du-jour-de-la-prochaine-seance-du-conseil-communautaire-13\/\"},\"wordCount\":362,\"commentCount\":0,\"publisher\":{\"@id\":\"https:\/\/vosgesinfo.fr\/saintdieinfo\/#organization\"},\"image\":{\"@id\":\"https:\/\/vosgesinfo.fr\/saintdieinfo\/2025\/09\/a-lordre-du-jour-de-la-prochaine-seance-du-conseil-communautaire-13\/#primaryimage\"},\"thumbnailUrl\":\"https:\/\/vosgesinfo.fr\/app\/uploads\/sites\/4\/2025\/09\/logo-ca-agglo.jpg\",\"keywords\":[\"Communaut\u00e9 d'Agglom\u00e9ration de Saint-Di\u00e9-des-Vosges\",\"Conseil Communautaire\",\"Conseil communautaire de la Communaut\u00e9 d'Agglom\u00e9ration de Saint-Di\u00e9-des-Vosges\",\"Salle des f\u00eates de Sainte-Marguerite\"],\"articleSection\":[\"Br\u00e8ves\",\"D\u00e9odatie\",\"Politique\"],\"inLanguage\":\"fr-FR\",\"potentialAction\":[{\"@type\":\"CommentAction\",\"name\":\"Comment\",\"target\":[\"https:\/\/vosgesinfo.fr\/saintdieinfo\/2025\/09\/a-lordre-du-jour-de-la-prochaine-seance-du-conseil-communautaire-13\/#respond\"]}]},{\"@type\":\"WebPage\",\"@id\":\"https:\/\/vosgesinfo.fr\/saintdieinfo\/2025\/09\/a-lordre-du-jour-de-la-prochaine-seance-du-conseil-communautaire-13\/\",\"url\":\"https:\/\/vosgesinfo.fr\/saintdieinfo\/2025\/09\/a-lordre-du-jour-de-la-prochaine-seance-du-conseil-communautaire-13\/\",\"name\":\"\u00c0 l\u2019ordre du jour de la prochaine s\u00e9ance du Conseil Communautaire - Saint Die Info\",\"isPartOf\":{\"@id\":\"https:\/\/vosgesinfo.fr\/saintdieinfo\/#website\"},\"primaryImageOfPage\":{\"@id\":\"https:\/\/vosgesinfo.fr\/saintdieinfo\/2025\/09\/a-lordre-du-jour-de-la-prochaine-seance-du-conseil-communautaire-13\/#primaryimage\"},\"image\":{\"@id\":\"https:\/\/vosgesinfo.fr\/saintdieinfo\/2025\/09\/a-lordre-du-jour-de-la-prochaine-seance-du-conseil-communautaire-13\/#primaryimage\"},\"thumbnailUrl\":\"https:\/\/vosgesinfo.fr\/app\/uploads\/sites\/4\/2025\/09\/logo-ca-agglo.jpg\",\"datePublished\":\"2025-09-03T14:45:14+00:00\",\"dateModified\":\"2025-09-03T14:19:42+00:00\",\"breadcrumb\":{\"@id\":\"https:\/\/vosgesinfo.fr\/saintdieinfo\/2025\/09\/a-lordre-du-jour-de-la-prochaine-seance-du-conseil-communautaire-13\/#breadcrumb\"},\"inLanguage\":\"fr-FR\",\"potentialAction\":[{\"@type\":\"ReadAction\",\"target\":[\"https:\/\/vosgesinfo.fr\/saintdieinfo\/2025\/09\/a-lordre-du-jour-de-la-prochaine-seance-du-conseil-communautaire-13\/\"]}]},{\"@type\":\"ImageObject\",\"inLanguage\":\"fr-FR\",\"@id\":\"https:\/\/vosgesinfo.fr\/saintdieinfo\/2025\/09\/a-lordre-du-jour-de-la-prochaine-seance-du-conseil-communautaire-13\/#primaryimage\",\"url\":\"https:\/\/vosgesinfo.fr\/app\/uploads\/sites\/4\/2025\/09\/logo-ca-agglo.jpg\",\"contentUrl\":\"https:\/\/vosgesinfo.fr\/app\/uploads\/sites\/4\/2025\/09\/logo-ca-agglo.jpg\",\"width\":962,\"height\":962},{\"@type\":\"BreadcrumbList\",\"@id\":\"https:\/\/vosgesinfo.fr\/saintdieinfo\/2025\/09\/a-lordre-du-jour-de-la-prochaine-seance-du-conseil-communautaire-13\/#breadcrumb\",\"itemListElement\":[{\"@type\":\"ListItem\",\"position\":1,\"name\":\"Home\",\"item\":\"https:\/\/vosgesinfo.fr\/saintdieinfo\/\"},{\"@type\":\"ListItem\",\"position\":2,\"name\":\"\u00c0 l\u2019ordre du jour de la prochaine s\u00e9ance du Conseil Communautaire\"}]},{\"@type\":\"WebSite\",\"@id\":\"https:\/\/vosgesinfo.fr\/saintdieinfo\/#website\",\"url\":\"https:\/\/vosgesinfo.fr\/saintdieinfo\/\",\"name\":\"Saint Die Info\",\"description\":\"Toute l&#039;actualit\u00e9 de Saint-Di\u00e9-Des-Vosges\",\"publisher\":{\"@id\":\"https:\/\/vosgesinfo.fr\/saintdieinfo\/#organization\"},\"alternateName\":\"Toute l'actualit\u00e9 de Saint-Di\u00e9-Des-Vosges\",\"potentialAction\":[{\"@type\":\"SearchAction\",\"target\":{\"@type\":\"EntryPoint\",\"urlTemplate\":\"https:\/\/vosgesinfo.fr\/saintdieinfo\/?s={search_term_string}\"},\"query-input\":\"required name=search_term_string\"}],\"inLanguage\":\"fr-FR\"},{\"@type\":\"Organization\",\"@id\":\"https:\/\/vosgesinfo.fr\/saintdieinfo\/#organization\",\"name\":\"Saint Die Info\",\"url\":\"https:\/\/vosgesinfo.fr\/saintdieinfo\/\",\"logo\":{\"@type\":\"ImageObject\",\"inLanguage\":\"fr-FR\",\"@id\":\"https:\/\/vosgesinfo.fr\/saintdieinfo\/#\/schema\/logo\/image\/\",\"url\":\"https:\/\/vosgesinfo.fr\/app\/uploads\/sites\/4\/2024\/02\/logo-sdi.jpg\",\"contentUrl\":\"https:\/\/vosgesinfo.fr\/app\/uploads\/sites\/4\/2024\/02\/logo-sdi.jpg\",\"width\":600,\"height\":600,\"caption\":\"Saint Die Info\"},\"image\":{\"@id\":\"https:\/\/vosgesinfo.fr\/saintdieinfo\/#\/schema\/logo\/image\/\"},\"sameAs\":[\"https:\/\/www.facebook.com\/Saintdieinfofr\",\"https:\/\/x.com\/VosgesInfo88\",\"https:\/\/www.youtube.com\/@vosgesinfo\"]},{\"@type\":\"Person\",\"@id\":\"https:\/\/vosgesinfo.fr\/saintdieinfo\/#\/schema\/person\/fa73e9f726d67bb88f46d5b7943cb572\",\"name\":\"J.J.\",\"image\":{\"@type\":\"ImageObject\",\"inLanguage\":\"fr-FR\",\"@id\":\"https:\/\/vosgesinfo.fr\/saintdieinfo\/#\/schema\/person\/image\/\",\"url\":\"https:\/\/secure.gravatar.com\/avatar\/219e749e47ffbcca018a360ae4add7d4cdf1cdaaf8bc7676b27efade3fe65615?s=96&d=mm&r=g\",\"contentUrl\":\"https:\/\/secure.gravatar.com\/avatar\/219e749e47ffbcca018a360ae4add7d4cdf1cdaaf8bc7676b27efade3fe65615?s=96&d=mm&r=g\",\"caption\":\"J.J.\"},\"url\":\"https:\/\/vosgesinfo.fr\/saintdieinfo\/author\/j-j\/\"}]}<\/script>\n<!-- \/ Yoast SEO plugin. -->","yoast_head_json":{"title":"\u00c0 l\u2019ordre du jour de la prochaine s\u00e9ance du Conseil Communautaire - Saint Die Info","robots":{"index":"index","follow":"follow","max-snippet":"max-snippet:-1","max-image-preview":"max-image-preview:large","max-video-preview":"max-video-preview:-1"},"canonical":"https:\/\/vosgesinfo.fr\/saintdieinfo\/2025\/09\/a-lordre-du-jour-de-la-prochaine-seance-du-conseil-communautaire-13\/","twitter_card":"summary_large_image","twitter_title":"\u00c0 l\u2019ordre du jour de la prochaine s\u00e9ance du Conseil Communautaire - Saint Die Info","twitter_description":"Le Conseil communautaire de la Communaut\u00e9 d\u2019Agglom\u00e9ration de Saint-Di\u00e9-des-Vosges se r\u00e9unira le lundi 8 septembre,\u00a0\u00e0 19h \u00e0 la salle des [&hellip;]","twitter_image":"https:\/\/vosgesinfo.fr\/app\/uploads\/sites\/4\/2025\/09\/logo-ca-agglo.jpg","twitter_creator":"@VosgesInfo88","twitter_site":"@VosgesInfo88","twitter_misc":{"\u00c9crit par":"J.J.","Dur\u00e9e de lecture estim\u00e9e":"2 minutes"},"schema":{"@context":"https:\/\/schema.org","@graph":[{"@type":"Article","@id":"https:\/\/vosgesinfo.fr\/saintdieinfo\/2025\/09\/a-lordre-du-jour-de-la-prochaine-seance-du-conseil-communautaire-13\/#article","isPartOf":{"@id":"https:\/\/vosgesinfo.fr\/saintdieinfo\/2025\/09\/a-lordre-du-jour-de-la-prochaine-seance-du-conseil-communautaire-13\/"},"author":{"name":"J.J.","@id":"https:\/\/vosgesinfo.fr\/saintdieinfo\/#\/schema\/person\/fa73e9f726d67bb88f46d5b7943cb572"},"headline":"\u00c0 l\u2019ordre du jour de la prochaine s\u00e9ance du Conseil Communautaire","datePublished":"2025-09-03T14:45:14+00:00","dateModified":"2025-09-03T14:19:42+00:00","mainEntityOfPage":{"@id":"https:\/\/vosgesinfo.fr\/saintdieinfo\/2025\/09\/a-lordre-du-jour-de-la-prochaine-seance-du-conseil-communautaire-13\/"},"wordCount":362,"commentCount":0,"publisher":{"@id":"https:\/\/vosgesinfo.fr\/saintdieinfo\/#organization"},"image":{"@id":"https:\/\/vosgesinfo.fr\/saintdieinfo\/2025\/09\/a-lordre-du-jour-de-la-prochaine-seance-du-conseil-communautaire-13\/#primaryimage"},"thumbnailUrl":"https:\/\/vosgesinfo.fr\/app\/uploads\/sites\/4\/2025\/09\/logo-ca-agglo.jpg","keywords":["Communaut\u00e9 d'Agglom\u00e9ration de Saint-Di\u00e9-des-Vosges","Conseil Communautaire","Conseil communautaire de la Communaut\u00e9 d'Agglom\u00e9ration de Saint-Di\u00e9-des-Vosges","Salle des f\u00eates de Sainte-Marguerite"],"articleSection":["Br\u00e8ves","D\u00e9odatie","Politique"],"inLanguage":"fr-FR","potentialAction":[{"@type":"CommentAction","name":"Comment","target":["https:\/\/vosgesinfo.fr\/saintdieinfo\/2025\/09\/a-lordre-du-jour-de-la-prochaine-seance-du-conseil-communautaire-13\/#respond"]}]},{"@type":"WebPage","@id":"https:\/\/vosgesinfo.fr\/saintdieinfo\/2025\/09\/a-lordre-du-jour-de-la-prochaine-seance-du-conseil-communautaire-13\/","url":"https:\/\/vosgesinfo.fr\/saintdieinfo\/2025\/09\/a-lordre-du-jour-de-la-prochaine-seance-du-conseil-communautaire-13\/","name":"\u00c0 l\u2019ordre du jour de la prochaine s\u00e9ance du Conseil Communautaire - Saint Die Info","isPartOf":{"@id":"https:\/\/vosgesinfo.fr\/saintdieinfo\/#website"},"primaryImageOfPage":{"@id":"https:\/\/vosgesinfo.fr\/saintdieinfo\/2025\/09\/a-lordre-du-jour-de-la-prochaine-seance-du-conseil-communautaire-13\/#primaryimage"},"image":{"@id":"https:\/\/vosgesinfo.fr\/saintdieinfo\/2025\/09\/a-lordre-du-jour-de-la-prochaine-seance-du-conseil-communautaire-13\/#primaryimage"},"thumbnailUrl":"https:\/\/vosgesinfo.fr\/app\/uploads\/sites\/4\/2025\/09\/logo-ca-agglo.jpg","datePublished":"2025-09-03T14:45:14+00:00","dateModified":"2025-09-03T14:19:42+00:00","breadcrumb":{"@id":"https:\/\/vosgesinfo.fr\/saintdieinfo\/2025\/09\/a-lordre-du-jour-de-la-prochaine-seance-du-conseil-communautaire-13\/#breadcrumb"},"inLanguage":"fr-FR","potentialAction":[{"@type":"ReadAction","target":["https:\/\/vosgesinfo.fr\/saintdieinfo\/2025\/09\/a-lordre-du-jour-de-la-prochaine-seance-du-conseil-communautaire-13\/"]}]},{"@type":"ImageObject","inLanguage":"fr-FR","@id":"https:\/\/vosgesinfo.fr\/saintdieinfo\/2025\/09\/a-lordre-du-jour-de-la-prochaine-seance-du-conseil-communautaire-13\/#primaryimage","url":"https:\/\/vosgesinfo.fr\/app\/uploads\/sites\/4\/2025\/09\/logo-ca-agglo.jpg","contentUrl":"https:\/\/vosgesinfo.fr\/app\/uploads\/sites\/4\/2025\/09\/logo-ca-agglo.jpg","width":962,"height":962},{"@type":"BreadcrumbList","@id":"https:\/\/vosgesinfo.fr\/saintdieinfo\/2025\/09\/a-lordre-du-jour-de-la-prochaine-seance-du-conseil-communautaire-13\/#breadcrumb","itemListElement":[{"@type":"ListItem","position":1,"name":"Home","item":"https:\/\/vosgesinfo.fr\/saintdieinfo\/"},{"@type":"ListItem","position":2,"name":"\u00c0 l\u2019ordre du jour de la prochaine s\u00e9ance du Conseil Communautaire"}]},{"@type":"WebSite","@id":"https:\/\/vosgesinfo.fr\/saintdieinfo\/#website","url":"https:\/\/vosgesinfo.fr\/saintdieinfo\/","name":"Saint Die Info","description":"Toute l&#039;actualit\u00e9 de Saint-Di\u00e9-Des-Vosges","publisher":{"@id":"https:\/\/vosgesinfo.fr\/saintdieinfo\/#organization"},"alternateName":"Toute l'actualit\u00e9 de Saint-Di\u00e9-Des-Vosges","potentialAction":[{"@type":"SearchAction","target":{"@type":"EntryPoint","urlTemplate":"https:\/\/vosgesinfo.fr\/saintdieinfo\/?s={search_term_string}"},"query-input":"required name=search_term_string"}],"inLanguage":"fr-FR"},{"@type":"Organization","@id":"https:\/\/vosgesinfo.fr\/saintdieinfo\/#organization","name":"Saint Die Info","url":"https:\/\/vosgesinfo.fr\/saintdieinfo\/","logo":{"@type":"ImageObject","inLanguage":"fr-FR","@id":"https:\/\/vosgesinfo.fr\/saintdieinfo\/#\/schema\/logo\/image\/","url":"https:\/\/vosgesinfo.fr\/app\/uploads\/sites\/4\/2024\/02\/logo-sdi.jpg","contentUrl":"https:\/\/vosgesinfo.fr\/app\/uploads\/sites\/4\/2024\/02\/logo-sdi.jpg","width":600,"height":600,"caption":"Saint Die Info"},"image":{"@id":"https:\/\/vosgesinfo.fr\/saintdieinfo\/#\/schema\/logo\/image\/"},"sameAs":["https:\/\/www.facebook.com\/Saintdieinfofr","https:\/\/x.com\/VosgesInfo88","https:\/\/www.youtube.com\/@vosgesinfo"]},{"@type":"Person","@id":"https:\/\/vosgesinfo.fr\/saintdieinfo\/#\/schema\/person\/fa73e9f726d67bb88f46d5b7943cb572","name":"J.J.","image":{"@type":"ImageObject","inLanguage":"fr-FR","@id":"https:\/\/vosgesinfo.fr\/saintdieinfo\/#\/schema\/person\/image\/","url":"https:\/\/secure.gravatar.com\/avatar\/219e749e47ffbcca018a360ae4add7d4cdf1cdaaf8bc7676b27efade3fe65615?s=96&d=mm&r=g","contentUrl":"https:\/\/secure.gravatar.com\/avatar\/219e749e47ffbcca018a360ae4add7d4cdf1cdaaf8bc7676b27efade3fe65615?s=96&d=mm&r=g","caption":"J.J."},"url":"https:\/\/vosgesinfo.fr\/saintdieinfo\/author\/j-j\/"}]}},"_links":{"self":[{"href":"https:\/\/vosgesinfo.fr\/saintdieinfo\/wp-json\/wp\/v2\/posts\/81668","targetHints":{"allow":["GET"]}}],"collection":[{"href":"https:\/\/vosgesinfo.fr\/saintdieinfo\/wp-json\/wp\/v2\/posts"}],"about":[{"href":"https:\/\/vosgesinfo.fr\/saintdieinfo\/wp-json\/wp\/v2\/types\/post"}],"author":[{"embeddable":true,"href":"https:\/\/vosgesinfo.fr\/saintdieinfo\/wp-json\/wp\/v2\/users\/46"}],"replies":[{"embeddable":true,"href":"https:\/\/vosgesinfo.fr\/saintdieinfo\/wp-json\/wp\/v2\/comments?post=81668"}],"version-history":[{"count":1,"href":"https:\/\/vosgesinfo.fr\/saintdieinfo\/wp-json\/wp\/v2\/posts\/81668\/revisions"}],"predecessor-version":[{"id":81670,"href":"https:\/\/vosgesinfo.fr\/saintdieinfo\/wp-json\/wp\/v2\/posts\/81668\/revisions\/81670"}],"wp:featuredmedia":[{"embeddable":true,"href":"https:\/\/vosgesinfo.fr\/saintdieinfo\/wp-json\/wp\/v2\/media\/81669"}],"wp:attachment":[{"href":"https:\/\/vosgesinfo.fr\/saintdieinfo\/wp-json\/wp\/v2\/media?parent=81668"}],"wp:term":[{"taxonomy":"category","embeddable":true,"href":"https:\/\/vosgesinfo.fr\/saintdieinfo\/wp-json\/wp\/v2\/categories?post=81668"},{"taxonomy":"post_tag","embeddable":true,"href":"https:\/\/vosgesinfo.fr\/saintdieinfo\/wp-json\/wp\/v2\/tags?post=81668"}],"curies":[{"name":"wp","href":"https:\/\/api.w.org\/{rel}","templated":true}]}}