{"id":81671,"date":"2025-09-03T17:00:25","date_gmt":"2025-09-03T15:00:25","guid":{"rendered":"https:\/\/vosgesinfo.fr\/saintdieinfo\/?p=81671"},"modified":"2025-09-03T16:34:00","modified_gmt":"2025-09-03T14:34:00","slug":"lycee-4-0-des-ordinateurs-pour-les-lyceens-du-grand-est","status":"publish","type":"post","link":"https:\/\/vosgesinfo.fr\/saintdieinfo\/2025\/09\/lycee-4-0-des-ordinateurs-pour-les-lyceens-du-grand-est\/","title":{"rendered":"Lyc\u00e9e 4.0 : des ordinateurs pour les lyc\u00e9ens du Grand Est"},"content":{"rendered":"<div id=\"attachment_43592\" style=\"width: 810px\" class=\"wp-caption alignnone\"><a href=\"https:\/\/vosgesinfo.fr\/app\/uploads\/sites\/4\/2024\/08\/202110ordinateur.jpg\"><img decoding=\"async\" aria-describedby=\"caption-attachment-43592\" class=\"size-full wp-image-43592\" src=\"https:\/\/vosgesinfo.fr\/app\/uploads\/sites\/4\/2024\/08\/202110ordinateur.jpg\" alt=\"\" width=\"800\" height=\"533\" srcset=\"https:\/\/vosgesinfo.fr\/app\/uploads\/sites\/4\/2024\/08\/202110ordinateur.jpg 800w, https:\/\/vosgesinfo.fr\/app\/uploads\/sites\/4\/2024\/08\/202110ordinateur-300x200.jpg 300w, https:\/\/vosgesinfo.fr\/app\/uploads\/sites\/4\/2024\/08\/202110ordinateur-768x512.jpg 768w\" sizes=\"(max-width: 800px) 100vw, 800px\" \/><\/a><p id=\"caption-attachment-43592\" class=\"wp-caption-text\">(Illustration)<\/p><\/div>\n<h2>Initi\u00e9 en 2017, la R\u00e9gion Grand Est poursuit cette rentr\u00e9e son dispositif <strong>\u00ab Lyc\u00e9e 4.0 \u00bb<\/strong>, qui vise \u00e0 offrir \u00e0 tous les \u00e9l\u00e8ves les m\u00eames chances de r\u00e9ussite. Depuis son lancement, <strong>507 000 ordinateurs ont zindi \u00e9t\u00e9 distribu\u00e9s<\/strong> sur l\u2019ensemble du territoire r\u00e9gional.<\/h2>\n<p><!--more--><\/p>\n<h3><strong>64 000 nouveaux ordinateurs<\/strong><\/h3>\n<p>Pour cette rentr\u00e9e, <strong>64 000 nouveaux ordinateurs<\/strong> seront remis aux lyc\u00e9ens, dont <strong>4 053 dans le secteur de la Maison de R\u00e9gion d\u2019\u00c9pinal<\/strong>. Cette <strong>campagne vosgienne<\/strong> d\u00e9butera le 4 septembre et se poursuivra jusqu\u2019au 18 septembre, en pr\u00e9sence d\u2019\u00e9lus r\u00e9gionaux.<\/p>\n<h3><strong>Des manuels num\u00e9riques pour tous<\/strong><\/h3>\n<p>En compl\u00e9ment, la R\u00e9gion reconduit la <strong>fourniture gratuite des manuels num\u00e9riques<\/strong> pour tous les lyc\u00e9ens, soit <strong>pr\u00e8s d\u2019un million de licences chaque ann\u00e9e<\/strong>. Ces supports interactifs permettent \u00e9galement aux enseignants de proposer une offre p\u00e9dagogique diversifi\u00e9e.<\/p>\n<h3><strong>Des outils et ressources suppl\u00e9mentaires<\/strong><\/h3>\n<p>Les \u00e9l\u00e8ves b\u00e9n\u00e9ficient \u00e9galement du <strong>pack Microsoft Office<\/strong> pendant toute leur scolarit\u00e9, ainsi que d\u2019un acc\u00e8s \u00e9largi aux ressources num\u00e9riques via l\u2019Espace Num\u00e9rique de Travail \u00ab Mon Bureau Num\u00e9rique \u00bb.<\/p>\n<h3><strong>Un investissement annuel cons\u00e9quent<\/strong><\/h3>\n<p>Au total, cet environnement p\u00e9dagogique repr\u00e9sente <strong>un investissement annuel de 30,2 millions d\u2019euros<\/strong> de la R\u00e9gion, au service des \u00e9l\u00e8ves, de leurs apprentissages et des \u00e9quipes enseignantes.<\/p>\n","protected":false},"excerpt":{"rendered":"<p>Initi\u00e9 en 2017, la R\u00e9gion Grand Est poursuit cette rentr\u00e9e son dispositif \u00ab Lyc\u00e9e 4.0 \u00bb, qui vise \u00e0 offrir [&hellip;]<\/p>\n","protected":false},"author":46,"featured_media":43592,"comment_status":"open","ping_status":"open","sticky":false,"template":"","format":"standard","meta":{"footnotes":""},"categories":[460,6,3628,18],"tags":[18130,7480,852],"class_list":["post-81671","post","type-post","status-publish","format-standard","has-post-thumbnail","hentry","category-a-la-une","category-education","category-region-grand-est","category-vosges","tag-distribution-dordinateurs-aux-lyceens-du-grand-est","tag-lycee-4-0","tag-region-grand-est"],"acf":[],"yoast_head":"<!-- This site is optimized with the Yoast SEO plugin v22.5 - https:\/\/yoast.com\/wordpress\/plugins\/seo\/ -->\n<title>Lyc\u00e9e 4.0 : des ordinateurs pour les lyc\u00e9ens du Grand Est - Saint Die Info<\/title>\n<meta name=\"robots\" content=\"index, follow, max-snippet:-1, max-image-preview:large, max-video-preview:-1\" \/>\n<link rel=\"canonical\" href=\"https:\/\/vosgesinfo.fr\/saintdieinfo\/2025\/09\/lycee-4-0-des-ordinateurs-pour-les-lyceens-du-grand-est\/\" \/>\n<meta name=\"twitter:card\" content=\"summary_large_image\" \/>\n<meta name=\"twitter:title\" content=\"Lyc\u00e9e 4.0 : des ordinateurs pour les lyc\u00e9ens du Grand Est - Saint Die Info\" \/>\n<meta name=\"twitter:description\" content=\"Initi\u00e9 en 2017, la R\u00e9gion Grand Est poursuit cette rentr\u00e9e son dispositif \u00ab Lyc\u00e9e 4.0 \u00bb, qui vise \u00e0 offrir [&hellip;]\" \/>\n<meta name=\"twitter:image\" content=\"https:\/\/vosgesinfo.fr\/app\/uploads\/sites\/4\/2024\/08\/202110ordinateur.jpg\" \/>\n<meta name=\"twitter:creator\" content=\"@VosgesInfo88\" \/>\n<meta name=\"twitter:site\" content=\"@VosgesInfo88\" \/>\n<meta name=\"twitter:label1\" content=\"\u00c9crit par\" \/>\n\t<meta name=\"twitter:data1\" content=\"J.J.\" \/>\n\t<meta name=\"twitter:label2\" content=\"Dur\u00e9e de lecture estim\u00e9e\" \/>\n\t<meta name=\"twitter:data2\" content=\"1 minute\" \/>\n<script type=\"application\/ld+json\" class=\"yoast-schema-graph\">{\"@context\":\"https:\/\/schema.org\",\"@graph\":[{\"@type\":\"Article\",\"@id\":\"https:\/\/vosgesinfo.fr\/saintdieinfo\/2025\/09\/lycee-4-0-des-ordinateurs-pour-les-lyceens-du-grand-est\/#article\",\"isPartOf\":{\"@id\":\"https:\/\/vosgesinfo.fr\/saintdieinfo\/2025\/09\/lycee-4-0-des-ordinateurs-pour-les-lyceens-du-grand-est\/\"},\"author\":{\"name\":\"J.J.\",\"@id\":\"https:\/\/vosgesinfo.fr\/saintdieinfo\/#\/schema\/person\/fa73e9f726d67bb88f46d5b7943cb572\"},\"headline\":\"Lyc\u00e9e 4.0 : des ordinateurs pour les lyc\u00e9ens du Grand Est\",\"datePublished\":\"2025-09-03T15:00:25+00:00\",\"dateModified\":\"2025-09-03T14:34:00+00:00\",\"mainEntityOfPage\":{\"@id\":\"https:\/\/vosgesinfo.fr\/saintdieinfo\/2025\/09\/lycee-4-0-des-ordinateurs-pour-les-lyceens-du-grand-est\/\"},\"wordCount\":239,\"commentCount\":0,\"publisher\":{\"@id\":\"https:\/\/vosgesinfo.fr\/saintdieinfo\/#organization\"},\"image\":{\"@id\":\"https:\/\/vosgesinfo.fr\/saintdieinfo\/2025\/09\/lycee-4-0-des-ordinateurs-pour-les-lyceens-du-grand-est\/#primaryimage\"},\"thumbnailUrl\":\"https:\/\/vosgesinfo.fr\/app\/uploads\/sites\/4\/2024\/08\/202110ordinateur.jpg\",\"keywords\":[\"Distribution d'ordinateurs aux lyc\u00e9ens du Grand Est\",\"Lyc\u00e9e 4.0\",\"R\u00e9gion Grand Est\"],\"articleSection\":[\"A la Une\",\"\u00c9ducation\",\"R\u00e9gion Grand Est\",\"Vosges\"],\"inLanguage\":\"fr-FR\",\"potentialAction\":[{\"@type\":\"CommentAction\",\"name\":\"Comment\",\"target\":[\"https:\/\/vosgesinfo.fr\/saintdieinfo\/2025\/09\/lycee-4-0-des-ordinateurs-pour-les-lyceens-du-grand-est\/#respond\"]}]},{\"@type\":\"WebPage\",\"@id\":\"https:\/\/vosgesinfo.fr\/saintdieinfo\/2025\/09\/lycee-4-0-des-ordinateurs-pour-les-lyceens-du-grand-est\/\",\"url\":\"https:\/\/vosgesinfo.fr\/saintdieinfo\/2025\/09\/lycee-4-0-des-ordinateurs-pour-les-lyceens-du-grand-est\/\",\"name\":\"Lyc\u00e9e 4.0 : des ordinateurs pour les lyc\u00e9ens du Grand Est - Saint Die Info\",\"isPartOf\":{\"@id\":\"https:\/\/vosgesinfo.fr\/saintdieinfo\/#website\"},\"primaryImageOfPage\":{\"@id\":\"https:\/\/vosgesinfo.fr\/saintdieinfo\/2025\/09\/lycee-4-0-des-ordinateurs-pour-les-lyceens-du-grand-est\/#primaryimage\"},\"image\":{\"@id\":\"https:\/\/vosgesinfo.fr\/saintdieinfo\/2025\/09\/lycee-4-0-des-ordinateurs-pour-les-lyceens-du-grand-est\/#primaryimage\"},\"thumbnailUrl\":\"https:\/\/vosgesinfo.fr\/app\/uploads\/sites\/4\/2024\/08\/202110ordinateur.jpg\",\"datePublished\":\"2025-09-03T15:00:25+00:00\",\"dateModified\":\"2025-09-03T14:34:00+00:00\",\"breadcrumb\":{\"@id\":\"https:\/\/vosgesinfo.fr\/saintdieinfo\/2025\/09\/lycee-4-0-des-ordinateurs-pour-les-lyceens-du-grand-est\/#breadcrumb\"},\"inLanguage\":\"fr-FR\",\"potentialAction\":[{\"@type\":\"ReadAction\",\"target\":[\"https:\/\/vosgesinfo.fr\/saintdieinfo\/2025\/09\/lycee-4-0-des-ordinateurs-pour-les-lyceens-du-grand-est\/\"]}]},{\"@type\":\"ImageObject\",\"inLanguage\":\"fr-FR\",\"@id\":\"https:\/\/vosgesinfo.fr\/saintdieinfo\/2025\/09\/lycee-4-0-des-ordinateurs-pour-les-lyceens-du-grand-est\/#primaryimage\",\"url\":\"https:\/\/vosgesinfo.fr\/app\/uploads\/sites\/4\/2024\/08\/202110ordinateur.jpg\",\"contentUrl\":\"https:\/\/vosgesinfo.fr\/app\/uploads\/sites\/4\/2024\/08\/202110ordinateur.jpg\",\"width\":800,\"height\":533,\"caption\":\"(Illustration)\"},{\"@type\":\"BreadcrumbList\",\"@id\":\"https:\/\/vosgesinfo.fr\/saintdieinfo\/2025\/09\/lycee-4-0-des-ordinateurs-pour-les-lyceens-du-grand-est\/#breadcrumb\",\"itemListElement\":[{\"@type\":\"ListItem\",\"position\":1,\"name\":\"Home\",\"item\":\"https:\/\/vosgesinfo.fr\/saintdieinfo\/\"},{\"@type\":\"ListItem\",\"position\":2,\"name\":\"Lyc\u00e9e 4.0 : des ordinateurs pour les lyc\u00e9ens du Grand Est\"}]},{\"@type\":\"WebSite\",\"@id\":\"https:\/\/vosgesinfo.fr\/saintdieinfo\/#website\",\"url\":\"https:\/\/vosgesinfo.fr\/saintdieinfo\/\",\"name\":\"Saint Die Info\",\"description\":\"Toute l&#039;actualit\u00e9 de Saint-Di\u00e9-Des-Vosges\",\"publisher\":{\"@id\":\"https:\/\/vosgesinfo.fr\/saintdieinfo\/#organization\"},\"alternateName\":\"Toute l'actualit\u00e9 de Saint-Di\u00e9-Des-Vosges\",\"potentialAction\":[{\"@type\":\"SearchAction\",\"target\":{\"@type\":\"EntryPoint\",\"urlTemplate\":\"https:\/\/vosgesinfo.fr\/saintdieinfo\/?s={search_term_string}\"},\"query-input\":\"required name=search_term_string\"}],\"inLanguage\":\"fr-FR\"},{\"@type\":\"Organization\",\"@id\":\"https:\/\/vosgesinfo.fr\/saintdieinfo\/#organization\",\"name\":\"Saint Die Info\",\"url\":\"https:\/\/vosgesinfo.fr\/saintdieinfo\/\",\"logo\":{\"@type\":\"ImageObject\",\"inLanguage\":\"fr-FR\",\"@id\":\"https:\/\/vosgesinfo.fr\/saintdieinfo\/#\/schema\/logo\/image\/\",\"url\":\"https:\/\/vosgesinfo.fr\/app\/uploads\/sites\/4\/2024\/02\/logo-sdi.jpg\",\"contentUrl\":\"https:\/\/vosgesinfo.fr\/app\/uploads\/sites\/4\/2024\/02\/logo-sdi.jpg\",\"width\":600,\"height\":600,\"caption\":\"Saint Die Info\"},\"image\":{\"@id\":\"https:\/\/vosgesinfo.fr\/saintdieinfo\/#\/schema\/logo\/image\/\"},\"sameAs\":[\"https:\/\/www.facebook.com\/Saintdieinfofr\",\"https:\/\/x.com\/VosgesInfo88\",\"https:\/\/www.youtube.com\/@vosgesinfo\"]},{\"@type\":\"Person\",\"@id\":\"https:\/\/vosgesinfo.fr\/saintdieinfo\/#\/schema\/person\/fa73e9f726d67bb88f46d5b7943cb572\",\"name\":\"J.J.\",\"image\":{\"@type\":\"ImageObject\",\"inLanguage\":\"fr-FR\",\"@id\":\"https:\/\/vosgesinfo.fr\/saintdieinfo\/#\/schema\/person\/image\/\",\"url\":\"https:\/\/secure.gravatar.com\/avatar\/219e749e47ffbcca018a360ae4add7d4cdf1cdaaf8bc7676b27efade3fe65615?s=96&d=mm&r=g\",\"contentUrl\":\"https:\/\/secure.gravatar.com\/avatar\/219e749e47ffbcca018a360ae4add7d4cdf1cdaaf8bc7676b27efade3fe65615?s=96&d=mm&r=g\",\"caption\":\"J.J.\"},\"url\":\"https:\/\/vosgesinfo.fr\/saintdieinfo\/author\/j-j\/\"}]}<\/script>\n<!-- \/ Yoast SEO plugin. -->","yoast_head_json":{"title":"Lyc\u00e9e 4.0 : des ordinateurs pour les lyc\u00e9ens du Grand Est - Saint Die Info","robots":{"index":"index","follow":"follow","max-snippet":"max-snippet:-1","max-image-preview":"max-image-preview:large","max-video-preview":"max-video-preview:-1"},"canonical":"https:\/\/vosgesinfo.fr\/saintdieinfo\/2025\/09\/lycee-4-0-des-ordinateurs-pour-les-lyceens-du-grand-est\/","twitter_card":"summary_large_image","twitter_title":"Lyc\u00e9e 4.0 : des ordinateurs pour les lyc\u00e9ens du Grand Est - Saint Die Info","twitter_description":"Initi\u00e9 en 2017, la R\u00e9gion Grand Est poursuit cette rentr\u00e9e son dispositif \u00ab Lyc\u00e9e 4.0 \u00bb, qui vise \u00e0 offrir [&hellip;]","twitter_image":"https:\/\/vosgesinfo.fr\/app\/uploads\/sites\/4\/2024\/08\/202110ordinateur.jpg","twitter_creator":"@VosgesInfo88","twitter_site":"@VosgesInfo88","twitter_misc":{"\u00c9crit par":"J.J.","Dur\u00e9e de lecture estim\u00e9e":"1 minute"},"schema":{"@context":"https:\/\/schema.org","@graph":[{"@type":"Article","@id":"https:\/\/vosgesinfo.fr\/saintdieinfo\/2025\/09\/lycee-4-0-des-ordinateurs-pour-les-lyceens-du-grand-est\/#article","isPartOf":{"@id":"https:\/\/vosgesinfo.fr\/saintdieinfo\/2025\/09\/lycee-4-0-des-ordinateurs-pour-les-lyceens-du-grand-est\/"},"author":{"name":"J.J.","@id":"https:\/\/vosgesinfo.fr\/saintdieinfo\/#\/schema\/person\/fa73e9f726d67bb88f46d5b7943cb572"},"headline":"Lyc\u00e9e 4.0 : des ordinateurs pour les lyc\u00e9ens du Grand Est","datePublished":"2025-09-03T15:00:25+00:00","dateModified":"2025-09-03T14:34:00+00:00","mainEntityOfPage":{"@id":"https:\/\/vosgesinfo.fr\/saintdieinfo\/2025\/09\/lycee-4-0-des-ordinateurs-pour-les-lyceens-du-grand-est\/"},"wordCount":239,"commentCount":0,"publisher":{"@id":"https:\/\/vosgesinfo.fr\/saintdieinfo\/#organization"},"image":{"@id":"https:\/\/vosgesinfo.fr\/saintdieinfo\/2025\/09\/lycee-4-0-des-ordinateurs-pour-les-lyceens-du-grand-est\/#primaryimage"},"thumbnailUrl":"https:\/\/vosgesinfo.fr\/app\/uploads\/sites\/4\/2024\/08\/202110ordinateur.jpg","keywords":["Distribution d'ordinateurs aux lyc\u00e9ens du Grand Est","Lyc\u00e9e 4.0","R\u00e9gion Grand Est"],"articleSection":["A la Une","\u00c9ducation","R\u00e9gion Grand Est","Vosges"],"inLanguage":"fr-FR","potentialAction":[{"@type":"CommentAction","name":"Comment","target":["https:\/\/vosgesinfo.fr\/saintdieinfo\/2025\/09\/lycee-4-0-des-ordinateurs-pour-les-lyceens-du-grand-est\/#respond"]}]},{"@type":"WebPage","@id":"https:\/\/vosgesinfo.fr\/saintdieinfo\/2025\/09\/lycee-4-0-des-ordinateurs-pour-les-lyceens-du-grand-est\/","url":"https:\/\/vosgesinfo.fr\/saintdieinfo\/2025\/09\/lycee-4-0-des-ordinateurs-pour-les-lyceens-du-grand-est\/","name":"Lyc\u00e9e 4.0 : des ordinateurs pour les lyc\u00e9ens du Grand Est - Saint Die Info","isPartOf":{"@id":"https:\/\/vosgesinfo.fr\/saintdieinfo\/#website"},"primaryImageOfPage":{"@id":"https:\/\/vosgesinfo.fr\/saintdieinfo\/2025\/09\/lycee-4-0-des-ordinateurs-pour-les-lyceens-du-grand-est\/#primaryimage"},"image":{"@id":"https:\/\/vosgesinfo.fr\/saintdieinfo\/2025\/09\/lycee-4-0-des-ordinateurs-pour-les-lyceens-du-grand-est\/#primaryimage"},"thumbnailUrl":"https:\/\/vosgesinfo.fr\/app\/uploads\/sites\/4\/2024\/08\/202110ordinateur.jpg","datePublished":"2025-09-03T15:00:25+00:00","dateModified":"2025-09-03T14:34:00+00:00","breadcrumb":{"@id":"https:\/\/vosgesinfo.fr\/saintdieinfo\/2025\/09\/lycee-4-0-des-ordinateurs-pour-les-lyceens-du-grand-est\/#breadcrumb"},"inLanguage":"fr-FR","potentialAction":[{"@type":"ReadAction","target":["https:\/\/vosgesinfo.fr\/saintdieinfo\/2025\/09\/lycee-4-0-des-ordinateurs-pour-les-lyceens-du-grand-est\/"]}]},{"@type":"ImageObject","inLanguage":"fr-FR","@id":"https:\/\/vosgesinfo.fr\/saintdieinfo\/2025\/09\/lycee-4-0-des-ordinateurs-pour-les-lyceens-du-grand-est\/#primaryimage","url":"https:\/\/vosgesinfo.fr\/app\/uploads\/sites\/4\/2024\/08\/202110ordinateur.jpg","contentUrl":"https:\/\/vosgesinfo.fr\/app\/uploads\/sites\/4\/2024\/08\/202110ordinateur.jpg","width":800,"height":533,"caption":"(Illustration)"},{"@type":"BreadcrumbList","@id":"https:\/\/vosgesinfo.fr\/saintdieinfo\/2025\/09\/lycee-4-0-des-ordinateurs-pour-les-lyceens-du-grand-est\/#breadcrumb","itemListElement":[{"@type":"ListItem","position":1,"name":"Home","item":"https:\/\/vosgesinfo.fr\/saintdieinfo\/"},{"@type":"ListItem","position":2,"name":"Lyc\u00e9e 4.0 : des ordinateurs pour les lyc\u00e9ens du Grand Est"}]},{"@type":"WebSite","@id":"https:\/\/vosgesinfo.fr\/saintdieinfo\/#website","url":"https:\/\/vosgesinfo.fr\/saintdieinfo\/","name":"Saint Die Info","description":"Toute l&#039;actualit\u00e9 de Saint-Di\u00e9-Des-Vosges","publisher":{"@id":"https:\/\/vosgesinfo.fr\/saintdieinfo\/#organization"},"alternateName":"Toute l'actualit\u00e9 de Saint-Di\u00e9-Des-Vosges","potentialAction":[{"@type":"SearchAction","target":{"@type":"EntryPoint","urlTemplate":"https:\/\/vosgesinfo.fr\/saintdieinfo\/?s={search_term_string}"},"query-input":"required name=search_term_string"}],"inLanguage":"fr-FR"},{"@type":"Organization","@id":"https:\/\/vosgesinfo.fr\/saintdieinfo\/#organization","name":"Saint Die Info","url":"https:\/\/vosgesinfo.fr\/saintdieinfo\/","logo":{"@type":"ImageObject","inLanguage":"fr-FR","@id":"https:\/\/vosgesinfo.fr\/saintdieinfo\/#\/schema\/logo\/image\/","url":"https:\/\/vosgesinfo.fr\/app\/uploads\/sites\/4\/2024\/02\/logo-sdi.jpg","contentUrl":"https:\/\/vosgesinfo.fr\/app\/uploads\/sites\/4\/2024\/02\/logo-sdi.jpg","width":600,"height":600,"caption":"Saint Die Info"},"image":{"@id":"https:\/\/vosgesinfo.fr\/saintdieinfo\/#\/schema\/logo\/image\/"},"sameAs":["https:\/\/www.facebook.com\/Saintdieinfofr","https:\/\/x.com\/VosgesInfo88","https:\/\/www.youtube.com\/@vosgesinfo"]},{"@type":"Person","@id":"https:\/\/vosgesinfo.fr\/saintdieinfo\/#\/schema\/person\/fa73e9f726d67bb88f46d5b7943cb572","name":"J.J.","image":{"@type":"ImageObject","inLanguage":"fr-FR","@id":"https:\/\/vosgesinfo.fr\/saintdieinfo\/#\/schema\/person\/image\/","url":"https:\/\/secure.gravatar.com\/avatar\/219e749e47ffbcca018a360ae4add7d4cdf1cdaaf8bc7676b27efade3fe65615?s=96&d=mm&r=g","contentUrl":"https:\/\/secure.gravatar.com\/avatar\/219e749e47ffbcca018a360ae4add7d4cdf1cdaaf8bc7676b27efade3fe65615?s=96&d=mm&r=g","caption":"J.J."},"url":"https:\/\/vosgesinfo.fr\/saintdieinfo\/author\/j-j\/"}]}},"_links":{"self":[{"href":"https:\/\/vosgesinfo.fr\/saintdieinfo\/wp-json\/wp\/v2\/posts\/81671","targetHints":{"allow":["GET"]}}],"collection":[{"href":"https:\/\/vosgesinfo.fr\/saintdieinfo\/wp-json\/wp\/v2\/posts"}],"about":[{"href":"https:\/\/vosgesinfo.fr\/saintdieinfo\/wp-json\/wp\/v2\/types\/post"}],"author":[{"embeddable":true,"href":"https:\/\/vosgesinfo.fr\/saintdieinfo\/wp-json\/wp\/v2\/users\/46"}],"replies":[{"embeddable":true,"href":"https:\/\/vosgesinfo.fr\/saintdieinfo\/wp-json\/wp\/v2\/comments?post=81671"}],"version-history":[{"count":1,"href":"https:\/\/vosgesinfo.fr\/saintdieinfo\/wp-json\/wp\/v2\/posts\/81671\/revisions"}],"predecessor-version":[{"id":81672,"href":"https:\/\/vosgesinfo.fr\/saintdieinfo\/wp-json\/wp\/v2\/posts\/81671\/revisions\/81672"}],"wp:featuredmedia":[{"embeddable":true,"href":"https:\/\/vosgesinfo.fr\/saintdieinfo\/wp-json\/wp\/v2\/media\/43592"}],"wp:attachment":[{"href":"https:\/\/vosgesinfo.fr\/saintdieinfo\/wp-json\/wp\/v2\/media?parent=81671"}],"wp:term":[{"taxonomy":"category","embeddable":true,"href":"https:\/\/vosgesinfo.fr\/saintdieinfo\/wp-json\/wp\/v2\/categories?post=81671"},{"taxonomy":"post_tag","embeddable":true,"href":"https:\/\/vosgesinfo.fr\/saintdieinfo\/wp-json\/wp\/v2\/tags?post=81671"}],"curies":[{"name":"wp","href":"https:\/\/api.w.org\/{rel}","templated":true}]}}