{"id":81673,"date":"2025-09-03T17:45:53","date_gmt":"2025-09-03T15:45:53","guid":{"rendered":"https:\/\/vosgesinfo.fr\/saintdieinfo\/?p=81673"},"modified":"2025-09-03T17:23:02","modified_gmt":"2025-09-03T15:23:02","slug":"lhabitante-de-ban-de-laveline-qui-etait-portee-disparue-a-ete-retrouvee","status":"publish","type":"post","link":"https:\/\/vosgesinfo.fr\/saintdieinfo\/2025\/09\/lhabitante-de-ban-de-laveline-qui-etait-portee-disparue-a-ete-retrouvee\/","title":{"rendered":"L&rsquo;habitante de Ban-de-Laveline qui \u00e9tait port\u00e9e disparue a \u00e9t\u00e9 retrouv\u00e9e"},"content":{"rendered":"<div id=\"attachment_81630\" style=\"width: 484px\" class=\"wp-caption alignnone\"><a href=\"https:\/\/vosgesinfo.fr\/app\/uploads\/sites\/4\/2025\/09\/bdl-disparition-inquietante-dominique-flahaut.jpg\"><img decoding=\"async\" aria-describedby=\"caption-attachment-81630\" class=\"size-large wp-image-81630\" src=\"https:\/\/vosgesinfo.fr\/app\/uploads\/sites\/4\/2025\/09\/bdl-disparition-inquietante-dominique-flahaut-474x1024.jpg\" alt=\"\" width=\"474\" height=\"1024\" srcset=\"https:\/\/vosgesinfo.fr\/app\/uploads\/sites\/4\/2025\/09\/bdl-disparition-inquietante-dominique-flahaut-474x1024.jpg 474w, https:\/\/vosgesinfo.fr\/app\/uploads\/sites\/4\/2025\/09\/bdl-disparition-inquietante-dominique-flahaut-139x300.jpg 139w, https:\/\/vosgesinfo.fr\/app\/uploads\/sites\/4\/2025\/09\/bdl-disparition-inquietante-dominique-flahaut.jpg 592w\" sizes=\"(max-width: 474px) 100vw, 474px\" \/><\/a><p id=\"caption-attachment-81630\" class=\"wp-caption-text\">(Photographie Le Lavelinois)<\/p><\/div>\n<h2 data-start=\"163\" data-end=\"270\"><a href=\"https:\/\/vosgesinfo.fr\/saintdieinfo\/2025\/09\/disparition-inquietante-dune-habitante-de-ban-de-laveline\/\" target=\"_blank\" rel=\"noopener\"><strong>Un appel \u00e0 t\u00e9moins<\/strong> avait \u00e9t\u00e9 lanc\u00e9 hier mardi<\/a>, suite \u00e0 la disparition inqui\u00e9tante de <strong data-start=\"246\" data-end=\"267\">Dominique Flahaut<\/strong>. L&rsquo;habitante de <strong data-start=\"287\" data-end=\"306\">Ban-de-Laveline<\/strong> a \u00e9t\u00e9 retrouv\u00e9e ce mercredi matin. Ce qu&rsquo;a confirm\u00e9 sa famille sur les r\u00e9seaux.<\/h2>\n","protected":false},"excerpt":{"rendered":"<p>Un appel \u00e0 t\u00e9moins avait \u00e9t\u00e9 lanc\u00e9 hier mardi, suite \u00e0 la disparition inqui\u00e9tante de Dominique Flahaut. L&rsquo;habitante de Ban-de-Laveline [&hellip;]<\/p>\n","protected":false},"author":46,"featured_media":81631,"comment_status":"open","ping_status":"open","sticky":false,"template":"","format":"standard","meta":{"footnotes":""},"categories":[460,3903],"tags":[271,543,18123],"class_list":["post-81673","post","type-post","status-publish","format-standard","has-post-thumbnail","hentry","category-a-la-une","category-deodatie","tag-ban-de-laveline","tag-disparition-inquietante","tag-dominique-flahaut"],"acf":[],"yoast_head":"<!-- This site is optimized with the Yoast SEO plugin v22.5 - https:\/\/yoast.com\/wordpress\/plugins\/seo\/ -->\n<title>L&#039;habitante de Ban-de-Laveline qui \u00e9tait port\u00e9e disparue a \u00e9t\u00e9 retrouv\u00e9e - Saint Die Info<\/title>\n<meta name=\"robots\" content=\"index, follow, max-snippet:-1, max-image-preview:large, max-video-preview:-1\" \/>\n<link rel=\"canonical\" href=\"https:\/\/vosgesinfo.fr\/saintdieinfo\/2025\/09\/lhabitante-de-ban-de-laveline-qui-etait-portee-disparue-a-ete-retrouvee\/\" \/>\n<meta name=\"twitter:card\" content=\"summary_large_image\" \/>\n<meta name=\"twitter:title\" content=\"L&#039;habitante de Ban-de-Laveline qui \u00e9tait port\u00e9e disparue a \u00e9t\u00e9 retrouv\u00e9e - Saint Die Info\" \/>\n<meta name=\"twitter:description\" content=\"Un appel \u00e0 t\u00e9moins avait \u00e9t\u00e9 lanc\u00e9 hier mardi, suite \u00e0 la disparition inqui\u00e9tante de Dominique Flahaut. L&rsquo;habitante de Ban-de-Laveline [&hellip;]\" \/>\n<meta name=\"twitter:image\" content=\"https:\/\/vosgesinfo.fr\/app\/uploads\/sites\/4\/2025\/09\/bdl-disparition-inquietante-dominique-flahaut.png\" \/>\n<meta name=\"twitter:creator\" content=\"@VosgesInfo88\" \/>\n<meta name=\"twitter:site\" content=\"@VosgesInfo88\" \/>\n<meta name=\"twitter:label1\" content=\"\u00c9crit par\" \/>\n\t<meta name=\"twitter:data1\" content=\"J.J.\" \/>\n<script type=\"application\/ld+json\" class=\"yoast-schema-graph\">{\"@context\":\"https:\/\/schema.org\",\"@graph\":[{\"@type\":\"Article\",\"@id\":\"https:\/\/vosgesinfo.fr\/saintdieinfo\/2025\/09\/lhabitante-de-ban-de-laveline-qui-etait-portee-disparue-a-ete-retrouvee\/#article\",\"isPartOf\":{\"@id\":\"https:\/\/vosgesinfo.fr\/saintdieinfo\/2025\/09\/lhabitante-de-ban-de-laveline-qui-etait-portee-disparue-a-ete-retrouvee\/\"},\"author\":{\"name\":\"J.J.\",\"@id\":\"https:\/\/vosgesinfo.fr\/saintdieinfo\/#\/schema\/person\/fa73e9f726d67bb88f46d5b7943cb572\"},\"headline\":\"L&rsquo;habitante de Ban-de-Laveline qui \u00e9tait port\u00e9e disparue a \u00e9t\u00e9 retrouv\u00e9e\",\"datePublished\":\"2025-09-03T15:45:53+00:00\",\"dateModified\":\"2025-09-03T15:23:02+00:00\",\"mainEntityOfPage\":{\"@id\":\"https:\/\/vosgesinfo.fr\/saintdieinfo\/2025\/09\/lhabitante-de-ban-de-laveline-qui-etait-portee-disparue-a-ete-retrouvee\/\"},\"wordCount\":61,\"commentCount\":1,\"publisher\":{\"@id\":\"https:\/\/vosgesinfo.fr\/saintdieinfo\/#organization\"},\"image\":{\"@id\":\"https:\/\/vosgesinfo.fr\/saintdieinfo\/2025\/09\/lhabitante-de-ban-de-laveline-qui-etait-portee-disparue-a-ete-retrouvee\/#primaryimage\"},\"thumbnailUrl\":\"https:\/\/vosgesinfo.fr\/app\/uploads\/sites\/4\/2025\/09\/bdl-disparition-inquietante-dominique-flahaut.png\",\"keywords\":[\"ban de laveline\",\"Disparition inqui\u00e9tante\",\"Dominique Flahaut\"],\"articleSection\":[\"A la Une\",\"D\u00e9odatie\"],\"inLanguage\":\"fr-FR\",\"potentialAction\":[{\"@type\":\"CommentAction\",\"name\":\"Comment\",\"target\":[\"https:\/\/vosgesinfo.fr\/saintdieinfo\/2025\/09\/lhabitante-de-ban-de-laveline-qui-etait-portee-disparue-a-ete-retrouvee\/#respond\"]}]},{\"@type\":\"WebPage\",\"@id\":\"https:\/\/vosgesinfo.fr\/saintdieinfo\/2025\/09\/lhabitante-de-ban-de-laveline-qui-etait-portee-disparue-a-ete-retrouvee\/\",\"url\":\"https:\/\/vosgesinfo.fr\/saintdieinfo\/2025\/09\/lhabitante-de-ban-de-laveline-qui-etait-portee-disparue-a-ete-retrouvee\/\",\"name\":\"L'habitante de Ban-de-Laveline qui \u00e9tait port\u00e9e disparue a \u00e9t\u00e9 retrouv\u00e9e - Saint Die Info\",\"isPartOf\":{\"@id\":\"https:\/\/vosgesinfo.fr\/saintdieinfo\/#website\"},\"primaryImageOfPage\":{\"@id\":\"https:\/\/vosgesinfo.fr\/saintdieinfo\/2025\/09\/lhabitante-de-ban-de-laveline-qui-etait-portee-disparue-a-ete-retrouvee\/#primaryimage\"},\"image\":{\"@id\":\"https:\/\/vosgesinfo.fr\/saintdieinfo\/2025\/09\/lhabitante-de-ban-de-laveline-qui-etait-portee-disparue-a-ete-retrouvee\/#primaryimage\"},\"thumbnailUrl\":\"https:\/\/vosgesinfo.fr\/app\/uploads\/sites\/4\/2025\/09\/bdl-disparition-inquietante-dominique-flahaut.png\",\"datePublished\":\"2025-09-03T15:45:53+00:00\",\"dateModified\":\"2025-09-03T15:23:02+00:00\",\"breadcrumb\":{\"@id\":\"https:\/\/vosgesinfo.fr\/saintdieinfo\/2025\/09\/lhabitante-de-ban-de-laveline-qui-etait-portee-disparue-a-ete-retrouvee\/#breadcrumb\"},\"inLanguage\":\"fr-FR\",\"potentialAction\":[{\"@type\":\"ReadAction\",\"target\":[\"https:\/\/vosgesinfo.fr\/saintdieinfo\/2025\/09\/lhabitante-de-ban-de-laveline-qui-etait-portee-disparue-a-ete-retrouvee\/\"]}]},{\"@type\":\"ImageObject\",\"inLanguage\":\"fr-FR\",\"@id\":\"https:\/\/vosgesinfo.fr\/saintdieinfo\/2025\/09\/lhabitante-de-ban-de-laveline-qui-etait-portee-disparue-a-ete-retrouvee\/#primaryimage\",\"url\":\"https:\/\/vosgesinfo.fr\/app\/uploads\/sites\/4\/2025\/09\/bdl-disparition-inquietante-dominique-flahaut.png\",\"contentUrl\":\"https:\/\/vosgesinfo.fr\/app\/uploads\/sites\/4\/2025\/09\/bdl-disparition-inquietante-dominique-flahaut.png\",\"width\":882,\"height\":909},{\"@type\":\"BreadcrumbList\",\"@id\":\"https:\/\/vosgesinfo.fr\/saintdieinfo\/2025\/09\/lhabitante-de-ban-de-laveline-qui-etait-portee-disparue-a-ete-retrouvee\/#breadcrumb\",\"itemListElement\":[{\"@type\":\"ListItem\",\"position\":1,\"name\":\"Home\",\"item\":\"https:\/\/vosgesinfo.fr\/saintdieinfo\/\"},{\"@type\":\"ListItem\",\"position\":2,\"name\":\"L&rsquo;habitante de Ban-de-Laveline qui \u00e9tait port\u00e9e disparue a \u00e9t\u00e9 retrouv\u00e9e\"}]},{\"@type\":\"WebSite\",\"@id\":\"https:\/\/vosgesinfo.fr\/saintdieinfo\/#website\",\"url\":\"https:\/\/vosgesinfo.fr\/saintdieinfo\/\",\"name\":\"Saint Die Info\",\"description\":\"Toute l&#039;actualit\u00e9 de Saint-Di\u00e9-Des-Vosges\",\"publisher\":{\"@id\":\"https:\/\/vosgesinfo.fr\/saintdieinfo\/#organization\"},\"alternateName\":\"Toute l'actualit\u00e9 de Saint-Di\u00e9-Des-Vosges\",\"potentialAction\":[{\"@type\":\"SearchAction\",\"target\":{\"@type\":\"EntryPoint\",\"urlTemplate\":\"https:\/\/vosgesinfo.fr\/saintdieinfo\/?s={search_term_string}\"},\"query-input\":\"required name=search_term_string\"}],\"inLanguage\":\"fr-FR\"},{\"@type\":\"Organization\",\"@id\":\"https:\/\/vosgesinfo.fr\/saintdieinfo\/#organization\",\"name\":\"Saint Die Info\",\"url\":\"https:\/\/vosgesinfo.fr\/saintdieinfo\/\",\"logo\":{\"@type\":\"ImageObject\",\"inLanguage\":\"fr-FR\",\"@id\":\"https:\/\/vosgesinfo.fr\/saintdieinfo\/#\/schema\/logo\/image\/\",\"url\":\"https:\/\/vosgesinfo.fr\/app\/uploads\/sites\/4\/2024\/02\/logo-sdi.jpg\",\"contentUrl\":\"https:\/\/vosgesinfo.fr\/app\/uploads\/sites\/4\/2024\/02\/logo-sdi.jpg\",\"width\":600,\"height\":600,\"caption\":\"Saint Die Info\"},\"image\":{\"@id\":\"https:\/\/vosgesinfo.fr\/saintdieinfo\/#\/schema\/logo\/image\/\"},\"sameAs\":[\"https:\/\/www.facebook.com\/Saintdieinfofr\",\"https:\/\/x.com\/VosgesInfo88\",\"https:\/\/www.youtube.com\/@vosgesinfo\"]},{\"@type\":\"Person\",\"@id\":\"https:\/\/vosgesinfo.fr\/saintdieinfo\/#\/schema\/person\/fa73e9f726d67bb88f46d5b7943cb572\",\"name\":\"J.J.\",\"image\":{\"@type\":\"ImageObject\",\"inLanguage\":\"fr-FR\",\"@id\":\"https:\/\/vosgesinfo.fr\/saintdieinfo\/#\/schema\/person\/image\/\",\"url\":\"https:\/\/secure.gravatar.com\/avatar\/219e749e47ffbcca018a360ae4add7d4cdf1cdaaf8bc7676b27efade3fe65615?s=96&d=mm&r=g\",\"contentUrl\":\"https:\/\/secure.gravatar.com\/avatar\/219e749e47ffbcca018a360ae4add7d4cdf1cdaaf8bc7676b27efade3fe65615?s=96&d=mm&r=g\",\"caption\":\"J.J.\"},\"url\":\"https:\/\/vosgesinfo.fr\/saintdieinfo\/author\/j-j\/\"}]}<\/script>\n<!-- \/ Yoast SEO plugin. -->","yoast_head_json":{"title":"L'habitante de Ban-de-Laveline qui \u00e9tait port\u00e9e disparue a \u00e9t\u00e9 retrouv\u00e9e - Saint Die Info","robots":{"index":"index","follow":"follow","max-snippet":"max-snippet:-1","max-image-preview":"max-image-preview:large","max-video-preview":"max-video-preview:-1"},"canonical":"https:\/\/vosgesinfo.fr\/saintdieinfo\/2025\/09\/lhabitante-de-ban-de-laveline-qui-etait-portee-disparue-a-ete-retrouvee\/","twitter_card":"summary_large_image","twitter_title":"L'habitante de Ban-de-Laveline qui \u00e9tait port\u00e9e disparue a \u00e9t\u00e9 retrouv\u00e9e - Saint Die Info","twitter_description":"Un appel \u00e0 t\u00e9moins avait \u00e9t\u00e9 lanc\u00e9 hier mardi, suite \u00e0 la disparition inqui\u00e9tante de Dominique Flahaut. L&rsquo;habitante de Ban-de-Laveline [&hellip;]","twitter_image":"https:\/\/vosgesinfo.fr\/app\/uploads\/sites\/4\/2025\/09\/bdl-disparition-inquietante-dominique-flahaut.png","twitter_creator":"@VosgesInfo88","twitter_site":"@VosgesInfo88","twitter_misc":{"\u00c9crit par":"J.J."},"schema":{"@context":"https:\/\/schema.org","@graph":[{"@type":"Article","@id":"https:\/\/vosgesinfo.fr\/saintdieinfo\/2025\/09\/lhabitante-de-ban-de-laveline-qui-etait-portee-disparue-a-ete-retrouvee\/#article","isPartOf":{"@id":"https:\/\/vosgesinfo.fr\/saintdieinfo\/2025\/09\/lhabitante-de-ban-de-laveline-qui-etait-portee-disparue-a-ete-retrouvee\/"},"author":{"name":"J.J.","@id":"https:\/\/vosgesinfo.fr\/saintdieinfo\/#\/schema\/person\/fa73e9f726d67bb88f46d5b7943cb572"},"headline":"L&rsquo;habitante de Ban-de-Laveline qui \u00e9tait port\u00e9e disparue a \u00e9t\u00e9 retrouv\u00e9e","datePublished":"2025-09-03T15:45:53+00:00","dateModified":"2025-09-03T15:23:02+00:00","mainEntityOfPage":{"@id":"https:\/\/vosgesinfo.fr\/saintdieinfo\/2025\/09\/lhabitante-de-ban-de-laveline-qui-etait-portee-disparue-a-ete-retrouvee\/"},"wordCount":61,"commentCount":1,"publisher":{"@id":"https:\/\/vosgesinfo.fr\/saintdieinfo\/#organization"},"image":{"@id":"https:\/\/vosgesinfo.fr\/saintdieinfo\/2025\/09\/lhabitante-de-ban-de-laveline-qui-etait-portee-disparue-a-ete-retrouvee\/#primaryimage"},"thumbnailUrl":"https:\/\/vosgesinfo.fr\/app\/uploads\/sites\/4\/2025\/09\/bdl-disparition-inquietante-dominique-flahaut.png","keywords":["ban de laveline","Disparition inqui\u00e9tante","Dominique Flahaut"],"articleSection":["A la Une","D\u00e9odatie"],"inLanguage":"fr-FR","potentialAction":[{"@type":"CommentAction","name":"Comment","target":["https:\/\/vosgesinfo.fr\/saintdieinfo\/2025\/09\/lhabitante-de-ban-de-laveline-qui-etait-portee-disparue-a-ete-retrouvee\/#respond"]}]},{"@type":"WebPage","@id":"https:\/\/vosgesinfo.fr\/saintdieinfo\/2025\/09\/lhabitante-de-ban-de-laveline-qui-etait-portee-disparue-a-ete-retrouvee\/","url":"https:\/\/vosgesinfo.fr\/saintdieinfo\/2025\/09\/lhabitante-de-ban-de-laveline-qui-etait-portee-disparue-a-ete-retrouvee\/","name":"L'habitante de Ban-de-Laveline qui \u00e9tait port\u00e9e disparue a \u00e9t\u00e9 retrouv\u00e9e - Saint Die Info","isPartOf":{"@id":"https:\/\/vosgesinfo.fr\/saintdieinfo\/#website"},"primaryImageOfPage":{"@id":"https:\/\/vosgesinfo.fr\/saintdieinfo\/2025\/09\/lhabitante-de-ban-de-laveline-qui-etait-portee-disparue-a-ete-retrouvee\/#primaryimage"},"image":{"@id":"https:\/\/vosgesinfo.fr\/saintdieinfo\/2025\/09\/lhabitante-de-ban-de-laveline-qui-etait-portee-disparue-a-ete-retrouvee\/#primaryimage"},"thumbnailUrl":"https:\/\/vosgesinfo.fr\/app\/uploads\/sites\/4\/2025\/09\/bdl-disparition-inquietante-dominique-flahaut.png","datePublished":"2025-09-03T15:45:53+00:00","dateModified":"2025-09-03T15:23:02+00:00","breadcrumb":{"@id":"https:\/\/vosgesinfo.fr\/saintdieinfo\/2025\/09\/lhabitante-de-ban-de-laveline-qui-etait-portee-disparue-a-ete-retrouvee\/#breadcrumb"},"inLanguage":"fr-FR","potentialAction":[{"@type":"ReadAction","target":["https:\/\/vosgesinfo.fr\/saintdieinfo\/2025\/09\/lhabitante-de-ban-de-laveline-qui-etait-portee-disparue-a-ete-retrouvee\/"]}]},{"@type":"ImageObject","inLanguage":"fr-FR","@id":"https:\/\/vosgesinfo.fr\/saintdieinfo\/2025\/09\/lhabitante-de-ban-de-laveline-qui-etait-portee-disparue-a-ete-retrouvee\/#primaryimage","url":"https:\/\/vosgesinfo.fr\/app\/uploads\/sites\/4\/2025\/09\/bdl-disparition-inquietante-dominique-flahaut.png","contentUrl":"https:\/\/vosgesinfo.fr\/app\/uploads\/sites\/4\/2025\/09\/bdl-disparition-inquietante-dominique-flahaut.png","width":882,"height":909},{"@type":"BreadcrumbList","@id":"https:\/\/vosgesinfo.fr\/saintdieinfo\/2025\/09\/lhabitante-de-ban-de-laveline-qui-etait-portee-disparue-a-ete-retrouvee\/#breadcrumb","itemListElement":[{"@type":"ListItem","position":1,"name":"Home","item":"https:\/\/vosgesinfo.fr\/saintdieinfo\/"},{"@type":"ListItem","position":2,"name":"L&rsquo;habitante de Ban-de-Laveline qui \u00e9tait port\u00e9e disparue a \u00e9t\u00e9 retrouv\u00e9e"}]},{"@type":"WebSite","@id":"https:\/\/vosgesinfo.fr\/saintdieinfo\/#website","url":"https:\/\/vosgesinfo.fr\/saintdieinfo\/","name":"Saint Die Info","description":"Toute l&#039;actualit\u00e9 de Saint-Di\u00e9-Des-Vosges","publisher":{"@id":"https:\/\/vosgesinfo.fr\/saintdieinfo\/#organization"},"alternateName":"Toute l'actualit\u00e9 de Saint-Di\u00e9-Des-Vosges","potentialAction":[{"@type":"SearchAction","target":{"@type":"EntryPoint","urlTemplate":"https:\/\/vosgesinfo.fr\/saintdieinfo\/?s={search_term_string}"},"query-input":"required name=search_term_string"}],"inLanguage":"fr-FR"},{"@type":"Organization","@id":"https:\/\/vosgesinfo.fr\/saintdieinfo\/#organization","name":"Saint Die Info","url":"https:\/\/vosgesinfo.fr\/saintdieinfo\/","logo":{"@type":"ImageObject","inLanguage":"fr-FR","@id":"https:\/\/vosgesinfo.fr\/saintdieinfo\/#\/schema\/logo\/image\/","url":"https:\/\/vosgesinfo.fr\/app\/uploads\/sites\/4\/2024\/02\/logo-sdi.jpg","contentUrl":"https:\/\/vosgesinfo.fr\/app\/uploads\/sites\/4\/2024\/02\/logo-sdi.jpg","width":600,"height":600,"caption":"Saint Die Info"},"image":{"@id":"https:\/\/vosgesinfo.fr\/saintdieinfo\/#\/schema\/logo\/image\/"},"sameAs":["https:\/\/www.facebook.com\/Saintdieinfofr","https:\/\/x.com\/VosgesInfo88","https:\/\/www.youtube.com\/@vosgesinfo"]},{"@type":"Person","@id":"https:\/\/vosgesinfo.fr\/saintdieinfo\/#\/schema\/person\/fa73e9f726d67bb88f46d5b7943cb572","name":"J.J.","image":{"@type":"ImageObject","inLanguage":"fr-FR","@id":"https:\/\/vosgesinfo.fr\/saintdieinfo\/#\/schema\/person\/image\/","url":"https:\/\/secure.gravatar.com\/avatar\/219e749e47ffbcca018a360ae4add7d4cdf1cdaaf8bc7676b27efade3fe65615?s=96&d=mm&r=g","contentUrl":"https:\/\/secure.gravatar.com\/avatar\/219e749e47ffbcca018a360ae4add7d4cdf1cdaaf8bc7676b27efade3fe65615?s=96&d=mm&r=g","caption":"J.J."},"url":"https:\/\/vosgesinfo.fr\/saintdieinfo\/author\/j-j\/"}]}},"_links":{"self":[{"href":"https:\/\/vosgesinfo.fr\/saintdieinfo\/wp-json\/wp\/v2\/posts\/81673","targetHints":{"allow":["GET"]}}],"collection":[{"href":"https:\/\/vosgesinfo.fr\/saintdieinfo\/wp-json\/wp\/v2\/posts"}],"about":[{"href":"https:\/\/vosgesinfo.fr\/saintdieinfo\/wp-json\/wp\/v2\/types\/post"}],"author":[{"embeddable":true,"href":"https:\/\/vosgesinfo.fr\/saintdieinfo\/wp-json\/wp\/v2\/users\/46"}],"replies":[{"embeddable":true,"href":"https:\/\/vosgesinfo.fr\/saintdieinfo\/wp-json\/wp\/v2\/comments?post=81673"}],"version-history":[{"count":1,"href":"https:\/\/vosgesinfo.fr\/saintdieinfo\/wp-json\/wp\/v2\/posts\/81673\/revisions"}],"predecessor-version":[{"id":81674,"href":"https:\/\/vosgesinfo.fr\/saintdieinfo\/wp-json\/wp\/v2\/posts\/81673\/revisions\/81674"}],"wp:featuredmedia":[{"embeddable":true,"href":"https:\/\/vosgesinfo.fr\/saintdieinfo\/wp-json\/wp\/v2\/media\/81631"}],"wp:attachment":[{"href":"https:\/\/vosgesinfo.fr\/saintdieinfo\/wp-json\/wp\/v2\/media?parent=81673"}],"wp:term":[{"taxonomy":"category","embeddable":true,"href":"https:\/\/vosgesinfo.fr\/saintdieinfo\/wp-json\/wp\/v2\/categories?post=81673"},{"taxonomy":"post_tag","embeddable":true,"href":"https:\/\/vosgesinfo.fr\/saintdieinfo\/wp-json\/wp\/v2\/tags?post=81673"}],"curies":[{"name":"wp","href":"https:\/\/api.w.org\/{rel}","templated":true}]}}