{"id":81675,"date":"2025-09-03T20:20:50","date_gmt":"2025-09-03T18:20:50","guid":{"rendered":"https:\/\/vosgesinfo.fr\/saintdieinfo\/?p=81675"},"modified":"2025-09-03T20:07:19","modified_gmt":"2025-09-03T18:07:19","slug":"david-valence-ne-sera-pas-candidat-aux-prochaines-municipales-a-saint-die-des-vosges","status":"publish","type":"post","link":"https:\/\/vosgesinfo.fr\/saintdieinfo\/2025\/09\/david-valence-ne-sera-pas-candidat-aux-prochaines-municipales-a-saint-die-des-vosges\/","title":{"rendered":"David Valence ne sera pas candidat aux prochaines municipales \u00e0 Saint-Di\u00e9-des-Vosges"},"content":{"rendered":"<div id=\"attachment_62810\" style=\"width: 1034px\" class=\"wp-caption alignnone\"><a href=\"https:\/\/vosgesinfo.fr\/app\/uploads\/sites\/4\/2024\/08\/201803david-valence-1-15.jpg\"><img decoding=\"async\" aria-describedby=\"caption-attachment-62810\" class=\"size-large wp-image-62810\" src=\"https:\/\/vosgesinfo.fr\/app\/uploads\/sites\/4\/2024\/08\/201803david-valence-1-15-1024x938.jpg\" alt=\"\" width=\"1024\" height=\"938\" srcset=\"https:\/\/vosgesinfo.fr\/app\/uploads\/sites\/4\/2024\/08\/201803david-valence-1-15-1024x938.jpg 1024w, https:\/\/vosgesinfo.fr\/app\/uploads\/sites\/4\/2024\/08\/201803david-valence-1-15-300x275.jpg 300w, https:\/\/vosgesinfo.fr\/app\/uploads\/sites\/4\/2024\/08\/201803david-valence-1-15-768x703.jpg 768w, https:\/\/vosgesinfo.fr\/app\/uploads\/sites\/4\/2024\/08\/201803david-valence-1-15.jpg 1367w\" sizes=\"(max-width: 1024px) 100vw, 1024px\" \/><\/a><p id=\"caption-attachment-62810\" class=\"wp-caption-text\">(Archive)<\/p><\/div>\n<h2>Les rumeurs vont bon train \u00e0 <strong>Saint-Di\u00e9-des-Vosges<\/strong> quant\u00a0aux prochaines <strong>\u00e9lections municipales, en mars 2026<\/strong>. Car pour l&rsquo;instant, seul l<a href=\"https:\/\/vosgesinfo.fr\/saintdieinfo\/2024\/07\/bruno-toussaint-aborde-sa-troisieme-annee-de-mandat-avec-le-sourire-et-toujours-la-meme-motivation\/\" target=\"_blank\" rel=\"noopener\">e <strong>maire sortant Bruno Toussaint<\/strong> a annonc\u00e9 qu&rsquo;il se pr\u00e9senterait pour sa succession.<\/a><\/h2>\n<p><!--more--><\/p>\n<h3><strong>David Valence ne sera pas candidat<\/strong><\/h3>\n<p>Beaucoup se demandaient si <strong data-start=\"413\" data-end=\"445\">l&rsquo;ancien maire David Valence<\/strong>, qui a occup\u00e9 cette fonction durant <strong data-start=\"482\" data-end=\"510\">8 ans \u2013 de 2014 \u00e0 2022 \u2013<\/strong> allait se porter candidat pour tenter de briguer un nouveau mandat municipal. Sa r\u00e9ponse vient de tomber, puisqu&rsquo;il a annonc\u00e9, ce mercredi en fin de journ\u00e9e sur sa page Facebook, \u00ab <strong data-start=\"692\" data-end=\"716\">ne pas \u00eatre candidat<\/strong> aux \u00e9lections municipales des <strong data-start=\"747\" data-end=\"769\">15 et 22 mars 2026<\/strong> \u00e0 Saint-Di\u00e9-des-Vosges. \u00bb Et ce \u00ab malgr\u00e9 de <strong data-start=\"814\" data-end=\"843\">nombreuses sollicitations<\/strong>. \u00bb<\/p>\n<h3><strong>Une d\u00e9cision expliqu\u00e9e ce lundi<\/strong><\/h3>\n<p>David Valence revient sur cette d\u00e9cision chez nos confr\u00e8res de <strong data-start=\"962\" data-end=\"983\">Vosges T\u00e9l\u00e9vision<\/strong>. Dans l&rsquo;\u00e9mission \u00ab Paroles d&rsquo;\u00e9lu(e) \u00bb du 1er septembre, le <strong data-start=\"1043\" data-end=\"1079\">conseiller r\u00e9gional du Grand Est<\/strong> d\u00e9clare que \u00ab dans les conditions actuelles,<strong> je n&rsquo;envisage pas de conduire une liste, ni m\u00eame d&rsquo;\u00eatre candidat aux \u00e9lections municipales de Saint-Di\u00e9-des-Vosges<\/strong>. \u00bb<\/p>\n<h3><strong>Des raisons familiales et personnelles<\/strong><\/h3>\n<p>Une d\u00e9cision \u00ab <strong>difficile et longuement m\u00fbrie<\/strong> \u00bb selon David Valence, qu&rsquo;il affirme avoir prise \u00ab pour des <strong data-start=\"1397\" data-end=\"1435\">raisons familiales et personnelles<\/strong>, plus que pour des raisons politiques. \u00bb Et d&rsquo;ajouter : \u00ab peut-\u00eatre aussi que <strong>ma candidature aurait braqu\u00e9 le d\u00e9bat \u00e0 Saint-Di\u00e9-des-Vosges<\/strong>, sur des sujets de personnes au d\u00e9triment de sujets d&rsquo;id\u00e9es et de d\u00e9bats de fond. \u00bb<\/p>\n<h3><strong>Le besoin d&rsquo;une vision<\/strong><\/h3>\n<p>David Valence a \u00e9galement estim\u00e9 \u00ab qu&rsquo;il y a besoin d&rsquo;une <strong data-start=\"1755\" data-end=\"1788\">vision \u00e0 Saint-Di\u00e9-des-Vosges<\/strong>, et non simplement de gestion des dossiers du quotidien \u00bb. Et dans l&rsquo;\u00e9ventualit\u00e9 o\u00f9 il apporterait son soutien \u00e0 un candidat, il l&rsquo;exprimerait sans ambigu\u00eft\u00e9, \u00ab <strong>de fa\u00e7on explicite<\/strong> \u00bb.<\/p>\n","protected":false},"excerpt":{"rendered":"<p>Les rumeurs vont bon train \u00e0 Saint-Di\u00e9-des-Vosges quant\u00a0aux prochaines \u00e9lections municipales, en mars 2026. Car pour l&rsquo;instant, seul le maire [&hellip;]<\/p>\n","protected":false},"author":46,"featured_media":62810,"comment_status":"open","ping_status":"open","sticky":false,"template":"","format":"standard","meta":{"footnotes":""},"categories":[460,10,167,18],"tags":[3337,18131,18132],"class_list":["post-81675","post","type-post","status-publish","format-standard","has-post-thumbnail","hentry","category-a-la-une","category-politique","category-saint-die-des-vosges","category-vosges","tag-david-valence","tag-elections-municipales-2026","tag-elections-municipales-2026-a-saint-die-des-vosges"],"acf":[],"yoast_head":"<!-- This site is optimized with the Yoast SEO plugin v22.5 - https:\/\/yoast.com\/wordpress\/plugins\/seo\/ -->\n<title>David Valence ne sera pas candidat aux prochaines municipales \u00e0 Saint-Di\u00e9-des-Vosges - Saint Die Info<\/title>\n<meta name=\"robots\" content=\"index, follow, max-snippet:-1, max-image-preview:large, max-video-preview:-1\" \/>\n<link rel=\"canonical\" href=\"https:\/\/vosgesinfo.fr\/saintdieinfo\/2025\/09\/david-valence-ne-sera-pas-candidat-aux-prochaines-municipales-a-saint-die-des-vosges\/\" \/>\n<meta name=\"twitter:card\" content=\"summary_large_image\" \/>\n<meta name=\"twitter:title\" content=\"David Valence ne sera pas candidat aux prochaines municipales \u00e0 Saint-Di\u00e9-des-Vosges - Saint Die Info\" \/>\n<meta name=\"twitter:description\" content=\"Les rumeurs vont bon train \u00e0 Saint-Di\u00e9-des-Vosges quant\u00a0aux prochaines \u00e9lections municipales, en mars 2026. Car pour l&rsquo;instant, seul le maire [&hellip;]\" \/>\n<meta name=\"twitter:image\" content=\"https:\/\/vosgesinfo.fr\/app\/uploads\/sites\/4\/2024\/08\/201803david-valence-1-15.jpg\" \/>\n<meta name=\"twitter:creator\" content=\"@VosgesInfo88\" \/>\n<meta name=\"twitter:site\" content=\"@VosgesInfo88\" \/>\n<meta name=\"twitter:label1\" content=\"\u00c9crit par\" \/>\n\t<meta name=\"twitter:data1\" content=\"J.J.\" \/>\n\t<meta name=\"twitter:label2\" content=\"Dur\u00e9e de lecture estim\u00e9e\" \/>\n\t<meta name=\"twitter:data2\" content=\"1 minute\" \/>\n<script type=\"application\/ld+json\" class=\"yoast-schema-graph\">{\"@context\":\"https:\/\/schema.org\",\"@graph\":[{\"@type\":\"Article\",\"@id\":\"https:\/\/vosgesinfo.fr\/saintdieinfo\/2025\/09\/david-valence-ne-sera-pas-candidat-aux-prochaines-municipales-a-saint-die-des-vosges\/#article\",\"isPartOf\":{\"@id\":\"https:\/\/vosgesinfo.fr\/saintdieinfo\/2025\/09\/david-valence-ne-sera-pas-candidat-aux-prochaines-municipales-a-saint-die-des-vosges\/\"},\"author\":{\"name\":\"J.J.\",\"@id\":\"https:\/\/vosgesinfo.fr\/saintdieinfo\/#\/schema\/person\/fa73e9f726d67bb88f46d5b7943cb572\"},\"headline\":\"David Valence ne sera pas candidat aux prochaines municipales \u00e0 Saint-Di\u00e9-des-Vosges\",\"datePublished\":\"2025-09-03T18:20:50+00:00\",\"dateModified\":\"2025-09-03T18:07:19+00:00\",\"mainEntityOfPage\":{\"@id\":\"https:\/\/vosgesinfo.fr\/saintdieinfo\/2025\/09\/david-valence-ne-sera-pas-candidat-aux-prochaines-municipales-a-saint-die-des-vosges\/\"},\"wordCount\":312,\"commentCount\":14,\"publisher\":{\"@id\":\"https:\/\/vosgesinfo.fr\/saintdieinfo\/#organization\"},\"image\":{\"@id\":\"https:\/\/vosgesinfo.fr\/saintdieinfo\/2025\/09\/david-valence-ne-sera-pas-candidat-aux-prochaines-municipales-a-saint-die-des-vosges\/#primaryimage\"},\"thumbnailUrl\":\"https:\/\/vosgesinfo.fr\/app\/uploads\/sites\/4\/2024\/08\/201803david-valence-1-15.jpg\",\"keywords\":[\"David Valence\",\"Elections municipales 2026\",\"Elections municipales 2026 \u00e0 Saint-Di\u00e9-des-Vosges\"],\"articleSection\":[\"A la Une\",\"Politique\",\"Saint-Di\u00e9-des-Vosges\",\"Vosges\"],\"inLanguage\":\"fr-FR\",\"potentialAction\":[{\"@type\":\"CommentAction\",\"name\":\"Comment\",\"target\":[\"https:\/\/vosgesinfo.fr\/saintdieinfo\/2025\/09\/david-valence-ne-sera-pas-candidat-aux-prochaines-municipales-a-saint-die-des-vosges\/#respond\"]}]},{\"@type\":\"WebPage\",\"@id\":\"https:\/\/vosgesinfo.fr\/saintdieinfo\/2025\/09\/david-valence-ne-sera-pas-candidat-aux-prochaines-municipales-a-saint-die-des-vosges\/\",\"url\":\"https:\/\/vosgesinfo.fr\/saintdieinfo\/2025\/09\/david-valence-ne-sera-pas-candidat-aux-prochaines-municipales-a-saint-die-des-vosges\/\",\"name\":\"David Valence ne sera pas candidat aux prochaines municipales \u00e0 Saint-Di\u00e9-des-Vosges - Saint Die Info\",\"isPartOf\":{\"@id\":\"https:\/\/vosgesinfo.fr\/saintdieinfo\/#website\"},\"primaryImageOfPage\":{\"@id\":\"https:\/\/vosgesinfo.fr\/saintdieinfo\/2025\/09\/david-valence-ne-sera-pas-candidat-aux-prochaines-municipales-a-saint-die-des-vosges\/#primaryimage\"},\"image\":{\"@id\":\"https:\/\/vosgesinfo.fr\/saintdieinfo\/2025\/09\/david-valence-ne-sera-pas-candidat-aux-prochaines-municipales-a-saint-die-des-vosges\/#primaryimage\"},\"thumbnailUrl\":\"https:\/\/vosgesinfo.fr\/app\/uploads\/sites\/4\/2024\/08\/201803david-valence-1-15.jpg\",\"datePublished\":\"2025-09-03T18:20:50+00:00\",\"dateModified\":\"2025-09-03T18:07:19+00:00\",\"breadcrumb\":{\"@id\":\"https:\/\/vosgesinfo.fr\/saintdieinfo\/2025\/09\/david-valence-ne-sera-pas-candidat-aux-prochaines-municipales-a-saint-die-des-vosges\/#breadcrumb\"},\"inLanguage\":\"fr-FR\",\"potentialAction\":[{\"@type\":\"ReadAction\",\"target\":[\"https:\/\/vosgesinfo.fr\/saintdieinfo\/2025\/09\/david-valence-ne-sera-pas-candidat-aux-prochaines-municipales-a-saint-die-des-vosges\/\"]}]},{\"@type\":\"ImageObject\",\"inLanguage\":\"fr-FR\",\"@id\":\"https:\/\/vosgesinfo.fr\/saintdieinfo\/2025\/09\/david-valence-ne-sera-pas-candidat-aux-prochaines-municipales-a-saint-die-des-vosges\/#primaryimage\",\"url\":\"https:\/\/vosgesinfo.fr\/app\/uploads\/sites\/4\/2024\/08\/201803david-valence-1-15.jpg\",\"contentUrl\":\"https:\/\/vosgesinfo.fr\/app\/uploads\/sites\/4\/2024\/08\/201803david-valence-1-15.jpg\",\"width\":1367,\"height\":1252,\"caption\":\"(Archive)\"},{\"@type\":\"BreadcrumbList\",\"@id\":\"https:\/\/vosgesinfo.fr\/saintdieinfo\/2025\/09\/david-valence-ne-sera-pas-candidat-aux-prochaines-municipales-a-saint-die-des-vosges\/#breadcrumb\",\"itemListElement\":[{\"@type\":\"ListItem\",\"position\":1,\"name\":\"Home\",\"item\":\"https:\/\/vosgesinfo.fr\/saintdieinfo\/\"},{\"@type\":\"ListItem\",\"position\":2,\"name\":\"David Valence ne sera pas candidat aux prochaines municipales \u00e0 Saint-Di\u00e9-des-Vosges\"}]},{\"@type\":\"WebSite\",\"@id\":\"https:\/\/vosgesinfo.fr\/saintdieinfo\/#website\",\"url\":\"https:\/\/vosgesinfo.fr\/saintdieinfo\/\",\"name\":\"Saint Die Info\",\"description\":\"Toute l&#039;actualit\u00e9 de Saint-Di\u00e9-Des-Vosges\",\"publisher\":{\"@id\":\"https:\/\/vosgesinfo.fr\/saintdieinfo\/#organization\"},\"alternateName\":\"Toute l'actualit\u00e9 de Saint-Di\u00e9-Des-Vosges\",\"potentialAction\":[{\"@type\":\"SearchAction\",\"target\":{\"@type\":\"EntryPoint\",\"urlTemplate\":\"https:\/\/vosgesinfo.fr\/saintdieinfo\/?s={search_term_string}\"},\"query-input\":\"required name=search_term_string\"}],\"inLanguage\":\"fr-FR\"},{\"@type\":\"Organization\",\"@id\":\"https:\/\/vosgesinfo.fr\/saintdieinfo\/#organization\",\"name\":\"Saint Die Info\",\"url\":\"https:\/\/vosgesinfo.fr\/saintdieinfo\/\",\"logo\":{\"@type\":\"ImageObject\",\"inLanguage\":\"fr-FR\",\"@id\":\"https:\/\/vosgesinfo.fr\/saintdieinfo\/#\/schema\/logo\/image\/\",\"url\":\"https:\/\/vosgesinfo.fr\/app\/uploads\/sites\/4\/2024\/02\/logo-sdi.jpg\",\"contentUrl\":\"https:\/\/vosgesinfo.fr\/app\/uploads\/sites\/4\/2024\/02\/logo-sdi.jpg\",\"width\":600,\"height\":600,\"caption\":\"Saint Die Info\"},\"image\":{\"@id\":\"https:\/\/vosgesinfo.fr\/saintdieinfo\/#\/schema\/logo\/image\/\"},\"sameAs\":[\"https:\/\/www.facebook.com\/Saintdieinfofr\",\"https:\/\/x.com\/VosgesInfo88\",\"https:\/\/www.youtube.com\/@vosgesinfo\"]},{\"@type\":\"Person\",\"@id\":\"https:\/\/vosgesinfo.fr\/saintdieinfo\/#\/schema\/person\/fa73e9f726d67bb88f46d5b7943cb572\",\"name\":\"J.J.\",\"image\":{\"@type\":\"ImageObject\",\"inLanguage\":\"fr-FR\",\"@id\":\"https:\/\/vosgesinfo.fr\/saintdieinfo\/#\/schema\/person\/image\/\",\"url\":\"https:\/\/secure.gravatar.com\/avatar\/219e749e47ffbcca018a360ae4add7d4cdf1cdaaf8bc7676b27efade3fe65615?s=96&d=mm&r=g\",\"contentUrl\":\"https:\/\/secure.gravatar.com\/avatar\/219e749e47ffbcca018a360ae4add7d4cdf1cdaaf8bc7676b27efade3fe65615?s=96&d=mm&r=g\",\"caption\":\"J.J.\"},\"url\":\"https:\/\/vosgesinfo.fr\/saintdieinfo\/author\/j-j\/\"}]}<\/script>\n<!-- \/ Yoast SEO plugin. -->","yoast_head_json":{"title":"David Valence ne sera pas candidat aux prochaines municipales \u00e0 Saint-Di\u00e9-des-Vosges - Saint Die Info","robots":{"index":"index","follow":"follow","max-snippet":"max-snippet:-1","max-image-preview":"max-image-preview:large","max-video-preview":"max-video-preview:-1"},"canonical":"https:\/\/vosgesinfo.fr\/saintdieinfo\/2025\/09\/david-valence-ne-sera-pas-candidat-aux-prochaines-municipales-a-saint-die-des-vosges\/","twitter_card":"summary_large_image","twitter_title":"David Valence ne sera pas candidat aux prochaines municipales \u00e0 Saint-Di\u00e9-des-Vosges - Saint Die Info","twitter_description":"Les rumeurs vont bon train \u00e0 Saint-Di\u00e9-des-Vosges quant\u00a0aux prochaines \u00e9lections municipales, en mars 2026. Car pour l&rsquo;instant, seul le maire [&hellip;]","twitter_image":"https:\/\/vosgesinfo.fr\/app\/uploads\/sites\/4\/2024\/08\/201803david-valence-1-15.jpg","twitter_creator":"@VosgesInfo88","twitter_site":"@VosgesInfo88","twitter_misc":{"\u00c9crit par":"J.J.","Dur\u00e9e de lecture estim\u00e9e":"1 minute"},"schema":{"@context":"https:\/\/schema.org","@graph":[{"@type":"Article","@id":"https:\/\/vosgesinfo.fr\/saintdieinfo\/2025\/09\/david-valence-ne-sera-pas-candidat-aux-prochaines-municipales-a-saint-die-des-vosges\/#article","isPartOf":{"@id":"https:\/\/vosgesinfo.fr\/saintdieinfo\/2025\/09\/david-valence-ne-sera-pas-candidat-aux-prochaines-municipales-a-saint-die-des-vosges\/"},"author":{"name":"J.J.","@id":"https:\/\/vosgesinfo.fr\/saintdieinfo\/#\/schema\/person\/fa73e9f726d67bb88f46d5b7943cb572"},"headline":"David Valence ne sera pas candidat aux prochaines municipales \u00e0 Saint-Di\u00e9-des-Vosges","datePublished":"2025-09-03T18:20:50+00:00","dateModified":"2025-09-03T18:07:19+00:00","mainEntityOfPage":{"@id":"https:\/\/vosgesinfo.fr\/saintdieinfo\/2025\/09\/david-valence-ne-sera-pas-candidat-aux-prochaines-municipales-a-saint-die-des-vosges\/"},"wordCount":312,"commentCount":14,"publisher":{"@id":"https:\/\/vosgesinfo.fr\/saintdieinfo\/#organization"},"image":{"@id":"https:\/\/vosgesinfo.fr\/saintdieinfo\/2025\/09\/david-valence-ne-sera-pas-candidat-aux-prochaines-municipales-a-saint-die-des-vosges\/#primaryimage"},"thumbnailUrl":"https:\/\/vosgesinfo.fr\/app\/uploads\/sites\/4\/2024\/08\/201803david-valence-1-15.jpg","keywords":["David Valence","Elections municipales 2026","Elections municipales 2026 \u00e0 Saint-Di\u00e9-des-Vosges"],"articleSection":["A la Une","Politique","Saint-Di\u00e9-des-Vosges","Vosges"],"inLanguage":"fr-FR","potentialAction":[{"@type":"CommentAction","name":"Comment","target":["https:\/\/vosgesinfo.fr\/saintdieinfo\/2025\/09\/david-valence-ne-sera-pas-candidat-aux-prochaines-municipales-a-saint-die-des-vosges\/#respond"]}]},{"@type":"WebPage","@id":"https:\/\/vosgesinfo.fr\/saintdieinfo\/2025\/09\/david-valence-ne-sera-pas-candidat-aux-prochaines-municipales-a-saint-die-des-vosges\/","url":"https:\/\/vosgesinfo.fr\/saintdieinfo\/2025\/09\/david-valence-ne-sera-pas-candidat-aux-prochaines-municipales-a-saint-die-des-vosges\/","name":"David Valence ne sera pas candidat aux prochaines municipales \u00e0 Saint-Di\u00e9-des-Vosges - Saint Die Info","isPartOf":{"@id":"https:\/\/vosgesinfo.fr\/saintdieinfo\/#website"},"primaryImageOfPage":{"@id":"https:\/\/vosgesinfo.fr\/saintdieinfo\/2025\/09\/david-valence-ne-sera-pas-candidat-aux-prochaines-municipales-a-saint-die-des-vosges\/#primaryimage"},"image":{"@id":"https:\/\/vosgesinfo.fr\/saintdieinfo\/2025\/09\/david-valence-ne-sera-pas-candidat-aux-prochaines-municipales-a-saint-die-des-vosges\/#primaryimage"},"thumbnailUrl":"https:\/\/vosgesinfo.fr\/app\/uploads\/sites\/4\/2024\/08\/201803david-valence-1-15.jpg","datePublished":"2025-09-03T18:20:50+00:00","dateModified":"2025-09-03T18:07:19+00:00","breadcrumb":{"@id":"https:\/\/vosgesinfo.fr\/saintdieinfo\/2025\/09\/david-valence-ne-sera-pas-candidat-aux-prochaines-municipales-a-saint-die-des-vosges\/#breadcrumb"},"inLanguage":"fr-FR","potentialAction":[{"@type":"ReadAction","target":["https:\/\/vosgesinfo.fr\/saintdieinfo\/2025\/09\/david-valence-ne-sera-pas-candidat-aux-prochaines-municipales-a-saint-die-des-vosges\/"]}]},{"@type":"ImageObject","inLanguage":"fr-FR","@id":"https:\/\/vosgesinfo.fr\/saintdieinfo\/2025\/09\/david-valence-ne-sera-pas-candidat-aux-prochaines-municipales-a-saint-die-des-vosges\/#primaryimage","url":"https:\/\/vosgesinfo.fr\/app\/uploads\/sites\/4\/2024\/08\/201803david-valence-1-15.jpg","contentUrl":"https:\/\/vosgesinfo.fr\/app\/uploads\/sites\/4\/2024\/08\/201803david-valence-1-15.jpg","width":1367,"height":1252,"caption":"(Archive)"},{"@type":"BreadcrumbList","@id":"https:\/\/vosgesinfo.fr\/saintdieinfo\/2025\/09\/david-valence-ne-sera-pas-candidat-aux-prochaines-municipales-a-saint-die-des-vosges\/#breadcrumb","itemListElement":[{"@type":"ListItem","position":1,"name":"Home","item":"https:\/\/vosgesinfo.fr\/saintdieinfo\/"},{"@type":"ListItem","position":2,"name":"David Valence ne sera pas candidat aux prochaines municipales \u00e0 Saint-Di\u00e9-des-Vosges"}]},{"@type":"WebSite","@id":"https:\/\/vosgesinfo.fr\/saintdieinfo\/#website","url":"https:\/\/vosgesinfo.fr\/saintdieinfo\/","name":"Saint Die Info","description":"Toute l&#039;actualit\u00e9 de Saint-Di\u00e9-Des-Vosges","publisher":{"@id":"https:\/\/vosgesinfo.fr\/saintdieinfo\/#organization"},"alternateName":"Toute l'actualit\u00e9 de Saint-Di\u00e9-Des-Vosges","potentialAction":[{"@type":"SearchAction","target":{"@type":"EntryPoint","urlTemplate":"https:\/\/vosgesinfo.fr\/saintdieinfo\/?s={search_term_string}"},"query-input":"required name=search_term_string"}],"inLanguage":"fr-FR"},{"@type":"Organization","@id":"https:\/\/vosgesinfo.fr\/saintdieinfo\/#organization","name":"Saint Die Info","url":"https:\/\/vosgesinfo.fr\/saintdieinfo\/","logo":{"@type":"ImageObject","inLanguage":"fr-FR","@id":"https:\/\/vosgesinfo.fr\/saintdieinfo\/#\/schema\/logo\/image\/","url":"https:\/\/vosgesinfo.fr\/app\/uploads\/sites\/4\/2024\/02\/logo-sdi.jpg","contentUrl":"https:\/\/vosgesinfo.fr\/app\/uploads\/sites\/4\/2024\/02\/logo-sdi.jpg","width":600,"height":600,"caption":"Saint Die Info"},"image":{"@id":"https:\/\/vosgesinfo.fr\/saintdieinfo\/#\/schema\/logo\/image\/"},"sameAs":["https:\/\/www.facebook.com\/Saintdieinfofr","https:\/\/x.com\/VosgesInfo88","https:\/\/www.youtube.com\/@vosgesinfo"]},{"@type":"Person","@id":"https:\/\/vosgesinfo.fr\/saintdieinfo\/#\/schema\/person\/fa73e9f726d67bb88f46d5b7943cb572","name":"J.J.","image":{"@type":"ImageObject","inLanguage":"fr-FR","@id":"https:\/\/vosgesinfo.fr\/saintdieinfo\/#\/schema\/person\/image\/","url":"https:\/\/secure.gravatar.com\/avatar\/219e749e47ffbcca018a360ae4add7d4cdf1cdaaf8bc7676b27efade3fe65615?s=96&d=mm&r=g","contentUrl":"https:\/\/secure.gravatar.com\/avatar\/219e749e47ffbcca018a360ae4add7d4cdf1cdaaf8bc7676b27efade3fe65615?s=96&d=mm&r=g","caption":"J.J."},"url":"https:\/\/vosgesinfo.fr\/saintdieinfo\/author\/j-j\/"}]}},"_links":{"self":[{"href":"https:\/\/vosgesinfo.fr\/saintdieinfo\/wp-json\/wp\/v2\/posts\/81675","targetHints":{"allow":["GET"]}}],"collection":[{"href":"https:\/\/vosgesinfo.fr\/saintdieinfo\/wp-json\/wp\/v2\/posts"}],"about":[{"href":"https:\/\/vosgesinfo.fr\/saintdieinfo\/wp-json\/wp\/v2\/types\/post"}],"author":[{"embeddable":true,"href":"https:\/\/vosgesinfo.fr\/saintdieinfo\/wp-json\/wp\/v2\/users\/46"}],"replies":[{"embeddable":true,"href":"https:\/\/vosgesinfo.fr\/saintdieinfo\/wp-json\/wp\/v2\/comments?post=81675"}],"version-history":[{"count":1,"href":"https:\/\/vosgesinfo.fr\/saintdieinfo\/wp-json\/wp\/v2\/posts\/81675\/revisions"}],"predecessor-version":[{"id":81676,"href":"https:\/\/vosgesinfo.fr\/saintdieinfo\/wp-json\/wp\/v2\/posts\/81675\/revisions\/81676"}],"wp:featuredmedia":[{"embeddable":true,"href":"https:\/\/vosgesinfo.fr\/saintdieinfo\/wp-json\/wp\/v2\/media\/62810"}],"wp:attachment":[{"href":"https:\/\/vosgesinfo.fr\/saintdieinfo\/wp-json\/wp\/v2\/media?parent=81675"}],"wp:term":[{"taxonomy":"category","embeddable":true,"href":"https:\/\/vosgesinfo.fr\/saintdieinfo\/wp-json\/wp\/v2\/categories?post=81675"},{"taxonomy":"post_tag","embeddable":true,"href":"https:\/\/vosgesinfo.fr\/saintdieinfo\/wp-json\/wp\/v2\/tags?post=81675"}],"curies":[{"name":"wp","href":"https:\/\/api.w.org\/{rel}","templated":true}]}}