{"id":81681,"date":"2025-09-04T11:30:20","date_gmt":"2025-09-04T09:30:20","guid":{"rendered":"https:\/\/vosgesinfo.fr\/saintdieinfo\/?p=81681"},"modified":"2025-09-04T11:13:14","modified_gmt":"2025-09-04T09:13:14","slug":"rn59-travaux-entre-moyenmoutier-et-raon-letape","status":"publish","type":"post","link":"https:\/\/vosgesinfo.fr\/saintdieinfo\/2025\/09\/rn59-travaux-entre-moyenmoutier-et-raon-letape\/","title":{"rendered":"RN59 \u2013 Travaux entre Moyenmoutier et Raon-l\u2019\u00c9tape"},"content":{"rendered":"<div id=\"attachment_81684\" style=\"width: 1034px\" class=\"wp-caption alignnone\"><a href=\"https:\/\/vosgesinfo.fr\/app\/uploads\/sites\/4\/2025\/09\/rn59-fermeture-bretelle-raon-letape-scaled.jpg\"><img decoding=\"async\" aria-describedby=\"caption-attachment-81684\" class=\"wp-image-81684 size-large\" src=\"https:\/\/vosgesinfo.fr\/app\/uploads\/sites\/4\/2025\/09\/rn59-fermeture-bretelle-raon-letape-1024x575.jpg\" alt=\"\" width=\"1024\" height=\"575\" srcset=\"https:\/\/vosgesinfo.fr\/app\/uploads\/sites\/4\/2025\/09\/rn59-fermeture-bretelle-raon-letape-1024x575.jpg 1024w, https:\/\/vosgesinfo.fr\/app\/uploads\/sites\/4\/2025\/09\/rn59-fermeture-bretelle-raon-letape-300x168.jpg 300w, https:\/\/vosgesinfo.fr\/app\/uploads\/sites\/4\/2025\/09\/rn59-fermeture-bretelle-raon-letape-768x431.jpg 768w, https:\/\/vosgesinfo.fr\/app\/uploads\/sites\/4\/2025\/09\/rn59-fermeture-bretelle-raon-letape-1536x862.jpg 1536w, https:\/\/vosgesinfo.fr\/app\/uploads\/sites\/4\/2025\/09\/rn59-fermeture-bretelle-raon-letape-2048x1149.jpg 2048w\" sizes=\"(max-width: 1024px) 100vw, 1024px\" \/><\/a><p id=\"caption-attachment-81684\" class=\"wp-caption-text\">(Capture d&rsquo;\u00e9cran Google Maps)<\/p><\/div>\n<h2>La <strong>Direction Interd\u00e9partementale des Routes Est (DIR Est)<\/strong> r\u00e9alisera, pour le compte de l\u2019\u00c9tat, des <strong>travaux de r\u00e9fection de la couche de roulement<\/strong> sur la <strong>RN59<\/strong>, \u00e0 hauteur de <strong>Moyenmoutier \u2013 Raon-l\u2019\u00c9tape<\/strong>, du <strong>mercredi 10 au mardi 30 septembre<\/strong>.<\/h2>\n<p><!--more--><\/p>\n<p>Ces travaux entra\u00eeneront la <strong>neutralisation des voies de gauche<\/strong> du <strong>10 au 15 septembre<\/strong> puis du <strong>26 au 30 septembre<\/strong>, ainsi qu\u2019un <strong>basculement de circulation dans le sens Strasbourg \u2192 Nancy<\/strong> du <strong>15 septembre \u00e0 7h30<\/strong> au <strong>26 septembre \u00e0 16h<\/strong>. Pendant cette p\u00e9riode, seront ferm\u00e9es la <strong>bretelle d\u2019entr\u00e9e de l\u2019\u00e9changeur d\u2019\u00c9tival-Moyenmoutier<\/strong> et la <strong>bretelle de sortie de l\u2019\u00e9changeur de Raon-l\u2019\u00c9tape centre<\/strong>. Des <strong>d\u00e9viations<\/strong> seront mises en place.<\/p>\n<p>Par ailleurs, une <strong>interdiction de circulation<\/strong> s\u2019appliquera aux <strong>transports exceptionnels de plus de 30 m\u00e8tres de long<\/strong> et \u00e0 ceux de plus de <strong>3,50 m\u00e8tres de large<\/strong> durant toute la dur\u00e9e du chantier.<\/p>\n<p>La DIR Est invite les conducteurs \u00e0 la <strong>prudence<\/strong>, en respectant la signalisation et en adaptant leur vitesse pour prot\u00e9ger les agents mobilis\u00e9s.<\/p>\n","protected":false},"excerpt":{"rendered":"<p>La Direction Interd\u00e9partementale des Routes Est (DIR Est) r\u00e9alisera, pour le compte de l\u2019\u00c9tat, des travaux de r\u00e9fection de la [&hellip;]<\/p>\n","protected":false},"author":46,"featured_media":81684,"comment_status":"open","ping_status":"open","sticky":false,"template":"","format":"standard","meta":{"footnotes":""},"categories":[460,3903],"tags":[3820,3250,2654,3263],"class_list":["post-81681","post","type-post","status-publish","format-standard","has-post-thumbnail","hentry","category-a-la-une","category-deodatie","tag-dir-est","tag-etival-clairefontaine","tag-raon-letape","tag-rn59"],"acf":[],"yoast_head":"<!-- This site is optimized with the Yoast SEO plugin v22.5 - https:\/\/yoast.com\/wordpress\/plugins\/seo\/ -->\n<title>RN59 \u2013 Travaux entre Moyenmoutier et Raon-l\u2019\u00c9tape - Saint Die Info<\/title>\n<meta name=\"robots\" content=\"index, follow, max-snippet:-1, max-image-preview:large, max-video-preview:-1\" \/>\n<link rel=\"canonical\" href=\"https:\/\/vosgesinfo.fr\/saintdieinfo\/2025\/09\/rn59-travaux-entre-moyenmoutier-et-raon-letape\/\" \/>\n<meta name=\"twitter:card\" content=\"summary_large_image\" \/>\n<meta name=\"twitter:title\" content=\"RN59 \u2013 Travaux entre Moyenmoutier et Raon-l\u2019\u00c9tape - Saint Die Info\" \/>\n<meta name=\"twitter:description\" content=\"La Direction Interd\u00e9partementale des Routes Est (DIR Est) r\u00e9alisera, pour le compte de l\u2019\u00c9tat, des travaux de r\u00e9fection de la [&hellip;]\" \/>\n<meta name=\"twitter:image\" content=\"https:\/\/vosgesinfo.fr\/app\/uploads\/sites\/4\/2025\/09\/rn59-fermeture-bretelle-raon-letape-scaled.jpg\" \/>\n<meta name=\"twitter:creator\" content=\"@VosgesInfo88\" \/>\n<meta name=\"twitter:site\" content=\"@VosgesInfo88\" \/>\n<meta name=\"twitter:label1\" content=\"\u00c9crit par\" \/>\n\t<meta name=\"twitter:data1\" content=\"J.J.\" \/>\n\t<meta name=\"twitter:label2\" content=\"Dur\u00e9e de lecture estim\u00e9e\" \/>\n\t<meta name=\"twitter:data2\" content=\"1 minute\" \/>\n<script type=\"application\/ld+json\" class=\"yoast-schema-graph\">{\"@context\":\"https:\/\/schema.org\",\"@graph\":[{\"@type\":\"Article\",\"@id\":\"https:\/\/vosgesinfo.fr\/saintdieinfo\/2025\/09\/rn59-travaux-entre-moyenmoutier-et-raon-letape\/#article\",\"isPartOf\":{\"@id\":\"https:\/\/vosgesinfo.fr\/saintdieinfo\/2025\/09\/rn59-travaux-entre-moyenmoutier-et-raon-letape\/\"},\"author\":{\"name\":\"J.J.\",\"@id\":\"https:\/\/vosgesinfo.fr\/saintdieinfo\/#\/schema\/person\/fa73e9f726d67bb88f46d5b7943cb572\"},\"headline\":\"RN59 \u2013 Travaux entre Moyenmoutier et Raon-l\u2019\u00c9tape\",\"datePublished\":\"2025-09-04T09:30:20+00:00\",\"dateModified\":\"2025-09-04T09:13:14+00:00\",\"mainEntityOfPage\":{\"@id\":\"https:\/\/vosgesinfo.fr\/saintdieinfo\/2025\/09\/rn59-travaux-entre-moyenmoutier-et-raon-letape\/\"},\"wordCount\":187,\"commentCount\":0,\"publisher\":{\"@id\":\"https:\/\/vosgesinfo.fr\/saintdieinfo\/#organization\"},\"image\":{\"@id\":\"https:\/\/vosgesinfo.fr\/saintdieinfo\/2025\/09\/rn59-travaux-entre-moyenmoutier-et-raon-letape\/#primaryimage\"},\"thumbnailUrl\":\"https:\/\/vosgesinfo.fr\/app\/uploads\/sites\/4\/2025\/09\/rn59-fermeture-bretelle-raon-letape-scaled.jpg\",\"keywords\":[\"DIR Est\",\"etival-clairefontaine\",\"Raon-l\u2019Etape\",\"RN59\"],\"articleSection\":[\"A la Une\",\"D\u00e9odatie\"],\"inLanguage\":\"fr-FR\",\"potentialAction\":[{\"@type\":\"CommentAction\",\"name\":\"Comment\",\"target\":[\"https:\/\/vosgesinfo.fr\/saintdieinfo\/2025\/09\/rn59-travaux-entre-moyenmoutier-et-raon-letape\/#respond\"]}]},{\"@type\":\"WebPage\",\"@id\":\"https:\/\/vosgesinfo.fr\/saintdieinfo\/2025\/09\/rn59-travaux-entre-moyenmoutier-et-raon-letape\/\",\"url\":\"https:\/\/vosgesinfo.fr\/saintdieinfo\/2025\/09\/rn59-travaux-entre-moyenmoutier-et-raon-letape\/\",\"name\":\"RN59 \u2013 Travaux entre Moyenmoutier et Raon-l\u2019\u00c9tape - Saint Die Info\",\"isPartOf\":{\"@id\":\"https:\/\/vosgesinfo.fr\/saintdieinfo\/#website\"},\"primaryImageOfPage\":{\"@id\":\"https:\/\/vosgesinfo.fr\/saintdieinfo\/2025\/09\/rn59-travaux-entre-moyenmoutier-et-raon-letape\/#primaryimage\"},\"image\":{\"@id\":\"https:\/\/vosgesinfo.fr\/saintdieinfo\/2025\/09\/rn59-travaux-entre-moyenmoutier-et-raon-letape\/#primaryimage\"},\"thumbnailUrl\":\"https:\/\/vosgesinfo.fr\/app\/uploads\/sites\/4\/2025\/09\/rn59-fermeture-bretelle-raon-letape-scaled.jpg\",\"datePublished\":\"2025-09-04T09:30:20+00:00\",\"dateModified\":\"2025-09-04T09:13:14+00:00\",\"breadcrumb\":{\"@id\":\"https:\/\/vosgesinfo.fr\/saintdieinfo\/2025\/09\/rn59-travaux-entre-moyenmoutier-et-raon-letape\/#breadcrumb\"},\"inLanguage\":\"fr-FR\",\"potentialAction\":[{\"@type\":\"ReadAction\",\"target\":[\"https:\/\/vosgesinfo.fr\/saintdieinfo\/2025\/09\/rn59-travaux-entre-moyenmoutier-et-raon-letape\/\"]}]},{\"@type\":\"ImageObject\",\"inLanguage\":\"fr-FR\",\"@id\":\"https:\/\/vosgesinfo.fr\/saintdieinfo\/2025\/09\/rn59-travaux-entre-moyenmoutier-et-raon-letape\/#primaryimage\",\"url\":\"https:\/\/vosgesinfo.fr\/app\/uploads\/sites\/4\/2025\/09\/rn59-fermeture-bretelle-raon-letape-scaled.jpg\",\"contentUrl\":\"https:\/\/vosgesinfo.fr\/app\/uploads\/sites\/4\/2025\/09\/rn59-fermeture-bretelle-raon-letape-scaled.jpg\",\"width\":2560,\"height\":1436},{\"@type\":\"BreadcrumbList\",\"@id\":\"https:\/\/vosgesinfo.fr\/saintdieinfo\/2025\/09\/rn59-travaux-entre-moyenmoutier-et-raon-letape\/#breadcrumb\",\"itemListElement\":[{\"@type\":\"ListItem\",\"position\":1,\"name\":\"Home\",\"item\":\"https:\/\/vosgesinfo.fr\/saintdieinfo\/\"},{\"@type\":\"ListItem\",\"position\":2,\"name\":\"RN59 \u2013 Travaux entre Moyenmoutier et Raon-l\u2019\u00c9tape\"}]},{\"@type\":\"WebSite\",\"@id\":\"https:\/\/vosgesinfo.fr\/saintdieinfo\/#website\",\"url\":\"https:\/\/vosgesinfo.fr\/saintdieinfo\/\",\"name\":\"Saint Die Info\",\"description\":\"Toute l&#039;actualit\u00e9 de Saint-Di\u00e9-Des-Vosges\",\"publisher\":{\"@id\":\"https:\/\/vosgesinfo.fr\/saintdieinfo\/#organization\"},\"alternateName\":\"Toute l'actualit\u00e9 de Saint-Di\u00e9-Des-Vosges\",\"potentialAction\":[{\"@type\":\"SearchAction\",\"target\":{\"@type\":\"EntryPoint\",\"urlTemplate\":\"https:\/\/vosgesinfo.fr\/saintdieinfo\/?s={search_term_string}\"},\"query-input\":\"required name=search_term_string\"}],\"inLanguage\":\"fr-FR\"},{\"@type\":\"Organization\",\"@id\":\"https:\/\/vosgesinfo.fr\/saintdieinfo\/#organization\",\"name\":\"Saint Die Info\",\"url\":\"https:\/\/vosgesinfo.fr\/saintdieinfo\/\",\"logo\":{\"@type\":\"ImageObject\",\"inLanguage\":\"fr-FR\",\"@id\":\"https:\/\/vosgesinfo.fr\/saintdieinfo\/#\/schema\/logo\/image\/\",\"url\":\"https:\/\/vosgesinfo.fr\/app\/uploads\/sites\/4\/2024\/02\/logo-sdi.jpg\",\"contentUrl\":\"https:\/\/vosgesinfo.fr\/app\/uploads\/sites\/4\/2024\/02\/logo-sdi.jpg\",\"width\":600,\"height\":600,\"caption\":\"Saint Die Info\"},\"image\":{\"@id\":\"https:\/\/vosgesinfo.fr\/saintdieinfo\/#\/schema\/logo\/image\/\"},\"sameAs\":[\"https:\/\/www.facebook.com\/Saintdieinfofr\",\"https:\/\/x.com\/VosgesInfo88\",\"https:\/\/www.youtube.com\/@vosgesinfo\"]},{\"@type\":\"Person\",\"@id\":\"https:\/\/vosgesinfo.fr\/saintdieinfo\/#\/schema\/person\/fa73e9f726d67bb88f46d5b7943cb572\",\"name\":\"J.J.\",\"image\":{\"@type\":\"ImageObject\",\"inLanguage\":\"fr-FR\",\"@id\":\"https:\/\/vosgesinfo.fr\/saintdieinfo\/#\/schema\/person\/image\/\",\"url\":\"https:\/\/secure.gravatar.com\/avatar\/219e749e47ffbcca018a360ae4add7d4cdf1cdaaf8bc7676b27efade3fe65615?s=96&d=mm&r=g\",\"contentUrl\":\"https:\/\/secure.gravatar.com\/avatar\/219e749e47ffbcca018a360ae4add7d4cdf1cdaaf8bc7676b27efade3fe65615?s=96&d=mm&r=g\",\"caption\":\"J.J.\"},\"url\":\"https:\/\/vosgesinfo.fr\/saintdieinfo\/author\/j-j\/\"}]}<\/script>\n<!-- \/ Yoast SEO plugin. -->","yoast_head_json":{"title":"RN59 \u2013 Travaux entre Moyenmoutier et Raon-l\u2019\u00c9tape - Saint Die Info","robots":{"index":"index","follow":"follow","max-snippet":"max-snippet:-1","max-image-preview":"max-image-preview:large","max-video-preview":"max-video-preview:-1"},"canonical":"https:\/\/vosgesinfo.fr\/saintdieinfo\/2025\/09\/rn59-travaux-entre-moyenmoutier-et-raon-letape\/","twitter_card":"summary_large_image","twitter_title":"RN59 \u2013 Travaux entre Moyenmoutier et Raon-l\u2019\u00c9tape - Saint Die Info","twitter_description":"La Direction Interd\u00e9partementale des Routes Est (DIR Est) r\u00e9alisera, pour le compte de l\u2019\u00c9tat, des travaux de r\u00e9fection de la [&hellip;]","twitter_image":"https:\/\/vosgesinfo.fr\/app\/uploads\/sites\/4\/2025\/09\/rn59-fermeture-bretelle-raon-letape-scaled.jpg","twitter_creator":"@VosgesInfo88","twitter_site":"@VosgesInfo88","twitter_misc":{"\u00c9crit par":"J.J.","Dur\u00e9e de lecture estim\u00e9e":"1 minute"},"schema":{"@context":"https:\/\/schema.org","@graph":[{"@type":"Article","@id":"https:\/\/vosgesinfo.fr\/saintdieinfo\/2025\/09\/rn59-travaux-entre-moyenmoutier-et-raon-letape\/#article","isPartOf":{"@id":"https:\/\/vosgesinfo.fr\/saintdieinfo\/2025\/09\/rn59-travaux-entre-moyenmoutier-et-raon-letape\/"},"author":{"name":"J.J.","@id":"https:\/\/vosgesinfo.fr\/saintdieinfo\/#\/schema\/person\/fa73e9f726d67bb88f46d5b7943cb572"},"headline":"RN59 \u2013 Travaux entre Moyenmoutier et Raon-l\u2019\u00c9tape","datePublished":"2025-09-04T09:30:20+00:00","dateModified":"2025-09-04T09:13:14+00:00","mainEntityOfPage":{"@id":"https:\/\/vosgesinfo.fr\/saintdieinfo\/2025\/09\/rn59-travaux-entre-moyenmoutier-et-raon-letape\/"},"wordCount":187,"commentCount":0,"publisher":{"@id":"https:\/\/vosgesinfo.fr\/saintdieinfo\/#organization"},"image":{"@id":"https:\/\/vosgesinfo.fr\/saintdieinfo\/2025\/09\/rn59-travaux-entre-moyenmoutier-et-raon-letape\/#primaryimage"},"thumbnailUrl":"https:\/\/vosgesinfo.fr\/app\/uploads\/sites\/4\/2025\/09\/rn59-fermeture-bretelle-raon-letape-scaled.jpg","keywords":["DIR Est","etival-clairefontaine","Raon-l\u2019Etape","RN59"],"articleSection":["A la Une","D\u00e9odatie"],"inLanguage":"fr-FR","potentialAction":[{"@type":"CommentAction","name":"Comment","target":["https:\/\/vosgesinfo.fr\/saintdieinfo\/2025\/09\/rn59-travaux-entre-moyenmoutier-et-raon-letape\/#respond"]}]},{"@type":"WebPage","@id":"https:\/\/vosgesinfo.fr\/saintdieinfo\/2025\/09\/rn59-travaux-entre-moyenmoutier-et-raon-letape\/","url":"https:\/\/vosgesinfo.fr\/saintdieinfo\/2025\/09\/rn59-travaux-entre-moyenmoutier-et-raon-letape\/","name":"RN59 \u2013 Travaux entre Moyenmoutier et Raon-l\u2019\u00c9tape - Saint Die Info","isPartOf":{"@id":"https:\/\/vosgesinfo.fr\/saintdieinfo\/#website"},"primaryImageOfPage":{"@id":"https:\/\/vosgesinfo.fr\/saintdieinfo\/2025\/09\/rn59-travaux-entre-moyenmoutier-et-raon-letape\/#primaryimage"},"image":{"@id":"https:\/\/vosgesinfo.fr\/saintdieinfo\/2025\/09\/rn59-travaux-entre-moyenmoutier-et-raon-letape\/#primaryimage"},"thumbnailUrl":"https:\/\/vosgesinfo.fr\/app\/uploads\/sites\/4\/2025\/09\/rn59-fermeture-bretelle-raon-letape-scaled.jpg","datePublished":"2025-09-04T09:30:20+00:00","dateModified":"2025-09-04T09:13:14+00:00","breadcrumb":{"@id":"https:\/\/vosgesinfo.fr\/saintdieinfo\/2025\/09\/rn59-travaux-entre-moyenmoutier-et-raon-letape\/#breadcrumb"},"inLanguage":"fr-FR","potentialAction":[{"@type":"ReadAction","target":["https:\/\/vosgesinfo.fr\/saintdieinfo\/2025\/09\/rn59-travaux-entre-moyenmoutier-et-raon-letape\/"]}]},{"@type":"ImageObject","inLanguage":"fr-FR","@id":"https:\/\/vosgesinfo.fr\/saintdieinfo\/2025\/09\/rn59-travaux-entre-moyenmoutier-et-raon-letape\/#primaryimage","url":"https:\/\/vosgesinfo.fr\/app\/uploads\/sites\/4\/2025\/09\/rn59-fermeture-bretelle-raon-letape-scaled.jpg","contentUrl":"https:\/\/vosgesinfo.fr\/app\/uploads\/sites\/4\/2025\/09\/rn59-fermeture-bretelle-raon-letape-scaled.jpg","width":2560,"height":1436},{"@type":"BreadcrumbList","@id":"https:\/\/vosgesinfo.fr\/saintdieinfo\/2025\/09\/rn59-travaux-entre-moyenmoutier-et-raon-letape\/#breadcrumb","itemListElement":[{"@type":"ListItem","position":1,"name":"Home","item":"https:\/\/vosgesinfo.fr\/saintdieinfo\/"},{"@type":"ListItem","position":2,"name":"RN59 \u2013 Travaux entre Moyenmoutier et Raon-l\u2019\u00c9tape"}]},{"@type":"WebSite","@id":"https:\/\/vosgesinfo.fr\/saintdieinfo\/#website","url":"https:\/\/vosgesinfo.fr\/saintdieinfo\/","name":"Saint Die Info","description":"Toute l&#039;actualit\u00e9 de Saint-Di\u00e9-Des-Vosges","publisher":{"@id":"https:\/\/vosgesinfo.fr\/saintdieinfo\/#organization"},"alternateName":"Toute l'actualit\u00e9 de Saint-Di\u00e9-Des-Vosges","potentialAction":[{"@type":"SearchAction","target":{"@type":"EntryPoint","urlTemplate":"https:\/\/vosgesinfo.fr\/saintdieinfo\/?s={search_term_string}"},"query-input":"required name=search_term_string"}],"inLanguage":"fr-FR"},{"@type":"Organization","@id":"https:\/\/vosgesinfo.fr\/saintdieinfo\/#organization","name":"Saint Die Info","url":"https:\/\/vosgesinfo.fr\/saintdieinfo\/","logo":{"@type":"ImageObject","inLanguage":"fr-FR","@id":"https:\/\/vosgesinfo.fr\/saintdieinfo\/#\/schema\/logo\/image\/","url":"https:\/\/vosgesinfo.fr\/app\/uploads\/sites\/4\/2024\/02\/logo-sdi.jpg","contentUrl":"https:\/\/vosgesinfo.fr\/app\/uploads\/sites\/4\/2024\/02\/logo-sdi.jpg","width":600,"height":600,"caption":"Saint Die Info"},"image":{"@id":"https:\/\/vosgesinfo.fr\/saintdieinfo\/#\/schema\/logo\/image\/"},"sameAs":["https:\/\/www.facebook.com\/Saintdieinfofr","https:\/\/x.com\/VosgesInfo88","https:\/\/www.youtube.com\/@vosgesinfo"]},{"@type":"Person","@id":"https:\/\/vosgesinfo.fr\/saintdieinfo\/#\/schema\/person\/fa73e9f726d67bb88f46d5b7943cb572","name":"J.J.","image":{"@type":"ImageObject","inLanguage":"fr-FR","@id":"https:\/\/vosgesinfo.fr\/saintdieinfo\/#\/schema\/person\/image\/","url":"https:\/\/secure.gravatar.com\/avatar\/219e749e47ffbcca018a360ae4add7d4cdf1cdaaf8bc7676b27efade3fe65615?s=96&d=mm&r=g","contentUrl":"https:\/\/secure.gravatar.com\/avatar\/219e749e47ffbcca018a360ae4add7d4cdf1cdaaf8bc7676b27efade3fe65615?s=96&d=mm&r=g","caption":"J.J."},"url":"https:\/\/vosgesinfo.fr\/saintdieinfo\/author\/j-j\/"}]}},"_links":{"self":[{"href":"https:\/\/vosgesinfo.fr\/saintdieinfo\/wp-json\/wp\/v2\/posts\/81681","targetHints":{"allow":["GET"]}}],"collection":[{"href":"https:\/\/vosgesinfo.fr\/saintdieinfo\/wp-json\/wp\/v2\/posts"}],"about":[{"href":"https:\/\/vosgesinfo.fr\/saintdieinfo\/wp-json\/wp\/v2\/types\/post"}],"author":[{"embeddable":true,"href":"https:\/\/vosgesinfo.fr\/saintdieinfo\/wp-json\/wp\/v2\/users\/46"}],"replies":[{"embeddable":true,"href":"https:\/\/vosgesinfo.fr\/saintdieinfo\/wp-json\/wp\/v2\/comments?post=81681"}],"version-history":[{"count":1,"href":"https:\/\/vosgesinfo.fr\/saintdieinfo\/wp-json\/wp\/v2\/posts\/81681\/revisions"}],"predecessor-version":[{"id":81685,"href":"https:\/\/vosgesinfo.fr\/saintdieinfo\/wp-json\/wp\/v2\/posts\/81681\/revisions\/81685"}],"wp:featuredmedia":[{"embeddable":true,"href":"https:\/\/vosgesinfo.fr\/saintdieinfo\/wp-json\/wp\/v2\/media\/81684"}],"wp:attachment":[{"href":"https:\/\/vosgesinfo.fr\/saintdieinfo\/wp-json\/wp\/v2\/media?parent=81681"}],"wp:term":[{"taxonomy":"category","embeddable":true,"href":"https:\/\/vosgesinfo.fr\/saintdieinfo\/wp-json\/wp\/v2\/categories?post=81681"},{"taxonomy":"post_tag","embeddable":true,"href":"https:\/\/vosgesinfo.fr\/saintdieinfo\/wp-json\/wp\/v2\/tags?post=81681"}],"curies":[{"name":"wp","href":"https:\/\/api.w.org\/{rel}","templated":true}]}}