{"id":81709,"date":"2025-09-04T14:45:39","date_gmt":"2025-09-04T12:45:39","guid":{"rendered":"https:\/\/vosgesinfo.fr\/saintdieinfo\/?p=81709"},"modified":"2025-09-04T14:26:00","modified_gmt":"2025-09-04T12:26:00","slug":"fraize-deuxieme-edition-pour-la-fete-de-la-biere-fraxinienne","status":"publish","type":"post","link":"https:\/\/vosgesinfo.fr\/saintdieinfo\/2025\/09\/fraize-deuxieme-edition-pour-la-fete-de-la-biere-fraxinienne\/","title":{"rendered":"Fraize \u2013 Deuxi\u00e8me \u00e9dition pour la f\u00eate de la bi\u00e8re fraxinienne"},"content":{"rendered":"<h2 data-start=\"44\" data-end=\"252\">La <strong data-start=\"47\" data-end=\"77\">f\u00eate de la bi\u00e8re de Fraize<\/strong> revient pour une <strong data-start=\"95\" data-end=\"115\">deuxi\u00e8me \u00e9dition<\/strong> le <strong data-start=\"119\" data-end=\"142\">samedi 13 septembre<\/strong>. Rendez-vous \u00e0 la <strong data-start=\"161\" data-end=\"192\">salle polyvalente de Fraize<\/strong> \u00e0 partir de <strong data-start=\"205\" data-end=\"216\">19 h 30<\/strong>, heure de l&rsquo;ouverture des portes.<\/h2>\n<p data-start=\"44\" data-end=\"252\"><!--more--><\/p>\n<p data-start=\"254\" data-end=\"402\"><strong data-start=\"254\" data-end=\"263\">Sandy<\/strong>, qu&rsquo;on ne pr\u00e9sente plus en D\u00e9odatie, assurera la <strong data-start=\"313\" data-end=\"332\">premi\u00e8re partie<\/strong> avant de laisser place au groupe <strong data-start=\"366\" data-end=\"380\">The Scotts<\/strong>, <strong data-start=\"382\" data-end=\"399\">cover d\u2019AC\/DC<\/strong>. Les tarifs pour la soir\u00e9e sont fix\u00e9s \u00e0 <strong data-start=\"443\" data-end=\"462\">8 \u20ac en pr\u00e9vente<\/strong> et <strong data-start=\"466\" data-end=\"484\">12 \u20ac sur place<\/strong>, avec en bonus <strong data-start=\"500\" data-end=\"523\">une boisson offerte<\/strong> pour chaque ticket. Les <strong data-start=\"551\" data-end=\"567\">r\u00e9servations<\/strong> sont possibles d\u00e8s maintenant, par t\u00e9l\u00e9phone au <strong data-start=\"616\" data-end=\"634\">06-89-29-56-91<\/strong>, ou directement au <strong data-start=\"654\" data-end=\"692\">Caf\u00e9 de l\u2019H\u00f4tel de Ville de Fraize<\/strong>.<\/p>\n<p data-start=\"254\" data-end=\"402\"><a href=\"https:\/\/vosgesinfo.fr\/app\/uploads\/sites\/4\/2025\/09\/fraize-fete-biere.jpg\"><img decoding=\"async\" class=\"alignnone size-large wp-image-81710\" src=\"https:\/\/vosgesinfo.fr\/app\/uploads\/sites\/4\/2025\/09\/fraize-fete-biere-721x1024.jpg\" alt=\"\" width=\"721\" height=\"1024\" srcset=\"https:\/\/vosgesinfo.fr\/app\/uploads\/sites\/4\/2025\/09\/fraize-fete-biere-721x1024.jpg 721w, https:\/\/vosgesinfo.fr\/app\/uploads\/sites\/4\/2025\/09\/fraize-fete-biere-211x300.jpg 211w, https:\/\/vosgesinfo.fr\/app\/uploads\/sites\/4\/2025\/09\/fraize-fete-biere-768x1090.jpg 768w, https:\/\/vosgesinfo.fr\/app\/uploads\/sites\/4\/2025\/09\/fraize-fete-biere-1082x1536.jpg 1082w, https:\/\/vosgesinfo.fr\/app\/uploads\/sites\/4\/2025\/09\/fraize-fete-biere.jpg 1144w\" sizes=\"(max-width: 721px) 100vw, 721px\" \/><\/a><\/p>\n","protected":false},"excerpt":{"rendered":"<p>La f\u00eate de la bi\u00e8re de Fraize revient pour une deuxi\u00e8me \u00e9dition le samedi 13 septembre. Rendez-vous \u00e0 la salle [&hellip;]<\/p>\n","protected":false},"author":46,"featured_media":81710,"comment_status":"open","ping_status":"open","sticky":false,"template":"","format":"standard","meta":{"footnotes":""},"categories":[3900,3903,20,17],"tags":[18141,850,2927,2928],"class_list":["post-81709","post","type-post","status-publish","format-standard","has-post-thumbnail","hentry","category-breves","category-deodatie","category-loisirs","category-vie-associative","tag-deuxieme-fete-de-la-biere-de-fraize","tag-fete-de-la-biere","tag-fraize","tag-fraize-en-fete"],"acf":[],"yoast_head":"<!-- This site is optimized with the Yoast SEO plugin v22.5 - https:\/\/yoast.com\/wordpress\/plugins\/seo\/ -->\n<title>Fraize \u2013 Deuxi\u00e8me \u00e9dition pour la f\u00eate de la bi\u00e8re fraxinienne - Saint Die Info<\/title>\n<meta name=\"robots\" content=\"index, follow, max-snippet:-1, max-image-preview:large, max-video-preview:-1\" \/>\n<link rel=\"canonical\" href=\"https:\/\/vosgesinfo.fr\/saintdieinfo\/2025\/09\/fraize-deuxieme-edition-pour-la-fete-de-la-biere-fraxinienne\/\" \/>\n<meta name=\"twitter:card\" content=\"summary_large_image\" \/>\n<meta name=\"twitter:title\" content=\"Fraize \u2013 Deuxi\u00e8me \u00e9dition pour la f\u00eate de la bi\u00e8re fraxinienne - Saint Die Info\" \/>\n<meta name=\"twitter:description\" content=\"La f\u00eate de la bi\u00e8re de Fraize revient pour une deuxi\u00e8me \u00e9dition le samedi 13 septembre. Rendez-vous \u00e0 la salle [&hellip;]\" \/>\n<meta name=\"twitter:image\" content=\"https:\/\/vosgesinfo.fr\/app\/uploads\/sites\/4\/2025\/09\/fraize-fete-biere.jpg\" \/>\n<meta name=\"twitter:creator\" content=\"@VosgesInfo88\" \/>\n<meta name=\"twitter:site\" content=\"@VosgesInfo88\" \/>\n<meta name=\"twitter:label1\" content=\"\u00c9crit par\" \/>\n\t<meta name=\"twitter:data1\" content=\"J.J.\" \/>\n\t<meta name=\"twitter:label2\" content=\"Dur\u00e9e de lecture estim\u00e9e\" \/>\n\t<meta name=\"twitter:data2\" content=\"1 minute\" \/>\n<script type=\"application\/ld+json\" class=\"yoast-schema-graph\">{\"@context\":\"https:\/\/schema.org\",\"@graph\":[{\"@type\":\"Article\",\"@id\":\"https:\/\/vosgesinfo.fr\/saintdieinfo\/2025\/09\/fraize-deuxieme-edition-pour-la-fete-de-la-biere-fraxinienne\/#article\",\"isPartOf\":{\"@id\":\"https:\/\/vosgesinfo.fr\/saintdieinfo\/2025\/09\/fraize-deuxieme-edition-pour-la-fete-de-la-biere-fraxinienne\/\"},\"author\":{\"name\":\"J.J.\",\"@id\":\"https:\/\/vosgesinfo.fr\/saintdieinfo\/#\/schema\/person\/fa73e9f726d67bb88f46d5b7943cb572\"},\"headline\":\"Fraize \u2013 Deuxi\u00e8me \u00e9dition pour la f\u00eate de la bi\u00e8re fraxinienne\",\"datePublished\":\"2025-09-04T12:45:39+00:00\",\"dateModified\":\"2025-09-04T12:26:00+00:00\",\"mainEntityOfPage\":{\"@id\":\"https:\/\/vosgesinfo.fr\/saintdieinfo\/2025\/09\/fraize-deuxieme-edition-pour-la-fete-de-la-biere-fraxinienne\/\"},\"wordCount\":126,\"commentCount\":0,\"publisher\":{\"@id\":\"https:\/\/vosgesinfo.fr\/saintdieinfo\/#organization\"},\"image\":{\"@id\":\"https:\/\/vosgesinfo.fr\/saintdieinfo\/2025\/09\/fraize-deuxieme-edition-pour-la-fete-de-la-biere-fraxinienne\/#primaryimage\"},\"thumbnailUrl\":\"https:\/\/vosgesinfo.fr\/app\/uploads\/sites\/4\/2025\/09\/fraize-fete-biere.jpg\",\"keywords\":[\"Deuxi\u00e8me F\u00eate de la Bi\u00e8re de Fraize\",\"f\u00eate de la bi\u00e8re\",\"Fraize\",\"Fraize en F\u00eate\"],\"articleSection\":[\"Br\u00e8ves\",\"D\u00e9odatie\",\"Loisirs\",\"Vie Associative\"],\"inLanguage\":\"fr-FR\",\"potentialAction\":[{\"@type\":\"CommentAction\",\"name\":\"Comment\",\"target\":[\"https:\/\/vosgesinfo.fr\/saintdieinfo\/2025\/09\/fraize-deuxieme-edition-pour-la-fete-de-la-biere-fraxinienne\/#respond\"]}]},{\"@type\":\"WebPage\",\"@id\":\"https:\/\/vosgesinfo.fr\/saintdieinfo\/2025\/09\/fraize-deuxieme-edition-pour-la-fete-de-la-biere-fraxinienne\/\",\"url\":\"https:\/\/vosgesinfo.fr\/saintdieinfo\/2025\/09\/fraize-deuxieme-edition-pour-la-fete-de-la-biere-fraxinienne\/\",\"name\":\"Fraize \u2013 Deuxi\u00e8me \u00e9dition pour la f\u00eate de la bi\u00e8re fraxinienne - Saint Die Info\",\"isPartOf\":{\"@id\":\"https:\/\/vosgesinfo.fr\/saintdieinfo\/#website\"},\"primaryImageOfPage\":{\"@id\":\"https:\/\/vosgesinfo.fr\/saintdieinfo\/2025\/09\/fraize-deuxieme-edition-pour-la-fete-de-la-biere-fraxinienne\/#primaryimage\"},\"image\":{\"@id\":\"https:\/\/vosgesinfo.fr\/saintdieinfo\/2025\/09\/fraize-deuxieme-edition-pour-la-fete-de-la-biere-fraxinienne\/#primaryimage\"},\"thumbnailUrl\":\"https:\/\/vosgesinfo.fr\/app\/uploads\/sites\/4\/2025\/09\/fraize-fete-biere.jpg\",\"datePublished\":\"2025-09-04T12:45:39+00:00\",\"dateModified\":\"2025-09-04T12:26:00+00:00\",\"breadcrumb\":{\"@id\":\"https:\/\/vosgesinfo.fr\/saintdieinfo\/2025\/09\/fraize-deuxieme-edition-pour-la-fete-de-la-biere-fraxinienne\/#breadcrumb\"},\"inLanguage\":\"fr-FR\",\"potentialAction\":[{\"@type\":\"ReadAction\",\"target\":[\"https:\/\/vosgesinfo.fr\/saintdieinfo\/2025\/09\/fraize-deuxieme-edition-pour-la-fete-de-la-biere-fraxinienne\/\"]}]},{\"@type\":\"ImageObject\",\"inLanguage\":\"fr-FR\",\"@id\":\"https:\/\/vosgesinfo.fr\/saintdieinfo\/2025\/09\/fraize-deuxieme-edition-pour-la-fete-de-la-biere-fraxinienne\/#primaryimage\",\"url\":\"https:\/\/vosgesinfo.fr\/app\/uploads\/sites\/4\/2025\/09\/fraize-fete-biere.jpg\",\"contentUrl\":\"https:\/\/vosgesinfo.fr\/app\/uploads\/sites\/4\/2025\/09\/fraize-fete-biere.jpg\",\"width\":1144,\"height\":1624},{\"@type\":\"BreadcrumbList\",\"@id\":\"https:\/\/vosgesinfo.fr\/saintdieinfo\/2025\/09\/fraize-deuxieme-edition-pour-la-fete-de-la-biere-fraxinienne\/#breadcrumb\",\"itemListElement\":[{\"@type\":\"ListItem\",\"position\":1,\"name\":\"Home\",\"item\":\"https:\/\/vosgesinfo.fr\/saintdieinfo\/\"},{\"@type\":\"ListItem\",\"position\":2,\"name\":\"Fraize \u2013 Deuxi\u00e8me \u00e9dition pour la f\u00eate de la bi\u00e8re fraxinienne\"}]},{\"@type\":\"WebSite\",\"@id\":\"https:\/\/vosgesinfo.fr\/saintdieinfo\/#website\",\"url\":\"https:\/\/vosgesinfo.fr\/saintdieinfo\/\",\"name\":\"Saint Die Info\",\"description\":\"Toute l&#039;actualit\u00e9 de Saint-Di\u00e9-Des-Vosges\",\"publisher\":{\"@id\":\"https:\/\/vosgesinfo.fr\/saintdieinfo\/#organization\"},\"alternateName\":\"Toute l'actualit\u00e9 de Saint-Di\u00e9-Des-Vosges\",\"potentialAction\":[{\"@type\":\"SearchAction\",\"target\":{\"@type\":\"EntryPoint\",\"urlTemplate\":\"https:\/\/vosgesinfo.fr\/saintdieinfo\/?s={search_term_string}\"},\"query-input\":\"required name=search_term_string\"}],\"inLanguage\":\"fr-FR\"},{\"@type\":\"Organization\",\"@id\":\"https:\/\/vosgesinfo.fr\/saintdieinfo\/#organization\",\"name\":\"Saint Die Info\",\"url\":\"https:\/\/vosgesinfo.fr\/saintdieinfo\/\",\"logo\":{\"@type\":\"ImageObject\",\"inLanguage\":\"fr-FR\",\"@id\":\"https:\/\/vosgesinfo.fr\/saintdieinfo\/#\/schema\/logo\/image\/\",\"url\":\"https:\/\/vosgesinfo.fr\/app\/uploads\/sites\/4\/2024\/02\/logo-sdi.jpg\",\"contentUrl\":\"https:\/\/vosgesinfo.fr\/app\/uploads\/sites\/4\/2024\/02\/logo-sdi.jpg\",\"width\":600,\"height\":600,\"caption\":\"Saint Die Info\"},\"image\":{\"@id\":\"https:\/\/vosgesinfo.fr\/saintdieinfo\/#\/schema\/logo\/image\/\"},\"sameAs\":[\"https:\/\/www.facebook.com\/Saintdieinfofr\",\"https:\/\/x.com\/VosgesInfo88\",\"https:\/\/www.youtube.com\/@vosgesinfo\"]},{\"@type\":\"Person\",\"@id\":\"https:\/\/vosgesinfo.fr\/saintdieinfo\/#\/schema\/person\/fa73e9f726d67bb88f46d5b7943cb572\",\"name\":\"J.J.\",\"image\":{\"@type\":\"ImageObject\",\"inLanguage\":\"fr-FR\",\"@id\":\"https:\/\/vosgesinfo.fr\/saintdieinfo\/#\/schema\/person\/image\/\",\"url\":\"https:\/\/secure.gravatar.com\/avatar\/219e749e47ffbcca018a360ae4add7d4cdf1cdaaf8bc7676b27efade3fe65615?s=96&d=mm&r=g\",\"contentUrl\":\"https:\/\/secure.gravatar.com\/avatar\/219e749e47ffbcca018a360ae4add7d4cdf1cdaaf8bc7676b27efade3fe65615?s=96&d=mm&r=g\",\"caption\":\"J.J.\"},\"url\":\"https:\/\/vosgesinfo.fr\/saintdieinfo\/author\/j-j\/\"}]}<\/script>\n<!-- \/ Yoast SEO plugin. -->","yoast_head_json":{"title":"Fraize \u2013 Deuxi\u00e8me \u00e9dition pour la f\u00eate de la bi\u00e8re fraxinienne - Saint Die Info","robots":{"index":"index","follow":"follow","max-snippet":"max-snippet:-1","max-image-preview":"max-image-preview:large","max-video-preview":"max-video-preview:-1"},"canonical":"https:\/\/vosgesinfo.fr\/saintdieinfo\/2025\/09\/fraize-deuxieme-edition-pour-la-fete-de-la-biere-fraxinienne\/","twitter_card":"summary_large_image","twitter_title":"Fraize \u2013 Deuxi\u00e8me \u00e9dition pour la f\u00eate de la bi\u00e8re fraxinienne - Saint Die Info","twitter_description":"La f\u00eate de la bi\u00e8re de Fraize revient pour une deuxi\u00e8me \u00e9dition le samedi 13 septembre. Rendez-vous \u00e0 la salle [&hellip;]","twitter_image":"https:\/\/vosgesinfo.fr\/app\/uploads\/sites\/4\/2025\/09\/fraize-fete-biere.jpg","twitter_creator":"@VosgesInfo88","twitter_site":"@VosgesInfo88","twitter_misc":{"\u00c9crit par":"J.J.","Dur\u00e9e de lecture estim\u00e9e":"1 minute"},"schema":{"@context":"https:\/\/schema.org","@graph":[{"@type":"Article","@id":"https:\/\/vosgesinfo.fr\/saintdieinfo\/2025\/09\/fraize-deuxieme-edition-pour-la-fete-de-la-biere-fraxinienne\/#article","isPartOf":{"@id":"https:\/\/vosgesinfo.fr\/saintdieinfo\/2025\/09\/fraize-deuxieme-edition-pour-la-fete-de-la-biere-fraxinienne\/"},"author":{"name":"J.J.","@id":"https:\/\/vosgesinfo.fr\/saintdieinfo\/#\/schema\/person\/fa73e9f726d67bb88f46d5b7943cb572"},"headline":"Fraize \u2013 Deuxi\u00e8me \u00e9dition pour la f\u00eate de la bi\u00e8re fraxinienne","datePublished":"2025-09-04T12:45:39+00:00","dateModified":"2025-09-04T12:26:00+00:00","mainEntityOfPage":{"@id":"https:\/\/vosgesinfo.fr\/saintdieinfo\/2025\/09\/fraize-deuxieme-edition-pour-la-fete-de-la-biere-fraxinienne\/"},"wordCount":126,"commentCount":0,"publisher":{"@id":"https:\/\/vosgesinfo.fr\/saintdieinfo\/#organization"},"image":{"@id":"https:\/\/vosgesinfo.fr\/saintdieinfo\/2025\/09\/fraize-deuxieme-edition-pour-la-fete-de-la-biere-fraxinienne\/#primaryimage"},"thumbnailUrl":"https:\/\/vosgesinfo.fr\/app\/uploads\/sites\/4\/2025\/09\/fraize-fete-biere.jpg","keywords":["Deuxi\u00e8me F\u00eate de la Bi\u00e8re de Fraize","f\u00eate de la bi\u00e8re","Fraize","Fraize en F\u00eate"],"articleSection":["Br\u00e8ves","D\u00e9odatie","Loisirs","Vie Associative"],"inLanguage":"fr-FR","potentialAction":[{"@type":"CommentAction","name":"Comment","target":["https:\/\/vosgesinfo.fr\/saintdieinfo\/2025\/09\/fraize-deuxieme-edition-pour-la-fete-de-la-biere-fraxinienne\/#respond"]}]},{"@type":"WebPage","@id":"https:\/\/vosgesinfo.fr\/saintdieinfo\/2025\/09\/fraize-deuxieme-edition-pour-la-fete-de-la-biere-fraxinienne\/","url":"https:\/\/vosgesinfo.fr\/saintdieinfo\/2025\/09\/fraize-deuxieme-edition-pour-la-fete-de-la-biere-fraxinienne\/","name":"Fraize \u2013 Deuxi\u00e8me \u00e9dition pour la f\u00eate de la bi\u00e8re fraxinienne - Saint Die Info","isPartOf":{"@id":"https:\/\/vosgesinfo.fr\/saintdieinfo\/#website"},"primaryImageOfPage":{"@id":"https:\/\/vosgesinfo.fr\/saintdieinfo\/2025\/09\/fraize-deuxieme-edition-pour-la-fete-de-la-biere-fraxinienne\/#primaryimage"},"image":{"@id":"https:\/\/vosgesinfo.fr\/saintdieinfo\/2025\/09\/fraize-deuxieme-edition-pour-la-fete-de-la-biere-fraxinienne\/#primaryimage"},"thumbnailUrl":"https:\/\/vosgesinfo.fr\/app\/uploads\/sites\/4\/2025\/09\/fraize-fete-biere.jpg","datePublished":"2025-09-04T12:45:39+00:00","dateModified":"2025-09-04T12:26:00+00:00","breadcrumb":{"@id":"https:\/\/vosgesinfo.fr\/saintdieinfo\/2025\/09\/fraize-deuxieme-edition-pour-la-fete-de-la-biere-fraxinienne\/#breadcrumb"},"inLanguage":"fr-FR","potentialAction":[{"@type":"ReadAction","target":["https:\/\/vosgesinfo.fr\/saintdieinfo\/2025\/09\/fraize-deuxieme-edition-pour-la-fete-de-la-biere-fraxinienne\/"]}]},{"@type":"ImageObject","inLanguage":"fr-FR","@id":"https:\/\/vosgesinfo.fr\/saintdieinfo\/2025\/09\/fraize-deuxieme-edition-pour-la-fete-de-la-biere-fraxinienne\/#primaryimage","url":"https:\/\/vosgesinfo.fr\/app\/uploads\/sites\/4\/2025\/09\/fraize-fete-biere.jpg","contentUrl":"https:\/\/vosgesinfo.fr\/app\/uploads\/sites\/4\/2025\/09\/fraize-fete-biere.jpg","width":1144,"height":1624},{"@type":"BreadcrumbList","@id":"https:\/\/vosgesinfo.fr\/saintdieinfo\/2025\/09\/fraize-deuxieme-edition-pour-la-fete-de-la-biere-fraxinienne\/#breadcrumb","itemListElement":[{"@type":"ListItem","position":1,"name":"Home","item":"https:\/\/vosgesinfo.fr\/saintdieinfo\/"},{"@type":"ListItem","position":2,"name":"Fraize \u2013 Deuxi\u00e8me \u00e9dition pour la f\u00eate de la bi\u00e8re fraxinienne"}]},{"@type":"WebSite","@id":"https:\/\/vosgesinfo.fr\/saintdieinfo\/#website","url":"https:\/\/vosgesinfo.fr\/saintdieinfo\/","name":"Saint Die Info","description":"Toute l&#039;actualit\u00e9 de Saint-Di\u00e9-Des-Vosges","publisher":{"@id":"https:\/\/vosgesinfo.fr\/saintdieinfo\/#organization"},"alternateName":"Toute l'actualit\u00e9 de Saint-Di\u00e9-Des-Vosges","potentialAction":[{"@type":"SearchAction","target":{"@type":"EntryPoint","urlTemplate":"https:\/\/vosgesinfo.fr\/saintdieinfo\/?s={search_term_string}"},"query-input":"required name=search_term_string"}],"inLanguage":"fr-FR"},{"@type":"Organization","@id":"https:\/\/vosgesinfo.fr\/saintdieinfo\/#organization","name":"Saint Die Info","url":"https:\/\/vosgesinfo.fr\/saintdieinfo\/","logo":{"@type":"ImageObject","inLanguage":"fr-FR","@id":"https:\/\/vosgesinfo.fr\/saintdieinfo\/#\/schema\/logo\/image\/","url":"https:\/\/vosgesinfo.fr\/app\/uploads\/sites\/4\/2024\/02\/logo-sdi.jpg","contentUrl":"https:\/\/vosgesinfo.fr\/app\/uploads\/sites\/4\/2024\/02\/logo-sdi.jpg","width":600,"height":600,"caption":"Saint Die Info"},"image":{"@id":"https:\/\/vosgesinfo.fr\/saintdieinfo\/#\/schema\/logo\/image\/"},"sameAs":["https:\/\/www.facebook.com\/Saintdieinfofr","https:\/\/x.com\/VosgesInfo88","https:\/\/www.youtube.com\/@vosgesinfo"]},{"@type":"Person","@id":"https:\/\/vosgesinfo.fr\/saintdieinfo\/#\/schema\/person\/fa73e9f726d67bb88f46d5b7943cb572","name":"J.J.","image":{"@type":"ImageObject","inLanguage":"fr-FR","@id":"https:\/\/vosgesinfo.fr\/saintdieinfo\/#\/schema\/person\/image\/","url":"https:\/\/secure.gravatar.com\/avatar\/219e749e47ffbcca018a360ae4add7d4cdf1cdaaf8bc7676b27efade3fe65615?s=96&d=mm&r=g","contentUrl":"https:\/\/secure.gravatar.com\/avatar\/219e749e47ffbcca018a360ae4add7d4cdf1cdaaf8bc7676b27efade3fe65615?s=96&d=mm&r=g","caption":"J.J."},"url":"https:\/\/vosgesinfo.fr\/saintdieinfo\/author\/j-j\/"}]}},"_links":{"self":[{"href":"https:\/\/vosgesinfo.fr\/saintdieinfo\/wp-json\/wp\/v2\/posts\/81709","targetHints":{"allow":["GET"]}}],"collection":[{"href":"https:\/\/vosgesinfo.fr\/saintdieinfo\/wp-json\/wp\/v2\/posts"}],"about":[{"href":"https:\/\/vosgesinfo.fr\/saintdieinfo\/wp-json\/wp\/v2\/types\/post"}],"author":[{"embeddable":true,"href":"https:\/\/vosgesinfo.fr\/saintdieinfo\/wp-json\/wp\/v2\/users\/46"}],"replies":[{"embeddable":true,"href":"https:\/\/vosgesinfo.fr\/saintdieinfo\/wp-json\/wp\/v2\/comments?post=81709"}],"version-history":[{"count":1,"href":"https:\/\/vosgesinfo.fr\/saintdieinfo\/wp-json\/wp\/v2\/posts\/81709\/revisions"}],"predecessor-version":[{"id":81711,"href":"https:\/\/vosgesinfo.fr\/saintdieinfo\/wp-json\/wp\/v2\/posts\/81709\/revisions\/81711"}],"wp:featuredmedia":[{"embeddable":true,"href":"https:\/\/vosgesinfo.fr\/saintdieinfo\/wp-json\/wp\/v2\/media\/81710"}],"wp:attachment":[{"href":"https:\/\/vosgesinfo.fr\/saintdieinfo\/wp-json\/wp\/v2\/media?parent=81709"}],"wp:term":[{"taxonomy":"category","embeddable":true,"href":"https:\/\/vosgesinfo.fr\/saintdieinfo\/wp-json\/wp\/v2\/categories?post=81709"},{"taxonomy":"post_tag","embeddable":true,"href":"https:\/\/vosgesinfo.fr\/saintdieinfo\/wp-json\/wp\/v2\/tags?post=81709"}],"curies":[{"name":"wp","href":"https:\/\/api.w.org\/{rel}","templated":true}]}}