{"id":81712,"date":"2025-09-04T18:00:20","date_gmt":"2025-09-04T16:00:20","guid":{"rendered":"https:\/\/vosgesinfo.fr\/saintdieinfo\/?p=81712"},"modified":"2025-09-04T17:46:42","modified_gmt":"2025-09-04T15:46:42","slug":"tentative-dhomicide-a-saint-die-des-vosges-le-mis-en-cause-place-en-detention-provisoire","status":"publish","type":"post","link":"https:\/\/vosgesinfo.fr\/saintdieinfo\/2025\/09\/tentative-dhomicide-a-saint-die-des-vosges-le-mis-en-cause-place-en-detention-provisoire\/","title":{"rendered":"Tentative d&rsquo;homicide \u00e0 Saint-Di\u00e9-des-Vosges : le mis en cause plac\u00e9 en d\u00e9tention provisoire"},"content":{"rendered":"<p data-start=\"88\" data-end=\"538\"><a href=\"https:\/\/vosgesinfo.fr\/app\/uploads\/sites\/4\/2025\/09\/tentative-homicide-sddv.jpg\"><img decoding=\"async\" class=\"alignnone size-large wp-image-81729\" src=\"https:\/\/vosgesinfo.fr\/app\/uploads\/sites\/4\/2025\/09\/tentative-homicide-sddv-1024x771.jpg\" alt=\"\" width=\"1024\" height=\"771\" srcset=\"https:\/\/vosgesinfo.fr\/app\/uploads\/sites\/4\/2025\/09\/tentative-homicide-sddv-1024x771.jpg 1024w, https:\/\/vosgesinfo.fr\/app\/uploads\/sites\/4\/2025\/09\/tentative-homicide-sddv-300x226.jpg 300w, https:\/\/vosgesinfo.fr\/app\/uploads\/sites\/4\/2025\/09\/tentative-homicide-sddv-768x578.jpg 768w, https:\/\/vosgesinfo.fr\/app\/uploads\/sites\/4\/2025\/09\/tentative-homicide-sddv-1536x1157.jpg 1536w, https:\/\/vosgesinfo.fr\/app\/uploads\/sites\/4\/2025\/09\/tentative-homicide-sddv.jpg 2040w\" sizes=\"(max-width: 1024px) 100vw, 1024px\" \/><\/a><\/p>\n<h2 data-start=\"101\" data-end=\"399\">Ce <strong>lundi 1er septembre en milieu d&rsquo;apr\u00e8s-midi, vers 16 h<\/strong>, les fonctionnaires de la <strong data-start=\"158\" data-end=\"178\">Police Nationale<\/strong> sont intervenus \u00e0 <strong data-start=\"197\" data-end=\"221\">Saint-Di\u00e9-des-Vosges<\/strong> apr\u00e8s la d\u00e9couverte d\u2019un <strong data-start=\"247\" data-end=\"289\">corps ensanglant\u00e9 sur la voie publique, \u00e0 l&rsquo;angle des rues Pasteur et de la Gare<\/strong>. Dans un communiqu\u00e9, le <strong data-start=\"314\" data-end=\"359\">Procureur de la R\u00e9publique des Vosges, Fr\u00e9d\u00e9ric Nahon,<\/strong> apporte des pr\u00e9cisions sur les faits.<\/h2>\n<p data-start=\"101\" data-end=\"399\"><!--more--><\/p>\n<h3 data-start=\"401\" data-end=\"442\"><strong>Le pronostic vital de la victime reste engag\u00e9<\/strong><\/h3>\n<p data-start=\"443\" data-end=\"703\">La <strong data-start=\"446\" data-end=\"495\">victime<\/strong>\u00a0a \u00e9t\u00e9 prise en charge par les <strong data-start=\"527\" data-end=\"550\">pompiers et le SMUR<\/strong>, puis \u00e9vacu\u00e9e vers le <strong data-start=\"573\" data-end=\"589\">CHU de Nancy<\/strong>. Apr\u00e8s une <strong>premi\u00e8re am\u00e9lioration de son \u00e9tat de sant\u00e9<\/strong>, elle se trouve actuellement plong\u00e9e dans un <strong data-start=\"635\" data-end=\"654\">coma artificiel<\/strong>, Son <strong data-start=\"446\" data-end=\"495\">pronostic vital reste engag\u00e9<\/strong>,<\/p>\n<h3 data-start=\"705\" data-end=\"746\"><strong>Un suspect d\u00e9j\u00e0 connu de la Justice<\/strong><\/h3>\n<p data-start=\"747\" data-end=\"1061\">Sur les lieux, un <strong data-start=\"763\" data-end=\"782\">homme de 38 ans<\/strong>, <strong data-start=\"784\" data-end=\"797\">alcoolis\u00e9<\/strong> et prof\u00e9rant des <strong>menaces de mort \u00e0 l&rsquo;encontre de la victime<\/strong>, a \u00e9t\u00e9 interpell\u00e9 par les policiers. <strong>Refusant de se soumettre au d\u00e9pistage d\u2019alcool\u00e9mie<\/strong>.\u00a0il a imm\u00e9diatement \u00e9t\u00e9 plac\u00e9 en garde \u00e0 vue. L&rsquo;individu \u00e9tait d<strong>\u00e9j\u00e0 connu de la Justice<\/strong> pour plusieurs condamnations, dont une pour <strong data-start=\"869\" data-end=\"889\">violence en 2019<\/strong>,<\/p>\n<h3 data-start=\"1063\" data-end=\"1103\"><strong>Une information judiciaire ouverte<\/strong><\/h3>\n<p data-start=\"1104\" data-end=\"1398\">Le <strong data-start=\"1107\" data-end=\"1137\">procureur de la R\u00e9publique<\/strong> a ouvert une <strong data-start=\"1151\" data-end=\"1327\">information judiciaire pour tentative de meurtre par personne en \u00e9tat d\u2019ivresse manifeste, menaces de mort r\u00e9it\u00e9r\u00e9es et refus de se soumettre aux v\u00e9rifications d\u2019alcool\u00e9mie<\/strong>. L\u2019affaire a \u00e9t\u00e9 confi\u00e9e \u00e0 un <strong data-start=\"1358\" data-end=\"1380\">juge d\u2019instruction<\/strong>, saisi ce mercredi.<\/p>\n<h3 data-start=\"1400\" data-end=\"1438\"><strong>D\u00e9tention provisoire du mis en cause<\/strong><\/h3>\n<p data-start=\"1439\" data-end=\"1572\" data-is-last-node=\"\" data-is-only-node=\"\">Le <strong data-start=\"1442\" data-end=\"1482\">juge des libert\u00e9s et de la d\u00e9tention<\/strong> a ordonn\u00e9 le <strong data-start=\"1496\" data-end=\"1533\">placement en d\u00e9tention provisoire<\/strong> du mis en cause ce m\u00eame mercredi, en fin d\u2019apr\u00e8s-midi.<\/p>\n","protected":false},"excerpt":{"rendered":"<p>Ce lundi 1er septembre en milieu d&rsquo;apr\u00e8s-midi, vers 16 h, les fonctionnaires de la Police Nationale sont intervenus \u00e0 Saint-Di\u00e9-des-Vosges [&hellip;]<\/p>\n","protected":false},"author":46,"featured_media":81729,"comment_status":"open","ping_status":"open","sticky":false,"template":"","format":"standard","meta":{"footnotes":""},"categories":[460,2924,167,18],"tags":[3764,2607,18142],"class_list":["post-81712","post","type-post","status-publish","format-standard","has-post-thumbnail","hentry","category-a-la-une","category-fait-divers","category-saint-die-des-vosges","category-vosges","tag-frederic-nahon","tag-procureur-de-la-republique-des-vosges","tag-tentative-dhomicide-a-saint-die-des-vosges"],"acf":[],"yoast_head":"<!-- This site is optimized with the Yoast SEO plugin v22.5 - https:\/\/yoast.com\/wordpress\/plugins\/seo\/ -->\n<title>Tentative d&#039;homicide \u00e0 Saint-Di\u00e9-des-Vosges : le mis en cause plac\u00e9 en d\u00e9tention provisoire - Saint Die Info<\/title>\n<meta name=\"robots\" content=\"index, follow, max-snippet:-1, max-image-preview:large, max-video-preview:-1\" \/>\n<link rel=\"canonical\" href=\"https:\/\/vosgesinfo.fr\/saintdieinfo\/2025\/09\/tentative-dhomicide-a-saint-die-des-vosges-le-mis-en-cause-place-en-detention-provisoire\/\" \/>\n<meta name=\"twitter:card\" content=\"summary_large_image\" \/>\n<meta name=\"twitter:title\" content=\"Tentative d&#039;homicide \u00e0 Saint-Di\u00e9-des-Vosges : le mis en cause plac\u00e9 en d\u00e9tention provisoire - Saint Die Info\" \/>\n<meta name=\"twitter:description\" content=\"Ce lundi 1er septembre en milieu d&rsquo;apr\u00e8s-midi, vers 16 h, les fonctionnaires de la Police Nationale sont intervenus \u00e0 Saint-Di\u00e9-des-Vosges [&hellip;]\" \/>\n<meta name=\"twitter:image\" content=\"https:\/\/vosgesinfo.fr\/app\/uploads\/sites\/4\/2025\/09\/tentative-homicide-sddv.jpg\" \/>\n<meta name=\"twitter:creator\" content=\"@VosgesInfo88\" \/>\n<meta name=\"twitter:site\" content=\"@VosgesInfo88\" \/>\n<meta name=\"twitter:label1\" content=\"\u00c9crit par\" \/>\n\t<meta name=\"twitter:data1\" content=\"J.J.\" \/>\n\t<meta name=\"twitter:label2\" content=\"Dur\u00e9e de lecture estim\u00e9e\" \/>\n\t<meta name=\"twitter:data2\" content=\"2 minutes\" \/>\n<script type=\"application\/ld+json\" class=\"yoast-schema-graph\">{\"@context\":\"https:\/\/schema.org\",\"@graph\":[{\"@type\":\"Article\",\"@id\":\"https:\/\/vosgesinfo.fr\/saintdieinfo\/2025\/09\/tentative-dhomicide-a-saint-die-des-vosges-le-mis-en-cause-place-en-detention-provisoire\/#article\",\"isPartOf\":{\"@id\":\"https:\/\/vosgesinfo.fr\/saintdieinfo\/2025\/09\/tentative-dhomicide-a-saint-die-des-vosges-le-mis-en-cause-place-en-detention-provisoire\/\"},\"author\":{\"name\":\"J.J.\",\"@id\":\"https:\/\/vosgesinfo.fr\/saintdieinfo\/#\/schema\/person\/fa73e9f726d67bb88f46d5b7943cb572\"},\"headline\":\"Tentative d&rsquo;homicide \u00e0 Saint-Di\u00e9-des-Vosges : le mis en cause plac\u00e9 en d\u00e9tention provisoire\",\"datePublished\":\"2025-09-04T16:00:20+00:00\",\"dateModified\":\"2025-09-04T15:46:42+00:00\",\"mainEntityOfPage\":{\"@id\":\"https:\/\/vosgesinfo.fr\/saintdieinfo\/2025\/09\/tentative-dhomicide-a-saint-die-des-vosges-le-mis-en-cause-place-en-detention-provisoire\/\"},\"wordCount\":300,\"commentCount\":3,\"publisher\":{\"@id\":\"https:\/\/vosgesinfo.fr\/saintdieinfo\/#organization\"},\"image\":{\"@id\":\"https:\/\/vosgesinfo.fr\/saintdieinfo\/2025\/09\/tentative-dhomicide-a-saint-die-des-vosges-le-mis-en-cause-place-en-detention-provisoire\/#primaryimage\"},\"thumbnailUrl\":\"https:\/\/vosgesinfo.fr\/app\/uploads\/sites\/4\/2025\/09\/tentative-homicide-sddv.jpg\",\"keywords\":[\"Fr\u00e9d\u00e9ric Nahon\",\"procureur de la R\u00e9publique des Vosges\",\"Tentative d'homicide \u00e0 Saint-Di\u00e9-des-Vosges\"],\"articleSection\":[\"A la Une\",\"Fait Divers\",\"Saint-Di\u00e9-des-Vosges\",\"Vosges\"],\"inLanguage\":\"fr-FR\",\"potentialAction\":[{\"@type\":\"CommentAction\",\"name\":\"Comment\",\"target\":[\"https:\/\/vosgesinfo.fr\/saintdieinfo\/2025\/09\/tentative-dhomicide-a-saint-die-des-vosges-le-mis-en-cause-place-en-detention-provisoire\/#respond\"]}]},{\"@type\":\"WebPage\",\"@id\":\"https:\/\/vosgesinfo.fr\/saintdieinfo\/2025\/09\/tentative-dhomicide-a-saint-die-des-vosges-le-mis-en-cause-place-en-detention-provisoire\/\",\"url\":\"https:\/\/vosgesinfo.fr\/saintdieinfo\/2025\/09\/tentative-dhomicide-a-saint-die-des-vosges-le-mis-en-cause-place-en-detention-provisoire\/\",\"name\":\"Tentative d'homicide \u00e0 Saint-Di\u00e9-des-Vosges : le mis en cause plac\u00e9 en d\u00e9tention provisoire - Saint Die Info\",\"isPartOf\":{\"@id\":\"https:\/\/vosgesinfo.fr\/saintdieinfo\/#website\"},\"primaryImageOfPage\":{\"@id\":\"https:\/\/vosgesinfo.fr\/saintdieinfo\/2025\/09\/tentative-dhomicide-a-saint-die-des-vosges-le-mis-en-cause-place-en-detention-provisoire\/#primaryimage\"},\"image\":{\"@id\":\"https:\/\/vosgesinfo.fr\/saintdieinfo\/2025\/09\/tentative-dhomicide-a-saint-die-des-vosges-le-mis-en-cause-place-en-detention-provisoire\/#primaryimage\"},\"thumbnailUrl\":\"https:\/\/vosgesinfo.fr\/app\/uploads\/sites\/4\/2025\/09\/tentative-homicide-sddv.jpg\",\"datePublished\":\"2025-09-04T16:00:20+00:00\",\"dateModified\":\"2025-09-04T15:46:42+00:00\",\"breadcrumb\":{\"@id\":\"https:\/\/vosgesinfo.fr\/saintdieinfo\/2025\/09\/tentative-dhomicide-a-saint-die-des-vosges-le-mis-en-cause-place-en-detention-provisoire\/#breadcrumb\"},\"inLanguage\":\"fr-FR\",\"potentialAction\":[{\"@type\":\"ReadAction\",\"target\":[\"https:\/\/vosgesinfo.fr\/saintdieinfo\/2025\/09\/tentative-dhomicide-a-saint-die-des-vosges-le-mis-en-cause-place-en-detention-provisoire\/\"]}]},{\"@type\":\"ImageObject\",\"inLanguage\":\"fr-FR\",\"@id\":\"https:\/\/vosgesinfo.fr\/saintdieinfo\/2025\/09\/tentative-dhomicide-a-saint-die-des-vosges-le-mis-en-cause-place-en-detention-provisoire\/#primaryimage\",\"url\":\"https:\/\/vosgesinfo.fr\/app\/uploads\/sites\/4\/2025\/09\/tentative-homicide-sddv.jpg\",\"contentUrl\":\"https:\/\/vosgesinfo.fr\/app\/uploads\/sites\/4\/2025\/09\/tentative-homicide-sddv.jpg\",\"width\":2040,\"height\":1536},{\"@type\":\"BreadcrumbList\",\"@id\":\"https:\/\/vosgesinfo.fr\/saintdieinfo\/2025\/09\/tentative-dhomicide-a-saint-die-des-vosges-le-mis-en-cause-place-en-detention-provisoire\/#breadcrumb\",\"itemListElement\":[{\"@type\":\"ListItem\",\"position\":1,\"name\":\"Home\",\"item\":\"https:\/\/vosgesinfo.fr\/saintdieinfo\/\"},{\"@type\":\"ListItem\",\"position\":2,\"name\":\"Tentative d&rsquo;homicide \u00e0 Saint-Di\u00e9-des-Vosges : le mis en cause plac\u00e9 en d\u00e9tention provisoire\"}]},{\"@type\":\"WebSite\",\"@id\":\"https:\/\/vosgesinfo.fr\/saintdieinfo\/#website\",\"url\":\"https:\/\/vosgesinfo.fr\/saintdieinfo\/\",\"name\":\"Saint Die Info\",\"description\":\"Toute l&#039;actualit\u00e9 de Saint-Di\u00e9-Des-Vosges\",\"publisher\":{\"@id\":\"https:\/\/vosgesinfo.fr\/saintdieinfo\/#organization\"},\"alternateName\":\"Toute l'actualit\u00e9 de Saint-Di\u00e9-Des-Vosges\",\"potentialAction\":[{\"@type\":\"SearchAction\",\"target\":{\"@type\":\"EntryPoint\",\"urlTemplate\":\"https:\/\/vosgesinfo.fr\/saintdieinfo\/?s={search_term_string}\"},\"query-input\":\"required name=search_term_string\"}],\"inLanguage\":\"fr-FR\"},{\"@type\":\"Organization\",\"@id\":\"https:\/\/vosgesinfo.fr\/saintdieinfo\/#organization\",\"name\":\"Saint Die Info\",\"url\":\"https:\/\/vosgesinfo.fr\/saintdieinfo\/\",\"logo\":{\"@type\":\"ImageObject\",\"inLanguage\":\"fr-FR\",\"@id\":\"https:\/\/vosgesinfo.fr\/saintdieinfo\/#\/schema\/logo\/image\/\",\"url\":\"https:\/\/vosgesinfo.fr\/app\/uploads\/sites\/4\/2024\/02\/logo-sdi.jpg\",\"contentUrl\":\"https:\/\/vosgesinfo.fr\/app\/uploads\/sites\/4\/2024\/02\/logo-sdi.jpg\",\"width\":600,\"height\":600,\"caption\":\"Saint Die Info\"},\"image\":{\"@id\":\"https:\/\/vosgesinfo.fr\/saintdieinfo\/#\/schema\/logo\/image\/\"},\"sameAs\":[\"https:\/\/www.facebook.com\/Saintdieinfofr\",\"https:\/\/x.com\/VosgesInfo88\",\"https:\/\/www.youtube.com\/@vosgesinfo\"]},{\"@type\":\"Person\",\"@id\":\"https:\/\/vosgesinfo.fr\/saintdieinfo\/#\/schema\/person\/fa73e9f726d67bb88f46d5b7943cb572\",\"name\":\"J.J.\",\"image\":{\"@type\":\"ImageObject\",\"inLanguage\":\"fr-FR\",\"@id\":\"https:\/\/vosgesinfo.fr\/saintdieinfo\/#\/schema\/person\/image\/\",\"url\":\"https:\/\/secure.gravatar.com\/avatar\/219e749e47ffbcca018a360ae4add7d4cdf1cdaaf8bc7676b27efade3fe65615?s=96&d=mm&r=g\",\"contentUrl\":\"https:\/\/secure.gravatar.com\/avatar\/219e749e47ffbcca018a360ae4add7d4cdf1cdaaf8bc7676b27efade3fe65615?s=96&d=mm&r=g\",\"caption\":\"J.J.\"},\"url\":\"https:\/\/vosgesinfo.fr\/saintdieinfo\/author\/j-j\/\"}]}<\/script>\n<!-- \/ Yoast SEO plugin. -->","yoast_head_json":{"title":"Tentative d'homicide \u00e0 Saint-Di\u00e9-des-Vosges : le mis en cause plac\u00e9 en d\u00e9tention provisoire - Saint Die Info","robots":{"index":"index","follow":"follow","max-snippet":"max-snippet:-1","max-image-preview":"max-image-preview:large","max-video-preview":"max-video-preview:-1"},"canonical":"https:\/\/vosgesinfo.fr\/saintdieinfo\/2025\/09\/tentative-dhomicide-a-saint-die-des-vosges-le-mis-en-cause-place-en-detention-provisoire\/","twitter_card":"summary_large_image","twitter_title":"Tentative d'homicide \u00e0 Saint-Di\u00e9-des-Vosges : le mis en cause plac\u00e9 en d\u00e9tention provisoire - Saint Die Info","twitter_description":"Ce lundi 1er septembre en milieu d&rsquo;apr\u00e8s-midi, vers 16 h, les fonctionnaires de la Police Nationale sont intervenus \u00e0 Saint-Di\u00e9-des-Vosges [&hellip;]","twitter_image":"https:\/\/vosgesinfo.fr\/app\/uploads\/sites\/4\/2025\/09\/tentative-homicide-sddv.jpg","twitter_creator":"@VosgesInfo88","twitter_site":"@VosgesInfo88","twitter_misc":{"\u00c9crit par":"J.J.","Dur\u00e9e de lecture estim\u00e9e":"2 minutes"},"schema":{"@context":"https:\/\/schema.org","@graph":[{"@type":"Article","@id":"https:\/\/vosgesinfo.fr\/saintdieinfo\/2025\/09\/tentative-dhomicide-a-saint-die-des-vosges-le-mis-en-cause-place-en-detention-provisoire\/#article","isPartOf":{"@id":"https:\/\/vosgesinfo.fr\/saintdieinfo\/2025\/09\/tentative-dhomicide-a-saint-die-des-vosges-le-mis-en-cause-place-en-detention-provisoire\/"},"author":{"name":"J.J.","@id":"https:\/\/vosgesinfo.fr\/saintdieinfo\/#\/schema\/person\/fa73e9f726d67bb88f46d5b7943cb572"},"headline":"Tentative d&rsquo;homicide \u00e0 Saint-Di\u00e9-des-Vosges : le mis en cause plac\u00e9 en d\u00e9tention provisoire","datePublished":"2025-09-04T16:00:20+00:00","dateModified":"2025-09-04T15:46:42+00:00","mainEntityOfPage":{"@id":"https:\/\/vosgesinfo.fr\/saintdieinfo\/2025\/09\/tentative-dhomicide-a-saint-die-des-vosges-le-mis-en-cause-place-en-detention-provisoire\/"},"wordCount":300,"commentCount":3,"publisher":{"@id":"https:\/\/vosgesinfo.fr\/saintdieinfo\/#organization"},"image":{"@id":"https:\/\/vosgesinfo.fr\/saintdieinfo\/2025\/09\/tentative-dhomicide-a-saint-die-des-vosges-le-mis-en-cause-place-en-detention-provisoire\/#primaryimage"},"thumbnailUrl":"https:\/\/vosgesinfo.fr\/app\/uploads\/sites\/4\/2025\/09\/tentative-homicide-sddv.jpg","keywords":["Fr\u00e9d\u00e9ric Nahon","procureur de la R\u00e9publique des Vosges","Tentative d'homicide \u00e0 Saint-Di\u00e9-des-Vosges"],"articleSection":["A la Une","Fait Divers","Saint-Di\u00e9-des-Vosges","Vosges"],"inLanguage":"fr-FR","potentialAction":[{"@type":"CommentAction","name":"Comment","target":["https:\/\/vosgesinfo.fr\/saintdieinfo\/2025\/09\/tentative-dhomicide-a-saint-die-des-vosges-le-mis-en-cause-place-en-detention-provisoire\/#respond"]}]},{"@type":"WebPage","@id":"https:\/\/vosgesinfo.fr\/saintdieinfo\/2025\/09\/tentative-dhomicide-a-saint-die-des-vosges-le-mis-en-cause-place-en-detention-provisoire\/","url":"https:\/\/vosgesinfo.fr\/saintdieinfo\/2025\/09\/tentative-dhomicide-a-saint-die-des-vosges-le-mis-en-cause-place-en-detention-provisoire\/","name":"Tentative d'homicide \u00e0 Saint-Di\u00e9-des-Vosges : le mis en cause plac\u00e9 en d\u00e9tention provisoire - Saint Die Info","isPartOf":{"@id":"https:\/\/vosgesinfo.fr\/saintdieinfo\/#website"},"primaryImageOfPage":{"@id":"https:\/\/vosgesinfo.fr\/saintdieinfo\/2025\/09\/tentative-dhomicide-a-saint-die-des-vosges-le-mis-en-cause-place-en-detention-provisoire\/#primaryimage"},"image":{"@id":"https:\/\/vosgesinfo.fr\/saintdieinfo\/2025\/09\/tentative-dhomicide-a-saint-die-des-vosges-le-mis-en-cause-place-en-detention-provisoire\/#primaryimage"},"thumbnailUrl":"https:\/\/vosgesinfo.fr\/app\/uploads\/sites\/4\/2025\/09\/tentative-homicide-sddv.jpg","datePublished":"2025-09-04T16:00:20+00:00","dateModified":"2025-09-04T15:46:42+00:00","breadcrumb":{"@id":"https:\/\/vosgesinfo.fr\/saintdieinfo\/2025\/09\/tentative-dhomicide-a-saint-die-des-vosges-le-mis-en-cause-place-en-detention-provisoire\/#breadcrumb"},"inLanguage":"fr-FR","potentialAction":[{"@type":"ReadAction","target":["https:\/\/vosgesinfo.fr\/saintdieinfo\/2025\/09\/tentative-dhomicide-a-saint-die-des-vosges-le-mis-en-cause-place-en-detention-provisoire\/"]}]},{"@type":"ImageObject","inLanguage":"fr-FR","@id":"https:\/\/vosgesinfo.fr\/saintdieinfo\/2025\/09\/tentative-dhomicide-a-saint-die-des-vosges-le-mis-en-cause-place-en-detention-provisoire\/#primaryimage","url":"https:\/\/vosgesinfo.fr\/app\/uploads\/sites\/4\/2025\/09\/tentative-homicide-sddv.jpg","contentUrl":"https:\/\/vosgesinfo.fr\/app\/uploads\/sites\/4\/2025\/09\/tentative-homicide-sddv.jpg","width":2040,"height":1536},{"@type":"BreadcrumbList","@id":"https:\/\/vosgesinfo.fr\/saintdieinfo\/2025\/09\/tentative-dhomicide-a-saint-die-des-vosges-le-mis-en-cause-place-en-detention-provisoire\/#breadcrumb","itemListElement":[{"@type":"ListItem","position":1,"name":"Home","item":"https:\/\/vosgesinfo.fr\/saintdieinfo\/"},{"@type":"ListItem","position":2,"name":"Tentative d&rsquo;homicide \u00e0 Saint-Di\u00e9-des-Vosges : le mis en cause plac\u00e9 en d\u00e9tention provisoire"}]},{"@type":"WebSite","@id":"https:\/\/vosgesinfo.fr\/saintdieinfo\/#website","url":"https:\/\/vosgesinfo.fr\/saintdieinfo\/","name":"Saint Die Info","description":"Toute l&#039;actualit\u00e9 de Saint-Di\u00e9-Des-Vosges","publisher":{"@id":"https:\/\/vosgesinfo.fr\/saintdieinfo\/#organization"},"alternateName":"Toute l'actualit\u00e9 de Saint-Di\u00e9-Des-Vosges","potentialAction":[{"@type":"SearchAction","target":{"@type":"EntryPoint","urlTemplate":"https:\/\/vosgesinfo.fr\/saintdieinfo\/?s={search_term_string}"},"query-input":"required name=search_term_string"}],"inLanguage":"fr-FR"},{"@type":"Organization","@id":"https:\/\/vosgesinfo.fr\/saintdieinfo\/#organization","name":"Saint Die Info","url":"https:\/\/vosgesinfo.fr\/saintdieinfo\/","logo":{"@type":"ImageObject","inLanguage":"fr-FR","@id":"https:\/\/vosgesinfo.fr\/saintdieinfo\/#\/schema\/logo\/image\/","url":"https:\/\/vosgesinfo.fr\/app\/uploads\/sites\/4\/2024\/02\/logo-sdi.jpg","contentUrl":"https:\/\/vosgesinfo.fr\/app\/uploads\/sites\/4\/2024\/02\/logo-sdi.jpg","width":600,"height":600,"caption":"Saint Die Info"},"image":{"@id":"https:\/\/vosgesinfo.fr\/saintdieinfo\/#\/schema\/logo\/image\/"},"sameAs":["https:\/\/www.facebook.com\/Saintdieinfofr","https:\/\/x.com\/VosgesInfo88","https:\/\/www.youtube.com\/@vosgesinfo"]},{"@type":"Person","@id":"https:\/\/vosgesinfo.fr\/saintdieinfo\/#\/schema\/person\/fa73e9f726d67bb88f46d5b7943cb572","name":"J.J.","image":{"@type":"ImageObject","inLanguage":"fr-FR","@id":"https:\/\/vosgesinfo.fr\/saintdieinfo\/#\/schema\/person\/image\/","url":"https:\/\/secure.gravatar.com\/avatar\/219e749e47ffbcca018a360ae4add7d4cdf1cdaaf8bc7676b27efade3fe65615?s=96&d=mm&r=g","contentUrl":"https:\/\/secure.gravatar.com\/avatar\/219e749e47ffbcca018a360ae4add7d4cdf1cdaaf8bc7676b27efade3fe65615?s=96&d=mm&r=g","caption":"J.J."},"url":"https:\/\/vosgesinfo.fr\/saintdieinfo\/author\/j-j\/"}]}},"_links":{"self":[{"href":"https:\/\/vosgesinfo.fr\/saintdieinfo\/wp-json\/wp\/v2\/posts\/81712","targetHints":{"allow":["GET"]}}],"collection":[{"href":"https:\/\/vosgesinfo.fr\/saintdieinfo\/wp-json\/wp\/v2\/posts"}],"about":[{"href":"https:\/\/vosgesinfo.fr\/saintdieinfo\/wp-json\/wp\/v2\/types\/post"}],"author":[{"embeddable":true,"href":"https:\/\/vosgesinfo.fr\/saintdieinfo\/wp-json\/wp\/v2\/users\/46"}],"replies":[{"embeddable":true,"href":"https:\/\/vosgesinfo.fr\/saintdieinfo\/wp-json\/wp\/v2\/comments?post=81712"}],"version-history":[{"count":2,"href":"https:\/\/vosgesinfo.fr\/saintdieinfo\/wp-json\/wp\/v2\/posts\/81712\/revisions"}],"predecessor-version":[{"id":81731,"href":"https:\/\/vosgesinfo.fr\/saintdieinfo\/wp-json\/wp\/v2\/posts\/81712\/revisions\/81731"}],"wp:featuredmedia":[{"embeddable":true,"href":"https:\/\/vosgesinfo.fr\/saintdieinfo\/wp-json\/wp\/v2\/media\/81729"}],"wp:attachment":[{"href":"https:\/\/vosgesinfo.fr\/saintdieinfo\/wp-json\/wp\/v2\/media?parent=81712"}],"wp:term":[{"taxonomy":"category","embeddable":true,"href":"https:\/\/vosgesinfo.fr\/saintdieinfo\/wp-json\/wp\/v2\/categories?post=81712"},{"taxonomy":"post_tag","embeddable":true,"href":"https:\/\/vosgesinfo.fr\/saintdieinfo\/wp-json\/wp\/v2\/tags?post=81712"}],"curies":[{"name":"wp","href":"https:\/\/api.w.org\/{rel}","templated":true}]}}