{"id":81815,"date":"2025-09-06T15:41:18","date_gmt":"2025-09-06T13:41:18","guid":{"rendered":"https:\/\/vosgesinfo.fr\/saintdieinfo\/?p=81815"},"modified":"2025-09-06T15:41:18","modified_gmt":"2025-09-06T13:41:18","slug":"triathlon-de-gerardmer-gregor-payet-tout-simplement-incroyable-sur-le-xl","status":"publish","type":"post","link":"https:\/\/vosgesinfo.fr\/saintdieinfo\/2025\/09\/triathlon-de-gerardmer-gregor-payet-tout-simplement-incroyable-sur-le-xl\/","title":{"rendered":"Triathlon de G\u00e9rardmer : Gregor Payet tout simplement incroyable sur le XL !"},"content":{"rendered":"<p style=\"text-align: center;\">\n<p><iframe loading=\"lazy\" src=\"\/\/www.youtube.com\/embed\/xwdxNq6r0nQ\" width=\"560\" height=\"314\" allowfullscreen=\"allowfullscreen\"><\/iframe><\/p>\n<div id=\"attachment_82069\" style=\"width: 1034px\" class=\"wp-caption aligncenter\"><a href=\"https:\/\/vosgesinfo.fr\/app\/uploads\/sites\/6\/2025\/09\/gregor-payet-triathlon-gerardmer-xl-1.jpg\"><img decoding=\"async\" aria-describedby=\"caption-attachment-82069\" class=\"size-large wp-image-82069\" src=\"https:\/\/vosgesinfo.fr\/app\/uploads\/sites\/6\/2025\/09\/gregor-payet-triathlon-gerardmer-xl-1-1024x768.jpg\" alt=\"\" width=\"1024\" height=\"768\" \/><\/a><p id=\"caption-attachment-82069\" class=\"wp-caption-text\">Gr\u00e9gor Payet<\/p><\/div>\n<p>&nbsp;<\/p>\n<h3><span style=\"color: #000000;\">Tout simplement \u00ab\u00a0incroyable !\u00a0\u00bb , d\u00e9clarait le vainqueur de cette \u00e9dition 2025 du triathlon XL Je Vois la Vie en Vosges. Et en fran\u00e7ais dans le texte pour Gr\u00e9gor Payet, le N\u00e9erlandais qui \u00e9tablit donc un nouveau record de l&rsquo;\u00e9preuve avec un chrono de 4 heures, 15 minutes et 24 secondes !! Le pr\u00e9c\u00e9dent record \u00e9tait d\u00e9tenu par Cl\u00e9ment Mignon en 4 heures et 18 minutes.\u00a0<\/span><\/h3>\n<p>&nbsp;<\/p>\n<p><span style=\"color: #000000;\"><a href=\"https:\/\/vosgesinfo.fr\/app\/uploads\/sites\/6\/2025\/09\/podium-masculin-triathlon-xl-gerardmer.jpg\"><img decoding=\"async\" class=\"alignright size-medium wp-image-82073\" src=\"https:\/\/vosgesinfo.fr\/app\/uploads\/sites\/6\/2025\/09\/podium-masculin-triathlon-xl-gerardmer-300x225.jpg\" alt=\"\" width=\"300\" height=\"225\" \/><\/a>Cerise sur le g\u00e2teau pour cette \u00e9preuve, le troisi\u00e8me Louis RICHARD bat quant \u00e0 lui la meilleure performance en v\u00e9lo sur cette m\u00eame \u00e9preuve avec un temps de 2 heures et 30 minutes, rien que \u00e7a ! Une performance qui lui a permis de de monter sur le podium, mais pas de devancer Cl\u00e9ment Grandy qui a fini fort son \u00e9preuve de course et r\u00e9alise lui aussi un beau chrono en 4\u00a0\u00bb19\u00a0\u00bb45. Cotes \u00e0 c\u00f4tes, on retrouve enfin l&rsquo;Autrichien Thomas Steger en 4e position, et le Fran\u00e7ais Thomas Navarro \u00e0 la 5e place.\u00a0<\/span><\/p>\n<div id=\"attachment_82068\" style=\"width: 310px\" class=\"wp-caption alignright\"><a href=\"https:\/\/vosgesinfo.fr\/app\/uploads\/sites\/6\/2025\/09\/alanis-siffert-justine-guerard-triathlon-gerardmer-2025.jpg\"><img decoding=\"async\" aria-describedby=\"caption-attachment-82068\" class=\"wp-image-82068 size-medium\" src=\"https:\/\/vosgesinfo.fr\/app\/uploads\/sites\/6\/2025\/09\/alanis-siffert-justine-guerard-triathlon-gerardmer-2025-300x225.jpg\" alt=\"\" width=\"300\" height=\"225\" \/><\/a><p id=\"caption-attachment-82068\" class=\"wp-caption-text\">Nina Derron &amp; Justine Gu\u00e9rard.<\/p><\/div>\n<p><span style=\"color: #000000;\">Chez les dames, La recordwoman de l&rsquo;\u00e9preuve (record \u00e9tabli l&rsquo;an dernier) Alanis Siffert a r\u00e9sist\u00e9 \u00e0 sa compatriote suisse Nina Derron pour s&rsquo;imposer une deuxi\u00e8me fois cons\u00e9cutive \u00e0 G\u00e9rardmer. C&rsquo;est une premi\u00e8re chez les filles, et cela m\u00e9ritait bien une ovation du public et un petit tour d&rsquo;honneur en attendant l&rsquo;arriv\u00e9e de Nina et de la troisi\u00e8me athl\u00e8tes venue compl\u00e9ter le podium. Il s&rsquo;agit de la Fran\u00e7aise Justine Gu\u00e9rard, visiblement ravie et \u00e9mue de franchir la ligne d&rsquo;arriv\u00e9e o\u00f9 l&rsquo;attendaient Derron et Siffert ! Bref, une belle \u00e9dition pour ce triathlon XL qui s&rsquo;est parfaitement d\u00e9roul\u00e9 avec le soutien d&rsquo;un public venu en nombre dans les cols et surtout au bord du lac de G\u00e9rardmer. Il devrait en \u00eatre demain pour les \u00e9preuves suivantes, \u00e0 savoir le \u00ab\u00a0d\u00e9couverte\u00a0\u00bb et le D.O.\u00a0<\/span><\/p>\n\n\t\t<style type=\"text\/css\">\n\t\t\t#gallery-1 {\n\t\t\t\tmargin: auto;\n\t\t\t}\n\t\t\t#gallery-1 .gallery-item {\n\t\t\t\tfloat: left;\n\t\t\t\tmargin-top: 10px;\n\t\t\t\ttext-align: center;\n\t\t\t\twidth: 33%;\n\t\t\t}\n\t\t\t#gallery-1 img {\n\t\t\t\tborder: 2px solid #cfcfcf;\n\t\t\t}\n\t\t\t#gallery-1 .gallery-caption {\n\t\t\t\tmargin-left: 0;\n\t\t\t}\n\t\t\t\/* see gallery_shortcode() in wp-includes\/media.php *\/\n\t\t<\/style>\n\t\t<div id='gallery-1' class='gallery galleryid-81815 gallery-columns-3 gallery-size-thumbnail'><dl class='gallery-item'>\n\t\t\t<dt class='gallery-icon landscape'>\n\t\t\t\t<a href='https:\/\/vosgesinfo.fr\/app\/uploads\/sites\/4\/2025\/09\/podium-feminin-triathlon-xl-gerardmer.jpg'><img decoding=\"async\" width=\"150\" height=\"150\" src=\"https:\/\/vosgesinfo.fr\/app\/uploads\/sites\/4\/2025\/09\/podium-feminin-triathlon-xl-gerardmer-150x150.jpg\" class=\"attachment-thumbnail size-thumbnail\" alt=\"\" \/><\/a>\n\t\t\t<\/dt><\/dl><dl class='gallery-item'>\n\t\t\t<dt class='gallery-icon landscape'>\n\t\t\t\t<a href='https:\/\/vosgesinfo.fr\/app\/uploads\/sites\/4\/2025\/09\/lilian-calmejane-triathlon-xl-gerardmer.jpg'><img decoding=\"async\" width=\"150\" height=\"150\" src=\"https:\/\/vosgesinfo.fr\/app\/uploads\/sites\/4\/2025\/09\/lilian-calmejane-triathlon-xl-gerardmer-150x150.jpg\" class=\"attachment-thumbnail size-thumbnail\" alt=\"\" \/><\/a>\n\t\t\t<\/dt><\/dl><dl class='gallery-item'>\n\t\t\t<dt class='gallery-icon landscape'>\n\t\t\t\t<a href='https:\/\/vosgesinfo.fr\/app\/uploads\/sites\/4\/2025\/09\/gregor-payet-triathlon-gerardmer-xl-2.jpg'><img decoding=\"async\" width=\"150\" height=\"150\" src=\"https:\/\/vosgesinfo.fr\/app\/uploads\/sites\/4\/2025\/09\/gregor-payet-triathlon-gerardmer-xl-2-150x150.jpg\" class=\"attachment-thumbnail size-thumbnail\" alt=\"\" \/><\/a>\n\t\t\t<\/dt><\/dl><br style=\"clear: both\" \/><dl class='gallery-item'>\n\t\t\t<dt class='gallery-icon portrait'>\n\t\t\t\t<a href='https:\/\/vosgesinfo.fr\/app\/uploads\/sites\/4\/2025\/09\/alanis-et-julie-triathlon-xl-gerardmer-2025.jpg'><img decoding=\"async\" width=\"150\" height=\"150\" src=\"https:\/\/vosgesinfo.fr\/app\/uploads\/sites\/4\/2025\/09\/alanis-et-julie-triathlon-xl-gerardmer-2025-150x150.jpg\" class=\"attachment-thumbnail size-thumbnail\" alt=\"\" \/><\/a>\n\t\t\t<\/dt><\/dl>\n\t\t\t<br style='clear: both' \/>\n\t\t<\/div>\n\n","protected":false},"excerpt":{"rendered":"<p>&nbsp; Tout simplement \u00ab\u00a0incroyable !\u00a0\u00bb , d\u00e9clarait le vainqueur de cette \u00e9dition 2025 du triathlon XL Je Vois la Vie [&hellip;]<\/p>\n","protected":false},"author":42,"featured_media":81816,"comment_status":"open","ping_status":"open","sticky":false,"template":"","format":"standard","meta":{"footnotes":""},"categories":[460,5392,5391,5389,4099,4100,14],"tags":[14724,18168,18169,2972],"class_list":["post-81815","post","type-post","status-publish","format-standard","has-post-thumbnail","hentry","category-a-la-une","category-epinal","category-gerardmer","category-la-plaine-des-vosges","category-remiremont","category-saint-die","category-sport","tag-alanis-siffert","tag-gregor-payet","tag-nina-derron","tag-triathlon-de-gerardmer"],"acf":[],"yoast_head":"<!-- This site is optimized with the Yoast SEO plugin v22.5 - https:\/\/yoast.com\/wordpress\/plugins\/seo\/ -->\n<title>Triathlon de G\u00e9rardmer : Gregor Payet tout simplement incroyable sur le XL ! - Saint Die Info<\/title>\n<meta name=\"robots\" content=\"index, follow, max-snippet:-1, max-image-preview:large, max-video-preview:-1\" \/>\n<link rel=\"canonical\" href=\"https:\/\/vosgesinfo.fr\/saintdieinfo\/2025\/09\/triathlon-de-gerardmer-gregor-payet-tout-simplement-incroyable-sur-le-xl\/\" \/>\n<meta name=\"twitter:card\" content=\"summary_large_image\" \/>\n<meta name=\"twitter:title\" content=\"Triathlon de G\u00e9rardmer : Gregor Payet tout simplement incroyable sur le XL ! - Saint Die Info\" \/>\n<meta name=\"twitter:description\" content=\"&nbsp; Tout simplement \u00ab\u00a0incroyable !\u00a0\u00bb , d\u00e9clarait le vainqueur de cette \u00e9dition 2025 du triathlon XL Je Vois la Vie [&hellip;]\" \/>\n<meta name=\"twitter:image\" content=\"https:\/\/vosgesinfo.fr\/app\/uploads\/sites\/4\/2025\/09\/gregor-payet-triathlon-gerardmer-xl-1.jpg\" \/>\n<meta name=\"twitter:creator\" content=\"@VosgesInfo88\" \/>\n<meta name=\"twitter:site\" content=\"@VosgesInfo88\" \/>\n<meta name=\"twitter:label1\" content=\"\u00c9crit par\" \/>\n\t<meta name=\"twitter:data1\" content=\"QG\" \/>\n\t<meta name=\"twitter:label2\" content=\"Dur\u00e9e de lecture estim\u00e9e\" \/>\n\t<meta name=\"twitter:data2\" content=\"2 minutes\" \/>\n<script type=\"application\/ld+json\" class=\"yoast-schema-graph\">{\"@context\":\"https:\/\/schema.org\",\"@graph\":[{\"@type\":\"Article\",\"@id\":\"https:\/\/vosgesinfo.fr\/saintdieinfo\/2025\/09\/triathlon-de-gerardmer-gregor-payet-tout-simplement-incroyable-sur-le-xl\/#article\",\"isPartOf\":{\"@id\":\"https:\/\/vosgesinfo.fr\/saintdieinfo\/2025\/09\/triathlon-de-gerardmer-gregor-payet-tout-simplement-incroyable-sur-le-xl\/\"},\"author\":{\"name\":\"QG\",\"@id\":\"https:\/\/vosgesinfo.fr\/saintdieinfo\/#\/schema\/person\/db5605779a843dad16b5368f3e7613a5\"},\"headline\":\"Triathlon de G\u00e9rardmer : Gregor Payet tout simplement incroyable sur le XL !\",\"datePublished\":\"2025-09-06T13:41:18+00:00\",\"dateModified\":\"2025-09-06T13:41:18+00:00\",\"mainEntityOfPage\":{\"@id\":\"https:\/\/vosgesinfo.fr\/saintdieinfo\/2025\/09\/triathlon-de-gerardmer-gregor-payet-tout-simplement-incroyable-sur-le-xl\/\"},\"wordCount\":357,\"commentCount\":0,\"publisher\":{\"@id\":\"https:\/\/vosgesinfo.fr\/saintdieinfo\/#organization\"},\"image\":{\"@id\":\"https:\/\/vosgesinfo.fr\/saintdieinfo\/2025\/09\/triathlon-de-gerardmer-gregor-payet-tout-simplement-incroyable-sur-le-xl\/#primaryimage\"},\"thumbnailUrl\":\"https:\/\/vosgesinfo.fr\/app\/uploads\/sites\/4\/2025\/09\/gregor-payet-triathlon-gerardmer-xl-1.jpg\",\"keywords\":[\"Alanis Siffert\",\"Gregor Payet\",\"nina derron\",\"Triathlon de G\u00e9rardmer\"],\"articleSection\":[\"A la Une\",\"Epinal\",\"Gerardmer\",\"La plaine des vosges\",\"Remiremont\",\"Saint-di\u00e9\",\"Sport\"],\"inLanguage\":\"fr-FR\",\"potentialAction\":[{\"@type\":\"CommentAction\",\"name\":\"Comment\",\"target\":[\"https:\/\/vosgesinfo.fr\/saintdieinfo\/2025\/09\/triathlon-de-gerardmer-gregor-payet-tout-simplement-incroyable-sur-le-xl\/#respond\"]}]},{\"@type\":\"WebPage\",\"@id\":\"https:\/\/vosgesinfo.fr\/saintdieinfo\/2025\/09\/triathlon-de-gerardmer-gregor-payet-tout-simplement-incroyable-sur-le-xl\/\",\"url\":\"https:\/\/vosgesinfo.fr\/saintdieinfo\/2025\/09\/triathlon-de-gerardmer-gregor-payet-tout-simplement-incroyable-sur-le-xl\/\",\"name\":\"Triathlon de G\u00e9rardmer : Gregor Payet tout simplement incroyable sur le XL ! - Saint Die Info\",\"isPartOf\":{\"@id\":\"https:\/\/vosgesinfo.fr\/saintdieinfo\/#website\"},\"primaryImageOfPage\":{\"@id\":\"https:\/\/vosgesinfo.fr\/saintdieinfo\/2025\/09\/triathlon-de-gerardmer-gregor-payet-tout-simplement-incroyable-sur-le-xl\/#primaryimage\"},\"image\":{\"@id\":\"https:\/\/vosgesinfo.fr\/saintdieinfo\/2025\/09\/triathlon-de-gerardmer-gregor-payet-tout-simplement-incroyable-sur-le-xl\/#primaryimage\"},\"thumbnailUrl\":\"https:\/\/vosgesinfo.fr\/app\/uploads\/sites\/4\/2025\/09\/gregor-payet-triathlon-gerardmer-xl-1.jpg\",\"datePublished\":\"2025-09-06T13:41:18+00:00\",\"dateModified\":\"2025-09-06T13:41:18+00:00\",\"breadcrumb\":{\"@id\":\"https:\/\/vosgesinfo.fr\/saintdieinfo\/2025\/09\/triathlon-de-gerardmer-gregor-payet-tout-simplement-incroyable-sur-le-xl\/#breadcrumb\"},\"inLanguage\":\"fr-FR\",\"potentialAction\":[{\"@type\":\"ReadAction\",\"target\":[\"https:\/\/vosgesinfo.fr\/saintdieinfo\/2025\/09\/triathlon-de-gerardmer-gregor-payet-tout-simplement-incroyable-sur-le-xl\/\"]}]},{\"@type\":\"ImageObject\",\"inLanguage\":\"fr-FR\",\"@id\":\"https:\/\/vosgesinfo.fr\/saintdieinfo\/2025\/09\/triathlon-de-gerardmer-gregor-payet-tout-simplement-incroyable-sur-le-xl\/#primaryimage\",\"url\":\"https:\/\/vosgesinfo.fr\/app\/uploads\/sites\/4\/2025\/09\/gregor-payet-triathlon-gerardmer-xl-1.jpg\",\"contentUrl\":\"https:\/\/vosgesinfo.fr\/app\/uploads\/sites\/4\/2025\/09\/gregor-payet-triathlon-gerardmer-xl-1.jpg\",\"width\":2040,\"height\":1530},{\"@type\":\"BreadcrumbList\",\"@id\":\"https:\/\/vosgesinfo.fr\/saintdieinfo\/2025\/09\/triathlon-de-gerardmer-gregor-payet-tout-simplement-incroyable-sur-le-xl\/#breadcrumb\",\"itemListElement\":[{\"@type\":\"ListItem\",\"position\":1,\"name\":\"Home\",\"item\":\"https:\/\/vosgesinfo.fr\/saintdieinfo\/\"},{\"@type\":\"ListItem\",\"position\":2,\"name\":\"Triathlon de G\u00e9rardmer : Gregor Payet tout simplement incroyable sur le XL !\"}]},{\"@type\":\"WebSite\",\"@id\":\"https:\/\/vosgesinfo.fr\/saintdieinfo\/#website\",\"url\":\"https:\/\/vosgesinfo.fr\/saintdieinfo\/\",\"name\":\"Saint Die Info\",\"description\":\"Toute l&#039;actualit\u00e9 de Saint-Di\u00e9-Des-Vosges\",\"publisher\":{\"@id\":\"https:\/\/vosgesinfo.fr\/saintdieinfo\/#organization\"},\"alternateName\":\"Toute l'actualit\u00e9 de Saint-Di\u00e9-Des-Vosges\",\"potentialAction\":[{\"@type\":\"SearchAction\",\"target\":{\"@type\":\"EntryPoint\",\"urlTemplate\":\"https:\/\/vosgesinfo.fr\/saintdieinfo\/?s={search_term_string}\"},\"query-input\":\"required name=search_term_string\"}],\"inLanguage\":\"fr-FR\"},{\"@type\":\"Organization\",\"@id\":\"https:\/\/vosgesinfo.fr\/saintdieinfo\/#organization\",\"name\":\"Saint Die Info\",\"url\":\"https:\/\/vosgesinfo.fr\/saintdieinfo\/\",\"logo\":{\"@type\":\"ImageObject\",\"inLanguage\":\"fr-FR\",\"@id\":\"https:\/\/vosgesinfo.fr\/saintdieinfo\/#\/schema\/logo\/image\/\",\"url\":\"https:\/\/vosgesinfo.fr\/app\/uploads\/sites\/4\/2024\/02\/logo-sdi.jpg\",\"contentUrl\":\"https:\/\/vosgesinfo.fr\/app\/uploads\/sites\/4\/2024\/02\/logo-sdi.jpg\",\"width\":600,\"height\":600,\"caption\":\"Saint Die Info\"},\"image\":{\"@id\":\"https:\/\/vosgesinfo.fr\/saintdieinfo\/#\/schema\/logo\/image\/\"},\"sameAs\":[\"https:\/\/www.facebook.com\/Saintdieinfofr\",\"https:\/\/x.com\/VosgesInfo88\",\"https:\/\/www.youtube.com\/@vosgesinfo\"]},{\"@type\":\"Person\",\"@id\":\"https:\/\/vosgesinfo.fr\/saintdieinfo\/#\/schema\/person\/db5605779a843dad16b5368f3e7613a5\",\"name\":\"QG\",\"image\":{\"@type\":\"ImageObject\",\"inLanguage\":\"fr-FR\",\"@id\":\"https:\/\/vosgesinfo.fr\/saintdieinfo\/#\/schema\/person\/image\/\",\"url\":\"https:\/\/secure.gravatar.com\/avatar\/ea80c42c204b534408512832fde52504ecabb9706bcb6151cf6175e5b64e6793?s=96&d=mm&r=g\",\"contentUrl\":\"https:\/\/secure.gravatar.com\/avatar\/ea80c42c204b534408512832fde52504ecabb9706bcb6151cf6175e5b64e6793?s=96&d=mm&r=g\",\"caption\":\"QG\"},\"url\":\"https:\/\/vosgesinfo.fr\/saintdieinfo\/author\/quentin88\/\"}]}<\/script>\n<!-- \/ Yoast SEO plugin. -->","yoast_head_json":{"title":"Triathlon de G\u00e9rardmer : Gregor Payet tout simplement incroyable sur le XL ! - Saint Die Info","robots":{"index":"index","follow":"follow","max-snippet":"max-snippet:-1","max-image-preview":"max-image-preview:large","max-video-preview":"max-video-preview:-1"},"canonical":"https:\/\/vosgesinfo.fr\/saintdieinfo\/2025\/09\/triathlon-de-gerardmer-gregor-payet-tout-simplement-incroyable-sur-le-xl\/","twitter_card":"summary_large_image","twitter_title":"Triathlon de G\u00e9rardmer : Gregor Payet tout simplement incroyable sur le XL ! - Saint Die Info","twitter_description":"&nbsp; Tout simplement \u00ab\u00a0incroyable !\u00a0\u00bb , d\u00e9clarait le vainqueur de cette \u00e9dition 2025 du triathlon XL Je Vois la Vie [&hellip;]","twitter_image":"https:\/\/vosgesinfo.fr\/app\/uploads\/sites\/4\/2025\/09\/gregor-payet-triathlon-gerardmer-xl-1.jpg","twitter_creator":"@VosgesInfo88","twitter_site":"@VosgesInfo88","twitter_misc":{"\u00c9crit par":"QG","Dur\u00e9e de lecture estim\u00e9e":"2 minutes"},"schema":{"@context":"https:\/\/schema.org","@graph":[{"@type":"Article","@id":"https:\/\/vosgesinfo.fr\/saintdieinfo\/2025\/09\/triathlon-de-gerardmer-gregor-payet-tout-simplement-incroyable-sur-le-xl\/#article","isPartOf":{"@id":"https:\/\/vosgesinfo.fr\/saintdieinfo\/2025\/09\/triathlon-de-gerardmer-gregor-payet-tout-simplement-incroyable-sur-le-xl\/"},"author":{"name":"QG","@id":"https:\/\/vosgesinfo.fr\/saintdieinfo\/#\/schema\/person\/db5605779a843dad16b5368f3e7613a5"},"headline":"Triathlon de G\u00e9rardmer : Gregor Payet tout simplement incroyable sur le XL !","datePublished":"2025-09-06T13:41:18+00:00","dateModified":"2025-09-06T13:41:18+00:00","mainEntityOfPage":{"@id":"https:\/\/vosgesinfo.fr\/saintdieinfo\/2025\/09\/triathlon-de-gerardmer-gregor-payet-tout-simplement-incroyable-sur-le-xl\/"},"wordCount":357,"commentCount":0,"publisher":{"@id":"https:\/\/vosgesinfo.fr\/saintdieinfo\/#organization"},"image":{"@id":"https:\/\/vosgesinfo.fr\/saintdieinfo\/2025\/09\/triathlon-de-gerardmer-gregor-payet-tout-simplement-incroyable-sur-le-xl\/#primaryimage"},"thumbnailUrl":"https:\/\/vosgesinfo.fr\/app\/uploads\/sites\/4\/2025\/09\/gregor-payet-triathlon-gerardmer-xl-1.jpg","keywords":["Alanis Siffert","Gregor Payet","nina derron","Triathlon de G\u00e9rardmer"],"articleSection":["A la Une","Epinal","Gerardmer","La plaine des vosges","Remiremont","Saint-di\u00e9","Sport"],"inLanguage":"fr-FR","potentialAction":[{"@type":"CommentAction","name":"Comment","target":["https:\/\/vosgesinfo.fr\/saintdieinfo\/2025\/09\/triathlon-de-gerardmer-gregor-payet-tout-simplement-incroyable-sur-le-xl\/#respond"]}]},{"@type":"WebPage","@id":"https:\/\/vosgesinfo.fr\/saintdieinfo\/2025\/09\/triathlon-de-gerardmer-gregor-payet-tout-simplement-incroyable-sur-le-xl\/","url":"https:\/\/vosgesinfo.fr\/saintdieinfo\/2025\/09\/triathlon-de-gerardmer-gregor-payet-tout-simplement-incroyable-sur-le-xl\/","name":"Triathlon de G\u00e9rardmer : Gregor Payet tout simplement incroyable sur le XL ! - Saint Die Info","isPartOf":{"@id":"https:\/\/vosgesinfo.fr\/saintdieinfo\/#website"},"primaryImageOfPage":{"@id":"https:\/\/vosgesinfo.fr\/saintdieinfo\/2025\/09\/triathlon-de-gerardmer-gregor-payet-tout-simplement-incroyable-sur-le-xl\/#primaryimage"},"image":{"@id":"https:\/\/vosgesinfo.fr\/saintdieinfo\/2025\/09\/triathlon-de-gerardmer-gregor-payet-tout-simplement-incroyable-sur-le-xl\/#primaryimage"},"thumbnailUrl":"https:\/\/vosgesinfo.fr\/app\/uploads\/sites\/4\/2025\/09\/gregor-payet-triathlon-gerardmer-xl-1.jpg","datePublished":"2025-09-06T13:41:18+00:00","dateModified":"2025-09-06T13:41:18+00:00","breadcrumb":{"@id":"https:\/\/vosgesinfo.fr\/saintdieinfo\/2025\/09\/triathlon-de-gerardmer-gregor-payet-tout-simplement-incroyable-sur-le-xl\/#breadcrumb"},"inLanguage":"fr-FR","potentialAction":[{"@type":"ReadAction","target":["https:\/\/vosgesinfo.fr\/saintdieinfo\/2025\/09\/triathlon-de-gerardmer-gregor-payet-tout-simplement-incroyable-sur-le-xl\/"]}]},{"@type":"ImageObject","inLanguage":"fr-FR","@id":"https:\/\/vosgesinfo.fr\/saintdieinfo\/2025\/09\/triathlon-de-gerardmer-gregor-payet-tout-simplement-incroyable-sur-le-xl\/#primaryimage","url":"https:\/\/vosgesinfo.fr\/app\/uploads\/sites\/4\/2025\/09\/gregor-payet-triathlon-gerardmer-xl-1.jpg","contentUrl":"https:\/\/vosgesinfo.fr\/app\/uploads\/sites\/4\/2025\/09\/gregor-payet-triathlon-gerardmer-xl-1.jpg","width":2040,"height":1530},{"@type":"BreadcrumbList","@id":"https:\/\/vosgesinfo.fr\/saintdieinfo\/2025\/09\/triathlon-de-gerardmer-gregor-payet-tout-simplement-incroyable-sur-le-xl\/#breadcrumb","itemListElement":[{"@type":"ListItem","position":1,"name":"Home","item":"https:\/\/vosgesinfo.fr\/saintdieinfo\/"},{"@type":"ListItem","position":2,"name":"Triathlon de G\u00e9rardmer : Gregor Payet tout simplement incroyable sur le XL !"}]},{"@type":"WebSite","@id":"https:\/\/vosgesinfo.fr\/saintdieinfo\/#website","url":"https:\/\/vosgesinfo.fr\/saintdieinfo\/","name":"Saint Die Info","description":"Toute l&#039;actualit\u00e9 de Saint-Di\u00e9-Des-Vosges","publisher":{"@id":"https:\/\/vosgesinfo.fr\/saintdieinfo\/#organization"},"alternateName":"Toute l'actualit\u00e9 de Saint-Di\u00e9-Des-Vosges","potentialAction":[{"@type":"SearchAction","target":{"@type":"EntryPoint","urlTemplate":"https:\/\/vosgesinfo.fr\/saintdieinfo\/?s={search_term_string}"},"query-input":"required name=search_term_string"}],"inLanguage":"fr-FR"},{"@type":"Organization","@id":"https:\/\/vosgesinfo.fr\/saintdieinfo\/#organization","name":"Saint Die Info","url":"https:\/\/vosgesinfo.fr\/saintdieinfo\/","logo":{"@type":"ImageObject","inLanguage":"fr-FR","@id":"https:\/\/vosgesinfo.fr\/saintdieinfo\/#\/schema\/logo\/image\/","url":"https:\/\/vosgesinfo.fr\/app\/uploads\/sites\/4\/2024\/02\/logo-sdi.jpg","contentUrl":"https:\/\/vosgesinfo.fr\/app\/uploads\/sites\/4\/2024\/02\/logo-sdi.jpg","width":600,"height":600,"caption":"Saint Die Info"},"image":{"@id":"https:\/\/vosgesinfo.fr\/saintdieinfo\/#\/schema\/logo\/image\/"},"sameAs":["https:\/\/www.facebook.com\/Saintdieinfofr","https:\/\/x.com\/VosgesInfo88","https:\/\/www.youtube.com\/@vosgesinfo"]},{"@type":"Person","@id":"https:\/\/vosgesinfo.fr\/saintdieinfo\/#\/schema\/person\/db5605779a843dad16b5368f3e7613a5","name":"QG","image":{"@type":"ImageObject","inLanguage":"fr-FR","@id":"https:\/\/vosgesinfo.fr\/saintdieinfo\/#\/schema\/person\/image\/","url":"https:\/\/secure.gravatar.com\/avatar\/ea80c42c204b534408512832fde52504ecabb9706bcb6151cf6175e5b64e6793?s=96&d=mm&r=g","contentUrl":"https:\/\/secure.gravatar.com\/avatar\/ea80c42c204b534408512832fde52504ecabb9706bcb6151cf6175e5b64e6793?s=96&d=mm&r=g","caption":"QG"},"url":"https:\/\/vosgesinfo.fr\/saintdieinfo\/author\/quentin88\/"}]}},"_links":{"self":[{"href":"https:\/\/vosgesinfo.fr\/saintdieinfo\/wp-json\/wp\/v2\/posts\/81815","targetHints":{"allow":["GET"]}}],"collection":[{"href":"https:\/\/vosgesinfo.fr\/saintdieinfo\/wp-json\/wp\/v2\/posts"}],"about":[{"href":"https:\/\/vosgesinfo.fr\/saintdieinfo\/wp-json\/wp\/v2\/types\/post"}],"author":[{"embeddable":true,"href":"https:\/\/vosgesinfo.fr\/saintdieinfo\/wp-json\/wp\/v2\/users\/42"}],"replies":[{"embeddable":true,"href":"https:\/\/vosgesinfo.fr\/saintdieinfo\/wp-json\/wp\/v2\/comments?post=81815"}],"version-history":[{"count":0,"href":"https:\/\/vosgesinfo.fr\/saintdieinfo\/wp-json\/wp\/v2\/posts\/81815\/revisions"}],"wp:featuredmedia":[{"embeddable":true,"href":"https:\/\/vosgesinfo.fr\/saintdieinfo\/wp-json\/wp\/v2\/media\/81816"}],"wp:attachment":[{"href":"https:\/\/vosgesinfo.fr\/saintdieinfo\/wp-json\/wp\/v2\/media?parent=81815"}],"wp:term":[{"taxonomy":"category","embeddable":true,"href":"https:\/\/vosgesinfo.fr\/saintdieinfo\/wp-json\/wp\/v2\/categories?post=81815"},{"taxonomy":"post_tag","embeddable":true,"href":"https:\/\/vosgesinfo.fr\/saintdieinfo\/wp-json\/wp\/v2\/tags?post=81815"}],"curies":[{"name":"wp","href":"https:\/\/api.w.org\/{rel}","templated":true}]}}