{"id":82000,"date":"2025-09-11T09:15:51","date_gmt":"2025-09-11T07:15:51","guid":{"rendered":"https:\/\/vosgesinfo.fr\/saintdieinfo\/?p=82000"},"modified":"2025-09-11T09:08:23","modified_gmt":"2025-09-11T07:08:23","slug":"la-nouvelle-aventure-mobile-fait-etape-a-saint-die-des-vosges","status":"publish","type":"post","link":"https:\/\/vosgesinfo.fr\/saintdieinfo\/2025\/09\/la-nouvelle-aventure-mobile-fait-etape-a-saint-die-des-vosges\/","title":{"rendered":"\u00ab La Nouvelle Aventure Mobile \u00bb fait \u00e9tape \u00e0 Saint-Di\u00e9-des-Vosges"},"content":{"rendered":"<h2>Le <strong>lundi 22 septembre \u00e0 19 h 30<\/strong>, la salle Fran\u00e7ois-Chol\u00e9 du <strong>mus\u00e9e Pierre-No\u00ebl<\/strong> accueillera la projection du film <strong>\u00ab La Nouvelle Aventure Mobile \u00bb<\/strong>, premier tour de France r\u00e9alis\u00e9 en v\u00e9hicule interm\u00e9diaire par le v\u00e9lo-reporter J\u00e9r\u00f4me Zindy. <strong>Entr\u00e9e libre et gratuite.<\/strong><\/h2>\n<p><!--more--><\/p>\n<p>Organis\u00e9e par le <strong>service Mobilit\u00e9s de l&rsquo;Agglo de Saint-Di\u00e9-des-Vosges,<\/strong>\u00a0en partenariat avec l\u2019association <strong>\u00ab Il est encore temps \u00bb<\/strong> et le <strong>PETR \u2013 P\u00f4le d\u2019\u00c9quilibre Territorial et Rural,<\/strong> la soir\u00e9e, d\u00e9butera \u00e0 <strong>19 h<\/strong> avec l\u2019ouverture des portes. La projection sera suivie, de <strong>20 h 30 \u00e0 21 h 30,<\/strong> par un temps d\u2019\u00e9changes autour des <strong>nouvelles mobilit\u00e9s<\/strong>.<\/p>\n<p>Ces discussions seront anim\u00e9es par <strong>Sylvain Balland<\/strong>, sp\u00e9cialiste des <strong>VELI \u2013 V\u00e9hicules Interm\u00e9diaires<\/strong> <strong>\u2013<\/strong> \u00e0\u00a0l\u2019association Lorraine \u00c9nergies Renouvelables. Le public pourra \u00e9galement entendre le t\u00e9moignage de <strong>Claude Husson<\/strong>, utilisateur et possesseur d\u2019un VELI.<\/p>\n<p><a href=\"https:\/\/vosgesinfo.fr\/app\/uploads\/sites\/4\/2025\/09\/la-nouvelle-aventure-mobile-scaled.jpg\"><img decoding=\"async\" class=\"alignnone size-large wp-image-82001\" src=\"https:\/\/vosgesinfo.fr\/app\/uploads\/sites\/4\/2025\/09\/la-nouvelle-aventure-mobile-724x1024.jpg\" alt=\"\" width=\"724\" height=\"1024\" srcset=\"https:\/\/vosgesinfo.fr\/app\/uploads\/sites\/4\/2025\/09\/la-nouvelle-aventure-mobile-724x1024.jpg 724w, https:\/\/vosgesinfo.fr\/app\/uploads\/sites\/4\/2025\/09\/la-nouvelle-aventure-mobile-212x300.jpg 212w, https:\/\/vosgesinfo.fr\/app\/uploads\/sites\/4\/2025\/09\/la-nouvelle-aventure-mobile-768x1087.jpg 768w, https:\/\/vosgesinfo.fr\/app\/uploads\/sites\/4\/2025\/09\/la-nouvelle-aventure-mobile-1085x1536.jpg 1085w, https:\/\/vosgesinfo.fr\/app\/uploads\/sites\/4\/2025\/09\/la-nouvelle-aventure-mobile-1447x2048.jpg 1447w, https:\/\/vosgesinfo.fr\/app\/uploads\/sites\/4\/2025\/09\/la-nouvelle-aventure-mobile-scaled.jpg 1809w\" sizes=\"(max-width: 724px) 100vw, 724px\" \/><\/a><\/p>\n","protected":false},"excerpt":{"rendered":"<p>Le lundi 22 septembre \u00e0 19 h 30, la salle Fran\u00e7ois-Chol\u00e9 du mus\u00e9e Pierre-No\u00ebl accueillera la projection du film \u00ab [&hellip;]<\/p>\n","protected":false},"author":46,"featured_media":82001,"comment_status":"open","ping_status":"open","sticky":false,"template":"","format":"standard","meta":{"footnotes":""},"categories":[3900,7,167],"tags":[18208,18216,3333,18215],"class_list":["post-82000","post","type-post","status-publish","format-standard","has-post-thumbnail","hentry","category-breves","category-environnement","category-saint-die-des-vosges","tag-agglo-de-saint-die-des-vosges","tag-la-nouvelle-aventure-mobile","tag-musee-pierre-noel","tag-service-mobilites-de-lagglo-de-saint-die-des-vosges"],"acf":[],"yoast_head":"<!-- This site is optimized with the Yoast SEO plugin v22.5 - https:\/\/yoast.com\/wordpress\/plugins\/seo\/ -->\n<title>\u00ab La Nouvelle Aventure Mobile \u00bb fait \u00e9tape \u00e0 Saint-Di\u00e9-des-Vosges - Saint Die Info<\/title>\n<meta name=\"robots\" content=\"index, follow, max-snippet:-1, max-image-preview:large, max-video-preview:-1\" \/>\n<link rel=\"canonical\" href=\"https:\/\/vosgesinfo.fr\/saintdieinfo\/2025\/09\/la-nouvelle-aventure-mobile-fait-etape-a-saint-die-des-vosges\/\" \/>\n<meta name=\"twitter:card\" content=\"summary_large_image\" \/>\n<meta name=\"twitter:title\" content=\"\u00ab La Nouvelle Aventure Mobile \u00bb fait \u00e9tape \u00e0 Saint-Di\u00e9-des-Vosges - Saint Die Info\" \/>\n<meta name=\"twitter:description\" content=\"Le lundi 22 septembre \u00e0 19 h 30, la salle Fran\u00e7ois-Chol\u00e9 du mus\u00e9e Pierre-No\u00ebl accueillera la projection du film \u00ab [&hellip;]\" \/>\n<meta name=\"twitter:image\" content=\"https:\/\/vosgesinfo.fr\/app\/uploads\/sites\/4\/2025\/09\/la-nouvelle-aventure-mobile-scaled.jpg\" \/>\n<meta name=\"twitter:creator\" content=\"@VosgesInfo88\" \/>\n<meta name=\"twitter:site\" content=\"@VosgesInfo88\" \/>\n<meta name=\"twitter:label1\" content=\"\u00c9crit par\" \/>\n\t<meta name=\"twitter:data1\" content=\"J.J.\" \/>\n\t<meta name=\"twitter:label2\" content=\"Dur\u00e9e de lecture estim\u00e9e\" \/>\n\t<meta name=\"twitter:data2\" content=\"1 minute\" \/>\n<script type=\"application\/ld+json\" class=\"yoast-schema-graph\">{\"@context\":\"https:\/\/schema.org\",\"@graph\":[{\"@type\":\"Article\",\"@id\":\"https:\/\/vosgesinfo.fr\/saintdieinfo\/2025\/09\/la-nouvelle-aventure-mobile-fait-etape-a-saint-die-des-vosges\/#article\",\"isPartOf\":{\"@id\":\"https:\/\/vosgesinfo.fr\/saintdieinfo\/2025\/09\/la-nouvelle-aventure-mobile-fait-etape-a-saint-die-des-vosges\/\"},\"author\":{\"name\":\"J.J.\",\"@id\":\"https:\/\/vosgesinfo.fr\/saintdieinfo\/#\/schema\/person\/fa73e9f726d67bb88f46d5b7943cb572\"},\"headline\":\"\u00ab La Nouvelle Aventure Mobile \u00bb fait \u00e9tape \u00e0 Saint-Di\u00e9-des-Vosges\",\"datePublished\":\"2025-09-11T07:15:51+00:00\",\"dateModified\":\"2025-09-11T07:08:23+00:00\",\"mainEntityOfPage\":{\"@id\":\"https:\/\/vosgesinfo.fr\/saintdieinfo\/2025\/09\/la-nouvelle-aventure-mobile-fait-etape-a-saint-die-des-vosges\/\"},\"wordCount\":152,\"commentCount\":0,\"publisher\":{\"@id\":\"https:\/\/vosgesinfo.fr\/saintdieinfo\/#organization\"},\"image\":{\"@id\":\"https:\/\/vosgesinfo.fr\/saintdieinfo\/2025\/09\/la-nouvelle-aventure-mobile-fait-etape-a-saint-die-des-vosges\/#primaryimage\"},\"thumbnailUrl\":\"https:\/\/vosgesinfo.fr\/app\/uploads\/sites\/4\/2025\/09\/la-nouvelle-aventure-mobile-scaled.jpg\",\"keywords\":[\"Agglo de Saint-Di\u00e9-des-Vosges\",\"La Nouvelle Aventure Mobile\",\"Mus\u00e9e Pierre-No\u00ebl\",\"Service Mobilit\u00e9s de l'Agglo de Saint-Di\u00e9-des-Vosges\"],\"articleSection\":[\"Br\u00e8ves\",\"Environnement\",\"Saint-Di\u00e9-des-Vosges\"],\"inLanguage\":\"fr-FR\",\"potentialAction\":[{\"@type\":\"CommentAction\",\"name\":\"Comment\",\"target\":[\"https:\/\/vosgesinfo.fr\/saintdieinfo\/2025\/09\/la-nouvelle-aventure-mobile-fait-etape-a-saint-die-des-vosges\/#respond\"]}]},{\"@type\":\"WebPage\",\"@id\":\"https:\/\/vosgesinfo.fr\/saintdieinfo\/2025\/09\/la-nouvelle-aventure-mobile-fait-etape-a-saint-die-des-vosges\/\",\"url\":\"https:\/\/vosgesinfo.fr\/saintdieinfo\/2025\/09\/la-nouvelle-aventure-mobile-fait-etape-a-saint-die-des-vosges\/\",\"name\":\"\u00ab La Nouvelle Aventure Mobile \u00bb fait \u00e9tape \u00e0 Saint-Di\u00e9-des-Vosges - Saint Die Info\",\"isPartOf\":{\"@id\":\"https:\/\/vosgesinfo.fr\/saintdieinfo\/#website\"},\"primaryImageOfPage\":{\"@id\":\"https:\/\/vosgesinfo.fr\/saintdieinfo\/2025\/09\/la-nouvelle-aventure-mobile-fait-etape-a-saint-die-des-vosges\/#primaryimage\"},\"image\":{\"@id\":\"https:\/\/vosgesinfo.fr\/saintdieinfo\/2025\/09\/la-nouvelle-aventure-mobile-fait-etape-a-saint-die-des-vosges\/#primaryimage\"},\"thumbnailUrl\":\"https:\/\/vosgesinfo.fr\/app\/uploads\/sites\/4\/2025\/09\/la-nouvelle-aventure-mobile-scaled.jpg\",\"datePublished\":\"2025-09-11T07:15:51+00:00\",\"dateModified\":\"2025-09-11T07:08:23+00:00\",\"breadcrumb\":{\"@id\":\"https:\/\/vosgesinfo.fr\/saintdieinfo\/2025\/09\/la-nouvelle-aventure-mobile-fait-etape-a-saint-die-des-vosges\/#breadcrumb\"},\"inLanguage\":\"fr-FR\",\"potentialAction\":[{\"@type\":\"ReadAction\",\"target\":[\"https:\/\/vosgesinfo.fr\/saintdieinfo\/2025\/09\/la-nouvelle-aventure-mobile-fait-etape-a-saint-die-des-vosges\/\"]}]},{\"@type\":\"ImageObject\",\"inLanguage\":\"fr-FR\",\"@id\":\"https:\/\/vosgesinfo.fr\/saintdieinfo\/2025\/09\/la-nouvelle-aventure-mobile-fait-etape-a-saint-die-des-vosges\/#primaryimage\",\"url\":\"https:\/\/vosgesinfo.fr\/app\/uploads\/sites\/4\/2025\/09\/la-nouvelle-aventure-mobile-scaled.jpg\",\"contentUrl\":\"https:\/\/vosgesinfo.fr\/app\/uploads\/sites\/4\/2025\/09\/la-nouvelle-aventure-mobile-scaled.jpg\",\"width\":1809,\"height\":2560},{\"@type\":\"BreadcrumbList\",\"@id\":\"https:\/\/vosgesinfo.fr\/saintdieinfo\/2025\/09\/la-nouvelle-aventure-mobile-fait-etape-a-saint-die-des-vosges\/#breadcrumb\",\"itemListElement\":[{\"@type\":\"ListItem\",\"position\":1,\"name\":\"Home\",\"item\":\"https:\/\/vosgesinfo.fr\/saintdieinfo\/\"},{\"@type\":\"ListItem\",\"position\":2,\"name\":\"\u00ab La Nouvelle Aventure Mobile \u00bb fait \u00e9tape \u00e0 Saint-Di\u00e9-des-Vosges\"}]},{\"@type\":\"WebSite\",\"@id\":\"https:\/\/vosgesinfo.fr\/saintdieinfo\/#website\",\"url\":\"https:\/\/vosgesinfo.fr\/saintdieinfo\/\",\"name\":\"Saint Die Info\",\"description\":\"Toute l&#039;actualit\u00e9 de Saint-Di\u00e9-Des-Vosges\",\"publisher\":{\"@id\":\"https:\/\/vosgesinfo.fr\/saintdieinfo\/#organization\"},\"alternateName\":\"Toute l'actualit\u00e9 de Saint-Di\u00e9-Des-Vosges\",\"potentialAction\":[{\"@type\":\"SearchAction\",\"target\":{\"@type\":\"EntryPoint\",\"urlTemplate\":\"https:\/\/vosgesinfo.fr\/saintdieinfo\/?s={search_term_string}\"},\"query-input\":\"required name=search_term_string\"}],\"inLanguage\":\"fr-FR\"},{\"@type\":\"Organization\",\"@id\":\"https:\/\/vosgesinfo.fr\/saintdieinfo\/#organization\",\"name\":\"Saint Die Info\",\"url\":\"https:\/\/vosgesinfo.fr\/saintdieinfo\/\",\"logo\":{\"@type\":\"ImageObject\",\"inLanguage\":\"fr-FR\",\"@id\":\"https:\/\/vosgesinfo.fr\/saintdieinfo\/#\/schema\/logo\/image\/\",\"url\":\"https:\/\/vosgesinfo.fr\/app\/uploads\/sites\/4\/2024\/02\/logo-sdi.jpg\",\"contentUrl\":\"https:\/\/vosgesinfo.fr\/app\/uploads\/sites\/4\/2024\/02\/logo-sdi.jpg\",\"width\":600,\"height\":600,\"caption\":\"Saint Die Info\"},\"image\":{\"@id\":\"https:\/\/vosgesinfo.fr\/saintdieinfo\/#\/schema\/logo\/image\/\"},\"sameAs\":[\"https:\/\/www.facebook.com\/Saintdieinfofr\",\"https:\/\/x.com\/VosgesInfo88\",\"https:\/\/www.youtube.com\/@vosgesinfo\"]},{\"@type\":\"Person\",\"@id\":\"https:\/\/vosgesinfo.fr\/saintdieinfo\/#\/schema\/person\/fa73e9f726d67bb88f46d5b7943cb572\",\"name\":\"J.J.\",\"image\":{\"@type\":\"ImageObject\",\"inLanguage\":\"fr-FR\",\"@id\":\"https:\/\/vosgesinfo.fr\/saintdieinfo\/#\/schema\/person\/image\/\",\"url\":\"https:\/\/secure.gravatar.com\/avatar\/219e749e47ffbcca018a360ae4add7d4cdf1cdaaf8bc7676b27efade3fe65615?s=96&d=mm&r=g\",\"contentUrl\":\"https:\/\/secure.gravatar.com\/avatar\/219e749e47ffbcca018a360ae4add7d4cdf1cdaaf8bc7676b27efade3fe65615?s=96&d=mm&r=g\",\"caption\":\"J.J.\"},\"url\":\"https:\/\/vosgesinfo.fr\/saintdieinfo\/author\/j-j\/\"}]}<\/script>\n<!-- \/ Yoast SEO plugin. -->","yoast_head_json":{"title":"\u00ab La Nouvelle Aventure Mobile \u00bb fait \u00e9tape \u00e0 Saint-Di\u00e9-des-Vosges - Saint Die Info","robots":{"index":"index","follow":"follow","max-snippet":"max-snippet:-1","max-image-preview":"max-image-preview:large","max-video-preview":"max-video-preview:-1"},"canonical":"https:\/\/vosgesinfo.fr\/saintdieinfo\/2025\/09\/la-nouvelle-aventure-mobile-fait-etape-a-saint-die-des-vosges\/","twitter_card":"summary_large_image","twitter_title":"\u00ab La Nouvelle Aventure Mobile \u00bb fait \u00e9tape \u00e0 Saint-Di\u00e9-des-Vosges - Saint Die Info","twitter_description":"Le lundi 22 septembre \u00e0 19 h 30, la salle Fran\u00e7ois-Chol\u00e9 du mus\u00e9e Pierre-No\u00ebl accueillera la projection du film \u00ab [&hellip;]","twitter_image":"https:\/\/vosgesinfo.fr\/app\/uploads\/sites\/4\/2025\/09\/la-nouvelle-aventure-mobile-scaled.jpg","twitter_creator":"@VosgesInfo88","twitter_site":"@VosgesInfo88","twitter_misc":{"\u00c9crit par":"J.J.","Dur\u00e9e de lecture estim\u00e9e":"1 minute"},"schema":{"@context":"https:\/\/schema.org","@graph":[{"@type":"Article","@id":"https:\/\/vosgesinfo.fr\/saintdieinfo\/2025\/09\/la-nouvelle-aventure-mobile-fait-etape-a-saint-die-des-vosges\/#article","isPartOf":{"@id":"https:\/\/vosgesinfo.fr\/saintdieinfo\/2025\/09\/la-nouvelle-aventure-mobile-fait-etape-a-saint-die-des-vosges\/"},"author":{"name":"J.J.","@id":"https:\/\/vosgesinfo.fr\/saintdieinfo\/#\/schema\/person\/fa73e9f726d67bb88f46d5b7943cb572"},"headline":"\u00ab La Nouvelle Aventure Mobile \u00bb fait \u00e9tape \u00e0 Saint-Di\u00e9-des-Vosges","datePublished":"2025-09-11T07:15:51+00:00","dateModified":"2025-09-11T07:08:23+00:00","mainEntityOfPage":{"@id":"https:\/\/vosgesinfo.fr\/saintdieinfo\/2025\/09\/la-nouvelle-aventure-mobile-fait-etape-a-saint-die-des-vosges\/"},"wordCount":152,"commentCount":0,"publisher":{"@id":"https:\/\/vosgesinfo.fr\/saintdieinfo\/#organization"},"image":{"@id":"https:\/\/vosgesinfo.fr\/saintdieinfo\/2025\/09\/la-nouvelle-aventure-mobile-fait-etape-a-saint-die-des-vosges\/#primaryimage"},"thumbnailUrl":"https:\/\/vosgesinfo.fr\/app\/uploads\/sites\/4\/2025\/09\/la-nouvelle-aventure-mobile-scaled.jpg","keywords":["Agglo de Saint-Di\u00e9-des-Vosges","La Nouvelle Aventure Mobile","Mus\u00e9e Pierre-No\u00ebl","Service Mobilit\u00e9s de l'Agglo de Saint-Di\u00e9-des-Vosges"],"articleSection":["Br\u00e8ves","Environnement","Saint-Di\u00e9-des-Vosges"],"inLanguage":"fr-FR","potentialAction":[{"@type":"CommentAction","name":"Comment","target":["https:\/\/vosgesinfo.fr\/saintdieinfo\/2025\/09\/la-nouvelle-aventure-mobile-fait-etape-a-saint-die-des-vosges\/#respond"]}]},{"@type":"WebPage","@id":"https:\/\/vosgesinfo.fr\/saintdieinfo\/2025\/09\/la-nouvelle-aventure-mobile-fait-etape-a-saint-die-des-vosges\/","url":"https:\/\/vosgesinfo.fr\/saintdieinfo\/2025\/09\/la-nouvelle-aventure-mobile-fait-etape-a-saint-die-des-vosges\/","name":"\u00ab La Nouvelle Aventure Mobile \u00bb fait \u00e9tape \u00e0 Saint-Di\u00e9-des-Vosges - Saint Die Info","isPartOf":{"@id":"https:\/\/vosgesinfo.fr\/saintdieinfo\/#website"},"primaryImageOfPage":{"@id":"https:\/\/vosgesinfo.fr\/saintdieinfo\/2025\/09\/la-nouvelle-aventure-mobile-fait-etape-a-saint-die-des-vosges\/#primaryimage"},"image":{"@id":"https:\/\/vosgesinfo.fr\/saintdieinfo\/2025\/09\/la-nouvelle-aventure-mobile-fait-etape-a-saint-die-des-vosges\/#primaryimage"},"thumbnailUrl":"https:\/\/vosgesinfo.fr\/app\/uploads\/sites\/4\/2025\/09\/la-nouvelle-aventure-mobile-scaled.jpg","datePublished":"2025-09-11T07:15:51+00:00","dateModified":"2025-09-11T07:08:23+00:00","breadcrumb":{"@id":"https:\/\/vosgesinfo.fr\/saintdieinfo\/2025\/09\/la-nouvelle-aventure-mobile-fait-etape-a-saint-die-des-vosges\/#breadcrumb"},"inLanguage":"fr-FR","potentialAction":[{"@type":"ReadAction","target":["https:\/\/vosgesinfo.fr\/saintdieinfo\/2025\/09\/la-nouvelle-aventure-mobile-fait-etape-a-saint-die-des-vosges\/"]}]},{"@type":"ImageObject","inLanguage":"fr-FR","@id":"https:\/\/vosgesinfo.fr\/saintdieinfo\/2025\/09\/la-nouvelle-aventure-mobile-fait-etape-a-saint-die-des-vosges\/#primaryimage","url":"https:\/\/vosgesinfo.fr\/app\/uploads\/sites\/4\/2025\/09\/la-nouvelle-aventure-mobile-scaled.jpg","contentUrl":"https:\/\/vosgesinfo.fr\/app\/uploads\/sites\/4\/2025\/09\/la-nouvelle-aventure-mobile-scaled.jpg","width":1809,"height":2560},{"@type":"BreadcrumbList","@id":"https:\/\/vosgesinfo.fr\/saintdieinfo\/2025\/09\/la-nouvelle-aventure-mobile-fait-etape-a-saint-die-des-vosges\/#breadcrumb","itemListElement":[{"@type":"ListItem","position":1,"name":"Home","item":"https:\/\/vosgesinfo.fr\/saintdieinfo\/"},{"@type":"ListItem","position":2,"name":"\u00ab La Nouvelle Aventure Mobile \u00bb fait \u00e9tape \u00e0 Saint-Di\u00e9-des-Vosges"}]},{"@type":"WebSite","@id":"https:\/\/vosgesinfo.fr\/saintdieinfo\/#website","url":"https:\/\/vosgesinfo.fr\/saintdieinfo\/","name":"Saint Die Info","description":"Toute l&#039;actualit\u00e9 de Saint-Di\u00e9-Des-Vosges","publisher":{"@id":"https:\/\/vosgesinfo.fr\/saintdieinfo\/#organization"},"alternateName":"Toute l'actualit\u00e9 de Saint-Di\u00e9-Des-Vosges","potentialAction":[{"@type":"SearchAction","target":{"@type":"EntryPoint","urlTemplate":"https:\/\/vosgesinfo.fr\/saintdieinfo\/?s={search_term_string}"},"query-input":"required name=search_term_string"}],"inLanguage":"fr-FR"},{"@type":"Organization","@id":"https:\/\/vosgesinfo.fr\/saintdieinfo\/#organization","name":"Saint Die Info","url":"https:\/\/vosgesinfo.fr\/saintdieinfo\/","logo":{"@type":"ImageObject","inLanguage":"fr-FR","@id":"https:\/\/vosgesinfo.fr\/saintdieinfo\/#\/schema\/logo\/image\/","url":"https:\/\/vosgesinfo.fr\/app\/uploads\/sites\/4\/2024\/02\/logo-sdi.jpg","contentUrl":"https:\/\/vosgesinfo.fr\/app\/uploads\/sites\/4\/2024\/02\/logo-sdi.jpg","width":600,"height":600,"caption":"Saint Die Info"},"image":{"@id":"https:\/\/vosgesinfo.fr\/saintdieinfo\/#\/schema\/logo\/image\/"},"sameAs":["https:\/\/www.facebook.com\/Saintdieinfofr","https:\/\/x.com\/VosgesInfo88","https:\/\/www.youtube.com\/@vosgesinfo"]},{"@type":"Person","@id":"https:\/\/vosgesinfo.fr\/saintdieinfo\/#\/schema\/person\/fa73e9f726d67bb88f46d5b7943cb572","name":"J.J.","image":{"@type":"ImageObject","inLanguage":"fr-FR","@id":"https:\/\/vosgesinfo.fr\/saintdieinfo\/#\/schema\/person\/image\/","url":"https:\/\/secure.gravatar.com\/avatar\/219e749e47ffbcca018a360ae4add7d4cdf1cdaaf8bc7676b27efade3fe65615?s=96&d=mm&r=g","contentUrl":"https:\/\/secure.gravatar.com\/avatar\/219e749e47ffbcca018a360ae4add7d4cdf1cdaaf8bc7676b27efade3fe65615?s=96&d=mm&r=g","caption":"J.J."},"url":"https:\/\/vosgesinfo.fr\/saintdieinfo\/author\/j-j\/"}]}},"_links":{"self":[{"href":"https:\/\/vosgesinfo.fr\/saintdieinfo\/wp-json\/wp\/v2\/posts\/82000","targetHints":{"allow":["GET"]}}],"collection":[{"href":"https:\/\/vosgesinfo.fr\/saintdieinfo\/wp-json\/wp\/v2\/posts"}],"about":[{"href":"https:\/\/vosgesinfo.fr\/saintdieinfo\/wp-json\/wp\/v2\/types\/post"}],"author":[{"embeddable":true,"href":"https:\/\/vosgesinfo.fr\/saintdieinfo\/wp-json\/wp\/v2\/users\/46"}],"replies":[{"embeddable":true,"href":"https:\/\/vosgesinfo.fr\/saintdieinfo\/wp-json\/wp\/v2\/comments?post=82000"}],"version-history":[{"count":1,"href":"https:\/\/vosgesinfo.fr\/saintdieinfo\/wp-json\/wp\/v2\/posts\/82000\/revisions"}],"predecessor-version":[{"id":82002,"href":"https:\/\/vosgesinfo.fr\/saintdieinfo\/wp-json\/wp\/v2\/posts\/82000\/revisions\/82002"}],"wp:featuredmedia":[{"embeddable":true,"href":"https:\/\/vosgesinfo.fr\/saintdieinfo\/wp-json\/wp\/v2\/media\/82001"}],"wp:attachment":[{"href":"https:\/\/vosgesinfo.fr\/saintdieinfo\/wp-json\/wp\/v2\/media?parent=82000"}],"wp:term":[{"taxonomy":"category","embeddable":true,"href":"https:\/\/vosgesinfo.fr\/saintdieinfo\/wp-json\/wp\/v2\/categories?post=82000"},{"taxonomy":"post_tag","embeddable":true,"href":"https:\/\/vosgesinfo.fr\/saintdieinfo\/wp-json\/wp\/v2\/tags?post=82000"}],"curies":[{"name":"wp","href":"https:\/\/api.w.org\/{rel}","templated":true}]}}