{"id":82019,"date":"2025-09-11T13:45:22","date_gmt":"2025-09-11T11:45:22","guid":{"rendered":"https:\/\/vosgesinfo.fr\/saintdieinfo\/?p=82019"},"modified":"2025-09-11T13:37:18","modified_gmt":"2025-09-11T11:37:18","slug":"74e-chapitre-pour-la-grande-braderie-de-saint-die-des-vosges","status":"publish","type":"post","link":"https:\/\/vosgesinfo.fr\/saintdieinfo\/2025\/09\/74e-chapitre-pour-la-grande-braderie-de-saint-die-des-vosges\/","title":{"rendered":"74e chapitre pour la Grande Braderie de Saint-Di\u00e9-des-Vosges"},"content":{"rendered":"<div id=\"attachment_68215\" style=\"width: 1034px\" class=\"wp-caption alignnone\"><a href=\"https:\/\/vosgesinfo.fr\/app\/uploads\/sites\/4\/2024\/09\/73e-grande-braderie-4.jpg\"><img decoding=\"async\" aria-describedby=\"caption-attachment-68215\" class=\"size-full wp-image-68215\" src=\"https:\/\/vosgesinfo.fr\/app\/uploads\/sites\/4\/2024\/09\/73e-grande-braderie-4.jpg\" alt=\"\" width=\"1024\" height=\"683\" srcset=\"https:\/\/vosgesinfo.fr\/app\/uploads\/sites\/4\/2024\/09\/73e-grande-braderie-4.jpg 1024w, https:\/\/vosgesinfo.fr\/app\/uploads\/sites\/4\/2024\/09\/73e-grande-braderie-4-300x200.jpg 300w, https:\/\/vosgesinfo.fr\/app\/uploads\/sites\/4\/2024\/09\/73e-grande-braderie-4-768x512.jpg 768w\" sizes=\"(max-width: 1024px) 100vw, 1024px\" \/><\/a><p id=\"caption-attachment-68215\" class=\"wp-caption-text\">(Archive)<\/p><\/div>\n<h2>La <strong>Grande Braderie de Saint-Di\u00e9-des-Vosges<\/strong> fera sa <strong>74e \u00e9dition<\/strong> le <strong>troisi\u00e8me dimanche de septembre<\/strong>. Soit le <strong>dimanche 21 septembre<\/strong> prochain. Pour son chapitre 2025, <strong>ce temps fort du commerce d\u00e9odatien<\/strong> rassemblera environ <strong>250 exposants non-s\u00e9dentaires<\/strong>. Un nombre similaire \u00e0 l&rsquo;an dernier.<\/h2>\n<p><!--more--><\/p>\n<h3><strong>1 500 m\u00e8tres d\u2019\u00e9tals<\/strong><\/h3>\n<p>De <strong>8 h \u00e0 19 h<\/strong>, les<strong> 20 000 \u00e0 25 000 visiteurs attendus<\/strong> auront tout le loisir de fl\u00e2ner sur les quelques <strong>1 500 m\u00e8tres lin\u00e9aires d&rsquo;\u00e9tals<\/strong> install\u00e9s au <strong>centre-ville<\/strong>, de la <strong>rue d\u2019Alsace<\/strong> \u00e0 la <strong>rue Thiers<\/strong>, en passant par la <strong>place Saint-Martin<\/strong> et les quais <strong>Leclerc, De Lattre et Jeanne-d\u2019Arc<\/strong>.<\/p>\n<h3><strong>Retour des stands rue Gambetta<\/strong><\/h3>\n<p>La nouveaut\u00e9 cette ann\u00e9e est le <strong>retour des stands rue Gambetta<\/strong>. De plus, la <strong>place de la Premi\u00e8re Arm\u00e9e<\/strong> restera libre au stationnement un <strong>vide-greniers, affichant complet,<\/strong> sera install\u00e9 sur la <strong>place du March\u00e9<\/strong>. La Ville invite par ailleurs les <strong>commer\u00e7ants s\u00e9dentaires<\/strong> \u00e0 ouvrir leurs boutiques toute la journ\u00e9e. \u00c0 noter \u00e9galement que des \u00e9l\u00e8ves du <strong>lyc\u00e9e Jeanne-d&rsquo;Arc de Bruy\u00e8res<\/strong> participeront de nouveau au bon d\u00e9roulement de la journ\u00e9e.<\/p>\n<h3><strong>Des navettes gratuites toute la journ\u00e9e<\/strong><\/h3>\n<p>Des <strong>navettes gratuites<\/strong> circuleront de <strong>8 h \u00e0 19 h<\/strong>, avec des d\u00e9parts toutes les <strong>20 minutes<\/strong> depuis les parkings des hypermarch\u00e9s <strong>E.Leclerc<\/strong> (zone Hellieule 2) et <strong>Carrefour<\/strong> (\u00e0 Sainte-Marguerite).<\/p>\n<h3><strong>Op\u00e9ration \u00ab\u00a0braderie propre\u00a0\u00bb<\/strong><\/h3>\n<p>L\u2019op\u00e9ration \u00ab <strong>braderie propre<\/strong> \u00bb sera reconduite : chaque commer\u00e7ant devra repartir avec ses d\u00e9chets, sous peine d\u2019<strong>amende<\/strong> et d\u2019<strong>interdiction de participation<\/strong> l\u2019ann\u00e9e prochaine.<\/p>\n<h3><strong>Inscriptions de derni\u00e8re minute<\/strong><\/h3>\n<p>Les <strong>inscriptions de derni\u00e8re minute<\/strong> seront possibles le <strong>jour J<\/strong>, entre <strong>5 h et 7 h 30<\/strong>, au <strong>PC braderie<\/strong> et selon les places restantes.<\/p>\n","protected":false},"excerpt":{"rendered":"<p>La Grande Braderie de Saint-Di\u00e9-des-Vosges fera sa 74e \u00e9dition le troisi\u00e8me dimanche de septembre. Soit le dimanche 21 septembre prochain. [&hellip;]<\/p>\n","protected":false},"author":46,"featured_media":68215,"comment_status":"open","ping_status":"open","sticky":false,"template":"","format":"standard","meta":{"footnotes":""},"categories":[460,5,20,167,18],"tags":[18222,3281,3240],"class_list":["post-82019","post","type-post","status-publish","format-standard","has-post-thumbnail","hentry","category-a-la-une","category-economie","category-loisirs","category-saint-die-des-vosges","category-vosges","tag-74e-grande-braderie-de-saint-die-des-vosges","tag-grande-braderie-de-saint-die-des-vosges","tag-ville-de-saint-die-des-vosges"],"acf":[],"yoast_head":"<!-- This site is optimized with the Yoast SEO plugin v22.5 - https:\/\/yoast.com\/wordpress\/plugins\/seo\/ -->\n<title>74e chapitre pour la Grande Braderie de Saint-Di\u00e9-des-Vosges - Saint Die Info<\/title>\n<meta name=\"robots\" content=\"index, follow, max-snippet:-1, max-image-preview:large, max-video-preview:-1\" \/>\n<link rel=\"canonical\" href=\"https:\/\/vosgesinfo.fr\/saintdieinfo\/2025\/09\/74e-chapitre-pour-la-grande-braderie-de-saint-die-des-vosges\/\" \/>\n<meta name=\"twitter:card\" content=\"summary_large_image\" \/>\n<meta name=\"twitter:title\" content=\"74e chapitre pour la Grande Braderie de Saint-Di\u00e9-des-Vosges - Saint Die Info\" \/>\n<meta name=\"twitter:description\" content=\"La Grande Braderie de Saint-Di\u00e9-des-Vosges fera sa 74e \u00e9dition le troisi\u00e8me dimanche de septembre. Soit le dimanche 21 septembre prochain. [&hellip;]\" \/>\n<meta name=\"twitter:image\" content=\"https:\/\/vosgesinfo.fr\/app\/uploads\/sites\/4\/2024\/09\/73e-grande-braderie-4.jpg\" \/>\n<meta name=\"twitter:creator\" content=\"@VosgesInfo88\" \/>\n<meta name=\"twitter:site\" content=\"@VosgesInfo88\" \/>\n<meta name=\"twitter:label1\" content=\"\u00c9crit par\" \/>\n\t<meta name=\"twitter:data1\" content=\"J.J.\" \/>\n\t<meta name=\"twitter:label2\" content=\"Dur\u00e9e de lecture estim\u00e9e\" \/>\n\t<meta name=\"twitter:data2\" content=\"2 minutes\" \/>\n<script type=\"application\/ld+json\" class=\"yoast-schema-graph\">{\"@context\":\"https:\/\/schema.org\",\"@graph\":[{\"@type\":\"Article\",\"@id\":\"https:\/\/vosgesinfo.fr\/saintdieinfo\/2025\/09\/74e-chapitre-pour-la-grande-braderie-de-saint-die-des-vosges\/#article\",\"isPartOf\":{\"@id\":\"https:\/\/vosgesinfo.fr\/saintdieinfo\/2025\/09\/74e-chapitre-pour-la-grande-braderie-de-saint-die-des-vosges\/\"},\"author\":{\"name\":\"J.J.\",\"@id\":\"https:\/\/vosgesinfo.fr\/saintdieinfo\/#\/schema\/person\/fa73e9f726d67bb88f46d5b7943cb572\"},\"headline\":\"74e chapitre pour la Grande Braderie de Saint-Di\u00e9-des-Vosges\",\"datePublished\":\"2025-09-11T11:45:22+00:00\",\"dateModified\":\"2025-09-11T11:37:18+00:00\",\"mainEntityOfPage\":{\"@id\":\"https:\/\/vosgesinfo.fr\/saintdieinfo\/2025\/09\/74e-chapitre-pour-la-grande-braderie-de-saint-die-des-vosges\/\"},\"wordCount\":291,\"commentCount\":2,\"publisher\":{\"@id\":\"https:\/\/vosgesinfo.fr\/saintdieinfo\/#organization\"},\"image\":{\"@id\":\"https:\/\/vosgesinfo.fr\/saintdieinfo\/2025\/09\/74e-chapitre-pour-la-grande-braderie-de-saint-die-des-vosges\/#primaryimage\"},\"thumbnailUrl\":\"https:\/\/vosgesinfo.fr\/app\/uploads\/sites\/4\/2024\/09\/73e-grande-braderie-4.jpg\",\"keywords\":[\"74e Grande Braderie de Saint-Di\u00e9-des-Vosges\",\"Grande braderie de Saint-Di\u00e9-des-Vosges\",\"Ville de Saint-Di\u00e9-des-Vosges\"],\"articleSection\":[\"A la Une\",\"\u00c9conomie\",\"Loisirs\",\"Saint-Di\u00e9-des-Vosges\",\"Vosges\"],\"inLanguage\":\"fr-FR\",\"potentialAction\":[{\"@type\":\"CommentAction\",\"name\":\"Comment\",\"target\":[\"https:\/\/vosgesinfo.fr\/saintdieinfo\/2025\/09\/74e-chapitre-pour-la-grande-braderie-de-saint-die-des-vosges\/#respond\"]}]},{\"@type\":\"WebPage\",\"@id\":\"https:\/\/vosgesinfo.fr\/saintdieinfo\/2025\/09\/74e-chapitre-pour-la-grande-braderie-de-saint-die-des-vosges\/\",\"url\":\"https:\/\/vosgesinfo.fr\/saintdieinfo\/2025\/09\/74e-chapitre-pour-la-grande-braderie-de-saint-die-des-vosges\/\",\"name\":\"74e chapitre pour la Grande Braderie de Saint-Di\u00e9-des-Vosges - Saint Die Info\",\"isPartOf\":{\"@id\":\"https:\/\/vosgesinfo.fr\/saintdieinfo\/#website\"},\"primaryImageOfPage\":{\"@id\":\"https:\/\/vosgesinfo.fr\/saintdieinfo\/2025\/09\/74e-chapitre-pour-la-grande-braderie-de-saint-die-des-vosges\/#primaryimage\"},\"image\":{\"@id\":\"https:\/\/vosgesinfo.fr\/saintdieinfo\/2025\/09\/74e-chapitre-pour-la-grande-braderie-de-saint-die-des-vosges\/#primaryimage\"},\"thumbnailUrl\":\"https:\/\/vosgesinfo.fr\/app\/uploads\/sites\/4\/2024\/09\/73e-grande-braderie-4.jpg\",\"datePublished\":\"2025-09-11T11:45:22+00:00\",\"dateModified\":\"2025-09-11T11:37:18+00:00\",\"breadcrumb\":{\"@id\":\"https:\/\/vosgesinfo.fr\/saintdieinfo\/2025\/09\/74e-chapitre-pour-la-grande-braderie-de-saint-die-des-vosges\/#breadcrumb\"},\"inLanguage\":\"fr-FR\",\"potentialAction\":[{\"@type\":\"ReadAction\",\"target\":[\"https:\/\/vosgesinfo.fr\/saintdieinfo\/2025\/09\/74e-chapitre-pour-la-grande-braderie-de-saint-die-des-vosges\/\"]}]},{\"@type\":\"ImageObject\",\"inLanguage\":\"fr-FR\",\"@id\":\"https:\/\/vosgesinfo.fr\/saintdieinfo\/2025\/09\/74e-chapitre-pour-la-grande-braderie-de-saint-die-des-vosges\/#primaryimage\",\"url\":\"https:\/\/vosgesinfo.fr\/app\/uploads\/sites\/4\/2024\/09\/73e-grande-braderie-4.jpg\",\"contentUrl\":\"https:\/\/vosgesinfo.fr\/app\/uploads\/sites\/4\/2024\/09\/73e-grande-braderie-4.jpg\",\"width\":1024,\"height\":683,\"caption\":\"(Archive)\"},{\"@type\":\"BreadcrumbList\",\"@id\":\"https:\/\/vosgesinfo.fr\/saintdieinfo\/2025\/09\/74e-chapitre-pour-la-grande-braderie-de-saint-die-des-vosges\/#breadcrumb\",\"itemListElement\":[{\"@type\":\"ListItem\",\"position\":1,\"name\":\"Home\",\"item\":\"https:\/\/vosgesinfo.fr\/saintdieinfo\/\"},{\"@type\":\"ListItem\",\"position\":2,\"name\":\"74e chapitre pour la Grande Braderie de Saint-Di\u00e9-des-Vosges\"}]},{\"@type\":\"WebSite\",\"@id\":\"https:\/\/vosgesinfo.fr\/saintdieinfo\/#website\",\"url\":\"https:\/\/vosgesinfo.fr\/saintdieinfo\/\",\"name\":\"Saint Die Info\",\"description\":\"Toute l&#039;actualit\u00e9 de Saint-Di\u00e9-Des-Vosges\",\"publisher\":{\"@id\":\"https:\/\/vosgesinfo.fr\/saintdieinfo\/#organization\"},\"alternateName\":\"Toute l'actualit\u00e9 de Saint-Di\u00e9-Des-Vosges\",\"potentialAction\":[{\"@type\":\"SearchAction\",\"target\":{\"@type\":\"EntryPoint\",\"urlTemplate\":\"https:\/\/vosgesinfo.fr\/saintdieinfo\/?s={search_term_string}\"},\"query-input\":\"required name=search_term_string\"}],\"inLanguage\":\"fr-FR\"},{\"@type\":\"Organization\",\"@id\":\"https:\/\/vosgesinfo.fr\/saintdieinfo\/#organization\",\"name\":\"Saint Die Info\",\"url\":\"https:\/\/vosgesinfo.fr\/saintdieinfo\/\",\"logo\":{\"@type\":\"ImageObject\",\"inLanguage\":\"fr-FR\",\"@id\":\"https:\/\/vosgesinfo.fr\/saintdieinfo\/#\/schema\/logo\/image\/\",\"url\":\"https:\/\/vosgesinfo.fr\/app\/uploads\/sites\/4\/2024\/02\/logo-sdi.jpg\",\"contentUrl\":\"https:\/\/vosgesinfo.fr\/app\/uploads\/sites\/4\/2024\/02\/logo-sdi.jpg\",\"width\":600,\"height\":600,\"caption\":\"Saint Die Info\"},\"image\":{\"@id\":\"https:\/\/vosgesinfo.fr\/saintdieinfo\/#\/schema\/logo\/image\/\"},\"sameAs\":[\"https:\/\/www.facebook.com\/Saintdieinfofr\",\"https:\/\/x.com\/VosgesInfo88\",\"https:\/\/www.youtube.com\/@vosgesinfo\"]},{\"@type\":\"Person\",\"@id\":\"https:\/\/vosgesinfo.fr\/saintdieinfo\/#\/schema\/person\/fa73e9f726d67bb88f46d5b7943cb572\",\"name\":\"J.J.\",\"image\":{\"@type\":\"ImageObject\",\"inLanguage\":\"fr-FR\",\"@id\":\"https:\/\/vosgesinfo.fr\/saintdieinfo\/#\/schema\/person\/image\/\",\"url\":\"https:\/\/secure.gravatar.com\/avatar\/219e749e47ffbcca018a360ae4add7d4cdf1cdaaf8bc7676b27efade3fe65615?s=96&d=mm&r=g\",\"contentUrl\":\"https:\/\/secure.gravatar.com\/avatar\/219e749e47ffbcca018a360ae4add7d4cdf1cdaaf8bc7676b27efade3fe65615?s=96&d=mm&r=g\",\"caption\":\"J.J.\"},\"url\":\"https:\/\/vosgesinfo.fr\/saintdieinfo\/author\/j-j\/\"}]}<\/script>\n<!-- \/ Yoast SEO plugin. -->","yoast_head_json":{"title":"74e chapitre pour la Grande Braderie de Saint-Di\u00e9-des-Vosges - Saint Die Info","robots":{"index":"index","follow":"follow","max-snippet":"max-snippet:-1","max-image-preview":"max-image-preview:large","max-video-preview":"max-video-preview:-1"},"canonical":"https:\/\/vosgesinfo.fr\/saintdieinfo\/2025\/09\/74e-chapitre-pour-la-grande-braderie-de-saint-die-des-vosges\/","twitter_card":"summary_large_image","twitter_title":"74e chapitre pour la Grande Braderie de Saint-Di\u00e9-des-Vosges - Saint Die Info","twitter_description":"La Grande Braderie de Saint-Di\u00e9-des-Vosges fera sa 74e \u00e9dition le troisi\u00e8me dimanche de septembre. Soit le dimanche 21 septembre prochain. [&hellip;]","twitter_image":"https:\/\/vosgesinfo.fr\/app\/uploads\/sites\/4\/2024\/09\/73e-grande-braderie-4.jpg","twitter_creator":"@VosgesInfo88","twitter_site":"@VosgesInfo88","twitter_misc":{"\u00c9crit par":"J.J.","Dur\u00e9e de lecture estim\u00e9e":"2 minutes"},"schema":{"@context":"https:\/\/schema.org","@graph":[{"@type":"Article","@id":"https:\/\/vosgesinfo.fr\/saintdieinfo\/2025\/09\/74e-chapitre-pour-la-grande-braderie-de-saint-die-des-vosges\/#article","isPartOf":{"@id":"https:\/\/vosgesinfo.fr\/saintdieinfo\/2025\/09\/74e-chapitre-pour-la-grande-braderie-de-saint-die-des-vosges\/"},"author":{"name":"J.J.","@id":"https:\/\/vosgesinfo.fr\/saintdieinfo\/#\/schema\/person\/fa73e9f726d67bb88f46d5b7943cb572"},"headline":"74e chapitre pour la Grande Braderie de Saint-Di\u00e9-des-Vosges","datePublished":"2025-09-11T11:45:22+00:00","dateModified":"2025-09-11T11:37:18+00:00","mainEntityOfPage":{"@id":"https:\/\/vosgesinfo.fr\/saintdieinfo\/2025\/09\/74e-chapitre-pour-la-grande-braderie-de-saint-die-des-vosges\/"},"wordCount":291,"commentCount":2,"publisher":{"@id":"https:\/\/vosgesinfo.fr\/saintdieinfo\/#organization"},"image":{"@id":"https:\/\/vosgesinfo.fr\/saintdieinfo\/2025\/09\/74e-chapitre-pour-la-grande-braderie-de-saint-die-des-vosges\/#primaryimage"},"thumbnailUrl":"https:\/\/vosgesinfo.fr\/app\/uploads\/sites\/4\/2024\/09\/73e-grande-braderie-4.jpg","keywords":["74e Grande Braderie de Saint-Di\u00e9-des-Vosges","Grande braderie de Saint-Di\u00e9-des-Vosges","Ville de Saint-Di\u00e9-des-Vosges"],"articleSection":["A la Une","\u00c9conomie","Loisirs","Saint-Di\u00e9-des-Vosges","Vosges"],"inLanguage":"fr-FR","potentialAction":[{"@type":"CommentAction","name":"Comment","target":["https:\/\/vosgesinfo.fr\/saintdieinfo\/2025\/09\/74e-chapitre-pour-la-grande-braderie-de-saint-die-des-vosges\/#respond"]}]},{"@type":"WebPage","@id":"https:\/\/vosgesinfo.fr\/saintdieinfo\/2025\/09\/74e-chapitre-pour-la-grande-braderie-de-saint-die-des-vosges\/","url":"https:\/\/vosgesinfo.fr\/saintdieinfo\/2025\/09\/74e-chapitre-pour-la-grande-braderie-de-saint-die-des-vosges\/","name":"74e chapitre pour la Grande Braderie de Saint-Di\u00e9-des-Vosges - Saint Die Info","isPartOf":{"@id":"https:\/\/vosgesinfo.fr\/saintdieinfo\/#website"},"primaryImageOfPage":{"@id":"https:\/\/vosgesinfo.fr\/saintdieinfo\/2025\/09\/74e-chapitre-pour-la-grande-braderie-de-saint-die-des-vosges\/#primaryimage"},"image":{"@id":"https:\/\/vosgesinfo.fr\/saintdieinfo\/2025\/09\/74e-chapitre-pour-la-grande-braderie-de-saint-die-des-vosges\/#primaryimage"},"thumbnailUrl":"https:\/\/vosgesinfo.fr\/app\/uploads\/sites\/4\/2024\/09\/73e-grande-braderie-4.jpg","datePublished":"2025-09-11T11:45:22+00:00","dateModified":"2025-09-11T11:37:18+00:00","breadcrumb":{"@id":"https:\/\/vosgesinfo.fr\/saintdieinfo\/2025\/09\/74e-chapitre-pour-la-grande-braderie-de-saint-die-des-vosges\/#breadcrumb"},"inLanguage":"fr-FR","potentialAction":[{"@type":"ReadAction","target":["https:\/\/vosgesinfo.fr\/saintdieinfo\/2025\/09\/74e-chapitre-pour-la-grande-braderie-de-saint-die-des-vosges\/"]}]},{"@type":"ImageObject","inLanguage":"fr-FR","@id":"https:\/\/vosgesinfo.fr\/saintdieinfo\/2025\/09\/74e-chapitre-pour-la-grande-braderie-de-saint-die-des-vosges\/#primaryimage","url":"https:\/\/vosgesinfo.fr\/app\/uploads\/sites\/4\/2024\/09\/73e-grande-braderie-4.jpg","contentUrl":"https:\/\/vosgesinfo.fr\/app\/uploads\/sites\/4\/2024\/09\/73e-grande-braderie-4.jpg","width":1024,"height":683,"caption":"(Archive)"},{"@type":"BreadcrumbList","@id":"https:\/\/vosgesinfo.fr\/saintdieinfo\/2025\/09\/74e-chapitre-pour-la-grande-braderie-de-saint-die-des-vosges\/#breadcrumb","itemListElement":[{"@type":"ListItem","position":1,"name":"Home","item":"https:\/\/vosgesinfo.fr\/saintdieinfo\/"},{"@type":"ListItem","position":2,"name":"74e chapitre pour la Grande Braderie de Saint-Di\u00e9-des-Vosges"}]},{"@type":"WebSite","@id":"https:\/\/vosgesinfo.fr\/saintdieinfo\/#website","url":"https:\/\/vosgesinfo.fr\/saintdieinfo\/","name":"Saint Die Info","description":"Toute l&#039;actualit\u00e9 de Saint-Di\u00e9-Des-Vosges","publisher":{"@id":"https:\/\/vosgesinfo.fr\/saintdieinfo\/#organization"},"alternateName":"Toute l'actualit\u00e9 de Saint-Di\u00e9-Des-Vosges","potentialAction":[{"@type":"SearchAction","target":{"@type":"EntryPoint","urlTemplate":"https:\/\/vosgesinfo.fr\/saintdieinfo\/?s={search_term_string}"},"query-input":"required name=search_term_string"}],"inLanguage":"fr-FR"},{"@type":"Organization","@id":"https:\/\/vosgesinfo.fr\/saintdieinfo\/#organization","name":"Saint Die Info","url":"https:\/\/vosgesinfo.fr\/saintdieinfo\/","logo":{"@type":"ImageObject","inLanguage":"fr-FR","@id":"https:\/\/vosgesinfo.fr\/saintdieinfo\/#\/schema\/logo\/image\/","url":"https:\/\/vosgesinfo.fr\/app\/uploads\/sites\/4\/2024\/02\/logo-sdi.jpg","contentUrl":"https:\/\/vosgesinfo.fr\/app\/uploads\/sites\/4\/2024\/02\/logo-sdi.jpg","width":600,"height":600,"caption":"Saint Die Info"},"image":{"@id":"https:\/\/vosgesinfo.fr\/saintdieinfo\/#\/schema\/logo\/image\/"},"sameAs":["https:\/\/www.facebook.com\/Saintdieinfofr","https:\/\/x.com\/VosgesInfo88","https:\/\/www.youtube.com\/@vosgesinfo"]},{"@type":"Person","@id":"https:\/\/vosgesinfo.fr\/saintdieinfo\/#\/schema\/person\/fa73e9f726d67bb88f46d5b7943cb572","name":"J.J.","image":{"@type":"ImageObject","inLanguage":"fr-FR","@id":"https:\/\/vosgesinfo.fr\/saintdieinfo\/#\/schema\/person\/image\/","url":"https:\/\/secure.gravatar.com\/avatar\/219e749e47ffbcca018a360ae4add7d4cdf1cdaaf8bc7676b27efade3fe65615?s=96&d=mm&r=g","contentUrl":"https:\/\/secure.gravatar.com\/avatar\/219e749e47ffbcca018a360ae4add7d4cdf1cdaaf8bc7676b27efade3fe65615?s=96&d=mm&r=g","caption":"J.J."},"url":"https:\/\/vosgesinfo.fr\/saintdieinfo\/author\/j-j\/"}]}},"_links":{"self":[{"href":"https:\/\/vosgesinfo.fr\/saintdieinfo\/wp-json\/wp\/v2\/posts\/82019","targetHints":{"allow":["GET"]}}],"collection":[{"href":"https:\/\/vosgesinfo.fr\/saintdieinfo\/wp-json\/wp\/v2\/posts"}],"about":[{"href":"https:\/\/vosgesinfo.fr\/saintdieinfo\/wp-json\/wp\/v2\/types\/post"}],"author":[{"embeddable":true,"href":"https:\/\/vosgesinfo.fr\/saintdieinfo\/wp-json\/wp\/v2\/users\/46"}],"replies":[{"embeddable":true,"href":"https:\/\/vosgesinfo.fr\/saintdieinfo\/wp-json\/wp\/v2\/comments?post=82019"}],"version-history":[{"count":2,"href":"https:\/\/vosgesinfo.fr\/saintdieinfo\/wp-json\/wp\/v2\/posts\/82019\/revisions"}],"predecessor-version":[{"id":82023,"href":"https:\/\/vosgesinfo.fr\/saintdieinfo\/wp-json\/wp\/v2\/posts\/82019\/revisions\/82023"}],"wp:featuredmedia":[{"embeddable":true,"href":"https:\/\/vosgesinfo.fr\/saintdieinfo\/wp-json\/wp\/v2\/media\/68215"}],"wp:attachment":[{"href":"https:\/\/vosgesinfo.fr\/saintdieinfo\/wp-json\/wp\/v2\/media?parent=82019"}],"wp:term":[{"taxonomy":"category","embeddable":true,"href":"https:\/\/vosgesinfo.fr\/saintdieinfo\/wp-json\/wp\/v2\/categories?post=82019"},{"taxonomy":"post_tag","embeddable":true,"href":"https:\/\/vosgesinfo.fr\/saintdieinfo\/wp-json\/wp\/v2\/tags?post=82019"}],"curies":[{"name":"wp","href":"https:\/\/api.w.org\/{rel}","templated":true}]}}