{"id":82020,"date":"2025-09-11T11:12:28","date_gmt":"2025-09-11T09:12:28","guid":{"rendered":"https:\/\/vosgesinfo.fr\/saintdieinfo\/2025\/09\/50-000-solutions-le-grand-est-accelere-avec-5000-nouvelles-reponses\/"},"modified":"2025-09-11T11:12:28","modified_gmt":"2025-09-11T09:12:28","slug":"50-000-solutions-le-grand-est-accelere-avec-5000-nouvelles-reponses","status":"publish","type":"post","link":"https:\/\/vosgesinfo.fr\/saintdieinfo\/2025\/09\/50-000-solutions-le-grand-est-accelere-avec-5000-nouvelles-reponses\/","title":{"rendered":"\u00ab 50 000 solutions \u00bb le Grand Est acc\u00e9l\u00e8re avec 5000 nouvelles r\u00e9ponses"},"content":{"rendered":"<p><a href=\"https:\/\/vosgesinfo.fr\/app\/uploads\/sites\/6\/2025\/07\/202112logo-ars-grand-est.jpg\"><img decoding=\"async\" class=\"size-medium wp-image-80918 aligncenter\" src=\"https:\/\/vosgesinfo.fr\/app\/uploads\/sites\/6\/2025\/07\/202112logo-ars-grand-est-300x300.jpg\" alt=\"\" width=\"300\" height=\"300\" \/><\/a><br \/>\nDans le cadre du plan national \u00ab 50 000 solutions \u00bb, l\u2019ARS Grand Est annonce la cr\u00e9ation de 5000 nouvelles solutions pour les personnes en situation de handicap en 2025, dans l\u2019ensemble des 10 d\u00e9partements de la r\u00e9gion.<br \/>\nConstruites en lien avec les Conseils d\u00e9partementaux et les MDPH ces r\u00e9ponses traduisent une mobilisation collective pour apporter des solutions adapt\u00e9es, innovantes et de proximit\u00e9 aux besoins des personnes en situation de handicap et de leurs familles.<br \/>\nCes projets concernent notamment :<br \/>\n\u2022 le r\u00e9pit \u00e0 domicile pour les aidants,<br \/>\n\u2022 la cr\u00e9ation de places m\u00e9dico-sociales,<br \/>\n\u2022 le soutien aux jeunes en double vuln\u00e9rabilit\u00e9 (handicap + ASE),<br \/>\n\u2022 l\u2019accompagnement sp\u00e9cifique des personnes autistes, avec TND ou vieillissantes,<br \/>\n\u2022 le d\u00e9veloppement de passerelles entre milieu ordinaire et sp\u00e9cialis\u00e9.<\/p>\n<p>Au total, 22,3 M\u20ac sont mobilis\u00e9s :<br \/>\n\u2022 1 500 solutions m\u00e9dico-sociales issues de l\u2019AMI r\u00e9gional (12,8 M\u20ac),<br \/>\n\u2022 78 solutions m\u00e9dico-sociales \u00e0 l\u2019\u00e9cole d\u00e8s la rentr\u00e9e 2025-2026 (1,25 M\u20ac),<br \/>\n\u2022 3 450 solutions via les nouveaux P\u00f4les d\u2019Appui \u00e0 la Scolarisation (8,3 M\u20ac).<\/p>\n<p>Ajout\u00e9es aux mesures d\u00e9j\u00e0 retenues en 2024, ce sont 6100 r\u00e9ponses nouvelles qui verront le jour d\u2019ici fin 2025, pour pr\u00e8s de 30 M\u20ac investis.<\/p>\n<p>Un engagement r\u00e9gional au service des parcours de vie<br \/>\nLa gouvernance territoriale, associant les Conseils d\u00e9partementaux, les MDPH, l\u2019\u00c9ducation nationale, les associations gestionnaires et les repr\u00e9sentants des usagers, garantit une meilleure lisibilit\u00e9 et une adaptation aux besoins locaux.<br \/>\nD\u00e8s 2026, l\u2019ARS Grand Est poursuivra ses soutiens autour de priorit\u00e9s claires :<br \/>\n\u25e6 renforcer le m\u00e9dico-social mobile pour favoriser la vie \u00e0 domicile,<br \/>\n\u25e6 accompagner le vieillissement des personnes en situation de handicap,<br \/>\n\u25e6 r\u00e9duire les ruptures de parcours lors des transitions,<br \/>\n\u25e6 amplifier la fonction Ressources des \u00e9tablissements sp\u00e9cialis\u00e9s au b\u00e9n\u00e9fice du droit commun,<br \/>\n\u25e6 garantir une \u00e9quit\u00e9 territoriale accrue dans l\u2019allocation des financements.<\/p>\n<p>&nbsp;<\/p>\n","protected":false},"excerpt":{"rendered":"<p>Dans le cadre du plan national \u00ab 50 000 solutions \u00bb, l\u2019ARS Grand Est annonce la cr\u00e9ation de 5000 nouvelles [&hellip;]<\/p>\n","protected":false},"author":391,"featured_media":82021,"comment_status":"open","ping_status":"open","sticky":false,"template":"","format":"standard","meta":{"footnotes":""},"categories":[460,5392,5391,5389,4099,4100,4152],"tags":[5087],"class_list":["post-82020","post","type-post","status-publish","format-standard","has-post-thumbnail","hentry","category-a-la-une","category-epinal","category-gerardmer","category-la-plaine-des-vosges","category-remiremont","category-saint-die","category-sante","tag-ars-grand-est"],"acf":[],"yoast_head":"<!-- This site is optimized with the Yoast SEO plugin v22.5 - https:\/\/yoast.com\/wordpress\/plugins\/seo\/ -->\n<title>\u00ab 50 000 solutions \u00bb le Grand Est acc\u00e9l\u00e8re avec 5000 nouvelles r\u00e9ponses - Saint Die Info<\/title>\n<meta name=\"robots\" content=\"index, follow, max-snippet:-1, max-image-preview:large, max-video-preview:-1\" \/>\n<link rel=\"canonical\" href=\"https:\/\/vosgesinfo.fr\/saintdieinfo\/2025\/09\/50-000-solutions-le-grand-est-accelere-avec-5000-nouvelles-reponses\/\" \/>\n<meta name=\"twitter:card\" content=\"summary_large_image\" \/>\n<meta name=\"twitter:title\" content=\"\u00ab 50 000 solutions \u00bb le Grand Est acc\u00e9l\u00e8re avec 5000 nouvelles r\u00e9ponses - Saint Die Info\" \/>\n<meta name=\"twitter:description\" content=\"Dans le cadre du plan national \u00ab 50 000 solutions \u00bb, l\u2019ARS Grand Est annonce la cr\u00e9ation de 5000 nouvelles [&hellip;]\" \/>\n<meta name=\"twitter:image\" content=\"https:\/\/vosgesinfo.fr\/app\/uploads\/sites\/4\/2025\/09\/202112logo-ars-grand-est.jpg\" \/>\n<meta name=\"twitter:creator\" content=\"@VosgesInfo88\" \/>\n<meta name=\"twitter:site\" content=\"@VosgesInfo88\" \/>\n<meta name=\"twitter:label1\" content=\"\u00c9crit par\" \/>\n\t<meta name=\"twitter:data1\" content=\"La redaction\" \/>\n\t<meta name=\"twitter:label2\" content=\"Dur\u00e9e de lecture estim\u00e9e\" \/>\n\t<meta name=\"twitter:data2\" content=\"2 minutes\" \/>\n<script type=\"application\/ld+json\" class=\"yoast-schema-graph\">{\"@context\":\"https:\/\/schema.org\",\"@graph\":[{\"@type\":\"Article\",\"@id\":\"https:\/\/vosgesinfo.fr\/saintdieinfo\/2025\/09\/50-000-solutions-le-grand-est-accelere-avec-5000-nouvelles-reponses\/#article\",\"isPartOf\":{\"@id\":\"https:\/\/vosgesinfo.fr\/saintdieinfo\/2025\/09\/50-000-solutions-le-grand-est-accelere-avec-5000-nouvelles-reponses\/\"},\"author\":{\"name\":\"La redaction\",\"@id\":\"https:\/\/vosgesinfo.fr\/saintdieinfo\/#\/schema\/person\/27a3695b06db98895b354c0765cdfc31\"},\"headline\":\"\u00ab 50 000 solutions \u00bb le Grand Est acc\u00e9l\u00e8re avec 5000 nouvelles r\u00e9ponses\",\"datePublished\":\"2025-09-11T09:12:28+00:00\",\"dateModified\":\"2025-09-11T09:12:28+00:00\",\"mainEntityOfPage\":{\"@id\":\"https:\/\/vosgesinfo.fr\/saintdieinfo\/2025\/09\/50-000-solutions-le-grand-est-accelere-avec-5000-nouvelles-reponses\/\"},\"wordCount\":313,\"commentCount\":1,\"publisher\":{\"@id\":\"https:\/\/vosgesinfo.fr\/saintdieinfo\/#organization\"},\"image\":{\"@id\":\"https:\/\/vosgesinfo.fr\/saintdieinfo\/2025\/09\/50-000-solutions-le-grand-est-accelere-avec-5000-nouvelles-reponses\/#primaryimage\"},\"thumbnailUrl\":\"https:\/\/vosgesinfo.fr\/app\/uploads\/sites\/4\/2025\/09\/202112logo-ars-grand-est.jpg\",\"keywords\":[\"ARS Grand Est\"],\"articleSection\":[\"A la Une\",\"Epinal\",\"Gerardmer\",\"La plaine des vosges\",\"Remiremont\",\"Saint-di\u00e9\",\"Sant\u00e9\"],\"inLanguage\":\"fr-FR\",\"potentialAction\":[{\"@type\":\"CommentAction\",\"name\":\"Comment\",\"target\":[\"https:\/\/vosgesinfo.fr\/saintdieinfo\/2025\/09\/50-000-solutions-le-grand-est-accelere-avec-5000-nouvelles-reponses\/#respond\"]}]},{\"@type\":\"WebPage\",\"@id\":\"https:\/\/vosgesinfo.fr\/saintdieinfo\/2025\/09\/50-000-solutions-le-grand-est-accelere-avec-5000-nouvelles-reponses\/\",\"url\":\"https:\/\/vosgesinfo.fr\/saintdieinfo\/2025\/09\/50-000-solutions-le-grand-est-accelere-avec-5000-nouvelles-reponses\/\",\"name\":\"\u00ab 50 000 solutions \u00bb le Grand Est acc\u00e9l\u00e8re avec 5000 nouvelles r\u00e9ponses - Saint Die Info\",\"isPartOf\":{\"@id\":\"https:\/\/vosgesinfo.fr\/saintdieinfo\/#website\"},\"primaryImageOfPage\":{\"@id\":\"https:\/\/vosgesinfo.fr\/saintdieinfo\/2025\/09\/50-000-solutions-le-grand-est-accelere-avec-5000-nouvelles-reponses\/#primaryimage\"},\"image\":{\"@id\":\"https:\/\/vosgesinfo.fr\/saintdieinfo\/2025\/09\/50-000-solutions-le-grand-est-accelere-avec-5000-nouvelles-reponses\/#primaryimage\"},\"thumbnailUrl\":\"https:\/\/vosgesinfo.fr\/app\/uploads\/sites\/4\/2025\/09\/202112logo-ars-grand-est.jpg\",\"datePublished\":\"2025-09-11T09:12:28+00:00\",\"dateModified\":\"2025-09-11T09:12:28+00:00\",\"breadcrumb\":{\"@id\":\"https:\/\/vosgesinfo.fr\/saintdieinfo\/2025\/09\/50-000-solutions-le-grand-est-accelere-avec-5000-nouvelles-reponses\/#breadcrumb\"},\"inLanguage\":\"fr-FR\",\"potentialAction\":[{\"@type\":\"ReadAction\",\"target\":[\"https:\/\/vosgesinfo.fr\/saintdieinfo\/2025\/09\/50-000-solutions-le-grand-est-accelere-avec-5000-nouvelles-reponses\/\"]}]},{\"@type\":\"ImageObject\",\"inLanguage\":\"fr-FR\",\"@id\":\"https:\/\/vosgesinfo.fr\/saintdieinfo\/2025\/09\/50-000-solutions-le-grand-est-accelere-avec-5000-nouvelles-reponses\/#primaryimage\",\"url\":\"https:\/\/vosgesinfo.fr\/app\/uploads\/sites\/4\/2025\/09\/202112logo-ars-grand-est.jpg\",\"contentUrl\":\"https:\/\/vosgesinfo.fr\/app\/uploads\/sites\/4\/2025\/09\/202112logo-ars-grand-est.jpg\",\"width\":400,\"height\":400},{\"@type\":\"BreadcrumbList\",\"@id\":\"https:\/\/vosgesinfo.fr\/saintdieinfo\/2025\/09\/50-000-solutions-le-grand-est-accelere-avec-5000-nouvelles-reponses\/#breadcrumb\",\"itemListElement\":[{\"@type\":\"ListItem\",\"position\":1,\"name\":\"Home\",\"item\":\"https:\/\/vosgesinfo.fr\/saintdieinfo\/\"},{\"@type\":\"ListItem\",\"position\":2,\"name\":\"\u00ab 50 000 solutions \u00bb le Grand Est acc\u00e9l\u00e8re avec 5000 nouvelles r\u00e9ponses\"}]},{\"@type\":\"WebSite\",\"@id\":\"https:\/\/vosgesinfo.fr\/saintdieinfo\/#website\",\"url\":\"https:\/\/vosgesinfo.fr\/saintdieinfo\/\",\"name\":\"Saint Die Info\",\"description\":\"Toute l&#039;actualit\u00e9 de Saint-Di\u00e9-Des-Vosges\",\"publisher\":{\"@id\":\"https:\/\/vosgesinfo.fr\/saintdieinfo\/#organization\"},\"alternateName\":\"Toute l'actualit\u00e9 de Saint-Di\u00e9-Des-Vosges\",\"potentialAction\":[{\"@type\":\"SearchAction\",\"target\":{\"@type\":\"EntryPoint\",\"urlTemplate\":\"https:\/\/vosgesinfo.fr\/saintdieinfo\/?s={search_term_string}\"},\"query-input\":\"required name=search_term_string\"}],\"inLanguage\":\"fr-FR\"},{\"@type\":\"Organization\",\"@id\":\"https:\/\/vosgesinfo.fr\/saintdieinfo\/#organization\",\"name\":\"Saint Die Info\",\"url\":\"https:\/\/vosgesinfo.fr\/saintdieinfo\/\",\"logo\":{\"@type\":\"ImageObject\",\"inLanguage\":\"fr-FR\",\"@id\":\"https:\/\/vosgesinfo.fr\/saintdieinfo\/#\/schema\/logo\/image\/\",\"url\":\"https:\/\/vosgesinfo.fr\/app\/uploads\/sites\/4\/2024\/02\/logo-sdi.jpg\",\"contentUrl\":\"https:\/\/vosgesinfo.fr\/app\/uploads\/sites\/4\/2024\/02\/logo-sdi.jpg\",\"width\":600,\"height\":600,\"caption\":\"Saint Die Info\"},\"image\":{\"@id\":\"https:\/\/vosgesinfo.fr\/saintdieinfo\/#\/schema\/logo\/image\/\"},\"sameAs\":[\"https:\/\/www.facebook.com\/Saintdieinfofr\",\"https:\/\/x.com\/VosgesInfo88\",\"https:\/\/www.youtube.com\/@vosgesinfo\"]},{\"@type\":\"Person\",\"@id\":\"https:\/\/vosgesinfo.fr\/saintdieinfo\/#\/schema\/person\/27a3695b06db98895b354c0765cdfc31\",\"name\":\"La redaction\",\"image\":{\"@type\":\"ImageObject\",\"inLanguage\":\"fr-FR\",\"@id\":\"https:\/\/vosgesinfo.fr\/saintdieinfo\/#\/schema\/person\/image\/\",\"url\":\"https:\/\/secure.gravatar.com\/avatar\/64c76a78e501cedee55736f43f332df901e1896ae9cd8fad269ae2236dd0e8b6?s=96&d=mm&r=g\",\"contentUrl\":\"https:\/\/secure.gravatar.com\/avatar\/64c76a78e501cedee55736f43f332df901e1896ae9cd8fad269ae2236dd0e8b6?s=96&d=mm&r=g\",\"caption\":\"La redaction\"},\"url\":\"https:\/\/vosgesinfo.fr\/saintdieinfo\/author\/la-redaction\/\"}]}<\/script>\n<!-- \/ Yoast SEO plugin. -->","yoast_head_json":{"title":"\u00ab 50 000 solutions \u00bb le Grand Est acc\u00e9l\u00e8re avec 5000 nouvelles r\u00e9ponses - Saint Die Info","robots":{"index":"index","follow":"follow","max-snippet":"max-snippet:-1","max-image-preview":"max-image-preview:large","max-video-preview":"max-video-preview:-1"},"canonical":"https:\/\/vosgesinfo.fr\/saintdieinfo\/2025\/09\/50-000-solutions-le-grand-est-accelere-avec-5000-nouvelles-reponses\/","twitter_card":"summary_large_image","twitter_title":"\u00ab 50 000 solutions \u00bb le Grand Est acc\u00e9l\u00e8re avec 5000 nouvelles r\u00e9ponses - Saint Die Info","twitter_description":"Dans le cadre du plan national \u00ab 50 000 solutions \u00bb, l\u2019ARS Grand Est annonce la cr\u00e9ation de 5000 nouvelles [&hellip;]","twitter_image":"https:\/\/vosgesinfo.fr\/app\/uploads\/sites\/4\/2025\/09\/202112logo-ars-grand-est.jpg","twitter_creator":"@VosgesInfo88","twitter_site":"@VosgesInfo88","twitter_misc":{"\u00c9crit par":"La redaction","Dur\u00e9e de lecture estim\u00e9e":"2 minutes"},"schema":{"@context":"https:\/\/schema.org","@graph":[{"@type":"Article","@id":"https:\/\/vosgesinfo.fr\/saintdieinfo\/2025\/09\/50-000-solutions-le-grand-est-accelere-avec-5000-nouvelles-reponses\/#article","isPartOf":{"@id":"https:\/\/vosgesinfo.fr\/saintdieinfo\/2025\/09\/50-000-solutions-le-grand-est-accelere-avec-5000-nouvelles-reponses\/"},"author":{"name":"La redaction","@id":"https:\/\/vosgesinfo.fr\/saintdieinfo\/#\/schema\/person\/27a3695b06db98895b354c0765cdfc31"},"headline":"\u00ab 50 000 solutions \u00bb le Grand Est acc\u00e9l\u00e8re avec 5000 nouvelles r\u00e9ponses","datePublished":"2025-09-11T09:12:28+00:00","dateModified":"2025-09-11T09:12:28+00:00","mainEntityOfPage":{"@id":"https:\/\/vosgesinfo.fr\/saintdieinfo\/2025\/09\/50-000-solutions-le-grand-est-accelere-avec-5000-nouvelles-reponses\/"},"wordCount":313,"commentCount":1,"publisher":{"@id":"https:\/\/vosgesinfo.fr\/saintdieinfo\/#organization"},"image":{"@id":"https:\/\/vosgesinfo.fr\/saintdieinfo\/2025\/09\/50-000-solutions-le-grand-est-accelere-avec-5000-nouvelles-reponses\/#primaryimage"},"thumbnailUrl":"https:\/\/vosgesinfo.fr\/app\/uploads\/sites\/4\/2025\/09\/202112logo-ars-grand-est.jpg","keywords":["ARS Grand Est"],"articleSection":["A la Une","Epinal","Gerardmer","La plaine des vosges","Remiremont","Saint-di\u00e9","Sant\u00e9"],"inLanguage":"fr-FR","potentialAction":[{"@type":"CommentAction","name":"Comment","target":["https:\/\/vosgesinfo.fr\/saintdieinfo\/2025\/09\/50-000-solutions-le-grand-est-accelere-avec-5000-nouvelles-reponses\/#respond"]}]},{"@type":"WebPage","@id":"https:\/\/vosgesinfo.fr\/saintdieinfo\/2025\/09\/50-000-solutions-le-grand-est-accelere-avec-5000-nouvelles-reponses\/","url":"https:\/\/vosgesinfo.fr\/saintdieinfo\/2025\/09\/50-000-solutions-le-grand-est-accelere-avec-5000-nouvelles-reponses\/","name":"\u00ab 50 000 solutions \u00bb le Grand Est acc\u00e9l\u00e8re avec 5000 nouvelles r\u00e9ponses - Saint Die Info","isPartOf":{"@id":"https:\/\/vosgesinfo.fr\/saintdieinfo\/#website"},"primaryImageOfPage":{"@id":"https:\/\/vosgesinfo.fr\/saintdieinfo\/2025\/09\/50-000-solutions-le-grand-est-accelere-avec-5000-nouvelles-reponses\/#primaryimage"},"image":{"@id":"https:\/\/vosgesinfo.fr\/saintdieinfo\/2025\/09\/50-000-solutions-le-grand-est-accelere-avec-5000-nouvelles-reponses\/#primaryimage"},"thumbnailUrl":"https:\/\/vosgesinfo.fr\/app\/uploads\/sites\/4\/2025\/09\/202112logo-ars-grand-est.jpg","datePublished":"2025-09-11T09:12:28+00:00","dateModified":"2025-09-11T09:12:28+00:00","breadcrumb":{"@id":"https:\/\/vosgesinfo.fr\/saintdieinfo\/2025\/09\/50-000-solutions-le-grand-est-accelere-avec-5000-nouvelles-reponses\/#breadcrumb"},"inLanguage":"fr-FR","potentialAction":[{"@type":"ReadAction","target":["https:\/\/vosgesinfo.fr\/saintdieinfo\/2025\/09\/50-000-solutions-le-grand-est-accelere-avec-5000-nouvelles-reponses\/"]}]},{"@type":"ImageObject","inLanguage":"fr-FR","@id":"https:\/\/vosgesinfo.fr\/saintdieinfo\/2025\/09\/50-000-solutions-le-grand-est-accelere-avec-5000-nouvelles-reponses\/#primaryimage","url":"https:\/\/vosgesinfo.fr\/app\/uploads\/sites\/4\/2025\/09\/202112logo-ars-grand-est.jpg","contentUrl":"https:\/\/vosgesinfo.fr\/app\/uploads\/sites\/4\/2025\/09\/202112logo-ars-grand-est.jpg","width":400,"height":400},{"@type":"BreadcrumbList","@id":"https:\/\/vosgesinfo.fr\/saintdieinfo\/2025\/09\/50-000-solutions-le-grand-est-accelere-avec-5000-nouvelles-reponses\/#breadcrumb","itemListElement":[{"@type":"ListItem","position":1,"name":"Home","item":"https:\/\/vosgesinfo.fr\/saintdieinfo\/"},{"@type":"ListItem","position":2,"name":"\u00ab 50 000 solutions \u00bb le Grand Est acc\u00e9l\u00e8re avec 5000 nouvelles r\u00e9ponses"}]},{"@type":"WebSite","@id":"https:\/\/vosgesinfo.fr\/saintdieinfo\/#website","url":"https:\/\/vosgesinfo.fr\/saintdieinfo\/","name":"Saint Die Info","description":"Toute l&#039;actualit\u00e9 de Saint-Di\u00e9-Des-Vosges","publisher":{"@id":"https:\/\/vosgesinfo.fr\/saintdieinfo\/#organization"},"alternateName":"Toute l'actualit\u00e9 de Saint-Di\u00e9-Des-Vosges","potentialAction":[{"@type":"SearchAction","target":{"@type":"EntryPoint","urlTemplate":"https:\/\/vosgesinfo.fr\/saintdieinfo\/?s={search_term_string}"},"query-input":"required name=search_term_string"}],"inLanguage":"fr-FR"},{"@type":"Organization","@id":"https:\/\/vosgesinfo.fr\/saintdieinfo\/#organization","name":"Saint Die Info","url":"https:\/\/vosgesinfo.fr\/saintdieinfo\/","logo":{"@type":"ImageObject","inLanguage":"fr-FR","@id":"https:\/\/vosgesinfo.fr\/saintdieinfo\/#\/schema\/logo\/image\/","url":"https:\/\/vosgesinfo.fr\/app\/uploads\/sites\/4\/2024\/02\/logo-sdi.jpg","contentUrl":"https:\/\/vosgesinfo.fr\/app\/uploads\/sites\/4\/2024\/02\/logo-sdi.jpg","width":600,"height":600,"caption":"Saint Die Info"},"image":{"@id":"https:\/\/vosgesinfo.fr\/saintdieinfo\/#\/schema\/logo\/image\/"},"sameAs":["https:\/\/www.facebook.com\/Saintdieinfofr","https:\/\/x.com\/VosgesInfo88","https:\/\/www.youtube.com\/@vosgesinfo"]},{"@type":"Person","@id":"https:\/\/vosgesinfo.fr\/saintdieinfo\/#\/schema\/person\/27a3695b06db98895b354c0765cdfc31","name":"La redaction","image":{"@type":"ImageObject","inLanguage":"fr-FR","@id":"https:\/\/vosgesinfo.fr\/saintdieinfo\/#\/schema\/person\/image\/","url":"https:\/\/secure.gravatar.com\/avatar\/64c76a78e501cedee55736f43f332df901e1896ae9cd8fad269ae2236dd0e8b6?s=96&d=mm&r=g","contentUrl":"https:\/\/secure.gravatar.com\/avatar\/64c76a78e501cedee55736f43f332df901e1896ae9cd8fad269ae2236dd0e8b6?s=96&d=mm&r=g","caption":"La redaction"},"url":"https:\/\/vosgesinfo.fr\/saintdieinfo\/author\/la-redaction\/"}]}},"_links":{"self":[{"href":"https:\/\/vosgesinfo.fr\/saintdieinfo\/wp-json\/wp\/v2\/posts\/82020","targetHints":{"allow":["GET"]}}],"collection":[{"href":"https:\/\/vosgesinfo.fr\/saintdieinfo\/wp-json\/wp\/v2\/posts"}],"about":[{"href":"https:\/\/vosgesinfo.fr\/saintdieinfo\/wp-json\/wp\/v2\/types\/post"}],"author":[{"embeddable":true,"href":"https:\/\/vosgesinfo.fr\/saintdieinfo\/wp-json\/wp\/v2\/users\/391"}],"replies":[{"embeddable":true,"href":"https:\/\/vosgesinfo.fr\/saintdieinfo\/wp-json\/wp\/v2\/comments?post=82020"}],"version-history":[{"count":0,"href":"https:\/\/vosgesinfo.fr\/saintdieinfo\/wp-json\/wp\/v2\/posts\/82020\/revisions"}],"wp:featuredmedia":[{"embeddable":true,"href":"https:\/\/vosgesinfo.fr\/saintdieinfo\/wp-json\/wp\/v2\/media\/82021"}],"wp:attachment":[{"href":"https:\/\/vosgesinfo.fr\/saintdieinfo\/wp-json\/wp\/v2\/media?parent=82020"}],"wp:term":[{"taxonomy":"category","embeddable":true,"href":"https:\/\/vosgesinfo.fr\/saintdieinfo\/wp-json\/wp\/v2\/categories?post=82020"},{"taxonomy":"post_tag","embeddable":true,"href":"https:\/\/vosgesinfo.fr\/saintdieinfo\/wp-json\/wp\/v2\/tags?post=82020"}],"curies":[{"name":"wp","href":"https:\/\/api.w.org\/{rel}","templated":true}]}}