{"id":82024,"date":"2025-09-11T14:00:05","date_gmt":"2025-09-11T12:00:05","guid":{"rendered":"https:\/\/vosgesinfo.fr\/saintdieinfo\/?p=82024"},"modified":"2025-09-11T13:44:55","modified_gmt":"2025-09-11T11:44:55","slug":"rappel-la-2e-division-dinfanterie-motorisee-au-coeur-dune-conference-a-saint-die-des-vosges","status":"publish","type":"post","link":"https:\/\/vosgesinfo.fr\/saintdieinfo\/2025\/09\/rappel-la-2e-division-dinfanterie-motorisee-au-coeur-dune-conference-a-saint-die-des-vosges\/","title":{"rendered":"Rappel \u2013  La 2e Division d\u2019Infanterie Motoris\u00e9e au c\u0153ur d\u2019une conf\u00e9rence \u00e0 Saint-Di\u00e9-des-Vosges"},"content":{"rendered":"<div id=\"attachment_81564\" style=\"width: 1034px\" class=\"wp-caption alignnone\"><a href=\"https:\/\/vosgesinfo.fr\/app\/uploads\/sites\/4\/2025\/09\/soldats-152e-regiment-infanterie-motorisee-algerie.jpg\"><img decoding=\"async\" aria-describedby=\"caption-attachment-81564\" class=\"size-large wp-image-81564\" src=\"https:\/\/vosgesinfo.fr\/app\/uploads\/sites\/4\/2025\/09\/soldats-152e-regiment-infanterie-motorisee-algerie-1024x593.jpg\" alt=\"\" width=\"1024\" height=\"593\" srcset=\"https:\/\/vosgesinfo.fr\/app\/uploads\/sites\/4\/2025\/09\/soldats-152e-regiment-infanterie-motorisee-algerie-1024x593.jpg 1024w, https:\/\/vosgesinfo.fr\/app\/uploads\/sites\/4\/2025\/09\/soldats-152e-regiment-infanterie-motorisee-algerie-300x174.jpg 300w, https:\/\/vosgesinfo.fr\/app\/uploads\/sites\/4\/2025\/09\/soldats-152e-regiment-infanterie-motorisee-algerie-768x445.jpg 768w, https:\/\/vosgesinfo.fr\/app\/uploads\/sites\/4\/2025\/09\/soldats-152e-regiment-infanterie-motorisee-algerie.jpg 1247w\" sizes=\"(max-width: 1024px) 100vw, 1024px\" \/><\/a><p id=\"caption-attachment-81564\" class=\"wp-caption-text\">Soldats du 152e R\u00e9giment d&rsquo;Infanterie Motoris\u00e9e en Alg\u00e9rie (cf. Les Diables Rouges &#8211; 152e R\u00e9giment d&rsquo;Infanterie)<\/p><\/div>\n<h2>Pour rappel, ce samedi <strong>13 septembre<\/strong>, le <strong>mus\u00e9e Pierre-No\u00ebl<\/strong> accueillera \u00e0 <strong>14h30<\/strong> une conf\u00e9rence historique intitul\u00e9e <strong>\u00ab La 2e Division d\u2019Infanterie Motoris\u00e9e en Alg\u00e9rie, 1955-1962 \u00bb<\/strong>. <strong>Entr\u00e9e libre.<\/strong><\/h2>\n<p>Dans le cadre du <strong>70e anniversaire<\/strong> de l\u2019engagement de la division, <strong>Axel Balland<\/strong>, historien et animateur de la commission Temps de Guerre de la Soci\u00e9t\u00e9 Philomatique Vosgienne, reviendra sur les op\u00e9rations men\u00e9es par les unit\u00e9s : <strong>26e, 151e, 152e et 153e R\u00e9giment d\u2019Infanterie Motoris\u00e9e<\/strong>, <strong>16e et 31e R\u00e9giment de Dragons<\/strong>, <strong>8e R\u00e9giment d\u2019Artillerie<\/strong> et <strong>52e Bataillon des Services<\/strong>. Il pr\u00e9sentera \u00e9galement l\u2019adaptation de la division au terrain alg\u00e9rien, notamment avec la cr\u00e9ation des <strong>commandos de chasse d\u00e8s 1959<\/strong>.<\/p>\n<p>La 2e DIM comptait une majorit\u00e9 d\u2019hommes venus de <strong>Lorraine et d\u2019Alsace<\/strong>. Lors de la conf\u00e9rence, Axel Balland \u00e9voquera notamment la vie quotidienne des militaires, le parcours de plusieurs soldats <strong>originaires des Vosges<\/strong>, ainsi que l\u2019ann\u00e9e <strong>1962 et ses suites<\/strong>. Quelques <strong>objets historiques<\/strong> viendront illustrer la pr\u00e9sentation.<\/p>\n<p>Cette conf\u00e9rence sera suivie d\u2019une <strong>visite comment\u00e9e<\/strong> de l\u2019exposition <em>\u00ab La Philomatique de mus\u00e9es en mus\u00e9e \u00bb<\/em>.<\/p>\n","protected":false},"excerpt":{"rendered":"<p>Pour rappel, ce samedi 13 septembre, le mus\u00e9e Pierre-No\u00ebl accueillera \u00e0 14h30 une conf\u00e9rence historique intitul\u00e9e \u00ab La 2e Division [&hellip;]<\/p>\n","protected":false},"author":46,"featured_media":81564,"comment_status":"open","ping_status":"open","sticky":false,"template":"","format":"standard","meta":{"footnotes":""},"categories":[3900,7847,2915],"tags":[4352,15266,3333,3215],"class_list":["post-82024","post","type-post","status-publish","format-standard","has-post-thumbnail","hentry","category-breves","category-art-culture","category-saint-die-son-canton","tag-axel-balland","tag-guerre-dalgerie","tag-musee-pierre-noel","tag-societe-philomatique-vosgienne"],"acf":[],"yoast_head":"<!-- This site is optimized with the Yoast SEO plugin v22.5 - https:\/\/yoast.com\/wordpress\/plugins\/seo\/ -->\n<title>Rappel \u2013 La 2e Division d\u2019Infanterie Motoris\u00e9e au c\u0153ur d\u2019une conf\u00e9rence \u00e0 Saint-Di\u00e9-des-Vosges - Saint Die Info<\/title>\n<meta name=\"robots\" content=\"index, follow, max-snippet:-1, max-image-preview:large, max-video-preview:-1\" \/>\n<link rel=\"canonical\" href=\"https:\/\/vosgesinfo.fr\/saintdieinfo\/2025\/09\/rappel-la-2e-division-dinfanterie-motorisee-au-coeur-dune-conference-a-saint-die-des-vosges\/\" \/>\n<meta name=\"twitter:card\" content=\"summary_large_image\" \/>\n<meta name=\"twitter:title\" content=\"Rappel \u2013 La 2e Division d\u2019Infanterie Motoris\u00e9e au c\u0153ur d\u2019une conf\u00e9rence \u00e0 Saint-Di\u00e9-des-Vosges - Saint Die Info\" \/>\n<meta name=\"twitter:description\" content=\"Pour rappel, ce samedi 13 septembre, le mus\u00e9e Pierre-No\u00ebl accueillera \u00e0 14h30 une conf\u00e9rence historique intitul\u00e9e \u00ab La 2e Division [&hellip;]\" \/>\n<meta name=\"twitter:image\" content=\"https:\/\/vosgesinfo.fr\/app\/uploads\/sites\/4\/2025\/09\/soldats-152e-regiment-infanterie-motorisee-algerie.jpg\" \/>\n<meta name=\"twitter:creator\" content=\"@VosgesInfo88\" \/>\n<meta name=\"twitter:site\" content=\"@VosgesInfo88\" \/>\n<meta name=\"twitter:label1\" content=\"\u00c9crit par\" \/>\n\t<meta name=\"twitter:data1\" content=\"J.J.\" \/>\n\t<meta name=\"twitter:label2\" content=\"Dur\u00e9e de lecture estim\u00e9e\" \/>\n\t<meta name=\"twitter:data2\" content=\"1 minute\" \/>\n<script type=\"application\/ld+json\" class=\"yoast-schema-graph\">{\"@context\":\"https:\/\/schema.org\",\"@graph\":[{\"@type\":\"Article\",\"@id\":\"https:\/\/vosgesinfo.fr\/saintdieinfo\/2025\/09\/rappel-la-2e-division-dinfanterie-motorisee-au-coeur-dune-conference-a-saint-die-des-vosges\/#article\",\"isPartOf\":{\"@id\":\"https:\/\/vosgesinfo.fr\/saintdieinfo\/2025\/09\/rappel-la-2e-division-dinfanterie-motorisee-au-coeur-dune-conference-a-saint-die-des-vosges\/\"},\"author\":{\"name\":\"J.J.\",\"@id\":\"https:\/\/vosgesinfo.fr\/saintdieinfo\/#\/schema\/person\/fa73e9f726d67bb88f46d5b7943cb572\"},\"headline\":\"Rappel \u2013 La 2e Division d\u2019Infanterie Motoris\u00e9e au c\u0153ur d\u2019une conf\u00e9rence \u00e0 Saint-Di\u00e9-des-Vosges\",\"datePublished\":\"2025-09-11T12:00:05+00:00\",\"dateModified\":\"2025-09-11T11:44:55+00:00\",\"mainEntityOfPage\":{\"@id\":\"https:\/\/vosgesinfo.fr\/saintdieinfo\/2025\/09\/rappel-la-2e-division-dinfanterie-motorisee-au-coeur-dune-conference-a-saint-die-des-vosges\/\"},\"wordCount\":243,\"commentCount\":0,\"publisher\":{\"@id\":\"https:\/\/vosgesinfo.fr\/saintdieinfo\/#organization\"},\"image\":{\"@id\":\"https:\/\/vosgesinfo.fr\/saintdieinfo\/2025\/09\/rappel-la-2e-division-dinfanterie-motorisee-au-coeur-dune-conference-a-saint-die-des-vosges\/#primaryimage\"},\"thumbnailUrl\":\"https:\/\/vosgesinfo.fr\/app\/uploads\/sites\/4\/2025\/09\/soldats-152e-regiment-infanterie-motorisee-algerie.jpg\",\"keywords\":[\"Axel Balland\",\"Guerre d'Alg\u00e9rie\",\"Mus\u00e9e Pierre-No\u00ebl\",\"Soci\u00e9t\u00e9 Philomatique Vosgienne\"],\"articleSection\":[\"Br\u00e8ves\",\"Culture\",\"Saint-Di\u00e9-des-Vosges et son Agglom\u00e9ration\"],\"inLanguage\":\"fr-FR\",\"potentialAction\":[{\"@type\":\"CommentAction\",\"name\":\"Comment\",\"target\":[\"https:\/\/vosgesinfo.fr\/saintdieinfo\/2025\/09\/rappel-la-2e-division-dinfanterie-motorisee-au-coeur-dune-conference-a-saint-die-des-vosges\/#respond\"]}]},{\"@type\":\"WebPage\",\"@id\":\"https:\/\/vosgesinfo.fr\/saintdieinfo\/2025\/09\/rappel-la-2e-division-dinfanterie-motorisee-au-coeur-dune-conference-a-saint-die-des-vosges\/\",\"url\":\"https:\/\/vosgesinfo.fr\/saintdieinfo\/2025\/09\/rappel-la-2e-division-dinfanterie-motorisee-au-coeur-dune-conference-a-saint-die-des-vosges\/\",\"name\":\"Rappel \u2013 La 2e Division d\u2019Infanterie Motoris\u00e9e au c\u0153ur d\u2019une conf\u00e9rence \u00e0 Saint-Di\u00e9-des-Vosges - Saint Die Info\",\"isPartOf\":{\"@id\":\"https:\/\/vosgesinfo.fr\/saintdieinfo\/#website\"},\"primaryImageOfPage\":{\"@id\":\"https:\/\/vosgesinfo.fr\/saintdieinfo\/2025\/09\/rappel-la-2e-division-dinfanterie-motorisee-au-coeur-dune-conference-a-saint-die-des-vosges\/#primaryimage\"},\"image\":{\"@id\":\"https:\/\/vosgesinfo.fr\/saintdieinfo\/2025\/09\/rappel-la-2e-division-dinfanterie-motorisee-au-coeur-dune-conference-a-saint-die-des-vosges\/#primaryimage\"},\"thumbnailUrl\":\"https:\/\/vosgesinfo.fr\/app\/uploads\/sites\/4\/2025\/09\/soldats-152e-regiment-infanterie-motorisee-algerie.jpg\",\"datePublished\":\"2025-09-11T12:00:05+00:00\",\"dateModified\":\"2025-09-11T11:44:55+00:00\",\"breadcrumb\":{\"@id\":\"https:\/\/vosgesinfo.fr\/saintdieinfo\/2025\/09\/rappel-la-2e-division-dinfanterie-motorisee-au-coeur-dune-conference-a-saint-die-des-vosges\/#breadcrumb\"},\"inLanguage\":\"fr-FR\",\"potentialAction\":[{\"@type\":\"ReadAction\",\"target\":[\"https:\/\/vosgesinfo.fr\/saintdieinfo\/2025\/09\/rappel-la-2e-division-dinfanterie-motorisee-au-coeur-dune-conference-a-saint-die-des-vosges\/\"]}]},{\"@type\":\"ImageObject\",\"inLanguage\":\"fr-FR\",\"@id\":\"https:\/\/vosgesinfo.fr\/saintdieinfo\/2025\/09\/rappel-la-2e-division-dinfanterie-motorisee-au-coeur-dune-conference-a-saint-die-des-vosges\/#primaryimage\",\"url\":\"https:\/\/vosgesinfo.fr\/app\/uploads\/sites\/4\/2025\/09\/soldats-152e-regiment-infanterie-motorisee-algerie.jpg\",\"contentUrl\":\"https:\/\/vosgesinfo.fr\/app\/uploads\/sites\/4\/2025\/09\/soldats-152e-regiment-infanterie-motorisee-algerie.jpg\",\"width\":1247,\"height\":722,\"caption\":\"Soldats du 152e R\u00e9giment d'Infanterie Motoris\u00e9e en Alg\u00e9rie (cf. Les Diables Rouges - 152e R\u00e9giment d'Infanterie)\"},{\"@type\":\"BreadcrumbList\",\"@id\":\"https:\/\/vosgesinfo.fr\/saintdieinfo\/2025\/09\/rappel-la-2e-division-dinfanterie-motorisee-au-coeur-dune-conference-a-saint-die-des-vosges\/#breadcrumb\",\"itemListElement\":[{\"@type\":\"ListItem\",\"position\":1,\"name\":\"Home\",\"item\":\"https:\/\/vosgesinfo.fr\/saintdieinfo\/\"},{\"@type\":\"ListItem\",\"position\":2,\"name\":\"Rappel \u2013 La 2e Division d\u2019Infanterie Motoris\u00e9e au c\u0153ur d\u2019une conf\u00e9rence \u00e0 Saint-Di\u00e9-des-Vosges\"}]},{\"@type\":\"WebSite\",\"@id\":\"https:\/\/vosgesinfo.fr\/saintdieinfo\/#website\",\"url\":\"https:\/\/vosgesinfo.fr\/saintdieinfo\/\",\"name\":\"Saint Die Info\",\"description\":\"Toute l&#039;actualit\u00e9 de Saint-Di\u00e9-Des-Vosges\",\"publisher\":{\"@id\":\"https:\/\/vosgesinfo.fr\/saintdieinfo\/#organization\"},\"alternateName\":\"Toute l'actualit\u00e9 de Saint-Di\u00e9-Des-Vosges\",\"potentialAction\":[{\"@type\":\"SearchAction\",\"target\":{\"@type\":\"EntryPoint\",\"urlTemplate\":\"https:\/\/vosgesinfo.fr\/saintdieinfo\/?s={search_term_string}\"},\"query-input\":\"required name=search_term_string\"}],\"inLanguage\":\"fr-FR\"},{\"@type\":\"Organization\",\"@id\":\"https:\/\/vosgesinfo.fr\/saintdieinfo\/#organization\",\"name\":\"Saint Die Info\",\"url\":\"https:\/\/vosgesinfo.fr\/saintdieinfo\/\",\"logo\":{\"@type\":\"ImageObject\",\"inLanguage\":\"fr-FR\",\"@id\":\"https:\/\/vosgesinfo.fr\/saintdieinfo\/#\/schema\/logo\/image\/\",\"url\":\"https:\/\/vosgesinfo.fr\/app\/uploads\/sites\/4\/2024\/02\/logo-sdi.jpg\",\"contentUrl\":\"https:\/\/vosgesinfo.fr\/app\/uploads\/sites\/4\/2024\/02\/logo-sdi.jpg\",\"width\":600,\"height\":600,\"caption\":\"Saint Die Info\"},\"image\":{\"@id\":\"https:\/\/vosgesinfo.fr\/saintdieinfo\/#\/schema\/logo\/image\/\"},\"sameAs\":[\"https:\/\/www.facebook.com\/Saintdieinfofr\",\"https:\/\/x.com\/VosgesInfo88\",\"https:\/\/www.youtube.com\/@vosgesinfo\"]},{\"@type\":\"Person\",\"@id\":\"https:\/\/vosgesinfo.fr\/saintdieinfo\/#\/schema\/person\/fa73e9f726d67bb88f46d5b7943cb572\",\"name\":\"J.J.\",\"image\":{\"@type\":\"ImageObject\",\"inLanguage\":\"fr-FR\",\"@id\":\"https:\/\/vosgesinfo.fr\/saintdieinfo\/#\/schema\/person\/image\/\",\"url\":\"https:\/\/secure.gravatar.com\/avatar\/219e749e47ffbcca018a360ae4add7d4cdf1cdaaf8bc7676b27efade3fe65615?s=96&d=mm&r=g\",\"contentUrl\":\"https:\/\/secure.gravatar.com\/avatar\/219e749e47ffbcca018a360ae4add7d4cdf1cdaaf8bc7676b27efade3fe65615?s=96&d=mm&r=g\",\"caption\":\"J.J.\"},\"url\":\"https:\/\/vosgesinfo.fr\/saintdieinfo\/author\/j-j\/\"}]}<\/script>\n<!-- \/ Yoast SEO plugin. -->","yoast_head_json":{"title":"Rappel \u2013 La 2e Division d\u2019Infanterie Motoris\u00e9e au c\u0153ur d\u2019une conf\u00e9rence \u00e0 Saint-Di\u00e9-des-Vosges - Saint Die Info","robots":{"index":"index","follow":"follow","max-snippet":"max-snippet:-1","max-image-preview":"max-image-preview:large","max-video-preview":"max-video-preview:-1"},"canonical":"https:\/\/vosgesinfo.fr\/saintdieinfo\/2025\/09\/rappel-la-2e-division-dinfanterie-motorisee-au-coeur-dune-conference-a-saint-die-des-vosges\/","twitter_card":"summary_large_image","twitter_title":"Rappel \u2013 La 2e Division d\u2019Infanterie Motoris\u00e9e au c\u0153ur d\u2019une conf\u00e9rence \u00e0 Saint-Di\u00e9-des-Vosges - Saint Die Info","twitter_description":"Pour rappel, ce samedi 13 septembre, le mus\u00e9e Pierre-No\u00ebl accueillera \u00e0 14h30 une conf\u00e9rence historique intitul\u00e9e \u00ab La 2e Division [&hellip;]","twitter_image":"https:\/\/vosgesinfo.fr\/app\/uploads\/sites\/4\/2025\/09\/soldats-152e-regiment-infanterie-motorisee-algerie.jpg","twitter_creator":"@VosgesInfo88","twitter_site":"@VosgesInfo88","twitter_misc":{"\u00c9crit par":"J.J.","Dur\u00e9e de lecture estim\u00e9e":"1 minute"},"schema":{"@context":"https:\/\/schema.org","@graph":[{"@type":"Article","@id":"https:\/\/vosgesinfo.fr\/saintdieinfo\/2025\/09\/rappel-la-2e-division-dinfanterie-motorisee-au-coeur-dune-conference-a-saint-die-des-vosges\/#article","isPartOf":{"@id":"https:\/\/vosgesinfo.fr\/saintdieinfo\/2025\/09\/rappel-la-2e-division-dinfanterie-motorisee-au-coeur-dune-conference-a-saint-die-des-vosges\/"},"author":{"name":"J.J.","@id":"https:\/\/vosgesinfo.fr\/saintdieinfo\/#\/schema\/person\/fa73e9f726d67bb88f46d5b7943cb572"},"headline":"Rappel \u2013 La 2e Division d\u2019Infanterie Motoris\u00e9e au c\u0153ur d\u2019une conf\u00e9rence \u00e0 Saint-Di\u00e9-des-Vosges","datePublished":"2025-09-11T12:00:05+00:00","dateModified":"2025-09-11T11:44:55+00:00","mainEntityOfPage":{"@id":"https:\/\/vosgesinfo.fr\/saintdieinfo\/2025\/09\/rappel-la-2e-division-dinfanterie-motorisee-au-coeur-dune-conference-a-saint-die-des-vosges\/"},"wordCount":243,"commentCount":0,"publisher":{"@id":"https:\/\/vosgesinfo.fr\/saintdieinfo\/#organization"},"image":{"@id":"https:\/\/vosgesinfo.fr\/saintdieinfo\/2025\/09\/rappel-la-2e-division-dinfanterie-motorisee-au-coeur-dune-conference-a-saint-die-des-vosges\/#primaryimage"},"thumbnailUrl":"https:\/\/vosgesinfo.fr\/app\/uploads\/sites\/4\/2025\/09\/soldats-152e-regiment-infanterie-motorisee-algerie.jpg","keywords":["Axel Balland","Guerre d'Alg\u00e9rie","Mus\u00e9e Pierre-No\u00ebl","Soci\u00e9t\u00e9 Philomatique Vosgienne"],"articleSection":["Br\u00e8ves","Culture","Saint-Di\u00e9-des-Vosges et son Agglom\u00e9ration"],"inLanguage":"fr-FR","potentialAction":[{"@type":"CommentAction","name":"Comment","target":["https:\/\/vosgesinfo.fr\/saintdieinfo\/2025\/09\/rappel-la-2e-division-dinfanterie-motorisee-au-coeur-dune-conference-a-saint-die-des-vosges\/#respond"]}]},{"@type":"WebPage","@id":"https:\/\/vosgesinfo.fr\/saintdieinfo\/2025\/09\/rappel-la-2e-division-dinfanterie-motorisee-au-coeur-dune-conference-a-saint-die-des-vosges\/","url":"https:\/\/vosgesinfo.fr\/saintdieinfo\/2025\/09\/rappel-la-2e-division-dinfanterie-motorisee-au-coeur-dune-conference-a-saint-die-des-vosges\/","name":"Rappel \u2013 La 2e Division d\u2019Infanterie Motoris\u00e9e au c\u0153ur d\u2019une conf\u00e9rence \u00e0 Saint-Di\u00e9-des-Vosges - Saint Die Info","isPartOf":{"@id":"https:\/\/vosgesinfo.fr\/saintdieinfo\/#website"},"primaryImageOfPage":{"@id":"https:\/\/vosgesinfo.fr\/saintdieinfo\/2025\/09\/rappel-la-2e-division-dinfanterie-motorisee-au-coeur-dune-conference-a-saint-die-des-vosges\/#primaryimage"},"image":{"@id":"https:\/\/vosgesinfo.fr\/saintdieinfo\/2025\/09\/rappel-la-2e-division-dinfanterie-motorisee-au-coeur-dune-conference-a-saint-die-des-vosges\/#primaryimage"},"thumbnailUrl":"https:\/\/vosgesinfo.fr\/app\/uploads\/sites\/4\/2025\/09\/soldats-152e-regiment-infanterie-motorisee-algerie.jpg","datePublished":"2025-09-11T12:00:05+00:00","dateModified":"2025-09-11T11:44:55+00:00","breadcrumb":{"@id":"https:\/\/vosgesinfo.fr\/saintdieinfo\/2025\/09\/rappel-la-2e-division-dinfanterie-motorisee-au-coeur-dune-conference-a-saint-die-des-vosges\/#breadcrumb"},"inLanguage":"fr-FR","potentialAction":[{"@type":"ReadAction","target":["https:\/\/vosgesinfo.fr\/saintdieinfo\/2025\/09\/rappel-la-2e-division-dinfanterie-motorisee-au-coeur-dune-conference-a-saint-die-des-vosges\/"]}]},{"@type":"ImageObject","inLanguage":"fr-FR","@id":"https:\/\/vosgesinfo.fr\/saintdieinfo\/2025\/09\/rappel-la-2e-division-dinfanterie-motorisee-au-coeur-dune-conference-a-saint-die-des-vosges\/#primaryimage","url":"https:\/\/vosgesinfo.fr\/app\/uploads\/sites\/4\/2025\/09\/soldats-152e-regiment-infanterie-motorisee-algerie.jpg","contentUrl":"https:\/\/vosgesinfo.fr\/app\/uploads\/sites\/4\/2025\/09\/soldats-152e-regiment-infanterie-motorisee-algerie.jpg","width":1247,"height":722,"caption":"Soldats du 152e R\u00e9giment d'Infanterie Motoris\u00e9e en Alg\u00e9rie (cf. Les Diables Rouges - 152e R\u00e9giment d'Infanterie)"},{"@type":"BreadcrumbList","@id":"https:\/\/vosgesinfo.fr\/saintdieinfo\/2025\/09\/rappel-la-2e-division-dinfanterie-motorisee-au-coeur-dune-conference-a-saint-die-des-vosges\/#breadcrumb","itemListElement":[{"@type":"ListItem","position":1,"name":"Home","item":"https:\/\/vosgesinfo.fr\/saintdieinfo\/"},{"@type":"ListItem","position":2,"name":"Rappel \u2013 La 2e Division d\u2019Infanterie Motoris\u00e9e au c\u0153ur d\u2019une conf\u00e9rence \u00e0 Saint-Di\u00e9-des-Vosges"}]},{"@type":"WebSite","@id":"https:\/\/vosgesinfo.fr\/saintdieinfo\/#website","url":"https:\/\/vosgesinfo.fr\/saintdieinfo\/","name":"Saint Die Info","description":"Toute l&#039;actualit\u00e9 de Saint-Di\u00e9-Des-Vosges","publisher":{"@id":"https:\/\/vosgesinfo.fr\/saintdieinfo\/#organization"},"alternateName":"Toute l'actualit\u00e9 de Saint-Di\u00e9-Des-Vosges","potentialAction":[{"@type":"SearchAction","target":{"@type":"EntryPoint","urlTemplate":"https:\/\/vosgesinfo.fr\/saintdieinfo\/?s={search_term_string}"},"query-input":"required name=search_term_string"}],"inLanguage":"fr-FR"},{"@type":"Organization","@id":"https:\/\/vosgesinfo.fr\/saintdieinfo\/#organization","name":"Saint Die Info","url":"https:\/\/vosgesinfo.fr\/saintdieinfo\/","logo":{"@type":"ImageObject","inLanguage":"fr-FR","@id":"https:\/\/vosgesinfo.fr\/saintdieinfo\/#\/schema\/logo\/image\/","url":"https:\/\/vosgesinfo.fr\/app\/uploads\/sites\/4\/2024\/02\/logo-sdi.jpg","contentUrl":"https:\/\/vosgesinfo.fr\/app\/uploads\/sites\/4\/2024\/02\/logo-sdi.jpg","width":600,"height":600,"caption":"Saint Die Info"},"image":{"@id":"https:\/\/vosgesinfo.fr\/saintdieinfo\/#\/schema\/logo\/image\/"},"sameAs":["https:\/\/www.facebook.com\/Saintdieinfofr","https:\/\/x.com\/VosgesInfo88","https:\/\/www.youtube.com\/@vosgesinfo"]},{"@type":"Person","@id":"https:\/\/vosgesinfo.fr\/saintdieinfo\/#\/schema\/person\/fa73e9f726d67bb88f46d5b7943cb572","name":"J.J.","image":{"@type":"ImageObject","inLanguage":"fr-FR","@id":"https:\/\/vosgesinfo.fr\/saintdieinfo\/#\/schema\/person\/image\/","url":"https:\/\/secure.gravatar.com\/avatar\/219e749e47ffbcca018a360ae4add7d4cdf1cdaaf8bc7676b27efade3fe65615?s=96&d=mm&r=g","contentUrl":"https:\/\/secure.gravatar.com\/avatar\/219e749e47ffbcca018a360ae4add7d4cdf1cdaaf8bc7676b27efade3fe65615?s=96&d=mm&r=g","caption":"J.J."},"url":"https:\/\/vosgesinfo.fr\/saintdieinfo\/author\/j-j\/"}]}},"_links":{"self":[{"href":"https:\/\/vosgesinfo.fr\/saintdieinfo\/wp-json\/wp\/v2\/posts\/82024","targetHints":{"allow":["GET"]}}],"collection":[{"href":"https:\/\/vosgesinfo.fr\/saintdieinfo\/wp-json\/wp\/v2\/posts"}],"about":[{"href":"https:\/\/vosgesinfo.fr\/saintdieinfo\/wp-json\/wp\/v2\/types\/post"}],"author":[{"embeddable":true,"href":"https:\/\/vosgesinfo.fr\/saintdieinfo\/wp-json\/wp\/v2\/users\/46"}],"replies":[{"embeddable":true,"href":"https:\/\/vosgesinfo.fr\/saintdieinfo\/wp-json\/wp\/v2\/comments?post=82024"}],"version-history":[{"count":1,"href":"https:\/\/vosgesinfo.fr\/saintdieinfo\/wp-json\/wp\/v2\/posts\/82024\/revisions"}],"predecessor-version":[{"id":82025,"href":"https:\/\/vosgesinfo.fr\/saintdieinfo\/wp-json\/wp\/v2\/posts\/82024\/revisions\/82025"}],"wp:featuredmedia":[{"embeddable":true,"href":"https:\/\/vosgesinfo.fr\/saintdieinfo\/wp-json\/wp\/v2\/media\/81564"}],"wp:attachment":[{"href":"https:\/\/vosgesinfo.fr\/saintdieinfo\/wp-json\/wp\/v2\/media?parent=82024"}],"wp:term":[{"taxonomy":"category","embeddable":true,"href":"https:\/\/vosgesinfo.fr\/saintdieinfo\/wp-json\/wp\/v2\/categories?post=82024"},{"taxonomy":"post_tag","embeddable":true,"href":"https:\/\/vosgesinfo.fr\/saintdieinfo\/wp-json\/wp\/v2\/tags?post=82024"}],"curies":[{"name":"wp","href":"https:\/\/api.w.org\/{rel}","templated":true}]}}