{"id":82026,"date":"2025-09-11T17:40:46","date_gmt":"2025-09-11T15:40:46","guid":{"rendered":"https:\/\/vosgesinfo.fr\/saintdieinfo\/?p=82026"},"modified":"2025-09-11T17:24:10","modified_gmt":"2025-09-11T15:24:10","slug":"ban-de-laveline-le-maire-sortant-stephane-demange-brigue-un-troisieme-mandat","status":"publish","type":"post","link":"https:\/\/vosgesinfo.fr\/saintdieinfo\/2025\/09\/ban-de-laveline-le-maire-sortant-stephane-demange-brigue-un-troisieme-mandat\/","title":{"rendered":"Ban-de-Laveline \u2013 Le maire sortant St\u00e9phane Demange brigue un troisi\u00e8me mandat"},"content":{"rendered":"<div id=\"attachment_49469\" style=\"width: 564px\" class=\"wp-caption alignnone\"><a href=\"https:\/\/vosgesinfo.fr\/app\/uploads\/sites\/4\/2024\/08\/202201stephane-demange-cd88-01-1.jpg\"><img decoding=\"async\" aria-describedby=\"caption-attachment-49469\" class=\"size-full wp-image-49469\" src=\"https:\/\/vosgesinfo.fr\/app\/uploads\/sites\/4\/2024\/08\/202201stephane-demange-cd88-01-1.jpg\" alt=\"\" width=\"554\" height=\"437\" srcset=\"https:\/\/vosgesinfo.fr\/app\/uploads\/sites\/4\/2024\/08\/202201stephane-demange-cd88-01-1.jpg 554w, https:\/\/vosgesinfo.fr\/app\/uploads\/sites\/4\/2024\/08\/202201stephane-demange-cd88-01-1-300x237.jpg 300w\" sizes=\"(max-width: 554px) 100vw, 554px\" \/><\/a><p id=\"caption-attachment-49469\" class=\"wp-caption-text\">(Archive)<\/p><\/div>\n<h2>Maire de <strong>Ban-de-Laveline<\/strong>, <strong>St\u00e9phane Demange<\/strong> a officialis\u00e9 sa candidature \u00e0 sa succession pour les <strong>\u00e9lections municipales des 15 et 22 mars 2026<\/strong>.<\/h2>\n<p><!--more--><\/p>\n<p>\u00c9lu <strong>adjoint en 2008<\/strong> puis <strong>maire en 2014<\/strong>, <strong>r\u00e9\u00e9lu en 2020<\/strong>, St\u00e9phane Demange briguera un nouveau mandat \u00e0 la t\u00eate d\u2019une \u00e9quipe partiellement renouvel\u00e9e, sous la banni\u00e8re <strong>\u00ab Ensemble pour Ban-de-Laveline \u00bb<\/strong>. Son ambition est de <strong>poursuivre les projets engag\u00e9s<\/strong> tout en lan\u00e7ant de nouvelles initiatives, dans un esprit d\u2019ouverture et de stabilit\u00e9.<\/p>\n<p>\u00ab La liste \u201cEnsemble pour Ban-de-Laveline\u201d aura pour seul parti, <strong data-start=\"738\" data-end=\"778\">le parti de la d\u00e9fense de la commune<\/strong>, \u00e0 laquelle je suis profond\u00e9ment attach\u00e9, <strong data-start=\"821\" data-end=\"848\">et celui de la ruralit\u00e9<\/strong> \u00bb, souligne le maire lavelinois.<\/p>\n","protected":false},"excerpt":{"rendered":"<p>Maire de Ban-de-Laveline, St\u00e9phane Demange a officialis\u00e9 sa candidature \u00e0 sa succession pour les \u00e9lections municipales des 15 et 22 [&hellip;]<\/p>\n","protected":false},"author":46,"featured_media":49469,"comment_status":"open","ping_status":"open","sticky":false,"template":"","format":"standard","meta":{"footnotes":""},"categories":[460,3903,10],"tags":[271,18131,4083],"class_list":["post-82026","post","type-post","status-publish","format-standard","has-post-thumbnail","hentry","category-a-la-une","category-deodatie","category-politique","tag-ban-de-laveline","tag-elections-municipales-2026","tag-stephane-demange"],"acf":[],"yoast_head":"<!-- This site is optimized with the Yoast SEO plugin v22.5 - https:\/\/yoast.com\/wordpress\/plugins\/seo\/ -->\n<title>Ban-de-Laveline \u2013 Le maire sortant St\u00e9phane Demange brigue un troisi\u00e8me mandat - Saint Die Info<\/title>\n<meta name=\"robots\" content=\"index, follow, max-snippet:-1, max-image-preview:large, max-video-preview:-1\" \/>\n<link rel=\"canonical\" href=\"https:\/\/vosgesinfo.fr\/saintdieinfo\/2025\/09\/ban-de-laveline-le-maire-sortant-stephane-demange-brigue-un-troisieme-mandat\/\" \/>\n<meta name=\"twitter:card\" content=\"summary_large_image\" \/>\n<meta name=\"twitter:title\" content=\"Ban-de-Laveline \u2013 Le maire sortant St\u00e9phane Demange brigue un troisi\u00e8me mandat - Saint Die Info\" \/>\n<meta name=\"twitter:description\" content=\"Maire de Ban-de-Laveline, St\u00e9phane Demange a officialis\u00e9 sa candidature \u00e0 sa succession pour les \u00e9lections municipales des 15 et 22 [&hellip;]\" \/>\n<meta name=\"twitter:image\" content=\"https:\/\/vosgesinfo.fr\/app\/uploads\/sites\/4\/2024\/08\/202201stephane-demange-cd88-01-1.jpg\" \/>\n<meta name=\"twitter:creator\" content=\"@VosgesInfo88\" \/>\n<meta name=\"twitter:site\" content=\"@VosgesInfo88\" \/>\n<meta name=\"twitter:label1\" content=\"\u00c9crit par\" \/>\n\t<meta name=\"twitter:data1\" content=\"J.J.\" \/>\n\t<meta name=\"twitter:label2\" content=\"Dur\u00e9e de lecture estim\u00e9e\" \/>\n\t<meta name=\"twitter:data2\" content=\"1 minute\" \/>\n<script type=\"application\/ld+json\" class=\"yoast-schema-graph\">{\"@context\":\"https:\/\/schema.org\",\"@graph\":[{\"@type\":\"Article\",\"@id\":\"https:\/\/vosgesinfo.fr\/saintdieinfo\/2025\/09\/ban-de-laveline-le-maire-sortant-stephane-demange-brigue-un-troisieme-mandat\/#article\",\"isPartOf\":{\"@id\":\"https:\/\/vosgesinfo.fr\/saintdieinfo\/2025\/09\/ban-de-laveline-le-maire-sortant-stephane-demange-brigue-un-troisieme-mandat\/\"},\"author\":{\"name\":\"J.J.\",\"@id\":\"https:\/\/vosgesinfo.fr\/saintdieinfo\/#\/schema\/person\/fa73e9f726d67bb88f46d5b7943cb572\"},\"headline\":\"Ban-de-Laveline \u2013 Le maire sortant St\u00e9phane Demange brigue un troisi\u00e8me mandat\",\"datePublished\":\"2025-09-11T15:40:46+00:00\",\"dateModified\":\"2025-09-11T15:24:10+00:00\",\"mainEntityOfPage\":{\"@id\":\"https:\/\/vosgesinfo.fr\/saintdieinfo\/2025\/09\/ban-de-laveline-le-maire-sortant-stephane-demange-brigue-un-troisieme-mandat\/\"},\"wordCount\":128,\"commentCount\":0,\"publisher\":{\"@id\":\"https:\/\/vosgesinfo.fr\/saintdieinfo\/#organization\"},\"image\":{\"@id\":\"https:\/\/vosgesinfo.fr\/saintdieinfo\/2025\/09\/ban-de-laveline-le-maire-sortant-stephane-demange-brigue-un-troisieme-mandat\/#primaryimage\"},\"thumbnailUrl\":\"https:\/\/vosgesinfo.fr\/app\/uploads\/sites\/4\/2024\/08\/202201stephane-demange-cd88-01-1.jpg\",\"keywords\":[\"ban de laveline\",\"Elections municipales 2026\",\"St\u00e9phane Demange\"],\"articleSection\":[\"A la Une\",\"D\u00e9odatie\",\"Politique\"],\"inLanguage\":\"fr-FR\",\"potentialAction\":[{\"@type\":\"CommentAction\",\"name\":\"Comment\",\"target\":[\"https:\/\/vosgesinfo.fr\/saintdieinfo\/2025\/09\/ban-de-laveline-le-maire-sortant-stephane-demange-brigue-un-troisieme-mandat\/#respond\"]}]},{\"@type\":\"WebPage\",\"@id\":\"https:\/\/vosgesinfo.fr\/saintdieinfo\/2025\/09\/ban-de-laveline-le-maire-sortant-stephane-demange-brigue-un-troisieme-mandat\/\",\"url\":\"https:\/\/vosgesinfo.fr\/saintdieinfo\/2025\/09\/ban-de-laveline-le-maire-sortant-stephane-demange-brigue-un-troisieme-mandat\/\",\"name\":\"Ban-de-Laveline \u2013 Le maire sortant St\u00e9phane Demange brigue un troisi\u00e8me mandat - Saint Die Info\",\"isPartOf\":{\"@id\":\"https:\/\/vosgesinfo.fr\/saintdieinfo\/#website\"},\"primaryImageOfPage\":{\"@id\":\"https:\/\/vosgesinfo.fr\/saintdieinfo\/2025\/09\/ban-de-laveline-le-maire-sortant-stephane-demange-brigue-un-troisieme-mandat\/#primaryimage\"},\"image\":{\"@id\":\"https:\/\/vosgesinfo.fr\/saintdieinfo\/2025\/09\/ban-de-laveline-le-maire-sortant-stephane-demange-brigue-un-troisieme-mandat\/#primaryimage\"},\"thumbnailUrl\":\"https:\/\/vosgesinfo.fr\/app\/uploads\/sites\/4\/2024\/08\/202201stephane-demange-cd88-01-1.jpg\",\"datePublished\":\"2025-09-11T15:40:46+00:00\",\"dateModified\":\"2025-09-11T15:24:10+00:00\",\"breadcrumb\":{\"@id\":\"https:\/\/vosgesinfo.fr\/saintdieinfo\/2025\/09\/ban-de-laveline-le-maire-sortant-stephane-demange-brigue-un-troisieme-mandat\/#breadcrumb\"},\"inLanguage\":\"fr-FR\",\"potentialAction\":[{\"@type\":\"ReadAction\",\"target\":[\"https:\/\/vosgesinfo.fr\/saintdieinfo\/2025\/09\/ban-de-laveline-le-maire-sortant-stephane-demange-brigue-un-troisieme-mandat\/\"]}]},{\"@type\":\"ImageObject\",\"inLanguage\":\"fr-FR\",\"@id\":\"https:\/\/vosgesinfo.fr\/saintdieinfo\/2025\/09\/ban-de-laveline-le-maire-sortant-stephane-demange-brigue-un-troisieme-mandat\/#primaryimage\",\"url\":\"https:\/\/vosgesinfo.fr\/app\/uploads\/sites\/4\/2024\/08\/202201stephane-demange-cd88-01-1.jpg\",\"contentUrl\":\"https:\/\/vosgesinfo.fr\/app\/uploads\/sites\/4\/2024\/08\/202201stephane-demange-cd88-01-1.jpg\",\"width\":554,\"height\":437,\"caption\":\"(Archive)\"},{\"@type\":\"BreadcrumbList\",\"@id\":\"https:\/\/vosgesinfo.fr\/saintdieinfo\/2025\/09\/ban-de-laveline-le-maire-sortant-stephane-demange-brigue-un-troisieme-mandat\/#breadcrumb\",\"itemListElement\":[{\"@type\":\"ListItem\",\"position\":1,\"name\":\"Home\",\"item\":\"https:\/\/vosgesinfo.fr\/saintdieinfo\/\"},{\"@type\":\"ListItem\",\"position\":2,\"name\":\"Ban-de-Laveline \u2013 Le maire sortant St\u00e9phane Demange brigue un troisi\u00e8me mandat\"}]},{\"@type\":\"WebSite\",\"@id\":\"https:\/\/vosgesinfo.fr\/saintdieinfo\/#website\",\"url\":\"https:\/\/vosgesinfo.fr\/saintdieinfo\/\",\"name\":\"Saint Die Info\",\"description\":\"Toute l&#039;actualit\u00e9 de Saint-Di\u00e9-Des-Vosges\",\"publisher\":{\"@id\":\"https:\/\/vosgesinfo.fr\/saintdieinfo\/#organization\"},\"alternateName\":\"Toute l'actualit\u00e9 de Saint-Di\u00e9-Des-Vosges\",\"potentialAction\":[{\"@type\":\"SearchAction\",\"target\":{\"@type\":\"EntryPoint\",\"urlTemplate\":\"https:\/\/vosgesinfo.fr\/saintdieinfo\/?s={search_term_string}\"},\"query-input\":\"required name=search_term_string\"}],\"inLanguage\":\"fr-FR\"},{\"@type\":\"Organization\",\"@id\":\"https:\/\/vosgesinfo.fr\/saintdieinfo\/#organization\",\"name\":\"Saint Die Info\",\"url\":\"https:\/\/vosgesinfo.fr\/saintdieinfo\/\",\"logo\":{\"@type\":\"ImageObject\",\"inLanguage\":\"fr-FR\",\"@id\":\"https:\/\/vosgesinfo.fr\/saintdieinfo\/#\/schema\/logo\/image\/\",\"url\":\"https:\/\/vosgesinfo.fr\/app\/uploads\/sites\/4\/2024\/02\/logo-sdi.jpg\",\"contentUrl\":\"https:\/\/vosgesinfo.fr\/app\/uploads\/sites\/4\/2024\/02\/logo-sdi.jpg\",\"width\":600,\"height\":600,\"caption\":\"Saint Die Info\"},\"image\":{\"@id\":\"https:\/\/vosgesinfo.fr\/saintdieinfo\/#\/schema\/logo\/image\/\"},\"sameAs\":[\"https:\/\/www.facebook.com\/Saintdieinfofr\",\"https:\/\/x.com\/VosgesInfo88\",\"https:\/\/www.youtube.com\/@vosgesinfo\"]},{\"@type\":\"Person\",\"@id\":\"https:\/\/vosgesinfo.fr\/saintdieinfo\/#\/schema\/person\/fa73e9f726d67bb88f46d5b7943cb572\",\"name\":\"J.J.\",\"image\":{\"@type\":\"ImageObject\",\"inLanguage\":\"fr-FR\",\"@id\":\"https:\/\/vosgesinfo.fr\/saintdieinfo\/#\/schema\/person\/image\/\",\"url\":\"https:\/\/secure.gravatar.com\/avatar\/219e749e47ffbcca018a360ae4add7d4cdf1cdaaf8bc7676b27efade3fe65615?s=96&d=mm&r=g\",\"contentUrl\":\"https:\/\/secure.gravatar.com\/avatar\/219e749e47ffbcca018a360ae4add7d4cdf1cdaaf8bc7676b27efade3fe65615?s=96&d=mm&r=g\",\"caption\":\"J.J.\"},\"url\":\"https:\/\/vosgesinfo.fr\/saintdieinfo\/author\/j-j\/\"}]}<\/script>\n<!-- \/ Yoast SEO plugin. -->","yoast_head_json":{"title":"Ban-de-Laveline \u2013 Le maire sortant St\u00e9phane Demange brigue un troisi\u00e8me mandat - Saint Die Info","robots":{"index":"index","follow":"follow","max-snippet":"max-snippet:-1","max-image-preview":"max-image-preview:large","max-video-preview":"max-video-preview:-1"},"canonical":"https:\/\/vosgesinfo.fr\/saintdieinfo\/2025\/09\/ban-de-laveline-le-maire-sortant-stephane-demange-brigue-un-troisieme-mandat\/","twitter_card":"summary_large_image","twitter_title":"Ban-de-Laveline \u2013 Le maire sortant St\u00e9phane Demange brigue un troisi\u00e8me mandat - Saint Die Info","twitter_description":"Maire de Ban-de-Laveline, St\u00e9phane Demange a officialis\u00e9 sa candidature \u00e0 sa succession pour les \u00e9lections municipales des 15 et 22 [&hellip;]","twitter_image":"https:\/\/vosgesinfo.fr\/app\/uploads\/sites\/4\/2024\/08\/202201stephane-demange-cd88-01-1.jpg","twitter_creator":"@VosgesInfo88","twitter_site":"@VosgesInfo88","twitter_misc":{"\u00c9crit par":"J.J.","Dur\u00e9e de lecture estim\u00e9e":"1 minute"},"schema":{"@context":"https:\/\/schema.org","@graph":[{"@type":"Article","@id":"https:\/\/vosgesinfo.fr\/saintdieinfo\/2025\/09\/ban-de-laveline-le-maire-sortant-stephane-demange-brigue-un-troisieme-mandat\/#article","isPartOf":{"@id":"https:\/\/vosgesinfo.fr\/saintdieinfo\/2025\/09\/ban-de-laveline-le-maire-sortant-stephane-demange-brigue-un-troisieme-mandat\/"},"author":{"name":"J.J.","@id":"https:\/\/vosgesinfo.fr\/saintdieinfo\/#\/schema\/person\/fa73e9f726d67bb88f46d5b7943cb572"},"headline":"Ban-de-Laveline \u2013 Le maire sortant St\u00e9phane Demange brigue un troisi\u00e8me mandat","datePublished":"2025-09-11T15:40:46+00:00","dateModified":"2025-09-11T15:24:10+00:00","mainEntityOfPage":{"@id":"https:\/\/vosgesinfo.fr\/saintdieinfo\/2025\/09\/ban-de-laveline-le-maire-sortant-stephane-demange-brigue-un-troisieme-mandat\/"},"wordCount":128,"commentCount":0,"publisher":{"@id":"https:\/\/vosgesinfo.fr\/saintdieinfo\/#organization"},"image":{"@id":"https:\/\/vosgesinfo.fr\/saintdieinfo\/2025\/09\/ban-de-laveline-le-maire-sortant-stephane-demange-brigue-un-troisieme-mandat\/#primaryimage"},"thumbnailUrl":"https:\/\/vosgesinfo.fr\/app\/uploads\/sites\/4\/2024\/08\/202201stephane-demange-cd88-01-1.jpg","keywords":["ban de laveline","Elections municipales 2026","St\u00e9phane Demange"],"articleSection":["A la Une","D\u00e9odatie","Politique"],"inLanguage":"fr-FR","potentialAction":[{"@type":"CommentAction","name":"Comment","target":["https:\/\/vosgesinfo.fr\/saintdieinfo\/2025\/09\/ban-de-laveline-le-maire-sortant-stephane-demange-brigue-un-troisieme-mandat\/#respond"]}]},{"@type":"WebPage","@id":"https:\/\/vosgesinfo.fr\/saintdieinfo\/2025\/09\/ban-de-laveline-le-maire-sortant-stephane-demange-brigue-un-troisieme-mandat\/","url":"https:\/\/vosgesinfo.fr\/saintdieinfo\/2025\/09\/ban-de-laveline-le-maire-sortant-stephane-demange-brigue-un-troisieme-mandat\/","name":"Ban-de-Laveline \u2013 Le maire sortant St\u00e9phane Demange brigue un troisi\u00e8me mandat - Saint Die Info","isPartOf":{"@id":"https:\/\/vosgesinfo.fr\/saintdieinfo\/#website"},"primaryImageOfPage":{"@id":"https:\/\/vosgesinfo.fr\/saintdieinfo\/2025\/09\/ban-de-laveline-le-maire-sortant-stephane-demange-brigue-un-troisieme-mandat\/#primaryimage"},"image":{"@id":"https:\/\/vosgesinfo.fr\/saintdieinfo\/2025\/09\/ban-de-laveline-le-maire-sortant-stephane-demange-brigue-un-troisieme-mandat\/#primaryimage"},"thumbnailUrl":"https:\/\/vosgesinfo.fr\/app\/uploads\/sites\/4\/2024\/08\/202201stephane-demange-cd88-01-1.jpg","datePublished":"2025-09-11T15:40:46+00:00","dateModified":"2025-09-11T15:24:10+00:00","breadcrumb":{"@id":"https:\/\/vosgesinfo.fr\/saintdieinfo\/2025\/09\/ban-de-laveline-le-maire-sortant-stephane-demange-brigue-un-troisieme-mandat\/#breadcrumb"},"inLanguage":"fr-FR","potentialAction":[{"@type":"ReadAction","target":["https:\/\/vosgesinfo.fr\/saintdieinfo\/2025\/09\/ban-de-laveline-le-maire-sortant-stephane-demange-brigue-un-troisieme-mandat\/"]}]},{"@type":"ImageObject","inLanguage":"fr-FR","@id":"https:\/\/vosgesinfo.fr\/saintdieinfo\/2025\/09\/ban-de-laveline-le-maire-sortant-stephane-demange-brigue-un-troisieme-mandat\/#primaryimage","url":"https:\/\/vosgesinfo.fr\/app\/uploads\/sites\/4\/2024\/08\/202201stephane-demange-cd88-01-1.jpg","contentUrl":"https:\/\/vosgesinfo.fr\/app\/uploads\/sites\/4\/2024\/08\/202201stephane-demange-cd88-01-1.jpg","width":554,"height":437,"caption":"(Archive)"},{"@type":"BreadcrumbList","@id":"https:\/\/vosgesinfo.fr\/saintdieinfo\/2025\/09\/ban-de-laveline-le-maire-sortant-stephane-demange-brigue-un-troisieme-mandat\/#breadcrumb","itemListElement":[{"@type":"ListItem","position":1,"name":"Home","item":"https:\/\/vosgesinfo.fr\/saintdieinfo\/"},{"@type":"ListItem","position":2,"name":"Ban-de-Laveline \u2013 Le maire sortant St\u00e9phane Demange brigue un troisi\u00e8me mandat"}]},{"@type":"WebSite","@id":"https:\/\/vosgesinfo.fr\/saintdieinfo\/#website","url":"https:\/\/vosgesinfo.fr\/saintdieinfo\/","name":"Saint Die Info","description":"Toute l&#039;actualit\u00e9 de Saint-Di\u00e9-Des-Vosges","publisher":{"@id":"https:\/\/vosgesinfo.fr\/saintdieinfo\/#organization"},"alternateName":"Toute l'actualit\u00e9 de Saint-Di\u00e9-Des-Vosges","potentialAction":[{"@type":"SearchAction","target":{"@type":"EntryPoint","urlTemplate":"https:\/\/vosgesinfo.fr\/saintdieinfo\/?s={search_term_string}"},"query-input":"required name=search_term_string"}],"inLanguage":"fr-FR"},{"@type":"Organization","@id":"https:\/\/vosgesinfo.fr\/saintdieinfo\/#organization","name":"Saint Die Info","url":"https:\/\/vosgesinfo.fr\/saintdieinfo\/","logo":{"@type":"ImageObject","inLanguage":"fr-FR","@id":"https:\/\/vosgesinfo.fr\/saintdieinfo\/#\/schema\/logo\/image\/","url":"https:\/\/vosgesinfo.fr\/app\/uploads\/sites\/4\/2024\/02\/logo-sdi.jpg","contentUrl":"https:\/\/vosgesinfo.fr\/app\/uploads\/sites\/4\/2024\/02\/logo-sdi.jpg","width":600,"height":600,"caption":"Saint Die Info"},"image":{"@id":"https:\/\/vosgesinfo.fr\/saintdieinfo\/#\/schema\/logo\/image\/"},"sameAs":["https:\/\/www.facebook.com\/Saintdieinfofr","https:\/\/x.com\/VosgesInfo88","https:\/\/www.youtube.com\/@vosgesinfo"]},{"@type":"Person","@id":"https:\/\/vosgesinfo.fr\/saintdieinfo\/#\/schema\/person\/fa73e9f726d67bb88f46d5b7943cb572","name":"J.J.","image":{"@type":"ImageObject","inLanguage":"fr-FR","@id":"https:\/\/vosgesinfo.fr\/saintdieinfo\/#\/schema\/person\/image\/","url":"https:\/\/secure.gravatar.com\/avatar\/219e749e47ffbcca018a360ae4add7d4cdf1cdaaf8bc7676b27efade3fe65615?s=96&d=mm&r=g","contentUrl":"https:\/\/secure.gravatar.com\/avatar\/219e749e47ffbcca018a360ae4add7d4cdf1cdaaf8bc7676b27efade3fe65615?s=96&d=mm&r=g","caption":"J.J."},"url":"https:\/\/vosgesinfo.fr\/saintdieinfo\/author\/j-j\/"}]}},"_links":{"self":[{"href":"https:\/\/vosgesinfo.fr\/saintdieinfo\/wp-json\/wp\/v2\/posts\/82026","targetHints":{"allow":["GET"]}}],"collection":[{"href":"https:\/\/vosgesinfo.fr\/saintdieinfo\/wp-json\/wp\/v2\/posts"}],"about":[{"href":"https:\/\/vosgesinfo.fr\/saintdieinfo\/wp-json\/wp\/v2\/types\/post"}],"author":[{"embeddable":true,"href":"https:\/\/vosgesinfo.fr\/saintdieinfo\/wp-json\/wp\/v2\/users\/46"}],"replies":[{"embeddable":true,"href":"https:\/\/vosgesinfo.fr\/saintdieinfo\/wp-json\/wp\/v2\/comments?post=82026"}],"version-history":[{"count":1,"href":"https:\/\/vosgesinfo.fr\/saintdieinfo\/wp-json\/wp\/v2\/posts\/82026\/revisions"}],"predecessor-version":[{"id":82027,"href":"https:\/\/vosgesinfo.fr\/saintdieinfo\/wp-json\/wp\/v2\/posts\/82026\/revisions\/82027"}],"wp:featuredmedia":[{"embeddable":true,"href":"https:\/\/vosgesinfo.fr\/saintdieinfo\/wp-json\/wp\/v2\/media\/49469"}],"wp:attachment":[{"href":"https:\/\/vosgesinfo.fr\/saintdieinfo\/wp-json\/wp\/v2\/media?parent=82026"}],"wp:term":[{"taxonomy":"category","embeddable":true,"href":"https:\/\/vosgesinfo.fr\/saintdieinfo\/wp-json\/wp\/v2\/categories?post=82026"},{"taxonomy":"post_tag","embeddable":true,"href":"https:\/\/vosgesinfo.fr\/saintdieinfo\/wp-json\/wp\/v2\/tags?post=82026"}],"curies":[{"name":"wp","href":"https:\/\/api.w.org\/{rel}","templated":true}]}}