{"id":82029,"date":"2025-09-12T08:40:23","date_gmt":"2025-09-12T06:40:23","guid":{"rendered":"https:\/\/vosgesinfo.fr\/saintdieinfo\/?p=82029"},"modified":"2025-09-12T08:36:22","modified_gmt":"2025-09-12T06:36:22","slug":"saint-die-des-vosges-inaugure-son-campus-connecte","status":"publish","type":"post","link":"https:\/\/vosgesinfo.fr\/saintdieinfo\/2025\/09\/saint-die-des-vosges-inaugure-son-campus-connecte\/","title":{"rendered":"Saint-Di\u00e9-des-Vosges inaugure son Campus Connect\u00e9"},"content":{"rendered":"<h3><a href=\"https:\/\/vosgesinfo.fr\/app\/uploads\/sites\/4\/2025\/09\/inauguration-campus-connecte-sddv-3.jpg\"><img decoding=\"async\" class=\"alignnone size-large wp-image-82032\" src=\"https:\/\/vosgesinfo.fr\/app\/uploads\/sites\/4\/2025\/09\/inauguration-campus-connecte-sddv-3-1024x771.jpg\" alt=\"\" width=\"1024\" height=\"771\" srcset=\"https:\/\/vosgesinfo.fr\/app\/uploads\/sites\/4\/2025\/09\/inauguration-campus-connecte-sddv-3-1024x771.jpg 1024w, https:\/\/vosgesinfo.fr\/app\/uploads\/sites\/4\/2025\/09\/inauguration-campus-connecte-sddv-3-300x226.jpg 300w, https:\/\/vosgesinfo.fr\/app\/uploads\/sites\/4\/2025\/09\/inauguration-campus-connecte-sddv-3-768x578.jpg 768w, https:\/\/vosgesinfo.fr\/app\/uploads\/sites\/4\/2025\/09\/inauguration-campus-connecte-sddv-3-1536x1157.jpg 1536w, https:\/\/vosgesinfo.fr\/app\/uploads\/sites\/4\/2025\/09\/inauguration-campus-connecte-sddv-3.jpg 2040w\" sizes=\"(max-width: 1024px) 100vw, 1024px\" \/><\/a><\/h3>\n<h2><a href=\"https:\/\/vosgesinfo.fr\/saintdieinfo\/2025\/03\/poursuivre-ou-reprendre-des-etudes-a-distance-cest-possible-grace-au-campus-connecte-de-saint-die-des-vosges\/\" target=\"_blank\" rel=\"noopener\">Le Campus connect\u00e9 de <strong>Saint-Di\u00e9-des-Vosges<\/strong><\/a> a \u00e9t\u00e9 inaugur\u00e9 ce <strong>jeudi 11 septembre<\/strong>. Une <strong>premi\u00e8re<\/strong> dans les Vosges. <strong>Labellis\u00e9 par l\u2019\u00c9tat<\/strong>, ce dispositif permet \u00e0 des \u00e9tudiants \u00e9loign\u00e9s g\u00e9ographiquement ou socialement <strong>de poursuivre ou reprendre des \u00e9tudes \u00e0 distance<\/strong>, tout en b\u00e9n\u00e9ficiant d\u2019un accompagnement de proximit\u00e9.<\/h2>\n<p><!--more--><\/p>\n<h3><strong>Lutter contre les in\u00e9galit\u00e9s territoriales<\/strong><\/h3>\n<p>Les <strong>Campus Connect\u00e9s<\/strong> ont \u00e9t\u00e9 cr\u00e9\u00e9s en <strong>2019<\/strong> par le minist\u00e8re de l\u2019Enseignement sup\u00e9rieur et de la Recherche. Ils visent \u00e0 <strong>lutter contre les in\u00e9galit\u00e9s territoriales<\/strong> gr\u00e2ce \u00e0 des tiers-lieux d\u2019apprentissage hybrides.<\/p>\n<p>Car en France, une grande majorit\u00e9 des \u00e9tudiants est concentr\u00e9e dans les <strong>grandes villes<\/strong> ou m\u00e9tropoles. Pour donner un ordre d\u2019id\u00e9e, selon un rapport du S\u00e9nat, <strong>plus de 80 %<\/strong> des \u00e9tudiants poursuivent leurs \u00e9tudes dans seulement <strong>30 unit\u00e9s urbaines<\/strong> (principalement les grandes villes).<\/p>\n<h3><strong>Renforcer l&rsquo;attractivit\u00e9 du territoire<\/strong><\/h3>\n<p>Ce projet s\u2019inscrit \u00e9galement dans une <strong>dynamique de renforcement de l&rsquo;attractivit\u00e9 du territoire<\/strong>, en offrant aux habitants la possibilit\u00e9 d\u2019une formation et d\u2019une insertion professionnelle sans quitter la <strong>D\u00e9odatie<\/strong>. De la <strong>Licence<\/strong> au <strong>Master<\/strong>, en passant par les <strong>BTS.<\/strong><\/p>\n<h3><strong>Un r\u00e9seau de 90 Campus Connect\u00e9s<\/strong><\/h3>\n<p>Le Campus Connect\u00e9 <strong>de Saint-Di\u00e9-des-Vosges<\/strong> int\u00e8gre un r\u00e9seau national de <strong>90 Campus Connect\u00e9s<\/strong>. C&rsquo;est <strong>l&rsquo;Agglom\u00e9ration de Saint-Di\u00e9-des-Vosges<\/strong> qui a port\u00e9 le projet, <strong>retenu en mai 2024<\/strong>, avec une <strong>convention pluriannuelle de cinq ans<\/strong> sign\u00e9e avec le minist\u00e8re.<\/p>\n<h3><strong>Des locaux au sein de la Cit\u00e9 scolaire Jules-Ferry<\/strong><\/h3>\n<p>Install\u00e9 au sein de l\u2019internat de la <strong>Cit\u00e9 scolaire Jules-Ferry<\/strong>, l&rsquo;espace d\u2019\u00e9tude vise \u00e0 <strong>favoriser la poursuite d\u2019\u00e9tudes sup\u00e9rieures, tout en offrant une alternative souple aux personnes en reconversion.<\/strong> Les \u00e9tudiants inscrits b\u00e9n\u00e9ficient de l\u2019acc\u00e8s aux services universitaires et d\u2019un accompagnement quotidien assur\u00e9 par la tutrice <strong>Romy Cossutta<\/strong>.<\/p>\n<h3><strong>Acc\u00e8s gratuit mais des frais d&rsquo;inscription<\/strong><\/h3>\n<p>Le Campus Connect\u00e9 de <strong>Saint-Di\u00e9-des-Vosges<\/strong> est accessible <strong>gratuitement<\/strong>, mais des <strong>frais d&rsquo;inscription<\/strong> au cas par cas doivent \u00eatre acquitt\u00e9s, aupr\u00e8s des \u00e9tablissements assurant les formations. Ces frais sont donc <strong>variables<\/strong>.<\/p>\n<h3><strong>Un financement partag\u00e9<\/strong><\/h3>\n<p>La <strong>R\u00e9gion Grand Est<\/strong> a investi <strong>170 000 \u20ac<\/strong> dans le projet, pour l\u2019am\u00e9nagement et la s\u00e9paration des locaux. En sachant que la mise \u00e0 disposition gratuite des espaces a \u00e9t\u00e9 valoris\u00e9e \u00e0 hauteur de <strong>15 000 \u20ac par an<\/strong>.<\/p>\n<p>Le minist\u00e8re de l\u2019Enseignement sup\u00e9rieur soutient pour sa part le dispositif via une subvention de <strong>60 000 \u20ac en 2024<\/strong>, puis <strong>60 000 \u20ac par an de 2025 \u00e0 2028<\/strong>. Sur cette somme, <strong>50 000 \u20ac<\/strong> sont destin\u00e9s \u00e0 <strong>l&rsquo;Agglom\u00e9ration<\/strong> et <strong>10 000 \u20ac<\/strong> pour l&rsquo;<strong>IUT de Saint-Di\u00e9-des-Vosges<\/strong>, qui permet aux \u00e9tudiants du Campus Connect\u00e9 de b\u00e9n\u00e9ficier des services de l\u2019Universit\u00e9 de Lorraine.<\/p>\n<p>Les <strong>charges de fonctionnement<\/strong> (chauffage, \u00e9lectricit\u00e9, eau, d\u00e9chets) repr\u00e9sentent <strong>2 756 \u20ac par an<\/strong> et sont \u00e0 la charge de l&rsquo;Agglom\u00e9ration.<\/p>\n<h3><strong>Taux de r\u00e9ussite important<\/strong><\/h3>\n<p>Les premiers bilans nationaux publi\u00e9s en <strong>mai 2025<\/strong> indiquent un <strong>taux de r\u00e9ussite moyen de 85 \u00e0 90 %<\/strong>, un faible taux d\u2019abandon et un impact positif sur la confiance en soi, l\u2019autonomie et la motivation des \u00e9tudiants.<\/p>\n<h3><strong>Renseignements compl\u00e9mentaires<\/strong><\/h3>\n<p>Renseignements sur les modalit\u00e9s du Campus Connect\u00e9 de <strong>Saint-Di\u00e9-des-Vosges<\/strong> aupr\u00e8s de <strong>Romy Cossutta<\/strong>, par courriel via <strong><a href=\"mailto:romy.cossutta@ca-saintdie.fr\" target=\"_blank\" rel=\"noopener\">romy.cossutta@ca-saintdie.fr<\/a>, <\/strong>ainsi que sur le <a href=\"https:\/\/agglo.saint-die-des-vosges.fr\/vivre-et-sinstaller\/etudier\/campus-connecte\/\" target=\"_blank\" rel=\"noopener\"><strong>nouveau site de l&rsquo;Agglo.<\/strong><\/a><\/p>\n<p>&nbsp;<\/p>\n\n\t\t<style type=\"text\/css\">\n\t\t\t#gallery-1 {\n\t\t\t\tmargin: auto;\n\t\t\t}\n\t\t\t#gallery-1 .gallery-item {\n\t\t\t\tfloat: left;\n\t\t\t\tmargin-top: 10px;\n\t\t\t\ttext-align: center;\n\t\t\t\twidth: 33%;\n\t\t\t}\n\t\t\t#gallery-1 img {\n\t\t\t\tborder: 2px solid #cfcfcf;\n\t\t\t}\n\t\t\t#gallery-1 .gallery-caption {\n\t\t\t\tmargin-left: 0;\n\t\t\t}\n\t\t\t\/* see gallery_shortcode() in wp-includes\/media.php *\/\n\t\t<\/style>\n\t\t<div id='gallery-1' class='gallery galleryid-82029 gallery-columns-3 gallery-size-thumbnail'><dl class='gallery-item'>\n\t\t\t<dt class='gallery-icon landscape'>\n\t\t\t\t<a href='https:\/\/vosgesinfo.fr\/app\/uploads\/sites\/4\/2025\/09\/inauguration-campus-connecte-sddv-2.jpg'><img decoding=\"async\" width=\"150\" height=\"150\" src=\"https:\/\/vosgesinfo.fr\/app\/uploads\/sites\/4\/2025\/09\/inauguration-campus-connecte-sddv-2-150x150.jpg\" class=\"attachment-thumbnail size-thumbnail\" alt=\"\" \/><\/a>\n\t\t\t<\/dt><\/dl><dl class='gallery-item'>\n\t\t\t<dt class='gallery-icon landscape'>\n\t\t\t\t<a href='https:\/\/vosgesinfo.fr\/app\/uploads\/sites\/4\/2025\/09\/inauguration-campus-connecte-sddv-1.jpg'><img decoding=\"async\" width=\"150\" height=\"150\" src=\"https:\/\/vosgesinfo.fr\/app\/uploads\/sites\/4\/2025\/09\/inauguration-campus-connecte-sddv-1-150x150.jpg\" class=\"attachment-thumbnail size-thumbnail\" alt=\"\" \/><\/a>\n\t\t\t<\/dt><\/dl><dl class='gallery-item'>\n\t\t\t<dt class='gallery-icon landscape'>\n\t\t\t\t<a href='https:\/\/vosgesinfo.fr\/app\/uploads\/sites\/4\/2025\/09\/inauguration-campus-connecte-sddv-4.jpg'><img decoding=\"async\" width=\"150\" height=\"150\" src=\"https:\/\/vosgesinfo.fr\/app\/uploads\/sites\/4\/2025\/09\/inauguration-campus-connecte-sddv-4-150x150.jpg\" class=\"attachment-thumbnail size-thumbnail\" alt=\"\" \/><\/a>\n\t\t\t<\/dt><\/dl><br style=\"clear: both\" \/>\n\t\t<\/div>\n\n","protected":false},"excerpt":{"rendered":"<p>Le Campus connect\u00e9 de Saint-Di\u00e9-des-Vosges a \u00e9t\u00e9 inaugur\u00e9 ce jeudi 11 septembre. Une premi\u00e8re dans les Vosges. Labellis\u00e9 par l\u2019\u00c9tat, [&hellip;]<\/p>\n","protected":false},"author":46,"featured_media":82032,"comment_status":"open","ping_status":"open","sticky":false,"template":"","format":"standard","meta":{"footnotes":""},"categories":[460,6,167,18],"tags":[18208,18225,18226,3352,18223,852,18227,18224],"class_list":["post-82029","post","type-post","status-publish","format-standard","has-post-thumbnail","hentry","category-a-la-une","category-education","category-saint-die-des-vosges","category-vosges","tag-agglo-de-saint-die-des-vosges","tag-campus-connecte","tag-campus-connecte-de-saint-die-des-vosge","tag-cite-scolaire-jules-ferry","tag-ministere-de-lenseignement-superieur","tag-region-grand-est","tag-saint-die-des-vosges-inaugure-son-campus-connecte","tag-universite-jules-ferry"],"acf":[],"yoast_head":"<!-- This site is optimized with the Yoast SEO plugin v22.5 - https:\/\/yoast.com\/wordpress\/plugins\/seo\/ -->\n<title>Saint-Di\u00e9-des-Vosges inaugure son Campus Connect\u00e9 - Saint Die Info<\/title>\n<meta name=\"robots\" content=\"index, follow, max-snippet:-1, max-image-preview:large, max-video-preview:-1\" \/>\n<link rel=\"canonical\" href=\"https:\/\/vosgesinfo.fr\/saintdieinfo\/2025\/09\/saint-die-des-vosges-inaugure-son-campus-connecte\/\" \/>\n<meta name=\"twitter:card\" content=\"summary_large_image\" \/>\n<meta name=\"twitter:title\" content=\"Saint-Di\u00e9-des-Vosges inaugure son Campus Connect\u00e9 - Saint Die Info\" \/>\n<meta name=\"twitter:description\" content=\"Le Campus connect\u00e9 de Saint-Di\u00e9-des-Vosges a \u00e9t\u00e9 inaugur\u00e9 ce jeudi 11 septembre. Une premi\u00e8re dans les Vosges. Labellis\u00e9 par l\u2019\u00c9tat, [&hellip;]\" \/>\n<meta name=\"twitter:image\" content=\"https:\/\/vosgesinfo.fr\/app\/uploads\/sites\/4\/2025\/09\/inauguration-campus-connecte-sddv-3.jpg\" \/>\n<meta name=\"twitter:creator\" content=\"@VosgesInfo88\" \/>\n<meta name=\"twitter:site\" content=\"@VosgesInfo88\" \/>\n<meta name=\"twitter:label1\" content=\"\u00c9crit par\" \/>\n\t<meta name=\"twitter:data1\" content=\"J.J.\" \/>\n\t<meta name=\"twitter:label2\" content=\"Dur\u00e9e de lecture estim\u00e9e\" \/>\n\t<meta name=\"twitter:data2\" content=\"3 minutes\" \/>\n<script type=\"application\/ld+json\" class=\"yoast-schema-graph\">{\"@context\":\"https:\/\/schema.org\",\"@graph\":[{\"@type\":\"Article\",\"@id\":\"https:\/\/vosgesinfo.fr\/saintdieinfo\/2025\/09\/saint-die-des-vosges-inaugure-son-campus-connecte\/#article\",\"isPartOf\":{\"@id\":\"https:\/\/vosgesinfo.fr\/saintdieinfo\/2025\/09\/saint-die-des-vosges-inaugure-son-campus-connecte\/\"},\"author\":{\"name\":\"J.J.\",\"@id\":\"https:\/\/vosgesinfo.fr\/saintdieinfo\/#\/schema\/person\/fa73e9f726d67bb88f46d5b7943cb572\"},\"headline\":\"Saint-Di\u00e9-des-Vosges inaugure son Campus Connect\u00e9\",\"datePublished\":\"2025-09-12T06:40:23+00:00\",\"dateModified\":\"2025-09-12T06:36:22+00:00\",\"mainEntityOfPage\":{\"@id\":\"https:\/\/vosgesinfo.fr\/saintdieinfo\/2025\/09\/saint-die-des-vosges-inaugure-son-campus-connecte\/\"},\"wordCount\":557,\"commentCount\":0,\"publisher\":{\"@id\":\"https:\/\/vosgesinfo.fr\/saintdieinfo\/#organization\"},\"image\":{\"@id\":\"https:\/\/vosgesinfo.fr\/saintdieinfo\/2025\/09\/saint-die-des-vosges-inaugure-son-campus-connecte\/#primaryimage\"},\"thumbnailUrl\":\"https:\/\/vosgesinfo.fr\/app\/uploads\/sites\/4\/2025\/09\/inauguration-campus-connecte-sddv-3.jpg\",\"keywords\":[\"Agglo de Saint-Di\u00e9-des-Vosges\",\"Campus Connect\u00e9\",\"Campus Connect\u00e9 de Saint-Di\u00e9-des-Vosge\",\"Cit\u00e9 scolaire Jules-Ferry\",\"Minist\u00e8re de l'Enseignement Sup\u00e9rieur\",\"R\u00e9gion Grand Est\",\"Saint-Di\u00e9-des-Vosges inaugure son Campus Connect\u00e9\",\"Universit\u00e9 Jules-Ferry\"],\"articleSection\":[\"A la Une\",\"\u00c9ducation\",\"Saint-Di\u00e9-des-Vosges\",\"Vosges\"],\"inLanguage\":\"fr-FR\",\"potentialAction\":[{\"@type\":\"CommentAction\",\"name\":\"Comment\",\"target\":[\"https:\/\/vosgesinfo.fr\/saintdieinfo\/2025\/09\/saint-die-des-vosges-inaugure-son-campus-connecte\/#respond\"]}]},{\"@type\":\"WebPage\",\"@id\":\"https:\/\/vosgesinfo.fr\/saintdieinfo\/2025\/09\/saint-die-des-vosges-inaugure-son-campus-connecte\/\",\"url\":\"https:\/\/vosgesinfo.fr\/saintdieinfo\/2025\/09\/saint-die-des-vosges-inaugure-son-campus-connecte\/\",\"name\":\"Saint-Di\u00e9-des-Vosges inaugure son Campus Connect\u00e9 - Saint Die Info\",\"isPartOf\":{\"@id\":\"https:\/\/vosgesinfo.fr\/saintdieinfo\/#website\"},\"primaryImageOfPage\":{\"@id\":\"https:\/\/vosgesinfo.fr\/saintdieinfo\/2025\/09\/saint-die-des-vosges-inaugure-son-campus-connecte\/#primaryimage\"},\"image\":{\"@id\":\"https:\/\/vosgesinfo.fr\/saintdieinfo\/2025\/09\/saint-die-des-vosges-inaugure-son-campus-connecte\/#primaryimage\"},\"thumbnailUrl\":\"https:\/\/vosgesinfo.fr\/app\/uploads\/sites\/4\/2025\/09\/inauguration-campus-connecte-sddv-3.jpg\",\"datePublished\":\"2025-09-12T06:40:23+00:00\",\"dateModified\":\"2025-09-12T06:36:22+00:00\",\"breadcrumb\":{\"@id\":\"https:\/\/vosgesinfo.fr\/saintdieinfo\/2025\/09\/saint-die-des-vosges-inaugure-son-campus-connecte\/#breadcrumb\"},\"inLanguage\":\"fr-FR\",\"potentialAction\":[{\"@type\":\"ReadAction\",\"target\":[\"https:\/\/vosgesinfo.fr\/saintdieinfo\/2025\/09\/saint-die-des-vosges-inaugure-son-campus-connecte\/\"]}]},{\"@type\":\"ImageObject\",\"inLanguage\":\"fr-FR\",\"@id\":\"https:\/\/vosgesinfo.fr\/saintdieinfo\/2025\/09\/saint-die-des-vosges-inaugure-son-campus-connecte\/#primaryimage\",\"url\":\"https:\/\/vosgesinfo.fr\/app\/uploads\/sites\/4\/2025\/09\/inauguration-campus-connecte-sddv-3.jpg\",\"contentUrl\":\"https:\/\/vosgesinfo.fr\/app\/uploads\/sites\/4\/2025\/09\/inauguration-campus-connecte-sddv-3.jpg\",\"width\":2040,\"height\":1536},{\"@type\":\"BreadcrumbList\",\"@id\":\"https:\/\/vosgesinfo.fr\/saintdieinfo\/2025\/09\/saint-die-des-vosges-inaugure-son-campus-connecte\/#breadcrumb\",\"itemListElement\":[{\"@type\":\"ListItem\",\"position\":1,\"name\":\"Home\",\"item\":\"https:\/\/vosgesinfo.fr\/saintdieinfo\/\"},{\"@type\":\"ListItem\",\"position\":2,\"name\":\"Saint-Di\u00e9-des-Vosges inaugure son Campus Connect\u00e9\"}]},{\"@type\":\"WebSite\",\"@id\":\"https:\/\/vosgesinfo.fr\/saintdieinfo\/#website\",\"url\":\"https:\/\/vosgesinfo.fr\/saintdieinfo\/\",\"name\":\"Saint Die Info\",\"description\":\"Toute l&#039;actualit\u00e9 de Saint-Di\u00e9-Des-Vosges\",\"publisher\":{\"@id\":\"https:\/\/vosgesinfo.fr\/saintdieinfo\/#organization\"},\"alternateName\":\"Toute l'actualit\u00e9 de Saint-Di\u00e9-Des-Vosges\",\"potentialAction\":[{\"@type\":\"SearchAction\",\"target\":{\"@type\":\"EntryPoint\",\"urlTemplate\":\"https:\/\/vosgesinfo.fr\/saintdieinfo\/?s={search_term_string}\"},\"query-input\":\"required name=search_term_string\"}],\"inLanguage\":\"fr-FR\"},{\"@type\":\"Organization\",\"@id\":\"https:\/\/vosgesinfo.fr\/saintdieinfo\/#organization\",\"name\":\"Saint Die Info\",\"url\":\"https:\/\/vosgesinfo.fr\/saintdieinfo\/\",\"logo\":{\"@type\":\"ImageObject\",\"inLanguage\":\"fr-FR\",\"@id\":\"https:\/\/vosgesinfo.fr\/saintdieinfo\/#\/schema\/logo\/image\/\",\"url\":\"https:\/\/vosgesinfo.fr\/app\/uploads\/sites\/4\/2024\/02\/logo-sdi.jpg\",\"contentUrl\":\"https:\/\/vosgesinfo.fr\/app\/uploads\/sites\/4\/2024\/02\/logo-sdi.jpg\",\"width\":600,\"height\":600,\"caption\":\"Saint Die Info\"},\"image\":{\"@id\":\"https:\/\/vosgesinfo.fr\/saintdieinfo\/#\/schema\/logo\/image\/\"},\"sameAs\":[\"https:\/\/www.facebook.com\/Saintdieinfofr\",\"https:\/\/x.com\/VosgesInfo88\",\"https:\/\/www.youtube.com\/@vosgesinfo\"]},{\"@type\":\"Person\",\"@id\":\"https:\/\/vosgesinfo.fr\/saintdieinfo\/#\/schema\/person\/fa73e9f726d67bb88f46d5b7943cb572\",\"name\":\"J.J.\",\"image\":{\"@type\":\"ImageObject\",\"inLanguage\":\"fr-FR\",\"@id\":\"https:\/\/vosgesinfo.fr\/saintdieinfo\/#\/schema\/person\/image\/\",\"url\":\"https:\/\/secure.gravatar.com\/avatar\/219e749e47ffbcca018a360ae4add7d4cdf1cdaaf8bc7676b27efade3fe65615?s=96&d=mm&r=g\",\"contentUrl\":\"https:\/\/secure.gravatar.com\/avatar\/219e749e47ffbcca018a360ae4add7d4cdf1cdaaf8bc7676b27efade3fe65615?s=96&d=mm&r=g\",\"caption\":\"J.J.\"},\"url\":\"https:\/\/vosgesinfo.fr\/saintdieinfo\/author\/j-j\/\"}]}<\/script>\n<!-- \/ Yoast SEO plugin. -->","yoast_head_json":{"title":"Saint-Di\u00e9-des-Vosges inaugure son Campus Connect\u00e9 - Saint Die Info","robots":{"index":"index","follow":"follow","max-snippet":"max-snippet:-1","max-image-preview":"max-image-preview:large","max-video-preview":"max-video-preview:-1"},"canonical":"https:\/\/vosgesinfo.fr\/saintdieinfo\/2025\/09\/saint-die-des-vosges-inaugure-son-campus-connecte\/","twitter_card":"summary_large_image","twitter_title":"Saint-Di\u00e9-des-Vosges inaugure son Campus Connect\u00e9 - Saint Die Info","twitter_description":"Le Campus connect\u00e9 de Saint-Di\u00e9-des-Vosges a \u00e9t\u00e9 inaugur\u00e9 ce jeudi 11 septembre. Une premi\u00e8re dans les Vosges. Labellis\u00e9 par l\u2019\u00c9tat, [&hellip;]","twitter_image":"https:\/\/vosgesinfo.fr\/app\/uploads\/sites\/4\/2025\/09\/inauguration-campus-connecte-sddv-3.jpg","twitter_creator":"@VosgesInfo88","twitter_site":"@VosgesInfo88","twitter_misc":{"\u00c9crit par":"J.J.","Dur\u00e9e de lecture estim\u00e9e":"3 minutes"},"schema":{"@context":"https:\/\/schema.org","@graph":[{"@type":"Article","@id":"https:\/\/vosgesinfo.fr\/saintdieinfo\/2025\/09\/saint-die-des-vosges-inaugure-son-campus-connecte\/#article","isPartOf":{"@id":"https:\/\/vosgesinfo.fr\/saintdieinfo\/2025\/09\/saint-die-des-vosges-inaugure-son-campus-connecte\/"},"author":{"name":"J.J.","@id":"https:\/\/vosgesinfo.fr\/saintdieinfo\/#\/schema\/person\/fa73e9f726d67bb88f46d5b7943cb572"},"headline":"Saint-Di\u00e9-des-Vosges inaugure son Campus Connect\u00e9","datePublished":"2025-09-12T06:40:23+00:00","dateModified":"2025-09-12T06:36:22+00:00","mainEntityOfPage":{"@id":"https:\/\/vosgesinfo.fr\/saintdieinfo\/2025\/09\/saint-die-des-vosges-inaugure-son-campus-connecte\/"},"wordCount":557,"commentCount":0,"publisher":{"@id":"https:\/\/vosgesinfo.fr\/saintdieinfo\/#organization"},"image":{"@id":"https:\/\/vosgesinfo.fr\/saintdieinfo\/2025\/09\/saint-die-des-vosges-inaugure-son-campus-connecte\/#primaryimage"},"thumbnailUrl":"https:\/\/vosgesinfo.fr\/app\/uploads\/sites\/4\/2025\/09\/inauguration-campus-connecte-sddv-3.jpg","keywords":["Agglo de Saint-Di\u00e9-des-Vosges","Campus Connect\u00e9","Campus Connect\u00e9 de Saint-Di\u00e9-des-Vosge","Cit\u00e9 scolaire Jules-Ferry","Minist\u00e8re de l'Enseignement Sup\u00e9rieur","R\u00e9gion Grand Est","Saint-Di\u00e9-des-Vosges inaugure son Campus Connect\u00e9","Universit\u00e9 Jules-Ferry"],"articleSection":["A la Une","\u00c9ducation","Saint-Di\u00e9-des-Vosges","Vosges"],"inLanguage":"fr-FR","potentialAction":[{"@type":"CommentAction","name":"Comment","target":["https:\/\/vosgesinfo.fr\/saintdieinfo\/2025\/09\/saint-die-des-vosges-inaugure-son-campus-connecte\/#respond"]}]},{"@type":"WebPage","@id":"https:\/\/vosgesinfo.fr\/saintdieinfo\/2025\/09\/saint-die-des-vosges-inaugure-son-campus-connecte\/","url":"https:\/\/vosgesinfo.fr\/saintdieinfo\/2025\/09\/saint-die-des-vosges-inaugure-son-campus-connecte\/","name":"Saint-Di\u00e9-des-Vosges inaugure son Campus Connect\u00e9 - Saint Die Info","isPartOf":{"@id":"https:\/\/vosgesinfo.fr\/saintdieinfo\/#website"},"primaryImageOfPage":{"@id":"https:\/\/vosgesinfo.fr\/saintdieinfo\/2025\/09\/saint-die-des-vosges-inaugure-son-campus-connecte\/#primaryimage"},"image":{"@id":"https:\/\/vosgesinfo.fr\/saintdieinfo\/2025\/09\/saint-die-des-vosges-inaugure-son-campus-connecte\/#primaryimage"},"thumbnailUrl":"https:\/\/vosgesinfo.fr\/app\/uploads\/sites\/4\/2025\/09\/inauguration-campus-connecte-sddv-3.jpg","datePublished":"2025-09-12T06:40:23+00:00","dateModified":"2025-09-12T06:36:22+00:00","breadcrumb":{"@id":"https:\/\/vosgesinfo.fr\/saintdieinfo\/2025\/09\/saint-die-des-vosges-inaugure-son-campus-connecte\/#breadcrumb"},"inLanguage":"fr-FR","potentialAction":[{"@type":"ReadAction","target":["https:\/\/vosgesinfo.fr\/saintdieinfo\/2025\/09\/saint-die-des-vosges-inaugure-son-campus-connecte\/"]}]},{"@type":"ImageObject","inLanguage":"fr-FR","@id":"https:\/\/vosgesinfo.fr\/saintdieinfo\/2025\/09\/saint-die-des-vosges-inaugure-son-campus-connecte\/#primaryimage","url":"https:\/\/vosgesinfo.fr\/app\/uploads\/sites\/4\/2025\/09\/inauguration-campus-connecte-sddv-3.jpg","contentUrl":"https:\/\/vosgesinfo.fr\/app\/uploads\/sites\/4\/2025\/09\/inauguration-campus-connecte-sddv-3.jpg","width":2040,"height":1536},{"@type":"BreadcrumbList","@id":"https:\/\/vosgesinfo.fr\/saintdieinfo\/2025\/09\/saint-die-des-vosges-inaugure-son-campus-connecte\/#breadcrumb","itemListElement":[{"@type":"ListItem","position":1,"name":"Home","item":"https:\/\/vosgesinfo.fr\/saintdieinfo\/"},{"@type":"ListItem","position":2,"name":"Saint-Di\u00e9-des-Vosges inaugure son Campus Connect\u00e9"}]},{"@type":"WebSite","@id":"https:\/\/vosgesinfo.fr\/saintdieinfo\/#website","url":"https:\/\/vosgesinfo.fr\/saintdieinfo\/","name":"Saint Die Info","description":"Toute l&#039;actualit\u00e9 de Saint-Di\u00e9-Des-Vosges","publisher":{"@id":"https:\/\/vosgesinfo.fr\/saintdieinfo\/#organization"},"alternateName":"Toute l'actualit\u00e9 de Saint-Di\u00e9-Des-Vosges","potentialAction":[{"@type":"SearchAction","target":{"@type":"EntryPoint","urlTemplate":"https:\/\/vosgesinfo.fr\/saintdieinfo\/?s={search_term_string}"},"query-input":"required name=search_term_string"}],"inLanguage":"fr-FR"},{"@type":"Organization","@id":"https:\/\/vosgesinfo.fr\/saintdieinfo\/#organization","name":"Saint Die Info","url":"https:\/\/vosgesinfo.fr\/saintdieinfo\/","logo":{"@type":"ImageObject","inLanguage":"fr-FR","@id":"https:\/\/vosgesinfo.fr\/saintdieinfo\/#\/schema\/logo\/image\/","url":"https:\/\/vosgesinfo.fr\/app\/uploads\/sites\/4\/2024\/02\/logo-sdi.jpg","contentUrl":"https:\/\/vosgesinfo.fr\/app\/uploads\/sites\/4\/2024\/02\/logo-sdi.jpg","width":600,"height":600,"caption":"Saint Die Info"},"image":{"@id":"https:\/\/vosgesinfo.fr\/saintdieinfo\/#\/schema\/logo\/image\/"},"sameAs":["https:\/\/www.facebook.com\/Saintdieinfofr","https:\/\/x.com\/VosgesInfo88","https:\/\/www.youtube.com\/@vosgesinfo"]},{"@type":"Person","@id":"https:\/\/vosgesinfo.fr\/saintdieinfo\/#\/schema\/person\/fa73e9f726d67bb88f46d5b7943cb572","name":"J.J.","image":{"@type":"ImageObject","inLanguage":"fr-FR","@id":"https:\/\/vosgesinfo.fr\/saintdieinfo\/#\/schema\/person\/image\/","url":"https:\/\/secure.gravatar.com\/avatar\/219e749e47ffbcca018a360ae4add7d4cdf1cdaaf8bc7676b27efade3fe65615?s=96&d=mm&r=g","contentUrl":"https:\/\/secure.gravatar.com\/avatar\/219e749e47ffbcca018a360ae4add7d4cdf1cdaaf8bc7676b27efade3fe65615?s=96&d=mm&r=g","caption":"J.J."},"url":"https:\/\/vosgesinfo.fr\/saintdieinfo\/author\/j-j\/"}]}},"_links":{"self":[{"href":"https:\/\/vosgesinfo.fr\/saintdieinfo\/wp-json\/wp\/v2\/posts\/82029","targetHints":{"allow":["GET"]}}],"collection":[{"href":"https:\/\/vosgesinfo.fr\/saintdieinfo\/wp-json\/wp\/v2\/posts"}],"about":[{"href":"https:\/\/vosgesinfo.fr\/saintdieinfo\/wp-json\/wp\/v2\/types\/post"}],"author":[{"embeddable":true,"href":"https:\/\/vosgesinfo.fr\/saintdieinfo\/wp-json\/wp\/v2\/users\/46"}],"replies":[{"embeddable":true,"href":"https:\/\/vosgesinfo.fr\/saintdieinfo\/wp-json\/wp\/v2\/comments?post=82029"}],"version-history":[{"count":5,"href":"https:\/\/vosgesinfo.fr\/saintdieinfo\/wp-json\/wp\/v2\/posts\/82029\/revisions"}],"predecessor-version":[{"id":82039,"href":"https:\/\/vosgesinfo.fr\/saintdieinfo\/wp-json\/wp\/v2\/posts\/82029\/revisions\/82039"}],"wp:featuredmedia":[{"embeddable":true,"href":"https:\/\/vosgesinfo.fr\/saintdieinfo\/wp-json\/wp\/v2\/media\/82032"}],"wp:attachment":[{"href":"https:\/\/vosgesinfo.fr\/saintdieinfo\/wp-json\/wp\/v2\/media?parent=82029"}],"wp:term":[{"taxonomy":"category","embeddable":true,"href":"https:\/\/vosgesinfo.fr\/saintdieinfo\/wp-json\/wp\/v2\/categories?post=82029"},{"taxonomy":"post_tag","embeddable":true,"href":"https:\/\/vosgesinfo.fr\/saintdieinfo\/wp-json\/wp\/v2\/tags?post=82029"}],"curies":[{"name":"wp","href":"https:\/\/api.w.org\/{rel}","templated":true}]}}