{"id":82048,"date":"2025-09-12T12:00:52","date_gmt":"2025-09-12T10:00:52","guid":{"rendered":"https:\/\/vosgesinfo.fr\/saintdieinfo\/?p=82048"},"modified":"2025-09-12T11:45:23","modified_gmt":"2025-09-12T09:45:23","slug":"la-bande-dessinee-geographia-sinvite-a-la-boussole","status":"publish","type":"post","link":"https:\/\/vosgesinfo.fr\/saintdieinfo\/2025\/09\/la-bande-dessinee-geographia-sinvite-a-la-boussole\/","title":{"rendered":"La bande-dessin\u00e9e \u00ab\u00a0Geographia\u00a0\u00bb s\u2019invite \u00e0 la Boussole"},"content":{"rendered":"<h3><a href=\"https:\/\/vosgesinfo.fr\/app\/uploads\/sites\/4\/2025\/09\/geographia-la-boussole-1.png\"><img decoding=\"async\" class=\"alignnone size-full wp-image-82049\" src=\"https:\/\/vosgesinfo.fr\/app\/uploads\/sites\/4\/2025\/09\/geographia-la-boussole-1.png\" alt=\"\" width=\"600\" height=\"600\" srcset=\"https:\/\/vosgesinfo.fr\/app\/uploads\/sites\/4\/2025\/09\/geographia-la-boussole-1.png 600w, https:\/\/vosgesinfo.fr\/app\/uploads\/sites\/4\/2025\/09\/geographia-la-boussole-1-300x300.png 300w, https:\/\/vosgesinfo.fr\/app\/uploads\/sites\/4\/2025\/09\/geographia-la-boussole-1-150x150.png 150w\" sizes=\"(max-width: 600px) 100vw, 600px\" \/><\/a><\/h3>\n<h2>Durant les mois de septembre et octobre, <strong>la Boussole<\/strong> met en avant la bande dessin\u00e9e <em>Geographia, l\u2019odyss\u00e9e cartographique de Ptol\u00e9m\u00e9e. <\/em>R\u00e9alis\u00e9e par <strong>Emmanuelle Vagnon et Jean Leveugle<\/strong>, et publi\u00e9e en 2024 aux \u00e9ditions Futuropolis et \u00e0 la BNF, l\u2019ouvrage retrace les aventures de <strong>Ptol\u00e9m\u00e9e.<\/strong> G\u00e9ographe et astronome de l\u2019Antiquit\u00e9, ce dernier est d\u00e9termin\u00e9 \u00e0 montrer l\u2019importance de sa vision du monde \u00e0 travers les si\u00e8cles, les civilisations et les cartes. Avec humour et \u00e9rudition, cette BD revisite l\u2019histoire de la cartographie.<\/h2>\n<p><!--more--><\/p>\n<h3><strong>Une exposition \u00e0 d\u00e9couvrir jusque fin octobre<\/strong><\/h3>\n<p>Du <strong>12 septembre au 31 octobre<\/strong>, l\u2019exposition <em>Geographia, l\u2019Odyss\u00e9e cartographique<\/em> propose un voyage \u00e0 travers l\u2019histoire de la cartographie et de la g\u00e9ographie. Elle pr\u00e9sente un parall\u00e8le entre le travail des auteurs et des documents rares conserv\u00e9s \u00e0 la Boussole, tels qu\u2019un manuscrit du <strong>XIIe si\u00e8cle<\/strong> d\u2019Isidore de S\u00e9ville ou la <em>Cosmographiae introductio<\/em>.<\/p>\n<h3><strong>Rencontre, ateliers et visites guid\u00e9es<\/strong><\/h3>\n<p>Le <strong>samedi 13 septembre \u00e0 14h30<\/strong>, une rencontre avec les auteurs permettra d\u2019\u00e9changer avec <strong>Jean Leveugle et Emmanuelle Vagnon<\/strong> \u00e0 la salle Isabelle Autissier, en partenariat avec la librairie Le Neuf.<\/p>\n<p>Les <strong>mercredis 17 et 24 septembre de 14h30 \u00e0 16h<\/strong>, un atelier de <em>cartographie fantastique<\/em> invitera le public d\u00e8s <strong>10 ans<\/strong> \u00e0 imaginer et cr\u00e9er leur propre carte.<br \/>\nDeux visites guid\u00e9es de l\u2019exposition <em>Geographia<\/em> sont programm\u00e9es le <strong>samedi 20 septembre<\/strong> \u00e0 <strong>11h et 16h<\/strong>, puis le <strong>samedi 18 octobre<\/strong> de <strong>14h30 \u00e0 15h30<\/strong>.<\/p>\n","protected":false},"excerpt":{"rendered":"<p>Durant les mois de septembre et octobre, la Boussole met en avant la bande dessin\u00e9e Geographia, l\u2019odyss\u00e9e cartographique de Ptol\u00e9m\u00e9e. [&hellip;]<\/p>\n","protected":false},"author":46,"featured_media":82049,"comment_status":"open","ping_status":"open","sticky":false,"template":"","format":"standard","meta":{"footnotes":""},"categories":[460,7847,8090,167],"tags":[18232,18231,18233,3027,18230],"class_list":["post-82048","post","type-post","status-publish","format-standard","has-post-thumbnail","hentry","category-a-la-une","category-art-culture","category-litterature","category-saint-die-des-vosges","tag-emmanuelle-vagnon","tag-geographia","tag-jean-leveugle","tag-la-boussole","tag-ptolemee"],"acf":[],"yoast_head":"<!-- This site is optimized with the Yoast SEO plugin v22.5 - https:\/\/yoast.com\/wordpress\/plugins\/seo\/ -->\n<title>La bande-dessin\u00e9e &quot;Geographia&quot; s\u2019invite \u00e0 la Boussole - Saint Die Info<\/title>\n<meta name=\"robots\" content=\"index, follow, max-snippet:-1, max-image-preview:large, max-video-preview:-1\" \/>\n<link rel=\"canonical\" href=\"https:\/\/vosgesinfo.fr\/saintdieinfo\/2025\/09\/la-bande-dessinee-geographia-sinvite-a-la-boussole\/\" \/>\n<meta name=\"twitter:card\" content=\"summary_large_image\" \/>\n<meta name=\"twitter:title\" content=\"La bande-dessin\u00e9e &quot;Geographia&quot; s\u2019invite \u00e0 la Boussole - Saint Die Info\" \/>\n<meta name=\"twitter:description\" content=\"Durant les mois de septembre et octobre, la Boussole met en avant la bande dessin\u00e9e Geographia, l\u2019odyss\u00e9e cartographique de Ptol\u00e9m\u00e9e. [&hellip;]\" \/>\n<meta name=\"twitter:image\" content=\"https:\/\/vosgesinfo.fr\/app\/uploads\/sites\/4\/2025\/09\/geographia-la-boussole-1.png\" \/>\n<meta name=\"twitter:creator\" content=\"@VosgesInfo88\" \/>\n<meta name=\"twitter:site\" content=\"@VosgesInfo88\" \/>\n<meta name=\"twitter:label1\" content=\"\u00c9crit par\" \/>\n\t<meta name=\"twitter:data1\" content=\"J.J.\" \/>\n\t<meta name=\"twitter:label2\" content=\"Dur\u00e9e de lecture estim\u00e9e\" \/>\n\t<meta name=\"twitter:data2\" content=\"1 minute\" \/>\n<script type=\"application\/ld+json\" class=\"yoast-schema-graph\">{\"@context\":\"https:\/\/schema.org\",\"@graph\":[{\"@type\":\"Article\",\"@id\":\"https:\/\/vosgesinfo.fr\/saintdieinfo\/2025\/09\/la-bande-dessinee-geographia-sinvite-a-la-boussole\/#article\",\"isPartOf\":{\"@id\":\"https:\/\/vosgesinfo.fr\/saintdieinfo\/2025\/09\/la-bande-dessinee-geographia-sinvite-a-la-boussole\/\"},\"author\":{\"name\":\"J.J.\",\"@id\":\"https:\/\/vosgesinfo.fr\/saintdieinfo\/#\/schema\/person\/fa73e9f726d67bb88f46d5b7943cb572\"},\"headline\":\"La bande-dessin\u00e9e \u00ab\u00a0Geographia\u00a0\u00bb s\u2019invite \u00e0 la Boussole\",\"datePublished\":\"2025-09-12T10:00:52+00:00\",\"dateModified\":\"2025-09-12T09:45:23+00:00\",\"mainEntityOfPage\":{\"@id\":\"https:\/\/vosgesinfo.fr\/saintdieinfo\/2025\/09\/la-bande-dessinee-geographia-sinvite-a-la-boussole\/\"},\"wordCount\":254,\"commentCount\":0,\"publisher\":{\"@id\":\"https:\/\/vosgesinfo.fr\/saintdieinfo\/#organization\"},\"image\":{\"@id\":\"https:\/\/vosgesinfo.fr\/saintdieinfo\/2025\/09\/la-bande-dessinee-geographia-sinvite-a-la-boussole\/#primaryimage\"},\"thumbnailUrl\":\"https:\/\/vosgesinfo.fr\/app\/uploads\/sites\/4\/2025\/09\/geographia-la-boussole-1.png\",\"keywords\":[\"Emmanuelle Vagnon\",\"Geographia\",\"Jean Leveugle\",\"La Boussole\",\"Ptol\u00e9m\u00e9e\"],\"articleSection\":[\"A la Une\",\"Culture\",\"Litt\u00e9rature\",\"Saint-Di\u00e9-des-Vosges\"],\"inLanguage\":\"fr-FR\",\"potentialAction\":[{\"@type\":\"CommentAction\",\"name\":\"Comment\",\"target\":[\"https:\/\/vosgesinfo.fr\/saintdieinfo\/2025\/09\/la-bande-dessinee-geographia-sinvite-a-la-boussole\/#respond\"]}]},{\"@type\":\"WebPage\",\"@id\":\"https:\/\/vosgesinfo.fr\/saintdieinfo\/2025\/09\/la-bande-dessinee-geographia-sinvite-a-la-boussole\/\",\"url\":\"https:\/\/vosgesinfo.fr\/saintdieinfo\/2025\/09\/la-bande-dessinee-geographia-sinvite-a-la-boussole\/\",\"name\":\"La bande-dessin\u00e9e \\\"Geographia\\\" s\u2019invite \u00e0 la Boussole - Saint Die Info\",\"isPartOf\":{\"@id\":\"https:\/\/vosgesinfo.fr\/saintdieinfo\/#website\"},\"primaryImageOfPage\":{\"@id\":\"https:\/\/vosgesinfo.fr\/saintdieinfo\/2025\/09\/la-bande-dessinee-geographia-sinvite-a-la-boussole\/#primaryimage\"},\"image\":{\"@id\":\"https:\/\/vosgesinfo.fr\/saintdieinfo\/2025\/09\/la-bande-dessinee-geographia-sinvite-a-la-boussole\/#primaryimage\"},\"thumbnailUrl\":\"https:\/\/vosgesinfo.fr\/app\/uploads\/sites\/4\/2025\/09\/geographia-la-boussole-1.png\",\"datePublished\":\"2025-09-12T10:00:52+00:00\",\"dateModified\":\"2025-09-12T09:45:23+00:00\",\"breadcrumb\":{\"@id\":\"https:\/\/vosgesinfo.fr\/saintdieinfo\/2025\/09\/la-bande-dessinee-geographia-sinvite-a-la-boussole\/#breadcrumb\"},\"inLanguage\":\"fr-FR\",\"potentialAction\":[{\"@type\":\"ReadAction\",\"target\":[\"https:\/\/vosgesinfo.fr\/saintdieinfo\/2025\/09\/la-bande-dessinee-geographia-sinvite-a-la-boussole\/\"]}]},{\"@type\":\"ImageObject\",\"inLanguage\":\"fr-FR\",\"@id\":\"https:\/\/vosgesinfo.fr\/saintdieinfo\/2025\/09\/la-bande-dessinee-geographia-sinvite-a-la-boussole\/#primaryimage\",\"url\":\"https:\/\/vosgesinfo.fr\/app\/uploads\/sites\/4\/2025\/09\/geographia-la-boussole-1.png\",\"contentUrl\":\"https:\/\/vosgesinfo.fr\/app\/uploads\/sites\/4\/2025\/09\/geographia-la-boussole-1.png\",\"width\":600,\"height\":600},{\"@type\":\"BreadcrumbList\",\"@id\":\"https:\/\/vosgesinfo.fr\/saintdieinfo\/2025\/09\/la-bande-dessinee-geographia-sinvite-a-la-boussole\/#breadcrumb\",\"itemListElement\":[{\"@type\":\"ListItem\",\"position\":1,\"name\":\"Home\",\"item\":\"https:\/\/vosgesinfo.fr\/saintdieinfo\/\"},{\"@type\":\"ListItem\",\"position\":2,\"name\":\"La bande-dessin\u00e9e \u00ab\u00a0Geographia\u00a0\u00bb s\u2019invite \u00e0 la Boussole\"}]},{\"@type\":\"WebSite\",\"@id\":\"https:\/\/vosgesinfo.fr\/saintdieinfo\/#website\",\"url\":\"https:\/\/vosgesinfo.fr\/saintdieinfo\/\",\"name\":\"Saint Die Info\",\"description\":\"Toute l&#039;actualit\u00e9 de Saint-Di\u00e9-Des-Vosges\",\"publisher\":{\"@id\":\"https:\/\/vosgesinfo.fr\/saintdieinfo\/#organization\"},\"alternateName\":\"Toute l'actualit\u00e9 de Saint-Di\u00e9-Des-Vosges\",\"potentialAction\":[{\"@type\":\"SearchAction\",\"target\":{\"@type\":\"EntryPoint\",\"urlTemplate\":\"https:\/\/vosgesinfo.fr\/saintdieinfo\/?s={search_term_string}\"},\"query-input\":\"required name=search_term_string\"}],\"inLanguage\":\"fr-FR\"},{\"@type\":\"Organization\",\"@id\":\"https:\/\/vosgesinfo.fr\/saintdieinfo\/#organization\",\"name\":\"Saint Die Info\",\"url\":\"https:\/\/vosgesinfo.fr\/saintdieinfo\/\",\"logo\":{\"@type\":\"ImageObject\",\"inLanguage\":\"fr-FR\",\"@id\":\"https:\/\/vosgesinfo.fr\/saintdieinfo\/#\/schema\/logo\/image\/\",\"url\":\"https:\/\/vosgesinfo.fr\/app\/uploads\/sites\/4\/2024\/02\/logo-sdi.jpg\",\"contentUrl\":\"https:\/\/vosgesinfo.fr\/app\/uploads\/sites\/4\/2024\/02\/logo-sdi.jpg\",\"width\":600,\"height\":600,\"caption\":\"Saint Die Info\"},\"image\":{\"@id\":\"https:\/\/vosgesinfo.fr\/saintdieinfo\/#\/schema\/logo\/image\/\"},\"sameAs\":[\"https:\/\/www.facebook.com\/Saintdieinfofr\",\"https:\/\/x.com\/VosgesInfo88\",\"https:\/\/www.youtube.com\/@vosgesinfo\"]},{\"@type\":\"Person\",\"@id\":\"https:\/\/vosgesinfo.fr\/saintdieinfo\/#\/schema\/person\/fa73e9f726d67bb88f46d5b7943cb572\",\"name\":\"J.J.\",\"image\":{\"@type\":\"ImageObject\",\"inLanguage\":\"fr-FR\",\"@id\":\"https:\/\/vosgesinfo.fr\/saintdieinfo\/#\/schema\/person\/image\/\",\"url\":\"https:\/\/secure.gravatar.com\/avatar\/219e749e47ffbcca018a360ae4add7d4cdf1cdaaf8bc7676b27efade3fe65615?s=96&d=mm&r=g\",\"contentUrl\":\"https:\/\/secure.gravatar.com\/avatar\/219e749e47ffbcca018a360ae4add7d4cdf1cdaaf8bc7676b27efade3fe65615?s=96&d=mm&r=g\",\"caption\":\"J.J.\"},\"url\":\"https:\/\/vosgesinfo.fr\/saintdieinfo\/author\/j-j\/\"}]}<\/script>\n<!-- \/ Yoast SEO plugin. -->","yoast_head_json":{"title":"La bande-dessin\u00e9e \"Geographia\" s\u2019invite \u00e0 la Boussole - Saint Die Info","robots":{"index":"index","follow":"follow","max-snippet":"max-snippet:-1","max-image-preview":"max-image-preview:large","max-video-preview":"max-video-preview:-1"},"canonical":"https:\/\/vosgesinfo.fr\/saintdieinfo\/2025\/09\/la-bande-dessinee-geographia-sinvite-a-la-boussole\/","twitter_card":"summary_large_image","twitter_title":"La bande-dessin\u00e9e \"Geographia\" s\u2019invite \u00e0 la Boussole - Saint Die Info","twitter_description":"Durant les mois de septembre et octobre, la Boussole met en avant la bande dessin\u00e9e Geographia, l\u2019odyss\u00e9e cartographique de Ptol\u00e9m\u00e9e. [&hellip;]","twitter_image":"https:\/\/vosgesinfo.fr\/app\/uploads\/sites\/4\/2025\/09\/geographia-la-boussole-1.png","twitter_creator":"@VosgesInfo88","twitter_site":"@VosgesInfo88","twitter_misc":{"\u00c9crit par":"J.J.","Dur\u00e9e de lecture estim\u00e9e":"1 minute"},"schema":{"@context":"https:\/\/schema.org","@graph":[{"@type":"Article","@id":"https:\/\/vosgesinfo.fr\/saintdieinfo\/2025\/09\/la-bande-dessinee-geographia-sinvite-a-la-boussole\/#article","isPartOf":{"@id":"https:\/\/vosgesinfo.fr\/saintdieinfo\/2025\/09\/la-bande-dessinee-geographia-sinvite-a-la-boussole\/"},"author":{"name":"J.J.","@id":"https:\/\/vosgesinfo.fr\/saintdieinfo\/#\/schema\/person\/fa73e9f726d67bb88f46d5b7943cb572"},"headline":"La bande-dessin\u00e9e \u00ab\u00a0Geographia\u00a0\u00bb s\u2019invite \u00e0 la Boussole","datePublished":"2025-09-12T10:00:52+00:00","dateModified":"2025-09-12T09:45:23+00:00","mainEntityOfPage":{"@id":"https:\/\/vosgesinfo.fr\/saintdieinfo\/2025\/09\/la-bande-dessinee-geographia-sinvite-a-la-boussole\/"},"wordCount":254,"commentCount":0,"publisher":{"@id":"https:\/\/vosgesinfo.fr\/saintdieinfo\/#organization"},"image":{"@id":"https:\/\/vosgesinfo.fr\/saintdieinfo\/2025\/09\/la-bande-dessinee-geographia-sinvite-a-la-boussole\/#primaryimage"},"thumbnailUrl":"https:\/\/vosgesinfo.fr\/app\/uploads\/sites\/4\/2025\/09\/geographia-la-boussole-1.png","keywords":["Emmanuelle Vagnon","Geographia","Jean Leveugle","La Boussole","Ptol\u00e9m\u00e9e"],"articleSection":["A la Une","Culture","Litt\u00e9rature","Saint-Di\u00e9-des-Vosges"],"inLanguage":"fr-FR","potentialAction":[{"@type":"CommentAction","name":"Comment","target":["https:\/\/vosgesinfo.fr\/saintdieinfo\/2025\/09\/la-bande-dessinee-geographia-sinvite-a-la-boussole\/#respond"]}]},{"@type":"WebPage","@id":"https:\/\/vosgesinfo.fr\/saintdieinfo\/2025\/09\/la-bande-dessinee-geographia-sinvite-a-la-boussole\/","url":"https:\/\/vosgesinfo.fr\/saintdieinfo\/2025\/09\/la-bande-dessinee-geographia-sinvite-a-la-boussole\/","name":"La bande-dessin\u00e9e \"Geographia\" s\u2019invite \u00e0 la Boussole - Saint Die Info","isPartOf":{"@id":"https:\/\/vosgesinfo.fr\/saintdieinfo\/#website"},"primaryImageOfPage":{"@id":"https:\/\/vosgesinfo.fr\/saintdieinfo\/2025\/09\/la-bande-dessinee-geographia-sinvite-a-la-boussole\/#primaryimage"},"image":{"@id":"https:\/\/vosgesinfo.fr\/saintdieinfo\/2025\/09\/la-bande-dessinee-geographia-sinvite-a-la-boussole\/#primaryimage"},"thumbnailUrl":"https:\/\/vosgesinfo.fr\/app\/uploads\/sites\/4\/2025\/09\/geographia-la-boussole-1.png","datePublished":"2025-09-12T10:00:52+00:00","dateModified":"2025-09-12T09:45:23+00:00","breadcrumb":{"@id":"https:\/\/vosgesinfo.fr\/saintdieinfo\/2025\/09\/la-bande-dessinee-geographia-sinvite-a-la-boussole\/#breadcrumb"},"inLanguage":"fr-FR","potentialAction":[{"@type":"ReadAction","target":["https:\/\/vosgesinfo.fr\/saintdieinfo\/2025\/09\/la-bande-dessinee-geographia-sinvite-a-la-boussole\/"]}]},{"@type":"ImageObject","inLanguage":"fr-FR","@id":"https:\/\/vosgesinfo.fr\/saintdieinfo\/2025\/09\/la-bande-dessinee-geographia-sinvite-a-la-boussole\/#primaryimage","url":"https:\/\/vosgesinfo.fr\/app\/uploads\/sites\/4\/2025\/09\/geographia-la-boussole-1.png","contentUrl":"https:\/\/vosgesinfo.fr\/app\/uploads\/sites\/4\/2025\/09\/geographia-la-boussole-1.png","width":600,"height":600},{"@type":"BreadcrumbList","@id":"https:\/\/vosgesinfo.fr\/saintdieinfo\/2025\/09\/la-bande-dessinee-geographia-sinvite-a-la-boussole\/#breadcrumb","itemListElement":[{"@type":"ListItem","position":1,"name":"Home","item":"https:\/\/vosgesinfo.fr\/saintdieinfo\/"},{"@type":"ListItem","position":2,"name":"La bande-dessin\u00e9e \u00ab\u00a0Geographia\u00a0\u00bb s\u2019invite \u00e0 la Boussole"}]},{"@type":"WebSite","@id":"https:\/\/vosgesinfo.fr\/saintdieinfo\/#website","url":"https:\/\/vosgesinfo.fr\/saintdieinfo\/","name":"Saint Die Info","description":"Toute l&#039;actualit\u00e9 de Saint-Di\u00e9-Des-Vosges","publisher":{"@id":"https:\/\/vosgesinfo.fr\/saintdieinfo\/#organization"},"alternateName":"Toute l'actualit\u00e9 de Saint-Di\u00e9-Des-Vosges","potentialAction":[{"@type":"SearchAction","target":{"@type":"EntryPoint","urlTemplate":"https:\/\/vosgesinfo.fr\/saintdieinfo\/?s={search_term_string}"},"query-input":"required name=search_term_string"}],"inLanguage":"fr-FR"},{"@type":"Organization","@id":"https:\/\/vosgesinfo.fr\/saintdieinfo\/#organization","name":"Saint Die Info","url":"https:\/\/vosgesinfo.fr\/saintdieinfo\/","logo":{"@type":"ImageObject","inLanguage":"fr-FR","@id":"https:\/\/vosgesinfo.fr\/saintdieinfo\/#\/schema\/logo\/image\/","url":"https:\/\/vosgesinfo.fr\/app\/uploads\/sites\/4\/2024\/02\/logo-sdi.jpg","contentUrl":"https:\/\/vosgesinfo.fr\/app\/uploads\/sites\/4\/2024\/02\/logo-sdi.jpg","width":600,"height":600,"caption":"Saint Die Info"},"image":{"@id":"https:\/\/vosgesinfo.fr\/saintdieinfo\/#\/schema\/logo\/image\/"},"sameAs":["https:\/\/www.facebook.com\/Saintdieinfofr","https:\/\/x.com\/VosgesInfo88","https:\/\/www.youtube.com\/@vosgesinfo"]},{"@type":"Person","@id":"https:\/\/vosgesinfo.fr\/saintdieinfo\/#\/schema\/person\/fa73e9f726d67bb88f46d5b7943cb572","name":"J.J.","image":{"@type":"ImageObject","inLanguage":"fr-FR","@id":"https:\/\/vosgesinfo.fr\/saintdieinfo\/#\/schema\/person\/image\/","url":"https:\/\/secure.gravatar.com\/avatar\/219e749e47ffbcca018a360ae4add7d4cdf1cdaaf8bc7676b27efade3fe65615?s=96&d=mm&r=g","contentUrl":"https:\/\/secure.gravatar.com\/avatar\/219e749e47ffbcca018a360ae4add7d4cdf1cdaaf8bc7676b27efade3fe65615?s=96&d=mm&r=g","caption":"J.J."},"url":"https:\/\/vosgesinfo.fr\/saintdieinfo\/author\/j-j\/"}]}},"_links":{"self":[{"href":"https:\/\/vosgesinfo.fr\/saintdieinfo\/wp-json\/wp\/v2\/posts\/82048","targetHints":{"allow":["GET"]}}],"collection":[{"href":"https:\/\/vosgesinfo.fr\/saintdieinfo\/wp-json\/wp\/v2\/posts"}],"about":[{"href":"https:\/\/vosgesinfo.fr\/saintdieinfo\/wp-json\/wp\/v2\/types\/post"}],"author":[{"embeddable":true,"href":"https:\/\/vosgesinfo.fr\/saintdieinfo\/wp-json\/wp\/v2\/users\/46"}],"replies":[{"embeddable":true,"href":"https:\/\/vosgesinfo.fr\/saintdieinfo\/wp-json\/wp\/v2\/comments?post=82048"}],"version-history":[{"count":1,"href":"https:\/\/vosgesinfo.fr\/saintdieinfo\/wp-json\/wp\/v2\/posts\/82048\/revisions"}],"predecessor-version":[{"id":82050,"href":"https:\/\/vosgesinfo.fr\/saintdieinfo\/wp-json\/wp\/v2\/posts\/82048\/revisions\/82050"}],"wp:featuredmedia":[{"embeddable":true,"href":"https:\/\/vosgesinfo.fr\/saintdieinfo\/wp-json\/wp\/v2\/media\/82049"}],"wp:attachment":[{"href":"https:\/\/vosgesinfo.fr\/saintdieinfo\/wp-json\/wp\/v2\/media?parent=82048"}],"wp:term":[{"taxonomy":"category","embeddable":true,"href":"https:\/\/vosgesinfo.fr\/saintdieinfo\/wp-json\/wp\/v2\/categories?post=82048"},{"taxonomy":"post_tag","embeddable":true,"href":"https:\/\/vosgesinfo.fr\/saintdieinfo\/wp-json\/wp\/v2\/tags?post=82048"}],"curies":[{"name":"wp","href":"https:\/\/api.w.org\/{rel}","templated":true}]}}