{"id":82263,"date":"2025-09-18T07:00:05","date_gmt":"2025-09-18T05:00:05","guid":{"rendered":"https:\/\/vosgesinfo.fr\/saintdieinfo\/?p=82263"},"modified":"2025-09-18T07:00:05","modified_gmt":"2025-09-18T05:00:05","slug":"signature-dune-convention-entre-la-gendarmerie-des-vosges-et-enedis-pour-renforcer-la-protection-des-infrastructures-electriques","status":"publish","type":"post","link":"https:\/\/vosgesinfo.fr\/saintdieinfo\/2025\/09\/signature-dune-convention-entre-la-gendarmerie-des-vosges-et-enedis-pour-renforcer-la-protection-des-infrastructures-electriques\/","title":{"rendered":"Signature d\u2019une convention entre la gendarmerie des Vosges et Enedis pour renforcer la protection des infrastructures \u00e9lectriques"},"content":{"rendered":"<div id=\"attachment_135382\" style=\"width: 1437px\" class=\"wp-caption aligncenter\"><a href=\"https:\/\/vosgesinfo.fr\/app\/uploads\/sites\/3\/2025\/09\/548211140-1213435994155831-5794699900577388816-n.jpg\"><img decoding=\"async\" aria-describedby=\"caption-attachment-135382\" class=\"size-full wp-image-135382\" src=\"https:\/\/vosgesinfo.fr\/app\/uploads\/sites\/3\/2025\/09\/548211140-1213435994155831-5794699900577388816-n.jpg\" alt=\"\" width=\"1427\" height=\"1071\" \/><\/a><p id=\"caption-attachment-135382\" class=\"wp-caption-text\">photo gendarmerie<\/p><\/div>\n<p data-start=\"205\" data-end=\"432\">Le colonel Moura, commandant le groupement de gendarmerie des Vosges, et M. Morel, directeur territorial d\u2019Enedis, ont officialis\u00e9 un partenariat destin\u00e9 \u00e0 renforcer la s\u00e9curit\u00e9 des infrastructures \u00e9lectriques du d\u00e9partement.<\/p>\n<p data-start=\"434\" data-end=\"484\">Cette convention repose sur trois axes majeurs :<\/p>\n<ul data-start=\"485\" data-end=\"830\">\n<li data-start=\"485\" data-end=\"586\">\n<p data-start=\"487\" data-end=\"586\"><strong data-start=\"487\" data-end=\"525\">Un meilleur partage d\u2019informations<\/strong> afin d\u2019anticiper et de pr\u00e9venir les actes de malveillance.<\/p>\n<\/li>\n<li data-start=\"587\" data-end=\"717\">\n<p data-start=\"589\" data-end=\"717\"><strong data-start=\"589\" data-end=\"632\">Des actions communes de sensibilisation<\/strong> pour rappeler les risques li\u00e9s aux intrusions ou aux d\u00e9gradations d\u2019installations.<\/p>\n<\/li>\n<li data-start=\"718\" data-end=\"830\">\n<p data-start=\"720\" data-end=\"830\"><strong data-start=\"720\" data-end=\"756\">Un appui renforc\u00e9 aux enqu\u00eateurs<\/strong> en cas d\u2019atteintes au r\u00e9seau, pour gagner en efficacit\u00e9 et en rapidit\u00e9.<\/p>\n<\/li>\n<\/ul>\n<p data-start=\"832\" data-end=\"1170\">Cette coop\u00e9ration s\u2019inscrit dans un contexte marqu\u00e9 par la recrudescence de vols de cuivre et de d\u00e9gradations ciblant des \u00e9quipements sensibles. De tels actes ne se limitent pas \u00e0 un pr\u00e9judice mat\u00e9riel : ils peuvent provoquer des coupures et perturber gravement le fonctionnement du r\u00e9seau \u00e9lectrique, impactant directement les usagers.<\/p>\n<p data-start=\"1172\" data-end=\"1417\">\u00c0 travers cette signature, la gendarmerie et Enedis r\u00e9affirment leur volont\u00e9 commune de prot\u00e9ger les infrastructures essentielles, de lutter contre la d\u00e9linquance et de garantir la continuit\u00e9 du service public de l\u2019\u00e9lectricit\u00e9 dans les Vosges.<\/p>\n","protected":false},"excerpt":{"rendered":"<p>Le colonel Moura, commandant le groupement de gendarmerie des Vosges, et M. Morel, directeur territorial d\u2019Enedis, ont officialis\u00e9 un partenariat [&hellip;]<\/p>\n","protected":false},"author":52,"featured_media":82264,"comment_status":"open","ping_status":"open","sticky":false,"template":"","format":"standard","meta":{"footnotes":""},"categories":[460,5392,5391,5389,4099,4100],"tags":[],"class_list":["post-82263","post","type-post","status-publish","format-standard","has-post-thumbnail","hentry","category-a-la-une","category-epinal","category-gerardmer","category-la-plaine-des-vosges","category-remiremont","category-saint-die"],"acf":[],"yoast_head":"<!-- This site is optimized with the Yoast SEO plugin v22.5 - https:\/\/yoast.com\/wordpress\/plugins\/seo\/ -->\n<title>Signature d\u2019une convention entre la gendarmerie des Vosges et Enedis pour renforcer la protection des infrastructures \u00e9lectriques - Saint Die Info<\/title>\n<meta name=\"robots\" content=\"index, follow, max-snippet:-1, max-image-preview:large, max-video-preview:-1\" \/>\n<link rel=\"canonical\" href=\"https:\/\/vosgesinfo.fr\/saintdieinfo\/2025\/09\/signature-dune-convention-entre-la-gendarmerie-des-vosges-et-enedis-pour-renforcer-la-protection-des-infrastructures-electriques\/\" \/>\n<meta name=\"twitter:card\" content=\"summary_large_image\" \/>\n<meta name=\"twitter:title\" content=\"Signature d\u2019une convention entre la gendarmerie des Vosges et Enedis pour renforcer la protection des infrastructures \u00e9lectriques - Saint Die Info\" \/>\n<meta name=\"twitter:description\" content=\"Le colonel Moura, commandant le groupement de gendarmerie des Vosges, et M. Morel, directeur territorial d\u2019Enedis, ont officialis\u00e9 un partenariat [&hellip;]\" \/>\n<meta name=\"twitter:image\" content=\"https:\/\/vosgesinfo.fr\/app\/uploads\/sites\/4\/2025\/09\/548211140-1213435994155831-5794699900577388816-n.jpg\" \/>\n<meta name=\"twitter:creator\" content=\"@VosgesInfo88\" \/>\n<meta name=\"twitter:site\" content=\"@VosgesInfo88\" \/>\n<meta name=\"twitter:label1\" content=\"\u00c9crit par\" \/>\n\t<meta name=\"twitter:data1\" content=\"C.K.\" \/>\n\t<meta name=\"twitter:label2\" content=\"Dur\u00e9e de lecture estim\u00e9e\" \/>\n\t<meta name=\"twitter:data2\" content=\"1 minute\" \/>\n<script type=\"application\/ld+json\" class=\"yoast-schema-graph\">{\"@context\":\"https:\/\/schema.org\",\"@graph\":[{\"@type\":\"Article\",\"@id\":\"https:\/\/vosgesinfo.fr\/saintdieinfo\/2025\/09\/signature-dune-convention-entre-la-gendarmerie-des-vosges-et-enedis-pour-renforcer-la-protection-des-infrastructures-electriques\/#article\",\"isPartOf\":{\"@id\":\"https:\/\/vosgesinfo.fr\/saintdieinfo\/2025\/09\/signature-dune-convention-entre-la-gendarmerie-des-vosges-et-enedis-pour-renforcer-la-protection-des-infrastructures-electriques\/\"},\"author\":{\"name\":\"C.K.\",\"@id\":\"https:\/\/vosgesinfo.fr\/saintdieinfo\/#\/schema\/person\/6f9a650eeea99d969b6c4ab78fccbe81\"},\"headline\":\"Signature d\u2019une convention entre la gendarmerie des Vosges et Enedis pour renforcer la protection des infrastructures \u00e9lectriques\",\"datePublished\":\"2025-09-18T05:00:05+00:00\",\"dateModified\":\"2025-09-18T05:00:05+00:00\",\"mainEntityOfPage\":{\"@id\":\"https:\/\/vosgesinfo.fr\/saintdieinfo\/2025\/09\/signature-dune-convention-entre-la-gendarmerie-des-vosges-et-enedis-pour-renforcer-la-protection-des-infrastructures-electriques\/\"},\"wordCount\":213,\"commentCount\":0,\"publisher\":{\"@id\":\"https:\/\/vosgesinfo.fr\/saintdieinfo\/#organization\"},\"image\":{\"@id\":\"https:\/\/vosgesinfo.fr\/saintdieinfo\/2025\/09\/signature-dune-convention-entre-la-gendarmerie-des-vosges-et-enedis-pour-renforcer-la-protection-des-infrastructures-electriques\/#primaryimage\"},\"thumbnailUrl\":\"https:\/\/vosgesinfo.fr\/app\/uploads\/sites\/4\/2025\/09\/548211140-1213435994155831-5794699900577388816-n.jpg\",\"articleSection\":[\"A la Une\",\"Epinal\",\"Gerardmer\",\"La plaine des vosges\",\"Remiremont\",\"Saint-di\u00e9\"],\"inLanguage\":\"fr-FR\",\"potentialAction\":[{\"@type\":\"CommentAction\",\"name\":\"Comment\",\"target\":[\"https:\/\/vosgesinfo.fr\/saintdieinfo\/2025\/09\/signature-dune-convention-entre-la-gendarmerie-des-vosges-et-enedis-pour-renforcer-la-protection-des-infrastructures-electriques\/#respond\"]}]},{\"@type\":\"WebPage\",\"@id\":\"https:\/\/vosgesinfo.fr\/saintdieinfo\/2025\/09\/signature-dune-convention-entre-la-gendarmerie-des-vosges-et-enedis-pour-renforcer-la-protection-des-infrastructures-electriques\/\",\"url\":\"https:\/\/vosgesinfo.fr\/saintdieinfo\/2025\/09\/signature-dune-convention-entre-la-gendarmerie-des-vosges-et-enedis-pour-renforcer-la-protection-des-infrastructures-electriques\/\",\"name\":\"Signature d\u2019une convention entre la gendarmerie des Vosges et Enedis pour renforcer la protection des infrastructures \u00e9lectriques - Saint Die Info\",\"isPartOf\":{\"@id\":\"https:\/\/vosgesinfo.fr\/saintdieinfo\/#website\"},\"primaryImageOfPage\":{\"@id\":\"https:\/\/vosgesinfo.fr\/saintdieinfo\/2025\/09\/signature-dune-convention-entre-la-gendarmerie-des-vosges-et-enedis-pour-renforcer-la-protection-des-infrastructures-electriques\/#primaryimage\"},\"image\":{\"@id\":\"https:\/\/vosgesinfo.fr\/saintdieinfo\/2025\/09\/signature-dune-convention-entre-la-gendarmerie-des-vosges-et-enedis-pour-renforcer-la-protection-des-infrastructures-electriques\/#primaryimage\"},\"thumbnailUrl\":\"https:\/\/vosgesinfo.fr\/app\/uploads\/sites\/4\/2025\/09\/548211140-1213435994155831-5794699900577388816-n.jpg\",\"datePublished\":\"2025-09-18T05:00:05+00:00\",\"dateModified\":\"2025-09-18T05:00:05+00:00\",\"breadcrumb\":{\"@id\":\"https:\/\/vosgesinfo.fr\/saintdieinfo\/2025\/09\/signature-dune-convention-entre-la-gendarmerie-des-vosges-et-enedis-pour-renforcer-la-protection-des-infrastructures-electriques\/#breadcrumb\"},\"inLanguage\":\"fr-FR\",\"potentialAction\":[{\"@type\":\"ReadAction\",\"target\":[\"https:\/\/vosgesinfo.fr\/saintdieinfo\/2025\/09\/signature-dune-convention-entre-la-gendarmerie-des-vosges-et-enedis-pour-renforcer-la-protection-des-infrastructures-electriques\/\"]}]},{\"@type\":\"ImageObject\",\"inLanguage\":\"fr-FR\",\"@id\":\"https:\/\/vosgesinfo.fr\/saintdieinfo\/2025\/09\/signature-dune-convention-entre-la-gendarmerie-des-vosges-et-enedis-pour-renforcer-la-protection-des-infrastructures-electriques\/#primaryimage\",\"url\":\"https:\/\/vosgesinfo.fr\/app\/uploads\/sites\/4\/2025\/09\/548211140-1213435994155831-5794699900577388816-n.jpg\",\"contentUrl\":\"https:\/\/vosgesinfo.fr\/app\/uploads\/sites\/4\/2025\/09\/548211140-1213435994155831-5794699900577388816-n.jpg\",\"width\":1427,\"height\":1071},{\"@type\":\"BreadcrumbList\",\"@id\":\"https:\/\/vosgesinfo.fr\/saintdieinfo\/2025\/09\/signature-dune-convention-entre-la-gendarmerie-des-vosges-et-enedis-pour-renforcer-la-protection-des-infrastructures-electriques\/#breadcrumb\",\"itemListElement\":[{\"@type\":\"ListItem\",\"position\":1,\"name\":\"Home\",\"item\":\"https:\/\/vosgesinfo.fr\/saintdieinfo\/\"},{\"@type\":\"ListItem\",\"position\":2,\"name\":\"Signature d\u2019une convention entre la gendarmerie des Vosges et Enedis pour renforcer la protection des infrastructures \u00e9lectriques\"}]},{\"@type\":\"WebSite\",\"@id\":\"https:\/\/vosgesinfo.fr\/saintdieinfo\/#website\",\"url\":\"https:\/\/vosgesinfo.fr\/saintdieinfo\/\",\"name\":\"Saint Die Info\",\"description\":\"Toute l&#039;actualit\u00e9 de Saint-Di\u00e9-Des-Vosges\",\"publisher\":{\"@id\":\"https:\/\/vosgesinfo.fr\/saintdieinfo\/#organization\"},\"alternateName\":\"Toute l'actualit\u00e9 de Saint-Di\u00e9-Des-Vosges\",\"potentialAction\":[{\"@type\":\"SearchAction\",\"target\":{\"@type\":\"EntryPoint\",\"urlTemplate\":\"https:\/\/vosgesinfo.fr\/saintdieinfo\/?s={search_term_string}\"},\"query-input\":\"required name=search_term_string\"}],\"inLanguage\":\"fr-FR\"},{\"@type\":\"Organization\",\"@id\":\"https:\/\/vosgesinfo.fr\/saintdieinfo\/#organization\",\"name\":\"Saint Die Info\",\"url\":\"https:\/\/vosgesinfo.fr\/saintdieinfo\/\",\"logo\":{\"@type\":\"ImageObject\",\"inLanguage\":\"fr-FR\",\"@id\":\"https:\/\/vosgesinfo.fr\/saintdieinfo\/#\/schema\/logo\/image\/\",\"url\":\"https:\/\/vosgesinfo.fr\/app\/uploads\/sites\/4\/2024\/02\/logo-sdi.jpg\",\"contentUrl\":\"https:\/\/vosgesinfo.fr\/app\/uploads\/sites\/4\/2024\/02\/logo-sdi.jpg\",\"width\":600,\"height\":600,\"caption\":\"Saint Die Info\"},\"image\":{\"@id\":\"https:\/\/vosgesinfo.fr\/saintdieinfo\/#\/schema\/logo\/image\/\"},\"sameAs\":[\"https:\/\/www.facebook.com\/Saintdieinfofr\",\"https:\/\/x.com\/VosgesInfo88\",\"https:\/\/www.youtube.com\/@vosgesinfo\"]},{\"@type\":\"Person\",\"@id\":\"https:\/\/vosgesinfo.fr\/saintdieinfo\/#\/schema\/person\/6f9a650eeea99d969b6c4ab78fccbe81\",\"name\":\"C.K.\",\"image\":{\"@type\":\"ImageObject\",\"inLanguage\":\"fr-FR\",\"@id\":\"https:\/\/vosgesinfo.fr\/saintdieinfo\/#\/schema\/person\/image\/\",\"url\":\"https:\/\/secure.gravatar.com\/avatar\/48e3fc7f8421ba8942be6b74a2b7f014ca39bc00dece156b7a8e098ae7dc87bf?s=96&d=mm&r=g\",\"contentUrl\":\"https:\/\/secure.gravatar.com\/avatar\/48e3fc7f8421ba8942be6b74a2b7f014ca39bc00dece156b7a8e098ae7dc87bf?s=96&d=mm&r=g\",\"caption\":\"C.K.\"},\"url\":\"https:\/\/vosgesinfo.fr\/saintdieinfo\/author\/celia-k-n\/\"}]}<\/script>\n<!-- \/ Yoast SEO plugin. -->","yoast_head_json":{"title":"Signature d\u2019une convention entre la gendarmerie des Vosges et Enedis pour renforcer la protection des infrastructures \u00e9lectriques - Saint Die Info","robots":{"index":"index","follow":"follow","max-snippet":"max-snippet:-1","max-image-preview":"max-image-preview:large","max-video-preview":"max-video-preview:-1"},"canonical":"https:\/\/vosgesinfo.fr\/saintdieinfo\/2025\/09\/signature-dune-convention-entre-la-gendarmerie-des-vosges-et-enedis-pour-renforcer-la-protection-des-infrastructures-electriques\/","twitter_card":"summary_large_image","twitter_title":"Signature d\u2019une convention entre la gendarmerie des Vosges et Enedis pour renforcer la protection des infrastructures \u00e9lectriques - Saint Die Info","twitter_description":"Le colonel Moura, commandant le groupement de gendarmerie des Vosges, et M. Morel, directeur territorial d\u2019Enedis, ont officialis\u00e9 un partenariat [&hellip;]","twitter_image":"https:\/\/vosgesinfo.fr\/app\/uploads\/sites\/4\/2025\/09\/548211140-1213435994155831-5794699900577388816-n.jpg","twitter_creator":"@VosgesInfo88","twitter_site":"@VosgesInfo88","twitter_misc":{"\u00c9crit par":"C.K.","Dur\u00e9e de lecture estim\u00e9e":"1 minute"},"schema":{"@context":"https:\/\/schema.org","@graph":[{"@type":"Article","@id":"https:\/\/vosgesinfo.fr\/saintdieinfo\/2025\/09\/signature-dune-convention-entre-la-gendarmerie-des-vosges-et-enedis-pour-renforcer-la-protection-des-infrastructures-electriques\/#article","isPartOf":{"@id":"https:\/\/vosgesinfo.fr\/saintdieinfo\/2025\/09\/signature-dune-convention-entre-la-gendarmerie-des-vosges-et-enedis-pour-renforcer-la-protection-des-infrastructures-electriques\/"},"author":{"name":"C.K.","@id":"https:\/\/vosgesinfo.fr\/saintdieinfo\/#\/schema\/person\/6f9a650eeea99d969b6c4ab78fccbe81"},"headline":"Signature d\u2019une convention entre la gendarmerie des Vosges et Enedis pour renforcer la protection des infrastructures \u00e9lectriques","datePublished":"2025-09-18T05:00:05+00:00","dateModified":"2025-09-18T05:00:05+00:00","mainEntityOfPage":{"@id":"https:\/\/vosgesinfo.fr\/saintdieinfo\/2025\/09\/signature-dune-convention-entre-la-gendarmerie-des-vosges-et-enedis-pour-renforcer-la-protection-des-infrastructures-electriques\/"},"wordCount":213,"commentCount":0,"publisher":{"@id":"https:\/\/vosgesinfo.fr\/saintdieinfo\/#organization"},"image":{"@id":"https:\/\/vosgesinfo.fr\/saintdieinfo\/2025\/09\/signature-dune-convention-entre-la-gendarmerie-des-vosges-et-enedis-pour-renforcer-la-protection-des-infrastructures-electriques\/#primaryimage"},"thumbnailUrl":"https:\/\/vosgesinfo.fr\/app\/uploads\/sites\/4\/2025\/09\/548211140-1213435994155831-5794699900577388816-n.jpg","articleSection":["A la Une","Epinal","Gerardmer","La plaine des vosges","Remiremont","Saint-di\u00e9"],"inLanguage":"fr-FR","potentialAction":[{"@type":"CommentAction","name":"Comment","target":["https:\/\/vosgesinfo.fr\/saintdieinfo\/2025\/09\/signature-dune-convention-entre-la-gendarmerie-des-vosges-et-enedis-pour-renforcer-la-protection-des-infrastructures-electriques\/#respond"]}]},{"@type":"WebPage","@id":"https:\/\/vosgesinfo.fr\/saintdieinfo\/2025\/09\/signature-dune-convention-entre-la-gendarmerie-des-vosges-et-enedis-pour-renforcer-la-protection-des-infrastructures-electriques\/","url":"https:\/\/vosgesinfo.fr\/saintdieinfo\/2025\/09\/signature-dune-convention-entre-la-gendarmerie-des-vosges-et-enedis-pour-renforcer-la-protection-des-infrastructures-electriques\/","name":"Signature d\u2019une convention entre la gendarmerie des Vosges et Enedis pour renforcer la protection des infrastructures \u00e9lectriques - Saint Die Info","isPartOf":{"@id":"https:\/\/vosgesinfo.fr\/saintdieinfo\/#website"},"primaryImageOfPage":{"@id":"https:\/\/vosgesinfo.fr\/saintdieinfo\/2025\/09\/signature-dune-convention-entre-la-gendarmerie-des-vosges-et-enedis-pour-renforcer-la-protection-des-infrastructures-electriques\/#primaryimage"},"image":{"@id":"https:\/\/vosgesinfo.fr\/saintdieinfo\/2025\/09\/signature-dune-convention-entre-la-gendarmerie-des-vosges-et-enedis-pour-renforcer-la-protection-des-infrastructures-electriques\/#primaryimage"},"thumbnailUrl":"https:\/\/vosgesinfo.fr\/app\/uploads\/sites\/4\/2025\/09\/548211140-1213435994155831-5794699900577388816-n.jpg","datePublished":"2025-09-18T05:00:05+00:00","dateModified":"2025-09-18T05:00:05+00:00","breadcrumb":{"@id":"https:\/\/vosgesinfo.fr\/saintdieinfo\/2025\/09\/signature-dune-convention-entre-la-gendarmerie-des-vosges-et-enedis-pour-renforcer-la-protection-des-infrastructures-electriques\/#breadcrumb"},"inLanguage":"fr-FR","potentialAction":[{"@type":"ReadAction","target":["https:\/\/vosgesinfo.fr\/saintdieinfo\/2025\/09\/signature-dune-convention-entre-la-gendarmerie-des-vosges-et-enedis-pour-renforcer-la-protection-des-infrastructures-electriques\/"]}]},{"@type":"ImageObject","inLanguage":"fr-FR","@id":"https:\/\/vosgesinfo.fr\/saintdieinfo\/2025\/09\/signature-dune-convention-entre-la-gendarmerie-des-vosges-et-enedis-pour-renforcer-la-protection-des-infrastructures-electriques\/#primaryimage","url":"https:\/\/vosgesinfo.fr\/app\/uploads\/sites\/4\/2025\/09\/548211140-1213435994155831-5794699900577388816-n.jpg","contentUrl":"https:\/\/vosgesinfo.fr\/app\/uploads\/sites\/4\/2025\/09\/548211140-1213435994155831-5794699900577388816-n.jpg","width":1427,"height":1071},{"@type":"BreadcrumbList","@id":"https:\/\/vosgesinfo.fr\/saintdieinfo\/2025\/09\/signature-dune-convention-entre-la-gendarmerie-des-vosges-et-enedis-pour-renforcer-la-protection-des-infrastructures-electriques\/#breadcrumb","itemListElement":[{"@type":"ListItem","position":1,"name":"Home","item":"https:\/\/vosgesinfo.fr\/saintdieinfo\/"},{"@type":"ListItem","position":2,"name":"Signature d\u2019une convention entre la gendarmerie des Vosges et Enedis pour renforcer la protection des infrastructures \u00e9lectriques"}]},{"@type":"WebSite","@id":"https:\/\/vosgesinfo.fr\/saintdieinfo\/#website","url":"https:\/\/vosgesinfo.fr\/saintdieinfo\/","name":"Saint Die Info","description":"Toute l&#039;actualit\u00e9 de Saint-Di\u00e9-Des-Vosges","publisher":{"@id":"https:\/\/vosgesinfo.fr\/saintdieinfo\/#organization"},"alternateName":"Toute l'actualit\u00e9 de Saint-Di\u00e9-Des-Vosges","potentialAction":[{"@type":"SearchAction","target":{"@type":"EntryPoint","urlTemplate":"https:\/\/vosgesinfo.fr\/saintdieinfo\/?s={search_term_string}"},"query-input":"required name=search_term_string"}],"inLanguage":"fr-FR"},{"@type":"Organization","@id":"https:\/\/vosgesinfo.fr\/saintdieinfo\/#organization","name":"Saint Die Info","url":"https:\/\/vosgesinfo.fr\/saintdieinfo\/","logo":{"@type":"ImageObject","inLanguage":"fr-FR","@id":"https:\/\/vosgesinfo.fr\/saintdieinfo\/#\/schema\/logo\/image\/","url":"https:\/\/vosgesinfo.fr\/app\/uploads\/sites\/4\/2024\/02\/logo-sdi.jpg","contentUrl":"https:\/\/vosgesinfo.fr\/app\/uploads\/sites\/4\/2024\/02\/logo-sdi.jpg","width":600,"height":600,"caption":"Saint Die Info"},"image":{"@id":"https:\/\/vosgesinfo.fr\/saintdieinfo\/#\/schema\/logo\/image\/"},"sameAs":["https:\/\/www.facebook.com\/Saintdieinfofr","https:\/\/x.com\/VosgesInfo88","https:\/\/www.youtube.com\/@vosgesinfo"]},{"@type":"Person","@id":"https:\/\/vosgesinfo.fr\/saintdieinfo\/#\/schema\/person\/6f9a650eeea99d969b6c4ab78fccbe81","name":"C.K.","image":{"@type":"ImageObject","inLanguage":"fr-FR","@id":"https:\/\/vosgesinfo.fr\/saintdieinfo\/#\/schema\/person\/image\/","url":"https:\/\/secure.gravatar.com\/avatar\/48e3fc7f8421ba8942be6b74a2b7f014ca39bc00dece156b7a8e098ae7dc87bf?s=96&d=mm&r=g","contentUrl":"https:\/\/secure.gravatar.com\/avatar\/48e3fc7f8421ba8942be6b74a2b7f014ca39bc00dece156b7a8e098ae7dc87bf?s=96&d=mm&r=g","caption":"C.K."},"url":"https:\/\/vosgesinfo.fr\/saintdieinfo\/author\/celia-k-n\/"}]}},"_links":{"self":[{"href":"https:\/\/vosgesinfo.fr\/saintdieinfo\/wp-json\/wp\/v2\/posts\/82263","targetHints":{"allow":["GET"]}}],"collection":[{"href":"https:\/\/vosgesinfo.fr\/saintdieinfo\/wp-json\/wp\/v2\/posts"}],"about":[{"href":"https:\/\/vosgesinfo.fr\/saintdieinfo\/wp-json\/wp\/v2\/types\/post"}],"author":[{"embeddable":true,"href":"https:\/\/vosgesinfo.fr\/saintdieinfo\/wp-json\/wp\/v2\/users\/52"}],"replies":[{"embeddable":true,"href":"https:\/\/vosgesinfo.fr\/saintdieinfo\/wp-json\/wp\/v2\/comments?post=82263"}],"version-history":[{"count":1,"href":"https:\/\/vosgesinfo.fr\/saintdieinfo\/wp-json\/wp\/v2\/posts\/82263\/revisions"}],"predecessor-version":[{"id":82267,"href":"https:\/\/vosgesinfo.fr\/saintdieinfo\/wp-json\/wp\/v2\/posts\/82263\/revisions\/82267"}],"wp:featuredmedia":[{"embeddable":true,"href":"https:\/\/vosgesinfo.fr\/saintdieinfo\/wp-json\/wp\/v2\/media\/82264"}],"wp:attachment":[{"href":"https:\/\/vosgesinfo.fr\/saintdieinfo\/wp-json\/wp\/v2\/media?parent=82263"}],"wp:term":[{"taxonomy":"category","embeddable":true,"href":"https:\/\/vosgesinfo.fr\/saintdieinfo\/wp-json\/wp\/v2\/categories?post=82263"},{"taxonomy":"post_tag","embeddable":true,"href":"https:\/\/vosgesinfo.fr\/saintdieinfo\/wp-json\/wp\/v2\/tags?post=82263"}],"curies":[{"name":"wp","href":"https:\/\/api.w.org\/{rel}","templated":true}]}}