{"id":83538,"date":"2025-10-16T16:45:15","date_gmt":"2025-10-16T14:45:15","guid":{"rendered":"https:\/\/vosgesinfo.fr\/saintdieinfo\/?p=83538"},"modified":"2025-10-16T16:36:55","modified_gmt":"2025-10-16T14:36:55","slug":"dernier-mois-pour-beneficier-du-dispositif-recupeau","status":"publish","type":"post","link":"https:\/\/vosgesinfo.fr\/saintdieinfo\/2025\/10\/dernier-mois-pour-beneficier-du-dispositif-recupeau\/","title":{"rendered":"Dernier mois pour b\u00e9n\u00e9ficier du dispositif R\u00e9cup\u2019Eau"},"content":{"rendered":"<div id=\"attachment_83539\" style=\"width: 1034px\" class=\"wp-caption alignnone\"><a href=\"https:\/\/vosgesinfo.fr\/app\/uploads\/sites\/4\/2025\/10\/recupeau-agglomeration-sddv-1.jpg\"><img decoding=\"async\" aria-describedby=\"caption-attachment-83539\" class=\"size-large wp-image-83539\" src=\"https:\/\/vosgesinfo.fr\/app\/uploads\/sites\/4\/2025\/10\/recupeau-agglomeration-sddv-1-1024x682.jpg\" alt=\"\" width=\"1024\" height=\"682\" srcset=\"https:\/\/vosgesinfo.fr\/app\/uploads\/sites\/4\/2025\/10\/recupeau-agglomeration-sddv-1-1024x682.jpg 1024w, https:\/\/vosgesinfo.fr\/app\/uploads\/sites\/4\/2025\/10\/recupeau-agglomeration-sddv-1-300x200.jpg 300w, https:\/\/vosgesinfo.fr\/app\/uploads\/sites\/4\/2025\/10\/recupeau-agglomeration-sddv-1-768x512.jpg 768w, https:\/\/vosgesinfo.fr\/app\/uploads\/sites\/4\/2025\/10\/recupeau-agglomeration-sddv-1-1536x1023.jpg 1536w, https:\/\/vosgesinfo.fr\/app\/uploads\/sites\/4\/2025\/10\/recupeau-agglomeration-sddv-1.jpg 1621w\" sizes=\"(max-width: 1024px) 100vw, 1024px\" \/><\/a><p id=\"caption-attachment-83539\" class=\"wp-caption-text\">(Photographie Agglom\u00e9ration de Saint-Di\u00e9-des-Vosges)<\/p><\/div>\n<h2>Permettant d\u2019acqu\u00e9rir un <strong>ensemble de dispositifs d\u2019\u00e9conomie d\u2019eau \u00e0 un tarif avantageux<\/strong>, <strong>R\u00e9cup\u2019Eau<\/strong>, mis en place au <strong>printemps 2024<\/strong> par la <strong>Communaut\u00e9 d\u2019Agglom\u00e9ration de Saint-Di\u00e9-des-Vosges<\/strong>, <strong>s\u2019arr\u00eate le 15 novembre<\/strong> et <strong>s\u2019ouvre \u00e0 tous<\/strong>.<\/h2>\n<p><!--more--><\/p>\n<h3><strong>Un dispositif complet \u00e0 un tarif avantageux<\/strong><\/h3>\n<p>Ce dispositif comprend un <strong>r\u00e9cup\u00e9rateur d\u2019eau de pluie<\/strong> de <strong>500 litres<\/strong> (couleur taupe) ou de <strong>1 000 litres<\/strong> (couleur beige ou gris), ainsi qu\u2019un <strong>kit hydro-\u00e9conome<\/strong> compos\u00e9 d\u2019un <strong>limiteur de d\u00e9bit de douche<\/strong>, d\u2019un <strong>limiteur de d\u00e9bit de robinet<\/strong> et d\u2019un <strong>sac WC<\/strong>.<\/p>\n<p>L\u2019ensemble est propos\u00e9 \u00e0 un <strong>tarif tr\u00e8s avantageux<\/strong> : <strong>25 \u20ac pour le mod\u00e8le 500 litres<\/strong> et <strong>55 \u20ac pour le 1 000 litres<\/strong>, soit des prix <strong>bien en de\u00e7\u00e0 de ceux g\u00e9n\u00e9ralement constat\u00e9s sur le march\u00e9<\/strong>.<\/p>\n<h3><strong>Une ouverture \u00e9largie \u00e0 tous les acteurs du territoire<\/strong><\/h3>\n<p>Pour ce <strong>dernier mois<\/strong>, l\u2019op\u00e9ration <strong>R\u00e9cup\u2019Eau<\/strong> s\u2019ouvre \u00e0 <strong>tous les acteurs du territoire intercommunal<\/strong> : <strong>particuliers, entreprises, associations, syndicats<\/strong> mais aussi <strong>collectivit\u00e9s<\/strong>.<\/p>\n<p>Pour en b\u00e9n\u00e9ficier, il suffit de <strong>remplir le formulaire<\/strong> disponible sur le site de l\u2019Agglom\u00e9ration (<a href=\"https:\/\/agglo.saint-die-des-vosges.fr\/vos-services\/eau-et-assainissement\/recupeau\/\">agglo.saint-die-des-vosges.fr<\/a>) et de fournir un <strong>justificatif de domicile<\/strong> de moins de trois mois, un <strong>avis de taxe fonci\u00e8re<\/strong> pour les propri\u00e9taires ou toute autre pi\u00e8ce <strong>justifiant une activit\u00e9 sur le territoire<\/strong>.<\/p>\n<h3><strong>Modalit\u00e9s pratiques et contact<\/strong><\/h3>\n<p>Pour plus d\u2019informations, il convient de <strong>contacter le 03-29-52-40-54<\/strong>. Une <strong>permanence<\/strong> est \u00e9galement assur\u00e9e au <strong>7 place Saint-Martin \u00e0 Saint-Di\u00e9-des-Vosges<\/strong>, du <strong>lundi au jeudi de 9 h \u00e0 12 h et de 14 h \u00e0 17 h 30<\/strong>, ainsi que le <strong>vendredi de 9 h \u00e0 12 h et de 14 h \u00e0 16 h 30<\/strong>.<\/p>\n<h3><strong>Un geste pour l\u2019environnement et le portefeuille<\/strong><\/h3>\n<p>Adopter un <strong>r\u00e9cup\u00e9rateur d\u2019eau de pluie<\/strong> permet de r\u00e9pondre \u00e0 plusieurs <strong>enjeux environnementaux et \u00e9conomiques<\/strong>. L\u2019eau de pluie, <strong>pauvre en sels min\u00e9raux<\/strong> et <strong>sans chlore ni fluor<\/strong>, offre une <strong>ressource gratuite et de qualit\u00e9<\/strong> pour l\u2019arrosage des espaces verts. L\u2019<strong>\u00e9conomie d\u2019eau potable<\/strong> ainsi r\u00e9alis\u00e9e se traduit directement par une <strong>r\u00e9duction sur la facture<\/strong>.<\/p>\n<p><a href=\"https:\/\/vosgesinfo.fr\/app\/uploads\/sites\/4\/2025\/10\/recupeau-agglomeration-sddv-2.jpg\"><img decoding=\"async\" class=\"alignnone size-large wp-image-83540\" src=\"https:\/\/vosgesinfo.fr\/app\/uploads\/sites\/4\/2025\/10\/recupeau-agglomeration-sddv-2-724x1024.jpg\" alt=\"\" width=\"724\" height=\"1024\" srcset=\"https:\/\/vosgesinfo.fr\/app\/uploads\/sites\/4\/2025\/10\/recupeau-agglomeration-sddv-2-724x1024.jpg 724w, https:\/\/vosgesinfo.fr\/app\/uploads\/sites\/4\/2025\/10\/recupeau-agglomeration-sddv-2-212x300.jpg 212w, https:\/\/vosgesinfo.fr\/app\/uploads\/sites\/4\/2025\/10\/recupeau-agglomeration-sddv-2.jpg 764w\" sizes=\"(max-width: 724px) 100vw, 724px\" \/><\/a><\/p>\n","protected":false},"excerpt":{"rendered":"<p>Permettant d\u2019acqu\u00e9rir un ensemble de dispositifs d\u2019\u00e9conomie d\u2019eau \u00e0 un tarif avantageux, R\u00e9cup\u2019Eau, mis en place au printemps 2024 par [&hellip;]<\/p>\n","protected":false},"author":46,"featured_media":83539,"comment_status":"open","ping_status":"open","sticky":false,"template":"","format":"standard","meta":{"footnotes":""},"categories":[460,7,2915],"tags":[18460,16961,5798],"class_list":["post-83538","post","type-post","status-publish","format-standard","has-post-thumbnail","hentry","category-a-la-une","category-environnement","category-saint-die-son-canton","tag-agglomeration-de-saint-die-des-vosges","tag-recupeau","tag-recuperateurs-deau"],"acf":[],"yoast_head":"<!-- This site is optimized with the Yoast SEO plugin v22.5 - https:\/\/yoast.com\/wordpress\/plugins\/seo\/ -->\n<title>Dernier mois pour b\u00e9n\u00e9ficier du dispositif R\u00e9cup\u2019Eau - Saint Die Info<\/title>\n<meta name=\"robots\" content=\"index, follow, max-snippet:-1, max-image-preview:large, max-video-preview:-1\" \/>\n<link rel=\"canonical\" href=\"https:\/\/vosgesinfo.fr\/saintdieinfo\/2025\/10\/dernier-mois-pour-beneficier-du-dispositif-recupeau\/\" \/>\n<meta name=\"twitter:card\" content=\"summary_large_image\" \/>\n<meta name=\"twitter:title\" content=\"Dernier mois pour b\u00e9n\u00e9ficier du dispositif R\u00e9cup\u2019Eau - Saint Die Info\" \/>\n<meta name=\"twitter:description\" content=\"Permettant d\u2019acqu\u00e9rir un ensemble de dispositifs d\u2019\u00e9conomie d\u2019eau \u00e0 un tarif avantageux, R\u00e9cup\u2019Eau, mis en place au printemps 2024 par [&hellip;]\" \/>\n<meta name=\"twitter:image\" content=\"https:\/\/vosgesinfo.fr\/app\/uploads\/sites\/4\/2025\/10\/recupeau-agglomeration-sddv-1.jpg\" \/>\n<meta name=\"twitter:creator\" content=\"@VosgesInfo88\" \/>\n<meta name=\"twitter:site\" content=\"@VosgesInfo88\" \/>\n<meta name=\"twitter:label1\" content=\"\u00c9crit par\" \/>\n\t<meta name=\"twitter:data1\" content=\"J.J.\" \/>\n\t<meta name=\"twitter:label2\" content=\"Dur\u00e9e de lecture estim\u00e9e\" \/>\n\t<meta name=\"twitter:data2\" content=\"2 minutes\" \/>\n<script type=\"application\/ld+json\" class=\"yoast-schema-graph\">{\"@context\":\"https:\/\/schema.org\",\"@graph\":[{\"@type\":\"Article\",\"@id\":\"https:\/\/vosgesinfo.fr\/saintdieinfo\/2025\/10\/dernier-mois-pour-beneficier-du-dispositif-recupeau\/#article\",\"isPartOf\":{\"@id\":\"https:\/\/vosgesinfo.fr\/saintdieinfo\/2025\/10\/dernier-mois-pour-beneficier-du-dispositif-recupeau\/\"},\"author\":{\"name\":\"J.J.\",\"@id\":\"https:\/\/vosgesinfo.fr\/saintdieinfo\/#\/schema\/person\/fa73e9f726d67bb88f46d5b7943cb572\"},\"headline\":\"Dernier mois pour b\u00e9n\u00e9ficier du dispositif R\u00e9cup\u2019Eau\",\"datePublished\":\"2025-10-16T14:45:15+00:00\",\"dateModified\":\"2025-10-16T14:36:55+00:00\",\"mainEntityOfPage\":{\"@id\":\"https:\/\/vosgesinfo.fr\/saintdieinfo\/2025\/10\/dernier-mois-pour-beneficier-du-dispositif-recupeau\/\"},\"wordCount\":367,\"commentCount\":0,\"publisher\":{\"@id\":\"https:\/\/vosgesinfo.fr\/saintdieinfo\/#organization\"},\"image\":{\"@id\":\"https:\/\/vosgesinfo.fr\/saintdieinfo\/2025\/10\/dernier-mois-pour-beneficier-du-dispositif-recupeau\/#primaryimage\"},\"thumbnailUrl\":\"https:\/\/vosgesinfo.fr\/app\/uploads\/sites\/4\/2025\/10\/recupeau-agglomeration-sddv-1.jpg\",\"keywords\":[\"Agglom\u00e9ration de Saint-Di\u00e9-des-Vosges\",\"R\u00e9cup'Eau\",\"R\u00e9cup\u00e9rateurs d'eau\"],\"articleSection\":[\"A la Une\",\"Environnement\",\"Saint-Di\u00e9-des-Vosges et son Agglom\u00e9ration\"],\"inLanguage\":\"fr-FR\",\"potentialAction\":[{\"@type\":\"CommentAction\",\"name\":\"Comment\",\"target\":[\"https:\/\/vosgesinfo.fr\/saintdieinfo\/2025\/10\/dernier-mois-pour-beneficier-du-dispositif-recupeau\/#respond\"]}]},{\"@type\":\"WebPage\",\"@id\":\"https:\/\/vosgesinfo.fr\/saintdieinfo\/2025\/10\/dernier-mois-pour-beneficier-du-dispositif-recupeau\/\",\"url\":\"https:\/\/vosgesinfo.fr\/saintdieinfo\/2025\/10\/dernier-mois-pour-beneficier-du-dispositif-recupeau\/\",\"name\":\"Dernier mois pour b\u00e9n\u00e9ficier du dispositif R\u00e9cup\u2019Eau - Saint Die Info\",\"isPartOf\":{\"@id\":\"https:\/\/vosgesinfo.fr\/saintdieinfo\/#website\"},\"primaryImageOfPage\":{\"@id\":\"https:\/\/vosgesinfo.fr\/saintdieinfo\/2025\/10\/dernier-mois-pour-beneficier-du-dispositif-recupeau\/#primaryimage\"},\"image\":{\"@id\":\"https:\/\/vosgesinfo.fr\/saintdieinfo\/2025\/10\/dernier-mois-pour-beneficier-du-dispositif-recupeau\/#primaryimage\"},\"thumbnailUrl\":\"https:\/\/vosgesinfo.fr\/app\/uploads\/sites\/4\/2025\/10\/recupeau-agglomeration-sddv-1.jpg\",\"datePublished\":\"2025-10-16T14:45:15+00:00\",\"dateModified\":\"2025-10-16T14:36:55+00:00\",\"breadcrumb\":{\"@id\":\"https:\/\/vosgesinfo.fr\/saintdieinfo\/2025\/10\/dernier-mois-pour-beneficier-du-dispositif-recupeau\/#breadcrumb\"},\"inLanguage\":\"fr-FR\",\"potentialAction\":[{\"@type\":\"ReadAction\",\"target\":[\"https:\/\/vosgesinfo.fr\/saintdieinfo\/2025\/10\/dernier-mois-pour-beneficier-du-dispositif-recupeau\/\"]}]},{\"@type\":\"ImageObject\",\"inLanguage\":\"fr-FR\",\"@id\":\"https:\/\/vosgesinfo.fr\/saintdieinfo\/2025\/10\/dernier-mois-pour-beneficier-du-dispositif-recupeau\/#primaryimage\",\"url\":\"https:\/\/vosgesinfo.fr\/app\/uploads\/sites\/4\/2025\/10\/recupeau-agglomeration-sddv-1.jpg\",\"contentUrl\":\"https:\/\/vosgesinfo.fr\/app\/uploads\/sites\/4\/2025\/10\/recupeau-agglomeration-sddv-1.jpg\",\"width\":1621,\"height\":1080,\"caption\":\"(Photographie Agglom\u00e9ration de Saint-Di\u00e9-des-Vosges)\"},{\"@type\":\"BreadcrumbList\",\"@id\":\"https:\/\/vosgesinfo.fr\/saintdieinfo\/2025\/10\/dernier-mois-pour-beneficier-du-dispositif-recupeau\/#breadcrumb\",\"itemListElement\":[{\"@type\":\"ListItem\",\"position\":1,\"name\":\"Home\",\"item\":\"https:\/\/vosgesinfo.fr\/saintdieinfo\/\"},{\"@type\":\"ListItem\",\"position\":2,\"name\":\"Dernier mois pour b\u00e9n\u00e9ficier du dispositif R\u00e9cup\u2019Eau\"}]},{\"@type\":\"WebSite\",\"@id\":\"https:\/\/vosgesinfo.fr\/saintdieinfo\/#website\",\"url\":\"https:\/\/vosgesinfo.fr\/saintdieinfo\/\",\"name\":\"Saint Die Info\",\"description\":\"Toute l&#039;actualit\u00e9 de Saint-Di\u00e9-Des-Vosges\",\"publisher\":{\"@id\":\"https:\/\/vosgesinfo.fr\/saintdieinfo\/#organization\"},\"alternateName\":\"Toute l'actualit\u00e9 de Saint-Di\u00e9-Des-Vosges\",\"potentialAction\":[{\"@type\":\"SearchAction\",\"target\":{\"@type\":\"EntryPoint\",\"urlTemplate\":\"https:\/\/vosgesinfo.fr\/saintdieinfo\/?s={search_term_string}\"},\"query-input\":\"required name=search_term_string\"}],\"inLanguage\":\"fr-FR\"},{\"@type\":\"Organization\",\"@id\":\"https:\/\/vosgesinfo.fr\/saintdieinfo\/#organization\",\"name\":\"Saint Die Info\",\"url\":\"https:\/\/vosgesinfo.fr\/saintdieinfo\/\",\"logo\":{\"@type\":\"ImageObject\",\"inLanguage\":\"fr-FR\",\"@id\":\"https:\/\/vosgesinfo.fr\/saintdieinfo\/#\/schema\/logo\/image\/\",\"url\":\"https:\/\/vosgesinfo.fr\/app\/uploads\/sites\/4\/2024\/02\/logo-sdi.jpg\",\"contentUrl\":\"https:\/\/vosgesinfo.fr\/app\/uploads\/sites\/4\/2024\/02\/logo-sdi.jpg\",\"width\":600,\"height\":600,\"caption\":\"Saint Die Info\"},\"image\":{\"@id\":\"https:\/\/vosgesinfo.fr\/saintdieinfo\/#\/schema\/logo\/image\/\"},\"sameAs\":[\"https:\/\/www.facebook.com\/Saintdieinfofr\",\"https:\/\/x.com\/VosgesInfo88\",\"https:\/\/www.youtube.com\/@vosgesinfo\"]},{\"@type\":\"Person\",\"@id\":\"https:\/\/vosgesinfo.fr\/saintdieinfo\/#\/schema\/person\/fa73e9f726d67bb88f46d5b7943cb572\",\"name\":\"J.J.\",\"image\":{\"@type\":\"ImageObject\",\"inLanguage\":\"fr-FR\",\"@id\":\"https:\/\/vosgesinfo.fr\/saintdieinfo\/#\/schema\/person\/image\/\",\"url\":\"https:\/\/secure.gravatar.com\/avatar\/219e749e47ffbcca018a360ae4add7d4cdf1cdaaf8bc7676b27efade3fe65615?s=96&d=mm&r=g\",\"contentUrl\":\"https:\/\/secure.gravatar.com\/avatar\/219e749e47ffbcca018a360ae4add7d4cdf1cdaaf8bc7676b27efade3fe65615?s=96&d=mm&r=g\",\"caption\":\"J.J.\"},\"url\":\"https:\/\/vosgesinfo.fr\/saintdieinfo\/author\/j-j\/\"}]}<\/script>\n<!-- \/ Yoast SEO plugin. -->","yoast_head_json":{"title":"Dernier mois pour b\u00e9n\u00e9ficier du dispositif R\u00e9cup\u2019Eau - Saint Die Info","robots":{"index":"index","follow":"follow","max-snippet":"max-snippet:-1","max-image-preview":"max-image-preview:large","max-video-preview":"max-video-preview:-1"},"canonical":"https:\/\/vosgesinfo.fr\/saintdieinfo\/2025\/10\/dernier-mois-pour-beneficier-du-dispositif-recupeau\/","twitter_card":"summary_large_image","twitter_title":"Dernier mois pour b\u00e9n\u00e9ficier du dispositif R\u00e9cup\u2019Eau - Saint Die Info","twitter_description":"Permettant d\u2019acqu\u00e9rir un ensemble de dispositifs d\u2019\u00e9conomie d\u2019eau \u00e0 un tarif avantageux, R\u00e9cup\u2019Eau, mis en place au printemps 2024 par [&hellip;]","twitter_image":"https:\/\/vosgesinfo.fr\/app\/uploads\/sites\/4\/2025\/10\/recupeau-agglomeration-sddv-1.jpg","twitter_creator":"@VosgesInfo88","twitter_site":"@VosgesInfo88","twitter_misc":{"\u00c9crit par":"J.J.","Dur\u00e9e de lecture estim\u00e9e":"2 minutes"},"schema":{"@context":"https:\/\/schema.org","@graph":[{"@type":"Article","@id":"https:\/\/vosgesinfo.fr\/saintdieinfo\/2025\/10\/dernier-mois-pour-beneficier-du-dispositif-recupeau\/#article","isPartOf":{"@id":"https:\/\/vosgesinfo.fr\/saintdieinfo\/2025\/10\/dernier-mois-pour-beneficier-du-dispositif-recupeau\/"},"author":{"name":"J.J.","@id":"https:\/\/vosgesinfo.fr\/saintdieinfo\/#\/schema\/person\/fa73e9f726d67bb88f46d5b7943cb572"},"headline":"Dernier mois pour b\u00e9n\u00e9ficier du dispositif R\u00e9cup\u2019Eau","datePublished":"2025-10-16T14:45:15+00:00","dateModified":"2025-10-16T14:36:55+00:00","mainEntityOfPage":{"@id":"https:\/\/vosgesinfo.fr\/saintdieinfo\/2025\/10\/dernier-mois-pour-beneficier-du-dispositif-recupeau\/"},"wordCount":367,"commentCount":0,"publisher":{"@id":"https:\/\/vosgesinfo.fr\/saintdieinfo\/#organization"},"image":{"@id":"https:\/\/vosgesinfo.fr\/saintdieinfo\/2025\/10\/dernier-mois-pour-beneficier-du-dispositif-recupeau\/#primaryimage"},"thumbnailUrl":"https:\/\/vosgesinfo.fr\/app\/uploads\/sites\/4\/2025\/10\/recupeau-agglomeration-sddv-1.jpg","keywords":["Agglom\u00e9ration de Saint-Di\u00e9-des-Vosges","R\u00e9cup'Eau","R\u00e9cup\u00e9rateurs d'eau"],"articleSection":["A la Une","Environnement","Saint-Di\u00e9-des-Vosges et son Agglom\u00e9ration"],"inLanguage":"fr-FR","potentialAction":[{"@type":"CommentAction","name":"Comment","target":["https:\/\/vosgesinfo.fr\/saintdieinfo\/2025\/10\/dernier-mois-pour-beneficier-du-dispositif-recupeau\/#respond"]}]},{"@type":"WebPage","@id":"https:\/\/vosgesinfo.fr\/saintdieinfo\/2025\/10\/dernier-mois-pour-beneficier-du-dispositif-recupeau\/","url":"https:\/\/vosgesinfo.fr\/saintdieinfo\/2025\/10\/dernier-mois-pour-beneficier-du-dispositif-recupeau\/","name":"Dernier mois pour b\u00e9n\u00e9ficier du dispositif R\u00e9cup\u2019Eau - Saint Die Info","isPartOf":{"@id":"https:\/\/vosgesinfo.fr\/saintdieinfo\/#website"},"primaryImageOfPage":{"@id":"https:\/\/vosgesinfo.fr\/saintdieinfo\/2025\/10\/dernier-mois-pour-beneficier-du-dispositif-recupeau\/#primaryimage"},"image":{"@id":"https:\/\/vosgesinfo.fr\/saintdieinfo\/2025\/10\/dernier-mois-pour-beneficier-du-dispositif-recupeau\/#primaryimage"},"thumbnailUrl":"https:\/\/vosgesinfo.fr\/app\/uploads\/sites\/4\/2025\/10\/recupeau-agglomeration-sddv-1.jpg","datePublished":"2025-10-16T14:45:15+00:00","dateModified":"2025-10-16T14:36:55+00:00","breadcrumb":{"@id":"https:\/\/vosgesinfo.fr\/saintdieinfo\/2025\/10\/dernier-mois-pour-beneficier-du-dispositif-recupeau\/#breadcrumb"},"inLanguage":"fr-FR","potentialAction":[{"@type":"ReadAction","target":["https:\/\/vosgesinfo.fr\/saintdieinfo\/2025\/10\/dernier-mois-pour-beneficier-du-dispositif-recupeau\/"]}]},{"@type":"ImageObject","inLanguage":"fr-FR","@id":"https:\/\/vosgesinfo.fr\/saintdieinfo\/2025\/10\/dernier-mois-pour-beneficier-du-dispositif-recupeau\/#primaryimage","url":"https:\/\/vosgesinfo.fr\/app\/uploads\/sites\/4\/2025\/10\/recupeau-agglomeration-sddv-1.jpg","contentUrl":"https:\/\/vosgesinfo.fr\/app\/uploads\/sites\/4\/2025\/10\/recupeau-agglomeration-sddv-1.jpg","width":1621,"height":1080,"caption":"(Photographie Agglom\u00e9ration de Saint-Di\u00e9-des-Vosges)"},{"@type":"BreadcrumbList","@id":"https:\/\/vosgesinfo.fr\/saintdieinfo\/2025\/10\/dernier-mois-pour-beneficier-du-dispositif-recupeau\/#breadcrumb","itemListElement":[{"@type":"ListItem","position":1,"name":"Home","item":"https:\/\/vosgesinfo.fr\/saintdieinfo\/"},{"@type":"ListItem","position":2,"name":"Dernier mois pour b\u00e9n\u00e9ficier du dispositif R\u00e9cup\u2019Eau"}]},{"@type":"WebSite","@id":"https:\/\/vosgesinfo.fr\/saintdieinfo\/#website","url":"https:\/\/vosgesinfo.fr\/saintdieinfo\/","name":"Saint Die Info","description":"Toute l&#039;actualit\u00e9 de Saint-Di\u00e9-Des-Vosges","publisher":{"@id":"https:\/\/vosgesinfo.fr\/saintdieinfo\/#organization"},"alternateName":"Toute l'actualit\u00e9 de Saint-Di\u00e9-Des-Vosges","potentialAction":[{"@type":"SearchAction","target":{"@type":"EntryPoint","urlTemplate":"https:\/\/vosgesinfo.fr\/saintdieinfo\/?s={search_term_string}"},"query-input":"required name=search_term_string"}],"inLanguage":"fr-FR"},{"@type":"Organization","@id":"https:\/\/vosgesinfo.fr\/saintdieinfo\/#organization","name":"Saint Die Info","url":"https:\/\/vosgesinfo.fr\/saintdieinfo\/","logo":{"@type":"ImageObject","inLanguage":"fr-FR","@id":"https:\/\/vosgesinfo.fr\/saintdieinfo\/#\/schema\/logo\/image\/","url":"https:\/\/vosgesinfo.fr\/app\/uploads\/sites\/4\/2024\/02\/logo-sdi.jpg","contentUrl":"https:\/\/vosgesinfo.fr\/app\/uploads\/sites\/4\/2024\/02\/logo-sdi.jpg","width":600,"height":600,"caption":"Saint Die Info"},"image":{"@id":"https:\/\/vosgesinfo.fr\/saintdieinfo\/#\/schema\/logo\/image\/"},"sameAs":["https:\/\/www.facebook.com\/Saintdieinfofr","https:\/\/x.com\/VosgesInfo88","https:\/\/www.youtube.com\/@vosgesinfo"]},{"@type":"Person","@id":"https:\/\/vosgesinfo.fr\/saintdieinfo\/#\/schema\/person\/fa73e9f726d67bb88f46d5b7943cb572","name":"J.J.","image":{"@type":"ImageObject","inLanguage":"fr-FR","@id":"https:\/\/vosgesinfo.fr\/saintdieinfo\/#\/schema\/person\/image\/","url":"https:\/\/secure.gravatar.com\/avatar\/219e749e47ffbcca018a360ae4add7d4cdf1cdaaf8bc7676b27efade3fe65615?s=96&d=mm&r=g","contentUrl":"https:\/\/secure.gravatar.com\/avatar\/219e749e47ffbcca018a360ae4add7d4cdf1cdaaf8bc7676b27efade3fe65615?s=96&d=mm&r=g","caption":"J.J."},"url":"https:\/\/vosgesinfo.fr\/saintdieinfo\/author\/j-j\/"}]}},"_links":{"self":[{"href":"https:\/\/vosgesinfo.fr\/saintdieinfo\/wp-json\/wp\/v2\/posts\/83538","targetHints":{"allow":["GET"]}}],"collection":[{"href":"https:\/\/vosgesinfo.fr\/saintdieinfo\/wp-json\/wp\/v2\/posts"}],"about":[{"href":"https:\/\/vosgesinfo.fr\/saintdieinfo\/wp-json\/wp\/v2\/types\/post"}],"author":[{"embeddable":true,"href":"https:\/\/vosgesinfo.fr\/saintdieinfo\/wp-json\/wp\/v2\/users\/46"}],"replies":[{"embeddable":true,"href":"https:\/\/vosgesinfo.fr\/saintdieinfo\/wp-json\/wp\/v2\/comments?post=83538"}],"version-history":[{"count":1,"href":"https:\/\/vosgesinfo.fr\/saintdieinfo\/wp-json\/wp\/v2\/posts\/83538\/revisions"}],"predecessor-version":[{"id":83541,"href":"https:\/\/vosgesinfo.fr\/saintdieinfo\/wp-json\/wp\/v2\/posts\/83538\/revisions\/83541"}],"wp:featuredmedia":[{"embeddable":true,"href":"https:\/\/vosgesinfo.fr\/saintdieinfo\/wp-json\/wp\/v2\/media\/83539"}],"wp:attachment":[{"href":"https:\/\/vosgesinfo.fr\/saintdieinfo\/wp-json\/wp\/v2\/media?parent=83538"}],"wp:term":[{"taxonomy":"category","embeddable":true,"href":"https:\/\/vosgesinfo.fr\/saintdieinfo\/wp-json\/wp\/v2\/categories?post=83538"},{"taxonomy":"post_tag","embeddable":true,"href":"https:\/\/vosgesinfo.fr\/saintdieinfo\/wp-json\/wp\/v2\/tags?post=83538"}],"curies":[{"name":"wp","href":"https:\/\/api.w.org\/{rel}","templated":true}]}}