{"id":83542,"date":"2025-10-16T16:55:06","date_gmt":"2025-10-16T14:55:06","guid":{"rendered":"https:\/\/vosgesinfo.fr\/saintdieinfo\/?p=83542"},"modified":"2025-10-16T16:41:01","modified_gmt":"2025-10-16T14:41:01","slug":"raon-letape-conference-les-combattants-raonnais-dans-la-guerre-dindochine","status":"publish","type":"post","link":"https:\/\/vosgesinfo.fr\/saintdieinfo\/2025\/10\/raon-letape-conference-les-combattants-raonnais-dans-la-guerre-dindochine\/","title":{"rendered":"Raon-l\u2019\u00c9tape \u2013 Conf\u00e9rence \u00ab\u00a0Les combattants raonnais dans la guerre d\u2019Indochine\u00a0\u00bb"},"content":{"rendered":"<div id=\"attachment_83543\" style=\"width: 978px\" class=\"wp-caption alignnone\"><a href=\"https:\/\/vosgesinfo.fr\/app\/uploads\/sites\/4\/2025\/10\/raon-letape-conference-axel-balland.jpg\"><img decoding=\"async\" aria-describedby=\"caption-attachment-83543\" class=\"size-full wp-image-83543\" src=\"https:\/\/vosgesinfo.fr\/app\/uploads\/sites\/4\/2025\/10\/raon-letape-conference-axel-balland.jpg\" alt=\"\" width=\"968\" height=\"651\" srcset=\"https:\/\/vosgesinfo.fr\/app\/uploads\/sites\/4\/2025\/10\/raon-letape-conference-axel-balland.jpg 968w, https:\/\/vosgesinfo.fr\/app\/uploads\/sites\/4\/2025\/10\/raon-letape-conference-axel-balland-300x202.jpg 300w, https:\/\/vosgesinfo.fr\/app\/uploads\/sites\/4\/2025\/10\/raon-letape-conference-axel-balland-768x516.jpg 768w\" sizes=\"(max-width: 968px) 100vw, 968px\" \/><\/a><p id=\"caption-attachment-83543\" class=\"wp-caption-text\">Combattants fran\u00e7ais dans une tranch\u00e9e du camp retranch\u00e9 de Dien Bien Phu en 1954 au cours de la bataille (collection particuli\u00e8re)<\/p><\/div>\n<h2 data-start=\"74\" data-end=\"409\">Une <strong data-start=\"78\" data-end=\"92\">conf\u00e9rence<\/strong> intitul\u00e9e <strong data-start=\"103\" data-end=\"162\">\u00ab Les combattants raonnais dans la guerre d\u2019Indochine \u00bb<\/strong> se tiendra demain <strong data-start=\"174\" data-end=\"204\">vendredi 17 octobre \u00e0 20 h<\/strong>, <strong>\u00e0 la <\/strong><strong data-start=\"206\" data-end=\"253\">salle de la Haute Neuveville de Raon-l\u2019\u00c9tape<\/strong>. La conf\u00e9rence sera anim\u00e9e par <strong data-start=\"276\" data-end=\"292\">Axel Balland<\/strong>, <strong data-start=\"294\" data-end=\"307\">historien<\/strong> et <strong data-start=\"311\" data-end=\"357\">animateur de la commission Temps de Guerre<\/strong> de la <strong data-start=\"372\" data-end=\"406\">Soci\u00e9t\u00e9 Philomatique Vosgienne<\/strong>. Entr\u00e9e libre.<\/h2>\n<p data-start=\"74\" data-end=\"409\"><!--more--><\/p>\n<p data-start=\"450\" data-end=\"747\">Au fil de la conf\u00e9rence, <strong>Axel Balland<\/strong> reviendra sur les <strong data-start=\"508\" data-end=\"541\">grandes op\u00e9rations militaires<\/strong> et les <strong data-start=\"549\" data-end=\"571\">batailles majeures<\/strong> du conflit, avant d\u2019\u00e9voquer le <strong data-start=\"603\" data-end=\"673\">parcours des Vosgiens originaires de Raon-l\u2019\u00c9tape et de son canton<\/strong> ayant pris part \u00e0 cette guerre, souvent qualifi\u00e9e de <strong data-start=\"726\" data-end=\"744\">conflit oubli\u00e9<\/strong>.<\/p>\n","protected":false},"excerpt":{"rendered":"<p>Une conf\u00e9rence intitul\u00e9e \u00ab Les combattants raonnais dans la guerre d\u2019Indochine \u00bb se tiendra demain vendredi 17 octobre \u00e0 20 [&hellip;]<\/p>\n","protected":false},"author":46,"featured_media":83543,"comment_status":"open","ping_status":"open","sticky":false,"template":"","format":"standard","meta":{"footnotes":""},"categories":[3900,7847,3903],"tags":[4352,4353,6890,18461,2654],"class_list":["post-83542","post","type-post","status-publish","format-standard","has-post-thumbnail","hentry","category-breves","category-art-culture","category-deodatie","tag-axel-balland","tag-conference-historique","tag-guerre-dindochine","tag-les-combattants-raonnais-dans-la-guerre-dindochine","tag-raon-letape"],"acf":[],"yoast_head":"<!-- This site is optimized with the Yoast SEO plugin v22.5 - https:\/\/yoast.com\/wordpress\/plugins\/seo\/ -->\n<title>Raon-l\u2019\u00c9tape \u2013 Conf\u00e9rence &quot;Les combattants raonnais dans la guerre d\u2019Indochine&quot; - Saint Die Info<\/title>\n<meta name=\"robots\" content=\"index, follow, max-snippet:-1, max-image-preview:large, max-video-preview:-1\" \/>\n<link rel=\"canonical\" href=\"https:\/\/vosgesinfo.fr\/saintdieinfo\/2025\/10\/raon-letape-conference-les-combattants-raonnais-dans-la-guerre-dindochine\/\" \/>\n<meta name=\"twitter:card\" content=\"summary_large_image\" \/>\n<meta name=\"twitter:title\" content=\"Raon-l\u2019\u00c9tape \u2013 Conf\u00e9rence &quot;Les combattants raonnais dans la guerre d\u2019Indochine&quot; - Saint Die Info\" \/>\n<meta name=\"twitter:description\" content=\"Une conf\u00e9rence intitul\u00e9e \u00ab Les combattants raonnais dans la guerre d\u2019Indochine \u00bb se tiendra demain vendredi 17 octobre \u00e0 20 [&hellip;]\" \/>\n<meta name=\"twitter:image\" content=\"https:\/\/vosgesinfo.fr\/app\/uploads\/sites\/4\/2025\/10\/raon-letape-conference-axel-balland.jpg\" \/>\n<meta name=\"twitter:creator\" content=\"@VosgesInfo88\" \/>\n<meta name=\"twitter:site\" content=\"@VosgesInfo88\" \/>\n<meta name=\"twitter:label1\" content=\"\u00c9crit par\" \/>\n\t<meta name=\"twitter:data1\" content=\"J.J.\" \/>\n\t<meta name=\"twitter:label2\" content=\"Dur\u00e9e de lecture estim\u00e9e\" \/>\n\t<meta name=\"twitter:data2\" content=\"1 minute\" \/>\n<script type=\"application\/ld+json\" class=\"yoast-schema-graph\">{\"@context\":\"https:\/\/schema.org\",\"@graph\":[{\"@type\":\"Article\",\"@id\":\"https:\/\/vosgesinfo.fr\/saintdieinfo\/2025\/10\/raon-letape-conference-les-combattants-raonnais-dans-la-guerre-dindochine\/#article\",\"isPartOf\":{\"@id\":\"https:\/\/vosgesinfo.fr\/saintdieinfo\/2025\/10\/raon-letape-conference-les-combattants-raonnais-dans-la-guerre-dindochine\/\"},\"author\":{\"name\":\"J.J.\",\"@id\":\"https:\/\/vosgesinfo.fr\/saintdieinfo\/#\/schema\/person\/fa73e9f726d67bb88f46d5b7943cb572\"},\"headline\":\"Raon-l\u2019\u00c9tape \u2013 Conf\u00e9rence \u00ab\u00a0Les combattants raonnais dans la guerre d\u2019Indochine\u00a0\u00bb\",\"datePublished\":\"2025-10-16T14:55:06+00:00\",\"dateModified\":\"2025-10-16T14:41:01+00:00\",\"mainEntityOfPage\":{\"@id\":\"https:\/\/vosgesinfo.fr\/saintdieinfo\/2025\/10\/raon-letape-conference-les-combattants-raonnais-dans-la-guerre-dindochine\/\"},\"wordCount\":144,\"commentCount\":0,\"publisher\":{\"@id\":\"https:\/\/vosgesinfo.fr\/saintdieinfo\/#organization\"},\"image\":{\"@id\":\"https:\/\/vosgesinfo.fr\/saintdieinfo\/2025\/10\/raon-letape-conference-les-combattants-raonnais-dans-la-guerre-dindochine\/#primaryimage\"},\"thumbnailUrl\":\"https:\/\/vosgesinfo.fr\/app\/uploads\/sites\/4\/2025\/10\/raon-letape-conference-axel-balland.jpg\",\"keywords\":[\"Axel Balland\",\"Conf\u00e9rence historique\",\"Guerre d'Indochine\",\"Les combattants raonnais dans la guerre d\u2019Indochine\",\"Raon-l\u2019Etape\"],\"articleSection\":[\"Br\u00e8ves\",\"Culture\",\"D\u00e9odatie\"],\"inLanguage\":\"fr-FR\",\"potentialAction\":[{\"@type\":\"CommentAction\",\"name\":\"Comment\",\"target\":[\"https:\/\/vosgesinfo.fr\/saintdieinfo\/2025\/10\/raon-letape-conference-les-combattants-raonnais-dans-la-guerre-dindochine\/#respond\"]}]},{\"@type\":\"WebPage\",\"@id\":\"https:\/\/vosgesinfo.fr\/saintdieinfo\/2025\/10\/raon-letape-conference-les-combattants-raonnais-dans-la-guerre-dindochine\/\",\"url\":\"https:\/\/vosgesinfo.fr\/saintdieinfo\/2025\/10\/raon-letape-conference-les-combattants-raonnais-dans-la-guerre-dindochine\/\",\"name\":\"Raon-l\u2019\u00c9tape \u2013 Conf\u00e9rence \\\"Les combattants raonnais dans la guerre d\u2019Indochine\\\" - Saint Die Info\",\"isPartOf\":{\"@id\":\"https:\/\/vosgesinfo.fr\/saintdieinfo\/#website\"},\"primaryImageOfPage\":{\"@id\":\"https:\/\/vosgesinfo.fr\/saintdieinfo\/2025\/10\/raon-letape-conference-les-combattants-raonnais-dans-la-guerre-dindochine\/#primaryimage\"},\"image\":{\"@id\":\"https:\/\/vosgesinfo.fr\/saintdieinfo\/2025\/10\/raon-letape-conference-les-combattants-raonnais-dans-la-guerre-dindochine\/#primaryimage\"},\"thumbnailUrl\":\"https:\/\/vosgesinfo.fr\/app\/uploads\/sites\/4\/2025\/10\/raon-letape-conference-axel-balland.jpg\",\"datePublished\":\"2025-10-16T14:55:06+00:00\",\"dateModified\":\"2025-10-16T14:41:01+00:00\",\"breadcrumb\":{\"@id\":\"https:\/\/vosgesinfo.fr\/saintdieinfo\/2025\/10\/raon-letape-conference-les-combattants-raonnais-dans-la-guerre-dindochine\/#breadcrumb\"},\"inLanguage\":\"fr-FR\",\"potentialAction\":[{\"@type\":\"ReadAction\",\"target\":[\"https:\/\/vosgesinfo.fr\/saintdieinfo\/2025\/10\/raon-letape-conference-les-combattants-raonnais-dans-la-guerre-dindochine\/\"]}]},{\"@type\":\"ImageObject\",\"inLanguage\":\"fr-FR\",\"@id\":\"https:\/\/vosgesinfo.fr\/saintdieinfo\/2025\/10\/raon-letape-conference-les-combattants-raonnais-dans-la-guerre-dindochine\/#primaryimage\",\"url\":\"https:\/\/vosgesinfo.fr\/app\/uploads\/sites\/4\/2025\/10\/raon-letape-conference-axel-balland.jpg\",\"contentUrl\":\"https:\/\/vosgesinfo.fr\/app\/uploads\/sites\/4\/2025\/10\/raon-letape-conference-axel-balland.jpg\",\"width\":968,\"height\":651,\"caption\":\"Combattants fran\u00e7ais dans une tranch\u00e9e du camp retranch\u00e9 de Dien Bien Phu en 1954 au cours de la bataille (collection particuli\u00e8re)\"},{\"@type\":\"BreadcrumbList\",\"@id\":\"https:\/\/vosgesinfo.fr\/saintdieinfo\/2025\/10\/raon-letape-conference-les-combattants-raonnais-dans-la-guerre-dindochine\/#breadcrumb\",\"itemListElement\":[{\"@type\":\"ListItem\",\"position\":1,\"name\":\"Home\",\"item\":\"https:\/\/vosgesinfo.fr\/saintdieinfo\/\"},{\"@type\":\"ListItem\",\"position\":2,\"name\":\"Raon-l\u2019\u00c9tape \u2013 Conf\u00e9rence \u00ab\u00a0Les combattants raonnais dans la guerre d\u2019Indochine\u00a0\u00bb\"}]},{\"@type\":\"WebSite\",\"@id\":\"https:\/\/vosgesinfo.fr\/saintdieinfo\/#website\",\"url\":\"https:\/\/vosgesinfo.fr\/saintdieinfo\/\",\"name\":\"Saint Die Info\",\"description\":\"Toute l&#039;actualit\u00e9 de Saint-Di\u00e9-Des-Vosges\",\"publisher\":{\"@id\":\"https:\/\/vosgesinfo.fr\/saintdieinfo\/#organization\"},\"alternateName\":\"Toute l'actualit\u00e9 de Saint-Di\u00e9-Des-Vosges\",\"potentialAction\":[{\"@type\":\"SearchAction\",\"target\":{\"@type\":\"EntryPoint\",\"urlTemplate\":\"https:\/\/vosgesinfo.fr\/saintdieinfo\/?s={search_term_string}\"},\"query-input\":\"required name=search_term_string\"}],\"inLanguage\":\"fr-FR\"},{\"@type\":\"Organization\",\"@id\":\"https:\/\/vosgesinfo.fr\/saintdieinfo\/#organization\",\"name\":\"Saint Die Info\",\"url\":\"https:\/\/vosgesinfo.fr\/saintdieinfo\/\",\"logo\":{\"@type\":\"ImageObject\",\"inLanguage\":\"fr-FR\",\"@id\":\"https:\/\/vosgesinfo.fr\/saintdieinfo\/#\/schema\/logo\/image\/\",\"url\":\"https:\/\/vosgesinfo.fr\/app\/uploads\/sites\/4\/2024\/02\/logo-sdi.jpg\",\"contentUrl\":\"https:\/\/vosgesinfo.fr\/app\/uploads\/sites\/4\/2024\/02\/logo-sdi.jpg\",\"width\":600,\"height\":600,\"caption\":\"Saint Die Info\"},\"image\":{\"@id\":\"https:\/\/vosgesinfo.fr\/saintdieinfo\/#\/schema\/logo\/image\/\"},\"sameAs\":[\"https:\/\/www.facebook.com\/Saintdieinfofr\",\"https:\/\/x.com\/VosgesInfo88\",\"https:\/\/www.youtube.com\/@vosgesinfo\"]},{\"@type\":\"Person\",\"@id\":\"https:\/\/vosgesinfo.fr\/saintdieinfo\/#\/schema\/person\/fa73e9f726d67bb88f46d5b7943cb572\",\"name\":\"J.J.\",\"image\":{\"@type\":\"ImageObject\",\"inLanguage\":\"fr-FR\",\"@id\":\"https:\/\/vosgesinfo.fr\/saintdieinfo\/#\/schema\/person\/image\/\",\"url\":\"https:\/\/secure.gravatar.com\/avatar\/219e749e47ffbcca018a360ae4add7d4cdf1cdaaf8bc7676b27efade3fe65615?s=96&d=mm&r=g\",\"contentUrl\":\"https:\/\/secure.gravatar.com\/avatar\/219e749e47ffbcca018a360ae4add7d4cdf1cdaaf8bc7676b27efade3fe65615?s=96&d=mm&r=g\",\"caption\":\"J.J.\"},\"url\":\"https:\/\/vosgesinfo.fr\/saintdieinfo\/author\/j-j\/\"}]}<\/script>\n<!-- \/ Yoast SEO plugin. -->","yoast_head_json":{"title":"Raon-l\u2019\u00c9tape \u2013 Conf\u00e9rence \"Les combattants raonnais dans la guerre d\u2019Indochine\" - Saint Die Info","robots":{"index":"index","follow":"follow","max-snippet":"max-snippet:-1","max-image-preview":"max-image-preview:large","max-video-preview":"max-video-preview:-1"},"canonical":"https:\/\/vosgesinfo.fr\/saintdieinfo\/2025\/10\/raon-letape-conference-les-combattants-raonnais-dans-la-guerre-dindochine\/","twitter_card":"summary_large_image","twitter_title":"Raon-l\u2019\u00c9tape \u2013 Conf\u00e9rence \"Les combattants raonnais dans la guerre d\u2019Indochine\" - Saint Die Info","twitter_description":"Une conf\u00e9rence intitul\u00e9e \u00ab Les combattants raonnais dans la guerre d\u2019Indochine \u00bb se tiendra demain vendredi 17 octobre \u00e0 20 [&hellip;]","twitter_image":"https:\/\/vosgesinfo.fr\/app\/uploads\/sites\/4\/2025\/10\/raon-letape-conference-axel-balland.jpg","twitter_creator":"@VosgesInfo88","twitter_site":"@VosgesInfo88","twitter_misc":{"\u00c9crit par":"J.J.","Dur\u00e9e de lecture estim\u00e9e":"1 minute"},"schema":{"@context":"https:\/\/schema.org","@graph":[{"@type":"Article","@id":"https:\/\/vosgesinfo.fr\/saintdieinfo\/2025\/10\/raon-letape-conference-les-combattants-raonnais-dans-la-guerre-dindochine\/#article","isPartOf":{"@id":"https:\/\/vosgesinfo.fr\/saintdieinfo\/2025\/10\/raon-letape-conference-les-combattants-raonnais-dans-la-guerre-dindochine\/"},"author":{"name":"J.J.","@id":"https:\/\/vosgesinfo.fr\/saintdieinfo\/#\/schema\/person\/fa73e9f726d67bb88f46d5b7943cb572"},"headline":"Raon-l\u2019\u00c9tape \u2013 Conf\u00e9rence \u00ab\u00a0Les combattants raonnais dans la guerre d\u2019Indochine\u00a0\u00bb","datePublished":"2025-10-16T14:55:06+00:00","dateModified":"2025-10-16T14:41:01+00:00","mainEntityOfPage":{"@id":"https:\/\/vosgesinfo.fr\/saintdieinfo\/2025\/10\/raon-letape-conference-les-combattants-raonnais-dans-la-guerre-dindochine\/"},"wordCount":144,"commentCount":0,"publisher":{"@id":"https:\/\/vosgesinfo.fr\/saintdieinfo\/#organization"},"image":{"@id":"https:\/\/vosgesinfo.fr\/saintdieinfo\/2025\/10\/raon-letape-conference-les-combattants-raonnais-dans-la-guerre-dindochine\/#primaryimage"},"thumbnailUrl":"https:\/\/vosgesinfo.fr\/app\/uploads\/sites\/4\/2025\/10\/raon-letape-conference-axel-balland.jpg","keywords":["Axel Balland","Conf\u00e9rence historique","Guerre d'Indochine","Les combattants raonnais dans la guerre d\u2019Indochine","Raon-l\u2019Etape"],"articleSection":["Br\u00e8ves","Culture","D\u00e9odatie"],"inLanguage":"fr-FR","potentialAction":[{"@type":"CommentAction","name":"Comment","target":["https:\/\/vosgesinfo.fr\/saintdieinfo\/2025\/10\/raon-letape-conference-les-combattants-raonnais-dans-la-guerre-dindochine\/#respond"]}]},{"@type":"WebPage","@id":"https:\/\/vosgesinfo.fr\/saintdieinfo\/2025\/10\/raon-letape-conference-les-combattants-raonnais-dans-la-guerre-dindochine\/","url":"https:\/\/vosgesinfo.fr\/saintdieinfo\/2025\/10\/raon-letape-conference-les-combattants-raonnais-dans-la-guerre-dindochine\/","name":"Raon-l\u2019\u00c9tape \u2013 Conf\u00e9rence \"Les combattants raonnais dans la guerre d\u2019Indochine\" - Saint Die Info","isPartOf":{"@id":"https:\/\/vosgesinfo.fr\/saintdieinfo\/#website"},"primaryImageOfPage":{"@id":"https:\/\/vosgesinfo.fr\/saintdieinfo\/2025\/10\/raon-letape-conference-les-combattants-raonnais-dans-la-guerre-dindochine\/#primaryimage"},"image":{"@id":"https:\/\/vosgesinfo.fr\/saintdieinfo\/2025\/10\/raon-letape-conference-les-combattants-raonnais-dans-la-guerre-dindochine\/#primaryimage"},"thumbnailUrl":"https:\/\/vosgesinfo.fr\/app\/uploads\/sites\/4\/2025\/10\/raon-letape-conference-axel-balland.jpg","datePublished":"2025-10-16T14:55:06+00:00","dateModified":"2025-10-16T14:41:01+00:00","breadcrumb":{"@id":"https:\/\/vosgesinfo.fr\/saintdieinfo\/2025\/10\/raon-letape-conference-les-combattants-raonnais-dans-la-guerre-dindochine\/#breadcrumb"},"inLanguage":"fr-FR","potentialAction":[{"@type":"ReadAction","target":["https:\/\/vosgesinfo.fr\/saintdieinfo\/2025\/10\/raon-letape-conference-les-combattants-raonnais-dans-la-guerre-dindochine\/"]}]},{"@type":"ImageObject","inLanguage":"fr-FR","@id":"https:\/\/vosgesinfo.fr\/saintdieinfo\/2025\/10\/raon-letape-conference-les-combattants-raonnais-dans-la-guerre-dindochine\/#primaryimage","url":"https:\/\/vosgesinfo.fr\/app\/uploads\/sites\/4\/2025\/10\/raon-letape-conference-axel-balland.jpg","contentUrl":"https:\/\/vosgesinfo.fr\/app\/uploads\/sites\/4\/2025\/10\/raon-letape-conference-axel-balland.jpg","width":968,"height":651,"caption":"Combattants fran\u00e7ais dans une tranch\u00e9e du camp retranch\u00e9 de Dien Bien Phu en 1954 au cours de la bataille (collection particuli\u00e8re)"},{"@type":"BreadcrumbList","@id":"https:\/\/vosgesinfo.fr\/saintdieinfo\/2025\/10\/raon-letape-conference-les-combattants-raonnais-dans-la-guerre-dindochine\/#breadcrumb","itemListElement":[{"@type":"ListItem","position":1,"name":"Home","item":"https:\/\/vosgesinfo.fr\/saintdieinfo\/"},{"@type":"ListItem","position":2,"name":"Raon-l\u2019\u00c9tape \u2013 Conf\u00e9rence \u00ab\u00a0Les combattants raonnais dans la guerre d\u2019Indochine\u00a0\u00bb"}]},{"@type":"WebSite","@id":"https:\/\/vosgesinfo.fr\/saintdieinfo\/#website","url":"https:\/\/vosgesinfo.fr\/saintdieinfo\/","name":"Saint Die Info","description":"Toute l&#039;actualit\u00e9 de Saint-Di\u00e9-Des-Vosges","publisher":{"@id":"https:\/\/vosgesinfo.fr\/saintdieinfo\/#organization"},"alternateName":"Toute l'actualit\u00e9 de Saint-Di\u00e9-Des-Vosges","potentialAction":[{"@type":"SearchAction","target":{"@type":"EntryPoint","urlTemplate":"https:\/\/vosgesinfo.fr\/saintdieinfo\/?s={search_term_string}"},"query-input":"required name=search_term_string"}],"inLanguage":"fr-FR"},{"@type":"Organization","@id":"https:\/\/vosgesinfo.fr\/saintdieinfo\/#organization","name":"Saint Die Info","url":"https:\/\/vosgesinfo.fr\/saintdieinfo\/","logo":{"@type":"ImageObject","inLanguage":"fr-FR","@id":"https:\/\/vosgesinfo.fr\/saintdieinfo\/#\/schema\/logo\/image\/","url":"https:\/\/vosgesinfo.fr\/app\/uploads\/sites\/4\/2024\/02\/logo-sdi.jpg","contentUrl":"https:\/\/vosgesinfo.fr\/app\/uploads\/sites\/4\/2024\/02\/logo-sdi.jpg","width":600,"height":600,"caption":"Saint Die Info"},"image":{"@id":"https:\/\/vosgesinfo.fr\/saintdieinfo\/#\/schema\/logo\/image\/"},"sameAs":["https:\/\/www.facebook.com\/Saintdieinfofr","https:\/\/x.com\/VosgesInfo88","https:\/\/www.youtube.com\/@vosgesinfo"]},{"@type":"Person","@id":"https:\/\/vosgesinfo.fr\/saintdieinfo\/#\/schema\/person\/fa73e9f726d67bb88f46d5b7943cb572","name":"J.J.","image":{"@type":"ImageObject","inLanguage":"fr-FR","@id":"https:\/\/vosgesinfo.fr\/saintdieinfo\/#\/schema\/person\/image\/","url":"https:\/\/secure.gravatar.com\/avatar\/219e749e47ffbcca018a360ae4add7d4cdf1cdaaf8bc7676b27efade3fe65615?s=96&d=mm&r=g","contentUrl":"https:\/\/secure.gravatar.com\/avatar\/219e749e47ffbcca018a360ae4add7d4cdf1cdaaf8bc7676b27efade3fe65615?s=96&d=mm&r=g","caption":"J.J."},"url":"https:\/\/vosgesinfo.fr\/saintdieinfo\/author\/j-j\/"}]}},"_links":{"self":[{"href":"https:\/\/vosgesinfo.fr\/saintdieinfo\/wp-json\/wp\/v2\/posts\/83542","targetHints":{"allow":["GET"]}}],"collection":[{"href":"https:\/\/vosgesinfo.fr\/saintdieinfo\/wp-json\/wp\/v2\/posts"}],"about":[{"href":"https:\/\/vosgesinfo.fr\/saintdieinfo\/wp-json\/wp\/v2\/types\/post"}],"author":[{"embeddable":true,"href":"https:\/\/vosgesinfo.fr\/saintdieinfo\/wp-json\/wp\/v2\/users\/46"}],"replies":[{"embeddable":true,"href":"https:\/\/vosgesinfo.fr\/saintdieinfo\/wp-json\/wp\/v2\/comments?post=83542"}],"version-history":[{"count":1,"href":"https:\/\/vosgesinfo.fr\/saintdieinfo\/wp-json\/wp\/v2\/posts\/83542\/revisions"}],"predecessor-version":[{"id":83544,"href":"https:\/\/vosgesinfo.fr\/saintdieinfo\/wp-json\/wp\/v2\/posts\/83542\/revisions\/83544"}],"wp:featuredmedia":[{"embeddable":true,"href":"https:\/\/vosgesinfo.fr\/saintdieinfo\/wp-json\/wp\/v2\/media\/83543"}],"wp:attachment":[{"href":"https:\/\/vosgesinfo.fr\/saintdieinfo\/wp-json\/wp\/v2\/media?parent=83542"}],"wp:term":[{"taxonomy":"category","embeddable":true,"href":"https:\/\/vosgesinfo.fr\/saintdieinfo\/wp-json\/wp\/v2\/categories?post=83542"},{"taxonomy":"post_tag","embeddable":true,"href":"https:\/\/vosgesinfo.fr\/saintdieinfo\/wp-json\/wp\/v2\/tags?post=83542"}],"curies":[{"name":"wp","href":"https:\/\/api.w.org\/{rel}","templated":true}]}}