{"id":83561,"date":"2025-10-17T09:20:57","date_gmt":"2025-10-17T07:20:57","guid":{"rendered":"https:\/\/vosgesinfo.fr\/saintdieinfo\/?p=83561"},"modified":"2025-10-17T09:13:15","modified_gmt":"2025-10-17T07:13:15","slug":"le-marche-de-noel-solidaire-se-prepare-a-lehpad-saint-deodat","status":"publish","type":"post","link":"https:\/\/vosgesinfo.fr\/saintdieinfo\/2025\/10\/le-marche-de-noel-solidaire-se-prepare-a-lehpad-saint-deodat\/","title":{"rendered":"Le March\u00e9 de No\u00ebl solidaire se pr\u00e9pare \u00e0 l\u2019EHPAD Saint-D\u00e9odat"},"content":{"rendered":"<div id=\"attachment_83563\" style=\"width: 1034px\" class=\"wp-caption alignnone\"><a href=\"https:\/\/vosgesinfo.fr\/app\/uploads\/sites\/4\/2025\/10\/marche-noel-illustration.jpg\"><img decoding=\"async\" aria-describedby=\"caption-attachment-83563\" class=\"size-large wp-image-83563\" src=\"https:\/\/vosgesinfo.fr\/app\/uploads\/sites\/4\/2025\/10\/marche-noel-illustration-1024x683.jpg\" alt=\"\" width=\"1024\" height=\"683\" srcset=\"https:\/\/vosgesinfo.fr\/app\/uploads\/sites\/4\/2025\/10\/marche-noel-illustration-1024x683.jpg 1024w, https:\/\/vosgesinfo.fr\/app\/uploads\/sites\/4\/2025\/10\/marche-noel-illustration-300x200.jpg 300w, https:\/\/vosgesinfo.fr\/app\/uploads\/sites\/4\/2025\/10\/marche-noel-illustration-768x512.jpg 768w, https:\/\/vosgesinfo.fr\/app\/uploads\/sites\/4\/2025\/10\/marche-noel-illustration.jpg 1536w\" sizes=\"(max-width: 1024px) 100vw, 1024px\" \/><\/a><p id=\"caption-attachment-83563\" class=\"wp-caption-text\">Illustration. (Image IA)<\/p><\/div>\n<h2>L\u2019<strong>EHPAD Saint-D\u00e9odat<\/strong> et <strong>R\u00e9piD\u00e9odat,<\/strong> <strong>Plateforme d\u2019Accompagnement et de R\u00e9pit,<\/strong>\u00a0organisent leur <strong>March\u00e9 de No\u00ebl<\/strong> les <strong>vendredi 28 et samedi 29 novembre<\/strong>, de <strong>14 h \u00e0 18 h<\/strong>, au sein de l\u2019\u00e9tablissement situ\u00e9 <strong>19, avenue de Robache \u00e0 Saint-Di\u00e9-des-Vosges<\/strong>.<\/h2>\n<p><!--more--><\/p>\n<p><strong>Ouvert \u00e0 tous,<\/strong> ce March\u00e9 de No\u00ebl rassemblera <strong>artisans locaux, r\u00e9sidents, aidants et familles<\/strong> pour un moment \u00e0 la fois convivial et festif. Les visiteurs pourront y d\u00e9couvrir <strong>des cr\u00e9ations artisanales et des d\u00e9corations de No\u00ebl r\u00e9alis\u00e9es par les r\u00e9sidents et les aidants<\/strong>, ainsi qu\u2019un <strong>atelier photo en famille<\/strong> propos\u00e9 par <strong>Herv\u00e9 Legrix le samedi<\/strong>. Un <strong>espace restauration<\/strong> proposera <strong>gaufres et boissons chaudes<\/strong>, et les <strong>fonds r\u00e9colt\u00e9s seront revers\u00e9s \u00e0 l\u2019animation<\/strong> de l\u2019EHPAD.<\/p>\n<p><a href=\"https:\/\/vosgesinfo.fr\/app\/uploads\/sites\/4\/2025\/10\/marche-noel-ehpad-saint-deodat.jpg\"><img decoding=\"async\" class=\"alignnone size-large wp-image-83562\" src=\"https:\/\/vosgesinfo.fr\/app\/uploads\/sites\/4\/2025\/10\/marche-noel-ehpad-saint-deodat-724x1024.jpg\" alt=\"\" width=\"724\" height=\"1024\" srcset=\"https:\/\/vosgesinfo.fr\/app\/uploads\/sites\/4\/2025\/10\/marche-noel-ehpad-saint-deodat-724x1024.jpg 724w, https:\/\/vosgesinfo.fr\/app\/uploads\/sites\/4\/2025\/10\/marche-noel-ehpad-saint-deodat-212x300.jpg 212w, https:\/\/vosgesinfo.fr\/app\/uploads\/sites\/4\/2025\/10\/marche-noel-ehpad-saint-deodat.jpg 764w\" sizes=\"(max-width: 724px) 100vw, 724px\" \/><\/a><\/p>\n","protected":false},"excerpt":{"rendered":"<p>L\u2019EHPAD Saint-D\u00e9odat et R\u00e9piD\u00e9odat, Plateforme d\u2019Accompagnement et de R\u00e9pit,\u00a0organisent leur March\u00e9 de No\u00ebl les vendredi 28 et samedi 29 novembre, [&hellip;]<\/p>\n","protected":false},"author":46,"featured_media":83563,"comment_status":"open","ping_status":"open","sticky":false,"template":"","format":"standard","meta":{"footnotes":""},"categories":[3900,20,167],"tags":[5781,2709,18468,17192],"class_list":["post-83561","post","type-post","status-publish","format-standard","has-post-thumbnail","hentry","category-breves","category-loisirs","category-saint-die-des-vosges","tag-ehpad-saint-deodat","tag-marche-de-noel","tag-marche-de-noel-de-lehpad-saint-deodat","tag-repideodat"],"acf":[],"yoast_head":"<!-- This site is optimized with the Yoast SEO plugin v22.5 - https:\/\/yoast.com\/wordpress\/plugins\/seo\/ -->\n<title>Le March\u00e9 de No\u00ebl solidaire se pr\u00e9pare \u00e0 l\u2019EHPAD Saint-D\u00e9odat - Saint Die Info<\/title>\n<meta name=\"robots\" content=\"index, follow, max-snippet:-1, max-image-preview:large, max-video-preview:-1\" \/>\n<link rel=\"canonical\" href=\"https:\/\/vosgesinfo.fr\/saintdieinfo\/2025\/10\/le-marche-de-noel-solidaire-se-prepare-a-lehpad-saint-deodat\/\" \/>\n<meta name=\"twitter:card\" content=\"summary_large_image\" \/>\n<meta name=\"twitter:title\" content=\"Le March\u00e9 de No\u00ebl solidaire se pr\u00e9pare \u00e0 l\u2019EHPAD Saint-D\u00e9odat - Saint Die Info\" \/>\n<meta name=\"twitter:description\" content=\"L\u2019EHPAD Saint-D\u00e9odat et R\u00e9piD\u00e9odat, Plateforme d\u2019Accompagnement et de R\u00e9pit,\u00a0organisent leur March\u00e9 de No\u00ebl les vendredi 28 et samedi 29 novembre, [&hellip;]\" \/>\n<meta name=\"twitter:image\" content=\"https:\/\/vosgesinfo.fr\/app\/uploads\/sites\/4\/2025\/10\/marche-noel-illustration.jpg\" \/>\n<meta name=\"twitter:creator\" content=\"@VosgesInfo88\" \/>\n<meta name=\"twitter:site\" content=\"@VosgesInfo88\" \/>\n<meta name=\"twitter:label1\" content=\"\u00c9crit par\" \/>\n\t<meta name=\"twitter:data1\" content=\"J.J.\" \/>\n\t<meta name=\"twitter:label2\" content=\"Dur\u00e9e de lecture estim\u00e9e\" \/>\n\t<meta name=\"twitter:data2\" content=\"1 minute\" \/>\n<script type=\"application\/ld+json\" class=\"yoast-schema-graph\">{\"@context\":\"https:\/\/schema.org\",\"@graph\":[{\"@type\":\"Article\",\"@id\":\"https:\/\/vosgesinfo.fr\/saintdieinfo\/2025\/10\/le-marche-de-noel-solidaire-se-prepare-a-lehpad-saint-deodat\/#article\",\"isPartOf\":{\"@id\":\"https:\/\/vosgesinfo.fr\/saintdieinfo\/2025\/10\/le-marche-de-noel-solidaire-se-prepare-a-lehpad-saint-deodat\/\"},\"author\":{\"name\":\"J.J.\",\"@id\":\"https:\/\/vosgesinfo.fr\/saintdieinfo\/#\/schema\/person\/fa73e9f726d67bb88f46d5b7943cb572\"},\"headline\":\"Le March\u00e9 de No\u00ebl solidaire se pr\u00e9pare \u00e0 l\u2019EHPAD Saint-D\u00e9odat\",\"datePublished\":\"2025-10-17T07:20:57+00:00\",\"dateModified\":\"2025-10-17T07:13:15+00:00\",\"mainEntityOfPage\":{\"@id\":\"https:\/\/vosgesinfo.fr\/saintdieinfo\/2025\/10\/le-marche-de-noel-solidaire-se-prepare-a-lehpad-saint-deodat\/\"},\"wordCount\":148,\"commentCount\":0,\"publisher\":{\"@id\":\"https:\/\/vosgesinfo.fr\/saintdieinfo\/#organization\"},\"image\":{\"@id\":\"https:\/\/vosgesinfo.fr\/saintdieinfo\/2025\/10\/le-marche-de-noel-solidaire-se-prepare-a-lehpad-saint-deodat\/#primaryimage\"},\"thumbnailUrl\":\"https:\/\/vosgesinfo.fr\/app\/uploads\/sites\/4\/2025\/10\/marche-noel-illustration.jpg\",\"keywords\":[\"EHPAD Saint-D\u00e9odat\",\"march\u00e9 de No\u00ebl\",\"March\u00e9 de No\u00ebl de l'EHPAD Saint-D\u00e9odat\",\"R\u00e9piD\u00e9odat\"],\"articleSection\":[\"Br\u00e8ves\",\"Loisirs\",\"Saint-Di\u00e9-des-Vosges\"],\"inLanguage\":\"fr-FR\",\"potentialAction\":[{\"@type\":\"CommentAction\",\"name\":\"Comment\",\"target\":[\"https:\/\/vosgesinfo.fr\/saintdieinfo\/2025\/10\/le-marche-de-noel-solidaire-se-prepare-a-lehpad-saint-deodat\/#respond\"]}]},{\"@type\":\"WebPage\",\"@id\":\"https:\/\/vosgesinfo.fr\/saintdieinfo\/2025\/10\/le-marche-de-noel-solidaire-se-prepare-a-lehpad-saint-deodat\/\",\"url\":\"https:\/\/vosgesinfo.fr\/saintdieinfo\/2025\/10\/le-marche-de-noel-solidaire-se-prepare-a-lehpad-saint-deodat\/\",\"name\":\"Le March\u00e9 de No\u00ebl solidaire se pr\u00e9pare \u00e0 l\u2019EHPAD Saint-D\u00e9odat - Saint Die Info\",\"isPartOf\":{\"@id\":\"https:\/\/vosgesinfo.fr\/saintdieinfo\/#website\"},\"primaryImageOfPage\":{\"@id\":\"https:\/\/vosgesinfo.fr\/saintdieinfo\/2025\/10\/le-marche-de-noel-solidaire-se-prepare-a-lehpad-saint-deodat\/#primaryimage\"},\"image\":{\"@id\":\"https:\/\/vosgesinfo.fr\/saintdieinfo\/2025\/10\/le-marche-de-noel-solidaire-se-prepare-a-lehpad-saint-deodat\/#primaryimage\"},\"thumbnailUrl\":\"https:\/\/vosgesinfo.fr\/app\/uploads\/sites\/4\/2025\/10\/marche-noel-illustration.jpg\",\"datePublished\":\"2025-10-17T07:20:57+00:00\",\"dateModified\":\"2025-10-17T07:13:15+00:00\",\"breadcrumb\":{\"@id\":\"https:\/\/vosgesinfo.fr\/saintdieinfo\/2025\/10\/le-marche-de-noel-solidaire-se-prepare-a-lehpad-saint-deodat\/#breadcrumb\"},\"inLanguage\":\"fr-FR\",\"potentialAction\":[{\"@type\":\"ReadAction\",\"target\":[\"https:\/\/vosgesinfo.fr\/saintdieinfo\/2025\/10\/le-marche-de-noel-solidaire-se-prepare-a-lehpad-saint-deodat\/\"]}]},{\"@type\":\"ImageObject\",\"inLanguage\":\"fr-FR\",\"@id\":\"https:\/\/vosgesinfo.fr\/saintdieinfo\/2025\/10\/le-marche-de-noel-solidaire-se-prepare-a-lehpad-saint-deodat\/#primaryimage\",\"url\":\"https:\/\/vosgesinfo.fr\/app\/uploads\/sites\/4\/2025\/10\/marche-noel-illustration.jpg\",\"contentUrl\":\"https:\/\/vosgesinfo.fr\/app\/uploads\/sites\/4\/2025\/10\/marche-noel-illustration.jpg\",\"width\":1536,\"height\":1024,\"caption\":\"Illustration. (Image IA)\"},{\"@type\":\"BreadcrumbList\",\"@id\":\"https:\/\/vosgesinfo.fr\/saintdieinfo\/2025\/10\/le-marche-de-noel-solidaire-se-prepare-a-lehpad-saint-deodat\/#breadcrumb\",\"itemListElement\":[{\"@type\":\"ListItem\",\"position\":1,\"name\":\"Home\",\"item\":\"https:\/\/vosgesinfo.fr\/saintdieinfo\/\"},{\"@type\":\"ListItem\",\"position\":2,\"name\":\"Le March\u00e9 de No\u00ebl solidaire se pr\u00e9pare \u00e0 l\u2019EHPAD Saint-D\u00e9odat\"}]},{\"@type\":\"WebSite\",\"@id\":\"https:\/\/vosgesinfo.fr\/saintdieinfo\/#website\",\"url\":\"https:\/\/vosgesinfo.fr\/saintdieinfo\/\",\"name\":\"Saint Die Info\",\"description\":\"Toute l&#039;actualit\u00e9 de Saint-Di\u00e9-Des-Vosges\",\"publisher\":{\"@id\":\"https:\/\/vosgesinfo.fr\/saintdieinfo\/#organization\"},\"alternateName\":\"Toute l'actualit\u00e9 de Saint-Di\u00e9-Des-Vosges\",\"potentialAction\":[{\"@type\":\"SearchAction\",\"target\":{\"@type\":\"EntryPoint\",\"urlTemplate\":\"https:\/\/vosgesinfo.fr\/saintdieinfo\/?s={search_term_string}\"},\"query-input\":\"required name=search_term_string\"}],\"inLanguage\":\"fr-FR\"},{\"@type\":\"Organization\",\"@id\":\"https:\/\/vosgesinfo.fr\/saintdieinfo\/#organization\",\"name\":\"Saint Die Info\",\"url\":\"https:\/\/vosgesinfo.fr\/saintdieinfo\/\",\"logo\":{\"@type\":\"ImageObject\",\"inLanguage\":\"fr-FR\",\"@id\":\"https:\/\/vosgesinfo.fr\/saintdieinfo\/#\/schema\/logo\/image\/\",\"url\":\"https:\/\/vosgesinfo.fr\/app\/uploads\/sites\/4\/2024\/02\/logo-sdi.jpg\",\"contentUrl\":\"https:\/\/vosgesinfo.fr\/app\/uploads\/sites\/4\/2024\/02\/logo-sdi.jpg\",\"width\":600,\"height\":600,\"caption\":\"Saint Die Info\"},\"image\":{\"@id\":\"https:\/\/vosgesinfo.fr\/saintdieinfo\/#\/schema\/logo\/image\/\"},\"sameAs\":[\"https:\/\/www.facebook.com\/Saintdieinfofr\",\"https:\/\/x.com\/VosgesInfo88\",\"https:\/\/www.youtube.com\/@vosgesinfo\"]},{\"@type\":\"Person\",\"@id\":\"https:\/\/vosgesinfo.fr\/saintdieinfo\/#\/schema\/person\/fa73e9f726d67bb88f46d5b7943cb572\",\"name\":\"J.J.\",\"image\":{\"@type\":\"ImageObject\",\"inLanguage\":\"fr-FR\",\"@id\":\"https:\/\/vosgesinfo.fr\/saintdieinfo\/#\/schema\/person\/image\/\",\"url\":\"https:\/\/secure.gravatar.com\/avatar\/219e749e47ffbcca018a360ae4add7d4cdf1cdaaf8bc7676b27efade3fe65615?s=96&d=mm&r=g\",\"contentUrl\":\"https:\/\/secure.gravatar.com\/avatar\/219e749e47ffbcca018a360ae4add7d4cdf1cdaaf8bc7676b27efade3fe65615?s=96&d=mm&r=g\",\"caption\":\"J.J.\"},\"url\":\"https:\/\/vosgesinfo.fr\/saintdieinfo\/author\/j-j\/\"}]}<\/script>\n<!-- \/ Yoast SEO plugin. -->","yoast_head_json":{"title":"Le March\u00e9 de No\u00ebl solidaire se pr\u00e9pare \u00e0 l\u2019EHPAD Saint-D\u00e9odat - Saint Die Info","robots":{"index":"index","follow":"follow","max-snippet":"max-snippet:-1","max-image-preview":"max-image-preview:large","max-video-preview":"max-video-preview:-1"},"canonical":"https:\/\/vosgesinfo.fr\/saintdieinfo\/2025\/10\/le-marche-de-noel-solidaire-se-prepare-a-lehpad-saint-deodat\/","twitter_card":"summary_large_image","twitter_title":"Le March\u00e9 de No\u00ebl solidaire se pr\u00e9pare \u00e0 l\u2019EHPAD Saint-D\u00e9odat - Saint Die Info","twitter_description":"L\u2019EHPAD Saint-D\u00e9odat et R\u00e9piD\u00e9odat, Plateforme d\u2019Accompagnement et de R\u00e9pit,\u00a0organisent leur March\u00e9 de No\u00ebl les vendredi 28 et samedi 29 novembre, [&hellip;]","twitter_image":"https:\/\/vosgesinfo.fr\/app\/uploads\/sites\/4\/2025\/10\/marche-noel-illustration.jpg","twitter_creator":"@VosgesInfo88","twitter_site":"@VosgesInfo88","twitter_misc":{"\u00c9crit par":"J.J.","Dur\u00e9e de lecture estim\u00e9e":"1 minute"},"schema":{"@context":"https:\/\/schema.org","@graph":[{"@type":"Article","@id":"https:\/\/vosgesinfo.fr\/saintdieinfo\/2025\/10\/le-marche-de-noel-solidaire-se-prepare-a-lehpad-saint-deodat\/#article","isPartOf":{"@id":"https:\/\/vosgesinfo.fr\/saintdieinfo\/2025\/10\/le-marche-de-noel-solidaire-se-prepare-a-lehpad-saint-deodat\/"},"author":{"name":"J.J.","@id":"https:\/\/vosgesinfo.fr\/saintdieinfo\/#\/schema\/person\/fa73e9f726d67bb88f46d5b7943cb572"},"headline":"Le March\u00e9 de No\u00ebl solidaire se pr\u00e9pare \u00e0 l\u2019EHPAD Saint-D\u00e9odat","datePublished":"2025-10-17T07:20:57+00:00","dateModified":"2025-10-17T07:13:15+00:00","mainEntityOfPage":{"@id":"https:\/\/vosgesinfo.fr\/saintdieinfo\/2025\/10\/le-marche-de-noel-solidaire-se-prepare-a-lehpad-saint-deodat\/"},"wordCount":148,"commentCount":0,"publisher":{"@id":"https:\/\/vosgesinfo.fr\/saintdieinfo\/#organization"},"image":{"@id":"https:\/\/vosgesinfo.fr\/saintdieinfo\/2025\/10\/le-marche-de-noel-solidaire-se-prepare-a-lehpad-saint-deodat\/#primaryimage"},"thumbnailUrl":"https:\/\/vosgesinfo.fr\/app\/uploads\/sites\/4\/2025\/10\/marche-noel-illustration.jpg","keywords":["EHPAD Saint-D\u00e9odat","march\u00e9 de No\u00ebl","March\u00e9 de No\u00ebl de l'EHPAD Saint-D\u00e9odat","R\u00e9piD\u00e9odat"],"articleSection":["Br\u00e8ves","Loisirs","Saint-Di\u00e9-des-Vosges"],"inLanguage":"fr-FR","potentialAction":[{"@type":"CommentAction","name":"Comment","target":["https:\/\/vosgesinfo.fr\/saintdieinfo\/2025\/10\/le-marche-de-noel-solidaire-se-prepare-a-lehpad-saint-deodat\/#respond"]}]},{"@type":"WebPage","@id":"https:\/\/vosgesinfo.fr\/saintdieinfo\/2025\/10\/le-marche-de-noel-solidaire-se-prepare-a-lehpad-saint-deodat\/","url":"https:\/\/vosgesinfo.fr\/saintdieinfo\/2025\/10\/le-marche-de-noel-solidaire-se-prepare-a-lehpad-saint-deodat\/","name":"Le March\u00e9 de No\u00ebl solidaire se pr\u00e9pare \u00e0 l\u2019EHPAD Saint-D\u00e9odat - Saint Die Info","isPartOf":{"@id":"https:\/\/vosgesinfo.fr\/saintdieinfo\/#website"},"primaryImageOfPage":{"@id":"https:\/\/vosgesinfo.fr\/saintdieinfo\/2025\/10\/le-marche-de-noel-solidaire-se-prepare-a-lehpad-saint-deodat\/#primaryimage"},"image":{"@id":"https:\/\/vosgesinfo.fr\/saintdieinfo\/2025\/10\/le-marche-de-noel-solidaire-se-prepare-a-lehpad-saint-deodat\/#primaryimage"},"thumbnailUrl":"https:\/\/vosgesinfo.fr\/app\/uploads\/sites\/4\/2025\/10\/marche-noel-illustration.jpg","datePublished":"2025-10-17T07:20:57+00:00","dateModified":"2025-10-17T07:13:15+00:00","breadcrumb":{"@id":"https:\/\/vosgesinfo.fr\/saintdieinfo\/2025\/10\/le-marche-de-noel-solidaire-se-prepare-a-lehpad-saint-deodat\/#breadcrumb"},"inLanguage":"fr-FR","potentialAction":[{"@type":"ReadAction","target":["https:\/\/vosgesinfo.fr\/saintdieinfo\/2025\/10\/le-marche-de-noel-solidaire-se-prepare-a-lehpad-saint-deodat\/"]}]},{"@type":"ImageObject","inLanguage":"fr-FR","@id":"https:\/\/vosgesinfo.fr\/saintdieinfo\/2025\/10\/le-marche-de-noel-solidaire-se-prepare-a-lehpad-saint-deodat\/#primaryimage","url":"https:\/\/vosgesinfo.fr\/app\/uploads\/sites\/4\/2025\/10\/marche-noel-illustration.jpg","contentUrl":"https:\/\/vosgesinfo.fr\/app\/uploads\/sites\/4\/2025\/10\/marche-noel-illustration.jpg","width":1536,"height":1024,"caption":"Illustration. (Image IA)"},{"@type":"BreadcrumbList","@id":"https:\/\/vosgesinfo.fr\/saintdieinfo\/2025\/10\/le-marche-de-noel-solidaire-se-prepare-a-lehpad-saint-deodat\/#breadcrumb","itemListElement":[{"@type":"ListItem","position":1,"name":"Home","item":"https:\/\/vosgesinfo.fr\/saintdieinfo\/"},{"@type":"ListItem","position":2,"name":"Le March\u00e9 de No\u00ebl solidaire se pr\u00e9pare \u00e0 l\u2019EHPAD Saint-D\u00e9odat"}]},{"@type":"WebSite","@id":"https:\/\/vosgesinfo.fr\/saintdieinfo\/#website","url":"https:\/\/vosgesinfo.fr\/saintdieinfo\/","name":"Saint Die Info","description":"Toute l&#039;actualit\u00e9 de Saint-Di\u00e9-Des-Vosges","publisher":{"@id":"https:\/\/vosgesinfo.fr\/saintdieinfo\/#organization"},"alternateName":"Toute l'actualit\u00e9 de Saint-Di\u00e9-Des-Vosges","potentialAction":[{"@type":"SearchAction","target":{"@type":"EntryPoint","urlTemplate":"https:\/\/vosgesinfo.fr\/saintdieinfo\/?s={search_term_string}"},"query-input":"required name=search_term_string"}],"inLanguage":"fr-FR"},{"@type":"Organization","@id":"https:\/\/vosgesinfo.fr\/saintdieinfo\/#organization","name":"Saint Die Info","url":"https:\/\/vosgesinfo.fr\/saintdieinfo\/","logo":{"@type":"ImageObject","inLanguage":"fr-FR","@id":"https:\/\/vosgesinfo.fr\/saintdieinfo\/#\/schema\/logo\/image\/","url":"https:\/\/vosgesinfo.fr\/app\/uploads\/sites\/4\/2024\/02\/logo-sdi.jpg","contentUrl":"https:\/\/vosgesinfo.fr\/app\/uploads\/sites\/4\/2024\/02\/logo-sdi.jpg","width":600,"height":600,"caption":"Saint Die Info"},"image":{"@id":"https:\/\/vosgesinfo.fr\/saintdieinfo\/#\/schema\/logo\/image\/"},"sameAs":["https:\/\/www.facebook.com\/Saintdieinfofr","https:\/\/x.com\/VosgesInfo88","https:\/\/www.youtube.com\/@vosgesinfo"]},{"@type":"Person","@id":"https:\/\/vosgesinfo.fr\/saintdieinfo\/#\/schema\/person\/fa73e9f726d67bb88f46d5b7943cb572","name":"J.J.","image":{"@type":"ImageObject","inLanguage":"fr-FR","@id":"https:\/\/vosgesinfo.fr\/saintdieinfo\/#\/schema\/person\/image\/","url":"https:\/\/secure.gravatar.com\/avatar\/219e749e47ffbcca018a360ae4add7d4cdf1cdaaf8bc7676b27efade3fe65615?s=96&d=mm&r=g","contentUrl":"https:\/\/secure.gravatar.com\/avatar\/219e749e47ffbcca018a360ae4add7d4cdf1cdaaf8bc7676b27efade3fe65615?s=96&d=mm&r=g","caption":"J.J."},"url":"https:\/\/vosgesinfo.fr\/saintdieinfo\/author\/j-j\/"}]}},"_links":{"self":[{"href":"https:\/\/vosgesinfo.fr\/saintdieinfo\/wp-json\/wp\/v2\/posts\/83561","targetHints":{"allow":["GET"]}}],"collection":[{"href":"https:\/\/vosgesinfo.fr\/saintdieinfo\/wp-json\/wp\/v2\/posts"}],"about":[{"href":"https:\/\/vosgesinfo.fr\/saintdieinfo\/wp-json\/wp\/v2\/types\/post"}],"author":[{"embeddable":true,"href":"https:\/\/vosgesinfo.fr\/saintdieinfo\/wp-json\/wp\/v2\/users\/46"}],"replies":[{"embeddable":true,"href":"https:\/\/vosgesinfo.fr\/saintdieinfo\/wp-json\/wp\/v2\/comments?post=83561"}],"version-history":[{"count":1,"href":"https:\/\/vosgesinfo.fr\/saintdieinfo\/wp-json\/wp\/v2\/posts\/83561\/revisions"}],"predecessor-version":[{"id":83564,"href":"https:\/\/vosgesinfo.fr\/saintdieinfo\/wp-json\/wp\/v2\/posts\/83561\/revisions\/83564"}],"wp:featuredmedia":[{"embeddable":true,"href":"https:\/\/vosgesinfo.fr\/saintdieinfo\/wp-json\/wp\/v2\/media\/83563"}],"wp:attachment":[{"href":"https:\/\/vosgesinfo.fr\/saintdieinfo\/wp-json\/wp\/v2\/media?parent=83561"}],"wp:term":[{"taxonomy":"category","embeddable":true,"href":"https:\/\/vosgesinfo.fr\/saintdieinfo\/wp-json\/wp\/v2\/categories?post=83561"},{"taxonomy":"post_tag","embeddable":true,"href":"https:\/\/vosgesinfo.fr\/saintdieinfo\/wp-json\/wp\/v2\/tags?post=83561"}],"curies":[{"name":"wp","href":"https:\/\/api.w.org\/{rel}","templated":true}]}}