{"id":83565,"date":"2025-10-17T09:40:26","date_gmt":"2025-10-17T07:40:26","guid":{"rendered":"https:\/\/vosgesinfo.fr\/saintdieinfo\/?p=83565"},"modified":"2025-10-17T09:30:30","modified_gmt":"2025-10-17T07:30:30","slug":"raon-letape-les-restos-du-coeur-recherchent-des-benevoles","status":"publish","type":"post","link":"https:\/\/vosgesinfo.fr\/saintdieinfo\/2025\/10\/raon-letape-les-restos-du-coeur-recherchent-des-benevoles\/","title":{"rendered":"Raon-l\u2019\u00c9tape \u2013 Les Restos du C\u0153ur recherchent des b\u00e9n\u00e9voles"},"content":{"rendered":"<h2>Le <strong>centre des Restos du C\u0153ur de Raon-l\u2019\u00c9tape<\/strong> lance un appel \u00e0 la solidarit\u00e9. L\u2019association, fid\u00e8le \u00e0 sa mission d\u2019aide alimentaire et sociale, <strong>recherche des b\u00e9n\u00e9voles<\/strong> pour renforcer son \u00e9quipe locale. Ces renforts permettront d\u2019assurer la <strong>distribution des denr\u00e9es<\/strong> et l\u2019accueil des b\u00e9n\u00e9ficiaires dans de bonnes conditions. Les personnes int\u00e9ress\u00e9es peuvent contacter le centre au <strong>06-86-18-15-95<\/strong>.<\/h2>\n<p><!--more--><\/p>\n<p><a href=\"https:\/\/vosgesinfo.fr\/app\/uploads\/sites\/4\/2025\/10\/raon-letape-recherche-benevoles-restos-du-coeur.jpg\"><img decoding=\"async\" class=\"alignnone size-full wp-image-83568\" src=\"https:\/\/vosgesinfo.fr\/app\/uploads\/sites\/4\/2025\/10\/raon-letape-recherche-benevoles-restos-du-coeur.jpg\" alt=\"\" width=\"750\" height=\"1000\" srcset=\"https:\/\/vosgesinfo.fr\/app\/uploads\/sites\/4\/2025\/10\/raon-letape-recherche-benevoles-restos-du-coeur.jpg 750w, https:\/\/vosgesinfo.fr\/app\/uploads\/sites\/4\/2025\/10\/raon-letape-recherche-benevoles-restos-du-coeur-225x300.jpg 225w\" sizes=\"(max-width: 750px) 100vw, 750px\" \/><\/a><\/p>\n","protected":false},"excerpt":{"rendered":"<p>Le centre des Restos du C\u0153ur de Raon-l\u2019\u00c9tape lance un appel \u00e0 la solidarit\u00e9. L\u2019association, fid\u00e8le \u00e0 sa mission d\u2019aide [&hellip;]<\/p>\n","protected":false},"author":46,"featured_media":83569,"comment_status":"open","ping_status":"open","sticky":false,"template":"","format":"standard","meta":{"footnotes":""},"categories":[3900,3903,29,17],"tags":[2654,11094,13013],"class_list":["post-83565","post","type-post","status-publish","format-standard","has-post-thumbnail","hentry","category-breves","category-deodatie","category-solidarite","category-vie-associative","tag-raon-letape","tag-recherche-de-benevoles","tag-restos-du-coeur-de-raon-letape"],"acf":[],"yoast_head":"<!-- This site is optimized with the Yoast SEO plugin v22.5 - https:\/\/yoast.com\/wordpress\/plugins\/seo\/ -->\n<title>Raon-l\u2019\u00c9tape \u2013 Les Restos du C\u0153ur recherchent des b\u00e9n\u00e9voles - Saint Die Info<\/title>\n<meta name=\"robots\" content=\"index, follow, max-snippet:-1, max-image-preview:large, max-video-preview:-1\" \/>\n<link rel=\"canonical\" href=\"https:\/\/vosgesinfo.fr\/saintdieinfo\/2025\/10\/raon-letape-les-restos-du-coeur-recherchent-des-benevoles\/\" \/>\n<meta name=\"twitter:card\" content=\"summary_large_image\" \/>\n<meta name=\"twitter:title\" content=\"Raon-l\u2019\u00c9tape \u2013 Les Restos du C\u0153ur recherchent des b\u00e9n\u00e9voles - Saint Die Info\" \/>\n<meta name=\"twitter:description\" content=\"Le centre des Restos du C\u0153ur de Raon-l\u2019\u00c9tape lance un appel \u00e0 la solidarit\u00e9. L\u2019association, fid\u00e8le \u00e0 sa mission d\u2019aide [&hellip;]\" \/>\n<meta name=\"twitter:image\" content=\"https:\/\/vosgesinfo.fr\/app\/uploads\/sites\/4\/2025\/10\/raon-letape-recherche-benevoles-restos-du-coeur-1.jpg\" \/>\n<meta name=\"twitter:creator\" content=\"@VosgesInfo88\" \/>\n<meta name=\"twitter:site\" content=\"@VosgesInfo88\" \/>\n<meta name=\"twitter:label1\" content=\"\u00c9crit par\" \/>\n\t<meta name=\"twitter:data1\" content=\"J.J.\" \/>\n<script type=\"application\/ld+json\" class=\"yoast-schema-graph\">{\"@context\":\"https:\/\/schema.org\",\"@graph\":[{\"@type\":\"Article\",\"@id\":\"https:\/\/vosgesinfo.fr\/saintdieinfo\/2025\/10\/raon-letape-les-restos-du-coeur-recherchent-des-benevoles\/#article\",\"isPartOf\":{\"@id\":\"https:\/\/vosgesinfo.fr\/saintdieinfo\/2025\/10\/raon-letape-les-restos-du-coeur-recherchent-des-benevoles\/\"},\"author\":{\"name\":\"J.J.\",\"@id\":\"https:\/\/vosgesinfo.fr\/saintdieinfo\/#\/schema\/person\/fa73e9f726d67bb88f46d5b7943cb572\"},\"headline\":\"Raon-l\u2019\u00c9tape \u2013 Les Restos du C\u0153ur recherchent des b\u00e9n\u00e9voles\",\"datePublished\":\"2025-10-17T07:40:26+00:00\",\"dateModified\":\"2025-10-17T07:30:30+00:00\",\"mainEntityOfPage\":{\"@id\":\"https:\/\/vosgesinfo.fr\/saintdieinfo\/2025\/10\/raon-letape-les-restos-du-coeur-recherchent-des-benevoles\/\"},\"wordCount\":83,\"commentCount\":2,\"publisher\":{\"@id\":\"https:\/\/vosgesinfo.fr\/saintdieinfo\/#organization\"},\"image\":{\"@id\":\"https:\/\/vosgesinfo.fr\/saintdieinfo\/2025\/10\/raon-letape-les-restos-du-coeur-recherchent-des-benevoles\/#primaryimage\"},\"thumbnailUrl\":\"https:\/\/vosgesinfo.fr\/app\/uploads\/sites\/4\/2025\/10\/raon-letape-recherche-benevoles-restos-du-coeur-1.jpg\",\"keywords\":[\"Raon-l\u2019Etape\",\"Recherche de b\u00e9n\u00e9voles\",\"Restos du Coeur de Raon-l'Etape\"],\"articleSection\":[\"Br\u00e8ves\",\"D\u00e9odatie\",\"Solidarit\u00e9\",\"Vie Associative\"],\"inLanguage\":\"fr-FR\",\"potentialAction\":[{\"@type\":\"CommentAction\",\"name\":\"Comment\",\"target\":[\"https:\/\/vosgesinfo.fr\/saintdieinfo\/2025\/10\/raon-letape-les-restos-du-coeur-recherchent-des-benevoles\/#respond\"]}]},{\"@type\":\"WebPage\",\"@id\":\"https:\/\/vosgesinfo.fr\/saintdieinfo\/2025\/10\/raon-letape-les-restos-du-coeur-recherchent-des-benevoles\/\",\"url\":\"https:\/\/vosgesinfo.fr\/saintdieinfo\/2025\/10\/raon-letape-les-restos-du-coeur-recherchent-des-benevoles\/\",\"name\":\"Raon-l\u2019\u00c9tape \u2013 Les Restos du C\u0153ur recherchent des b\u00e9n\u00e9voles - Saint Die Info\",\"isPartOf\":{\"@id\":\"https:\/\/vosgesinfo.fr\/saintdieinfo\/#website\"},\"primaryImageOfPage\":{\"@id\":\"https:\/\/vosgesinfo.fr\/saintdieinfo\/2025\/10\/raon-letape-les-restos-du-coeur-recherchent-des-benevoles\/#primaryimage\"},\"image\":{\"@id\":\"https:\/\/vosgesinfo.fr\/saintdieinfo\/2025\/10\/raon-letape-les-restos-du-coeur-recherchent-des-benevoles\/#primaryimage\"},\"thumbnailUrl\":\"https:\/\/vosgesinfo.fr\/app\/uploads\/sites\/4\/2025\/10\/raon-letape-recherche-benevoles-restos-du-coeur-1.jpg\",\"datePublished\":\"2025-10-17T07:40:26+00:00\",\"dateModified\":\"2025-10-17T07:30:30+00:00\",\"breadcrumb\":{\"@id\":\"https:\/\/vosgesinfo.fr\/saintdieinfo\/2025\/10\/raon-letape-les-restos-du-coeur-recherchent-des-benevoles\/#breadcrumb\"},\"inLanguage\":\"fr-FR\",\"potentialAction\":[{\"@type\":\"ReadAction\",\"target\":[\"https:\/\/vosgesinfo.fr\/saintdieinfo\/2025\/10\/raon-letape-les-restos-du-coeur-recherchent-des-benevoles\/\"]}]},{\"@type\":\"ImageObject\",\"inLanguage\":\"fr-FR\",\"@id\":\"https:\/\/vosgesinfo.fr\/saintdieinfo\/2025\/10\/raon-letape-les-restos-du-coeur-recherchent-des-benevoles\/#primaryimage\",\"url\":\"https:\/\/vosgesinfo.fr\/app\/uploads\/sites\/4\/2025\/10\/raon-letape-recherche-benevoles-restos-du-coeur-1.jpg\",\"contentUrl\":\"https:\/\/vosgesinfo.fr\/app\/uploads\/sites\/4\/2025\/10\/raon-letape-recherche-benevoles-restos-du-coeur-1.jpg\",\"width\":1119,\"height\":627},{\"@type\":\"BreadcrumbList\",\"@id\":\"https:\/\/vosgesinfo.fr\/saintdieinfo\/2025\/10\/raon-letape-les-restos-du-coeur-recherchent-des-benevoles\/#breadcrumb\",\"itemListElement\":[{\"@type\":\"ListItem\",\"position\":1,\"name\":\"Home\",\"item\":\"https:\/\/vosgesinfo.fr\/saintdieinfo\/\"},{\"@type\":\"ListItem\",\"position\":2,\"name\":\"Raon-l\u2019\u00c9tape \u2013 Les Restos du C\u0153ur recherchent des b\u00e9n\u00e9voles\"}]},{\"@type\":\"WebSite\",\"@id\":\"https:\/\/vosgesinfo.fr\/saintdieinfo\/#website\",\"url\":\"https:\/\/vosgesinfo.fr\/saintdieinfo\/\",\"name\":\"Saint Die Info\",\"description\":\"Toute l&#039;actualit\u00e9 de Saint-Di\u00e9-Des-Vosges\",\"publisher\":{\"@id\":\"https:\/\/vosgesinfo.fr\/saintdieinfo\/#organization\"},\"alternateName\":\"Toute l'actualit\u00e9 de Saint-Di\u00e9-Des-Vosges\",\"potentialAction\":[{\"@type\":\"SearchAction\",\"target\":{\"@type\":\"EntryPoint\",\"urlTemplate\":\"https:\/\/vosgesinfo.fr\/saintdieinfo\/?s={search_term_string}\"},\"query-input\":\"required name=search_term_string\"}],\"inLanguage\":\"fr-FR\"},{\"@type\":\"Organization\",\"@id\":\"https:\/\/vosgesinfo.fr\/saintdieinfo\/#organization\",\"name\":\"Saint Die Info\",\"url\":\"https:\/\/vosgesinfo.fr\/saintdieinfo\/\",\"logo\":{\"@type\":\"ImageObject\",\"inLanguage\":\"fr-FR\",\"@id\":\"https:\/\/vosgesinfo.fr\/saintdieinfo\/#\/schema\/logo\/image\/\",\"url\":\"https:\/\/vosgesinfo.fr\/app\/uploads\/sites\/4\/2024\/02\/logo-sdi.jpg\",\"contentUrl\":\"https:\/\/vosgesinfo.fr\/app\/uploads\/sites\/4\/2024\/02\/logo-sdi.jpg\",\"width\":600,\"height\":600,\"caption\":\"Saint Die Info\"},\"image\":{\"@id\":\"https:\/\/vosgesinfo.fr\/saintdieinfo\/#\/schema\/logo\/image\/\"},\"sameAs\":[\"https:\/\/www.facebook.com\/Saintdieinfofr\",\"https:\/\/x.com\/VosgesInfo88\",\"https:\/\/www.youtube.com\/@vosgesinfo\"]},{\"@type\":\"Person\",\"@id\":\"https:\/\/vosgesinfo.fr\/saintdieinfo\/#\/schema\/person\/fa73e9f726d67bb88f46d5b7943cb572\",\"name\":\"J.J.\",\"image\":{\"@type\":\"ImageObject\",\"inLanguage\":\"fr-FR\",\"@id\":\"https:\/\/vosgesinfo.fr\/saintdieinfo\/#\/schema\/person\/image\/\",\"url\":\"https:\/\/secure.gravatar.com\/avatar\/219e749e47ffbcca018a360ae4add7d4cdf1cdaaf8bc7676b27efade3fe65615?s=96&d=mm&r=g\",\"contentUrl\":\"https:\/\/secure.gravatar.com\/avatar\/219e749e47ffbcca018a360ae4add7d4cdf1cdaaf8bc7676b27efade3fe65615?s=96&d=mm&r=g\",\"caption\":\"J.J.\"},\"url\":\"https:\/\/vosgesinfo.fr\/saintdieinfo\/author\/j-j\/\"}]}<\/script>\n<!-- \/ Yoast SEO plugin. -->","yoast_head_json":{"title":"Raon-l\u2019\u00c9tape \u2013 Les Restos du C\u0153ur recherchent des b\u00e9n\u00e9voles - Saint Die Info","robots":{"index":"index","follow":"follow","max-snippet":"max-snippet:-1","max-image-preview":"max-image-preview:large","max-video-preview":"max-video-preview:-1"},"canonical":"https:\/\/vosgesinfo.fr\/saintdieinfo\/2025\/10\/raon-letape-les-restos-du-coeur-recherchent-des-benevoles\/","twitter_card":"summary_large_image","twitter_title":"Raon-l\u2019\u00c9tape \u2013 Les Restos du C\u0153ur recherchent des b\u00e9n\u00e9voles - Saint Die Info","twitter_description":"Le centre des Restos du C\u0153ur de Raon-l\u2019\u00c9tape lance un appel \u00e0 la solidarit\u00e9. L\u2019association, fid\u00e8le \u00e0 sa mission d\u2019aide [&hellip;]","twitter_image":"https:\/\/vosgesinfo.fr\/app\/uploads\/sites\/4\/2025\/10\/raon-letape-recherche-benevoles-restos-du-coeur-1.jpg","twitter_creator":"@VosgesInfo88","twitter_site":"@VosgesInfo88","twitter_misc":{"\u00c9crit par":"J.J."},"schema":{"@context":"https:\/\/schema.org","@graph":[{"@type":"Article","@id":"https:\/\/vosgesinfo.fr\/saintdieinfo\/2025\/10\/raon-letape-les-restos-du-coeur-recherchent-des-benevoles\/#article","isPartOf":{"@id":"https:\/\/vosgesinfo.fr\/saintdieinfo\/2025\/10\/raon-letape-les-restos-du-coeur-recherchent-des-benevoles\/"},"author":{"name":"J.J.","@id":"https:\/\/vosgesinfo.fr\/saintdieinfo\/#\/schema\/person\/fa73e9f726d67bb88f46d5b7943cb572"},"headline":"Raon-l\u2019\u00c9tape \u2013 Les Restos du C\u0153ur recherchent des b\u00e9n\u00e9voles","datePublished":"2025-10-17T07:40:26+00:00","dateModified":"2025-10-17T07:30:30+00:00","mainEntityOfPage":{"@id":"https:\/\/vosgesinfo.fr\/saintdieinfo\/2025\/10\/raon-letape-les-restos-du-coeur-recherchent-des-benevoles\/"},"wordCount":83,"commentCount":2,"publisher":{"@id":"https:\/\/vosgesinfo.fr\/saintdieinfo\/#organization"},"image":{"@id":"https:\/\/vosgesinfo.fr\/saintdieinfo\/2025\/10\/raon-letape-les-restos-du-coeur-recherchent-des-benevoles\/#primaryimage"},"thumbnailUrl":"https:\/\/vosgesinfo.fr\/app\/uploads\/sites\/4\/2025\/10\/raon-letape-recherche-benevoles-restos-du-coeur-1.jpg","keywords":["Raon-l\u2019Etape","Recherche de b\u00e9n\u00e9voles","Restos du Coeur de Raon-l'Etape"],"articleSection":["Br\u00e8ves","D\u00e9odatie","Solidarit\u00e9","Vie Associative"],"inLanguage":"fr-FR","potentialAction":[{"@type":"CommentAction","name":"Comment","target":["https:\/\/vosgesinfo.fr\/saintdieinfo\/2025\/10\/raon-letape-les-restos-du-coeur-recherchent-des-benevoles\/#respond"]}]},{"@type":"WebPage","@id":"https:\/\/vosgesinfo.fr\/saintdieinfo\/2025\/10\/raon-letape-les-restos-du-coeur-recherchent-des-benevoles\/","url":"https:\/\/vosgesinfo.fr\/saintdieinfo\/2025\/10\/raon-letape-les-restos-du-coeur-recherchent-des-benevoles\/","name":"Raon-l\u2019\u00c9tape \u2013 Les Restos du C\u0153ur recherchent des b\u00e9n\u00e9voles - Saint Die Info","isPartOf":{"@id":"https:\/\/vosgesinfo.fr\/saintdieinfo\/#website"},"primaryImageOfPage":{"@id":"https:\/\/vosgesinfo.fr\/saintdieinfo\/2025\/10\/raon-letape-les-restos-du-coeur-recherchent-des-benevoles\/#primaryimage"},"image":{"@id":"https:\/\/vosgesinfo.fr\/saintdieinfo\/2025\/10\/raon-letape-les-restos-du-coeur-recherchent-des-benevoles\/#primaryimage"},"thumbnailUrl":"https:\/\/vosgesinfo.fr\/app\/uploads\/sites\/4\/2025\/10\/raon-letape-recherche-benevoles-restos-du-coeur-1.jpg","datePublished":"2025-10-17T07:40:26+00:00","dateModified":"2025-10-17T07:30:30+00:00","breadcrumb":{"@id":"https:\/\/vosgesinfo.fr\/saintdieinfo\/2025\/10\/raon-letape-les-restos-du-coeur-recherchent-des-benevoles\/#breadcrumb"},"inLanguage":"fr-FR","potentialAction":[{"@type":"ReadAction","target":["https:\/\/vosgesinfo.fr\/saintdieinfo\/2025\/10\/raon-letape-les-restos-du-coeur-recherchent-des-benevoles\/"]}]},{"@type":"ImageObject","inLanguage":"fr-FR","@id":"https:\/\/vosgesinfo.fr\/saintdieinfo\/2025\/10\/raon-letape-les-restos-du-coeur-recherchent-des-benevoles\/#primaryimage","url":"https:\/\/vosgesinfo.fr\/app\/uploads\/sites\/4\/2025\/10\/raon-letape-recherche-benevoles-restos-du-coeur-1.jpg","contentUrl":"https:\/\/vosgesinfo.fr\/app\/uploads\/sites\/4\/2025\/10\/raon-letape-recherche-benevoles-restos-du-coeur-1.jpg","width":1119,"height":627},{"@type":"BreadcrumbList","@id":"https:\/\/vosgesinfo.fr\/saintdieinfo\/2025\/10\/raon-letape-les-restos-du-coeur-recherchent-des-benevoles\/#breadcrumb","itemListElement":[{"@type":"ListItem","position":1,"name":"Home","item":"https:\/\/vosgesinfo.fr\/saintdieinfo\/"},{"@type":"ListItem","position":2,"name":"Raon-l\u2019\u00c9tape \u2013 Les Restos du C\u0153ur recherchent des b\u00e9n\u00e9voles"}]},{"@type":"WebSite","@id":"https:\/\/vosgesinfo.fr\/saintdieinfo\/#website","url":"https:\/\/vosgesinfo.fr\/saintdieinfo\/","name":"Saint Die Info","description":"Toute l&#039;actualit\u00e9 de Saint-Di\u00e9-Des-Vosges","publisher":{"@id":"https:\/\/vosgesinfo.fr\/saintdieinfo\/#organization"},"alternateName":"Toute l'actualit\u00e9 de Saint-Di\u00e9-Des-Vosges","potentialAction":[{"@type":"SearchAction","target":{"@type":"EntryPoint","urlTemplate":"https:\/\/vosgesinfo.fr\/saintdieinfo\/?s={search_term_string}"},"query-input":"required name=search_term_string"}],"inLanguage":"fr-FR"},{"@type":"Organization","@id":"https:\/\/vosgesinfo.fr\/saintdieinfo\/#organization","name":"Saint Die Info","url":"https:\/\/vosgesinfo.fr\/saintdieinfo\/","logo":{"@type":"ImageObject","inLanguage":"fr-FR","@id":"https:\/\/vosgesinfo.fr\/saintdieinfo\/#\/schema\/logo\/image\/","url":"https:\/\/vosgesinfo.fr\/app\/uploads\/sites\/4\/2024\/02\/logo-sdi.jpg","contentUrl":"https:\/\/vosgesinfo.fr\/app\/uploads\/sites\/4\/2024\/02\/logo-sdi.jpg","width":600,"height":600,"caption":"Saint Die Info"},"image":{"@id":"https:\/\/vosgesinfo.fr\/saintdieinfo\/#\/schema\/logo\/image\/"},"sameAs":["https:\/\/www.facebook.com\/Saintdieinfofr","https:\/\/x.com\/VosgesInfo88","https:\/\/www.youtube.com\/@vosgesinfo"]},{"@type":"Person","@id":"https:\/\/vosgesinfo.fr\/saintdieinfo\/#\/schema\/person\/fa73e9f726d67bb88f46d5b7943cb572","name":"J.J.","image":{"@type":"ImageObject","inLanguage":"fr-FR","@id":"https:\/\/vosgesinfo.fr\/saintdieinfo\/#\/schema\/person\/image\/","url":"https:\/\/secure.gravatar.com\/avatar\/219e749e47ffbcca018a360ae4add7d4cdf1cdaaf8bc7676b27efade3fe65615?s=96&d=mm&r=g","contentUrl":"https:\/\/secure.gravatar.com\/avatar\/219e749e47ffbcca018a360ae4add7d4cdf1cdaaf8bc7676b27efade3fe65615?s=96&d=mm&r=g","caption":"J.J."},"url":"https:\/\/vosgesinfo.fr\/saintdieinfo\/author\/j-j\/"}]}},"_links":{"self":[{"href":"https:\/\/vosgesinfo.fr\/saintdieinfo\/wp-json\/wp\/v2\/posts\/83565","targetHints":{"allow":["GET"]}}],"collection":[{"href":"https:\/\/vosgesinfo.fr\/saintdieinfo\/wp-json\/wp\/v2\/posts"}],"about":[{"href":"https:\/\/vosgesinfo.fr\/saintdieinfo\/wp-json\/wp\/v2\/types\/post"}],"author":[{"embeddable":true,"href":"https:\/\/vosgesinfo.fr\/saintdieinfo\/wp-json\/wp\/v2\/users\/46"}],"replies":[{"embeddable":true,"href":"https:\/\/vosgesinfo.fr\/saintdieinfo\/wp-json\/wp\/v2\/comments?post=83565"}],"version-history":[{"count":1,"href":"https:\/\/vosgesinfo.fr\/saintdieinfo\/wp-json\/wp\/v2\/posts\/83565\/revisions"}],"predecessor-version":[{"id":83570,"href":"https:\/\/vosgesinfo.fr\/saintdieinfo\/wp-json\/wp\/v2\/posts\/83565\/revisions\/83570"}],"wp:featuredmedia":[{"embeddable":true,"href":"https:\/\/vosgesinfo.fr\/saintdieinfo\/wp-json\/wp\/v2\/media\/83569"}],"wp:attachment":[{"href":"https:\/\/vosgesinfo.fr\/saintdieinfo\/wp-json\/wp\/v2\/media?parent=83565"}],"wp:term":[{"taxonomy":"category","embeddable":true,"href":"https:\/\/vosgesinfo.fr\/saintdieinfo\/wp-json\/wp\/v2\/categories?post=83565"},{"taxonomy":"post_tag","embeddable":true,"href":"https:\/\/vosgesinfo.fr\/saintdieinfo\/wp-json\/wp\/v2\/tags?post=83565"}],"curies":[{"name":"wp","href":"https:\/\/api.w.org\/{rel}","templated":true}]}}