{"id":83573,"date":"2025-10-17T10:00:47","date_gmt":"2025-10-17T08:00:47","guid":{"rendered":"https:\/\/vosgesinfo.fr\/saintdieinfo\/?p=83573"},"modified":"2025-10-17T09:49:54","modified_gmt":"2025-10-17T07:49:54","slug":"la-bourse-aux-vetements-de-saint-die-des-vosges-est-bientot-de-retour","status":"publish","type":"post","link":"https:\/\/vosgesinfo.fr\/saintdieinfo\/2025\/10\/la-bourse-aux-vetements-de-saint-die-des-vosges-est-bientot-de-retour\/","title":{"rendered":"La Bourse aux V\u00eatements de Saint-Di\u00e9-des-Vosges est bient\u00f4t de retour"},"content":{"rendered":"<div id=\"attachment_51181\" style=\"width: 1010px\" class=\"wp-caption alignnone\"><a href=\"https:\/\/vosgesinfo.fr\/app\/uploads\/sites\/4\/2024\/08\/201910ouverture-bourse-vetements-automne-3-1.jpg\"><img decoding=\"async\" aria-describedby=\"caption-attachment-51181\" class=\"wp-image-51181 size-full\" src=\"https:\/\/vosgesinfo.fr\/app\/uploads\/sites\/4\/2024\/08\/201910ouverture-bourse-vetements-automne-3-1.jpg\" alt=\"\" width=\"1000\" height=\"667\" srcset=\"https:\/\/vosgesinfo.fr\/app\/uploads\/sites\/4\/2024\/08\/201910ouverture-bourse-vetements-automne-3-1.jpg 1000w, https:\/\/vosgesinfo.fr\/app\/uploads\/sites\/4\/2024\/08\/201910ouverture-bourse-vetements-automne-3-1-300x200.jpg 300w, https:\/\/vosgesinfo.fr\/app\/uploads\/sites\/4\/2024\/08\/201910ouverture-bourse-vetements-automne-3-1-768x512.jpg 768w\" sizes=\"(max-width: 1000px) 100vw, 1000px\" \/><\/a><p id=\"caption-attachment-51181\" class=\"wp-caption-text\">(Archive)<\/p><\/div>\n<h2>L\u2019<strong>Association Familiale Cantonale \u2013 AFC \u2013 de Saint-Di\u00e9-des-Vosges<\/strong> organisera sa <strong>Bourse aux v\u00eatements d\u2019automne-hiver<\/strong>, la <strong>110e<\/strong> en date, du <strong>3 au 7 novembre<\/strong> \u00e0 l\u2019<strong>Espace Fran\u00e7ois-Mitterrand<\/strong>.<\/h2>\n<p><!--more--><\/p>\n<p>Les d\u00e9p\u00f4ts des articles auront lieu le <strong>lundi 3 novembre, de 13 h \u00e0 19 h<\/strong>, ainsi que le <strong>lendemain mardi 4 novembre, de 9 h \u00e0 18 h<\/strong>.<\/p>\n<p>La vente se d\u00e9roulera <strong>les mercredi 5 et jeudi 6 novembre<\/strong>, <strong>de 9 h \u00e0 19 h puis de 9 h \u00e0 18 h<\/strong>. <strong>Le paiement et la reprise des invendus<\/strong> se feront <strong>vendredi 7 novembre, de 14 h \u00e0 18 h 30<\/strong>.<\/p>\n<p>Comme pour chaque \u00e9dition, il est demand\u00e9, pour vendre comme acheter, d\u2019<strong>adh\u00e9rer \u00e0 l\u2019AFC<\/strong> pour une dur\u00e9e d\u2019un an au tarif de <strong>5 \u20ac<\/strong>.<\/p>\n<p>Renseignements <strong>compl\u00e9mentaires<\/strong> aupr\u00e8s du pr\u00e9sident de l\u2019association <strong>Serge Richard<\/strong>, par t\u00e9l\u00e9phone au <strong>06-79-57-35-38<\/strong>.<\/p>\n","protected":false},"excerpt":{"rendered":"<p>L\u2019Association Familiale Cantonale \u2013 AFC \u2013 de Saint-Di\u00e9-des-Vosges organisera sa Bourse aux v\u00eatements d\u2019automne-hiver, la 110e en date, du 3 [&hellip;]<\/p>\n","protected":false},"author":46,"featured_media":51181,"comment_status":"open","ping_status":"open","sticky":false,"template":"","format":"standard","meta":{"footnotes":""},"categories":[460,167,17],"tags":[4628,4679,3089],"class_list":["post-83573","post","type-post","status-publish","format-standard","has-post-thumbnail","hentry","category-a-la-une","category-saint-die-des-vosges","category-vie-associative","tag-association-familiale-cantonale-de-saint-die-des-vosges","tag-bourse-aux-vetements-de-saint-die-des-vosges","tag-espace-francois-mitterrand"],"acf":[],"yoast_head":"<!-- This site is optimized with the Yoast SEO plugin v22.5 - https:\/\/yoast.com\/wordpress\/plugins\/seo\/ -->\n<title>La Bourse aux V\u00eatements de Saint-Di\u00e9-des-Vosges est bient\u00f4t de retour - Saint Die Info<\/title>\n<meta name=\"robots\" content=\"index, follow, max-snippet:-1, max-image-preview:large, max-video-preview:-1\" \/>\n<link rel=\"canonical\" href=\"https:\/\/vosgesinfo.fr\/saintdieinfo\/2025\/10\/la-bourse-aux-vetements-de-saint-die-des-vosges-est-bientot-de-retour\/\" \/>\n<meta name=\"twitter:card\" content=\"summary_large_image\" \/>\n<meta name=\"twitter:title\" content=\"La Bourse aux V\u00eatements de Saint-Di\u00e9-des-Vosges est bient\u00f4t de retour - Saint Die Info\" \/>\n<meta name=\"twitter:description\" content=\"L\u2019Association Familiale Cantonale \u2013 AFC \u2013 de Saint-Di\u00e9-des-Vosges organisera sa Bourse aux v\u00eatements d\u2019automne-hiver, la 110e en date, du 3 [&hellip;]\" \/>\n<meta name=\"twitter:image\" content=\"https:\/\/vosgesinfo.fr\/app\/uploads\/sites\/4\/2024\/08\/201910ouverture-bourse-vetements-automne-3-1.jpg\" \/>\n<meta name=\"twitter:creator\" content=\"@VosgesInfo88\" \/>\n<meta name=\"twitter:site\" content=\"@VosgesInfo88\" \/>\n<meta name=\"twitter:label1\" content=\"\u00c9crit par\" \/>\n\t<meta name=\"twitter:data1\" content=\"J.J.\" \/>\n\t<meta name=\"twitter:label2\" content=\"Dur\u00e9e de lecture estim\u00e9e\" \/>\n\t<meta name=\"twitter:data2\" content=\"2 minutes\" \/>\n<script type=\"application\/ld+json\" class=\"yoast-schema-graph\">{\"@context\":\"https:\/\/schema.org\",\"@graph\":[{\"@type\":\"Article\",\"@id\":\"https:\/\/vosgesinfo.fr\/saintdieinfo\/2025\/10\/la-bourse-aux-vetements-de-saint-die-des-vosges-est-bientot-de-retour\/#article\",\"isPartOf\":{\"@id\":\"https:\/\/vosgesinfo.fr\/saintdieinfo\/2025\/10\/la-bourse-aux-vetements-de-saint-die-des-vosges-est-bientot-de-retour\/\"},\"author\":{\"name\":\"J.J.\",\"@id\":\"https:\/\/vosgesinfo.fr\/saintdieinfo\/#\/schema\/person\/fa73e9f726d67bb88f46d5b7943cb572\"},\"headline\":\"La Bourse aux V\u00eatements de Saint-Di\u00e9-des-Vosges est bient\u00f4t de retour\",\"datePublished\":\"2025-10-17T08:00:47+00:00\",\"dateModified\":\"2025-10-17T07:49:54+00:00\",\"mainEntityOfPage\":{\"@id\":\"https:\/\/vosgesinfo.fr\/saintdieinfo\/2025\/10\/la-bourse-aux-vetements-de-saint-die-des-vosges-est-bientot-de-retour\/\"},\"wordCount\":150,\"commentCount\":0,\"publisher\":{\"@id\":\"https:\/\/vosgesinfo.fr\/saintdieinfo\/#organization\"},\"image\":{\"@id\":\"https:\/\/vosgesinfo.fr\/saintdieinfo\/2025\/10\/la-bourse-aux-vetements-de-saint-die-des-vosges-est-bientot-de-retour\/#primaryimage\"},\"thumbnailUrl\":\"https:\/\/vosgesinfo.fr\/app\/uploads\/sites\/4\/2024\/08\/201910ouverture-bourse-vetements-automne-3-1.jpg\",\"keywords\":[\"Association familiale cantonale de Saint-Di\u00e9-des-Vosges\",\"Bourse aux v\u00eatements de Saint-Di\u00e9-des-Vosges\",\"Espace Fran\u00e7ois-Mitterrand\"],\"articleSection\":[\"A la Une\",\"Saint-Di\u00e9-des-Vosges\",\"Vie Associative\"],\"inLanguage\":\"fr-FR\",\"potentialAction\":[{\"@type\":\"CommentAction\",\"name\":\"Comment\",\"target\":[\"https:\/\/vosgesinfo.fr\/saintdieinfo\/2025\/10\/la-bourse-aux-vetements-de-saint-die-des-vosges-est-bientot-de-retour\/#respond\"]}]},{\"@type\":\"WebPage\",\"@id\":\"https:\/\/vosgesinfo.fr\/saintdieinfo\/2025\/10\/la-bourse-aux-vetements-de-saint-die-des-vosges-est-bientot-de-retour\/\",\"url\":\"https:\/\/vosgesinfo.fr\/saintdieinfo\/2025\/10\/la-bourse-aux-vetements-de-saint-die-des-vosges-est-bientot-de-retour\/\",\"name\":\"La Bourse aux V\u00eatements de Saint-Di\u00e9-des-Vosges est bient\u00f4t de retour - Saint Die Info\",\"isPartOf\":{\"@id\":\"https:\/\/vosgesinfo.fr\/saintdieinfo\/#website\"},\"primaryImageOfPage\":{\"@id\":\"https:\/\/vosgesinfo.fr\/saintdieinfo\/2025\/10\/la-bourse-aux-vetements-de-saint-die-des-vosges-est-bientot-de-retour\/#primaryimage\"},\"image\":{\"@id\":\"https:\/\/vosgesinfo.fr\/saintdieinfo\/2025\/10\/la-bourse-aux-vetements-de-saint-die-des-vosges-est-bientot-de-retour\/#primaryimage\"},\"thumbnailUrl\":\"https:\/\/vosgesinfo.fr\/app\/uploads\/sites\/4\/2024\/08\/201910ouverture-bourse-vetements-automne-3-1.jpg\",\"datePublished\":\"2025-10-17T08:00:47+00:00\",\"dateModified\":\"2025-10-17T07:49:54+00:00\",\"breadcrumb\":{\"@id\":\"https:\/\/vosgesinfo.fr\/saintdieinfo\/2025\/10\/la-bourse-aux-vetements-de-saint-die-des-vosges-est-bientot-de-retour\/#breadcrumb\"},\"inLanguage\":\"fr-FR\",\"potentialAction\":[{\"@type\":\"ReadAction\",\"target\":[\"https:\/\/vosgesinfo.fr\/saintdieinfo\/2025\/10\/la-bourse-aux-vetements-de-saint-die-des-vosges-est-bientot-de-retour\/\"]}]},{\"@type\":\"ImageObject\",\"inLanguage\":\"fr-FR\",\"@id\":\"https:\/\/vosgesinfo.fr\/saintdieinfo\/2025\/10\/la-bourse-aux-vetements-de-saint-die-des-vosges-est-bientot-de-retour\/#primaryimage\",\"url\":\"https:\/\/vosgesinfo.fr\/app\/uploads\/sites\/4\/2024\/08\/201910ouverture-bourse-vetements-automne-3-1.jpg\",\"contentUrl\":\"https:\/\/vosgesinfo.fr\/app\/uploads\/sites\/4\/2024\/08\/201910ouverture-bourse-vetements-automne-3-1.jpg\",\"width\":1000,\"height\":667},{\"@type\":\"BreadcrumbList\",\"@id\":\"https:\/\/vosgesinfo.fr\/saintdieinfo\/2025\/10\/la-bourse-aux-vetements-de-saint-die-des-vosges-est-bientot-de-retour\/#breadcrumb\",\"itemListElement\":[{\"@type\":\"ListItem\",\"position\":1,\"name\":\"Home\",\"item\":\"https:\/\/vosgesinfo.fr\/saintdieinfo\/\"},{\"@type\":\"ListItem\",\"position\":2,\"name\":\"La Bourse aux V\u00eatements de Saint-Di\u00e9-des-Vosges est bient\u00f4t de retour\"}]},{\"@type\":\"WebSite\",\"@id\":\"https:\/\/vosgesinfo.fr\/saintdieinfo\/#website\",\"url\":\"https:\/\/vosgesinfo.fr\/saintdieinfo\/\",\"name\":\"Saint Die Info\",\"description\":\"Toute l&#039;actualit\u00e9 de Saint-Di\u00e9-Des-Vosges\",\"publisher\":{\"@id\":\"https:\/\/vosgesinfo.fr\/saintdieinfo\/#organization\"},\"alternateName\":\"Toute l'actualit\u00e9 de Saint-Di\u00e9-Des-Vosges\",\"potentialAction\":[{\"@type\":\"SearchAction\",\"target\":{\"@type\":\"EntryPoint\",\"urlTemplate\":\"https:\/\/vosgesinfo.fr\/saintdieinfo\/?s={search_term_string}\"},\"query-input\":\"required name=search_term_string\"}],\"inLanguage\":\"fr-FR\"},{\"@type\":\"Organization\",\"@id\":\"https:\/\/vosgesinfo.fr\/saintdieinfo\/#organization\",\"name\":\"Saint Die Info\",\"url\":\"https:\/\/vosgesinfo.fr\/saintdieinfo\/\",\"logo\":{\"@type\":\"ImageObject\",\"inLanguage\":\"fr-FR\",\"@id\":\"https:\/\/vosgesinfo.fr\/saintdieinfo\/#\/schema\/logo\/image\/\",\"url\":\"https:\/\/vosgesinfo.fr\/app\/uploads\/sites\/4\/2024\/02\/logo-sdi.jpg\",\"contentUrl\":\"https:\/\/vosgesinfo.fr\/app\/uploads\/sites\/4\/2024\/02\/logo-sdi.jpg\",\"width\":600,\"height\":600,\"caption\":\"Saint Die Info\"},\"image\":{\"@id\":\"https:\/\/vosgesinfo.fr\/saintdieinfo\/#\/schema\/logo\/image\/\"},\"sameAs\":[\"https:\/\/www.facebook.com\/Saintdieinfofr\",\"https:\/\/x.com\/VosgesInfo88\",\"https:\/\/www.youtube.com\/@vosgesinfo\"]},{\"@type\":\"Person\",\"@id\":\"https:\/\/vosgesinfo.fr\/saintdieinfo\/#\/schema\/person\/fa73e9f726d67bb88f46d5b7943cb572\",\"name\":\"J.J.\",\"image\":{\"@type\":\"ImageObject\",\"inLanguage\":\"fr-FR\",\"@id\":\"https:\/\/vosgesinfo.fr\/saintdieinfo\/#\/schema\/person\/image\/\",\"url\":\"https:\/\/secure.gravatar.com\/avatar\/219e749e47ffbcca018a360ae4add7d4cdf1cdaaf8bc7676b27efade3fe65615?s=96&d=mm&r=g\",\"contentUrl\":\"https:\/\/secure.gravatar.com\/avatar\/219e749e47ffbcca018a360ae4add7d4cdf1cdaaf8bc7676b27efade3fe65615?s=96&d=mm&r=g\",\"caption\":\"J.J.\"},\"url\":\"https:\/\/vosgesinfo.fr\/saintdieinfo\/author\/j-j\/\"}]}<\/script>\n<!-- \/ Yoast SEO plugin. -->","yoast_head_json":{"title":"La Bourse aux V\u00eatements de Saint-Di\u00e9-des-Vosges est bient\u00f4t de retour - Saint Die Info","robots":{"index":"index","follow":"follow","max-snippet":"max-snippet:-1","max-image-preview":"max-image-preview:large","max-video-preview":"max-video-preview:-1"},"canonical":"https:\/\/vosgesinfo.fr\/saintdieinfo\/2025\/10\/la-bourse-aux-vetements-de-saint-die-des-vosges-est-bientot-de-retour\/","twitter_card":"summary_large_image","twitter_title":"La Bourse aux V\u00eatements de Saint-Di\u00e9-des-Vosges est bient\u00f4t de retour - Saint Die Info","twitter_description":"L\u2019Association Familiale Cantonale \u2013 AFC \u2013 de Saint-Di\u00e9-des-Vosges organisera sa Bourse aux v\u00eatements d\u2019automne-hiver, la 110e en date, du 3 [&hellip;]","twitter_image":"https:\/\/vosgesinfo.fr\/app\/uploads\/sites\/4\/2024\/08\/201910ouverture-bourse-vetements-automne-3-1.jpg","twitter_creator":"@VosgesInfo88","twitter_site":"@VosgesInfo88","twitter_misc":{"\u00c9crit par":"J.J.","Dur\u00e9e de lecture estim\u00e9e":"2 minutes"},"schema":{"@context":"https:\/\/schema.org","@graph":[{"@type":"Article","@id":"https:\/\/vosgesinfo.fr\/saintdieinfo\/2025\/10\/la-bourse-aux-vetements-de-saint-die-des-vosges-est-bientot-de-retour\/#article","isPartOf":{"@id":"https:\/\/vosgesinfo.fr\/saintdieinfo\/2025\/10\/la-bourse-aux-vetements-de-saint-die-des-vosges-est-bientot-de-retour\/"},"author":{"name":"J.J.","@id":"https:\/\/vosgesinfo.fr\/saintdieinfo\/#\/schema\/person\/fa73e9f726d67bb88f46d5b7943cb572"},"headline":"La Bourse aux V\u00eatements de Saint-Di\u00e9-des-Vosges est bient\u00f4t de retour","datePublished":"2025-10-17T08:00:47+00:00","dateModified":"2025-10-17T07:49:54+00:00","mainEntityOfPage":{"@id":"https:\/\/vosgesinfo.fr\/saintdieinfo\/2025\/10\/la-bourse-aux-vetements-de-saint-die-des-vosges-est-bientot-de-retour\/"},"wordCount":150,"commentCount":0,"publisher":{"@id":"https:\/\/vosgesinfo.fr\/saintdieinfo\/#organization"},"image":{"@id":"https:\/\/vosgesinfo.fr\/saintdieinfo\/2025\/10\/la-bourse-aux-vetements-de-saint-die-des-vosges-est-bientot-de-retour\/#primaryimage"},"thumbnailUrl":"https:\/\/vosgesinfo.fr\/app\/uploads\/sites\/4\/2024\/08\/201910ouverture-bourse-vetements-automne-3-1.jpg","keywords":["Association familiale cantonale de Saint-Di\u00e9-des-Vosges","Bourse aux v\u00eatements de Saint-Di\u00e9-des-Vosges","Espace Fran\u00e7ois-Mitterrand"],"articleSection":["A la Une","Saint-Di\u00e9-des-Vosges","Vie Associative"],"inLanguage":"fr-FR","potentialAction":[{"@type":"CommentAction","name":"Comment","target":["https:\/\/vosgesinfo.fr\/saintdieinfo\/2025\/10\/la-bourse-aux-vetements-de-saint-die-des-vosges-est-bientot-de-retour\/#respond"]}]},{"@type":"WebPage","@id":"https:\/\/vosgesinfo.fr\/saintdieinfo\/2025\/10\/la-bourse-aux-vetements-de-saint-die-des-vosges-est-bientot-de-retour\/","url":"https:\/\/vosgesinfo.fr\/saintdieinfo\/2025\/10\/la-bourse-aux-vetements-de-saint-die-des-vosges-est-bientot-de-retour\/","name":"La Bourse aux V\u00eatements de Saint-Di\u00e9-des-Vosges est bient\u00f4t de retour - Saint Die Info","isPartOf":{"@id":"https:\/\/vosgesinfo.fr\/saintdieinfo\/#website"},"primaryImageOfPage":{"@id":"https:\/\/vosgesinfo.fr\/saintdieinfo\/2025\/10\/la-bourse-aux-vetements-de-saint-die-des-vosges-est-bientot-de-retour\/#primaryimage"},"image":{"@id":"https:\/\/vosgesinfo.fr\/saintdieinfo\/2025\/10\/la-bourse-aux-vetements-de-saint-die-des-vosges-est-bientot-de-retour\/#primaryimage"},"thumbnailUrl":"https:\/\/vosgesinfo.fr\/app\/uploads\/sites\/4\/2024\/08\/201910ouverture-bourse-vetements-automne-3-1.jpg","datePublished":"2025-10-17T08:00:47+00:00","dateModified":"2025-10-17T07:49:54+00:00","breadcrumb":{"@id":"https:\/\/vosgesinfo.fr\/saintdieinfo\/2025\/10\/la-bourse-aux-vetements-de-saint-die-des-vosges-est-bientot-de-retour\/#breadcrumb"},"inLanguage":"fr-FR","potentialAction":[{"@type":"ReadAction","target":["https:\/\/vosgesinfo.fr\/saintdieinfo\/2025\/10\/la-bourse-aux-vetements-de-saint-die-des-vosges-est-bientot-de-retour\/"]}]},{"@type":"ImageObject","inLanguage":"fr-FR","@id":"https:\/\/vosgesinfo.fr\/saintdieinfo\/2025\/10\/la-bourse-aux-vetements-de-saint-die-des-vosges-est-bientot-de-retour\/#primaryimage","url":"https:\/\/vosgesinfo.fr\/app\/uploads\/sites\/4\/2024\/08\/201910ouverture-bourse-vetements-automne-3-1.jpg","contentUrl":"https:\/\/vosgesinfo.fr\/app\/uploads\/sites\/4\/2024\/08\/201910ouverture-bourse-vetements-automne-3-1.jpg","width":1000,"height":667},{"@type":"BreadcrumbList","@id":"https:\/\/vosgesinfo.fr\/saintdieinfo\/2025\/10\/la-bourse-aux-vetements-de-saint-die-des-vosges-est-bientot-de-retour\/#breadcrumb","itemListElement":[{"@type":"ListItem","position":1,"name":"Home","item":"https:\/\/vosgesinfo.fr\/saintdieinfo\/"},{"@type":"ListItem","position":2,"name":"La Bourse aux V\u00eatements de Saint-Di\u00e9-des-Vosges est bient\u00f4t de retour"}]},{"@type":"WebSite","@id":"https:\/\/vosgesinfo.fr\/saintdieinfo\/#website","url":"https:\/\/vosgesinfo.fr\/saintdieinfo\/","name":"Saint Die Info","description":"Toute l&#039;actualit\u00e9 de Saint-Di\u00e9-Des-Vosges","publisher":{"@id":"https:\/\/vosgesinfo.fr\/saintdieinfo\/#organization"},"alternateName":"Toute l'actualit\u00e9 de Saint-Di\u00e9-Des-Vosges","potentialAction":[{"@type":"SearchAction","target":{"@type":"EntryPoint","urlTemplate":"https:\/\/vosgesinfo.fr\/saintdieinfo\/?s={search_term_string}"},"query-input":"required name=search_term_string"}],"inLanguage":"fr-FR"},{"@type":"Organization","@id":"https:\/\/vosgesinfo.fr\/saintdieinfo\/#organization","name":"Saint Die Info","url":"https:\/\/vosgesinfo.fr\/saintdieinfo\/","logo":{"@type":"ImageObject","inLanguage":"fr-FR","@id":"https:\/\/vosgesinfo.fr\/saintdieinfo\/#\/schema\/logo\/image\/","url":"https:\/\/vosgesinfo.fr\/app\/uploads\/sites\/4\/2024\/02\/logo-sdi.jpg","contentUrl":"https:\/\/vosgesinfo.fr\/app\/uploads\/sites\/4\/2024\/02\/logo-sdi.jpg","width":600,"height":600,"caption":"Saint Die Info"},"image":{"@id":"https:\/\/vosgesinfo.fr\/saintdieinfo\/#\/schema\/logo\/image\/"},"sameAs":["https:\/\/www.facebook.com\/Saintdieinfofr","https:\/\/x.com\/VosgesInfo88","https:\/\/www.youtube.com\/@vosgesinfo"]},{"@type":"Person","@id":"https:\/\/vosgesinfo.fr\/saintdieinfo\/#\/schema\/person\/fa73e9f726d67bb88f46d5b7943cb572","name":"J.J.","image":{"@type":"ImageObject","inLanguage":"fr-FR","@id":"https:\/\/vosgesinfo.fr\/saintdieinfo\/#\/schema\/person\/image\/","url":"https:\/\/secure.gravatar.com\/avatar\/219e749e47ffbcca018a360ae4add7d4cdf1cdaaf8bc7676b27efade3fe65615?s=96&d=mm&r=g","contentUrl":"https:\/\/secure.gravatar.com\/avatar\/219e749e47ffbcca018a360ae4add7d4cdf1cdaaf8bc7676b27efade3fe65615?s=96&d=mm&r=g","caption":"J.J."},"url":"https:\/\/vosgesinfo.fr\/saintdieinfo\/author\/j-j\/"}]}},"_links":{"self":[{"href":"https:\/\/vosgesinfo.fr\/saintdieinfo\/wp-json\/wp\/v2\/posts\/83573","targetHints":{"allow":["GET"]}}],"collection":[{"href":"https:\/\/vosgesinfo.fr\/saintdieinfo\/wp-json\/wp\/v2\/posts"}],"about":[{"href":"https:\/\/vosgesinfo.fr\/saintdieinfo\/wp-json\/wp\/v2\/types\/post"}],"author":[{"embeddable":true,"href":"https:\/\/vosgesinfo.fr\/saintdieinfo\/wp-json\/wp\/v2\/users\/46"}],"replies":[{"embeddable":true,"href":"https:\/\/vosgesinfo.fr\/saintdieinfo\/wp-json\/wp\/v2\/comments?post=83573"}],"version-history":[{"count":2,"href":"https:\/\/vosgesinfo.fr\/saintdieinfo\/wp-json\/wp\/v2\/posts\/83573\/revisions"}],"predecessor-version":[{"id":83575,"href":"https:\/\/vosgesinfo.fr\/saintdieinfo\/wp-json\/wp\/v2\/posts\/83573\/revisions\/83575"}],"wp:featuredmedia":[{"embeddable":true,"href":"https:\/\/vosgesinfo.fr\/saintdieinfo\/wp-json\/wp\/v2\/media\/51181"}],"wp:attachment":[{"href":"https:\/\/vosgesinfo.fr\/saintdieinfo\/wp-json\/wp\/v2\/media?parent=83573"}],"wp:term":[{"taxonomy":"category","embeddable":true,"href":"https:\/\/vosgesinfo.fr\/saintdieinfo\/wp-json\/wp\/v2\/categories?post=83573"},{"taxonomy":"post_tag","embeddable":true,"href":"https:\/\/vosgesinfo.fr\/saintdieinfo\/wp-json\/wp\/v2\/tags?post=83573"}],"curies":[{"name":"wp","href":"https:\/\/api.w.org\/{rel}","templated":true}]}}