{"id":83584,"date":"2025-10-17T11:15:29","date_gmt":"2025-10-17T09:15:29","guid":{"rendered":"https:\/\/vosgesinfo.fr\/saintdieinfo\/?p=83584"},"modified":"2025-10-17T11:10:00","modified_gmt":"2025-10-17T09:10:00","slug":"raon-letape-la-fete-foraine-de-la-saint-luc-va-sinstaller-ces-prochains-jours","status":"publish","type":"post","link":"https:\/\/vosgesinfo.fr\/saintdieinfo\/2025\/10\/raon-letape-la-fete-foraine-de-la-saint-luc-va-sinstaller-ces-prochains-jours\/","title":{"rendered":"Raon-l\u2019\u00c9tape \u2013 La f\u00eate foraine de la Saint-Luc va s\u2019installer ces prochains jours"},"content":{"rendered":"<div id=\"attachment_83585\" style=\"width: 646px\" class=\"wp-caption alignnone\"><a href=\"https:\/\/vosgesinfo.fr\/app\/uploads\/sites\/4\/2025\/10\/raon-letape-fete-foraine-saint-luc-1.jpg\"><img decoding=\"async\" aria-describedby=\"caption-attachment-83585\" class=\"size-full wp-image-83585\" src=\"https:\/\/vosgesinfo.fr\/app\/uploads\/sites\/4\/2025\/10\/raon-letape-fete-foraine-saint-luc-1.jpg\" alt=\"\" width=\"636\" height=\"1000\" srcset=\"https:\/\/vosgesinfo.fr\/app\/uploads\/sites\/4\/2025\/10\/raon-letape-fete-foraine-saint-luc-1.jpg 636w, https:\/\/vosgesinfo.fr\/app\/uploads\/sites\/4\/2025\/10\/raon-letape-fete-foraine-saint-luc-1-191x300.jpg 191w\" sizes=\"(max-width: 636px) 100vw, 636px\" \/><\/a><p id=\"caption-attachment-83585\" class=\"wp-caption-text\">(Photographie et plan Ville de Raon-l&rsquo;Etape)<\/p><\/div>\n<h2 data-start=\"77\" data-end=\"338\">Une fois de plus, la tradition est respect\u00e9e \u00e0 <strong data-start=\"202\" data-end=\"218\">Raon-l\u2019\u00c9tape<\/strong> : <strong data-start=\"124\" data-end=\"135\">man\u00e8ges<\/strong>, <strong data-start=\"137\" data-end=\"152\">confiseries<\/strong> et <strong data-start=\"156\" data-end=\"178\">baraques \u00e0 churros<\/strong> vont animer la ville \u00e0 l\u2019occasion de la <strong data-start=\"238\" data-end=\"262\">f\u00eate de la Saint-Luc<\/strong>. Les <strong data-start=\"268\" data-end=\"279\">forains<\/strong> arriveront et s\u2019installeront \u00e0 partir de ce dimanche 1<strong>9 octobre<\/strong>. La <strong data-start=\"862\" data-end=\"878\">f\u00eate foraine raonnaise<\/strong> se tiendra du <strong data-start=\"893\" data-end=\"937\">samedi 25 octobre au dimanche 2 novembre<\/strong>, avec une ouverture <strong data-start=\"958\" data-end=\"989\">tous les jours jusqu\u2019\u00e0 22 h<\/strong>, et <strong data-start=\"994\" data-end=\"1022\">jusqu\u2019\u00e0 minuit le samedi<\/strong>.<\/h2>\n<p data-start=\"77\" data-end=\"338\"><!--more--><\/p>\n<p data-start=\"368\" data-end=\"830\">Le <strong data-start=\"371\" data-end=\"388\">stationnement<\/strong> et la <strong data-start=\"395\" data-end=\"426\">circulation au centre-ville<\/strong> seront restreints \u00e0 partir de dimanche. La <strong data-start=\"472\" data-end=\"498\">d\u00e9viation des voitures<\/strong> s\u2019effectuera via la <strong data-start=\"519\" data-end=\"534\">rue Wessval<\/strong> (vers Badonviller) et la <strong data-start=\"560\" data-end=\"586\">place de la R\u00e9publique<\/strong>, ainsi que par les <strong data-start=\"606\" data-end=\"631\">rues Sadoul et Brajon<\/strong> dans l\u2019autre sens. La d\u00e9viation sera mise en place <strong data-start=\"683\" data-end=\"718\">\u00e0 partir du dimanche 19 octobre<\/strong>. Pour <strong data-start=\"725\" data-end=\"752\">contourner Raon-l\u2019\u00c9tape<\/strong>, les <strong data-start=\"758\" data-end=\"774\">poids lourds<\/strong> devront rester sur la <strong data-start=\"797\" data-end=\"806\">RN 59<\/strong> (Baccarat, Montigny).<\/p>\n<p data-start=\"859\" data-end=\"1023\" data-is-last-node=\"\" data-is-only-node=\"\"><a href=\"https:\/\/vosgesinfo.fr\/app\/uploads\/sites\/4\/2025\/10\/raon-letape-fete-foraine-saint-luc-2.jpg\"><img decoding=\"async\" class=\"alignnone size-large wp-image-83586\" src=\"https:\/\/vosgesinfo.fr\/app\/uploads\/sites\/4\/2025\/10\/raon-letape-fete-foraine-saint-luc-2-1024x1024.jpg\" alt=\"\" width=\"1024\" height=\"1024\" srcset=\"https:\/\/vosgesinfo.fr\/app\/uploads\/sites\/4\/2025\/10\/raon-letape-fete-foraine-saint-luc-2-1024x1024.jpg 1024w, https:\/\/vosgesinfo.fr\/app\/uploads\/sites\/4\/2025\/10\/raon-letape-fete-foraine-saint-luc-2-300x300.jpg 300w, https:\/\/vosgesinfo.fr\/app\/uploads\/sites\/4\/2025\/10\/raon-letape-fete-foraine-saint-luc-2-150x150.jpg 150w, https:\/\/vosgesinfo.fr\/app\/uploads\/sites\/4\/2025\/10\/raon-letape-fete-foraine-saint-luc-2-768x768.jpg 768w, https:\/\/vosgesinfo.fr\/app\/uploads\/sites\/4\/2025\/10\/raon-letape-fete-foraine-saint-luc-2.jpg 1080w\" sizes=\"(max-width: 1024px) 100vw, 1024px\" \/><\/a><\/p>\n","protected":false},"excerpt":{"rendered":"<p>Une fois de plus, la tradition est respect\u00e9e \u00e0 Raon-l\u2019\u00c9tape : man\u00e8ges, confiseries et baraques \u00e0 churros vont animer la [&hellip;]<\/p>\n","protected":false},"author":46,"featured_media":83587,"comment_status":"open","ping_status":"open","sticky":false,"template":"","format":"standard","meta":{"footnotes":""},"categories":[460,3903,20],"tags":[2089,9113,2654],"class_list":["post-83584","post","type-post","status-publish","format-standard","has-post-thumbnail","hentry","category-a-la-une","category-deodatie","category-loisirs","tag-fete-foraine","tag-fete-foraine-de-la-saint-luc","tag-raon-letape"],"acf":[],"yoast_head":"<!-- This site is optimized with the Yoast SEO plugin v22.5 - https:\/\/yoast.com\/wordpress\/plugins\/seo\/ -->\n<title>Raon-l\u2019\u00c9tape \u2013 La f\u00eate foraine de la Saint-Luc va s\u2019installer ces prochains jours - Saint Die Info<\/title>\n<meta name=\"robots\" content=\"index, follow, max-snippet:-1, max-image-preview:large, max-video-preview:-1\" \/>\n<link rel=\"canonical\" href=\"https:\/\/vosgesinfo.fr\/saintdieinfo\/2025\/10\/raon-letape-la-fete-foraine-de-la-saint-luc-va-sinstaller-ces-prochains-jours\/\" \/>\n<meta name=\"twitter:card\" content=\"summary_large_image\" \/>\n<meta name=\"twitter:title\" content=\"Raon-l\u2019\u00c9tape \u2013 La f\u00eate foraine de la Saint-Luc va s\u2019installer ces prochains jours - Saint Die Info\" \/>\n<meta name=\"twitter:description\" content=\"Une fois de plus, la tradition est respect\u00e9e \u00e0 Raon-l\u2019\u00c9tape : man\u00e8ges, confiseries et baraques \u00e0 churros vont animer la [&hellip;]\" \/>\n<meta name=\"twitter:image\" content=\"https:\/\/vosgesinfo.fr\/app\/uploads\/sites\/4\/2025\/10\/raon-letape-fete-foraine-saint-luc-1-1.jpg\" \/>\n<meta name=\"twitter:creator\" content=\"@VosgesInfo88\" \/>\n<meta name=\"twitter:site\" content=\"@VosgesInfo88\" \/>\n<meta name=\"twitter:label1\" content=\"\u00c9crit par\" \/>\n\t<meta name=\"twitter:data1\" content=\"J.J.\" \/>\n\t<meta name=\"twitter:label2\" content=\"Dur\u00e9e de lecture estim\u00e9e\" \/>\n\t<meta name=\"twitter:data2\" content=\"1 minute\" \/>\n<script type=\"application\/ld+json\" class=\"yoast-schema-graph\">{\"@context\":\"https:\/\/schema.org\",\"@graph\":[{\"@type\":\"Article\",\"@id\":\"https:\/\/vosgesinfo.fr\/saintdieinfo\/2025\/10\/raon-letape-la-fete-foraine-de-la-saint-luc-va-sinstaller-ces-prochains-jours\/#article\",\"isPartOf\":{\"@id\":\"https:\/\/vosgesinfo.fr\/saintdieinfo\/2025\/10\/raon-letape-la-fete-foraine-de-la-saint-luc-va-sinstaller-ces-prochains-jours\/\"},\"author\":{\"name\":\"J.J.\",\"@id\":\"https:\/\/vosgesinfo.fr\/saintdieinfo\/#\/schema\/person\/fa73e9f726d67bb88f46d5b7943cb572\"},\"headline\":\"Raon-l\u2019\u00c9tape \u2013 La f\u00eate foraine de la Saint-Luc va s\u2019installer ces prochains jours\",\"datePublished\":\"2025-10-17T09:15:29+00:00\",\"dateModified\":\"2025-10-17T09:10:00+00:00\",\"mainEntityOfPage\":{\"@id\":\"https:\/\/vosgesinfo.fr\/saintdieinfo\/2025\/10\/raon-letape-la-fete-foraine-de-la-saint-luc-va-sinstaller-ces-prochains-jours\/\"},\"wordCount\":165,\"commentCount\":0,\"publisher\":{\"@id\":\"https:\/\/vosgesinfo.fr\/saintdieinfo\/#organization\"},\"image\":{\"@id\":\"https:\/\/vosgesinfo.fr\/saintdieinfo\/2025\/10\/raon-letape-la-fete-foraine-de-la-saint-luc-va-sinstaller-ces-prochains-jours\/#primaryimage\"},\"thumbnailUrl\":\"https:\/\/vosgesinfo.fr\/app\/uploads\/sites\/4\/2025\/10\/raon-letape-fete-foraine-saint-luc-1-1.jpg\",\"keywords\":[\"f\u00eate foraine\",\"F\u00eate foraine de la Saint-Luc\",\"Raon-l\u2019Etape\"],\"articleSection\":[\"A la Une\",\"D\u00e9odatie\",\"Loisirs\"],\"inLanguage\":\"fr-FR\",\"potentialAction\":[{\"@type\":\"CommentAction\",\"name\":\"Comment\",\"target\":[\"https:\/\/vosgesinfo.fr\/saintdieinfo\/2025\/10\/raon-letape-la-fete-foraine-de-la-saint-luc-va-sinstaller-ces-prochains-jours\/#respond\"]}]},{\"@type\":\"WebPage\",\"@id\":\"https:\/\/vosgesinfo.fr\/saintdieinfo\/2025\/10\/raon-letape-la-fete-foraine-de-la-saint-luc-va-sinstaller-ces-prochains-jours\/\",\"url\":\"https:\/\/vosgesinfo.fr\/saintdieinfo\/2025\/10\/raon-letape-la-fete-foraine-de-la-saint-luc-va-sinstaller-ces-prochains-jours\/\",\"name\":\"Raon-l\u2019\u00c9tape \u2013 La f\u00eate foraine de la Saint-Luc va s\u2019installer ces prochains jours - Saint Die Info\",\"isPartOf\":{\"@id\":\"https:\/\/vosgesinfo.fr\/saintdieinfo\/#website\"},\"primaryImageOfPage\":{\"@id\":\"https:\/\/vosgesinfo.fr\/saintdieinfo\/2025\/10\/raon-letape-la-fete-foraine-de-la-saint-luc-va-sinstaller-ces-prochains-jours\/#primaryimage\"},\"image\":{\"@id\":\"https:\/\/vosgesinfo.fr\/saintdieinfo\/2025\/10\/raon-letape-la-fete-foraine-de-la-saint-luc-va-sinstaller-ces-prochains-jours\/#primaryimage\"},\"thumbnailUrl\":\"https:\/\/vosgesinfo.fr\/app\/uploads\/sites\/4\/2025\/10\/raon-letape-fete-foraine-saint-luc-1-1.jpg\",\"datePublished\":\"2025-10-17T09:15:29+00:00\",\"dateModified\":\"2025-10-17T09:10:00+00:00\",\"breadcrumb\":{\"@id\":\"https:\/\/vosgesinfo.fr\/saintdieinfo\/2025\/10\/raon-letape-la-fete-foraine-de-la-saint-luc-va-sinstaller-ces-prochains-jours\/#breadcrumb\"},\"inLanguage\":\"fr-FR\",\"potentialAction\":[{\"@type\":\"ReadAction\",\"target\":[\"https:\/\/vosgesinfo.fr\/saintdieinfo\/2025\/10\/raon-letape-la-fete-foraine-de-la-saint-luc-va-sinstaller-ces-prochains-jours\/\"]}]},{\"@type\":\"ImageObject\",\"inLanguage\":\"fr-FR\",\"@id\":\"https:\/\/vosgesinfo.fr\/saintdieinfo\/2025\/10\/raon-letape-la-fete-foraine-de-la-saint-luc-va-sinstaller-ces-prochains-jours\/#primaryimage\",\"url\":\"https:\/\/vosgesinfo.fr\/app\/uploads\/sites\/4\/2025\/10\/raon-letape-fete-foraine-saint-luc-1-1.jpg\",\"contentUrl\":\"https:\/\/vosgesinfo.fr\/app\/uploads\/sites\/4\/2025\/10\/raon-letape-fete-foraine-saint-luc-1-1.jpg\",\"width\":948,\"height\":919},{\"@type\":\"BreadcrumbList\",\"@id\":\"https:\/\/vosgesinfo.fr\/saintdieinfo\/2025\/10\/raon-letape-la-fete-foraine-de-la-saint-luc-va-sinstaller-ces-prochains-jours\/#breadcrumb\",\"itemListElement\":[{\"@type\":\"ListItem\",\"position\":1,\"name\":\"Home\",\"item\":\"https:\/\/vosgesinfo.fr\/saintdieinfo\/\"},{\"@type\":\"ListItem\",\"position\":2,\"name\":\"Raon-l\u2019\u00c9tape \u2013 La f\u00eate foraine de la Saint-Luc va s\u2019installer ces prochains jours\"}]},{\"@type\":\"WebSite\",\"@id\":\"https:\/\/vosgesinfo.fr\/saintdieinfo\/#website\",\"url\":\"https:\/\/vosgesinfo.fr\/saintdieinfo\/\",\"name\":\"Saint Die Info\",\"description\":\"Toute l&#039;actualit\u00e9 de Saint-Di\u00e9-Des-Vosges\",\"publisher\":{\"@id\":\"https:\/\/vosgesinfo.fr\/saintdieinfo\/#organization\"},\"alternateName\":\"Toute l'actualit\u00e9 de Saint-Di\u00e9-Des-Vosges\",\"potentialAction\":[{\"@type\":\"SearchAction\",\"target\":{\"@type\":\"EntryPoint\",\"urlTemplate\":\"https:\/\/vosgesinfo.fr\/saintdieinfo\/?s={search_term_string}\"},\"query-input\":\"required name=search_term_string\"}],\"inLanguage\":\"fr-FR\"},{\"@type\":\"Organization\",\"@id\":\"https:\/\/vosgesinfo.fr\/saintdieinfo\/#organization\",\"name\":\"Saint Die Info\",\"url\":\"https:\/\/vosgesinfo.fr\/saintdieinfo\/\",\"logo\":{\"@type\":\"ImageObject\",\"inLanguage\":\"fr-FR\",\"@id\":\"https:\/\/vosgesinfo.fr\/saintdieinfo\/#\/schema\/logo\/image\/\",\"url\":\"https:\/\/vosgesinfo.fr\/app\/uploads\/sites\/4\/2024\/02\/logo-sdi.jpg\",\"contentUrl\":\"https:\/\/vosgesinfo.fr\/app\/uploads\/sites\/4\/2024\/02\/logo-sdi.jpg\",\"width\":600,\"height\":600,\"caption\":\"Saint Die Info\"},\"image\":{\"@id\":\"https:\/\/vosgesinfo.fr\/saintdieinfo\/#\/schema\/logo\/image\/\"},\"sameAs\":[\"https:\/\/www.facebook.com\/Saintdieinfofr\",\"https:\/\/x.com\/VosgesInfo88\",\"https:\/\/www.youtube.com\/@vosgesinfo\"]},{\"@type\":\"Person\",\"@id\":\"https:\/\/vosgesinfo.fr\/saintdieinfo\/#\/schema\/person\/fa73e9f726d67bb88f46d5b7943cb572\",\"name\":\"J.J.\",\"image\":{\"@type\":\"ImageObject\",\"inLanguage\":\"fr-FR\",\"@id\":\"https:\/\/vosgesinfo.fr\/saintdieinfo\/#\/schema\/person\/image\/\",\"url\":\"https:\/\/secure.gravatar.com\/avatar\/219e749e47ffbcca018a360ae4add7d4cdf1cdaaf8bc7676b27efade3fe65615?s=96&d=mm&r=g\",\"contentUrl\":\"https:\/\/secure.gravatar.com\/avatar\/219e749e47ffbcca018a360ae4add7d4cdf1cdaaf8bc7676b27efade3fe65615?s=96&d=mm&r=g\",\"caption\":\"J.J.\"},\"url\":\"https:\/\/vosgesinfo.fr\/saintdieinfo\/author\/j-j\/\"}]}<\/script>\n<!-- \/ Yoast SEO plugin. -->","yoast_head_json":{"title":"Raon-l\u2019\u00c9tape \u2013 La f\u00eate foraine de la Saint-Luc va s\u2019installer ces prochains jours - Saint Die Info","robots":{"index":"index","follow":"follow","max-snippet":"max-snippet:-1","max-image-preview":"max-image-preview:large","max-video-preview":"max-video-preview:-1"},"canonical":"https:\/\/vosgesinfo.fr\/saintdieinfo\/2025\/10\/raon-letape-la-fete-foraine-de-la-saint-luc-va-sinstaller-ces-prochains-jours\/","twitter_card":"summary_large_image","twitter_title":"Raon-l\u2019\u00c9tape \u2013 La f\u00eate foraine de la Saint-Luc va s\u2019installer ces prochains jours - Saint Die Info","twitter_description":"Une fois de plus, la tradition est respect\u00e9e \u00e0 Raon-l\u2019\u00c9tape : man\u00e8ges, confiseries et baraques \u00e0 churros vont animer la [&hellip;]","twitter_image":"https:\/\/vosgesinfo.fr\/app\/uploads\/sites\/4\/2025\/10\/raon-letape-fete-foraine-saint-luc-1-1.jpg","twitter_creator":"@VosgesInfo88","twitter_site":"@VosgesInfo88","twitter_misc":{"\u00c9crit par":"J.J.","Dur\u00e9e de lecture estim\u00e9e":"1 minute"},"schema":{"@context":"https:\/\/schema.org","@graph":[{"@type":"Article","@id":"https:\/\/vosgesinfo.fr\/saintdieinfo\/2025\/10\/raon-letape-la-fete-foraine-de-la-saint-luc-va-sinstaller-ces-prochains-jours\/#article","isPartOf":{"@id":"https:\/\/vosgesinfo.fr\/saintdieinfo\/2025\/10\/raon-letape-la-fete-foraine-de-la-saint-luc-va-sinstaller-ces-prochains-jours\/"},"author":{"name":"J.J.","@id":"https:\/\/vosgesinfo.fr\/saintdieinfo\/#\/schema\/person\/fa73e9f726d67bb88f46d5b7943cb572"},"headline":"Raon-l\u2019\u00c9tape \u2013 La f\u00eate foraine de la Saint-Luc va s\u2019installer ces prochains jours","datePublished":"2025-10-17T09:15:29+00:00","dateModified":"2025-10-17T09:10:00+00:00","mainEntityOfPage":{"@id":"https:\/\/vosgesinfo.fr\/saintdieinfo\/2025\/10\/raon-letape-la-fete-foraine-de-la-saint-luc-va-sinstaller-ces-prochains-jours\/"},"wordCount":165,"commentCount":0,"publisher":{"@id":"https:\/\/vosgesinfo.fr\/saintdieinfo\/#organization"},"image":{"@id":"https:\/\/vosgesinfo.fr\/saintdieinfo\/2025\/10\/raon-letape-la-fete-foraine-de-la-saint-luc-va-sinstaller-ces-prochains-jours\/#primaryimage"},"thumbnailUrl":"https:\/\/vosgesinfo.fr\/app\/uploads\/sites\/4\/2025\/10\/raon-letape-fete-foraine-saint-luc-1-1.jpg","keywords":["f\u00eate foraine","F\u00eate foraine de la Saint-Luc","Raon-l\u2019Etape"],"articleSection":["A la Une","D\u00e9odatie","Loisirs"],"inLanguage":"fr-FR","potentialAction":[{"@type":"CommentAction","name":"Comment","target":["https:\/\/vosgesinfo.fr\/saintdieinfo\/2025\/10\/raon-letape-la-fete-foraine-de-la-saint-luc-va-sinstaller-ces-prochains-jours\/#respond"]}]},{"@type":"WebPage","@id":"https:\/\/vosgesinfo.fr\/saintdieinfo\/2025\/10\/raon-letape-la-fete-foraine-de-la-saint-luc-va-sinstaller-ces-prochains-jours\/","url":"https:\/\/vosgesinfo.fr\/saintdieinfo\/2025\/10\/raon-letape-la-fete-foraine-de-la-saint-luc-va-sinstaller-ces-prochains-jours\/","name":"Raon-l\u2019\u00c9tape \u2013 La f\u00eate foraine de la Saint-Luc va s\u2019installer ces prochains jours - Saint Die Info","isPartOf":{"@id":"https:\/\/vosgesinfo.fr\/saintdieinfo\/#website"},"primaryImageOfPage":{"@id":"https:\/\/vosgesinfo.fr\/saintdieinfo\/2025\/10\/raon-letape-la-fete-foraine-de-la-saint-luc-va-sinstaller-ces-prochains-jours\/#primaryimage"},"image":{"@id":"https:\/\/vosgesinfo.fr\/saintdieinfo\/2025\/10\/raon-letape-la-fete-foraine-de-la-saint-luc-va-sinstaller-ces-prochains-jours\/#primaryimage"},"thumbnailUrl":"https:\/\/vosgesinfo.fr\/app\/uploads\/sites\/4\/2025\/10\/raon-letape-fete-foraine-saint-luc-1-1.jpg","datePublished":"2025-10-17T09:15:29+00:00","dateModified":"2025-10-17T09:10:00+00:00","breadcrumb":{"@id":"https:\/\/vosgesinfo.fr\/saintdieinfo\/2025\/10\/raon-letape-la-fete-foraine-de-la-saint-luc-va-sinstaller-ces-prochains-jours\/#breadcrumb"},"inLanguage":"fr-FR","potentialAction":[{"@type":"ReadAction","target":["https:\/\/vosgesinfo.fr\/saintdieinfo\/2025\/10\/raon-letape-la-fete-foraine-de-la-saint-luc-va-sinstaller-ces-prochains-jours\/"]}]},{"@type":"ImageObject","inLanguage":"fr-FR","@id":"https:\/\/vosgesinfo.fr\/saintdieinfo\/2025\/10\/raon-letape-la-fete-foraine-de-la-saint-luc-va-sinstaller-ces-prochains-jours\/#primaryimage","url":"https:\/\/vosgesinfo.fr\/app\/uploads\/sites\/4\/2025\/10\/raon-letape-fete-foraine-saint-luc-1-1.jpg","contentUrl":"https:\/\/vosgesinfo.fr\/app\/uploads\/sites\/4\/2025\/10\/raon-letape-fete-foraine-saint-luc-1-1.jpg","width":948,"height":919},{"@type":"BreadcrumbList","@id":"https:\/\/vosgesinfo.fr\/saintdieinfo\/2025\/10\/raon-letape-la-fete-foraine-de-la-saint-luc-va-sinstaller-ces-prochains-jours\/#breadcrumb","itemListElement":[{"@type":"ListItem","position":1,"name":"Home","item":"https:\/\/vosgesinfo.fr\/saintdieinfo\/"},{"@type":"ListItem","position":2,"name":"Raon-l\u2019\u00c9tape \u2013 La f\u00eate foraine de la Saint-Luc va s\u2019installer ces prochains jours"}]},{"@type":"WebSite","@id":"https:\/\/vosgesinfo.fr\/saintdieinfo\/#website","url":"https:\/\/vosgesinfo.fr\/saintdieinfo\/","name":"Saint Die Info","description":"Toute l&#039;actualit\u00e9 de Saint-Di\u00e9-Des-Vosges","publisher":{"@id":"https:\/\/vosgesinfo.fr\/saintdieinfo\/#organization"},"alternateName":"Toute l'actualit\u00e9 de Saint-Di\u00e9-Des-Vosges","potentialAction":[{"@type":"SearchAction","target":{"@type":"EntryPoint","urlTemplate":"https:\/\/vosgesinfo.fr\/saintdieinfo\/?s={search_term_string}"},"query-input":"required name=search_term_string"}],"inLanguage":"fr-FR"},{"@type":"Organization","@id":"https:\/\/vosgesinfo.fr\/saintdieinfo\/#organization","name":"Saint Die Info","url":"https:\/\/vosgesinfo.fr\/saintdieinfo\/","logo":{"@type":"ImageObject","inLanguage":"fr-FR","@id":"https:\/\/vosgesinfo.fr\/saintdieinfo\/#\/schema\/logo\/image\/","url":"https:\/\/vosgesinfo.fr\/app\/uploads\/sites\/4\/2024\/02\/logo-sdi.jpg","contentUrl":"https:\/\/vosgesinfo.fr\/app\/uploads\/sites\/4\/2024\/02\/logo-sdi.jpg","width":600,"height":600,"caption":"Saint Die Info"},"image":{"@id":"https:\/\/vosgesinfo.fr\/saintdieinfo\/#\/schema\/logo\/image\/"},"sameAs":["https:\/\/www.facebook.com\/Saintdieinfofr","https:\/\/x.com\/VosgesInfo88","https:\/\/www.youtube.com\/@vosgesinfo"]},{"@type":"Person","@id":"https:\/\/vosgesinfo.fr\/saintdieinfo\/#\/schema\/person\/fa73e9f726d67bb88f46d5b7943cb572","name":"J.J.","image":{"@type":"ImageObject","inLanguage":"fr-FR","@id":"https:\/\/vosgesinfo.fr\/saintdieinfo\/#\/schema\/person\/image\/","url":"https:\/\/secure.gravatar.com\/avatar\/219e749e47ffbcca018a360ae4add7d4cdf1cdaaf8bc7676b27efade3fe65615?s=96&d=mm&r=g","contentUrl":"https:\/\/secure.gravatar.com\/avatar\/219e749e47ffbcca018a360ae4add7d4cdf1cdaaf8bc7676b27efade3fe65615?s=96&d=mm&r=g","caption":"J.J."},"url":"https:\/\/vosgesinfo.fr\/saintdieinfo\/author\/j-j\/"}]}},"_links":{"self":[{"href":"https:\/\/vosgesinfo.fr\/saintdieinfo\/wp-json\/wp\/v2\/posts\/83584","targetHints":{"allow":["GET"]}}],"collection":[{"href":"https:\/\/vosgesinfo.fr\/saintdieinfo\/wp-json\/wp\/v2\/posts"}],"about":[{"href":"https:\/\/vosgesinfo.fr\/saintdieinfo\/wp-json\/wp\/v2\/types\/post"}],"author":[{"embeddable":true,"href":"https:\/\/vosgesinfo.fr\/saintdieinfo\/wp-json\/wp\/v2\/users\/46"}],"replies":[{"embeddable":true,"href":"https:\/\/vosgesinfo.fr\/saintdieinfo\/wp-json\/wp\/v2\/comments?post=83584"}],"version-history":[{"count":1,"href":"https:\/\/vosgesinfo.fr\/saintdieinfo\/wp-json\/wp\/v2\/posts\/83584\/revisions"}],"predecessor-version":[{"id":83588,"href":"https:\/\/vosgesinfo.fr\/saintdieinfo\/wp-json\/wp\/v2\/posts\/83584\/revisions\/83588"}],"wp:featuredmedia":[{"embeddable":true,"href":"https:\/\/vosgesinfo.fr\/saintdieinfo\/wp-json\/wp\/v2\/media\/83587"}],"wp:attachment":[{"href":"https:\/\/vosgesinfo.fr\/saintdieinfo\/wp-json\/wp\/v2\/media?parent=83584"}],"wp:term":[{"taxonomy":"category","embeddable":true,"href":"https:\/\/vosgesinfo.fr\/saintdieinfo\/wp-json\/wp\/v2\/categories?post=83584"},{"taxonomy":"post_tag","embeddable":true,"href":"https:\/\/vosgesinfo.fr\/saintdieinfo\/wp-json\/wp\/v2\/tags?post=83584"}],"curies":[{"name":"wp","href":"https:\/\/api.w.org\/{rel}","templated":true}]}}