{"id":83620,"date":"2025-10-18T09:45:23","date_gmt":"2025-10-18T07:45:23","guid":{"rendered":"https:\/\/vosgesinfo.fr\/saintdieinfo\/?p=83620"},"modified":"2025-10-18T09:40:08","modified_gmt":"2025-10-18T07:40:08","slug":"46-nouveaux-diplomes-a-linsic-de-saint-die-des-vosges","status":"publish","type":"post","link":"https:\/\/vosgesinfo.fr\/saintdieinfo\/2025\/10\/46-nouveaux-diplomes-a-linsic-de-saint-die-des-vosges\/","title":{"rendered":"46 nouveaux dipl\u00f4m\u00e9s \u00e0 l&rsquo;InSIC de Saint-Di\u00e9-des-Vosges"},"content":{"rendered":"<div id=\"attachment_83625\" style=\"width: 1034px\" class=\"wp-caption alignnone\"><a href=\"https:\/\/vosgesinfo.fr\/app\/uploads\/sites\/4\/2025\/10\/remise-diplomes-insic-promotions-2025-5.jpg\"><img decoding=\"async\" aria-describedby=\"caption-attachment-83625\" class=\"size-large wp-image-83625\" src=\"https:\/\/vosgesinfo.fr\/app\/uploads\/sites\/4\/2025\/10\/remise-diplomes-insic-promotions-2025-5-1024x683.jpg\" alt=\"\" width=\"1024\" height=\"683\" srcset=\"https:\/\/vosgesinfo.fr\/app\/uploads\/sites\/4\/2025\/10\/remise-diplomes-insic-promotions-2025-5-1024x683.jpg 1024w, https:\/\/vosgesinfo.fr\/app\/uploads\/sites\/4\/2025\/10\/remise-diplomes-insic-promotions-2025-5-300x200.jpg 300w, https:\/\/vosgesinfo.fr\/app\/uploads\/sites\/4\/2025\/10\/remise-diplomes-insic-promotions-2025-5-768x512.jpg 768w, https:\/\/vosgesinfo.fr\/app\/uploads\/sites\/4\/2025\/10\/remise-diplomes-insic-promotions-2025-5.jpg 1536w\" sizes=\"(max-width: 1024px) 100vw, 1024px\" \/><\/a><p id=\"caption-attachment-83625\" class=\"wp-caption-text\">(Photographies Marc Fourniquet)<\/p><\/div>\n<h2>L\u2019\u00e9cole d\u2019ing\u00e9nieur de Saint-Di\u00e9-des-Vosges, rattach\u00e9e \u00e0 l\u2019Universit\u00e9 de Lorraine, <strong>le <\/strong><strong>Groupement d\u2019Int\u00e9r\u00eat Public Institut Sup\u00e9rieur d\u2019Ing\u00e9nierie de la Conception \u2013 GIP-InSIC \u2013<\/strong> organisait ce vendredi, en fin de journ\u00e9e, sa traditionnelle <strong>c\u00e9r\u00e9monie de remise de dipl\u00f4mes<\/strong><strong> \u00e0 l\u2019<\/strong><strong>Espace Georges-Sadoul<\/strong><strong>.<\/strong><\/h2>\n<h3><!--more--><strong>46 \u00e9tudiants dipl\u00f4m\u00e9s<\/strong><\/h3>\n<p>Pour la <strong>promotion 2025<\/strong>, <strong>33 \u00e9tudiant(e)s<\/strong> ont obtenu leur <strong>dipl\u00f4me d\u2019ing\u00e9nieur de l\u2019\u00c9cole des Mines de Nancy<\/strong>, avec une sp\u00e9cialit\u00e9 en <strong>G\u00e9nie M\u00e9canique<\/strong> et un parcours en <strong>Ing\u00e9nierie de la Conception<\/strong>.<\/p>\n<p>Parall\u00e8lement, <strong>12 \u00e9tudiant(e)s<\/strong> ont \u00e9t\u00e9 dipl\u00f4m\u00e9s du <strong>Master Design \u2013 parcours Conception Produit<\/strong>, et un <strong>\u00e9tudiant a obtenu le titre de docteur<\/strong> apr\u00e8s la soutenance de sa <strong>th\u00e8se au printemps dernier<\/strong>.<\/p>\n<h3 class=\"western\"><strong>Alex Grojean, parrain de la promotion 2025<\/strong><\/h3>\n<p>Apr\u00e8s <strong>Nathalie Vaxelaire<\/strong>, PDG de la soci\u00e9t\u00e9 Trane et pr\u00e9sidente de l\u2019UIMM Lorraine, l\u2019ann\u00e9e derni\u00e8re, c\u2019est <strong>Alex Grojean<\/strong>, PDG de G-Equpipement, qui est le <strong>parrain des promotions 2025<\/strong> de l\u2019<strong>InSIC<\/strong>.<\/p>\n<h3 class=\"western\"><strong>Une soir\u00e9e de gala pour cl\u00f4turer la c\u00e9r\u00e9monie<\/strong><\/h3>\n<p>La <strong>remise de dipl\u00f4mes<\/strong> s\u2019est conclue par un <strong>moment de convivialit\u00e9<\/strong> \u00e0 l\u2019<strong>Espace Fran\u00e7ois-Mitterrand<\/strong>, o\u00f9 se d\u00e9roulait, comme chaque ann\u00e9e, le <strong>cocktail<\/strong> suivi du <strong>d\u00eener-gala \u201cNuit de l\u2019Ing\u00e9nieur\u201d<\/strong>.<\/p>\n\n\t\t<style type=\"text\/css\">\n\t\t\t#gallery-1 {\n\t\t\t\tmargin: auto;\n\t\t\t}\n\t\t\t#gallery-1 .gallery-item {\n\t\t\t\tfloat: left;\n\t\t\t\tmargin-top: 10px;\n\t\t\t\ttext-align: center;\n\t\t\t\twidth: 50%;\n\t\t\t}\n\t\t\t#gallery-1 img {\n\t\t\t\tborder: 2px solid #cfcfcf;\n\t\t\t}\n\t\t\t#gallery-1 .gallery-caption {\n\t\t\t\tmargin-left: 0;\n\t\t\t}\n\t\t\t\/* see gallery_shortcode() in wp-includes\/media.php *\/\n\t\t<\/style>\n\t\t<div id='gallery-1' class='gallery galleryid-83620 gallery-columns-2 gallery-size-thumbnail'><dl class='gallery-item'>\n\t\t\t<dt class='gallery-icon landscape'>\n\t\t\t\t<a href='https:\/\/vosgesinfo.fr\/app\/uploads\/sites\/4\/2025\/10\/remise-diplomes-insic-promotions-2025-2.jpg'><img decoding=\"async\" width=\"150\" height=\"150\" src=\"https:\/\/vosgesinfo.fr\/app\/uploads\/sites\/4\/2025\/10\/remise-diplomes-insic-promotions-2025-2-150x150.jpg\" class=\"attachment-thumbnail size-thumbnail\" alt=\"\" \/><\/a>\n\t\t\t<\/dt><\/dl><dl class='gallery-item'>\n\t\t\t<dt class='gallery-icon landscape'>\n\t\t\t\t<a href='https:\/\/vosgesinfo.fr\/app\/uploads\/sites\/4\/2025\/10\/remise-diplomes-insic-promotions-2025-3.jpg'><img decoding=\"async\" width=\"150\" height=\"150\" src=\"https:\/\/vosgesinfo.fr\/app\/uploads\/sites\/4\/2025\/10\/remise-diplomes-insic-promotions-2025-3-150x150.jpg\" class=\"attachment-thumbnail size-thumbnail\" alt=\"\" \/><\/a>\n\t\t\t<\/dt><\/dl><br style=\"clear: both\" \/><dl class='gallery-item'>\n\t\t\t<dt class='gallery-icon landscape'>\n\t\t\t\t<a href='https:\/\/vosgesinfo.fr\/app\/uploads\/sites\/4\/2025\/10\/remise-diplomes-insic-promotions-2025-4.jpg'><img decoding=\"async\" width=\"150\" height=\"150\" src=\"https:\/\/vosgesinfo.fr\/app\/uploads\/sites\/4\/2025\/10\/remise-diplomes-insic-promotions-2025-4-150x150.jpg\" class=\"attachment-thumbnail size-thumbnail\" alt=\"\" \/><\/a>\n\t\t\t<\/dt><\/dl><dl class='gallery-item'>\n\t\t\t<dt class='gallery-icon landscape'>\n\t\t\t\t<a href='https:\/\/vosgesinfo.fr\/app\/uploads\/sites\/4\/2025\/10\/remise-diplomes-insic-promotions-2025-1.jpg'><img decoding=\"async\" width=\"150\" height=\"150\" src=\"https:\/\/vosgesinfo.fr\/app\/uploads\/sites\/4\/2025\/10\/remise-diplomes-insic-promotions-2025-1-150x150.jpg\" class=\"attachment-thumbnail size-thumbnail\" alt=\"\" \/><\/a>\n\t\t\t<\/dt><\/dl><br style=\"clear: both\" \/>\n\t\t<\/div>\n\n<h3 class=\"western\"><strong>Les dipl\u00f4m\u00e9s de la promotion 2025 de l\u2019InSIC<\/strong><\/h3>\n<h4 class=\"western\">Etudiants ayant obtenu le titre d\u2019Ing\u00e9nieur des Mines Nancy, sp\u00e9cialit\u00e9 G\u00e9nie M\u00e9canique \u2013 parcours Ing\u00e9nierie de la Conception (Universit\u00e9 de Lorraine en partenariat avec l\u2019ITII Lorraine) :<\/h4>\n<ul>\n<li>Guillaume AIGUIER<\/li>\n<li>Th\u00e9o BAUDOUIN<\/li>\n<li>Sahna BELBAGRA<\/li>\n<li>Enzo BOYER<\/li>\n<li>Thomas BRUNSTEIN<\/li>\n<li>Maxime CHEVAL-BOSSOUTROT<\/li>\n<li>Enzo COEURET<\/li>\n<li>Thomas CROUCHE<\/li>\n<li>Quentin DEFER<\/li>\n<li>Tom DEFRESNE<\/li>\n<li>Adrien DIEU<\/li>\n<li>Amadou Sadio DIALLO<\/li>\n<li>Tessa EYRAUD<\/li>\n<li>Louis GALLEZOT<\/li>\n<li>Quentin GRANDSIRE<\/li>\n<li>Cyprien GUTLEBEN<\/li>\n<li>Jules HOUDOUX<\/li>\n<li>Corentin LE DEVEHAT<\/li>\n<li>Benjamin LEF\u00c8VRE<\/li>\n<li>Math\u00e9o LELU<\/li>\n<li>Rodolphe LEVAYER<\/li>\n<li>Tobias LIENHART<\/li>\n<li>Yunwei LIU<\/li>\n<li>Louis MALARDIER<\/li>\n<li>Guilhem MOGET<\/li>\n<li>Axel PFIRSCH<\/li>\n<li>Paul ROUGELIN<\/li>\n<li>Johannes Bart SEWALT<\/li>\n<li>Matthieu STEICHEN<\/li>\n<li>Elouane THEILLER<\/li>\n<li>Dumitru VATAMANIUC<\/li>\n<li>Benoit VERCIER<\/li>\n<li>M\u00e9lusine YANES<\/li>\n<\/ul>\n<h4 class=\"western\">Etudiants ayant obtenu le Master Design \u2013 parcours Conception Produit (Universit\u00e9 de Lorraine) :<\/h4>\n<ul>\n<li>Farouk BELGACEM<\/li>\n<li>Antoine BELMUDES<\/li>\n<li>Nesrine Aya BENYOUCEF<\/li>\n<li>Mohammed BOUSSERHANE<\/li>\n<li>Fouad BOUZAHR<\/li>\n<li>Tim COGET<\/li>\n<li>Zakaria EL HAIMER<\/li>\n<li>Anas MARDI<\/li>\n<li>Mathilde NOWAK<\/li>\n<li>L\u00e9on RESTOU<\/li>\n<li>Anas SOUDDI<\/li>\n<li>Lilou SEGAULT<\/li>\n<\/ul>\n<h4 class=\"western\">Th\u00e8ses de doctorat de l\u2019Universit\u00e9 de Lorraine au sein de l\u2019\u00e9quipe ERMeP du GIP-InSIC :<\/h4>\n<ul>\n<li>Seyed Saieid BIRIAIE, Docteur de l\u2019Universit\u00e9 de Lorraine, \u00c9cole Doctorale CM2P. Th\u00e8se soutenue le 16 avril 2025 au GIP-InSIC.<\/li>\n<\/ul>\n","protected":false},"excerpt":{"rendered":"<p>L\u2019\u00e9cole d\u2019ing\u00e9nieur de Saint-Di\u00e9-des-Vosges, rattach\u00e9e \u00e0 l\u2019Universit\u00e9 de Lorraine, le Groupement d\u2019Int\u00e9r\u00eat Public Institut Sup\u00e9rieur d\u2019Ing\u00e9nierie de la Conception \u2013 [&hellip;]<\/p>\n","protected":false},"author":46,"featured_media":83625,"comment_status":"open","ping_status":"open","sticky":false,"template":"","format":"standard","meta":{"footnotes":""},"categories":[460,6,167],"tags":[18475,3559,6244,18476],"class_list":["post-83620","post","type-post","status-publish","format-standard","has-post-thumbnail","hentry","category-a-la-une","category-education","category-saint-die-des-vosges","tag-ceremonie-de-remise-de-diplomes-de-linsic","tag-espace-georges-sadoul","tag-insic","tag-promotions-2025-de-linsic"],"acf":[],"yoast_head":"<!-- This site is optimized with the Yoast SEO plugin v22.5 - https:\/\/yoast.com\/wordpress\/plugins\/seo\/ -->\n<title>46 nouveaux dipl\u00f4m\u00e9s \u00e0 l&#039;InSIC de Saint-Di\u00e9-des-Vosges - Saint Die Info<\/title>\n<meta name=\"robots\" content=\"index, follow, max-snippet:-1, max-image-preview:large, max-video-preview:-1\" \/>\n<link rel=\"canonical\" href=\"https:\/\/vosgesinfo.fr\/saintdieinfo\/2025\/10\/46-nouveaux-diplomes-a-linsic-de-saint-die-des-vosges\/\" \/>\n<meta name=\"twitter:card\" content=\"summary_large_image\" \/>\n<meta name=\"twitter:title\" content=\"46 nouveaux dipl\u00f4m\u00e9s \u00e0 l&#039;InSIC de Saint-Di\u00e9-des-Vosges - Saint Die Info\" \/>\n<meta name=\"twitter:description\" content=\"L\u2019\u00e9cole d\u2019ing\u00e9nieur de Saint-Di\u00e9-des-Vosges, rattach\u00e9e \u00e0 l\u2019Universit\u00e9 de Lorraine, le Groupement d\u2019Int\u00e9r\u00eat Public Institut Sup\u00e9rieur d\u2019Ing\u00e9nierie de la Conception \u2013 [&hellip;]\" \/>\n<meta name=\"twitter:image\" content=\"https:\/\/vosgesinfo.fr\/app\/uploads\/sites\/4\/2025\/10\/remise-diplomes-insic-promotions-2025-5.jpg\" \/>\n<meta name=\"twitter:creator\" content=\"@VosgesInfo88\" \/>\n<meta name=\"twitter:site\" content=\"@VosgesInfo88\" \/>\n<meta name=\"twitter:label1\" content=\"\u00c9crit par\" \/>\n\t<meta name=\"twitter:data1\" content=\"J.J.\" \/>\n\t<meta name=\"twitter:label2\" content=\"Dur\u00e9e de lecture estim\u00e9e\" \/>\n\t<meta name=\"twitter:data2\" content=\"3 minutes\" \/>\n<script type=\"application\/ld+json\" class=\"yoast-schema-graph\">{\"@context\":\"https:\/\/schema.org\",\"@graph\":[{\"@type\":\"Article\",\"@id\":\"https:\/\/vosgesinfo.fr\/saintdieinfo\/2025\/10\/46-nouveaux-diplomes-a-linsic-de-saint-die-des-vosges\/#article\",\"isPartOf\":{\"@id\":\"https:\/\/vosgesinfo.fr\/saintdieinfo\/2025\/10\/46-nouveaux-diplomes-a-linsic-de-saint-die-des-vosges\/\"},\"author\":{\"name\":\"J.J.\",\"@id\":\"https:\/\/vosgesinfo.fr\/saintdieinfo\/#\/schema\/person\/fa73e9f726d67bb88f46d5b7943cb572\"},\"headline\":\"46 nouveaux dipl\u00f4m\u00e9s \u00e0 l&rsquo;InSIC de Saint-Di\u00e9-des-Vosges\",\"datePublished\":\"2025-10-18T07:45:23+00:00\",\"dateModified\":\"2025-10-18T07:40:08+00:00\",\"mainEntityOfPage\":{\"@id\":\"https:\/\/vosgesinfo.fr\/saintdieinfo\/2025\/10\/46-nouveaux-diplomes-a-linsic-de-saint-die-des-vosges\/\"},\"wordCount\":438,\"commentCount\":0,\"publisher\":{\"@id\":\"https:\/\/vosgesinfo.fr\/saintdieinfo\/#organization\"},\"image\":{\"@id\":\"https:\/\/vosgesinfo.fr\/saintdieinfo\/2025\/10\/46-nouveaux-diplomes-a-linsic-de-saint-die-des-vosges\/#primaryimage\"},\"thumbnailUrl\":\"https:\/\/vosgesinfo.fr\/app\/uploads\/sites\/4\/2025\/10\/remise-diplomes-insic-promotions-2025-5.jpg\",\"keywords\":[\"C\u00e9r\u00e9monie de remise de dipl\u00f4mes de l'InSIC\",\"Espace Georges-Sadoul\",\"InSIC\",\"Promotions 2025 de l'InSIC\"],\"articleSection\":[\"A la Une\",\"\u00c9ducation\",\"Saint-Di\u00e9-des-Vosges\"],\"inLanguage\":\"fr-FR\",\"potentialAction\":[{\"@type\":\"CommentAction\",\"name\":\"Comment\",\"target\":[\"https:\/\/vosgesinfo.fr\/saintdieinfo\/2025\/10\/46-nouveaux-diplomes-a-linsic-de-saint-die-des-vosges\/#respond\"]}]},{\"@type\":\"WebPage\",\"@id\":\"https:\/\/vosgesinfo.fr\/saintdieinfo\/2025\/10\/46-nouveaux-diplomes-a-linsic-de-saint-die-des-vosges\/\",\"url\":\"https:\/\/vosgesinfo.fr\/saintdieinfo\/2025\/10\/46-nouveaux-diplomes-a-linsic-de-saint-die-des-vosges\/\",\"name\":\"46 nouveaux dipl\u00f4m\u00e9s \u00e0 l'InSIC de Saint-Di\u00e9-des-Vosges - Saint Die Info\",\"isPartOf\":{\"@id\":\"https:\/\/vosgesinfo.fr\/saintdieinfo\/#website\"},\"primaryImageOfPage\":{\"@id\":\"https:\/\/vosgesinfo.fr\/saintdieinfo\/2025\/10\/46-nouveaux-diplomes-a-linsic-de-saint-die-des-vosges\/#primaryimage\"},\"image\":{\"@id\":\"https:\/\/vosgesinfo.fr\/saintdieinfo\/2025\/10\/46-nouveaux-diplomes-a-linsic-de-saint-die-des-vosges\/#primaryimage\"},\"thumbnailUrl\":\"https:\/\/vosgesinfo.fr\/app\/uploads\/sites\/4\/2025\/10\/remise-diplomes-insic-promotions-2025-5.jpg\",\"datePublished\":\"2025-10-18T07:45:23+00:00\",\"dateModified\":\"2025-10-18T07:40:08+00:00\",\"breadcrumb\":{\"@id\":\"https:\/\/vosgesinfo.fr\/saintdieinfo\/2025\/10\/46-nouveaux-diplomes-a-linsic-de-saint-die-des-vosges\/#breadcrumb\"},\"inLanguage\":\"fr-FR\",\"potentialAction\":[{\"@type\":\"ReadAction\",\"target\":[\"https:\/\/vosgesinfo.fr\/saintdieinfo\/2025\/10\/46-nouveaux-diplomes-a-linsic-de-saint-die-des-vosges\/\"]}]},{\"@type\":\"ImageObject\",\"inLanguage\":\"fr-FR\",\"@id\":\"https:\/\/vosgesinfo.fr\/saintdieinfo\/2025\/10\/46-nouveaux-diplomes-a-linsic-de-saint-die-des-vosges\/#primaryimage\",\"url\":\"https:\/\/vosgesinfo.fr\/app\/uploads\/sites\/4\/2025\/10\/remise-diplomes-insic-promotions-2025-5.jpg\",\"contentUrl\":\"https:\/\/vosgesinfo.fr\/app\/uploads\/sites\/4\/2025\/10\/remise-diplomes-insic-promotions-2025-5.jpg\",\"width\":1536,\"height\":1024,\"caption\":\"(Photographies Marc Fourniquet)\"},{\"@type\":\"BreadcrumbList\",\"@id\":\"https:\/\/vosgesinfo.fr\/saintdieinfo\/2025\/10\/46-nouveaux-diplomes-a-linsic-de-saint-die-des-vosges\/#breadcrumb\",\"itemListElement\":[{\"@type\":\"ListItem\",\"position\":1,\"name\":\"Home\",\"item\":\"https:\/\/vosgesinfo.fr\/saintdieinfo\/\"},{\"@type\":\"ListItem\",\"position\":2,\"name\":\"46 nouveaux dipl\u00f4m\u00e9s \u00e0 l&rsquo;InSIC de Saint-Di\u00e9-des-Vosges\"}]},{\"@type\":\"WebSite\",\"@id\":\"https:\/\/vosgesinfo.fr\/saintdieinfo\/#website\",\"url\":\"https:\/\/vosgesinfo.fr\/saintdieinfo\/\",\"name\":\"Saint Die Info\",\"description\":\"Toute l&#039;actualit\u00e9 de Saint-Di\u00e9-Des-Vosges\",\"publisher\":{\"@id\":\"https:\/\/vosgesinfo.fr\/saintdieinfo\/#organization\"},\"alternateName\":\"Toute l'actualit\u00e9 de Saint-Di\u00e9-Des-Vosges\",\"potentialAction\":[{\"@type\":\"SearchAction\",\"target\":{\"@type\":\"EntryPoint\",\"urlTemplate\":\"https:\/\/vosgesinfo.fr\/saintdieinfo\/?s={search_term_string}\"},\"query-input\":\"required name=search_term_string\"}],\"inLanguage\":\"fr-FR\"},{\"@type\":\"Organization\",\"@id\":\"https:\/\/vosgesinfo.fr\/saintdieinfo\/#organization\",\"name\":\"Saint Die Info\",\"url\":\"https:\/\/vosgesinfo.fr\/saintdieinfo\/\",\"logo\":{\"@type\":\"ImageObject\",\"inLanguage\":\"fr-FR\",\"@id\":\"https:\/\/vosgesinfo.fr\/saintdieinfo\/#\/schema\/logo\/image\/\",\"url\":\"https:\/\/vosgesinfo.fr\/app\/uploads\/sites\/4\/2024\/02\/logo-sdi.jpg\",\"contentUrl\":\"https:\/\/vosgesinfo.fr\/app\/uploads\/sites\/4\/2024\/02\/logo-sdi.jpg\",\"width\":600,\"height\":600,\"caption\":\"Saint Die Info\"},\"image\":{\"@id\":\"https:\/\/vosgesinfo.fr\/saintdieinfo\/#\/schema\/logo\/image\/\"},\"sameAs\":[\"https:\/\/www.facebook.com\/Saintdieinfofr\",\"https:\/\/x.com\/VosgesInfo88\",\"https:\/\/www.youtube.com\/@vosgesinfo\"]},{\"@type\":\"Person\",\"@id\":\"https:\/\/vosgesinfo.fr\/saintdieinfo\/#\/schema\/person\/fa73e9f726d67bb88f46d5b7943cb572\",\"name\":\"J.J.\",\"image\":{\"@type\":\"ImageObject\",\"inLanguage\":\"fr-FR\",\"@id\":\"https:\/\/vosgesinfo.fr\/saintdieinfo\/#\/schema\/person\/image\/\",\"url\":\"https:\/\/secure.gravatar.com\/avatar\/219e749e47ffbcca018a360ae4add7d4cdf1cdaaf8bc7676b27efade3fe65615?s=96&d=mm&r=g\",\"contentUrl\":\"https:\/\/secure.gravatar.com\/avatar\/219e749e47ffbcca018a360ae4add7d4cdf1cdaaf8bc7676b27efade3fe65615?s=96&d=mm&r=g\",\"caption\":\"J.J.\"},\"url\":\"https:\/\/vosgesinfo.fr\/saintdieinfo\/author\/j-j\/\"}]}<\/script>\n<!-- \/ Yoast SEO plugin. -->","yoast_head_json":{"title":"46 nouveaux dipl\u00f4m\u00e9s \u00e0 l'InSIC de Saint-Di\u00e9-des-Vosges - Saint Die Info","robots":{"index":"index","follow":"follow","max-snippet":"max-snippet:-1","max-image-preview":"max-image-preview:large","max-video-preview":"max-video-preview:-1"},"canonical":"https:\/\/vosgesinfo.fr\/saintdieinfo\/2025\/10\/46-nouveaux-diplomes-a-linsic-de-saint-die-des-vosges\/","twitter_card":"summary_large_image","twitter_title":"46 nouveaux dipl\u00f4m\u00e9s \u00e0 l'InSIC de Saint-Di\u00e9-des-Vosges - Saint Die Info","twitter_description":"L\u2019\u00e9cole d\u2019ing\u00e9nieur de Saint-Di\u00e9-des-Vosges, rattach\u00e9e \u00e0 l\u2019Universit\u00e9 de Lorraine, le Groupement d\u2019Int\u00e9r\u00eat Public Institut Sup\u00e9rieur d\u2019Ing\u00e9nierie de la Conception \u2013 [&hellip;]","twitter_image":"https:\/\/vosgesinfo.fr\/app\/uploads\/sites\/4\/2025\/10\/remise-diplomes-insic-promotions-2025-5.jpg","twitter_creator":"@VosgesInfo88","twitter_site":"@VosgesInfo88","twitter_misc":{"\u00c9crit par":"J.J.","Dur\u00e9e de lecture estim\u00e9e":"3 minutes"},"schema":{"@context":"https:\/\/schema.org","@graph":[{"@type":"Article","@id":"https:\/\/vosgesinfo.fr\/saintdieinfo\/2025\/10\/46-nouveaux-diplomes-a-linsic-de-saint-die-des-vosges\/#article","isPartOf":{"@id":"https:\/\/vosgesinfo.fr\/saintdieinfo\/2025\/10\/46-nouveaux-diplomes-a-linsic-de-saint-die-des-vosges\/"},"author":{"name":"J.J.","@id":"https:\/\/vosgesinfo.fr\/saintdieinfo\/#\/schema\/person\/fa73e9f726d67bb88f46d5b7943cb572"},"headline":"46 nouveaux dipl\u00f4m\u00e9s \u00e0 l&rsquo;InSIC de Saint-Di\u00e9-des-Vosges","datePublished":"2025-10-18T07:45:23+00:00","dateModified":"2025-10-18T07:40:08+00:00","mainEntityOfPage":{"@id":"https:\/\/vosgesinfo.fr\/saintdieinfo\/2025\/10\/46-nouveaux-diplomes-a-linsic-de-saint-die-des-vosges\/"},"wordCount":438,"commentCount":0,"publisher":{"@id":"https:\/\/vosgesinfo.fr\/saintdieinfo\/#organization"},"image":{"@id":"https:\/\/vosgesinfo.fr\/saintdieinfo\/2025\/10\/46-nouveaux-diplomes-a-linsic-de-saint-die-des-vosges\/#primaryimage"},"thumbnailUrl":"https:\/\/vosgesinfo.fr\/app\/uploads\/sites\/4\/2025\/10\/remise-diplomes-insic-promotions-2025-5.jpg","keywords":["C\u00e9r\u00e9monie de remise de dipl\u00f4mes de l'InSIC","Espace Georges-Sadoul","InSIC","Promotions 2025 de l'InSIC"],"articleSection":["A la Une","\u00c9ducation","Saint-Di\u00e9-des-Vosges"],"inLanguage":"fr-FR","potentialAction":[{"@type":"CommentAction","name":"Comment","target":["https:\/\/vosgesinfo.fr\/saintdieinfo\/2025\/10\/46-nouveaux-diplomes-a-linsic-de-saint-die-des-vosges\/#respond"]}]},{"@type":"WebPage","@id":"https:\/\/vosgesinfo.fr\/saintdieinfo\/2025\/10\/46-nouveaux-diplomes-a-linsic-de-saint-die-des-vosges\/","url":"https:\/\/vosgesinfo.fr\/saintdieinfo\/2025\/10\/46-nouveaux-diplomes-a-linsic-de-saint-die-des-vosges\/","name":"46 nouveaux dipl\u00f4m\u00e9s \u00e0 l'InSIC de Saint-Di\u00e9-des-Vosges - Saint Die Info","isPartOf":{"@id":"https:\/\/vosgesinfo.fr\/saintdieinfo\/#website"},"primaryImageOfPage":{"@id":"https:\/\/vosgesinfo.fr\/saintdieinfo\/2025\/10\/46-nouveaux-diplomes-a-linsic-de-saint-die-des-vosges\/#primaryimage"},"image":{"@id":"https:\/\/vosgesinfo.fr\/saintdieinfo\/2025\/10\/46-nouveaux-diplomes-a-linsic-de-saint-die-des-vosges\/#primaryimage"},"thumbnailUrl":"https:\/\/vosgesinfo.fr\/app\/uploads\/sites\/4\/2025\/10\/remise-diplomes-insic-promotions-2025-5.jpg","datePublished":"2025-10-18T07:45:23+00:00","dateModified":"2025-10-18T07:40:08+00:00","breadcrumb":{"@id":"https:\/\/vosgesinfo.fr\/saintdieinfo\/2025\/10\/46-nouveaux-diplomes-a-linsic-de-saint-die-des-vosges\/#breadcrumb"},"inLanguage":"fr-FR","potentialAction":[{"@type":"ReadAction","target":["https:\/\/vosgesinfo.fr\/saintdieinfo\/2025\/10\/46-nouveaux-diplomes-a-linsic-de-saint-die-des-vosges\/"]}]},{"@type":"ImageObject","inLanguage":"fr-FR","@id":"https:\/\/vosgesinfo.fr\/saintdieinfo\/2025\/10\/46-nouveaux-diplomes-a-linsic-de-saint-die-des-vosges\/#primaryimage","url":"https:\/\/vosgesinfo.fr\/app\/uploads\/sites\/4\/2025\/10\/remise-diplomes-insic-promotions-2025-5.jpg","contentUrl":"https:\/\/vosgesinfo.fr\/app\/uploads\/sites\/4\/2025\/10\/remise-diplomes-insic-promotions-2025-5.jpg","width":1536,"height":1024,"caption":"(Photographies Marc Fourniquet)"},{"@type":"BreadcrumbList","@id":"https:\/\/vosgesinfo.fr\/saintdieinfo\/2025\/10\/46-nouveaux-diplomes-a-linsic-de-saint-die-des-vosges\/#breadcrumb","itemListElement":[{"@type":"ListItem","position":1,"name":"Home","item":"https:\/\/vosgesinfo.fr\/saintdieinfo\/"},{"@type":"ListItem","position":2,"name":"46 nouveaux dipl\u00f4m\u00e9s \u00e0 l&rsquo;InSIC de Saint-Di\u00e9-des-Vosges"}]},{"@type":"WebSite","@id":"https:\/\/vosgesinfo.fr\/saintdieinfo\/#website","url":"https:\/\/vosgesinfo.fr\/saintdieinfo\/","name":"Saint Die Info","description":"Toute l&#039;actualit\u00e9 de Saint-Di\u00e9-Des-Vosges","publisher":{"@id":"https:\/\/vosgesinfo.fr\/saintdieinfo\/#organization"},"alternateName":"Toute l'actualit\u00e9 de Saint-Di\u00e9-Des-Vosges","potentialAction":[{"@type":"SearchAction","target":{"@type":"EntryPoint","urlTemplate":"https:\/\/vosgesinfo.fr\/saintdieinfo\/?s={search_term_string}"},"query-input":"required name=search_term_string"}],"inLanguage":"fr-FR"},{"@type":"Organization","@id":"https:\/\/vosgesinfo.fr\/saintdieinfo\/#organization","name":"Saint Die Info","url":"https:\/\/vosgesinfo.fr\/saintdieinfo\/","logo":{"@type":"ImageObject","inLanguage":"fr-FR","@id":"https:\/\/vosgesinfo.fr\/saintdieinfo\/#\/schema\/logo\/image\/","url":"https:\/\/vosgesinfo.fr\/app\/uploads\/sites\/4\/2024\/02\/logo-sdi.jpg","contentUrl":"https:\/\/vosgesinfo.fr\/app\/uploads\/sites\/4\/2024\/02\/logo-sdi.jpg","width":600,"height":600,"caption":"Saint Die Info"},"image":{"@id":"https:\/\/vosgesinfo.fr\/saintdieinfo\/#\/schema\/logo\/image\/"},"sameAs":["https:\/\/www.facebook.com\/Saintdieinfofr","https:\/\/x.com\/VosgesInfo88","https:\/\/www.youtube.com\/@vosgesinfo"]},{"@type":"Person","@id":"https:\/\/vosgesinfo.fr\/saintdieinfo\/#\/schema\/person\/fa73e9f726d67bb88f46d5b7943cb572","name":"J.J.","image":{"@type":"ImageObject","inLanguage":"fr-FR","@id":"https:\/\/vosgesinfo.fr\/saintdieinfo\/#\/schema\/person\/image\/","url":"https:\/\/secure.gravatar.com\/avatar\/219e749e47ffbcca018a360ae4add7d4cdf1cdaaf8bc7676b27efade3fe65615?s=96&d=mm&r=g","contentUrl":"https:\/\/secure.gravatar.com\/avatar\/219e749e47ffbcca018a360ae4add7d4cdf1cdaaf8bc7676b27efade3fe65615?s=96&d=mm&r=g","caption":"J.J."},"url":"https:\/\/vosgesinfo.fr\/saintdieinfo\/author\/j-j\/"}]}},"_links":{"self":[{"href":"https:\/\/vosgesinfo.fr\/saintdieinfo\/wp-json\/wp\/v2\/posts\/83620","targetHints":{"allow":["GET"]}}],"collection":[{"href":"https:\/\/vosgesinfo.fr\/saintdieinfo\/wp-json\/wp\/v2\/posts"}],"about":[{"href":"https:\/\/vosgesinfo.fr\/saintdieinfo\/wp-json\/wp\/v2\/types\/post"}],"author":[{"embeddable":true,"href":"https:\/\/vosgesinfo.fr\/saintdieinfo\/wp-json\/wp\/v2\/users\/46"}],"replies":[{"embeddable":true,"href":"https:\/\/vosgesinfo.fr\/saintdieinfo\/wp-json\/wp\/v2\/comments?post=83620"}],"version-history":[{"count":5,"href":"https:\/\/vosgesinfo.fr\/saintdieinfo\/wp-json\/wp\/v2\/posts\/83620\/revisions"}],"predecessor-version":[{"id":83630,"href":"https:\/\/vosgesinfo.fr\/saintdieinfo\/wp-json\/wp\/v2\/posts\/83620\/revisions\/83630"}],"wp:featuredmedia":[{"embeddable":true,"href":"https:\/\/vosgesinfo.fr\/saintdieinfo\/wp-json\/wp\/v2\/media\/83625"}],"wp:attachment":[{"href":"https:\/\/vosgesinfo.fr\/saintdieinfo\/wp-json\/wp\/v2\/media?parent=83620"}],"wp:term":[{"taxonomy":"category","embeddable":true,"href":"https:\/\/vosgesinfo.fr\/saintdieinfo\/wp-json\/wp\/v2\/categories?post=83620"},{"taxonomy":"post_tag","embeddable":true,"href":"https:\/\/vosgesinfo.fr\/saintdieinfo\/wp-json\/wp\/v2\/tags?post=83620"}],"curies":[{"name":"wp","href":"https:\/\/api.w.org\/{rel}","templated":true}]}}