{"id":83641,"date":"2025-10-19T12:25:06","date_gmt":"2025-10-19T10:25:06","guid":{"rendered":"https:\/\/vosgesinfo.fr\/saintdieinfo\/?p=83641"},"modified":"2025-10-19T12:19:54","modified_gmt":"2025-10-19T10:19:54","slug":"deovoice-quelle-est-la-plus-belle-voix-de-la-saison-3","status":"publish","type":"post","link":"https:\/\/vosgesinfo.fr\/saintdieinfo\/2025\/10\/deovoice-quelle-est-la-plus-belle-voix-de-la-saison-3\/","title":{"rendered":"D\u00e9o\u2019Voice : quelle est la plus belle voix de la saison 3 ?"},"content":{"rendered":"<div id=\"attachment_83642\" style=\"width: 1034px\" class=\"wp-caption alignnone\"><a href=\"https:\/\/vosgesinfo.fr\/app\/uploads\/sites\/4\/2025\/10\/soiree-finale-3e-deovoice-6.jpg\"><img decoding=\"async\" aria-describedby=\"caption-attachment-83642\" class=\"size-large wp-image-83642\" src=\"https:\/\/vosgesinfo.fr\/app\/uploads\/sites\/4\/2025\/10\/soiree-finale-3e-deovoice-6-1024x729.jpg\" alt=\"\" width=\"1024\" height=\"729\" srcset=\"https:\/\/vosgesinfo.fr\/app\/uploads\/sites\/4\/2025\/10\/soiree-finale-3e-deovoice-6-1024x729.jpg 1024w, https:\/\/vosgesinfo.fr\/app\/uploads\/sites\/4\/2025\/10\/soiree-finale-3e-deovoice-6-300x214.jpg 300w, https:\/\/vosgesinfo.fr\/app\/uploads\/sites\/4\/2025\/10\/soiree-finale-3e-deovoice-6-768x547.jpg 768w, https:\/\/vosgesinfo.fr\/app\/uploads\/sites\/4\/2025\/10\/soiree-finale-3e-deovoice-6.jpg 1057w\" sizes=\"(max-width: 1024px) 100vw, 1024px\" \/><\/a><p id=\"caption-attachment-83642\" class=\"wp-caption-text\">Manon Susa remporte la troisi\u00e8me \u00e9dition de D\u00e9o&rsquo;Voice. Le choix du jury a \u00e9t\u00e9 difficile, car le talent \u00e9tait au rendez-vous parmi les 11 finalistes. (Capture d&rsquo;\u00e9cran FB de la radio RCM)<\/p><\/div>\n<h2>Qui est la plus belle voix de <strong>D\u00e9o&rsquo;Voice<\/strong>, apr\u00e8s <strong>Lo\u00efc Briand<\/strong> et <strong>Pauline Balland<\/strong>, les gagnants des deux premi\u00e8res \u00e9ditions ?\u00a0Le verdict est tomb\u00e9 ce <strong>samedi soir \u00e0 la salle Carbonnar<\/strong>, lors de la <strong>finale de la saison 3<\/strong> de ce <strong>concours de chant<\/strong> organis\u00e9, avec le <strong>soutien de la Ville<\/strong>, par le <strong>Comit\u00e9 des F\u00eates de Saint-Di\u00e9-des-Vosges<\/strong> et la <strong>radio associative RCM<\/strong>, qui s\u2019est charg\u00e9e cette ann\u00e9e de <strong>toute la partie casting<\/strong> du concours.<\/h2>\n<p><!--more--><\/p>\n<h3 class=\"western\"><strong>11 finalistes devant 120 convives<\/strong><\/h3>\n<p>Devant <strong>120 convives<\/strong>, dont le maire Bruno Toussaint, les <strong>11 finalistes<\/strong> qualifi\u00e9s \u00e0 l\u2019issue des <strong>2 phases de s\u00e9lection<\/strong> ont <strong>pouss\u00e9 la voix<\/strong> \u00e0 tour de r\u00f4le au fil du repas servi par les <strong>b\u00e9n\u00e9voles du Comit\u00e9 des F\u00eates<\/strong>.<\/p>\n<h3 class=\"western\"><strong>Manon Susa remporte D\u00e9o&rsquo;Voice#3<\/strong><\/h3>\n<p>En fin de soir\u00e9e, le <strong>choix du jury<\/strong> s\u2019est port\u00e9 sur <strong>Manon Susa<\/strong>, de <strong>Neufmaisons<\/strong> en Meurthe-et-Moselle, qui <strong>remporte ce troisi\u00e8me \u00e9pisode de D\u00e9o\u2019Voice<\/strong>. Et par la m\u00eame occasion <strong>un troph\u00e9e et un ch\u00e8que de 500 \u20ac offerts par RCM, un passage sur les ondes de la radio associative locale (97,6 FM).<\/strong> La jeune femme aura \u00e9galement l&rsquo;opportunit\u00e9 de se produire lors de la <b>premi\u00e8re partie de l&rsquo;un des concerts produits par<\/b><strong> Nemrod Productions, en mars 2026 au Casino de G\u00e9rardmer.<\/strong><\/p>\n<p><strong data-start=\"0\" data-end=\"18\" data-is-only-node=\"\">Nicolas Koelin<\/strong>, qui a termin\u00e9 <strong data-start=\"34\" data-end=\"57\">\u00e0 la deuxi\u00e8me place<\/strong> hier soir, aura cette m\u00eame opportunit\u00e9. Enfin, <strong data-start=\"95\" data-end=\"108\">tous deux<\/strong> sont d\u2019ores et d\u00e9j\u00e0 qualifi\u00e9s pour la <strong data-start=\"147\" data-end=\"181\">finale \u00ab On a tous du talent \u00bb<\/strong>, qui aura lieu <strong data-start=\"197\" data-end=\"229\">le 24 janvier \u00e0 Raon-l\u2019\u00c9tape<\/strong>.<\/p>\n<h3 class=\"western\"><strong>Vers un quatri\u00e8me \u00e9pisode\u00a0?<\/strong><\/h3>\n<p>Si la <strong>quatri\u00e8me saison de D\u00e9o\u2019Voice<\/strong> n\u2019est pas encore confirm\u00e9e \u00e0 l\u2019heure actuelle, le <strong>succ\u00e8s du repas<\/strong> et la <strong>qualit\u00e9 propos\u00e9e par les participants<\/strong>, d\u00e8s la premi\u00e8re phase de s\u00e9lection, ne laissent que <strong>peu de doute sur la suite des \u00e9v\u00e9nements<\/strong>. <strong>Affaire \u00e0 suivre !<\/strong><\/p>\n\n\t\t<style type=\"text\/css\">\n\t\t\t#gallery-1 {\n\t\t\t\tmargin: auto;\n\t\t\t}\n\t\t\t#gallery-1 .gallery-item {\n\t\t\t\tfloat: left;\n\t\t\t\tmargin-top: 10px;\n\t\t\t\ttext-align: center;\n\t\t\t\twidth: 33%;\n\t\t\t}\n\t\t\t#gallery-1 img {\n\t\t\t\tborder: 2px solid #cfcfcf;\n\t\t\t}\n\t\t\t#gallery-1 .gallery-caption {\n\t\t\t\tmargin-left: 0;\n\t\t\t}\n\t\t\t\/* see gallery_shortcode() in wp-includes\/media.php *\/\n\t\t<\/style>\n\t\t<div id='gallery-1' class='gallery galleryid-83641 gallery-columns-3 gallery-size-thumbnail'><dl class='gallery-item'>\n\t\t\t<dt class='gallery-icon landscape'>\n\t\t\t\t<a href='https:\/\/vosgesinfo.fr\/app\/uploads\/sites\/4\/2025\/10\/soiree-finale-3e-deovoice-3.jpg'><img decoding=\"async\" width=\"150\" height=\"150\" src=\"https:\/\/vosgesinfo.fr\/app\/uploads\/sites\/4\/2025\/10\/soiree-finale-3e-deovoice-3-150x150.jpg\" class=\"attachment-thumbnail size-thumbnail\" alt=\"\" aria-describedby=\"gallery-1-83645\" \/><\/a>\n\t\t\t<\/dt>\n\t\t\t\t<dd class='wp-caption-text gallery-caption' id='gallery-1-83645'>\n\t\t\t\t(Photographie Marc Fourniquet)\n\t\t\t\t<\/dd><\/dl><dl class='gallery-item'>\n\t\t\t<dt class='gallery-icon landscape'>\n\t\t\t\t<a href='https:\/\/vosgesinfo.fr\/app\/uploads\/sites\/4\/2025\/10\/soiree-finale-3e-deovoice-5.jpg'><img decoding=\"async\" width=\"150\" height=\"150\" src=\"https:\/\/vosgesinfo.fr\/app\/uploads\/sites\/4\/2025\/10\/soiree-finale-3e-deovoice-5-150x150.jpg\" class=\"attachment-thumbnail size-thumbnail\" alt=\"\" aria-describedby=\"gallery-1-83647\" \/><\/a>\n\t\t\t<\/dt>\n\t\t\t\t<dd class='wp-caption-text gallery-caption' id='gallery-1-83647'>\n\t\t\t\t(Photographie Marc Fourniquet)\n\t\t\t\t<\/dd><\/dl><dl class='gallery-item'>\n\t\t\t<dt class='gallery-icon landscape'>\n\t\t\t\t<a href='https:\/\/vosgesinfo.fr\/app\/uploads\/sites\/4\/2025\/10\/soiree-finale-3e-deovoice-1.jpg'><img decoding=\"async\" width=\"150\" height=\"150\" src=\"https:\/\/vosgesinfo.fr\/app\/uploads\/sites\/4\/2025\/10\/soiree-finale-3e-deovoice-1-150x150.jpg\" class=\"attachment-thumbnail size-thumbnail\" alt=\"\" aria-describedby=\"gallery-1-83643\" \/><\/a>\n\t\t\t<\/dt>\n\t\t\t\t<dd class='wp-caption-text gallery-caption' id='gallery-1-83643'>\n\t\t\t\t(Photographie Marc Fourniquet)\n\t\t\t\t<\/dd><\/dl><br style=\"clear: both\" \/><dl class='gallery-item'>\n\t\t\t<dt class='gallery-icon landscape'>\n\t\t\t\t<a href='https:\/\/vosgesinfo.fr\/app\/uploads\/sites\/4\/2025\/10\/soiree-finale-3e-deovoice-4.jpg'><img decoding=\"async\" width=\"150\" height=\"150\" src=\"https:\/\/vosgesinfo.fr\/app\/uploads\/sites\/4\/2025\/10\/soiree-finale-3e-deovoice-4-150x150.jpg\" class=\"attachment-thumbnail size-thumbnail\" alt=\"\" aria-describedby=\"gallery-1-83646\" \/><\/a>\n\t\t\t<\/dt>\n\t\t\t\t<dd class='wp-caption-text gallery-caption' id='gallery-1-83646'>\n\t\t\t\t(Photographie Marc Fourniquet)\n\t\t\t\t<\/dd><\/dl><dl class='gallery-item'>\n\t\t\t<dt class='gallery-icon portrait'>\n\t\t\t\t<a href='https:\/\/vosgesinfo.fr\/app\/uploads\/sites\/4\/2025\/10\/soiree-finale-3e-deovoice-2.jpg'><img decoding=\"async\" width=\"150\" height=\"150\" src=\"https:\/\/vosgesinfo.fr\/app\/uploads\/sites\/4\/2025\/10\/soiree-finale-3e-deovoice-2-150x150.jpg\" class=\"attachment-thumbnail size-thumbnail\" alt=\"\" aria-describedby=\"gallery-1-83644\" \/><\/a>\n\t\t\t<\/dt>\n\t\t\t\t<dd class='wp-caption-text gallery-caption' id='gallery-1-83644'>\n\t\t\t\t(Photographie Marc Fourniquet)\n\t\t\t\t<\/dd><\/dl>\n\t\t\t<br style='clear: both' \/>\n\t\t<\/div>\n\n<p>D\u00e9o\u2019Voice : quelle est la plus belle voix de la saison 3 ?<\/p>\n","protected":false},"excerpt":{"rendered":"<p>Qui est la plus belle voix de D\u00e9o&rsquo;Voice, apr\u00e8s Lo\u00efc Briand et Pauline Balland, les gagnants des deux premi\u00e8res \u00e9ditions [&hellip;]<\/p>\n","protected":false},"author":46,"featured_media":83642,"comment_status":"open","ping_status":"open","sticky":false,"template":"","format":"standard","meta":{"footnotes":""},"categories":[460,20,167,17],"tags":[3163,17943,18478,4782,3571],"class_list":["post-83641","post","type-post","status-publish","format-standard","has-post-thumbnail","hentry","category-a-la-une","category-loisirs","category-saint-die-des-vosges","category-vie-associative","tag-comite-des-fetes-de-saint-die-des-vosges","tag-deovoice3","tag-manon-susa","tag-radio-rcm","tag-salle-carbonnar"],"acf":[],"yoast_head":"<!-- This site is optimized with the Yoast SEO plugin v22.5 - https:\/\/yoast.com\/wordpress\/plugins\/seo\/ -->\n<title>D\u00e9o\u2019Voice : quelle est la plus belle voix de la saison 3 ? - Saint Die Info<\/title>\n<meta name=\"robots\" content=\"index, follow, max-snippet:-1, max-image-preview:large, max-video-preview:-1\" \/>\n<link rel=\"canonical\" href=\"https:\/\/vosgesinfo.fr\/saintdieinfo\/2025\/10\/deovoice-quelle-est-la-plus-belle-voix-de-la-saison-3\/\" \/>\n<meta name=\"twitter:card\" content=\"summary_large_image\" \/>\n<meta name=\"twitter:title\" content=\"D\u00e9o\u2019Voice : quelle est la plus belle voix de la saison 3 ? - Saint Die Info\" \/>\n<meta name=\"twitter:description\" content=\"Qui est la plus belle voix de D\u00e9o&rsquo;Voice, apr\u00e8s Lo\u00efc Briand et Pauline Balland, les gagnants des deux premi\u00e8res \u00e9ditions [&hellip;]\" \/>\n<meta name=\"twitter:image\" content=\"https:\/\/vosgesinfo.fr\/app\/uploads\/sites\/4\/2025\/10\/soiree-finale-3e-deovoice-6.jpg\" \/>\n<meta name=\"twitter:creator\" content=\"@VosgesInfo88\" \/>\n<meta name=\"twitter:site\" content=\"@VosgesInfo88\" \/>\n<meta name=\"twitter:label1\" content=\"\u00c9crit par\" \/>\n\t<meta name=\"twitter:data1\" content=\"J.J.\" \/>\n\t<meta name=\"twitter:label2\" content=\"Dur\u00e9e de lecture estim\u00e9e\" \/>\n\t<meta name=\"twitter:data2\" content=\"2 minutes\" \/>\n<script type=\"application\/ld+json\" class=\"yoast-schema-graph\">{\"@context\":\"https:\/\/schema.org\",\"@graph\":[{\"@type\":\"Article\",\"@id\":\"https:\/\/vosgesinfo.fr\/saintdieinfo\/2025\/10\/deovoice-quelle-est-la-plus-belle-voix-de-la-saison-3\/#article\",\"isPartOf\":{\"@id\":\"https:\/\/vosgesinfo.fr\/saintdieinfo\/2025\/10\/deovoice-quelle-est-la-plus-belle-voix-de-la-saison-3\/\"},\"author\":{\"name\":\"J.J.\",\"@id\":\"https:\/\/vosgesinfo.fr\/saintdieinfo\/#\/schema\/person\/fa73e9f726d67bb88f46d5b7943cb572\"},\"headline\":\"D\u00e9o\u2019Voice : quelle est la plus belle voix de la saison 3 ?\",\"datePublished\":\"2025-10-19T10:25:06+00:00\",\"dateModified\":\"2025-10-19T10:19:54+00:00\",\"mainEntityOfPage\":{\"@id\":\"https:\/\/vosgesinfo.fr\/saintdieinfo\/2025\/10\/deovoice-quelle-est-la-plus-belle-voix-de-la-saison-3\/\"},\"wordCount\":393,\"commentCount\":0,\"publisher\":{\"@id\":\"https:\/\/vosgesinfo.fr\/saintdieinfo\/#organization\"},\"image\":{\"@id\":\"https:\/\/vosgesinfo.fr\/saintdieinfo\/2025\/10\/deovoice-quelle-est-la-plus-belle-voix-de-la-saison-3\/#primaryimage\"},\"thumbnailUrl\":\"https:\/\/vosgesinfo.fr\/app\/uploads\/sites\/4\/2025\/10\/soiree-finale-3e-deovoice-6.jpg\",\"keywords\":[\"Comit\u00e9 des F\u00eates de Saint-Di\u00e9-des-Vosges\",\"D\u00e9o'Voice#3\",\"Manon Susa\",\"Radio RCM\",\"Salle Carbonnar\"],\"articleSection\":[\"A la Une\",\"Loisirs\",\"Saint-Di\u00e9-des-Vosges\",\"Vie Associative\"],\"inLanguage\":\"fr-FR\",\"potentialAction\":[{\"@type\":\"CommentAction\",\"name\":\"Comment\",\"target\":[\"https:\/\/vosgesinfo.fr\/saintdieinfo\/2025\/10\/deovoice-quelle-est-la-plus-belle-voix-de-la-saison-3\/#respond\"]}]},{\"@type\":\"WebPage\",\"@id\":\"https:\/\/vosgesinfo.fr\/saintdieinfo\/2025\/10\/deovoice-quelle-est-la-plus-belle-voix-de-la-saison-3\/\",\"url\":\"https:\/\/vosgesinfo.fr\/saintdieinfo\/2025\/10\/deovoice-quelle-est-la-plus-belle-voix-de-la-saison-3\/\",\"name\":\"D\u00e9o\u2019Voice : quelle est la plus belle voix de la saison 3 ? - Saint Die Info\",\"isPartOf\":{\"@id\":\"https:\/\/vosgesinfo.fr\/saintdieinfo\/#website\"},\"primaryImageOfPage\":{\"@id\":\"https:\/\/vosgesinfo.fr\/saintdieinfo\/2025\/10\/deovoice-quelle-est-la-plus-belle-voix-de-la-saison-3\/#primaryimage\"},\"image\":{\"@id\":\"https:\/\/vosgesinfo.fr\/saintdieinfo\/2025\/10\/deovoice-quelle-est-la-plus-belle-voix-de-la-saison-3\/#primaryimage\"},\"thumbnailUrl\":\"https:\/\/vosgesinfo.fr\/app\/uploads\/sites\/4\/2025\/10\/soiree-finale-3e-deovoice-6.jpg\",\"datePublished\":\"2025-10-19T10:25:06+00:00\",\"dateModified\":\"2025-10-19T10:19:54+00:00\",\"breadcrumb\":{\"@id\":\"https:\/\/vosgesinfo.fr\/saintdieinfo\/2025\/10\/deovoice-quelle-est-la-plus-belle-voix-de-la-saison-3\/#breadcrumb\"},\"inLanguage\":\"fr-FR\",\"potentialAction\":[{\"@type\":\"ReadAction\",\"target\":[\"https:\/\/vosgesinfo.fr\/saintdieinfo\/2025\/10\/deovoice-quelle-est-la-plus-belle-voix-de-la-saison-3\/\"]}]},{\"@type\":\"ImageObject\",\"inLanguage\":\"fr-FR\",\"@id\":\"https:\/\/vosgesinfo.fr\/saintdieinfo\/2025\/10\/deovoice-quelle-est-la-plus-belle-voix-de-la-saison-3\/#primaryimage\",\"url\":\"https:\/\/vosgesinfo.fr\/app\/uploads\/sites\/4\/2025\/10\/soiree-finale-3e-deovoice-6.jpg\",\"contentUrl\":\"https:\/\/vosgesinfo.fr\/app\/uploads\/sites\/4\/2025\/10\/soiree-finale-3e-deovoice-6.jpg\",\"width\":1057,\"height\":753,\"caption\":\"Manon Susa remporte la troisi\u00e8me \u00e9dition de D\u00e9o'Voice. Le choix du jury a \u00e9t\u00e9 difficile, car le talent \u00e9tait au rendez-vous parmi les 11 finalistes. (Capture d'\u00e9cran FB de la radio RCM)\"},{\"@type\":\"BreadcrumbList\",\"@id\":\"https:\/\/vosgesinfo.fr\/saintdieinfo\/2025\/10\/deovoice-quelle-est-la-plus-belle-voix-de-la-saison-3\/#breadcrumb\",\"itemListElement\":[{\"@type\":\"ListItem\",\"position\":1,\"name\":\"Home\",\"item\":\"https:\/\/vosgesinfo.fr\/saintdieinfo\/\"},{\"@type\":\"ListItem\",\"position\":2,\"name\":\"D\u00e9o\u2019Voice : quelle est la plus belle voix de la saison 3 ?\"}]},{\"@type\":\"WebSite\",\"@id\":\"https:\/\/vosgesinfo.fr\/saintdieinfo\/#website\",\"url\":\"https:\/\/vosgesinfo.fr\/saintdieinfo\/\",\"name\":\"Saint Die Info\",\"description\":\"Toute l&#039;actualit\u00e9 de Saint-Di\u00e9-Des-Vosges\",\"publisher\":{\"@id\":\"https:\/\/vosgesinfo.fr\/saintdieinfo\/#organization\"},\"alternateName\":\"Toute l'actualit\u00e9 de Saint-Di\u00e9-Des-Vosges\",\"potentialAction\":[{\"@type\":\"SearchAction\",\"target\":{\"@type\":\"EntryPoint\",\"urlTemplate\":\"https:\/\/vosgesinfo.fr\/saintdieinfo\/?s={search_term_string}\"},\"query-input\":\"required name=search_term_string\"}],\"inLanguage\":\"fr-FR\"},{\"@type\":\"Organization\",\"@id\":\"https:\/\/vosgesinfo.fr\/saintdieinfo\/#organization\",\"name\":\"Saint Die Info\",\"url\":\"https:\/\/vosgesinfo.fr\/saintdieinfo\/\",\"logo\":{\"@type\":\"ImageObject\",\"inLanguage\":\"fr-FR\",\"@id\":\"https:\/\/vosgesinfo.fr\/saintdieinfo\/#\/schema\/logo\/image\/\",\"url\":\"https:\/\/vosgesinfo.fr\/app\/uploads\/sites\/4\/2024\/02\/logo-sdi.jpg\",\"contentUrl\":\"https:\/\/vosgesinfo.fr\/app\/uploads\/sites\/4\/2024\/02\/logo-sdi.jpg\",\"width\":600,\"height\":600,\"caption\":\"Saint Die Info\"},\"image\":{\"@id\":\"https:\/\/vosgesinfo.fr\/saintdieinfo\/#\/schema\/logo\/image\/\"},\"sameAs\":[\"https:\/\/www.facebook.com\/Saintdieinfofr\",\"https:\/\/x.com\/VosgesInfo88\",\"https:\/\/www.youtube.com\/@vosgesinfo\"]},{\"@type\":\"Person\",\"@id\":\"https:\/\/vosgesinfo.fr\/saintdieinfo\/#\/schema\/person\/fa73e9f726d67bb88f46d5b7943cb572\",\"name\":\"J.J.\",\"image\":{\"@type\":\"ImageObject\",\"inLanguage\":\"fr-FR\",\"@id\":\"https:\/\/vosgesinfo.fr\/saintdieinfo\/#\/schema\/person\/image\/\",\"url\":\"https:\/\/secure.gravatar.com\/avatar\/219e749e47ffbcca018a360ae4add7d4cdf1cdaaf8bc7676b27efade3fe65615?s=96&d=mm&r=g\",\"contentUrl\":\"https:\/\/secure.gravatar.com\/avatar\/219e749e47ffbcca018a360ae4add7d4cdf1cdaaf8bc7676b27efade3fe65615?s=96&d=mm&r=g\",\"caption\":\"J.J.\"},\"url\":\"https:\/\/vosgesinfo.fr\/saintdieinfo\/author\/j-j\/\"}]}<\/script>\n<!-- \/ Yoast SEO plugin. -->","yoast_head_json":{"title":"D\u00e9o\u2019Voice : quelle est la plus belle voix de la saison 3 ? - Saint Die Info","robots":{"index":"index","follow":"follow","max-snippet":"max-snippet:-1","max-image-preview":"max-image-preview:large","max-video-preview":"max-video-preview:-1"},"canonical":"https:\/\/vosgesinfo.fr\/saintdieinfo\/2025\/10\/deovoice-quelle-est-la-plus-belle-voix-de-la-saison-3\/","twitter_card":"summary_large_image","twitter_title":"D\u00e9o\u2019Voice : quelle est la plus belle voix de la saison 3 ? - Saint Die Info","twitter_description":"Qui est la plus belle voix de D\u00e9o&rsquo;Voice, apr\u00e8s Lo\u00efc Briand et Pauline Balland, les gagnants des deux premi\u00e8res \u00e9ditions [&hellip;]","twitter_image":"https:\/\/vosgesinfo.fr\/app\/uploads\/sites\/4\/2025\/10\/soiree-finale-3e-deovoice-6.jpg","twitter_creator":"@VosgesInfo88","twitter_site":"@VosgesInfo88","twitter_misc":{"\u00c9crit par":"J.J.","Dur\u00e9e de lecture estim\u00e9e":"2 minutes"},"schema":{"@context":"https:\/\/schema.org","@graph":[{"@type":"Article","@id":"https:\/\/vosgesinfo.fr\/saintdieinfo\/2025\/10\/deovoice-quelle-est-la-plus-belle-voix-de-la-saison-3\/#article","isPartOf":{"@id":"https:\/\/vosgesinfo.fr\/saintdieinfo\/2025\/10\/deovoice-quelle-est-la-plus-belle-voix-de-la-saison-3\/"},"author":{"name":"J.J.","@id":"https:\/\/vosgesinfo.fr\/saintdieinfo\/#\/schema\/person\/fa73e9f726d67bb88f46d5b7943cb572"},"headline":"D\u00e9o\u2019Voice : quelle est la plus belle voix de la saison 3 ?","datePublished":"2025-10-19T10:25:06+00:00","dateModified":"2025-10-19T10:19:54+00:00","mainEntityOfPage":{"@id":"https:\/\/vosgesinfo.fr\/saintdieinfo\/2025\/10\/deovoice-quelle-est-la-plus-belle-voix-de-la-saison-3\/"},"wordCount":393,"commentCount":0,"publisher":{"@id":"https:\/\/vosgesinfo.fr\/saintdieinfo\/#organization"},"image":{"@id":"https:\/\/vosgesinfo.fr\/saintdieinfo\/2025\/10\/deovoice-quelle-est-la-plus-belle-voix-de-la-saison-3\/#primaryimage"},"thumbnailUrl":"https:\/\/vosgesinfo.fr\/app\/uploads\/sites\/4\/2025\/10\/soiree-finale-3e-deovoice-6.jpg","keywords":["Comit\u00e9 des F\u00eates de Saint-Di\u00e9-des-Vosges","D\u00e9o'Voice#3","Manon Susa","Radio RCM","Salle Carbonnar"],"articleSection":["A la Une","Loisirs","Saint-Di\u00e9-des-Vosges","Vie Associative"],"inLanguage":"fr-FR","potentialAction":[{"@type":"CommentAction","name":"Comment","target":["https:\/\/vosgesinfo.fr\/saintdieinfo\/2025\/10\/deovoice-quelle-est-la-plus-belle-voix-de-la-saison-3\/#respond"]}]},{"@type":"WebPage","@id":"https:\/\/vosgesinfo.fr\/saintdieinfo\/2025\/10\/deovoice-quelle-est-la-plus-belle-voix-de-la-saison-3\/","url":"https:\/\/vosgesinfo.fr\/saintdieinfo\/2025\/10\/deovoice-quelle-est-la-plus-belle-voix-de-la-saison-3\/","name":"D\u00e9o\u2019Voice : quelle est la plus belle voix de la saison 3 ? - Saint Die Info","isPartOf":{"@id":"https:\/\/vosgesinfo.fr\/saintdieinfo\/#website"},"primaryImageOfPage":{"@id":"https:\/\/vosgesinfo.fr\/saintdieinfo\/2025\/10\/deovoice-quelle-est-la-plus-belle-voix-de-la-saison-3\/#primaryimage"},"image":{"@id":"https:\/\/vosgesinfo.fr\/saintdieinfo\/2025\/10\/deovoice-quelle-est-la-plus-belle-voix-de-la-saison-3\/#primaryimage"},"thumbnailUrl":"https:\/\/vosgesinfo.fr\/app\/uploads\/sites\/4\/2025\/10\/soiree-finale-3e-deovoice-6.jpg","datePublished":"2025-10-19T10:25:06+00:00","dateModified":"2025-10-19T10:19:54+00:00","breadcrumb":{"@id":"https:\/\/vosgesinfo.fr\/saintdieinfo\/2025\/10\/deovoice-quelle-est-la-plus-belle-voix-de-la-saison-3\/#breadcrumb"},"inLanguage":"fr-FR","potentialAction":[{"@type":"ReadAction","target":["https:\/\/vosgesinfo.fr\/saintdieinfo\/2025\/10\/deovoice-quelle-est-la-plus-belle-voix-de-la-saison-3\/"]}]},{"@type":"ImageObject","inLanguage":"fr-FR","@id":"https:\/\/vosgesinfo.fr\/saintdieinfo\/2025\/10\/deovoice-quelle-est-la-plus-belle-voix-de-la-saison-3\/#primaryimage","url":"https:\/\/vosgesinfo.fr\/app\/uploads\/sites\/4\/2025\/10\/soiree-finale-3e-deovoice-6.jpg","contentUrl":"https:\/\/vosgesinfo.fr\/app\/uploads\/sites\/4\/2025\/10\/soiree-finale-3e-deovoice-6.jpg","width":1057,"height":753,"caption":"Manon Susa remporte la troisi\u00e8me \u00e9dition de D\u00e9o'Voice. Le choix du jury a \u00e9t\u00e9 difficile, car le talent \u00e9tait au rendez-vous parmi les 11 finalistes. (Capture d'\u00e9cran FB de la radio RCM)"},{"@type":"BreadcrumbList","@id":"https:\/\/vosgesinfo.fr\/saintdieinfo\/2025\/10\/deovoice-quelle-est-la-plus-belle-voix-de-la-saison-3\/#breadcrumb","itemListElement":[{"@type":"ListItem","position":1,"name":"Home","item":"https:\/\/vosgesinfo.fr\/saintdieinfo\/"},{"@type":"ListItem","position":2,"name":"D\u00e9o\u2019Voice : quelle est la plus belle voix de la saison 3 ?"}]},{"@type":"WebSite","@id":"https:\/\/vosgesinfo.fr\/saintdieinfo\/#website","url":"https:\/\/vosgesinfo.fr\/saintdieinfo\/","name":"Saint Die Info","description":"Toute l&#039;actualit\u00e9 de Saint-Di\u00e9-Des-Vosges","publisher":{"@id":"https:\/\/vosgesinfo.fr\/saintdieinfo\/#organization"},"alternateName":"Toute l'actualit\u00e9 de Saint-Di\u00e9-Des-Vosges","potentialAction":[{"@type":"SearchAction","target":{"@type":"EntryPoint","urlTemplate":"https:\/\/vosgesinfo.fr\/saintdieinfo\/?s={search_term_string}"},"query-input":"required name=search_term_string"}],"inLanguage":"fr-FR"},{"@type":"Organization","@id":"https:\/\/vosgesinfo.fr\/saintdieinfo\/#organization","name":"Saint Die Info","url":"https:\/\/vosgesinfo.fr\/saintdieinfo\/","logo":{"@type":"ImageObject","inLanguage":"fr-FR","@id":"https:\/\/vosgesinfo.fr\/saintdieinfo\/#\/schema\/logo\/image\/","url":"https:\/\/vosgesinfo.fr\/app\/uploads\/sites\/4\/2024\/02\/logo-sdi.jpg","contentUrl":"https:\/\/vosgesinfo.fr\/app\/uploads\/sites\/4\/2024\/02\/logo-sdi.jpg","width":600,"height":600,"caption":"Saint Die Info"},"image":{"@id":"https:\/\/vosgesinfo.fr\/saintdieinfo\/#\/schema\/logo\/image\/"},"sameAs":["https:\/\/www.facebook.com\/Saintdieinfofr","https:\/\/x.com\/VosgesInfo88","https:\/\/www.youtube.com\/@vosgesinfo"]},{"@type":"Person","@id":"https:\/\/vosgesinfo.fr\/saintdieinfo\/#\/schema\/person\/fa73e9f726d67bb88f46d5b7943cb572","name":"J.J.","image":{"@type":"ImageObject","inLanguage":"fr-FR","@id":"https:\/\/vosgesinfo.fr\/saintdieinfo\/#\/schema\/person\/image\/","url":"https:\/\/secure.gravatar.com\/avatar\/219e749e47ffbcca018a360ae4add7d4cdf1cdaaf8bc7676b27efade3fe65615?s=96&d=mm&r=g","contentUrl":"https:\/\/secure.gravatar.com\/avatar\/219e749e47ffbcca018a360ae4add7d4cdf1cdaaf8bc7676b27efade3fe65615?s=96&d=mm&r=g","caption":"J.J."},"url":"https:\/\/vosgesinfo.fr\/saintdieinfo\/author\/j-j\/"}]}},"_links":{"self":[{"href":"https:\/\/vosgesinfo.fr\/saintdieinfo\/wp-json\/wp\/v2\/posts\/83641","targetHints":{"allow":["GET"]}}],"collection":[{"href":"https:\/\/vosgesinfo.fr\/saintdieinfo\/wp-json\/wp\/v2\/posts"}],"about":[{"href":"https:\/\/vosgesinfo.fr\/saintdieinfo\/wp-json\/wp\/v2\/types\/post"}],"author":[{"embeddable":true,"href":"https:\/\/vosgesinfo.fr\/saintdieinfo\/wp-json\/wp\/v2\/users\/46"}],"replies":[{"embeddable":true,"href":"https:\/\/vosgesinfo.fr\/saintdieinfo\/wp-json\/wp\/v2\/comments?post=83641"}],"version-history":[{"count":1,"href":"https:\/\/vosgesinfo.fr\/saintdieinfo\/wp-json\/wp\/v2\/posts\/83641\/revisions"}],"predecessor-version":[{"id":83648,"href":"https:\/\/vosgesinfo.fr\/saintdieinfo\/wp-json\/wp\/v2\/posts\/83641\/revisions\/83648"}],"wp:featuredmedia":[{"embeddable":true,"href":"https:\/\/vosgesinfo.fr\/saintdieinfo\/wp-json\/wp\/v2\/media\/83642"}],"wp:attachment":[{"href":"https:\/\/vosgesinfo.fr\/saintdieinfo\/wp-json\/wp\/v2\/media?parent=83641"}],"wp:term":[{"taxonomy":"category","embeddable":true,"href":"https:\/\/vosgesinfo.fr\/saintdieinfo\/wp-json\/wp\/v2\/categories?post=83641"},{"taxonomy":"post_tag","embeddable":true,"href":"https:\/\/vosgesinfo.fr\/saintdieinfo\/wp-json\/wp\/v2\/tags?post=83641"}],"curies":[{"name":"wp","href":"https:\/\/api.w.org\/{rel}","templated":true}]}}